{"id":128429,"date":"2021-11-26T21:36:44","date_gmt":"2021-11-27T04:36:44","guid":{"rendered":"https:\/\/www.sonoraenequipo.com.mx\/?p=128429"},"modified":"2021-11-27T15:36:47","modified_gmt":"2021-11-27T22:36:47","slug":"canada-y-eeuu-cierran-fronteras-a-viajeros-procedentes-del-sur-de-africa-por-variante-de-covid","status":"publish","type":"post","link":"https:\/\/www.sonoraenequipo.com.mx\/canada-y-eeuu-cierran-fronteras-a-viajeros-procedentes-del-sur-de-africa-por-variante-de-covid\/","title":{"rendered":"Canad\u00e1 y EEUU cierran fronteras a viajeros procedentes del sur de \u00c1frica por variante de covid"},"content":{"rendered":"<p>CIUDAD DE M\u00c9XICO. MX. \u2014 Canad\u00e1 y Estados Unidos anunciaron hoy, 26 de noviembre de 2021, el cierre de fronteras a viajeros provenientes de pa\u00edses del sur de \u00c1frica debido a la nueva variante de covid detectada en Sud\u00e1frica y que fue bautizada por la Organizaci\u00f3n Mundial de la Salud (OMS) como \u00d3micron.<\/p>\n<p>&nbsp;<\/p>\n<p> <\/p>\n<p>&nbsp;<\/p>\n<p>&nbsp;<\/p>\n<p>Canad\u00e1 anunci\u00f3 este viernes que prohibir\u00e1 la entrada en el pa\u00eds de todas aquellos extranjeros que en los \u00faltimos 14 d\u00edas hayan viajado por siete pa\u00edses del sur de \u00c1frica.<\/p>\n<p>&nbsp;<\/p>\n<p>La medida fue anunciada hoy durante una rueda de prensa por el ministro de Sanidad canadiense, Jean-Yves Duclos, quien tambi\u00e9n dijo que todos los canadienses que hayan viajado por el sur de \u00c1frica necesitar\u00e1n una prueba negativa antes poder embarcar con destino a Canad\u00e1.<\/p>\n<p>&nbsp;<\/p>\n<p>Una vez en Canad\u00e1, los viajeros canadienses tendr\u00e1n que permanecer en un hotel de aislamiento y someterse a una nueva prueba para detectar el virus. Una vez reciban un resultado negativo, los viajeros tendr\u00e1n que aislarse en sus domicilios durante 10 d\u00edas.<\/p>\n<p>&nbsp;<\/p>\n<p>Adem\u00e1s, los viajeros que ya est\u00e1n en Canad\u00e1 pero que viajaron por el sur de \u00c1frica en las \u00faltimas semanas se deber\u00e1n someter a pruebas para detectar el virus y aislarse en sus domicilios hasta que tengan un resultado negativo.<\/p>\n<p>&nbsp;<\/p>\n<p>Canad\u00e1 no mantiene en estos momentos vuelos directos con los siete pa\u00edses del sur de \u00c1frica afectados por la medida: Sud\u00e1frica, Mozambique, Namibia, Zimbabue, Botsuana, Lesoto y Esuatini.<\/p>\n<h3>EEUU tambi\u00e9n toma medidas<\/h3>\n<p>&nbsp;<\/p>\n<p>Por su parte, Estados Unidos anunci\u00f3 el cierre de fronteras a los viajeros de ocho pa\u00edses del sur de \u00c1frica en respuesta a la aparici\u00f3n de la variante \u00f3micron del coronavirus.<\/p>\n<p>&nbsp;<\/p>\n<p>Las personas de Sud\u00e1frica, Botsuana, Zimbabue, Namibia, Lesoto, Esuatini (o Suazilandia), Mozambique y Malaui tendr\u00e1n prohibido ingresar a territorio estadounidense a partir del lunes, dijo un alto funcionario estadounidense.<\/p>\n<p>&nbsp;<\/p>\n<p>Solo los ciudadanos estadounidenses y los residentes permanentes de Estados Unidos podr\u00e1n entrar al pa\u00eds desde esas naciones, se\u00f1al\u00f3.<\/p>\n<p>&nbsp;<\/p>\n<p>El presidente de Estados Unidos, el dem\u00f3crata Joe Biden, tom\u00f3 esta decisi\u00f3n despu\u00e9s de que se lo sugiriesen su asesor jefe para cuestiones m\u00e9dicas, Anthony Fauci, y los responsables de los Centros para el Control y Prevenci\u00f3n de Enfermedades (CDC, por sus siglas en ingl\u00e9s).<\/p>\n<p>&nbsp;<\/p>\n<p>La Casa Blanca dijo tomar esta medida como \u201c<em>un exceso de precauci\u00f3n\u201d<\/em> ante todas las inc\u00f3gnitas que todav\u00eda rodean a la nueva variante.<\/p>\n<p>&nbsp;<\/p>\n<p>El anuncio de las restricciones se produce al mismo tiempo que la Organizaci\u00f3n Mundial de la Salud (OMS) declar\u00f3 hoy la nueva variante del coronavirus detectada en Sud\u00e1frica como una <em>\u201cvariante de riesgo\u201d<\/em> y la bautiz\u00f3 con la letra griega omicr\u00f3n.<\/p>\n<p>&nbsp;<\/p>\n<p>Los expertos de la OMS se\u00f1alaron que la nueva variante parece ser m\u00e1s contagiosa que las anteriores aunque todav\u00eda no se tienen datos para determinar si es m\u00e1s o menos resistente a las vacunas contra la covid.<\/p>\n<p>&nbsp;<\/p>\n<p>De momento, la variante omicron se han detectado en Sud\u00e1frica, Botsuana, Hong Kong (China) y B\u00e9lgica.<\/p>\n<p>&nbsp;<\/p>\n<p>&nbsp;<\/p>\n<p>(Publicada el 26\/11\/2021 \/ Con informaci\u00f3n de AFP y EFE)<\/p>\n","protected":false},"excerpt":{"rendered":"<p>CIUDAD DE M\u00c9XICO. MX. \u2014 Canad\u00e1 y Estados Unidos anunciaron hoy, 26 de noviembre de&#8230;<\/p>\n","protected":false},"author":1,"featured_media":128418,"comment_status":"open","ping_status":"open","sticky":false,"template":"","format":"standard","meta":{"_monsterinsights_skip_tracking":false,"_monsterinsights_sitenote_active":false,"_monsterinsights_sitenote_note":"","_monsterinsights_sitenote_category":0,"footnotes":""},"categories":[3],"tags":[],"class_list":["post"],"yoast_head":" \n<title>Sonora en Equipo. Canad\u00e1 y EEUU cierran fronteras a viajeros procedentes del sur de \u00c1frica por variante de covid MUNDO<\/title>\n<meta name=\"description\" content=\"CIUDAD DE M\u00c9XICO. MX. \u2014 Canad\u00e1 y Estados Unidos anunciaron hoy, 26 de noviembre de 2021, el cierre de fronteras a viajeros provenientes de pa\u00edses del sur En Sonora en Equipo publicamos toda la informaci\u00f3n de Sonora, M\u00e9xico y el Mundo de manera oportuna y busca que la libertad de expresi\u00f3n sea real. Visita nuestro medio informativo publicado desde Hermosillo, Sonora. %\" \/>\n<meta name=\"robots\" content=\"index, follow, max-snippet:-1, max-image-preview:large, max-video-preview:-1\" \/>\n<link rel=\"canonical\" href=\"https:\/\/www.sonoraenequipo.com.mx\/canada-y-eeuu-cierran-fronteras-a-viajeros-procedentes-del-sur-de-africa-por-variante-de-covid\/\" \/>\n<meta property=\"og:locale\" content=\"es_ES\" \/>\n<meta property=\"og:type\" content=\"article\" \/>\n<meta property=\"og:title\" content=\"Sonora en Equipo. Canad\u00e1 y EEUU cierran fronteras a viajeros procedentes del sur de \u00c1frica por variante de covid MUNDO\" \/>\n<meta property=\"og:description\" content=\"CIUDAD DE M\u00c9XICO. MX. \u2014 Canad\u00e1 y Estados Unidos anunciaron hoy, 26 de noviembre de 2021, el cierre de fronteras a viajeros provenientes de pa\u00edses del sur En Sonora en Equipo publicamos toda la informaci\u00f3n de Sonora, M\u00e9xico y el Mundo de manera oportuna y busca que la libertad de expresi\u00f3n sea real. Visita nuestro medio informativo publicado desde Hermosillo, Sonora. %\" \/>\n<meta property=\"og:url\" content=\"https:\/\/www.sonoraenequipo.com.mx\/canada-y-eeuu-cierran-fronteras-a-viajeros-procedentes-del-sur-de-africa-por-variante-de-covid\/\" \/>\n<meta property=\"og:site_name\" content=\"Sonora en Equipo.\" \/>\n<meta property=\"article:publisher\" content=\"https:\/\/www.facebook.com\/SonoraEE\/\" \/>\n<meta property=\"article:author\" content=\"https:\/\/www.facebook.com\/SonoraEE\" \/>\n<meta property=\"article:published_time\" content=\"2021-11-27T04:36:44+00:00\" \/>\n<meta property=\"article:modified_time\" content=\"2021-11-27T22:36:47+00:00\" \/>\n<meta property=\"og:image\" content=\"https:\/\/www.sonoraenequipo.com.mx\/storage\/2021\/11\/canada-cierra-fronteras-a-viajeros-del-sur-de-africa_opt.jpg\" \/>\n\t<meta property=\"og:image:width\" content=\"700\" \/>\n\t<meta property=\"og:image:height\" content=\"400\" \/>\n\t<meta property=\"og:image:type\" content=\"image\/jpeg\" \/>\n<meta name=\"author\" content=\"enequipo\" \/>\n<meta name=\"twitter:card\" content=\"summary_large_image\" \/>\n<meta name=\"twitter:creator\" content=\"@sonoraenequipo\" \/>\n<meta name=\"twitter:site\" content=\"@sonoraenequipo\" \/>\n<meta name=\"twitter:label1\" content=\"Escrito por\" \/>\n\t<meta name=\"twitter:data1\" content=\"enequipo\" \/>\n\t<meta name=\"twitter:label2\" content=\"Tiempo de lectura\" \/>\n\t<meta name=\"twitter:data2\" content=\"3 minutos\" \/>\n<script type=\"application\/ld+json\" class=\"yoast-schema-graph\">{\"@context\":\"https:\/\/schema.org\",\"@graph\":[{\"@type\":\"Article\",\"@id\":\"https:\/\/www.sonoraenequipo.com.mx\/canada-y-eeuu-cierran-fronteras-a-viajeros-procedentes-del-sur-de-africa-por-variante-de-covid\/#article\",\"isPartOf\":{\"@id\":\"https:\/\/www.sonoraenequipo.com.mx\/canada-y-eeuu-cierran-fronteras-a-viajeros-procedentes-del-sur-de-africa-por-variante-de-covid\/\"},\"author\":{\"name\":\"enequipo\",\"@id\":\"https:\/\/www.sonoraenequipo.com.mx\/#\/schema\/person\/50102df0fb23a8fa9e8effad8fa81386\"},\"headline\":\"Canad\u00e1 y EEUU cierran fronteras a viajeros procedentes del sur de \u00c1frica por variante de covid\",\"datePublished\":\"2021-11-27T04:36:44+00:00\",\"dateModified\":\"2021-11-27T22:36:47+00:00\",\"mainEntityOfPage\":{\"@id\":\"https:\/\/www.sonoraenequipo.com.mx\/canada-y-eeuu-cierran-fronteras-a-viajeros-procedentes-del-sur-de-africa-por-variante-de-covid\/\"},\"wordCount\":562,\"commentCount\":0,\"publisher\":{\"@id\":\"https:\/\/www.sonoraenequipo.com.mx\/#organization\"},\"image\":{\"@id\":\"https:\/\/www.sonoraenequipo.com.mx\/canada-y-eeuu-cierran-fronteras-a-viajeros-procedentes-del-sur-de-africa-por-variante-de-covid\/#primaryimage\"},\"thumbnailUrl\":\"https:\/\/www.sonoraenequipo.com.mx\/storage\/2021\/11\/canada-cierra-fronteras-a-viajeros-del-sur-de-africa_opt.jpg\",\"articleSection\":[\"MUNDO\"],\"inLanguage\":\"es\",\"potentialAction\":[{\"@type\":\"CommentAction\",\"name\":\"Comment\",\"target\":[\"https:\/\/www.sonoraenequipo.com.mx\/canada-y-eeuu-cierran-fronteras-a-viajeros-procedentes-del-sur-de-africa-por-variante-de-covid\/#respond\"]}]},{\"@type\":\"WebPage\",\"@id\":\"https:\/\/www.sonoraenequipo.com.mx\/canada-y-eeuu-cierran-fronteras-a-viajeros-procedentes-del-sur-de-africa-por-variante-de-covid\/\",\"url\":\"https:\/\/www.sonoraenequipo.com.mx\/canada-y-eeuu-cierran-fronteras-a-viajeros-procedentes-del-sur-de-africa-por-variante-de-covid\/\",\"name\":\"Sonora en Equipo. Canad\u00e1 y EEUU cierran fronteras a viajeros procedentes del sur de \u00c1frica por variante de covid MUNDO\",\"isPartOf\":{\"@id\":\"https:\/\/www.sonoraenequipo.com.mx\/#website\"},\"primaryImageOfPage\":{\"@id\":\"https:\/\/www.sonoraenequipo.com.mx\/canada-y-eeuu-cierran-fronteras-a-viajeros-procedentes-del-sur-de-africa-por-variante-de-covid\/#primaryimage\"},\"image\":{\"@id\":\"https:\/\/www.sonoraenequipo.com.mx\/canada-y-eeuu-cierran-fronteras-a-viajeros-procedentes-del-sur-de-africa-por-variante-de-covid\/#primaryimage\"},\"thumbnailUrl\":\"https:\/\/www.sonoraenequipo.com.mx\/storage\/2021\/11\/canada-cierra-fronteras-a-viajeros-del-sur-de-africa_opt.jpg\",\"datePublished\":\"2021-11-27T04:36:44+00:00\",\"dateModified\":\"2021-11-27T22:36:47+00:00\",\"description\":\"CIUDAD DE M\u00c9XICO. MX. \u2014 Canad\u00e1 y Estados Unidos anunciaron hoy, 26 de noviembre de 2021, el cierre de fronteras a viajeros provenientes de pa\u00edses del sur En Sonora en Equipo publicamos toda la informaci\u00f3n de Sonora, M\u00e9xico y el Mundo de manera oportuna y busca que la libertad de expresi\u00f3n sea real. Visita nuestro medio informativo publicado desde Hermosillo, Sonora. %\",\"breadcrumb\":{\"@id\":\"https:\/\/www.sonoraenequipo.com.mx\/canada-y-eeuu-cierran-fronteras-a-viajeros-procedentes-del-sur-de-africa-por-variante-de-covid\/#breadcrumb\"},\"inLanguage\":\"es\",\"potentialAction\":[{\"@type\":\"ReadAction\",\"target\":[\"https:\/\/www.sonoraenequipo.com.mx\/canada-y-eeuu-cierran-fronteras-a-viajeros-procedentes-del-sur-de-africa-por-variante-de-covid\/\"]}]},{\"@type\":\"ImageObject\",\"inLanguage\":\"es\",\"@id\":\"https:\/\/www.sonoraenequipo.com.mx\/canada-y-eeuu-cierran-fronteras-a-viajeros-procedentes-del-sur-de-africa-por-variante-de-covid\/#primaryimage\",\"url\":\"https:\/\/www.sonoraenequipo.com.mx\/storage\/2021\/11\/canada-cierra-fronteras-a-viajeros-del-sur-de-africa_opt.jpg\",\"contentUrl\":\"https:\/\/www.sonoraenequipo.com.mx\/storage\/2021\/11\/canada-cierra-fronteras-a-viajeros-del-sur-de-africa_opt.jpg\",\"width\":700,\"height\":400,\"caption\":\"Archivo\"},{\"@type\":\"BreadcrumbList\",\"@id\":\"https:\/\/www.sonoraenequipo.com.mx\/canada-y-eeuu-cierran-fronteras-a-viajeros-procedentes-del-sur-de-africa-por-variante-de-covid\/#breadcrumb\",\"itemListElement\":[{\"@type\":\"ListItem\",\"position\":1,\"name\":\"Portada\",\"item\":\"https:\/\/www.sonoraenequipo.com.mx\/\"},{\"@type\":\"ListItem\",\"position\":2,\"name\":\"Canad\u00e1 y EEUU cierran fronteras a viajeros procedentes del sur de \u00c1frica por variante de covid\"}]},{\"@type\":\"WebSite\",\"@id\":\"https:\/\/www.sonoraenequipo.com.mx\/#website\",\"url\":\"https:\/\/www.sonoraenequipo.com.mx\/\",\"name\":\"Sonora en Equipo.\",\"description\":\"Diario en l\u00ednea con Noticias desde Hermosillo, Sonora\",\"publisher\":{\"@id\":\"https:\/\/www.sonoraenequipo.com.mx\/#organization\"},\"potentialAction\":[{\"@type\":\"SearchAction\",\"target\":{\"@type\":\"EntryPoint\",\"urlTemplate\":\"https:\/\/www.sonoraenequipo.com.mx\/?s={search_term_string}\"},\"query-input\":{\"@type\":\"PropertyValueSpecification\",\"valueRequired\":true,\"valueName\":\"search_term_string\"}}],\"inLanguage\":\"es\"},{\"@type\":\"Organization\",\"@id\":\"https:\/\/www.sonoraenequipo.com.mx\/#organization\",\"name\":\"Sonoraenequipo.com.mx\",\"url\":\"https:\/\/www.sonoraenequipo.com.mx\/\",\"logo\":{\"@type\":\"ImageObject\",\"inLanguage\":\"es\",\"@id\":\"https:\/\/www.sonoraenequipo.com.mx\/#\/schema\/logo\/image\/\",\"url\":\"https:\/\/www.sonoraenequipo.com.mx\/storage\/2019\/01\/sonoraenequipo_opt.png\",\"contentUrl\":\"https:\/\/www.sonoraenequipo.com.mx\/storage\/2019\/01\/sonoraenequipo_opt.png\",\"width\":375,\"height\":125,\"caption\":\"Sonoraenequipo.com.mx\"},\"image\":{\"@id\":\"https:\/\/www.sonoraenequipo.com.mx\/#\/schema\/logo\/image\/\"},\"sameAs\":[\"https:\/\/www.facebook.com\/SonoraEE\/\",\"https:\/\/x.com\/sonoraenequipo\",\"https:\/\/www.youtube.com\/channel\/UC338nW-lPEYmJQs4ZABQ1SQ\"]},{\"@type\":\"Person\",\"@id\":\"https:\/\/www.sonoraenequipo.com.mx\/#\/schema\/person\/50102df0fb23a8fa9e8effad8fa81386\",\"name\":\"enequipo\",\"image\":{\"@type\":\"ImageObject\",\"inLanguage\":\"es\",\"@id\":\"https:\/\/www.sonoraenequipo.com.mx\/#\/schema\/person\/image\/\",\"url\":\"https:\/\/secure.gravatar.com\/avatar\/049821681b589dabc0bc20695993ccebb09f5b5d4d790cd9251b97faac7c652b?s=96&d=blank&r=g\",\"contentUrl\":\"https:\/\/secure.gravatar.com\/avatar\/049821681b589dabc0bc20695993ccebb09f5b5d4d790cd9251b97faac7c652b?s=96&d=blank&r=g\",\"caption\":\"enequipo\"},\"sameAs\":[\"https:\/\/www.facebook.com\/SonoraEE\"]}]}<\/script>\n ","yoast_head_json":{"title":"Sonora en Equipo. Canad\u00e1 y EEUU cierran fronteras a viajeros procedentes del sur de \u00c1frica por variante de covid MUNDO","description":"CIUDAD DE M\u00c9XICO. MX. \u2014 Canad\u00e1 y Estados Unidos anunciaron hoy, 26 de noviembre de 2021, el cierre de fronteras a viajeros provenientes de pa\u00edses del sur En Sonora en Equipo publicamos toda la informaci\u00f3n de Sonora, M\u00e9xico y el Mundo de manera oportuna y busca que la libertad de expresi\u00f3n sea real. Visita nuestro medio informativo publicado desde Hermosillo, Sonora. %","robots":{"index":"index","follow":"follow","max-snippet":"max-snippet:-1","max-image-preview":"max-image-preview:large","max-video-preview":"max-video-preview:-1"},"canonical":"https:\/\/www.sonoraenequipo.com.mx\/canada-y-eeuu-cierran-fronteras-a-viajeros-procedentes-del-sur-de-africa-por-variante-de-covid\/","og_locale":"es_ES","og_type":"article","og_title":"Sonora en Equipo. Canad\u00e1 y EEUU cierran fronteras a viajeros procedentes del sur de \u00c1frica por variante de covid MUNDO","og_description":"CIUDAD DE M\u00c9XICO. MX. \u2014 Canad\u00e1 y Estados Unidos anunciaron hoy, 26 de noviembre de 2021, el cierre de fronteras a viajeros provenientes de pa\u00edses del sur En Sonora en Equipo publicamos toda la informaci\u00f3n de Sonora, M\u00e9xico y el Mundo de manera oportuna y busca que la libertad de expresi\u00f3n sea real. Visita nuestro medio informativo publicado desde Hermosillo, Sonora. %","og_url":"https:\/\/www.sonoraenequipo.com.mx\/canada-y-eeuu-cierran-fronteras-a-viajeros-procedentes-del-sur-de-africa-por-variante-de-covid\/","og_site_name":"Sonora en Equipo.","article_publisher":"https:\/\/www.facebook.com\/SonoraEE\/","article_author":"https:\/\/www.facebook.com\/SonoraEE","article_published_time":"2021-11-27T04:36:44+00:00","article_modified_time":"2021-11-27T22:36:47+00:00","og_image":[{"width":700,"height":400,"url":"https:\/\/www.sonoraenequipo.com.mx\/storage\/2021\/11\/canada-cierra-fronteras-a-viajeros-del-sur-de-africa_opt.jpg","type":"image\/jpeg"}],"author":"enequipo","twitter_card":"summary_large_image","twitter_creator":"@sonoraenequipo","twitter_site":"@sonoraenequipo","twitter_misc":{"Escrito por":"enequipo","Tiempo de lectura":"3 minutos"},"schema":{"@context":"https:\/\/schema.org","@graph":[{"@type":"Article","@id":"https:\/\/www.sonoraenequipo.com.mx\/canada-y-eeuu-cierran-fronteras-a-viajeros-procedentes-del-sur-de-africa-por-variante-de-covid\/#article","isPartOf":{"@id":"https:\/\/www.sonoraenequipo.com.mx\/canada-y-eeuu-cierran-fronteras-a-viajeros-procedentes-del-sur-de-africa-por-variante-de-covid\/"},"author":{"name":"enequipo","@id":"https:\/\/www.sonoraenequipo.com.mx\/#\/schema\/person\/50102df0fb23a8fa9e8effad8fa81386"},"headline":"Canad\u00e1 y EEUU cierran fronteras a viajeros procedentes del sur de \u00c1frica por variante de covid","datePublished":"2021-11-27T04:36:44+00:00","dateModified":"2021-11-27T22:36:47+00:00","mainEntityOfPage":{"@id":"https:\/\/www.sonoraenequipo.com.mx\/canada-y-eeuu-cierran-fronteras-a-viajeros-procedentes-del-sur-de-africa-por-variante-de-covid\/"},"wordCount":562,"commentCount":0,"publisher":{"@id":"https:\/\/www.sonoraenequipo.com.mx\/#organization"},"image":{"@id":"https:\/\/www.sonoraenequipo.com.mx\/canada-y-eeuu-cierran-fronteras-a-viajeros-procedentes-del-sur-de-africa-por-variante-de-covid\/#primaryimage"},"thumbnailUrl":"https:\/\/www.sonoraenequipo.com.mx\/storage\/2021\/11\/canada-cierra-fronteras-a-viajeros-del-sur-de-africa_opt.jpg","articleSection":["MUNDO"],"inLanguage":"es","potentialAction":[{"@type":"CommentAction","name":"Comment","target":["https:\/\/www.sonoraenequipo.com.mx\/canada-y-eeuu-cierran-fronteras-a-viajeros-procedentes-del-sur-de-africa-por-variante-de-covid\/#respond"]}]},{"@type":"WebPage","@id":"https:\/\/www.sonoraenequipo.com.mx\/canada-y-eeuu-cierran-fronteras-a-viajeros-procedentes-del-sur-de-africa-por-variante-de-covid\/","url":"https:\/\/www.sonoraenequipo.com.mx\/canada-y-eeuu-cierran-fronteras-a-viajeros-procedentes-del-sur-de-africa-por-variante-de-covid\/","name":"Sonora en Equipo. Canad\u00e1 y EEUU cierran fronteras a viajeros procedentes del sur de \u00c1frica por variante de covid MUNDO","isPartOf":{"@id":"https:\/\/www.sonoraenequipo.com.mx\/#website"},"primaryImageOfPage":{"@id":"https:\/\/www.sonoraenequipo.com.mx\/canada-y-eeuu-cierran-fronteras-a-viajeros-procedentes-del-sur-de-africa-por-variante-de-covid\/#primaryimage"},"image":{"@id":"https:\/\/www.sonoraenequipo.com.mx\/canada-y-eeuu-cierran-fronteras-a-viajeros-procedentes-del-sur-de-africa-por-variante-de-covid\/#primaryimage"},"thumbnailUrl":"https:\/\/www.sonoraenequipo.com.mx\/storage\/2021\/11\/canada-cierra-fronteras-a-viajeros-del-sur-de-africa_opt.jpg","datePublished":"2021-11-27T04:36:44+00:00","dateModified":"2021-11-27T22:36:47+00:00","description":"CIUDAD DE M\u00c9XICO. MX. \u2014 Canad\u00e1 y Estados Unidos anunciaron hoy, 26 de noviembre de 2021, el cierre de fronteras a viajeros provenientes de pa\u00edses del sur En Sonora en Equipo publicamos toda la informaci\u00f3n de Sonora, M\u00e9xico y el Mundo de manera oportuna y busca que la libertad de expresi\u00f3n sea real. Visita nuestro medio informativo publicado desde Hermosillo, Sonora. %","breadcrumb":{"@id":"https:\/\/www.sonoraenequipo.com.mx\/canada-y-eeuu-cierran-fronteras-a-viajeros-procedentes-del-sur-de-africa-por-variante-de-covid\/#breadcrumb"},"inLanguage":"es","potentialAction":[{"@type":"ReadAction","target":["https:\/\/www.sonoraenequipo.com.mx\/canada-y-eeuu-cierran-fronteras-a-viajeros-procedentes-del-sur-de-africa-por-variante-de-covid\/"]}]},{"@type":"ImageObject","inLanguage":"es","@id":"https:\/\/www.sonoraenequipo.com.mx\/canada-y-eeuu-cierran-fronteras-a-viajeros-procedentes-del-sur-de-africa-por-variante-de-covid\/#primaryimage","url":"https:\/\/www.sonoraenequipo.com.mx\/storage\/2021\/11\/canada-cierra-fronteras-a-viajeros-del-sur-de-africa_opt.jpg","contentUrl":"https:\/\/www.sonoraenequipo.com.mx\/storage\/2021\/11\/canada-cierra-fronteras-a-viajeros-del-sur-de-africa_opt.jpg","width":700,"height":400,"caption":"Archivo"},{"@type":"BreadcrumbList","@id":"https:\/\/www.sonoraenequipo.com.mx\/canada-y-eeuu-cierran-fronteras-a-viajeros-procedentes-del-sur-de-africa-por-variante-de-covid\/#breadcrumb","itemListElement":[{"@type":"ListItem","position":1,"name":"Portada","item":"https:\/\/www.sonoraenequipo.com.mx\/"},{"@type":"ListItem","position":2,"name":"Canad\u00e1 y EEUU cierran fronteras a viajeros procedentes del sur de \u00c1frica por variante de covid"}]},{"@type":"WebSite","@id":"https:\/\/www.sonoraenequipo.com.mx\/#website","url":"https:\/\/www.sonoraenequipo.com.mx\/","name":"Sonora en Equipo.","description":"Diario en l\u00ednea con Noticias desde Hermosillo, Sonora","publisher":{"@id":"https:\/\/www.sonoraenequipo.com.mx\/#organization"},"potentialAction":[{"@type":"SearchAction","target":{"@type":"EntryPoint","urlTemplate":"https:\/\/www.sonoraenequipo.com.mx\/?s={search_term_string}"},"query-input":{"@type":"PropertyValueSpecification","valueRequired":true,"valueName":"search_term_string"}}],"inLanguage":"es"},{"@type":"Organization","@id":"https:\/\/www.sonoraenequipo.com.mx\/#organization","name":"Sonoraenequipo.com.mx","url":"https:\/\/www.sonoraenequipo.com.mx\/","logo":{"@type":"ImageObject","inLanguage":"es","@id":"https:\/\/www.sonoraenequipo.com.mx\/#\/schema\/logo\/image\/","url":"https:\/\/www.sonoraenequipo.com.mx\/storage\/2019\/01\/sonoraenequipo_opt.png","contentUrl":"https:\/\/www.sonoraenequipo.com.mx\/storage\/2019\/01\/sonoraenequipo_opt.png","width":375,"height":125,"caption":"Sonoraenequipo.com.mx"},"image":{"@id":"https:\/\/www.sonoraenequipo.com.mx\/#\/schema\/logo\/image\/"},"sameAs":["https:\/\/www.facebook.com\/SonoraEE\/","https:\/\/x.com\/sonoraenequipo","https:\/\/www.youtube.com\/channel\/UC338nW-lPEYmJQs4ZABQ1SQ"]},{"@type":"Person","@id":"https:\/\/www.sonoraenequipo.com.mx\/#\/schema\/person\/50102df0fb23a8fa9e8effad8fa81386","name":"enequipo","image":{"@type":"ImageObject","inLanguage":"es","@id":"https:\/\/www.sonoraenequipo.com.mx\/#\/schema\/person\/image\/","url":"https:\/\/secure.gravatar.com\/avatar\/049821681b589dabc0bc20695993ccebb09f5b5d4d790cd9251b97faac7c652b?s=96&d=blank&r=g","contentUrl":"https:\/\/secure.gravatar.com\/avatar\/049821681b589dabc0bc20695993ccebb09f5b5d4d790cd9251b97faac7c652b?s=96&d=blank&r=g","caption":"enequipo"},"sameAs":["https:\/\/www.facebook.com\/SonoraEE"]}]}},"jetpack_featured_media_url":"https:\/\/www.sonoraenequipo.com.mx\/storage\/2021\/11\/canada-cierra-fronteras-a-viajeros-del-sur-de-africa_opt.jpg","_links":{"self":[{"href":"https:\/\/www.sonoraenequipo.com.mx\/api\/wp\/v2\/posts\/128429","targetHints":{"allow":["GET"]}}],"collection":[{"href":"https:\/\/www.sonoraenequipo.com.mx\/api\/wp\/v2\/posts"}],"about":[{"href":"https:\/\/www.sonoraenequipo.com.mx\/api\/wp\/v2\/types\/post"}],"author":[{"embeddable":true,"href":"https:\/\/www.sonoraenequipo.com.mx\/api\/wp\/v2\/users\/1"}],"replies":[{"embeddable":true,"href":"https:\/\/www.sonoraenequipo.com.mx\/api\/wp\/v2\/comments?post=128429"}],"version-history":[{"count":2,"href":"https:\/\/www.sonoraenequipo.com.mx\/api\/wp\/v2\/posts\/128429\/revisions"}],"predecessor-version":[{"id":128434,"href":"https:\/\/www.sonoraenequipo.com.mx\/api\/wp\/v2\/posts\/128429\/revisions\/128434"}],"wp:featuredmedia":[{"embeddable":true,"href":"https:\/\/www.sonoraenequipo.com.mx\/api\/wp\/v2\/media\/128418"}],"wp:attachment":[{"href":"https:\/\/www.sonoraenequipo.com.mx\/api\/wp\/v2\/media?parent=128429"}],"wp:term":[{"taxonomy":"category","embeddable":true,"href":"https:\/\/www.sonoraenequipo.com.mx\/api\/wp\/v2\/categories?post=128429"},{"taxonomy":"post_tag","embeddable":true,"href":"https:\/\/www.sonoraenequipo.com.mx\/api\/wp\/v2\/tags?post=128429"}],"curies":[{"name":"wp","href":"https:\/\/api.w.org\/{rel}","templated":true}]}}