{"id":128435,"date":"2021-11-27T09:39:14","date_gmt":"2021-11-27T16:39:14","guid":{"rendered":"https:\/\/www.sonoraenequipo.com.mx\/?p=128435"},"modified":"2021-11-27T16:07:13","modified_gmt":"2021-11-27T23:07:13","slug":"belgica-detecta-caso-positivo-de-variante-sudafricana-de-covid-es-el-primero-en-europa","status":"publish","type":"post","link":"https:\/\/www.sonoraenequipo.com.mx\/belgica-detecta-caso-positivo-de-variante-sudafricana-de-covid-es-el-primero-en-europa\/","title":{"rendered":"B\u00e9lgica detecta caso positivo de variante sudafricana de covid; es el primero en Europa"},"content":{"rendered":"<p>BRUSELAS, B\u00c9LGICA. \u2014\u00a0 Las autoridades sanitarias de B\u00e9lgica detectaron el pasado 22 de noviembre un caso de la nueva variante sudafricana del covid, inform\u00f3 hoy, 26 de noviembre de 2021, el ministro de Salud P\u00fablica, Frank Vandenbroucke, que pidi\u00f3 que \u201cno cunda el p\u00e1nico\u201d.<\/p>\n<p>&nbsp;<\/p>\n<p> <\/p>\n<p>&nbsp;<\/p>\n<p>La paciente infectada es una mujer adulta joven no vacunada que desarroll\u00f3 s\u00edntomas once d\u00edas despu\u00e9s de viajar a Egipto a trav\u00e9s de Turqu\u00eda y que asegura no haber tenido contacto con personas del sur de \u00c1frica, inform\u00f3 el Laboratorio Nacional de Referencia.<\/p>\n<p>&nbsp;<\/p>\n<p>La mujer, al parecer, no ha tenido contactos de alto riesgo fuera de su casa y ning\u00fan miembro de su familia desarroll\u00f3 s\u00edntomas por el momento, a\u00f1adi\u00f3 el Laboratorio Nacional de Referencia, que est\u00e1 llevando a cabo una investigaci\u00f3n exhaustiva.<\/p>\n<p>&nbsp;<\/p>\n<p>En la misma conferencia de prensa en la que Vandenbroucke inform\u00f3 de este caso, el primer ministro belga, Alexander De Croo, dijo que su Gobierno tiene previsto introducir nuevas restricciones a los viajes de entrada procedentes del sur de \u00c1frica.<\/p>\n<p>&nbsp;<\/p>\n<p><strong>\u201cEstamos activando un procedimiento al respecto\u201d<\/strong>, dijo brevemente De Croo.<\/p>\n<p>&nbsp;<\/p>\n<p>Esto supondr\u00e1 una cuarentena obligatoria de 10 d\u00edas para quienes regresen de esa regi\u00f3n y residan en B\u00e9lgica, y una \u201cprohibici\u00f3n\u201d de entrada para los no residentes, sin especificar qu\u00e9 pa\u00edses se ver\u00e1n afectados, seg\u00fan explic\u00f3.<\/p>\n<p>&nbsp;<\/p>\n<p>Sud\u00e1frica confirm\u00f3 este jueves la detecci\u00f3n de una nueva variante del coronavirus, identificada como B.1.1.529, que posee m\u00faltiples mutaciones y que ha despertado \u201cpreocupaci\u00f3n\u201d entre los especialistas, aunque su impacto a\u00fan tiene que ser estudiado.<\/p>\n<p>&nbsp;<\/p>\n<p>En total, hasta ahora, se han confirmado casos de esta variante en Sud\u00e1frica, en Hong Kong (en un viajero procedente de la naci\u00f3n africana) y en la vecina Botsuana, as\u00ed como en Israel.<\/p>\n<p>&nbsp;<\/p>\n<p>La B.1.1.529 presenta m\u00e1s de una treintena de mutaciones y algunas de ellas son, seg\u00fan los cient\u00edficos sudafricanos, motivo de preocupaci\u00f3n por su posible impacto en la transmisibilidad y por su potencial capacidad de evadir la inmunidad o protecci\u00f3n previa.<\/p>\n<p>&nbsp;<\/p>\n<p>&nbsp;<\/p>\n<p>(Publicada el 27\/11\/2021 \/ Con informaci\u00f3n de EFE )<\/p>\n","protected":false},"excerpt":{"rendered":"<p>BRUSELAS, B\u00c9LGICA. \u2014\u00a0 Las autoridades sanitarias de B\u00e9lgica detectaron el pasado 22 de noviembre un&#8230;<\/p>\n","protected":false},"author":1,"featured_media":128437,"comment_status":"open","ping_status":"open","sticky":false,"template":"","format":"standard","meta":{"_monsterinsights_skip_tracking":false,"_monsterinsights_sitenote_active":false,"_monsterinsights_sitenote_note":"","_monsterinsights_sitenote_category":0,"footnotes":""},"categories":[3],"tags":[],"class_list":["post"],"yoast_head":" \n<title>Sonora en Equipo. B\u00e9lgica detecta caso positivo de variante sudafricana de covid; es el primero en Europa MUNDO<\/title>\n<meta name=\"description\" content=\"BRUSELAS, B\u00c9LGICA. \u2014\u00a0 Las autoridades sanitarias de B\u00e9lgica detectaron el pasado 22 de noviembre un caso de la nueva variante sudafricana del covid, En Sonora en Equipo publicamos toda la informaci\u00f3n de Sonora, M\u00e9xico y el Mundo de manera oportuna y busca que la libertad de expresi\u00f3n sea real. Visita nuestro medio informativo publicado desde Hermosillo, Sonora. %\" \/>\n<meta name=\"robots\" content=\"index, follow, max-snippet:-1, max-image-preview:large, max-video-preview:-1\" \/>\n<link rel=\"canonical\" href=\"https:\/\/www.sonoraenequipo.com.mx\/belgica-detecta-caso-positivo-de-variante-sudafricana-de-covid-es-el-primero-en-europa\/\" \/>\n<meta property=\"og:locale\" content=\"es_ES\" \/>\n<meta property=\"og:type\" content=\"article\" \/>\n<meta property=\"og:title\" content=\"Sonora en Equipo. B\u00e9lgica detecta caso positivo de variante sudafricana de covid; es el primero en Europa MUNDO\" \/>\n<meta property=\"og:description\" content=\"BRUSELAS, B\u00c9LGICA. \u2014\u00a0 Las autoridades sanitarias de B\u00e9lgica detectaron el pasado 22 de noviembre un caso de la nueva variante sudafricana del covid, En Sonora en Equipo publicamos toda la informaci\u00f3n de Sonora, M\u00e9xico y el Mundo de manera oportuna y busca que la libertad de expresi\u00f3n sea real. Visita nuestro medio informativo publicado desde Hermosillo, Sonora. %\" \/>\n<meta property=\"og:url\" content=\"https:\/\/www.sonoraenequipo.com.mx\/belgica-detecta-caso-positivo-de-variante-sudafricana-de-covid-es-el-primero-en-europa\/\" \/>\n<meta property=\"og:site_name\" content=\"Sonora en Equipo.\" \/>\n<meta property=\"article:publisher\" content=\"https:\/\/www.facebook.com\/SonoraEE\/\" \/>\n<meta property=\"article:author\" content=\"https:\/\/www.facebook.com\/SonoraEE\" \/>\n<meta property=\"article:published_time\" content=\"2021-11-27T16:39:14+00:00\" \/>\n<meta property=\"article:modified_time\" content=\"2021-11-27T23:07:13+00:00\" \/>\n<meta property=\"og:image\" content=\"https:\/\/www.sonoraenequipo.com.mx\/storage\/2021\/11\/bruselas-covid_opt.jpg\" \/>\n\t<meta property=\"og:image:width\" content=\"700\" \/>\n\t<meta property=\"og:image:height\" content=\"400\" \/>\n\t<meta property=\"og:image:type\" content=\"image\/jpeg\" \/>\n<meta name=\"author\" content=\"enequipo\" \/>\n<meta name=\"twitter:card\" content=\"summary_large_image\" \/>\n<meta name=\"twitter:creator\" content=\"@sonoraenequipo\" \/>\n<meta name=\"twitter:site\" content=\"@sonoraenequipo\" \/>\n<meta name=\"twitter:label1\" content=\"Escrito por\" \/>\n\t<meta name=\"twitter:data1\" content=\"enequipo\" \/>\n\t<meta name=\"twitter:label2\" content=\"Tiempo de lectura\" \/>\n\t<meta name=\"twitter:data2\" content=\"2 minutos\" \/>\n<script type=\"application\/ld+json\" class=\"yoast-schema-graph\">{\"@context\":\"https:\/\/schema.org\",\"@graph\":[{\"@type\":\"Article\",\"@id\":\"https:\/\/www.sonoraenequipo.com.mx\/belgica-detecta-caso-positivo-de-variante-sudafricana-de-covid-es-el-primero-en-europa\/#article\",\"isPartOf\":{\"@id\":\"https:\/\/www.sonoraenequipo.com.mx\/belgica-detecta-caso-positivo-de-variante-sudafricana-de-covid-es-el-primero-en-europa\/\"},\"author\":{\"name\":\"enequipo\",\"@id\":\"https:\/\/www.sonoraenequipo.com.mx\/#\/schema\/person\/50102df0fb23a8fa9e8effad8fa81386\"},\"headline\":\"B\u00e9lgica detecta caso positivo de variante sudafricana de covid; es el primero en Europa\",\"datePublished\":\"2021-11-27T16:39:14+00:00\",\"dateModified\":\"2021-11-27T23:07:13+00:00\",\"mainEntityOfPage\":{\"@id\":\"https:\/\/www.sonoraenequipo.com.mx\/belgica-detecta-caso-positivo-de-variante-sudafricana-de-covid-es-el-primero-en-europa\/\"},\"wordCount\":381,\"commentCount\":0,\"publisher\":{\"@id\":\"https:\/\/www.sonoraenequipo.com.mx\/#organization\"},\"image\":{\"@id\":\"https:\/\/www.sonoraenequipo.com.mx\/belgica-detecta-caso-positivo-de-variante-sudafricana-de-covid-es-el-primero-en-europa\/#primaryimage\"},\"thumbnailUrl\":\"https:\/\/www.sonoraenequipo.com.mx\/storage\/2021\/11\/bruselas-covid_opt.jpg\",\"articleSection\":[\"MUNDO\"],\"inLanguage\":\"es\",\"potentialAction\":[{\"@type\":\"CommentAction\",\"name\":\"Comment\",\"target\":[\"https:\/\/www.sonoraenequipo.com.mx\/belgica-detecta-caso-positivo-de-variante-sudafricana-de-covid-es-el-primero-en-europa\/#respond\"]}]},{\"@type\":\"WebPage\",\"@id\":\"https:\/\/www.sonoraenequipo.com.mx\/belgica-detecta-caso-positivo-de-variante-sudafricana-de-covid-es-el-primero-en-europa\/\",\"url\":\"https:\/\/www.sonoraenequipo.com.mx\/belgica-detecta-caso-positivo-de-variante-sudafricana-de-covid-es-el-primero-en-europa\/\",\"name\":\"Sonora en Equipo. B\u00e9lgica detecta caso positivo de variante sudafricana de covid; es el primero en Europa MUNDO\",\"isPartOf\":{\"@id\":\"https:\/\/www.sonoraenequipo.com.mx\/#website\"},\"primaryImageOfPage\":{\"@id\":\"https:\/\/www.sonoraenequipo.com.mx\/belgica-detecta-caso-positivo-de-variante-sudafricana-de-covid-es-el-primero-en-europa\/#primaryimage\"},\"image\":{\"@id\":\"https:\/\/www.sonoraenequipo.com.mx\/belgica-detecta-caso-positivo-de-variante-sudafricana-de-covid-es-el-primero-en-europa\/#primaryimage\"},\"thumbnailUrl\":\"https:\/\/www.sonoraenequipo.com.mx\/storage\/2021\/11\/bruselas-covid_opt.jpg\",\"datePublished\":\"2021-11-27T16:39:14+00:00\",\"dateModified\":\"2021-11-27T23:07:13+00:00\",\"description\":\"BRUSELAS, B\u00c9LGICA. \u2014\u00a0 Las autoridades sanitarias de B\u00e9lgica detectaron el pasado 22 de noviembre un caso de la nueva variante sudafricana del covid, En Sonora en Equipo publicamos toda la informaci\u00f3n de Sonora, M\u00e9xico y el Mundo de manera oportuna y busca que la libertad de expresi\u00f3n sea real. Visita nuestro medio informativo publicado desde Hermosillo, Sonora. %\",\"breadcrumb\":{\"@id\":\"https:\/\/www.sonoraenequipo.com.mx\/belgica-detecta-caso-positivo-de-variante-sudafricana-de-covid-es-el-primero-en-europa\/#breadcrumb\"},\"inLanguage\":\"es\",\"potentialAction\":[{\"@type\":\"ReadAction\",\"target\":[\"https:\/\/www.sonoraenequipo.com.mx\/belgica-detecta-caso-positivo-de-variante-sudafricana-de-covid-es-el-primero-en-europa\/\"]}]},{\"@type\":\"ImageObject\",\"inLanguage\":\"es\",\"@id\":\"https:\/\/www.sonoraenequipo.com.mx\/belgica-detecta-caso-positivo-de-variante-sudafricana-de-covid-es-el-primero-en-europa\/#primaryimage\",\"url\":\"https:\/\/www.sonoraenequipo.com.mx\/storage\/2021\/11\/bruselas-covid_opt.jpg\",\"contentUrl\":\"https:\/\/www.sonoraenequipo.com.mx\/storage\/2021\/11\/bruselas-covid_opt.jpg\",\"width\":700,\"height\":400},{\"@type\":\"BreadcrumbList\",\"@id\":\"https:\/\/www.sonoraenequipo.com.mx\/belgica-detecta-caso-positivo-de-variante-sudafricana-de-covid-es-el-primero-en-europa\/#breadcrumb\",\"itemListElement\":[{\"@type\":\"ListItem\",\"position\":1,\"name\":\"Portada\",\"item\":\"https:\/\/www.sonoraenequipo.com.mx\/\"},{\"@type\":\"ListItem\",\"position\":2,\"name\":\"B\u00e9lgica detecta caso positivo de variante sudafricana de covid; es el primero en Europa\"}]},{\"@type\":\"WebSite\",\"@id\":\"https:\/\/www.sonoraenequipo.com.mx\/#website\",\"url\":\"https:\/\/www.sonoraenequipo.com.mx\/\",\"name\":\"Sonora en Equipo.\",\"description\":\"Diario en l\u00ednea con Noticias desde Hermosillo, Sonora\",\"publisher\":{\"@id\":\"https:\/\/www.sonoraenequipo.com.mx\/#organization\"},\"potentialAction\":[{\"@type\":\"SearchAction\",\"target\":{\"@type\":\"EntryPoint\",\"urlTemplate\":\"https:\/\/www.sonoraenequipo.com.mx\/?s={search_term_string}\"},\"query-input\":{\"@type\":\"PropertyValueSpecification\",\"valueRequired\":true,\"valueName\":\"search_term_string\"}}],\"inLanguage\":\"es\"},{\"@type\":\"Organization\",\"@id\":\"https:\/\/www.sonoraenequipo.com.mx\/#organization\",\"name\":\"Sonoraenequipo.com.mx\",\"url\":\"https:\/\/www.sonoraenequipo.com.mx\/\",\"logo\":{\"@type\":\"ImageObject\",\"inLanguage\":\"es\",\"@id\":\"https:\/\/www.sonoraenequipo.com.mx\/#\/schema\/logo\/image\/\",\"url\":\"https:\/\/www.sonoraenequipo.com.mx\/storage\/2019\/01\/sonoraenequipo_opt.png\",\"contentUrl\":\"https:\/\/www.sonoraenequipo.com.mx\/storage\/2019\/01\/sonoraenequipo_opt.png\",\"width\":375,\"height\":125,\"caption\":\"Sonoraenequipo.com.mx\"},\"image\":{\"@id\":\"https:\/\/www.sonoraenequipo.com.mx\/#\/schema\/logo\/image\/\"},\"sameAs\":[\"https:\/\/www.facebook.com\/SonoraEE\/\",\"https:\/\/x.com\/sonoraenequipo\",\"https:\/\/www.youtube.com\/channel\/UC338nW-lPEYmJQs4ZABQ1SQ\"]},{\"@type\":\"Person\",\"@id\":\"https:\/\/www.sonoraenequipo.com.mx\/#\/schema\/person\/50102df0fb23a8fa9e8effad8fa81386\",\"name\":\"enequipo\",\"image\":{\"@type\":\"ImageObject\",\"inLanguage\":\"es\",\"@id\":\"https:\/\/www.sonoraenequipo.com.mx\/#\/schema\/person\/image\/\",\"url\":\"https:\/\/secure.gravatar.com\/avatar\/049821681b589dabc0bc20695993ccebb09f5b5d4d790cd9251b97faac7c652b?s=96&d=blank&r=g\",\"contentUrl\":\"https:\/\/secure.gravatar.com\/avatar\/049821681b589dabc0bc20695993ccebb09f5b5d4d790cd9251b97faac7c652b?s=96&d=blank&r=g\",\"caption\":\"enequipo\"},\"sameAs\":[\"https:\/\/www.facebook.com\/SonoraEE\"]}]}<\/script>\n ","yoast_head_json":{"title":"Sonora en Equipo. B\u00e9lgica detecta caso positivo de variante sudafricana de covid; es el primero en Europa MUNDO","description":"BRUSELAS, B\u00c9LGICA. \u2014\u00a0 Las autoridades sanitarias de B\u00e9lgica detectaron el pasado 22 de noviembre un caso de la nueva variante sudafricana del covid, En Sonora en Equipo publicamos toda la informaci\u00f3n de Sonora, M\u00e9xico y el Mundo de manera oportuna y busca que la libertad de expresi\u00f3n sea real. Visita nuestro medio informativo publicado desde Hermosillo, Sonora. %","robots":{"index":"index","follow":"follow","max-snippet":"max-snippet:-1","max-image-preview":"max-image-preview:large","max-video-preview":"max-video-preview:-1"},"canonical":"https:\/\/www.sonoraenequipo.com.mx\/belgica-detecta-caso-positivo-de-variante-sudafricana-de-covid-es-el-primero-en-europa\/","og_locale":"es_ES","og_type":"article","og_title":"Sonora en Equipo. B\u00e9lgica detecta caso positivo de variante sudafricana de covid; es el primero en Europa MUNDO","og_description":"BRUSELAS, B\u00c9LGICA. \u2014\u00a0 Las autoridades sanitarias de B\u00e9lgica detectaron el pasado 22 de noviembre un caso de la nueva variante sudafricana del covid, En Sonora en Equipo publicamos toda la informaci\u00f3n de Sonora, M\u00e9xico y el Mundo de manera oportuna y busca que la libertad de expresi\u00f3n sea real. Visita nuestro medio informativo publicado desde Hermosillo, Sonora. %","og_url":"https:\/\/www.sonoraenequipo.com.mx\/belgica-detecta-caso-positivo-de-variante-sudafricana-de-covid-es-el-primero-en-europa\/","og_site_name":"Sonora en Equipo.","article_publisher":"https:\/\/www.facebook.com\/SonoraEE\/","article_author":"https:\/\/www.facebook.com\/SonoraEE","article_published_time":"2021-11-27T16:39:14+00:00","article_modified_time":"2021-11-27T23:07:13+00:00","og_image":[{"width":700,"height":400,"url":"https:\/\/www.sonoraenequipo.com.mx\/storage\/2021\/11\/bruselas-covid_opt.jpg","type":"image\/jpeg"}],"author":"enequipo","twitter_card":"summary_large_image","twitter_creator":"@sonoraenequipo","twitter_site":"@sonoraenequipo","twitter_misc":{"Escrito por":"enequipo","Tiempo de lectura":"2 minutos"},"schema":{"@context":"https:\/\/schema.org","@graph":[{"@type":"Article","@id":"https:\/\/www.sonoraenequipo.com.mx\/belgica-detecta-caso-positivo-de-variante-sudafricana-de-covid-es-el-primero-en-europa\/#article","isPartOf":{"@id":"https:\/\/www.sonoraenequipo.com.mx\/belgica-detecta-caso-positivo-de-variante-sudafricana-de-covid-es-el-primero-en-europa\/"},"author":{"name":"enequipo","@id":"https:\/\/www.sonoraenequipo.com.mx\/#\/schema\/person\/50102df0fb23a8fa9e8effad8fa81386"},"headline":"B\u00e9lgica detecta caso positivo de variante sudafricana de covid; es el primero en Europa","datePublished":"2021-11-27T16:39:14+00:00","dateModified":"2021-11-27T23:07:13+00:00","mainEntityOfPage":{"@id":"https:\/\/www.sonoraenequipo.com.mx\/belgica-detecta-caso-positivo-de-variante-sudafricana-de-covid-es-el-primero-en-europa\/"},"wordCount":381,"commentCount":0,"publisher":{"@id":"https:\/\/www.sonoraenequipo.com.mx\/#organization"},"image":{"@id":"https:\/\/www.sonoraenequipo.com.mx\/belgica-detecta-caso-positivo-de-variante-sudafricana-de-covid-es-el-primero-en-europa\/#primaryimage"},"thumbnailUrl":"https:\/\/www.sonoraenequipo.com.mx\/storage\/2021\/11\/bruselas-covid_opt.jpg","articleSection":["MUNDO"],"inLanguage":"es","potentialAction":[{"@type":"CommentAction","name":"Comment","target":["https:\/\/www.sonoraenequipo.com.mx\/belgica-detecta-caso-positivo-de-variante-sudafricana-de-covid-es-el-primero-en-europa\/#respond"]}]},{"@type":"WebPage","@id":"https:\/\/www.sonoraenequipo.com.mx\/belgica-detecta-caso-positivo-de-variante-sudafricana-de-covid-es-el-primero-en-europa\/","url":"https:\/\/www.sonoraenequipo.com.mx\/belgica-detecta-caso-positivo-de-variante-sudafricana-de-covid-es-el-primero-en-europa\/","name":"Sonora en Equipo. B\u00e9lgica detecta caso positivo de variante sudafricana de covid; es el primero en Europa MUNDO","isPartOf":{"@id":"https:\/\/www.sonoraenequipo.com.mx\/#website"},"primaryImageOfPage":{"@id":"https:\/\/www.sonoraenequipo.com.mx\/belgica-detecta-caso-positivo-de-variante-sudafricana-de-covid-es-el-primero-en-europa\/#primaryimage"},"image":{"@id":"https:\/\/www.sonoraenequipo.com.mx\/belgica-detecta-caso-positivo-de-variante-sudafricana-de-covid-es-el-primero-en-europa\/#primaryimage"},"thumbnailUrl":"https:\/\/www.sonoraenequipo.com.mx\/storage\/2021\/11\/bruselas-covid_opt.jpg","datePublished":"2021-11-27T16:39:14+00:00","dateModified":"2021-11-27T23:07:13+00:00","description":"BRUSELAS, B\u00c9LGICA. \u2014\u00a0 Las autoridades sanitarias de B\u00e9lgica detectaron el pasado 22 de noviembre un caso de la nueva variante sudafricana del covid, En Sonora en Equipo publicamos toda la informaci\u00f3n de Sonora, M\u00e9xico y el Mundo de manera oportuna y busca que la libertad de expresi\u00f3n sea real. Visita nuestro medio informativo publicado desde Hermosillo, Sonora. %","breadcrumb":{"@id":"https:\/\/www.sonoraenequipo.com.mx\/belgica-detecta-caso-positivo-de-variante-sudafricana-de-covid-es-el-primero-en-europa\/#breadcrumb"},"inLanguage":"es","potentialAction":[{"@type":"ReadAction","target":["https:\/\/www.sonoraenequipo.com.mx\/belgica-detecta-caso-positivo-de-variante-sudafricana-de-covid-es-el-primero-en-europa\/"]}]},{"@type":"ImageObject","inLanguage":"es","@id":"https:\/\/www.sonoraenequipo.com.mx\/belgica-detecta-caso-positivo-de-variante-sudafricana-de-covid-es-el-primero-en-europa\/#primaryimage","url":"https:\/\/www.sonoraenequipo.com.mx\/storage\/2021\/11\/bruselas-covid_opt.jpg","contentUrl":"https:\/\/www.sonoraenequipo.com.mx\/storage\/2021\/11\/bruselas-covid_opt.jpg","width":700,"height":400},{"@type":"BreadcrumbList","@id":"https:\/\/www.sonoraenequipo.com.mx\/belgica-detecta-caso-positivo-de-variante-sudafricana-de-covid-es-el-primero-en-europa\/#breadcrumb","itemListElement":[{"@type":"ListItem","position":1,"name":"Portada","item":"https:\/\/www.sonoraenequipo.com.mx\/"},{"@type":"ListItem","position":2,"name":"B\u00e9lgica detecta caso positivo de variante sudafricana de covid; es el primero en Europa"}]},{"@type":"WebSite","@id":"https:\/\/www.sonoraenequipo.com.mx\/#website","url":"https:\/\/www.sonoraenequipo.com.mx\/","name":"Sonora en Equipo.","description":"Diario en l\u00ednea con Noticias desde Hermosillo, Sonora","publisher":{"@id":"https:\/\/www.sonoraenequipo.com.mx\/#organization"},"potentialAction":[{"@type":"SearchAction","target":{"@type":"EntryPoint","urlTemplate":"https:\/\/www.sonoraenequipo.com.mx\/?s={search_term_string}"},"query-input":{"@type":"PropertyValueSpecification","valueRequired":true,"valueName":"search_term_string"}}],"inLanguage":"es"},{"@type":"Organization","@id":"https:\/\/www.sonoraenequipo.com.mx\/#organization","name":"Sonoraenequipo.com.mx","url":"https:\/\/www.sonoraenequipo.com.mx\/","logo":{"@type":"ImageObject","inLanguage":"es","@id":"https:\/\/www.sonoraenequipo.com.mx\/#\/schema\/logo\/image\/","url":"https:\/\/www.sonoraenequipo.com.mx\/storage\/2019\/01\/sonoraenequipo_opt.png","contentUrl":"https:\/\/www.sonoraenequipo.com.mx\/storage\/2019\/01\/sonoraenequipo_opt.png","width":375,"height":125,"caption":"Sonoraenequipo.com.mx"},"image":{"@id":"https:\/\/www.sonoraenequipo.com.mx\/#\/schema\/logo\/image\/"},"sameAs":["https:\/\/www.facebook.com\/SonoraEE\/","https:\/\/x.com\/sonoraenequipo","https:\/\/www.youtube.com\/channel\/UC338nW-lPEYmJQs4ZABQ1SQ"]},{"@type":"Person","@id":"https:\/\/www.sonoraenequipo.com.mx\/#\/schema\/person\/50102df0fb23a8fa9e8effad8fa81386","name":"enequipo","image":{"@type":"ImageObject","inLanguage":"es","@id":"https:\/\/www.sonoraenequipo.com.mx\/#\/schema\/person\/image\/","url":"https:\/\/secure.gravatar.com\/avatar\/049821681b589dabc0bc20695993ccebb09f5b5d4d790cd9251b97faac7c652b?s=96&d=blank&r=g","contentUrl":"https:\/\/secure.gravatar.com\/avatar\/049821681b589dabc0bc20695993ccebb09f5b5d4d790cd9251b97faac7c652b?s=96&d=blank&r=g","caption":"enequipo"},"sameAs":["https:\/\/www.facebook.com\/SonoraEE"]}]}},"jetpack_featured_media_url":"https:\/\/www.sonoraenequipo.com.mx\/storage\/2021\/11\/bruselas-covid_opt.jpg","_links":{"self":[{"href":"https:\/\/www.sonoraenequipo.com.mx\/api\/wp\/v2\/posts\/128435","targetHints":{"allow":["GET"]}}],"collection":[{"href":"https:\/\/www.sonoraenequipo.com.mx\/api\/wp\/v2\/posts"}],"about":[{"href":"https:\/\/www.sonoraenequipo.com.mx\/api\/wp\/v2\/types\/post"}],"author":[{"embeddable":true,"href":"https:\/\/www.sonoraenequipo.com.mx\/api\/wp\/v2\/users\/1"}],"replies":[{"embeddable":true,"href":"https:\/\/www.sonoraenequipo.com.mx\/api\/wp\/v2\/comments?post=128435"}],"version-history":[{"count":1,"href":"https:\/\/www.sonoraenequipo.com.mx\/api\/wp\/v2\/posts\/128435\/revisions"}],"predecessor-version":[{"id":128443,"href":"https:\/\/www.sonoraenequipo.com.mx\/api\/wp\/v2\/posts\/128435\/revisions\/128443"}],"wp:featuredmedia":[{"embeddable":true,"href":"https:\/\/www.sonoraenequipo.com.mx\/api\/wp\/v2\/media\/128437"}],"wp:attachment":[{"href":"https:\/\/www.sonoraenequipo.com.mx\/api\/wp\/v2\/media?parent=128435"}],"wp:term":[{"taxonomy":"category","embeddable":true,"href":"https:\/\/www.sonoraenequipo.com.mx\/api\/wp\/v2\/categories?post=128435"},{"taxonomy":"post_tag","embeddable":true,"href":"https:\/\/www.sonoraenequipo.com.mx\/api\/wp\/v2\/tags?post=128435"}],"curies":[{"name":"wp","href":"https:\/\/api.w.org\/{rel}","templated":true}]}}