{"id":128522,"date":"2021-11-26T22:20:58","date_gmt":"2021-11-27T05:20:58","guid":{"rendered":"https:\/\/www.sonoraenequipo.com.mx\/?p=128522"},"modified":"2021-11-29T08:56:57","modified_gmt":"2021-11-29T15:56:57","slug":"ssa-actualiza-protocolos-de-vigilancia-ante-variante-omicron-de-covid","status":"publish","type":"post","link":"https:\/\/www.sonoraenequipo.com.mx\/ssa-actualiza-protocolos-de-vigilancia-ante-variante-omicron-de-covid\/","title":{"rendered":"Ssa actualiza protocolos de vigilancia ante variante \u00d3micron de covid"},"content":{"rendered":"<p>CIUDAD DE M\u00c9XICO. MX. \u2014 La Secretaria de Salud (Ssa) dio a conocer, la noche del viernes 26 de noviembre de 2021, que se est\u00e1n actualizando los protocolos de vigilancia gen\u00f3mica en el pa\u00eds ante la detecci\u00f3n de la variante \u00d3micron en diversas naciones.<\/p>\n<p>&nbsp;<\/p>\n<p> <\/p>\n<p>&nbsp;<\/p>\n<p>Por medio de un informa t\u00e9cnico, las autoridades se\u00f1alaron que las medidas sanitarias que se adopten en un futuro estar\u00e1n guiados por la evidencia cient\u00edfica disponible en su momento.<\/p>\n<p>&nbsp;<\/p>\n<p>\u201c<em>Ante el reciente reconocimiento de \u00d3micron como una variante de preocupaci\u00f3n por parte de la Organizaci\u00f3n Mundial de la Salud (OMS), la Secretar\u00eda de Salud se encuentra actualizando protocolos de vigilancia gen\u00f3mica para la b\u00fasqueda intencionada de dicha variante. As\u00ed, en caso necesario, las medidas sanitarias que se tomen ser\u00e1n guiadas por la evidencia cient\u00edfica disponible\u201d,<\/em> se lee en un fragmento de su informe.<\/p>\n<p>&nbsp;<\/p>\n<p>OMS alerta sobre \u00d3micron<\/p>\n<p>&nbsp;<\/p>\n<p>El grupo de expertos de la Organizaci\u00f3n Mundial de la Salud (OMS) reunido hoy, 26 de noviembre de 2021, para analizar el impacto de la nueva variante del covid detectada en Sud\u00e1frica determin\u00f3 que se trata de una \u201cvariante de riesgo\u201d, y la bautiz\u00f3 con la letra griega \u00d3micron.<\/p>\n<p>&nbsp;<\/p>\n<p>Los expertos reunidos de emergencia alertaron que la aparici\u00f3n de esta variante, primero confirmada en un esp\u00e9cimen recolectado el 9 de noviembre, coincidi\u00f3 con un fuerte aumento de las infecciones en Sud\u00e1frica.<\/p>\n<p>&nbsp;<\/p>\n<p>\u201cLa variante se detect\u00f3 a un ritmo m\u00e1s r\u00e1pido que en anteriores surgimientos en el n\u00famero de infecciones, lo que podr\u00eda indicar que tiene ventaja a la hora de propagarse\u201d, subrayaron los expertos de la OMS en un comunicado.<\/p>\n<p>&nbsp;<\/p>\n<p>No indicaron por ahora si la nueva variante es m\u00e1s o menos resistente a las vacunas anticovid, pero s\u00ed se\u00f1alaron que los test de diagn\u00f3stico de la enfermedad con PCR parecen seguir valiendo para detectarla.<\/p>\n<p>&nbsp;<\/p>\n<p>Estos expertos, reunidos de emergencia en el llamado Grupo Asesor de Expertos en la Evoluci\u00f3n de Virus, alertaron de que la aparici\u00f3n de esta variante, primero confirmada en un esp\u00e9cimen recolectado el 9 de noviembre, ha coincidido con un fuerte aumento de las infecciones en Sud\u00e1frica.<\/p>\n<p>&nbsp;<\/p>\n<p>La variante \u00d3micron, que llev\u00f3 a muchos pa\u00edses a suspender los vuelos con \u00c1frica austral, preocupa por el alto n\u00famero de mutaciones que presenta, pues en apenas dos semanas se han detectado ya una treintena, con casos confirmados no s\u00f3lo en Sud\u00e1frica sino tambi\u00e9n en la vecina Botsuana, en Hong Kong (China) o en B\u00e9lgica.<\/p>\n<p>&nbsp;<\/p>\n<p>Las variantes de riesgo son seguidas de forma m\u00e1s intensa por la OMS y los laboratorios globales, y adem\u00e1s de la omicr\u00f3n hay otras cuatro: alfa (primero detectada en Reino Unido), beta (tambi\u00e9n en Sud\u00e1frica), gamma (Brasil) y delta (India).<\/p>\n<p>&nbsp;<\/p>\n<p>Estas variantes suelen estar asociadas a una mayor velocidad de transmisi\u00f3n, aunque en los \u00faltimos meses la delta, m\u00e1s contagiosa que las tres anteriormente detectadas, se convirti\u00f3 en la dominante, hasta el punto de que en los \u00faltimos an\u00e1lisis de laboratorio aparece presente en el 99.8% de los nuevos casos globales.<\/p>\n<p>&nbsp;<\/p>\n<p>El grupo asesor de la OMS no emiti\u00f3 nuevas recomendaciones sobre limitaci\u00f3n a los viajes u otras medidas sanitarias preventivas, pero s\u00ed pidi\u00f3 a la comunidad cient\u00edfica internacional que contin\u00fae los trabajos de seguimiento de \u00e9sta y nuevas variantes.<\/p>\n<p>&nbsp;<\/p>\n<p>Adem\u00e1s, a nivel individual se recuerda la toma de medidas ya conocidas contra anteriores variantes, que incluyen el uso de mascarillas, la higiene de manos, el distanciamiento f\u00edsico, la buena ventilaci\u00f3n de interiores, evitar lugares muy concurridos y la misma vacunaci\u00f3n anticovid.<\/p>\n<p>&nbsp;<\/p>\n<p>&nbsp;<\/p>\n<p>(Publicada el 26\/11\/2021 \/ Con informaci\u00f3n de la Secretar\u00eda de Salud)<\/p>\n","protected":false},"excerpt":{"rendered":"<p>CIUDAD DE M\u00c9XICO. MX. \u2014 La Secretaria de Salud (Ssa) dio a conocer, la noche&#8230;<\/p>\n","protected":false},"author":1,"featured_media":128523,"comment_status":"open","ping_status":"open","sticky":false,"template":"","format":"standard","meta":{"_monsterinsights_skip_tracking":false,"_monsterinsights_sitenote_active":false,"_monsterinsights_sitenote_note":"","_monsterinsights_sitenote_category":0,"footnotes":""},"categories":[5],"tags":[],"class_list":["post"],"yoast_head":" \n<title>Sonora en Equipo. Ssa actualiza protocolos de vigilancia ante variante \u00d3micron de covid Rep\u00fablica<\/title>\n<meta name=\"description\" content=\"CIUDAD DE M\u00c9XICO. MX. \u2014 La Secretaria de Salud (Ssa) dio a conocer, la noche del viernes 26 de noviembre de 2021, que se est\u00e1n actualizando los protocolos En Sonora en Equipo publicamos toda la informaci\u00f3n de Sonora, M\u00e9xico y el Mundo de manera oportuna y busca que la libertad de expresi\u00f3n sea real. Visita nuestro medio informativo publicado desde Hermosillo, Sonora. %\" \/>\n<meta name=\"robots\" content=\"index, follow, max-snippet:-1, max-image-preview:large, max-video-preview:-1\" \/>\n<link rel=\"canonical\" href=\"https:\/\/www.sonoraenequipo.com.mx\/ssa-actualiza-protocolos-de-vigilancia-ante-variante-omicron-de-covid\/\" \/>\n<meta property=\"og:locale\" content=\"es_ES\" \/>\n<meta property=\"og:type\" content=\"article\" \/>\n<meta property=\"og:title\" content=\"Sonora en Equipo. Ssa actualiza protocolos de vigilancia ante variante \u00d3micron de covid Rep\u00fablica\" \/>\n<meta property=\"og:description\" content=\"CIUDAD DE M\u00c9XICO. MX. \u2014 La Secretaria de Salud (Ssa) dio a conocer, la noche del viernes 26 de noviembre de 2021, que se est\u00e1n actualizando los protocolos En Sonora en Equipo publicamos toda la informaci\u00f3n de Sonora, M\u00e9xico y el Mundo de manera oportuna y busca que la libertad de expresi\u00f3n sea real. Visita nuestro medio informativo publicado desde Hermosillo, Sonora. %\" \/>\n<meta property=\"og:url\" content=\"https:\/\/www.sonoraenequipo.com.mx\/ssa-actualiza-protocolos-de-vigilancia-ante-variante-omicron-de-covid\/\" \/>\n<meta property=\"og:site_name\" content=\"Sonora en Equipo.\" \/>\n<meta property=\"article:publisher\" content=\"https:\/\/www.facebook.com\/SonoraEE\/\" \/>\n<meta property=\"article:author\" content=\"https:\/\/www.facebook.com\/SonoraEE\" \/>\n<meta property=\"article:published_time\" content=\"2021-11-27T05:20:58+00:00\" \/>\n<meta property=\"article:modified_time\" content=\"2021-11-29T15:56:57+00:00\" \/>\n<meta property=\"og:image\" content=\"https:\/\/www.sonoraenequipo.com.mx\/storage\/2021\/11\/Covid-19-radiografia-hospital_opt.jpg\" \/>\n\t<meta property=\"og:image:width\" content=\"700\" \/>\n\t<meta property=\"og:image:height\" content=\"400\" \/>\n\t<meta property=\"og:image:type\" content=\"image\/jpeg\" \/>\n<meta name=\"author\" content=\"enequipo\" \/>\n<meta name=\"twitter:card\" content=\"summary_large_image\" \/>\n<meta name=\"twitter:creator\" content=\"@sonoraenequipo\" \/>\n<meta name=\"twitter:site\" content=\"@sonoraenequipo\" \/>\n<meta name=\"twitter:label1\" content=\"Escrito por\" \/>\n\t<meta name=\"twitter:data1\" content=\"enequipo\" \/>\n\t<meta name=\"twitter:label2\" content=\"Tiempo de lectura\" \/>\n\t<meta name=\"twitter:data2\" content=\"3 minutos\" \/>\n<script type=\"application\/ld+json\" class=\"yoast-schema-graph\">{\"@context\":\"https:\/\/schema.org\",\"@graph\":[{\"@type\":\"Article\",\"@id\":\"https:\/\/www.sonoraenequipo.com.mx\/ssa-actualiza-protocolos-de-vigilancia-ante-variante-omicron-de-covid\/#article\",\"isPartOf\":{\"@id\":\"https:\/\/www.sonoraenequipo.com.mx\/ssa-actualiza-protocolos-de-vigilancia-ante-variante-omicron-de-covid\/\"},\"author\":{\"name\":\"enequipo\",\"@id\":\"https:\/\/www.sonoraenequipo.com.mx\/#\/schema\/person\/50102df0fb23a8fa9e8effad8fa81386\"},\"headline\":\"Ssa actualiza protocolos de vigilancia ante variante \u00d3micron de covid\",\"datePublished\":\"2021-11-27T05:20:58+00:00\",\"dateModified\":\"2021-11-29T15:56:57+00:00\",\"mainEntityOfPage\":{\"@id\":\"https:\/\/www.sonoraenequipo.com.mx\/ssa-actualiza-protocolos-de-vigilancia-ante-variante-omicron-de-covid\/\"},\"wordCount\":651,\"commentCount\":0,\"publisher\":{\"@id\":\"https:\/\/www.sonoraenequipo.com.mx\/#organization\"},\"image\":{\"@id\":\"https:\/\/www.sonoraenequipo.com.mx\/ssa-actualiza-protocolos-de-vigilancia-ante-variante-omicron-de-covid\/#primaryimage\"},\"thumbnailUrl\":\"https:\/\/www.sonoraenequipo.com.mx\/storage\/2021\/11\/Covid-19-radiografia-hospital_opt.jpg\",\"articleSection\":[\"Rep\u00fablica\"],\"inLanguage\":\"es\",\"potentialAction\":[{\"@type\":\"CommentAction\",\"name\":\"Comment\",\"target\":[\"https:\/\/www.sonoraenequipo.com.mx\/ssa-actualiza-protocolos-de-vigilancia-ante-variante-omicron-de-covid\/#respond\"]}]},{\"@type\":\"WebPage\",\"@id\":\"https:\/\/www.sonoraenequipo.com.mx\/ssa-actualiza-protocolos-de-vigilancia-ante-variante-omicron-de-covid\/\",\"url\":\"https:\/\/www.sonoraenequipo.com.mx\/ssa-actualiza-protocolos-de-vigilancia-ante-variante-omicron-de-covid\/\",\"name\":\"Sonora en Equipo. Ssa actualiza protocolos de vigilancia ante variante \u00d3micron de covid Rep\u00fablica\",\"isPartOf\":{\"@id\":\"https:\/\/www.sonoraenequipo.com.mx\/#website\"},\"primaryImageOfPage\":{\"@id\":\"https:\/\/www.sonoraenequipo.com.mx\/ssa-actualiza-protocolos-de-vigilancia-ante-variante-omicron-de-covid\/#primaryimage\"},\"image\":{\"@id\":\"https:\/\/www.sonoraenequipo.com.mx\/ssa-actualiza-protocolos-de-vigilancia-ante-variante-omicron-de-covid\/#primaryimage\"},\"thumbnailUrl\":\"https:\/\/www.sonoraenequipo.com.mx\/storage\/2021\/11\/Covid-19-radiografia-hospital_opt.jpg\",\"datePublished\":\"2021-11-27T05:20:58+00:00\",\"dateModified\":\"2021-11-29T15:56:57+00:00\",\"description\":\"CIUDAD DE M\u00c9XICO. MX. \u2014 La Secretaria de Salud (Ssa) dio a conocer, la noche del viernes 26 de noviembre de 2021, que se est\u00e1n actualizando los protocolos En Sonora en Equipo publicamos toda la informaci\u00f3n de Sonora, M\u00e9xico y el Mundo de manera oportuna y busca que la libertad de expresi\u00f3n sea real. Visita nuestro medio informativo publicado desde Hermosillo, Sonora. %\",\"breadcrumb\":{\"@id\":\"https:\/\/www.sonoraenequipo.com.mx\/ssa-actualiza-protocolos-de-vigilancia-ante-variante-omicron-de-covid\/#breadcrumb\"},\"inLanguage\":\"es\",\"potentialAction\":[{\"@type\":\"ReadAction\",\"target\":[\"https:\/\/www.sonoraenequipo.com.mx\/ssa-actualiza-protocolos-de-vigilancia-ante-variante-omicron-de-covid\/\"]}]},{\"@type\":\"ImageObject\",\"inLanguage\":\"es\",\"@id\":\"https:\/\/www.sonoraenequipo.com.mx\/ssa-actualiza-protocolos-de-vigilancia-ante-variante-omicron-de-covid\/#primaryimage\",\"url\":\"https:\/\/www.sonoraenequipo.com.mx\/storage\/2021\/11\/Covid-19-radiografia-hospital_opt.jpg\",\"contentUrl\":\"https:\/\/www.sonoraenequipo.com.mx\/storage\/2021\/11\/Covid-19-radiografia-hospital_opt.jpg\",\"width\":700,\"height\":400},{\"@type\":\"BreadcrumbList\",\"@id\":\"https:\/\/www.sonoraenequipo.com.mx\/ssa-actualiza-protocolos-de-vigilancia-ante-variante-omicron-de-covid\/#breadcrumb\",\"itemListElement\":[{\"@type\":\"ListItem\",\"position\":1,\"name\":\"Portada\",\"item\":\"https:\/\/www.sonoraenequipo.com.mx\/\"},{\"@type\":\"ListItem\",\"position\":2,\"name\":\"Ssa actualiza protocolos de vigilancia ante variante \u00d3micron de covid\"}]},{\"@type\":\"WebSite\",\"@id\":\"https:\/\/www.sonoraenequipo.com.mx\/#website\",\"url\":\"https:\/\/www.sonoraenequipo.com.mx\/\",\"name\":\"Sonora en Equipo.\",\"description\":\"Diario en l\u00ednea con Noticias desde Hermosillo, Sonora\",\"publisher\":{\"@id\":\"https:\/\/www.sonoraenequipo.com.mx\/#organization\"},\"potentialAction\":[{\"@type\":\"SearchAction\",\"target\":{\"@type\":\"EntryPoint\",\"urlTemplate\":\"https:\/\/www.sonoraenequipo.com.mx\/?s={search_term_string}\"},\"query-input\":{\"@type\":\"PropertyValueSpecification\",\"valueRequired\":true,\"valueName\":\"search_term_string\"}}],\"inLanguage\":\"es\"},{\"@type\":\"Organization\",\"@id\":\"https:\/\/www.sonoraenequipo.com.mx\/#organization\",\"name\":\"Sonoraenequipo.com.mx\",\"url\":\"https:\/\/www.sonoraenequipo.com.mx\/\",\"logo\":{\"@type\":\"ImageObject\",\"inLanguage\":\"es\",\"@id\":\"https:\/\/www.sonoraenequipo.com.mx\/#\/schema\/logo\/image\/\",\"url\":\"https:\/\/www.sonoraenequipo.com.mx\/storage\/2019\/01\/sonoraenequipo_opt.png\",\"contentUrl\":\"https:\/\/www.sonoraenequipo.com.mx\/storage\/2019\/01\/sonoraenequipo_opt.png\",\"width\":375,\"height\":125,\"caption\":\"Sonoraenequipo.com.mx\"},\"image\":{\"@id\":\"https:\/\/www.sonoraenequipo.com.mx\/#\/schema\/logo\/image\/\"},\"sameAs\":[\"https:\/\/www.facebook.com\/SonoraEE\/\",\"https:\/\/x.com\/sonoraenequipo\",\"https:\/\/www.youtube.com\/channel\/UC338nW-lPEYmJQs4ZABQ1SQ\"]},{\"@type\":\"Person\",\"@id\":\"https:\/\/www.sonoraenequipo.com.mx\/#\/schema\/person\/50102df0fb23a8fa9e8effad8fa81386\",\"name\":\"enequipo\",\"image\":{\"@type\":\"ImageObject\",\"inLanguage\":\"es\",\"@id\":\"https:\/\/www.sonoraenequipo.com.mx\/#\/schema\/person\/image\/\",\"url\":\"https:\/\/secure.gravatar.com\/avatar\/049821681b589dabc0bc20695993ccebb09f5b5d4d790cd9251b97faac7c652b?s=96&d=blank&r=g\",\"contentUrl\":\"https:\/\/secure.gravatar.com\/avatar\/049821681b589dabc0bc20695993ccebb09f5b5d4d790cd9251b97faac7c652b?s=96&d=blank&r=g\",\"caption\":\"enequipo\"},\"sameAs\":[\"https:\/\/www.facebook.com\/SonoraEE\"]}]}<\/script>\n ","yoast_head_json":{"title":"Sonora en Equipo. Ssa actualiza protocolos de vigilancia ante variante \u00d3micron de covid Rep\u00fablica","description":"CIUDAD DE M\u00c9XICO. MX. \u2014 La Secretaria de Salud (Ssa) dio a conocer, la noche del viernes 26 de noviembre de 2021, que se est\u00e1n actualizando los protocolos En Sonora en Equipo publicamos toda la informaci\u00f3n de Sonora, M\u00e9xico y el Mundo de manera oportuna y busca que la libertad de expresi\u00f3n sea real. Visita nuestro medio informativo publicado desde Hermosillo, Sonora. %","robots":{"index":"index","follow":"follow","max-snippet":"max-snippet:-1","max-image-preview":"max-image-preview:large","max-video-preview":"max-video-preview:-1"},"canonical":"https:\/\/www.sonoraenequipo.com.mx\/ssa-actualiza-protocolos-de-vigilancia-ante-variante-omicron-de-covid\/","og_locale":"es_ES","og_type":"article","og_title":"Sonora en Equipo. Ssa actualiza protocolos de vigilancia ante variante \u00d3micron de covid Rep\u00fablica","og_description":"CIUDAD DE M\u00c9XICO. MX. \u2014 La Secretaria de Salud (Ssa) dio a conocer, la noche del viernes 26 de noviembre de 2021, que se est\u00e1n actualizando los protocolos En Sonora en Equipo publicamos toda la informaci\u00f3n de Sonora, M\u00e9xico y el Mundo de manera oportuna y busca que la libertad de expresi\u00f3n sea real. Visita nuestro medio informativo publicado desde Hermosillo, Sonora. %","og_url":"https:\/\/www.sonoraenequipo.com.mx\/ssa-actualiza-protocolos-de-vigilancia-ante-variante-omicron-de-covid\/","og_site_name":"Sonora en Equipo.","article_publisher":"https:\/\/www.facebook.com\/SonoraEE\/","article_author":"https:\/\/www.facebook.com\/SonoraEE","article_published_time":"2021-11-27T05:20:58+00:00","article_modified_time":"2021-11-29T15:56:57+00:00","og_image":[{"width":700,"height":400,"url":"https:\/\/www.sonoraenequipo.com.mx\/storage\/2021\/11\/Covid-19-radiografia-hospital_opt.jpg","type":"image\/jpeg"}],"author":"enequipo","twitter_card":"summary_large_image","twitter_creator":"@sonoraenequipo","twitter_site":"@sonoraenequipo","twitter_misc":{"Escrito por":"enequipo","Tiempo de lectura":"3 minutos"},"schema":{"@context":"https:\/\/schema.org","@graph":[{"@type":"Article","@id":"https:\/\/www.sonoraenequipo.com.mx\/ssa-actualiza-protocolos-de-vigilancia-ante-variante-omicron-de-covid\/#article","isPartOf":{"@id":"https:\/\/www.sonoraenequipo.com.mx\/ssa-actualiza-protocolos-de-vigilancia-ante-variante-omicron-de-covid\/"},"author":{"name":"enequipo","@id":"https:\/\/www.sonoraenequipo.com.mx\/#\/schema\/person\/50102df0fb23a8fa9e8effad8fa81386"},"headline":"Ssa actualiza protocolos de vigilancia ante variante \u00d3micron de covid","datePublished":"2021-11-27T05:20:58+00:00","dateModified":"2021-11-29T15:56:57+00:00","mainEntityOfPage":{"@id":"https:\/\/www.sonoraenequipo.com.mx\/ssa-actualiza-protocolos-de-vigilancia-ante-variante-omicron-de-covid\/"},"wordCount":651,"commentCount":0,"publisher":{"@id":"https:\/\/www.sonoraenequipo.com.mx\/#organization"},"image":{"@id":"https:\/\/www.sonoraenequipo.com.mx\/ssa-actualiza-protocolos-de-vigilancia-ante-variante-omicron-de-covid\/#primaryimage"},"thumbnailUrl":"https:\/\/www.sonoraenequipo.com.mx\/storage\/2021\/11\/Covid-19-radiografia-hospital_opt.jpg","articleSection":["Rep\u00fablica"],"inLanguage":"es","potentialAction":[{"@type":"CommentAction","name":"Comment","target":["https:\/\/www.sonoraenequipo.com.mx\/ssa-actualiza-protocolos-de-vigilancia-ante-variante-omicron-de-covid\/#respond"]}]},{"@type":"WebPage","@id":"https:\/\/www.sonoraenequipo.com.mx\/ssa-actualiza-protocolos-de-vigilancia-ante-variante-omicron-de-covid\/","url":"https:\/\/www.sonoraenequipo.com.mx\/ssa-actualiza-protocolos-de-vigilancia-ante-variante-omicron-de-covid\/","name":"Sonora en Equipo. Ssa actualiza protocolos de vigilancia ante variante \u00d3micron de covid Rep\u00fablica","isPartOf":{"@id":"https:\/\/www.sonoraenequipo.com.mx\/#website"},"primaryImageOfPage":{"@id":"https:\/\/www.sonoraenequipo.com.mx\/ssa-actualiza-protocolos-de-vigilancia-ante-variante-omicron-de-covid\/#primaryimage"},"image":{"@id":"https:\/\/www.sonoraenequipo.com.mx\/ssa-actualiza-protocolos-de-vigilancia-ante-variante-omicron-de-covid\/#primaryimage"},"thumbnailUrl":"https:\/\/www.sonoraenequipo.com.mx\/storage\/2021\/11\/Covid-19-radiografia-hospital_opt.jpg","datePublished":"2021-11-27T05:20:58+00:00","dateModified":"2021-11-29T15:56:57+00:00","description":"CIUDAD DE M\u00c9XICO. MX. \u2014 La Secretaria de Salud (Ssa) dio a conocer, la noche del viernes 26 de noviembre de 2021, que se est\u00e1n actualizando los protocolos En Sonora en Equipo publicamos toda la informaci\u00f3n de Sonora, M\u00e9xico y el Mundo de manera oportuna y busca que la libertad de expresi\u00f3n sea real. Visita nuestro medio informativo publicado desde Hermosillo, Sonora. %","breadcrumb":{"@id":"https:\/\/www.sonoraenequipo.com.mx\/ssa-actualiza-protocolos-de-vigilancia-ante-variante-omicron-de-covid\/#breadcrumb"},"inLanguage":"es","potentialAction":[{"@type":"ReadAction","target":["https:\/\/www.sonoraenequipo.com.mx\/ssa-actualiza-protocolos-de-vigilancia-ante-variante-omicron-de-covid\/"]}]},{"@type":"ImageObject","inLanguage":"es","@id":"https:\/\/www.sonoraenequipo.com.mx\/ssa-actualiza-protocolos-de-vigilancia-ante-variante-omicron-de-covid\/#primaryimage","url":"https:\/\/www.sonoraenequipo.com.mx\/storage\/2021\/11\/Covid-19-radiografia-hospital_opt.jpg","contentUrl":"https:\/\/www.sonoraenequipo.com.mx\/storage\/2021\/11\/Covid-19-radiografia-hospital_opt.jpg","width":700,"height":400},{"@type":"BreadcrumbList","@id":"https:\/\/www.sonoraenequipo.com.mx\/ssa-actualiza-protocolos-de-vigilancia-ante-variante-omicron-de-covid\/#breadcrumb","itemListElement":[{"@type":"ListItem","position":1,"name":"Portada","item":"https:\/\/www.sonoraenequipo.com.mx\/"},{"@type":"ListItem","position":2,"name":"Ssa actualiza protocolos de vigilancia ante variante \u00d3micron de covid"}]},{"@type":"WebSite","@id":"https:\/\/www.sonoraenequipo.com.mx\/#website","url":"https:\/\/www.sonoraenequipo.com.mx\/","name":"Sonora en Equipo.","description":"Diario en l\u00ednea con Noticias desde Hermosillo, Sonora","publisher":{"@id":"https:\/\/www.sonoraenequipo.com.mx\/#organization"},"potentialAction":[{"@type":"SearchAction","target":{"@type":"EntryPoint","urlTemplate":"https:\/\/www.sonoraenequipo.com.mx\/?s={search_term_string}"},"query-input":{"@type":"PropertyValueSpecification","valueRequired":true,"valueName":"search_term_string"}}],"inLanguage":"es"},{"@type":"Organization","@id":"https:\/\/www.sonoraenequipo.com.mx\/#organization","name":"Sonoraenequipo.com.mx","url":"https:\/\/www.sonoraenequipo.com.mx\/","logo":{"@type":"ImageObject","inLanguage":"es","@id":"https:\/\/www.sonoraenequipo.com.mx\/#\/schema\/logo\/image\/","url":"https:\/\/www.sonoraenequipo.com.mx\/storage\/2019\/01\/sonoraenequipo_opt.png","contentUrl":"https:\/\/www.sonoraenequipo.com.mx\/storage\/2019\/01\/sonoraenequipo_opt.png","width":375,"height":125,"caption":"Sonoraenequipo.com.mx"},"image":{"@id":"https:\/\/www.sonoraenequipo.com.mx\/#\/schema\/logo\/image\/"},"sameAs":["https:\/\/www.facebook.com\/SonoraEE\/","https:\/\/x.com\/sonoraenequipo","https:\/\/www.youtube.com\/channel\/UC338nW-lPEYmJQs4ZABQ1SQ"]},{"@type":"Person","@id":"https:\/\/www.sonoraenequipo.com.mx\/#\/schema\/person\/50102df0fb23a8fa9e8effad8fa81386","name":"enequipo","image":{"@type":"ImageObject","inLanguage":"es","@id":"https:\/\/www.sonoraenequipo.com.mx\/#\/schema\/person\/image\/","url":"https:\/\/secure.gravatar.com\/avatar\/049821681b589dabc0bc20695993ccebb09f5b5d4d790cd9251b97faac7c652b?s=96&d=blank&r=g","contentUrl":"https:\/\/secure.gravatar.com\/avatar\/049821681b589dabc0bc20695993ccebb09f5b5d4d790cd9251b97faac7c652b?s=96&d=blank&r=g","caption":"enequipo"},"sameAs":["https:\/\/www.facebook.com\/SonoraEE"]}]}},"jetpack_featured_media_url":"https:\/\/www.sonoraenequipo.com.mx\/storage\/2021\/11\/Covid-19-radiografia-hospital_opt.jpg","_links":{"self":[{"href":"https:\/\/www.sonoraenequipo.com.mx\/api\/wp\/v2\/posts\/128522","targetHints":{"allow":["GET"]}}],"collection":[{"href":"https:\/\/www.sonoraenequipo.com.mx\/api\/wp\/v2\/posts"}],"about":[{"href":"https:\/\/www.sonoraenequipo.com.mx\/api\/wp\/v2\/types\/post"}],"author":[{"embeddable":true,"href":"https:\/\/www.sonoraenequipo.com.mx\/api\/wp\/v2\/users\/1"}],"replies":[{"embeddable":true,"href":"https:\/\/www.sonoraenequipo.com.mx\/api\/wp\/v2\/comments?post=128522"}],"version-history":[{"count":1,"href":"https:\/\/www.sonoraenequipo.com.mx\/api\/wp\/v2\/posts\/128522\/revisions"}],"predecessor-version":[{"id":128524,"href":"https:\/\/www.sonoraenequipo.com.mx\/api\/wp\/v2\/posts\/128522\/revisions\/128524"}],"wp:featuredmedia":[{"embeddable":true,"href":"https:\/\/www.sonoraenequipo.com.mx\/api\/wp\/v2\/media\/128523"}],"wp:attachment":[{"href":"https:\/\/www.sonoraenequipo.com.mx\/api\/wp\/v2\/media?parent=128522"}],"wp:term":[{"taxonomy":"category","embeddable":true,"href":"https:\/\/www.sonoraenequipo.com.mx\/api\/wp\/v2\/categories?post=128522"},{"taxonomy":"post_tag","embeddable":true,"href":"https:\/\/www.sonoraenequipo.com.mx\/api\/wp\/v2\/tags?post=128522"}],"curies":[{"name":"wp","href":"https:\/\/api.w.org\/{rel}","templated":true}]}}