{"id":128730,"date":"2021-12-01T18:28:31","date_gmt":"2021-12-02T01:28:31","guid":{"rendered":"https:\/\/www.sonoraenequipo.com.mx\/?p=128730"},"modified":"2021-12-02T11:58:35","modified_gmt":"2021-12-02T18:58:35","slug":"amlo-estremece-el-zocalo-con-emotivo-discurso-y-mexicanos-corean-es-un-honor-estar-con-obrador","status":"publish","type":"post","link":"https:\/\/www.sonoraenequipo.com.mx\/amlo-estremece-el-zocalo-con-emotivo-discurso-y-mexicanos-corean-es-un-honor-estar-con-obrador\/","title":{"rendered":"AMLO estremece el Z\u00f3calo con emotivo discurso y mexicanos corean: \u201cEs un honor, estar con Obrador\u201d"},"content":{"rendered":"<p>CIUDAD DE M\u00c9XICO. MX. \u2014 El presidente Andr\u00e9s Manuel L\u00f3pez Obrador rendir\u00e1 este mi\u00e9rcoles 1 de diciembre un mensaje debido a sus 3 primeros a\u00f1os de gobierno, por lo que desde ayer se blind\u00f3 el Palacio Nacional.<\/p>\n<p>&nbsp;<\/p>\n<p> <\/p>\n<p>De acuerdo con informaci\u00f3n oficial, cerca de mil 300 efectivos de la Seguridad Ciudadana participar\u00e1n en el evento que comenzar\u00e1 a las 17:00 horas.<\/p>\n<p>En la plancha del Z\u00f3calo capitalino se encuentran simpatizantes de la denominada Cuarta Transformaci\u00f3n y, enfrente de Palacio Nacional, en un escenario, se est\u00e1n presentando grupos musicales y culturales, esto en lo que llega la hora marcada para que salga el mandatario.<\/p>\n<p>&nbsp;<\/p>\n<p>Al coraz\u00f3n de la capital arribaron la Jefa de Gobierno Claudia Sheinbaum y el titular de la Segob Adan Augusto L\u00f3pez.<\/p>\n<h3>Momentos m\u00e1s importantes del mensaje<\/h3>\n<p>A las 17:09 horas inici\u00f3 el mensaje del presidente Andr\u00e9s Manuel L\u00f3pez ante un Z\u00f3calo capitalino lleno, pese a la pandemia de COVID-19.<\/p>\n<p>\u201cComo en los mejores tiempos, nos volvemos a encontrar en el Z\u00f3calo democr\u00e1tico\u201d, declar\u00f3 el presidente ante la multitud.<\/p>\n<p>Con el fin de beneficiar a m\u00e1s de 11 millones de estudiantes, el presidente asegur\u00f3 que para \u00e9l es importante que los programas sociales y becas sean universales.<\/p>\n<p>El presidente indic\u00f3 que se aumentar\u00e1 la pensi\u00f3n a 9 millones de adultos mayores en el pa\u00eds, as\u00ed como para infancias y personas con alguna discapacidad.<\/p>\n<p>Respecto al desabasto de medicamentos, L\u00f3pez Obrador se\u00f1al\u00f3 que se ha combatido la corrupci\u00f3n donde se han inmiscuido personajes de la esfera p\u00fablica.<\/p>\n<p>El presidente inform\u00f3 que en enero iniciar\u00e1 el plan general de distribuci\u00f3n de medicamentos, encabezado por las Fuerzas Armadas.<\/p>\n<p>Ante una plancha con miles de simpatizantes, el mandatario anunci\u00f3 que en 2022 M\u00e9xico contar\u00e1 con la vacuna Patria.<\/p>\n<p>AMLO celebr\u00f3 que se haya cancelado la \u00abmal llamada reforma educativa\u00bb, asegur\u00f3 que la actual pol\u00edtica educativa est\u00e1 trabajando con respeto y de la mano de los maestros.<\/p>\n<p>Tiempo despu\u00e9s, pidi\u00f3 un aplauso para los mexicanos que se encuentran en el extranjero y enviaron sus remesas, destac\u00f3 una cifra r\u00e9cord.<\/p>\n<p>https:\/\/www.youtube.com\/watch?v=fzgSM9QAbQU&#038;t=11s<\/p>\n<p>Se comprometi\u00f3 a seguir con las investigaciones del caso Ayotzinapa y la protecci\u00f3n a periodistas.<\/p>\n<p>Adem\u00e1s, prometi\u00f3 que el 21 de marzo ser\u00e1 la inauguraci\u00f3n del Aeropuerto Felipe \u00c1ngeles. Nombr\u00f3 a Sembrado Vida como el programa de deforestaci\u00f3n m\u00e1s importante de M\u00e9xico y del mundo.<\/p>\n<p>&nbsp;<\/p>\n<p>(Publicada el 01\/12\/2021 \/ Con informaci\u00f3n de El Heraldo de M\u00e9xico)<\/p>\n","protected":false},"excerpt":{"rendered":"<p>CIUDAD DE M\u00c9XICO. MX. \u2014 El presidente Andr\u00e9s Manuel L\u00f3pez Obrador rendir\u00e1 este mi\u00e9rcoles 1&#8230;<\/p>\n","protected":false},"author":1,"featured_media":128731,"comment_status":"open","ping_status":"open","sticky":false,"template":"","format":"standard","meta":{"_monsterinsights_skip_tracking":false,"_monsterinsights_sitenote_active":false,"_monsterinsights_sitenote_note":"","_monsterinsights_sitenote_category":0,"footnotes":""},"categories":[5],"tags":[],"class_list":["post"],"yoast_head":" \n<title>Sonora en Equipo. AMLO estremece el Z\u00f3calo con emotivo discurso y mexicanos corean: \u201cEs un honor, estar con Obrador\u201d Rep\u00fablica<\/title>\n<meta name=\"description\" content=\"CIUDAD DE M\u00c9XICO. MX. \u2014 El presidente Andr\u00e9s Manuel L\u00f3pez Obrador rendir\u00e1 este mi\u00e9rcoles 1 de diciembre un mensaje debido a sus 3 primeros a\u00f1os de En Sonora en Equipo publicamos toda la informaci\u00f3n de Sonora, M\u00e9xico y el Mundo de manera oportuna y busca que la libertad de expresi\u00f3n sea real. Visita nuestro medio informativo publicado desde Hermosillo, Sonora. %\" \/>\n<meta name=\"robots\" content=\"index, follow, max-snippet:-1, max-image-preview:large, max-video-preview:-1\" \/>\n<link rel=\"canonical\" href=\"https:\/\/www.sonoraenequipo.com.mx\/amlo-estremece-el-zocalo-con-emotivo-discurso-y-mexicanos-corean-es-un-honor-estar-con-obrador\/\" \/>\n<meta property=\"og:locale\" content=\"es_ES\" \/>\n<meta property=\"og:type\" content=\"article\" \/>\n<meta property=\"og:title\" content=\"Sonora en Equipo. AMLO estremece el Z\u00f3calo con emotivo discurso y mexicanos corean: \u201cEs un honor, estar con Obrador\u201d Rep\u00fablica\" \/>\n<meta property=\"og:description\" content=\"CIUDAD DE M\u00c9XICO. MX. \u2014 El presidente Andr\u00e9s Manuel L\u00f3pez Obrador rendir\u00e1 este mi\u00e9rcoles 1 de diciembre un mensaje debido a sus 3 primeros a\u00f1os de En Sonora en Equipo publicamos toda la informaci\u00f3n de Sonora, M\u00e9xico y el Mundo de manera oportuna y busca que la libertad de expresi\u00f3n sea real. Visita nuestro medio informativo publicado desde Hermosillo, Sonora. %\" \/>\n<meta property=\"og:url\" content=\"https:\/\/www.sonoraenequipo.com.mx\/amlo-estremece-el-zocalo-con-emotivo-discurso-y-mexicanos-corean-es-un-honor-estar-con-obrador\/\" \/>\n<meta property=\"og:site_name\" content=\"Sonora en Equipo.\" \/>\n<meta property=\"article:publisher\" content=\"https:\/\/www.facebook.com\/SonoraEE\/\" \/>\n<meta property=\"article:author\" content=\"https:\/\/www.facebook.com\/SonoraEE\" \/>\n<meta property=\"article:published_time\" content=\"2021-12-02T01:28:31+00:00\" \/>\n<meta property=\"article:modified_time\" content=\"2021-12-02T18:58:35+00:00\" \/>\n<meta property=\"og:image\" content=\"https:\/\/www.sonoraenequipo.com.mx\/storage\/2021\/12\/3-anos-de-gob-AMLO-25_opt.jpg\" \/>\n\t<meta property=\"og:image:width\" content=\"700\" \/>\n\t<meta property=\"og:image:height\" content=\"400\" \/>\n\t<meta property=\"og:image:type\" content=\"image\/jpeg\" \/>\n<meta name=\"author\" content=\"enequipo\" \/>\n<meta name=\"twitter:card\" content=\"summary_large_image\" \/>\n<meta name=\"twitter:creator\" content=\"@sonoraenequipo\" \/>\n<meta name=\"twitter:site\" content=\"@sonoraenequipo\" \/>\n<meta name=\"twitter:label1\" content=\"Escrito por\" \/>\n\t<meta name=\"twitter:data1\" content=\"enequipo\" \/>\n\t<meta name=\"twitter:label2\" content=\"Tiempo de lectura\" \/>\n\t<meta name=\"twitter:data2\" content=\"2 minutos\" \/>\n<script type=\"application\/ld+json\" class=\"yoast-schema-graph\">{\"@context\":\"https:\/\/schema.org\",\"@graph\":[{\"@type\":\"Article\",\"@id\":\"https:\/\/www.sonoraenequipo.com.mx\/amlo-estremece-el-zocalo-con-emotivo-discurso-y-mexicanos-corean-es-un-honor-estar-con-obrador\/#article\",\"isPartOf\":{\"@id\":\"https:\/\/www.sonoraenequipo.com.mx\/amlo-estremece-el-zocalo-con-emotivo-discurso-y-mexicanos-corean-es-un-honor-estar-con-obrador\/\"},\"author\":{\"name\":\"enequipo\",\"@id\":\"https:\/\/www.sonoraenequipo.com.mx\/#\/schema\/person\/50102df0fb23a8fa9e8effad8fa81386\"},\"headline\":\"AMLO estremece el Z\u00f3calo con emotivo discurso y mexicanos corean: \u201cEs un honor, estar con Obrador\u201d\",\"datePublished\":\"2021-12-02T01:28:31+00:00\",\"dateModified\":\"2021-12-02T18:58:35+00:00\",\"mainEntityOfPage\":{\"@id\":\"https:\/\/www.sonoraenequipo.com.mx\/amlo-estremece-el-zocalo-con-emotivo-discurso-y-mexicanos-corean-es-un-honor-estar-con-obrador\/\"},\"wordCount\":449,\"commentCount\":0,\"publisher\":{\"@id\":\"https:\/\/www.sonoraenequipo.com.mx\/#organization\"},\"image\":{\"@id\":\"https:\/\/www.sonoraenequipo.com.mx\/amlo-estremece-el-zocalo-con-emotivo-discurso-y-mexicanos-corean-es-un-honor-estar-con-obrador\/#primaryimage\"},\"thumbnailUrl\":\"https:\/\/www.sonoraenequipo.com.mx\/storage\/2021\/12\/3-anos-de-gob-AMLO-25_opt.jpg\",\"articleSection\":[\"Rep\u00fablica\"],\"inLanguage\":\"es\",\"potentialAction\":[{\"@type\":\"CommentAction\",\"name\":\"Comment\",\"target\":[\"https:\/\/www.sonoraenequipo.com.mx\/amlo-estremece-el-zocalo-con-emotivo-discurso-y-mexicanos-corean-es-un-honor-estar-con-obrador\/#respond\"]}]},{\"@type\":\"WebPage\",\"@id\":\"https:\/\/www.sonoraenequipo.com.mx\/amlo-estremece-el-zocalo-con-emotivo-discurso-y-mexicanos-corean-es-un-honor-estar-con-obrador\/\",\"url\":\"https:\/\/www.sonoraenequipo.com.mx\/amlo-estremece-el-zocalo-con-emotivo-discurso-y-mexicanos-corean-es-un-honor-estar-con-obrador\/\",\"name\":\"Sonora en Equipo. AMLO estremece el Z\u00f3calo con emotivo discurso y mexicanos corean: \u201cEs un honor, estar con Obrador\u201d Rep\u00fablica\",\"isPartOf\":{\"@id\":\"https:\/\/www.sonoraenequipo.com.mx\/#website\"},\"primaryImageOfPage\":{\"@id\":\"https:\/\/www.sonoraenequipo.com.mx\/amlo-estremece-el-zocalo-con-emotivo-discurso-y-mexicanos-corean-es-un-honor-estar-con-obrador\/#primaryimage\"},\"image\":{\"@id\":\"https:\/\/www.sonoraenequipo.com.mx\/amlo-estremece-el-zocalo-con-emotivo-discurso-y-mexicanos-corean-es-un-honor-estar-con-obrador\/#primaryimage\"},\"thumbnailUrl\":\"https:\/\/www.sonoraenequipo.com.mx\/storage\/2021\/12\/3-anos-de-gob-AMLO-25_opt.jpg\",\"datePublished\":\"2021-12-02T01:28:31+00:00\",\"dateModified\":\"2021-12-02T18:58:35+00:00\",\"description\":\"CIUDAD DE M\u00c9XICO. MX. \u2014 El presidente Andr\u00e9s Manuel L\u00f3pez Obrador rendir\u00e1 este mi\u00e9rcoles 1 de diciembre un mensaje debido a sus 3 primeros a\u00f1os de En Sonora en Equipo publicamos toda la informaci\u00f3n de Sonora, M\u00e9xico y el Mundo de manera oportuna y busca que la libertad de expresi\u00f3n sea real. Visita nuestro medio informativo publicado desde Hermosillo, Sonora. %\",\"breadcrumb\":{\"@id\":\"https:\/\/www.sonoraenequipo.com.mx\/amlo-estremece-el-zocalo-con-emotivo-discurso-y-mexicanos-corean-es-un-honor-estar-con-obrador\/#breadcrumb\"},\"inLanguage\":\"es\",\"potentialAction\":[{\"@type\":\"ReadAction\",\"target\":[\"https:\/\/www.sonoraenequipo.com.mx\/amlo-estremece-el-zocalo-con-emotivo-discurso-y-mexicanos-corean-es-un-honor-estar-con-obrador\/\"]}]},{\"@type\":\"ImageObject\",\"inLanguage\":\"es\",\"@id\":\"https:\/\/www.sonoraenequipo.com.mx\/amlo-estremece-el-zocalo-con-emotivo-discurso-y-mexicanos-corean-es-un-honor-estar-con-obrador\/#primaryimage\",\"url\":\"https:\/\/www.sonoraenequipo.com.mx\/storage\/2021\/12\/3-anos-de-gob-AMLO-25_opt.jpg\",\"contentUrl\":\"https:\/\/www.sonoraenequipo.com.mx\/storage\/2021\/12\/3-anos-de-gob-AMLO-25_opt.jpg\",\"width\":700,\"height\":400},{\"@type\":\"BreadcrumbList\",\"@id\":\"https:\/\/www.sonoraenequipo.com.mx\/amlo-estremece-el-zocalo-con-emotivo-discurso-y-mexicanos-corean-es-un-honor-estar-con-obrador\/#breadcrumb\",\"itemListElement\":[{\"@type\":\"ListItem\",\"position\":1,\"name\":\"Portada\",\"item\":\"https:\/\/www.sonoraenequipo.com.mx\/\"},{\"@type\":\"ListItem\",\"position\":2,\"name\":\"AMLO estremece el Z\u00f3calo con emotivo discurso y mexicanos corean: \u201cEs un honor, estar con Obrador\u201d\"}]},{\"@type\":\"WebSite\",\"@id\":\"https:\/\/www.sonoraenequipo.com.mx\/#website\",\"url\":\"https:\/\/www.sonoraenequipo.com.mx\/\",\"name\":\"Sonora en Equipo.\",\"description\":\"Diario en l\u00ednea con Noticias desde Hermosillo, Sonora\",\"publisher\":{\"@id\":\"https:\/\/www.sonoraenequipo.com.mx\/#organization\"},\"potentialAction\":[{\"@type\":\"SearchAction\",\"target\":{\"@type\":\"EntryPoint\",\"urlTemplate\":\"https:\/\/www.sonoraenequipo.com.mx\/?s={search_term_string}\"},\"query-input\":{\"@type\":\"PropertyValueSpecification\",\"valueRequired\":true,\"valueName\":\"search_term_string\"}}],\"inLanguage\":\"es\"},{\"@type\":\"Organization\",\"@id\":\"https:\/\/www.sonoraenequipo.com.mx\/#organization\",\"name\":\"Sonoraenequipo.com.mx\",\"url\":\"https:\/\/www.sonoraenequipo.com.mx\/\",\"logo\":{\"@type\":\"ImageObject\",\"inLanguage\":\"es\",\"@id\":\"https:\/\/www.sonoraenequipo.com.mx\/#\/schema\/logo\/image\/\",\"url\":\"https:\/\/www.sonoraenequipo.com.mx\/storage\/2019\/01\/sonoraenequipo_opt.png\",\"contentUrl\":\"https:\/\/www.sonoraenequipo.com.mx\/storage\/2019\/01\/sonoraenequipo_opt.png\",\"width\":375,\"height\":125,\"caption\":\"Sonoraenequipo.com.mx\"},\"image\":{\"@id\":\"https:\/\/www.sonoraenequipo.com.mx\/#\/schema\/logo\/image\/\"},\"sameAs\":[\"https:\/\/www.facebook.com\/SonoraEE\/\",\"https:\/\/x.com\/sonoraenequipo\",\"https:\/\/www.youtube.com\/channel\/UC338nW-lPEYmJQs4ZABQ1SQ\"]},{\"@type\":\"Person\",\"@id\":\"https:\/\/www.sonoraenequipo.com.mx\/#\/schema\/person\/50102df0fb23a8fa9e8effad8fa81386\",\"name\":\"enequipo\",\"image\":{\"@type\":\"ImageObject\",\"inLanguage\":\"es\",\"@id\":\"https:\/\/www.sonoraenequipo.com.mx\/#\/schema\/person\/image\/\",\"url\":\"https:\/\/secure.gravatar.com\/avatar\/049821681b589dabc0bc20695993ccebb09f5b5d4d790cd9251b97faac7c652b?s=96&d=blank&r=g\",\"contentUrl\":\"https:\/\/secure.gravatar.com\/avatar\/049821681b589dabc0bc20695993ccebb09f5b5d4d790cd9251b97faac7c652b?s=96&d=blank&r=g\",\"caption\":\"enequipo\"},\"sameAs\":[\"https:\/\/www.facebook.com\/SonoraEE\"]}]}<\/script>\n ","yoast_head_json":{"title":"Sonora en Equipo. AMLO estremece el Z\u00f3calo con emotivo discurso y mexicanos corean: \u201cEs un honor, estar con Obrador\u201d Rep\u00fablica","description":"CIUDAD DE M\u00c9XICO. MX. \u2014 El presidente Andr\u00e9s Manuel L\u00f3pez Obrador rendir\u00e1 este mi\u00e9rcoles 1 de diciembre un mensaje debido a sus 3 primeros a\u00f1os de En Sonora en Equipo publicamos toda la informaci\u00f3n de Sonora, M\u00e9xico y el Mundo de manera oportuna y busca que la libertad de expresi\u00f3n sea real. Visita nuestro medio informativo publicado desde Hermosillo, Sonora. %","robots":{"index":"index","follow":"follow","max-snippet":"max-snippet:-1","max-image-preview":"max-image-preview:large","max-video-preview":"max-video-preview:-1"},"canonical":"https:\/\/www.sonoraenequipo.com.mx\/amlo-estremece-el-zocalo-con-emotivo-discurso-y-mexicanos-corean-es-un-honor-estar-con-obrador\/","og_locale":"es_ES","og_type":"article","og_title":"Sonora en Equipo. AMLO estremece el Z\u00f3calo con emotivo discurso y mexicanos corean: \u201cEs un honor, estar con Obrador\u201d Rep\u00fablica","og_description":"CIUDAD DE M\u00c9XICO. MX. \u2014 El presidente Andr\u00e9s Manuel L\u00f3pez Obrador rendir\u00e1 este mi\u00e9rcoles 1 de diciembre un mensaje debido a sus 3 primeros a\u00f1os de En Sonora en Equipo publicamos toda la informaci\u00f3n de Sonora, M\u00e9xico y el Mundo de manera oportuna y busca que la libertad de expresi\u00f3n sea real. Visita nuestro medio informativo publicado desde Hermosillo, Sonora. %","og_url":"https:\/\/www.sonoraenequipo.com.mx\/amlo-estremece-el-zocalo-con-emotivo-discurso-y-mexicanos-corean-es-un-honor-estar-con-obrador\/","og_site_name":"Sonora en Equipo.","article_publisher":"https:\/\/www.facebook.com\/SonoraEE\/","article_author":"https:\/\/www.facebook.com\/SonoraEE","article_published_time":"2021-12-02T01:28:31+00:00","article_modified_time":"2021-12-02T18:58:35+00:00","og_image":[{"width":700,"height":400,"url":"https:\/\/www.sonoraenequipo.com.mx\/storage\/2021\/12\/3-anos-de-gob-AMLO-25_opt.jpg","type":"image\/jpeg"}],"author":"enequipo","twitter_card":"summary_large_image","twitter_creator":"@sonoraenequipo","twitter_site":"@sonoraenequipo","twitter_misc":{"Escrito por":"enequipo","Tiempo de lectura":"2 minutos"},"schema":{"@context":"https:\/\/schema.org","@graph":[{"@type":"Article","@id":"https:\/\/www.sonoraenequipo.com.mx\/amlo-estremece-el-zocalo-con-emotivo-discurso-y-mexicanos-corean-es-un-honor-estar-con-obrador\/#article","isPartOf":{"@id":"https:\/\/www.sonoraenequipo.com.mx\/amlo-estremece-el-zocalo-con-emotivo-discurso-y-mexicanos-corean-es-un-honor-estar-con-obrador\/"},"author":{"name":"enequipo","@id":"https:\/\/www.sonoraenequipo.com.mx\/#\/schema\/person\/50102df0fb23a8fa9e8effad8fa81386"},"headline":"AMLO estremece el Z\u00f3calo con emotivo discurso y mexicanos corean: \u201cEs un honor, estar con Obrador\u201d","datePublished":"2021-12-02T01:28:31+00:00","dateModified":"2021-12-02T18:58:35+00:00","mainEntityOfPage":{"@id":"https:\/\/www.sonoraenequipo.com.mx\/amlo-estremece-el-zocalo-con-emotivo-discurso-y-mexicanos-corean-es-un-honor-estar-con-obrador\/"},"wordCount":449,"commentCount":0,"publisher":{"@id":"https:\/\/www.sonoraenequipo.com.mx\/#organization"},"image":{"@id":"https:\/\/www.sonoraenequipo.com.mx\/amlo-estremece-el-zocalo-con-emotivo-discurso-y-mexicanos-corean-es-un-honor-estar-con-obrador\/#primaryimage"},"thumbnailUrl":"https:\/\/www.sonoraenequipo.com.mx\/storage\/2021\/12\/3-anos-de-gob-AMLO-25_opt.jpg","articleSection":["Rep\u00fablica"],"inLanguage":"es","potentialAction":[{"@type":"CommentAction","name":"Comment","target":["https:\/\/www.sonoraenequipo.com.mx\/amlo-estremece-el-zocalo-con-emotivo-discurso-y-mexicanos-corean-es-un-honor-estar-con-obrador\/#respond"]}]},{"@type":"WebPage","@id":"https:\/\/www.sonoraenequipo.com.mx\/amlo-estremece-el-zocalo-con-emotivo-discurso-y-mexicanos-corean-es-un-honor-estar-con-obrador\/","url":"https:\/\/www.sonoraenequipo.com.mx\/amlo-estremece-el-zocalo-con-emotivo-discurso-y-mexicanos-corean-es-un-honor-estar-con-obrador\/","name":"Sonora en Equipo. AMLO estremece el Z\u00f3calo con emotivo discurso y mexicanos corean: \u201cEs un honor, estar con Obrador\u201d Rep\u00fablica","isPartOf":{"@id":"https:\/\/www.sonoraenequipo.com.mx\/#website"},"primaryImageOfPage":{"@id":"https:\/\/www.sonoraenequipo.com.mx\/amlo-estremece-el-zocalo-con-emotivo-discurso-y-mexicanos-corean-es-un-honor-estar-con-obrador\/#primaryimage"},"image":{"@id":"https:\/\/www.sonoraenequipo.com.mx\/amlo-estremece-el-zocalo-con-emotivo-discurso-y-mexicanos-corean-es-un-honor-estar-con-obrador\/#primaryimage"},"thumbnailUrl":"https:\/\/www.sonoraenequipo.com.mx\/storage\/2021\/12\/3-anos-de-gob-AMLO-25_opt.jpg","datePublished":"2021-12-02T01:28:31+00:00","dateModified":"2021-12-02T18:58:35+00:00","description":"CIUDAD DE M\u00c9XICO. MX. \u2014 El presidente Andr\u00e9s Manuel L\u00f3pez Obrador rendir\u00e1 este mi\u00e9rcoles 1 de diciembre un mensaje debido a sus 3 primeros a\u00f1os de En Sonora en Equipo publicamos toda la informaci\u00f3n de Sonora, M\u00e9xico y el Mundo de manera oportuna y busca que la libertad de expresi\u00f3n sea real. Visita nuestro medio informativo publicado desde Hermosillo, Sonora. %","breadcrumb":{"@id":"https:\/\/www.sonoraenequipo.com.mx\/amlo-estremece-el-zocalo-con-emotivo-discurso-y-mexicanos-corean-es-un-honor-estar-con-obrador\/#breadcrumb"},"inLanguage":"es","potentialAction":[{"@type":"ReadAction","target":["https:\/\/www.sonoraenequipo.com.mx\/amlo-estremece-el-zocalo-con-emotivo-discurso-y-mexicanos-corean-es-un-honor-estar-con-obrador\/"]}]},{"@type":"ImageObject","inLanguage":"es","@id":"https:\/\/www.sonoraenequipo.com.mx\/amlo-estremece-el-zocalo-con-emotivo-discurso-y-mexicanos-corean-es-un-honor-estar-con-obrador\/#primaryimage","url":"https:\/\/www.sonoraenequipo.com.mx\/storage\/2021\/12\/3-anos-de-gob-AMLO-25_opt.jpg","contentUrl":"https:\/\/www.sonoraenequipo.com.mx\/storage\/2021\/12\/3-anos-de-gob-AMLO-25_opt.jpg","width":700,"height":400},{"@type":"BreadcrumbList","@id":"https:\/\/www.sonoraenequipo.com.mx\/amlo-estremece-el-zocalo-con-emotivo-discurso-y-mexicanos-corean-es-un-honor-estar-con-obrador\/#breadcrumb","itemListElement":[{"@type":"ListItem","position":1,"name":"Portada","item":"https:\/\/www.sonoraenequipo.com.mx\/"},{"@type":"ListItem","position":2,"name":"AMLO estremece el Z\u00f3calo con emotivo discurso y mexicanos corean: \u201cEs un honor, estar con Obrador\u201d"}]},{"@type":"WebSite","@id":"https:\/\/www.sonoraenequipo.com.mx\/#website","url":"https:\/\/www.sonoraenequipo.com.mx\/","name":"Sonora en Equipo.","description":"Diario en l\u00ednea con Noticias desde Hermosillo, Sonora","publisher":{"@id":"https:\/\/www.sonoraenequipo.com.mx\/#organization"},"potentialAction":[{"@type":"SearchAction","target":{"@type":"EntryPoint","urlTemplate":"https:\/\/www.sonoraenequipo.com.mx\/?s={search_term_string}"},"query-input":{"@type":"PropertyValueSpecification","valueRequired":true,"valueName":"search_term_string"}}],"inLanguage":"es"},{"@type":"Organization","@id":"https:\/\/www.sonoraenequipo.com.mx\/#organization","name":"Sonoraenequipo.com.mx","url":"https:\/\/www.sonoraenequipo.com.mx\/","logo":{"@type":"ImageObject","inLanguage":"es","@id":"https:\/\/www.sonoraenequipo.com.mx\/#\/schema\/logo\/image\/","url":"https:\/\/www.sonoraenequipo.com.mx\/storage\/2019\/01\/sonoraenequipo_opt.png","contentUrl":"https:\/\/www.sonoraenequipo.com.mx\/storage\/2019\/01\/sonoraenequipo_opt.png","width":375,"height":125,"caption":"Sonoraenequipo.com.mx"},"image":{"@id":"https:\/\/www.sonoraenequipo.com.mx\/#\/schema\/logo\/image\/"},"sameAs":["https:\/\/www.facebook.com\/SonoraEE\/","https:\/\/x.com\/sonoraenequipo","https:\/\/www.youtube.com\/channel\/UC338nW-lPEYmJQs4ZABQ1SQ"]},{"@type":"Person","@id":"https:\/\/www.sonoraenequipo.com.mx\/#\/schema\/person\/50102df0fb23a8fa9e8effad8fa81386","name":"enequipo","image":{"@type":"ImageObject","inLanguage":"es","@id":"https:\/\/www.sonoraenequipo.com.mx\/#\/schema\/person\/image\/","url":"https:\/\/secure.gravatar.com\/avatar\/049821681b589dabc0bc20695993ccebb09f5b5d4d790cd9251b97faac7c652b?s=96&d=blank&r=g","contentUrl":"https:\/\/secure.gravatar.com\/avatar\/049821681b589dabc0bc20695993ccebb09f5b5d4d790cd9251b97faac7c652b?s=96&d=blank&r=g","caption":"enequipo"},"sameAs":["https:\/\/www.facebook.com\/SonoraEE"]}]}},"jetpack_featured_media_url":"https:\/\/www.sonoraenequipo.com.mx\/storage\/2021\/12\/3-anos-de-gob-AMLO-25_opt.jpg","_links":{"self":[{"href":"https:\/\/www.sonoraenequipo.com.mx\/api\/wp\/v2\/posts\/128730","targetHints":{"allow":["GET"]}}],"collection":[{"href":"https:\/\/www.sonoraenequipo.com.mx\/api\/wp\/v2\/posts"}],"about":[{"href":"https:\/\/www.sonoraenequipo.com.mx\/api\/wp\/v2\/types\/post"}],"author":[{"embeddable":true,"href":"https:\/\/www.sonoraenequipo.com.mx\/api\/wp\/v2\/users\/1"}],"replies":[{"embeddable":true,"href":"https:\/\/www.sonoraenequipo.com.mx\/api\/wp\/v2\/comments?post=128730"}],"version-history":[{"count":3,"href":"https:\/\/www.sonoraenequipo.com.mx\/api\/wp\/v2\/posts\/128730\/revisions"}],"predecessor-version":[{"id":128735,"href":"https:\/\/www.sonoraenequipo.com.mx\/api\/wp\/v2\/posts\/128730\/revisions\/128735"}],"wp:featuredmedia":[{"embeddable":true,"href":"https:\/\/www.sonoraenequipo.com.mx\/api\/wp\/v2\/media\/128731"}],"wp:attachment":[{"href":"https:\/\/www.sonoraenequipo.com.mx\/api\/wp\/v2\/media?parent=128730"}],"wp:term":[{"taxonomy":"category","embeddable":true,"href":"https:\/\/www.sonoraenequipo.com.mx\/api\/wp\/v2\/categories?post=128730"},{"taxonomy":"post_tag","embeddable":true,"href":"https:\/\/www.sonoraenequipo.com.mx\/api\/wp\/v2\/tags?post=128730"}],"curies":[{"name":"wp","href":"https:\/\/api.w.org\/{rel}","templated":true}]}}