{"id":128739,"date":"2021-12-02T10:50:27","date_gmt":"2021-12-02T17:50:27","guid":{"rendered":"https:\/\/www.sonoraenequipo.com.mx\/?p=128739"},"modified":"2021-12-02T12:16:16","modified_gmt":"2021-12-02T19:16:16","slug":"juan-pablo-de-botton-sustituira-a-victoria-rodriguez-como-titular-de-la-subsecretaria-de-egresos-de-hacienda-amlo","status":"publish","type":"post","link":"https:\/\/www.sonoraenequipo.com.mx\/juan-pablo-de-botton-sustituira-a-victoria-rodriguez-como-titular-de-la-subsecretaria-de-egresos-de-hacienda-amlo\/","title":{"rendered":"Juan Pablo de Botton sustituir\u00e1 a Victoria Rodr\u00edguez como titular de la Subsecretar\u00eda de Egresos de Hacienda: AMLO"},"content":{"rendered":"<p>CIUDAD DE M\u00c9XICO. MX. \u2014 El presidente, Andr\u00e9s Manuel L\u00f3pez Obrador (AMLO), anunci\u00f3 que Juan Pablo de Botton, actual director general del Banco Nacional de Comercio Exterior (Bancomext) y de Nacional Financiera (Nafin), sustituir\u00e1 a Victoria Rodr\u00edguez como titular de la Subsecretar\u00eda de Egresos de Hacienda.<\/p>\n<p>&nbsp;<\/p>\n<p> <\/p>\n<p><em>\u201cJuan Pablo, que est\u00e1 como director de Nacional Financiera, pasa a la subsecretaria de egresos, d\u00f3nde est\u00e1 Victoria Rodr\u00edguez, que va al Banco de M\u00e9xico\u201d<\/em>, inform\u00f3 AMLO en su conferencia ma\u00f1anera desde Palacio Nacional.<\/p>\n<p>&nbsp;<\/p>\n<p>L\u00f3pez Obrador descart\u00f3 nuevos cambios en el gabinete para afrontar la segunda mitad de su mandato y afirm\u00f3 desconocer si el fiscal general de la Rep\u00fablica, Alejandro Gertz Manero, planea su dimisi\u00f3n.<\/p>\n<p>&nbsp;<\/p>\n<p>&nbsp;<\/p>\n<p><em>\u201cNo, ya no. Solo que se presente algo especial, pero ya se hicieron los cambios\u201d<\/em>, respondi\u00f3.<\/p>\n<p>&nbsp;<\/p>\n<p>El mandatario afirm\u00f3 que el \u00faltimo cambio fue la salida la semana pasada de la subsecretaria de Egresos, Victoria Rodr\u00edguez Ceja, postulada a gobernadora del Banco de M\u00e9xico (Banxico), quien ser\u00e1 sustituida por Juan Pablo de Botton.<\/p>\n<p>&nbsp;<\/p>\n<p>Tras las elecciones intermedias del pasado 6 de junio, en las que Morena retuvo la mayor\u00eda absoluta de la C\u00e1mara de Diputados, pero no alcanz\u00f3 la mayor\u00eda de tres cuartos para modificar la Constituci\u00f3n, L\u00f3pez Obrador anunci\u00f3 cambios en su equipo para afrontar la segunda parte de su mandato, que concluye en 2024.<\/p>\n<p>&nbsp;<\/p>\n<p>El primero en dejar el Gobierno fue el secretario de Hacienda Arturo Herrera, quien iba a ser postulado para ser gobernador del Banco de M\u00e9xico, pero finalmente L\u00f3pez Obrador cambi\u00f3 de opini\u00f3n y propuso a Rodr\u00edguez Ceja.<\/p>\n<p>&nbsp;<\/p>\n<p>En junio, el mandatario tambi\u00e9n ces\u00f3 a la secretaria de la Funci\u00f3n P\u00fablica Irma Er\u00e9ndira Sandoval, encargada de combatir la corrupci\u00f3n, quien fue sustituida por Roberto Salcedo.<\/p>\n<p>&nbsp;<\/p>\n<p>En agosto, dimiti\u00f3 la secretaria de Gobernaci\u00f3n Olga S\u00e1nchez Cordero para presidir el Senado y en su lugar fue nombrado Ad\u00e1n Augusto L\u00f3pez.<\/p>\n<p>&nbsp;<\/p>\n<p>Mientras que en noviembre renunci\u00f3 el titular de la Unidad de Inteligencia Financiera (UIF) Santiago Nieto tras casarse en Guatemala en una ostentosa boda rodeada de pol\u00e9mica.<\/p>\n<p><iframe loading=\"lazy\" title=\"Avanza recuperaci\u00f3n del poder adquisitivo con aumento al salario m\u00ednimo. Conferencia presidente AMLO\" width=\"640\" height=\"360\" src=\"https:\/\/www.youtube.com\/embed\/IKN70S3v8hg?feature=oembed\" frameborder=\"0\" allow=\"accelerometer; autoplay; clipboard-write; encrypted-media; gyroscope; picture-in-picture; web-share\" referrerpolicy=\"strict-origin-when-cross-origin\" allowfullscreen><\/iframe><\/p>\n<p>&nbsp;<\/p>\n<p>&nbsp;<\/p>\n<p>&nbsp;<\/p>\n<p>(Publicada el 02\/12\/2021 \/ Con informaci\u00f3n de EFE)<\/p>\n","protected":false},"excerpt":{"rendered":"<p>CIUDAD DE M\u00c9XICO. MX. \u2014 El presidente, Andr\u00e9s Manuel L\u00f3pez Obrador (AMLO), anunci\u00f3 que Juan&#8230;<\/p>\n","protected":false},"author":1,"featured_media":128740,"comment_status":"open","ping_status":"open","sticky":false,"template":"","format":"standard","meta":{"_monsterinsights_skip_tracking":false,"_monsterinsights_sitenote_active":false,"_monsterinsights_sitenote_note":"","_monsterinsights_sitenote_category":0,"footnotes":""},"categories":[5],"tags":[],"class_list":["post"],"yoast_head":" \n<title>Sonora en Equipo. Juan Pablo de Botton sustituir\u00e1 a Victoria Rodr\u00edguez como titular de la Subsecretar\u00eda de Egresos de Hacienda: AMLO Rep\u00fablica<\/title>\n<meta name=\"description\" content=\"CIUDAD DE M\u00c9XICO. MX. \u2014 El presidente, Andr\u00e9s Manuel L\u00f3pez Obrador (AMLO), anunci\u00f3 que Juan Pablo de Botton, actual director general del Banco Nacional de En Sonora en Equipo publicamos toda la informaci\u00f3n de Sonora, M\u00e9xico y el Mundo de manera oportuna y busca que la libertad de expresi\u00f3n sea real. Visita nuestro medio informativo publicado desde Hermosillo, Sonora. %\" \/>\n<meta name=\"robots\" content=\"index, follow, max-snippet:-1, max-image-preview:large, max-video-preview:-1\" \/>\n<link rel=\"canonical\" href=\"https:\/\/www.sonoraenequipo.com.mx\/juan-pablo-de-botton-sustituira-a-victoria-rodriguez-como-titular-de-la-subsecretaria-de-egresos-de-hacienda-amlo\/\" \/>\n<meta property=\"og:locale\" content=\"es_ES\" \/>\n<meta property=\"og:type\" content=\"article\" \/>\n<meta property=\"og:title\" content=\"Sonora en Equipo. Juan Pablo de Botton sustituir\u00e1 a Victoria Rodr\u00edguez como titular de la Subsecretar\u00eda de Egresos de Hacienda: AMLO Rep\u00fablica\" \/>\n<meta property=\"og:description\" content=\"CIUDAD DE M\u00c9XICO. MX. \u2014 El presidente, Andr\u00e9s Manuel L\u00f3pez Obrador (AMLO), anunci\u00f3 que Juan Pablo de Botton, actual director general del Banco Nacional de En Sonora en Equipo publicamos toda la informaci\u00f3n de Sonora, M\u00e9xico y el Mundo de manera oportuna y busca que la libertad de expresi\u00f3n sea real. Visita nuestro medio informativo publicado desde Hermosillo, Sonora. %\" \/>\n<meta property=\"og:url\" content=\"https:\/\/www.sonoraenequipo.com.mx\/juan-pablo-de-botton-sustituira-a-victoria-rodriguez-como-titular-de-la-subsecretaria-de-egresos-de-hacienda-amlo\/\" \/>\n<meta property=\"og:site_name\" content=\"Sonora en Equipo.\" \/>\n<meta property=\"article:publisher\" content=\"https:\/\/www.facebook.com\/SonoraEE\/\" \/>\n<meta property=\"article:author\" content=\"https:\/\/www.facebook.com\/SonoraEE\" \/>\n<meta property=\"article:published_time\" content=\"2021-12-02T17:50:27+00:00\" \/>\n<meta property=\"article:modified_time\" content=\"2021-12-02T19:16:16+00:00\" \/>\n<meta property=\"og:image\" content=\"https:\/\/www.sonoraenequipo.com.mx\/storage\/2021\/12\/juan-pablo-de-botton_opt.jpg\" \/>\n\t<meta property=\"og:image:width\" content=\"700\" \/>\n\t<meta property=\"og:image:height\" content=\"400\" \/>\n\t<meta property=\"og:image:type\" content=\"image\/jpeg\" \/>\n<meta name=\"author\" content=\"enequipo\" \/>\n<meta name=\"twitter:card\" content=\"summary_large_image\" \/>\n<meta name=\"twitter:creator\" content=\"@sonoraenequipo\" \/>\n<meta name=\"twitter:site\" content=\"@sonoraenequipo\" \/>\n<meta name=\"twitter:label1\" content=\"Escrito por\" \/>\n\t<meta name=\"twitter:data1\" content=\"enequipo\" \/>\n\t<meta name=\"twitter:label2\" content=\"Tiempo de lectura\" \/>\n\t<meta name=\"twitter:data2\" content=\"2 minutos\" \/>\n<script type=\"application\/ld+json\" class=\"yoast-schema-graph\">{\"@context\":\"https:\/\/schema.org\",\"@graph\":[{\"@type\":\"Article\",\"@id\":\"https:\/\/www.sonoraenequipo.com.mx\/juan-pablo-de-botton-sustituira-a-victoria-rodriguez-como-titular-de-la-subsecretaria-de-egresos-de-hacienda-amlo\/#article\",\"isPartOf\":{\"@id\":\"https:\/\/www.sonoraenequipo.com.mx\/juan-pablo-de-botton-sustituira-a-victoria-rodriguez-como-titular-de-la-subsecretaria-de-egresos-de-hacienda-amlo\/\"},\"author\":{\"name\":\"enequipo\",\"@id\":\"https:\/\/www.sonoraenequipo.com.mx\/#\/schema\/person\/50102df0fb23a8fa9e8effad8fa81386\"},\"headline\":\"Juan Pablo de Botton sustituir\u00e1 a Victoria Rodr\u00edguez como titular de la Subsecretar\u00eda de Egresos de Hacienda: AMLO\",\"datePublished\":\"2021-12-02T17:50:27+00:00\",\"dateModified\":\"2021-12-02T19:16:16+00:00\",\"mainEntityOfPage\":{\"@id\":\"https:\/\/www.sonoraenequipo.com.mx\/juan-pablo-de-botton-sustituira-a-victoria-rodriguez-como-titular-de-la-subsecretaria-de-egresos-de-hacienda-amlo\/\"},\"wordCount\":412,\"commentCount\":0,\"publisher\":{\"@id\":\"https:\/\/www.sonoraenequipo.com.mx\/#organization\"},\"image\":{\"@id\":\"https:\/\/www.sonoraenequipo.com.mx\/juan-pablo-de-botton-sustituira-a-victoria-rodriguez-como-titular-de-la-subsecretaria-de-egresos-de-hacienda-amlo\/#primaryimage\"},\"thumbnailUrl\":\"https:\/\/www.sonoraenequipo.com.mx\/storage\/2021\/12\/juan-pablo-de-botton_opt.jpg\",\"articleSection\":[\"Rep\u00fablica\"],\"inLanguage\":\"es\",\"potentialAction\":[{\"@type\":\"CommentAction\",\"name\":\"Comment\",\"target\":[\"https:\/\/www.sonoraenequipo.com.mx\/juan-pablo-de-botton-sustituira-a-victoria-rodriguez-como-titular-de-la-subsecretaria-de-egresos-de-hacienda-amlo\/#respond\"]}]},{\"@type\":\"WebPage\",\"@id\":\"https:\/\/www.sonoraenequipo.com.mx\/juan-pablo-de-botton-sustituira-a-victoria-rodriguez-como-titular-de-la-subsecretaria-de-egresos-de-hacienda-amlo\/\",\"url\":\"https:\/\/www.sonoraenequipo.com.mx\/juan-pablo-de-botton-sustituira-a-victoria-rodriguez-como-titular-de-la-subsecretaria-de-egresos-de-hacienda-amlo\/\",\"name\":\"Sonora en Equipo. Juan Pablo de Botton sustituir\u00e1 a Victoria Rodr\u00edguez como titular de la Subsecretar\u00eda de Egresos de Hacienda: AMLO Rep\u00fablica\",\"isPartOf\":{\"@id\":\"https:\/\/www.sonoraenequipo.com.mx\/#website\"},\"primaryImageOfPage\":{\"@id\":\"https:\/\/www.sonoraenequipo.com.mx\/juan-pablo-de-botton-sustituira-a-victoria-rodriguez-como-titular-de-la-subsecretaria-de-egresos-de-hacienda-amlo\/#primaryimage\"},\"image\":{\"@id\":\"https:\/\/www.sonoraenequipo.com.mx\/juan-pablo-de-botton-sustituira-a-victoria-rodriguez-como-titular-de-la-subsecretaria-de-egresos-de-hacienda-amlo\/#primaryimage\"},\"thumbnailUrl\":\"https:\/\/www.sonoraenequipo.com.mx\/storage\/2021\/12\/juan-pablo-de-botton_opt.jpg\",\"datePublished\":\"2021-12-02T17:50:27+00:00\",\"dateModified\":\"2021-12-02T19:16:16+00:00\",\"description\":\"CIUDAD DE M\u00c9XICO. MX. \u2014 El presidente, Andr\u00e9s Manuel L\u00f3pez Obrador (AMLO), anunci\u00f3 que Juan Pablo de Botton, actual director general del Banco Nacional de En Sonora en Equipo publicamos toda la informaci\u00f3n de Sonora, M\u00e9xico y el Mundo de manera oportuna y busca que la libertad de expresi\u00f3n sea real. Visita nuestro medio informativo publicado desde Hermosillo, Sonora. %\",\"breadcrumb\":{\"@id\":\"https:\/\/www.sonoraenequipo.com.mx\/juan-pablo-de-botton-sustituira-a-victoria-rodriguez-como-titular-de-la-subsecretaria-de-egresos-de-hacienda-amlo\/#breadcrumb\"},\"inLanguage\":\"es\",\"potentialAction\":[{\"@type\":\"ReadAction\",\"target\":[\"https:\/\/www.sonoraenequipo.com.mx\/juan-pablo-de-botton-sustituira-a-victoria-rodriguez-como-titular-de-la-subsecretaria-de-egresos-de-hacienda-amlo\/\"]}]},{\"@type\":\"ImageObject\",\"inLanguage\":\"es\",\"@id\":\"https:\/\/www.sonoraenequipo.com.mx\/juan-pablo-de-botton-sustituira-a-victoria-rodriguez-como-titular-de-la-subsecretaria-de-egresos-de-hacienda-amlo\/#primaryimage\",\"url\":\"https:\/\/www.sonoraenequipo.com.mx\/storage\/2021\/12\/juan-pablo-de-botton_opt.jpg\",\"contentUrl\":\"https:\/\/www.sonoraenequipo.com.mx\/storage\/2021\/12\/juan-pablo-de-botton_opt.jpg\",\"width\":700,\"height\":400},{\"@type\":\"BreadcrumbList\",\"@id\":\"https:\/\/www.sonoraenequipo.com.mx\/juan-pablo-de-botton-sustituira-a-victoria-rodriguez-como-titular-de-la-subsecretaria-de-egresos-de-hacienda-amlo\/#breadcrumb\",\"itemListElement\":[{\"@type\":\"ListItem\",\"position\":1,\"name\":\"Portada\",\"item\":\"https:\/\/www.sonoraenequipo.com.mx\/\"},{\"@type\":\"ListItem\",\"position\":2,\"name\":\"Juan Pablo de Botton sustituir\u00e1 a Victoria Rodr\u00edguez como titular de la Subsecretar\u00eda de Egresos de Hacienda: AMLO\"}]},{\"@type\":\"WebSite\",\"@id\":\"https:\/\/www.sonoraenequipo.com.mx\/#website\",\"url\":\"https:\/\/www.sonoraenequipo.com.mx\/\",\"name\":\"Sonora en Equipo.\",\"description\":\"Diario en l\u00ednea con Noticias desde Hermosillo, Sonora\",\"publisher\":{\"@id\":\"https:\/\/www.sonoraenequipo.com.mx\/#organization\"},\"potentialAction\":[{\"@type\":\"SearchAction\",\"target\":{\"@type\":\"EntryPoint\",\"urlTemplate\":\"https:\/\/www.sonoraenequipo.com.mx\/?s={search_term_string}\"},\"query-input\":{\"@type\":\"PropertyValueSpecification\",\"valueRequired\":true,\"valueName\":\"search_term_string\"}}],\"inLanguage\":\"es\"},{\"@type\":\"Organization\",\"@id\":\"https:\/\/www.sonoraenequipo.com.mx\/#organization\",\"name\":\"Sonoraenequipo.com.mx\",\"url\":\"https:\/\/www.sonoraenequipo.com.mx\/\",\"logo\":{\"@type\":\"ImageObject\",\"inLanguage\":\"es\",\"@id\":\"https:\/\/www.sonoraenequipo.com.mx\/#\/schema\/logo\/image\/\",\"url\":\"https:\/\/www.sonoraenequipo.com.mx\/storage\/2019\/01\/sonoraenequipo_opt.png\",\"contentUrl\":\"https:\/\/www.sonoraenequipo.com.mx\/storage\/2019\/01\/sonoraenequipo_opt.png\",\"width\":375,\"height\":125,\"caption\":\"Sonoraenequipo.com.mx\"},\"image\":{\"@id\":\"https:\/\/www.sonoraenequipo.com.mx\/#\/schema\/logo\/image\/\"},\"sameAs\":[\"https:\/\/www.facebook.com\/SonoraEE\/\",\"https:\/\/x.com\/sonoraenequipo\",\"https:\/\/www.youtube.com\/channel\/UC338nW-lPEYmJQs4ZABQ1SQ\"]},{\"@type\":\"Person\",\"@id\":\"https:\/\/www.sonoraenequipo.com.mx\/#\/schema\/person\/50102df0fb23a8fa9e8effad8fa81386\",\"name\":\"enequipo\",\"image\":{\"@type\":\"ImageObject\",\"inLanguage\":\"es\",\"@id\":\"https:\/\/www.sonoraenequipo.com.mx\/#\/schema\/person\/image\/\",\"url\":\"https:\/\/secure.gravatar.com\/avatar\/049821681b589dabc0bc20695993ccebb09f5b5d4d790cd9251b97faac7c652b?s=96&d=blank&r=g\",\"contentUrl\":\"https:\/\/secure.gravatar.com\/avatar\/049821681b589dabc0bc20695993ccebb09f5b5d4d790cd9251b97faac7c652b?s=96&d=blank&r=g\",\"caption\":\"enequipo\"},\"sameAs\":[\"https:\/\/www.facebook.com\/SonoraEE\"]}]}<\/script>\n ","yoast_head_json":{"title":"Sonora en Equipo. Juan Pablo de Botton sustituir\u00e1 a Victoria Rodr\u00edguez como titular de la Subsecretar\u00eda de Egresos de Hacienda: AMLO Rep\u00fablica","description":"CIUDAD DE M\u00c9XICO. MX. \u2014 El presidente, Andr\u00e9s Manuel L\u00f3pez Obrador (AMLO), anunci\u00f3 que Juan Pablo de Botton, actual director general del Banco Nacional de En Sonora en Equipo publicamos toda la informaci\u00f3n de Sonora, M\u00e9xico y el Mundo de manera oportuna y busca que la libertad de expresi\u00f3n sea real. Visita nuestro medio informativo publicado desde Hermosillo, Sonora. %","robots":{"index":"index","follow":"follow","max-snippet":"max-snippet:-1","max-image-preview":"max-image-preview:large","max-video-preview":"max-video-preview:-1"},"canonical":"https:\/\/www.sonoraenequipo.com.mx\/juan-pablo-de-botton-sustituira-a-victoria-rodriguez-como-titular-de-la-subsecretaria-de-egresos-de-hacienda-amlo\/","og_locale":"es_ES","og_type":"article","og_title":"Sonora en Equipo. Juan Pablo de Botton sustituir\u00e1 a Victoria Rodr\u00edguez como titular de la Subsecretar\u00eda de Egresos de Hacienda: AMLO Rep\u00fablica","og_description":"CIUDAD DE M\u00c9XICO. MX. \u2014 El presidente, Andr\u00e9s Manuel L\u00f3pez Obrador (AMLO), anunci\u00f3 que Juan Pablo de Botton, actual director general del Banco Nacional de En Sonora en Equipo publicamos toda la informaci\u00f3n de Sonora, M\u00e9xico y el Mundo de manera oportuna y busca que la libertad de expresi\u00f3n sea real. Visita nuestro medio informativo publicado desde Hermosillo, Sonora. %","og_url":"https:\/\/www.sonoraenequipo.com.mx\/juan-pablo-de-botton-sustituira-a-victoria-rodriguez-como-titular-de-la-subsecretaria-de-egresos-de-hacienda-amlo\/","og_site_name":"Sonora en Equipo.","article_publisher":"https:\/\/www.facebook.com\/SonoraEE\/","article_author":"https:\/\/www.facebook.com\/SonoraEE","article_published_time":"2021-12-02T17:50:27+00:00","article_modified_time":"2021-12-02T19:16:16+00:00","og_image":[{"width":700,"height":400,"url":"https:\/\/www.sonoraenequipo.com.mx\/storage\/2021\/12\/juan-pablo-de-botton_opt.jpg","type":"image\/jpeg"}],"author":"enequipo","twitter_card":"summary_large_image","twitter_creator":"@sonoraenequipo","twitter_site":"@sonoraenequipo","twitter_misc":{"Escrito por":"enequipo","Tiempo de lectura":"2 minutos"},"schema":{"@context":"https:\/\/schema.org","@graph":[{"@type":"Article","@id":"https:\/\/www.sonoraenequipo.com.mx\/juan-pablo-de-botton-sustituira-a-victoria-rodriguez-como-titular-de-la-subsecretaria-de-egresos-de-hacienda-amlo\/#article","isPartOf":{"@id":"https:\/\/www.sonoraenequipo.com.mx\/juan-pablo-de-botton-sustituira-a-victoria-rodriguez-como-titular-de-la-subsecretaria-de-egresos-de-hacienda-amlo\/"},"author":{"name":"enequipo","@id":"https:\/\/www.sonoraenequipo.com.mx\/#\/schema\/person\/50102df0fb23a8fa9e8effad8fa81386"},"headline":"Juan Pablo de Botton sustituir\u00e1 a Victoria Rodr\u00edguez como titular de la Subsecretar\u00eda de Egresos de Hacienda: AMLO","datePublished":"2021-12-02T17:50:27+00:00","dateModified":"2021-12-02T19:16:16+00:00","mainEntityOfPage":{"@id":"https:\/\/www.sonoraenequipo.com.mx\/juan-pablo-de-botton-sustituira-a-victoria-rodriguez-como-titular-de-la-subsecretaria-de-egresos-de-hacienda-amlo\/"},"wordCount":412,"commentCount":0,"publisher":{"@id":"https:\/\/www.sonoraenequipo.com.mx\/#organization"},"image":{"@id":"https:\/\/www.sonoraenequipo.com.mx\/juan-pablo-de-botton-sustituira-a-victoria-rodriguez-como-titular-de-la-subsecretaria-de-egresos-de-hacienda-amlo\/#primaryimage"},"thumbnailUrl":"https:\/\/www.sonoraenequipo.com.mx\/storage\/2021\/12\/juan-pablo-de-botton_opt.jpg","articleSection":["Rep\u00fablica"],"inLanguage":"es","potentialAction":[{"@type":"CommentAction","name":"Comment","target":["https:\/\/www.sonoraenequipo.com.mx\/juan-pablo-de-botton-sustituira-a-victoria-rodriguez-como-titular-de-la-subsecretaria-de-egresos-de-hacienda-amlo\/#respond"]}]},{"@type":"WebPage","@id":"https:\/\/www.sonoraenequipo.com.mx\/juan-pablo-de-botton-sustituira-a-victoria-rodriguez-como-titular-de-la-subsecretaria-de-egresos-de-hacienda-amlo\/","url":"https:\/\/www.sonoraenequipo.com.mx\/juan-pablo-de-botton-sustituira-a-victoria-rodriguez-como-titular-de-la-subsecretaria-de-egresos-de-hacienda-amlo\/","name":"Sonora en Equipo. Juan Pablo de Botton sustituir\u00e1 a Victoria Rodr\u00edguez como titular de la Subsecretar\u00eda de Egresos de Hacienda: AMLO Rep\u00fablica","isPartOf":{"@id":"https:\/\/www.sonoraenequipo.com.mx\/#website"},"primaryImageOfPage":{"@id":"https:\/\/www.sonoraenequipo.com.mx\/juan-pablo-de-botton-sustituira-a-victoria-rodriguez-como-titular-de-la-subsecretaria-de-egresos-de-hacienda-amlo\/#primaryimage"},"image":{"@id":"https:\/\/www.sonoraenequipo.com.mx\/juan-pablo-de-botton-sustituira-a-victoria-rodriguez-como-titular-de-la-subsecretaria-de-egresos-de-hacienda-amlo\/#primaryimage"},"thumbnailUrl":"https:\/\/www.sonoraenequipo.com.mx\/storage\/2021\/12\/juan-pablo-de-botton_opt.jpg","datePublished":"2021-12-02T17:50:27+00:00","dateModified":"2021-12-02T19:16:16+00:00","description":"CIUDAD DE M\u00c9XICO. MX. \u2014 El presidente, Andr\u00e9s Manuel L\u00f3pez Obrador (AMLO), anunci\u00f3 que Juan Pablo de Botton, actual director general del Banco Nacional de En Sonora en Equipo publicamos toda la informaci\u00f3n de Sonora, M\u00e9xico y el Mundo de manera oportuna y busca que la libertad de expresi\u00f3n sea real. Visita nuestro medio informativo publicado desde Hermosillo, Sonora. %","breadcrumb":{"@id":"https:\/\/www.sonoraenequipo.com.mx\/juan-pablo-de-botton-sustituira-a-victoria-rodriguez-como-titular-de-la-subsecretaria-de-egresos-de-hacienda-amlo\/#breadcrumb"},"inLanguage":"es","potentialAction":[{"@type":"ReadAction","target":["https:\/\/www.sonoraenequipo.com.mx\/juan-pablo-de-botton-sustituira-a-victoria-rodriguez-como-titular-de-la-subsecretaria-de-egresos-de-hacienda-amlo\/"]}]},{"@type":"ImageObject","inLanguage":"es","@id":"https:\/\/www.sonoraenequipo.com.mx\/juan-pablo-de-botton-sustituira-a-victoria-rodriguez-como-titular-de-la-subsecretaria-de-egresos-de-hacienda-amlo\/#primaryimage","url":"https:\/\/www.sonoraenequipo.com.mx\/storage\/2021\/12\/juan-pablo-de-botton_opt.jpg","contentUrl":"https:\/\/www.sonoraenequipo.com.mx\/storage\/2021\/12\/juan-pablo-de-botton_opt.jpg","width":700,"height":400},{"@type":"BreadcrumbList","@id":"https:\/\/www.sonoraenequipo.com.mx\/juan-pablo-de-botton-sustituira-a-victoria-rodriguez-como-titular-de-la-subsecretaria-de-egresos-de-hacienda-amlo\/#breadcrumb","itemListElement":[{"@type":"ListItem","position":1,"name":"Portada","item":"https:\/\/www.sonoraenequipo.com.mx\/"},{"@type":"ListItem","position":2,"name":"Juan Pablo de Botton sustituir\u00e1 a Victoria Rodr\u00edguez como titular de la Subsecretar\u00eda de Egresos de Hacienda: AMLO"}]},{"@type":"WebSite","@id":"https:\/\/www.sonoraenequipo.com.mx\/#website","url":"https:\/\/www.sonoraenequipo.com.mx\/","name":"Sonora en Equipo.","description":"Diario en l\u00ednea con Noticias desde Hermosillo, Sonora","publisher":{"@id":"https:\/\/www.sonoraenequipo.com.mx\/#organization"},"potentialAction":[{"@type":"SearchAction","target":{"@type":"EntryPoint","urlTemplate":"https:\/\/www.sonoraenequipo.com.mx\/?s={search_term_string}"},"query-input":{"@type":"PropertyValueSpecification","valueRequired":true,"valueName":"search_term_string"}}],"inLanguage":"es"},{"@type":"Organization","@id":"https:\/\/www.sonoraenequipo.com.mx\/#organization","name":"Sonoraenequipo.com.mx","url":"https:\/\/www.sonoraenequipo.com.mx\/","logo":{"@type":"ImageObject","inLanguage":"es","@id":"https:\/\/www.sonoraenequipo.com.mx\/#\/schema\/logo\/image\/","url":"https:\/\/www.sonoraenequipo.com.mx\/storage\/2019\/01\/sonoraenequipo_opt.png","contentUrl":"https:\/\/www.sonoraenequipo.com.mx\/storage\/2019\/01\/sonoraenequipo_opt.png","width":375,"height":125,"caption":"Sonoraenequipo.com.mx"},"image":{"@id":"https:\/\/www.sonoraenequipo.com.mx\/#\/schema\/logo\/image\/"},"sameAs":["https:\/\/www.facebook.com\/SonoraEE\/","https:\/\/x.com\/sonoraenequipo","https:\/\/www.youtube.com\/channel\/UC338nW-lPEYmJQs4ZABQ1SQ"]},{"@type":"Person","@id":"https:\/\/www.sonoraenequipo.com.mx\/#\/schema\/person\/50102df0fb23a8fa9e8effad8fa81386","name":"enequipo","image":{"@type":"ImageObject","inLanguage":"es","@id":"https:\/\/www.sonoraenequipo.com.mx\/#\/schema\/person\/image\/","url":"https:\/\/secure.gravatar.com\/avatar\/049821681b589dabc0bc20695993ccebb09f5b5d4d790cd9251b97faac7c652b?s=96&d=blank&r=g","contentUrl":"https:\/\/secure.gravatar.com\/avatar\/049821681b589dabc0bc20695993ccebb09f5b5d4d790cd9251b97faac7c652b?s=96&d=blank&r=g","caption":"enequipo"},"sameAs":["https:\/\/www.facebook.com\/SonoraEE"]}]}},"jetpack_featured_media_url":"https:\/\/www.sonoraenequipo.com.mx\/storage\/2021\/12\/juan-pablo-de-botton_opt.jpg","_links":{"self":[{"href":"https:\/\/www.sonoraenequipo.com.mx\/api\/wp\/v2\/posts\/128739","targetHints":{"allow":["GET"]}}],"collection":[{"href":"https:\/\/www.sonoraenequipo.com.mx\/api\/wp\/v2\/posts"}],"about":[{"href":"https:\/\/www.sonoraenequipo.com.mx\/api\/wp\/v2\/types\/post"}],"author":[{"embeddable":true,"href":"https:\/\/www.sonoraenequipo.com.mx\/api\/wp\/v2\/users\/1"}],"replies":[{"embeddable":true,"href":"https:\/\/www.sonoraenequipo.com.mx\/api\/wp\/v2\/comments?post=128739"}],"version-history":[{"count":3,"href":"https:\/\/www.sonoraenequipo.com.mx\/api\/wp\/v2\/posts\/128739\/revisions"}],"predecessor-version":[{"id":128743,"href":"https:\/\/www.sonoraenequipo.com.mx\/api\/wp\/v2\/posts\/128739\/revisions\/128743"}],"wp:featuredmedia":[{"embeddable":true,"href":"https:\/\/www.sonoraenequipo.com.mx\/api\/wp\/v2\/media\/128740"}],"wp:attachment":[{"href":"https:\/\/www.sonoraenequipo.com.mx\/api\/wp\/v2\/media?parent=128739"}],"wp:term":[{"taxonomy":"category","embeddable":true,"href":"https:\/\/www.sonoraenequipo.com.mx\/api\/wp\/v2\/categories?post=128739"},{"taxonomy":"post_tag","embeddable":true,"href":"https:\/\/www.sonoraenequipo.com.mx\/api\/wp\/v2\/tags?post=128739"}],"curies":[{"name":"wp","href":"https:\/\/api.w.org\/{rel}","templated":true}]}}