{"id":128744,"date":"2021-12-02T09:20:21","date_gmt":"2021-12-02T16:20:21","guid":{"rendered":"https:\/\/www.sonoraenequipo.com.mx\/?p=128744"},"modified":"2021-12-02T12:35:10","modified_gmt":"2021-12-02T19:35:10","slug":"aumento-al-salario-minimo-en-2022-beneficiara-a-6-3-millones-de-trabajadores-secretaria-del-trabajo","status":"publish","type":"post","link":"https:\/\/www.sonoraenequipo.com.mx\/aumento-al-salario-minimo-en-2022-beneficiara-a-6-3-millones-de-trabajadores-secretaria-del-trabajo\/","title":{"rendered":"Aumento al salario m\u00ednimo en 2022 beneficiar\u00e1 a 6.3 millones de trabajadores: Secretar\u00eda del Trabajo"},"content":{"rendered":"<p>CIUDAD DE M\u00c9XICO.MX. \u2014 La secretaria del Trabajo, Luisa Mar\u00eda Alcalde, asegur\u00f3 que el aumento del 22 por ciento al salario m\u00ednimo para el a\u00f1o 2022 beneficiar\u00e1 a 6.3 millones de trabajadores en M\u00e9xico.<\/p>\n<p>&nbsp;<\/p>\n<p> <\/p>\n<p>&nbsp;<\/p>\n<p>En la conferencia ma\u00f1anera, encabezada por el presidente Andr\u00e9s Manuel L\u00f3pez Obrador (AMLO) desde Palacio Nacional, Luisa Mar\u00eda Alcalde inform\u00f3 que a partir del 1 de enero del 2022 el salario m\u00ednimo general pasar\u00e1 de 141 a 172 pesos diarios, lo significa un incremento de 948 pesos mensuales.<\/p>\n<p>&nbsp;<\/p>\n<p>Explic\u00f3 que con este cuarto incremento consecutivo se recupera el 71 por ciento del poder adquisitivo del salario m\u00ednimo general.<\/p>\n<p>&nbsp;<\/p>\n<p>Mientras que en el caso de la zona libre de la frontera norte, el salario m\u00ednimo pasar\u00e1 de 213 a 260 pesos, lo significa un incremento de 1,428 pesos mensuales y se recupera en un 160 por ciento el poder adquisitivo.<\/p>\n<p>&nbsp;<\/p>\n<p>La secretaria del Trabajo asegur\u00f3 que con el salario m\u00ednimo del 2022 se podr\u00e1n comprar 10 kilos de tortilla, y lo compar\u00f3 con el salario del 2018, a\u00f1o en el que, dijo, solo se pod\u00edan adquirir 6.52 kilos.<\/p>\n<p>&nbsp;<\/p>\n<p>Tambi\u00e9n compar\u00f3 el salario m\u00ednimo de M\u00e9xico con el que se otorga en otros pa\u00edses. Luisa Mar\u00eda Alcalde asegur\u00f3 que en el 2010 M\u00e9xico estaba en el sitio 80, y ahora llegar\u00e1 a la posici\u00f3n n\u00famero 67, por encima de Colombia, Per\u00fa, Ucrania, y otras naciones.<\/p>\n<p>&nbsp;<\/p>\n<p>Finalmente, la funcionaria federal dijo que el presidente AMLO ha ido sensibilizando a los distintos sectores sobre la importancia de la recuperaci\u00f3n del salario m\u00ednimo.<\/p>\n<p>&nbsp;<\/p>\n<p>Por su parte, AMLO celebr\u00f3 el aumento al salario m\u00ednimo y destac\u00f3 que este increment\u00f3 fue aprobado en consenso un\u00e1nime por parte de los sectores empresarial, obrero y el gobierno federal.<\/p>\n<p>&nbsp;<\/p>\n<p>La Comisi\u00f3n Nacional de los Salarios M\u00ednimos (Conasami) aprob\u00f3 este mi\u00e9rcoles un aumento global del 22% en el salario m\u00ednimo mexicano con el apoyo de todos los sectores: el Gobierno, los sindicatos y los empresarios, seg\u00fan inform\u00f3 el Consejo Coordinador Empresarial (CCE).<\/p>\n<p>El CCE, la c\u00fapula del sector privado, celebr\u00f3 el aumento despu\u00e9s de oponerse en el 2020 a la subida de 15% aprobada por el Gobierno y los sindicatos.<\/p>\n<p><iframe loading=\"lazy\" title=\"Avanza recuperaci\u00f3n del poder adquisitivo con aumento al salario m\u00ednimo. Conferencia presidente AMLO\" width=\"640\" height=\"360\" src=\"https:\/\/www.youtube.com\/embed\/IKN70S3v8hg?feature=oembed\" frameborder=\"0\" allow=\"accelerometer; autoplay; clipboard-write; encrypted-media; gyroscope; picture-in-picture; web-share\" referrerpolicy=\"strict-origin-when-cross-origin\" allowfullscreen><\/iframe><\/p>\n<p>(Publicada el 02\/12\/2021)<\/p>\n","protected":false},"excerpt":{"rendered":"<p>CIUDAD DE M\u00c9XICO.MX. \u2014 La secretaria del Trabajo, Luisa Mar\u00eda Alcalde, asegur\u00f3 que el aumento&#8230;<\/p>\n","protected":false},"author":1,"featured_media":128745,"comment_status":"open","ping_status":"open","sticky":false,"template":"","format":"standard","meta":{"_monsterinsights_skip_tracking":false,"_monsterinsights_sitenote_active":false,"_monsterinsights_sitenote_note":"","_monsterinsights_sitenote_category":0,"footnotes":""},"categories":[5],"tags":[],"class_list":["post"],"yoast_head":" \n<title>Sonora en Equipo. Aumento al salario m\u00ednimo en 2022 beneficiar\u00e1 a 6.3 millones de trabajadores: Secretar\u00eda del Trabajo Rep\u00fablica<\/title>\n<meta name=\"description\" content=\"CIUDAD DE M\u00c9XICO.MX. \u2014 La secretaria del Trabajo, Luisa Mar\u00eda Alcalde, asegur\u00f3 que el aumento del 22 por ciento al salario m\u00ednimo para el a\u00f1o 2022 En Sonora en Equipo publicamos toda la informaci\u00f3n de Sonora, M\u00e9xico y el Mundo de manera oportuna y busca que la libertad de expresi\u00f3n sea real. Visita nuestro medio informativo publicado desde Hermosillo, Sonora. %\" \/>\n<meta name=\"robots\" content=\"index, follow, max-snippet:-1, max-image-preview:large, max-video-preview:-1\" \/>\n<link rel=\"canonical\" href=\"https:\/\/www.sonoraenequipo.com.mx\/aumento-al-salario-minimo-en-2022-beneficiara-a-6-3-millones-de-trabajadores-secretaria-del-trabajo\/\" \/>\n<meta property=\"og:locale\" content=\"es_ES\" \/>\n<meta property=\"og:type\" content=\"article\" \/>\n<meta property=\"og:title\" content=\"Sonora en Equipo. Aumento al salario m\u00ednimo en 2022 beneficiar\u00e1 a 6.3 millones de trabajadores: Secretar\u00eda del Trabajo Rep\u00fablica\" \/>\n<meta property=\"og:description\" content=\"CIUDAD DE M\u00c9XICO.MX. \u2014 La secretaria del Trabajo, Luisa Mar\u00eda Alcalde, asegur\u00f3 que el aumento del 22 por ciento al salario m\u00ednimo para el a\u00f1o 2022 En Sonora en Equipo publicamos toda la informaci\u00f3n de Sonora, M\u00e9xico y el Mundo de manera oportuna y busca que la libertad de expresi\u00f3n sea real. Visita nuestro medio informativo publicado desde Hermosillo, Sonora. %\" \/>\n<meta property=\"og:url\" content=\"https:\/\/www.sonoraenequipo.com.mx\/aumento-al-salario-minimo-en-2022-beneficiara-a-6-3-millones-de-trabajadores-secretaria-del-trabajo\/\" \/>\n<meta property=\"og:site_name\" content=\"Sonora en Equipo.\" \/>\n<meta property=\"article:publisher\" content=\"https:\/\/www.facebook.com\/SonoraEE\/\" \/>\n<meta property=\"article:author\" content=\"https:\/\/www.facebook.com\/SonoraEE\" \/>\n<meta property=\"article:published_time\" content=\"2021-12-02T16:20:21+00:00\" \/>\n<meta property=\"article:modified_time\" content=\"2021-12-02T19:35:10+00:00\" \/>\n<meta property=\"og:image\" content=\"https:\/\/www.sonoraenequipo.com.mx\/storage\/2021\/12\/SEC-TRABAJO2_opt.jpg\" \/>\n\t<meta property=\"og:image:width\" content=\"700\" \/>\n\t<meta property=\"og:image:height\" content=\"400\" \/>\n\t<meta property=\"og:image:type\" content=\"image\/jpeg\" \/>\n<meta name=\"author\" content=\"enequipo\" \/>\n<meta name=\"twitter:card\" content=\"summary_large_image\" \/>\n<meta name=\"twitter:creator\" content=\"@sonoraenequipo\" \/>\n<meta name=\"twitter:site\" content=\"@sonoraenequipo\" \/>\n<meta name=\"twitter:label1\" content=\"Escrito por\" \/>\n\t<meta name=\"twitter:data1\" content=\"enequipo\" \/>\n\t<meta name=\"twitter:label2\" content=\"Tiempo de lectura\" \/>\n\t<meta name=\"twitter:data2\" content=\"2 minutos\" \/>\n<script type=\"application\/ld+json\" class=\"yoast-schema-graph\">{\"@context\":\"https:\/\/schema.org\",\"@graph\":[{\"@type\":\"Article\",\"@id\":\"https:\/\/www.sonoraenequipo.com.mx\/aumento-al-salario-minimo-en-2022-beneficiara-a-6-3-millones-de-trabajadores-secretaria-del-trabajo\/#article\",\"isPartOf\":{\"@id\":\"https:\/\/www.sonoraenequipo.com.mx\/aumento-al-salario-minimo-en-2022-beneficiara-a-6-3-millones-de-trabajadores-secretaria-del-trabajo\/\"},\"author\":{\"name\":\"enequipo\",\"@id\":\"https:\/\/www.sonoraenequipo.com.mx\/#\/schema\/person\/50102df0fb23a8fa9e8effad8fa81386\"},\"headline\":\"Aumento al salario m\u00ednimo en 2022 beneficiar\u00e1 a 6.3 millones de trabajadores: Secretar\u00eda del Trabajo\",\"datePublished\":\"2021-12-02T16:20:21+00:00\",\"dateModified\":\"2021-12-02T19:35:10+00:00\",\"mainEntityOfPage\":{\"@id\":\"https:\/\/www.sonoraenequipo.com.mx\/aumento-al-salario-minimo-en-2022-beneficiara-a-6-3-millones-de-trabajadores-secretaria-del-trabajo\/\"},\"wordCount\":401,\"commentCount\":0,\"publisher\":{\"@id\":\"https:\/\/www.sonoraenequipo.com.mx\/#organization\"},\"image\":{\"@id\":\"https:\/\/www.sonoraenequipo.com.mx\/aumento-al-salario-minimo-en-2022-beneficiara-a-6-3-millones-de-trabajadores-secretaria-del-trabajo\/#primaryimage\"},\"thumbnailUrl\":\"https:\/\/www.sonoraenequipo.com.mx\/storage\/2021\/12\/SEC-TRABAJO2_opt.jpg\",\"articleSection\":[\"Rep\u00fablica\"],\"inLanguage\":\"es\",\"potentialAction\":[{\"@type\":\"CommentAction\",\"name\":\"Comment\",\"target\":[\"https:\/\/www.sonoraenequipo.com.mx\/aumento-al-salario-minimo-en-2022-beneficiara-a-6-3-millones-de-trabajadores-secretaria-del-trabajo\/#respond\"]}]},{\"@type\":\"WebPage\",\"@id\":\"https:\/\/www.sonoraenequipo.com.mx\/aumento-al-salario-minimo-en-2022-beneficiara-a-6-3-millones-de-trabajadores-secretaria-del-trabajo\/\",\"url\":\"https:\/\/www.sonoraenequipo.com.mx\/aumento-al-salario-minimo-en-2022-beneficiara-a-6-3-millones-de-trabajadores-secretaria-del-trabajo\/\",\"name\":\"Sonora en Equipo. Aumento al salario m\u00ednimo en 2022 beneficiar\u00e1 a 6.3 millones de trabajadores: Secretar\u00eda del Trabajo Rep\u00fablica\",\"isPartOf\":{\"@id\":\"https:\/\/www.sonoraenequipo.com.mx\/#website\"},\"primaryImageOfPage\":{\"@id\":\"https:\/\/www.sonoraenequipo.com.mx\/aumento-al-salario-minimo-en-2022-beneficiara-a-6-3-millones-de-trabajadores-secretaria-del-trabajo\/#primaryimage\"},\"image\":{\"@id\":\"https:\/\/www.sonoraenequipo.com.mx\/aumento-al-salario-minimo-en-2022-beneficiara-a-6-3-millones-de-trabajadores-secretaria-del-trabajo\/#primaryimage\"},\"thumbnailUrl\":\"https:\/\/www.sonoraenequipo.com.mx\/storage\/2021\/12\/SEC-TRABAJO2_opt.jpg\",\"datePublished\":\"2021-12-02T16:20:21+00:00\",\"dateModified\":\"2021-12-02T19:35:10+00:00\",\"description\":\"CIUDAD DE M\u00c9XICO.MX. \u2014 La secretaria del Trabajo, Luisa Mar\u00eda Alcalde, asegur\u00f3 que el aumento del 22 por ciento al salario m\u00ednimo para el a\u00f1o 2022 En Sonora en Equipo publicamos toda la informaci\u00f3n de Sonora, M\u00e9xico y el Mundo de manera oportuna y busca que la libertad de expresi\u00f3n sea real. Visita nuestro medio informativo publicado desde Hermosillo, Sonora. %\",\"breadcrumb\":{\"@id\":\"https:\/\/www.sonoraenequipo.com.mx\/aumento-al-salario-minimo-en-2022-beneficiara-a-6-3-millones-de-trabajadores-secretaria-del-trabajo\/#breadcrumb\"},\"inLanguage\":\"es\",\"potentialAction\":[{\"@type\":\"ReadAction\",\"target\":[\"https:\/\/www.sonoraenequipo.com.mx\/aumento-al-salario-minimo-en-2022-beneficiara-a-6-3-millones-de-trabajadores-secretaria-del-trabajo\/\"]}]},{\"@type\":\"ImageObject\",\"inLanguage\":\"es\",\"@id\":\"https:\/\/www.sonoraenequipo.com.mx\/aumento-al-salario-minimo-en-2022-beneficiara-a-6-3-millones-de-trabajadores-secretaria-del-trabajo\/#primaryimage\",\"url\":\"https:\/\/www.sonoraenequipo.com.mx\/storage\/2021\/12\/SEC-TRABAJO2_opt.jpg\",\"contentUrl\":\"https:\/\/www.sonoraenequipo.com.mx\/storage\/2021\/12\/SEC-TRABAJO2_opt.jpg\",\"width\":700,\"height\":400},{\"@type\":\"BreadcrumbList\",\"@id\":\"https:\/\/www.sonoraenequipo.com.mx\/aumento-al-salario-minimo-en-2022-beneficiara-a-6-3-millones-de-trabajadores-secretaria-del-trabajo\/#breadcrumb\",\"itemListElement\":[{\"@type\":\"ListItem\",\"position\":1,\"name\":\"Portada\",\"item\":\"https:\/\/www.sonoraenequipo.com.mx\/\"},{\"@type\":\"ListItem\",\"position\":2,\"name\":\"Aumento al salario m\u00ednimo en 2022 beneficiar\u00e1 a 6.3 millones de trabajadores: Secretar\u00eda del Trabajo\"}]},{\"@type\":\"WebSite\",\"@id\":\"https:\/\/www.sonoraenequipo.com.mx\/#website\",\"url\":\"https:\/\/www.sonoraenequipo.com.mx\/\",\"name\":\"Sonora en Equipo.\",\"description\":\"Diario en l\u00ednea con Noticias desde Hermosillo, Sonora\",\"publisher\":{\"@id\":\"https:\/\/www.sonoraenequipo.com.mx\/#organization\"},\"potentialAction\":[{\"@type\":\"SearchAction\",\"target\":{\"@type\":\"EntryPoint\",\"urlTemplate\":\"https:\/\/www.sonoraenequipo.com.mx\/?s={search_term_string}\"},\"query-input\":{\"@type\":\"PropertyValueSpecification\",\"valueRequired\":true,\"valueName\":\"search_term_string\"}}],\"inLanguage\":\"es\"},{\"@type\":\"Organization\",\"@id\":\"https:\/\/www.sonoraenequipo.com.mx\/#organization\",\"name\":\"Sonoraenequipo.com.mx\",\"url\":\"https:\/\/www.sonoraenequipo.com.mx\/\",\"logo\":{\"@type\":\"ImageObject\",\"inLanguage\":\"es\",\"@id\":\"https:\/\/www.sonoraenequipo.com.mx\/#\/schema\/logo\/image\/\",\"url\":\"https:\/\/www.sonoraenequipo.com.mx\/storage\/2019\/01\/sonoraenequipo_opt.png\",\"contentUrl\":\"https:\/\/www.sonoraenequipo.com.mx\/storage\/2019\/01\/sonoraenequipo_opt.png\",\"width\":375,\"height\":125,\"caption\":\"Sonoraenequipo.com.mx\"},\"image\":{\"@id\":\"https:\/\/www.sonoraenequipo.com.mx\/#\/schema\/logo\/image\/\"},\"sameAs\":[\"https:\/\/www.facebook.com\/SonoraEE\/\",\"https:\/\/x.com\/sonoraenequipo\",\"https:\/\/www.youtube.com\/channel\/UC338nW-lPEYmJQs4ZABQ1SQ\"]},{\"@type\":\"Person\",\"@id\":\"https:\/\/www.sonoraenequipo.com.mx\/#\/schema\/person\/50102df0fb23a8fa9e8effad8fa81386\",\"name\":\"enequipo\",\"image\":{\"@type\":\"ImageObject\",\"inLanguage\":\"es\",\"@id\":\"https:\/\/www.sonoraenequipo.com.mx\/#\/schema\/person\/image\/\",\"url\":\"https:\/\/secure.gravatar.com\/avatar\/049821681b589dabc0bc20695993ccebb09f5b5d4d790cd9251b97faac7c652b?s=96&d=blank&r=g\",\"contentUrl\":\"https:\/\/secure.gravatar.com\/avatar\/049821681b589dabc0bc20695993ccebb09f5b5d4d790cd9251b97faac7c652b?s=96&d=blank&r=g\",\"caption\":\"enequipo\"},\"sameAs\":[\"https:\/\/www.facebook.com\/SonoraEE\"]}]}<\/script>\n ","yoast_head_json":{"title":"Sonora en Equipo. Aumento al salario m\u00ednimo en 2022 beneficiar\u00e1 a 6.3 millones de trabajadores: Secretar\u00eda del Trabajo Rep\u00fablica","description":"CIUDAD DE M\u00c9XICO.MX. \u2014 La secretaria del Trabajo, Luisa Mar\u00eda Alcalde, asegur\u00f3 que el aumento del 22 por ciento al salario m\u00ednimo para el a\u00f1o 2022 En Sonora en Equipo publicamos toda la informaci\u00f3n de Sonora, M\u00e9xico y el Mundo de manera oportuna y busca que la libertad de expresi\u00f3n sea real. Visita nuestro medio informativo publicado desde Hermosillo, Sonora. %","robots":{"index":"index","follow":"follow","max-snippet":"max-snippet:-1","max-image-preview":"max-image-preview:large","max-video-preview":"max-video-preview:-1"},"canonical":"https:\/\/www.sonoraenequipo.com.mx\/aumento-al-salario-minimo-en-2022-beneficiara-a-6-3-millones-de-trabajadores-secretaria-del-trabajo\/","og_locale":"es_ES","og_type":"article","og_title":"Sonora en Equipo. Aumento al salario m\u00ednimo en 2022 beneficiar\u00e1 a 6.3 millones de trabajadores: Secretar\u00eda del Trabajo Rep\u00fablica","og_description":"CIUDAD DE M\u00c9XICO.MX. \u2014 La secretaria del Trabajo, Luisa Mar\u00eda Alcalde, asegur\u00f3 que el aumento del 22 por ciento al salario m\u00ednimo para el a\u00f1o 2022 En Sonora en Equipo publicamos toda la informaci\u00f3n de Sonora, M\u00e9xico y el Mundo de manera oportuna y busca que la libertad de expresi\u00f3n sea real. Visita nuestro medio informativo publicado desde Hermosillo, Sonora. %","og_url":"https:\/\/www.sonoraenequipo.com.mx\/aumento-al-salario-minimo-en-2022-beneficiara-a-6-3-millones-de-trabajadores-secretaria-del-trabajo\/","og_site_name":"Sonora en Equipo.","article_publisher":"https:\/\/www.facebook.com\/SonoraEE\/","article_author":"https:\/\/www.facebook.com\/SonoraEE","article_published_time":"2021-12-02T16:20:21+00:00","article_modified_time":"2021-12-02T19:35:10+00:00","og_image":[{"width":700,"height":400,"url":"https:\/\/www.sonoraenequipo.com.mx\/storage\/2021\/12\/SEC-TRABAJO2_opt.jpg","type":"image\/jpeg"}],"author":"enequipo","twitter_card":"summary_large_image","twitter_creator":"@sonoraenequipo","twitter_site":"@sonoraenequipo","twitter_misc":{"Escrito por":"enequipo","Tiempo de lectura":"2 minutos"},"schema":{"@context":"https:\/\/schema.org","@graph":[{"@type":"Article","@id":"https:\/\/www.sonoraenequipo.com.mx\/aumento-al-salario-minimo-en-2022-beneficiara-a-6-3-millones-de-trabajadores-secretaria-del-trabajo\/#article","isPartOf":{"@id":"https:\/\/www.sonoraenequipo.com.mx\/aumento-al-salario-minimo-en-2022-beneficiara-a-6-3-millones-de-trabajadores-secretaria-del-trabajo\/"},"author":{"name":"enequipo","@id":"https:\/\/www.sonoraenequipo.com.mx\/#\/schema\/person\/50102df0fb23a8fa9e8effad8fa81386"},"headline":"Aumento al salario m\u00ednimo en 2022 beneficiar\u00e1 a 6.3 millones de trabajadores: Secretar\u00eda del Trabajo","datePublished":"2021-12-02T16:20:21+00:00","dateModified":"2021-12-02T19:35:10+00:00","mainEntityOfPage":{"@id":"https:\/\/www.sonoraenequipo.com.mx\/aumento-al-salario-minimo-en-2022-beneficiara-a-6-3-millones-de-trabajadores-secretaria-del-trabajo\/"},"wordCount":401,"commentCount":0,"publisher":{"@id":"https:\/\/www.sonoraenequipo.com.mx\/#organization"},"image":{"@id":"https:\/\/www.sonoraenequipo.com.mx\/aumento-al-salario-minimo-en-2022-beneficiara-a-6-3-millones-de-trabajadores-secretaria-del-trabajo\/#primaryimage"},"thumbnailUrl":"https:\/\/www.sonoraenequipo.com.mx\/storage\/2021\/12\/SEC-TRABAJO2_opt.jpg","articleSection":["Rep\u00fablica"],"inLanguage":"es","potentialAction":[{"@type":"CommentAction","name":"Comment","target":["https:\/\/www.sonoraenequipo.com.mx\/aumento-al-salario-minimo-en-2022-beneficiara-a-6-3-millones-de-trabajadores-secretaria-del-trabajo\/#respond"]}]},{"@type":"WebPage","@id":"https:\/\/www.sonoraenequipo.com.mx\/aumento-al-salario-minimo-en-2022-beneficiara-a-6-3-millones-de-trabajadores-secretaria-del-trabajo\/","url":"https:\/\/www.sonoraenequipo.com.mx\/aumento-al-salario-minimo-en-2022-beneficiara-a-6-3-millones-de-trabajadores-secretaria-del-trabajo\/","name":"Sonora en Equipo. Aumento al salario m\u00ednimo en 2022 beneficiar\u00e1 a 6.3 millones de trabajadores: Secretar\u00eda del Trabajo Rep\u00fablica","isPartOf":{"@id":"https:\/\/www.sonoraenequipo.com.mx\/#website"},"primaryImageOfPage":{"@id":"https:\/\/www.sonoraenequipo.com.mx\/aumento-al-salario-minimo-en-2022-beneficiara-a-6-3-millones-de-trabajadores-secretaria-del-trabajo\/#primaryimage"},"image":{"@id":"https:\/\/www.sonoraenequipo.com.mx\/aumento-al-salario-minimo-en-2022-beneficiara-a-6-3-millones-de-trabajadores-secretaria-del-trabajo\/#primaryimage"},"thumbnailUrl":"https:\/\/www.sonoraenequipo.com.mx\/storage\/2021\/12\/SEC-TRABAJO2_opt.jpg","datePublished":"2021-12-02T16:20:21+00:00","dateModified":"2021-12-02T19:35:10+00:00","description":"CIUDAD DE M\u00c9XICO.MX. \u2014 La secretaria del Trabajo, Luisa Mar\u00eda Alcalde, asegur\u00f3 que el aumento del 22 por ciento al salario m\u00ednimo para el a\u00f1o 2022 En Sonora en Equipo publicamos toda la informaci\u00f3n de Sonora, M\u00e9xico y el Mundo de manera oportuna y busca que la libertad de expresi\u00f3n sea real. Visita nuestro medio informativo publicado desde Hermosillo, Sonora. %","breadcrumb":{"@id":"https:\/\/www.sonoraenequipo.com.mx\/aumento-al-salario-minimo-en-2022-beneficiara-a-6-3-millones-de-trabajadores-secretaria-del-trabajo\/#breadcrumb"},"inLanguage":"es","potentialAction":[{"@type":"ReadAction","target":["https:\/\/www.sonoraenequipo.com.mx\/aumento-al-salario-minimo-en-2022-beneficiara-a-6-3-millones-de-trabajadores-secretaria-del-trabajo\/"]}]},{"@type":"ImageObject","inLanguage":"es","@id":"https:\/\/www.sonoraenequipo.com.mx\/aumento-al-salario-minimo-en-2022-beneficiara-a-6-3-millones-de-trabajadores-secretaria-del-trabajo\/#primaryimage","url":"https:\/\/www.sonoraenequipo.com.mx\/storage\/2021\/12\/SEC-TRABAJO2_opt.jpg","contentUrl":"https:\/\/www.sonoraenequipo.com.mx\/storage\/2021\/12\/SEC-TRABAJO2_opt.jpg","width":700,"height":400},{"@type":"BreadcrumbList","@id":"https:\/\/www.sonoraenequipo.com.mx\/aumento-al-salario-minimo-en-2022-beneficiara-a-6-3-millones-de-trabajadores-secretaria-del-trabajo\/#breadcrumb","itemListElement":[{"@type":"ListItem","position":1,"name":"Portada","item":"https:\/\/www.sonoraenequipo.com.mx\/"},{"@type":"ListItem","position":2,"name":"Aumento al salario m\u00ednimo en 2022 beneficiar\u00e1 a 6.3 millones de trabajadores: Secretar\u00eda del Trabajo"}]},{"@type":"WebSite","@id":"https:\/\/www.sonoraenequipo.com.mx\/#website","url":"https:\/\/www.sonoraenequipo.com.mx\/","name":"Sonora en Equipo.","description":"Diario en l\u00ednea con Noticias desde Hermosillo, Sonora","publisher":{"@id":"https:\/\/www.sonoraenequipo.com.mx\/#organization"},"potentialAction":[{"@type":"SearchAction","target":{"@type":"EntryPoint","urlTemplate":"https:\/\/www.sonoraenequipo.com.mx\/?s={search_term_string}"},"query-input":{"@type":"PropertyValueSpecification","valueRequired":true,"valueName":"search_term_string"}}],"inLanguage":"es"},{"@type":"Organization","@id":"https:\/\/www.sonoraenequipo.com.mx\/#organization","name":"Sonoraenequipo.com.mx","url":"https:\/\/www.sonoraenequipo.com.mx\/","logo":{"@type":"ImageObject","inLanguage":"es","@id":"https:\/\/www.sonoraenequipo.com.mx\/#\/schema\/logo\/image\/","url":"https:\/\/www.sonoraenequipo.com.mx\/storage\/2019\/01\/sonoraenequipo_opt.png","contentUrl":"https:\/\/www.sonoraenequipo.com.mx\/storage\/2019\/01\/sonoraenequipo_opt.png","width":375,"height":125,"caption":"Sonoraenequipo.com.mx"},"image":{"@id":"https:\/\/www.sonoraenequipo.com.mx\/#\/schema\/logo\/image\/"},"sameAs":["https:\/\/www.facebook.com\/SonoraEE\/","https:\/\/x.com\/sonoraenequipo","https:\/\/www.youtube.com\/channel\/UC338nW-lPEYmJQs4ZABQ1SQ"]},{"@type":"Person","@id":"https:\/\/www.sonoraenequipo.com.mx\/#\/schema\/person\/50102df0fb23a8fa9e8effad8fa81386","name":"enequipo","image":{"@type":"ImageObject","inLanguage":"es","@id":"https:\/\/www.sonoraenequipo.com.mx\/#\/schema\/person\/image\/","url":"https:\/\/secure.gravatar.com\/avatar\/049821681b589dabc0bc20695993ccebb09f5b5d4d790cd9251b97faac7c652b?s=96&d=blank&r=g","contentUrl":"https:\/\/secure.gravatar.com\/avatar\/049821681b589dabc0bc20695993ccebb09f5b5d4d790cd9251b97faac7c652b?s=96&d=blank&r=g","caption":"enequipo"},"sameAs":["https:\/\/www.facebook.com\/SonoraEE"]}]}},"jetpack_featured_media_url":"https:\/\/www.sonoraenequipo.com.mx\/storage\/2021\/12\/SEC-TRABAJO2_opt.jpg","_links":{"self":[{"href":"https:\/\/www.sonoraenequipo.com.mx\/api\/wp\/v2\/posts\/128744","targetHints":{"allow":["GET"]}}],"collection":[{"href":"https:\/\/www.sonoraenequipo.com.mx\/api\/wp\/v2\/posts"}],"about":[{"href":"https:\/\/www.sonoraenequipo.com.mx\/api\/wp\/v2\/types\/post"}],"author":[{"embeddable":true,"href":"https:\/\/www.sonoraenequipo.com.mx\/api\/wp\/v2\/users\/1"}],"replies":[{"embeddable":true,"href":"https:\/\/www.sonoraenequipo.com.mx\/api\/wp\/v2\/comments?post=128744"}],"version-history":[{"count":1,"href":"https:\/\/www.sonoraenequipo.com.mx\/api\/wp\/v2\/posts\/128744\/revisions"}],"predecessor-version":[{"id":128747,"href":"https:\/\/www.sonoraenequipo.com.mx\/api\/wp\/v2\/posts\/128744\/revisions\/128747"}],"wp:featuredmedia":[{"embeddable":true,"href":"https:\/\/www.sonoraenequipo.com.mx\/api\/wp\/v2\/media\/128745"}],"wp:attachment":[{"href":"https:\/\/www.sonoraenequipo.com.mx\/api\/wp\/v2\/media?parent=128744"}],"wp:term":[{"taxonomy":"category","embeddable":true,"href":"https:\/\/www.sonoraenequipo.com.mx\/api\/wp\/v2\/categories?post=128744"},{"taxonomy":"post_tag","embeddable":true,"href":"https:\/\/www.sonoraenequipo.com.mx\/api\/wp\/v2\/tags?post=128744"}],"curies":[{"name":"wp","href":"https:\/\/api.w.org\/{rel}","templated":true}]}}