{"id":128764,"date":"2021-12-02T14:30:42","date_gmt":"2021-12-02T21:30:42","guid":{"rendered":"https:\/\/www.sonoraenequipo.com.mx\/?p=128764"},"modified":"2021-12-02T14:30:42","modified_gmt":"2021-12-02T21:30:42","slug":"es-necesario-que-mujeres-denuncien-cuando-sufran-violencia-politica-adriana-favela","status":"publish","type":"post","link":"https:\/\/www.sonoraenequipo.com.mx\/es-necesario-que-mujeres-denuncien-cuando-sufran-violencia-politica-adriana-favela\/","title":{"rendered":"Es necesario que  mujeres denuncien cuando sufran violencia pol\u00edtica: Adriana Favela"},"content":{"rendered":"<p>&nbsp;<\/p>\n<p>&nbsp;<\/p>\n<p>&nbsp;<\/p>\n<p>&nbsp;<\/p>\n<p>Durante la presentaci\u00f3n de la \u201cGu\u00eda para la prevenci\u00f3n, atenci\u00f3n, sanci\u00f3n y reparaci\u00f3n integral de la violencia pol\u00edtica contra las mujeres en raz\u00f3n de g\u00e9nero\u201d, la Consejera del Instituto Nacional Electoral (INE), Adriana Favela, llam\u00f3 a las mujeres a denunciar los casos de violencia y sumarse al cambio cultural sobre la sociedad machista que a\u00fan prevalece.<\/p>\n<p>&nbsp;<\/p>\n<p>&nbsp;<\/p>\n<p>&nbsp;<\/p>\n<p>En el marco de la 35 Feria Internacional del Libro de Guadalajara (FIL), la Consejera exhort\u00f3 a las mujeres a participar en el cambio del modelo de la cultura pol\u00edtica \u201cpara pasar de la hist\u00f3rica cultura machista, donde s\u00f3lo los hombres ten\u00edan derechos y ellas, las mujeres, estaban limitadas al espacio privado y haci\u00e9ndose cargo del hogar y las familias\u201d.<\/p>\n<p>&nbsp;<\/p>\n<p>&nbsp;<\/p>\n<p>&nbsp;<\/p>\n<p>Ante ello, habl\u00f3 sobre la necesidad de maximizar la participaci\u00f3n de la mujer en la vida pol\u00edtica y p\u00fablica, protegiendo sus derechos electorales y record\u00f3 que hace m\u00e1s de 50 a\u00f1os fue cuando se otorg\u00f3 el derecho al voto.<\/p>\n<p>&nbsp;<\/p>\n<p>&nbsp;<\/p>\n<p>&nbsp;<\/p>\n<p>Calific\u00f3 a la violencia contra la mujer como \u201cun fen\u00f3meno muy grave en nuestros d\u00edas, ya que cada d\u00eda hay 11 feminicidios y son v\u00edctimas de otro tipo de delitos, causados por el simple hecho de ser mujeres\u201d.<\/p>\n<p>&nbsp;<\/p>\n<p>&nbsp;<\/p>\n<p>&nbsp;<\/p>\n<p>Esta situaci\u00f3n, agreg\u00f3, no escapa a la vida pol\u00edtica, y frente a ello, la \u201cGu\u00eda para la prevenci\u00f3n, atenci\u00f3n, sanci\u00f3n y reparaci\u00f3n integral de la violencia pol\u00edtica contra las mujeres en raz\u00f3n de g\u00e9nero\u201d, forma parte de los instrumentos para conocer cu\u00e1ndo se sufre violencia en este \u00e1mbito.<\/p>\n<p>&nbsp;<\/p>\n<p>&nbsp;<\/p>\n<p>&nbsp;<\/p>\n<p>La gu\u00eda, subray\u00f3, fue formulada por la Unidad T\u00e9cnica de lo Contencioso Electoral (UTCE) para orientar a las mujeres sobre c\u00f3mo y cu\u00e1ndo se debe presentar una denuncia en caso de padecer violencia pol\u00edtica.<\/p>\n<p>&nbsp;<\/p>\n<p>&nbsp;<\/p>\n<p>&nbsp;<\/p>\n<p>En el stand del INE que tiene como concepto \u201cLa ciencia como fundamento de la evoluci\u00f3n democr\u00e1tica\u201d, apunt\u00f3 que la gu\u00eda refiere las hip\u00f3tesis en que se actualiza la violencia pol\u00edtica, la competencia de las autoridades, las medidas de protecci\u00f3n y reparaci\u00f3n que se deben tomar en cuenta, as\u00ed como de las sanciones.<\/p>\n<p>&nbsp;<\/p>\n<p>&nbsp;<\/p>\n<p>&nbsp;<\/p>\n<p>Destaca Consejera la primera cancelaci\u00f3n de una elecci\u00f3n por violencia de g\u00e9nero<\/p>\n<p>&nbsp;<\/p>\n<p>&nbsp;<\/p>\n<p>&nbsp;<\/p>\n<p>Al continuar con la presentaci\u00f3n de la gu\u00eda, la Consejera precis\u00f3 que por violencia pol\u00edtica ya se decret\u00f3 la nulidad de elecciones en este a\u00f1o, como ocurri\u00f3 en Iliatenco, Guerrero, al acreditar agresiones en la propaganda de la candidata que pretend\u00eda reelegirse y que fue v\u00edctima de expresiones discriminatorias.<\/p>\n<p>&nbsp;<\/p>\n<p>&nbsp;<\/p>\n<p>&nbsp;<\/p>\n<p>En raz\u00f3n de ello, el Tribunal Electoral determin\u00f3 que con esos mensajes se gener\u00f3 violencia como una causal para no ganar la elecci\u00f3n. \u201cEsa circunstancia se logr\u00f3 mediante la denuncia de la candidata agredida, sin ello hubiera sido imposible que la autoridad electoral o jurisdiccional pudiera establecer el mecanismo de protecci\u00f3n a sus derechos pol\u00edticos\u201d, dijo.<\/p>\n<p>&nbsp;<\/p>\n<p>&nbsp;<\/p>\n<p>&nbsp;<\/p>\n<p>Incumplen desde lo local con apoyar campa\u00f1as pol\u00edticas a mujeres<\/p>\n<p>&nbsp;<\/p>\n<p>&nbsp;<\/p>\n<p>&nbsp;<\/p>\n<p>En la presentaci\u00f3n de la gu\u00eda particip\u00f3 Jaqueline Vargas Arellanes, Titular de la Unidad T\u00e9cnica de Fiscalizaci\u00f3n del Instituto, quien inform\u00f3 de las sanciones por la omisi\u00f3n de partidos pol\u00edticos para destinar el 40 por ciento de sus recursos p\u00fablicos a las candidaturas de mujeres a nivel local y federal en el pasado Proceso Electoral Local y Federal 2020-2021.<\/p>\n<p>&nbsp;<\/p>\n<p>&nbsp;<\/p>\n<p>&nbsp;<\/p>\n<p>Advirti\u00f3 que s\u00f3lo en cuatro entidades, Campeche, Ciudad de M\u00e9xico, Hidalgo y Tamaulipas, se cumpli\u00f3 el requisito establecido de destinar el 40 por ciento del financiamiento p\u00fablico a trav\u00e9s de las candidaturas para actividades de campa\u00f1a, monto que se establece como requisito para combatir la violencia pol\u00edtica contra las mujeres y que ayuda a fortalecer la igualdad entre candidaturas sin importar el g\u00e9nero que las encabece.<\/p>\n<p>&nbsp;<\/p>\n<p>&nbsp;<\/p>\n<p>&nbsp;<\/p>\n<p>Apunt\u00f3 que en el proceso electoral los partidos pol\u00edticos a nivel local omitieron destinar alrededor de tres millones de pesos a candidaturas de mujeres.<\/p>\n<p>&nbsp;<\/p>\n<p>&nbsp;<\/p>\n<p>&nbsp;<\/p>\n<p>En ese sentido, 91 candidaturas de mujeres se vieron afectadas por la falta de financiamiento, situaci\u00f3n que llev\u00f3 a que contendieran en condiciones de desigualdad al asignarles un porcentaje menor al establecido, en 22 de ellas fueron a diputaciones locales y 69 a presidencias municipales.<\/p>\n<p>&nbsp;<\/p>\n<p>&nbsp;<\/p>\n<p>&nbsp;<\/p>\n<p>La entidad con mayor n\u00famero de casos de partidos omisos en destinar 40 por ciento del financiamiento para campa\u00f1as a mujeres fue Morelos con 14 candidaturas afectadas, seguido de San Luis Potos\u00ed y Sonora con siete cada uno.<\/p>\n<p>&nbsp;<\/p>\n<p>&nbsp;<\/p>\n<p>&nbsp;<\/p>\n<p>Chiapas, Chihuahua, Nayarit, Tlaxcala y Veracruz incumplieron en cinco candidaturas.<\/p>\n<p>&nbsp;<\/p>\n<p>&nbsp;<\/p>\n<p>&nbsp;<\/p>\n<p>En tanto, el Estado de M\u00e9xico, Michoac\u00e1n, Quer\u00e9taro, Tabasco y Zacatecas, afectaron a tres; mientras que en Aguascalientes, Baja California, Guanajuato, Jalisco, Puebla, Sinaloa y Yucat\u00e1n afectaron a dos.<\/p>\n<p>&nbsp;<\/p>\n<p>&nbsp;<\/p>\n<p>&nbsp;<\/p>\n<p>Coahuila, Colima, Durango, Nuevo Le\u00f3n, Oaxaca, Quintana Roo y Tamaulipas a una mujer.<\/p>\n<p>&nbsp;<\/p>\n<p>&nbsp;<\/p>\n<p>&nbsp;<\/p>\n<p>A nivel federal todos los partidos pol\u00edticos cumplieron con la obligaci\u00f3n de destinar ese 40 por ciento del financiamiento de campa\u00f1a para mujeres, finaliz\u00f3.<\/p>\n<p>&nbsp;<\/p>\n<p>&nbsp;<\/p>\n<p>&nbsp;<\/p>\n<p>Al moderar la presentaci\u00f3n, Beatriz Rangel, Consejera del Consejo Local del INE en Jalisco, coment\u00f3 que el reto mayor est\u00e1 en los municipios, ya que es donde se presentan m\u00e1s casos de violencia pol\u00edtica.<\/p>\n<p>Fecha de publicaci\u00f3n martes\/ 30 \/ noviembre\/ 2021 \/ CS No.547<\/p>\n<p>&nbsp;<\/p>\n","protected":false},"excerpt":{"rendered":"<p>&nbsp; &nbsp; &nbsp; &nbsp; Durante la presentaci\u00f3n de la \u201cGu\u00eda para la prevenci\u00f3n, atenci\u00f3n, sanci\u00f3n&#8230;<\/p>\n","protected":false},"author":1,"featured_media":128765,"comment_status":"open","ping_status":"open","sticky":false,"template":"","format":"standard","meta":{"_monsterinsights_skip_tracking":false,"_monsterinsights_sitenote_active":false,"_monsterinsights_sitenote_note":"","_monsterinsights_sitenote_category":0,"footnotes":""},"categories":[5],"tags":[1247,297,6459],"class_list":["post"],"yoast_head":" \n<title>Sonora en Equipo. Es necesario que mujeres denuncien cuando sufran violencia pol\u00edtica: Adriana Favela Rep\u00fablica<\/title>\n<meta name=\"description\" content=\"&nbsp; &nbsp; &nbsp; &nbsp; Durante la presentaci\u00f3n de la \u201cGu\u00eda para la prevenci\u00f3n, atenci\u00f3n, sanci\u00f3n y reparaci\u00f3n integral de la violencia pol\u00edtica En Sonora en Equipo publicamos toda la informaci\u00f3n de Sonora, M\u00e9xico y el Mundo de manera oportuna y busca que la libertad de expresi\u00f3n sea real. Visita nuestro medio informativo publicado desde Hermosillo, Sonora. %\" \/>\n<meta name=\"robots\" content=\"index, follow, max-snippet:-1, max-image-preview:large, max-video-preview:-1\" \/>\n<link rel=\"canonical\" href=\"https:\/\/www.sonoraenequipo.com.mx\/es-necesario-que-mujeres-denuncien-cuando-sufran-violencia-politica-adriana-favela\/\" \/>\n<meta property=\"og:locale\" content=\"es_ES\" \/>\n<meta property=\"og:type\" content=\"article\" \/>\n<meta property=\"og:title\" content=\"Sonora en Equipo. Es necesario que mujeres denuncien cuando sufran violencia pol\u00edtica: Adriana Favela Rep\u00fablica\" \/>\n<meta property=\"og:description\" content=\"&nbsp; &nbsp; &nbsp; &nbsp; Durante la presentaci\u00f3n de la \u201cGu\u00eda para la prevenci\u00f3n, atenci\u00f3n, sanci\u00f3n y reparaci\u00f3n integral de la violencia pol\u00edtica En Sonora en Equipo publicamos toda la informaci\u00f3n de Sonora, M\u00e9xico y el Mundo de manera oportuna y busca que la libertad de expresi\u00f3n sea real. Visita nuestro medio informativo publicado desde Hermosillo, Sonora. %\" \/>\n<meta property=\"og:url\" content=\"https:\/\/www.sonoraenequipo.com.mx\/es-necesario-que-mujeres-denuncien-cuando-sufran-violencia-politica-adriana-favela\/\" \/>\n<meta property=\"og:site_name\" content=\"Sonora en Equipo.\" \/>\n<meta property=\"article:publisher\" content=\"https:\/\/www.facebook.com\/SonoraEE\/\" \/>\n<meta property=\"article:author\" content=\"https:\/\/www.facebook.com\/SonoraEE\" \/>\n<meta property=\"article:published_time\" content=\"2021-12-02T21:30:42+00:00\" \/>\n<meta property=\"og:image\" content=\"https:\/\/www.sonoraenequipo.com.mx\/storage\/2021\/12\/favela.jpg\" \/>\n\t<meta property=\"og:image:width\" content=\"700\" \/>\n\t<meta property=\"og:image:height\" content=\"400\" \/>\n\t<meta property=\"og:image:type\" content=\"image\/jpeg\" \/>\n<meta name=\"author\" content=\"enequipo\" \/>\n<meta name=\"twitter:card\" content=\"summary_large_image\" \/>\n<meta name=\"twitter:creator\" content=\"@sonoraenequipo\" \/>\n<meta name=\"twitter:site\" content=\"@sonoraenequipo\" \/>\n<meta name=\"twitter:label1\" content=\"Escrito por\" \/>\n\t<meta name=\"twitter:data1\" content=\"enequipo\" \/>\n\t<meta name=\"twitter:label2\" content=\"Tiempo de lectura\" \/>\n\t<meta name=\"twitter:data2\" content=\"4 minutos\" \/>\n<script type=\"application\/ld+json\" class=\"yoast-schema-graph\">{\"@context\":\"https:\/\/schema.org\",\"@graph\":[{\"@type\":\"Article\",\"@id\":\"https:\/\/www.sonoraenequipo.com.mx\/es-necesario-que-mujeres-denuncien-cuando-sufran-violencia-politica-adriana-favela\/#article\",\"isPartOf\":{\"@id\":\"https:\/\/www.sonoraenequipo.com.mx\/es-necesario-que-mujeres-denuncien-cuando-sufran-violencia-politica-adriana-favela\/\"},\"author\":{\"name\":\"enequipo\",\"@id\":\"https:\/\/www.sonoraenequipo.com.mx\/#\/schema\/person\/50102df0fb23a8fa9e8effad8fa81386\"},\"headline\":\"Es necesario que mujeres denuncien cuando sufran violencia pol\u00edtica: Adriana Favela\",\"datePublished\":\"2021-12-02T21:30:42+00:00\",\"mainEntityOfPage\":{\"@id\":\"https:\/\/www.sonoraenequipo.com.mx\/es-necesario-que-mujeres-denuncien-cuando-sufran-violencia-politica-adriana-favela\/\"},\"wordCount\":962,\"commentCount\":0,\"publisher\":{\"@id\":\"https:\/\/www.sonoraenequipo.com.mx\/#organization\"},\"image\":{\"@id\":\"https:\/\/www.sonoraenequipo.com.mx\/es-necesario-que-mujeres-denuncien-cuando-sufran-violencia-politica-adriana-favela\/#primaryimage\"},\"thumbnailUrl\":\"https:\/\/www.sonoraenequipo.com.mx\/storage\/2021\/12\/favela.jpg\",\"keywords\":[\"INE\",\"mujeres\",\"violencia pol\u00edtica de g\u00e9nero\"],\"articleSection\":[\"Rep\u00fablica\"],\"inLanguage\":\"es\",\"potentialAction\":[{\"@type\":\"CommentAction\",\"name\":\"Comment\",\"target\":[\"https:\/\/www.sonoraenequipo.com.mx\/es-necesario-que-mujeres-denuncien-cuando-sufran-violencia-politica-adriana-favela\/#respond\"]}]},{\"@type\":\"WebPage\",\"@id\":\"https:\/\/www.sonoraenequipo.com.mx\/es-necesario-que-mujeres-denuncien-cuando-sufran-violencia-politica-adriana-favela\/\",\"url\":\"https:\/\/www.sonoraenequipo.com.mx\/es-necesario-que-mujeres-denuncien-cuando-sufran-violencia-politica-adriana-favela\/\",\"name\":\"Sonora en Equipo. Es necesario que mujeres denuncien cuando sufran violencia pol\u00edtica: Adriana Favela Rep\u00fablica\",\"isPartOf\":{\"@id\":\"https:\/\/www.sonoraenequipo.com.mx\/#website\"},\"primaryImageOfPage\":{\"@id\":\"https:\/\/www.sonoraenequipo.com.mx\/es-necesario-que-mujeres-denuncien-cuando-sufran-violencia-politica-adriana-favela\/#primaryimage\"},\"image\":{\"@id\":\"https:\/\/www.sonoraenequipo.com.mx\/es-necesario-que-mujeres-denuncien-cuando-sufran-violencia-politica-adriana-favela\/#primaryimage\"},\"thumbnailUrl\":\"https:\/\/www.sonoraenequipo.com.mx\/storage\/2021\/12\/favela.jpg\",\"datePublished\":\"2021-12-02T21:30:42+00:00\",\"description\":\"&nbsp; &nbsp; &nbsp; &nbsp; Durante la presentaci\u00f3n de la \u201cGu\u00eda para la prevenci\u00f3n, atenci\u00f3n, sanci\u00f3n y reparaci\u00f3n integral de la violencia pol\u00edtica En Sonora en Equipo publicamos toda la informaci\u00f3n de Sonora, M\u00e9xico y el Mundo de manera oportuna y busca que la libertad de expresi\u00f3n sea real. Visita nuestro medio informativo publicado desde Hermosillo, Sonora. %\",\"breadcrumb\":{\"@id\":\"https:\/\/www.sonoraenequipo.com.mx\/es-necesario-que-mujeres-denuncien-cuando-sufran-violencia-politica-adriana-favela\/#breadcrumb\"},\"inLanguage\":\"es\",\"potentialAction\":[{\"@type\":\"ReadAction\",\"target\":[\"https:\/\/www.sonoraenequipo.com.mx\/es-necesario-que-mujeres-denuncien-cuando-sufran-violencia-politica-adriana-favela\/\"]}]},{\"@type\":\"ImageObject\",\"inLanguage\":\"es\",\"@id\":\"https:\/\/www.sonoraenequipo.com.mx\/es-necesario-que-mujeres-denuncien-cuando-sufran-violencia-politica-adriana-favela\/#primaryimage\",\"url\":\"https:\/\/www.sonoraenequipo.com.mx\/storage\/2021\/12\/favela.jpg\",\"contentUrl\":\"https:\/\/www.sonoraenequipo.com.mx\/storage\/2021\/12\/favela.jpg\",\"width\":700,\"height\":400},{\"@type\":\"BreadcrumbList\",\"@id\":\"https:\/\/www.sonoraenequipo.com.mx\/es-necesario-que-mujeres-denuncien-cuando-sufran-violencia-politica-adriana-favela\/#breadcrumb\",\"itemListElement\":[{\"@type\":\"ListItem\",\"position\":1,\"name\":\"Portada\",\"item\":\"https:\/\/www.sonoraenequipo.com.mx\/\"},{\"@type\":\"ListItem\",\"position\":2,\"name\":\"Es necesario que mujeres denuncien cuando sufran violencia pol\u00edtica: Adriana Favela\"}]},{\"@type\":\"WebSite\",\"@id\":\"https:\/\/www.sonoraenequipo.com.mx\/#website\",\"url\":\"https:\/\/www.sonoraenequipo.com.mx\/\",\"name\":\"Sonora en Equipo.\",\"description\":\"Diario en l\u00ednea con Noticias desde Hermosillo, Sonora\",\"publisher\":{\"@id\":\"https:\/\/www.sonoraenequipo.com.mx\/#organization\"},\"potentialAction\":[{\"@type\":\"SearchAction\",\"target\":{\"@type\":\"EntryPoint\",\"urlTemplate\":\"https:\/\/www.sonoraenequipo.com.mx\/?s={search_term_string}\"},\"query-input\":{\"@type\":\"PropertyValueSpecification\",\"valueRequired\":true,\"valueName\":\"search_term_string\"}}],\"inLanguage\":\"es\"},{\"@type\":\"Organization\",\"@id\":\"https:\/\/www.sonoraenequipo.com.mx\/#organization\",\"name\":\"Sonoraenequipo.com.mx\",\"url\":\"https:\/\/www.sonoraenequipo.com.mx\/\",\"logo\":{\"@type\":\"ImageObject\",\"inLanguage\":\"es\",\"@id\":\"https:\/\/www.sonoraenequipo.com.mx\/#\/schema\/logo\/image\/\",\"url\":\"https:\/\/www.sonoraenequipo.com.mx\/storage\/2019\/01\/sonoraenequipo_opt.png\",\"contentUrl\":\"https:\/\/www.sonoraenequipo.com.mx\/storage\/2019\/01\/sonoraenequipo_opt.png\",\"width\":375,\"height\":125,\"caption\":\"Sonoraenequipo.com.mx\"},\"image\":{\"@id\":\"https:\/\/www.sonoraenequipo.com.mx\/#\/schema\/logo\/image\/\"},\"sameAs\":[\"https:\/\/www.facebook.com\/SonoraEE\/\",\"https:\/\/x.com\/sonoraenequipo\",\"https:\/\/www.youtube.com\/channel\/UC338nW-lPEYmJQs4ZABQ1SQ\"]},{\"@type\":\"Person\",\"@id\":\"https:\/\/www.sonoraenequipo.com.mx\/#\/schema\/person\/50102df0fb23a8fa9e8effad8fa81386\",\"name\":\"enequipo\",\"image\":{\"@type\":\"ImageObject\",\"inLanguage\":\"es\",\"@id\":\"https:\/\/www.sonoraenequipo.com.mx\/#\/schema\/person\/image\/\",\"url\":\"https:\/\/secure.gravatar.com\/avatar\/049821681b589dabc0bc20695993ccebb09f5b5d4d790cd9251b97faac7c652b?s=96&d=blank&r=g\",\"contentUrl\":\"https:\/\/secure.gravatar.com\/avatar\/049821681b589dabc0bc20695993ccebb09f5b5d4d790cd9251b97faac7c652b?s=96&d=blank&r=g\",\"caption\":\"enequipo\"},\"sameAs\":[\"https:\/\/www.facebook.com\/SonoraEE\"]}]}<\/script>\n ","yoast_head_json":{"title":"Sonora en Equipo. Es necesario que mujeres denuncien cuando sufran violencia pol\u00edtica: Adriana Favela Rep\u00fablica","description":"&nbsp; &nbsp; &nbsp; &nbsp; Durante la presentaci\u00f3n de la \u201cGu\u00eda para la prevenci\u00f3n, atenci\u00f3n, sanci\u00f3n y reparaci\u00f3n integral de la violencia pol\u00edtica En Sonora en Equipo publicamos toda la informaci\u00f3n de Sonora, M\u00e9xico y el Mundo de manera oportuna y busca que la libertad de expresi\u00f3n sea real. Visita nuestro medio informativo publicado desde Hermosillo, Sonora. %","robots":{"index":"index","follow":"follow","max-snippet":"max-snippet:-1","max-image-preview":"max-image-preview:large","max-video-preview":"max-video-preview:-1"},"canonical":"https:\/\/www.sonoraenequipo.com.mx\/es-necesario-que-mujeres-denuncien-cuando-sufran-violencia-politica-adriana-favela\/","og_locale":"es_ES","og_type":"article","og_title":"Sonora en Equipo. Es necesario que mujeres denuncien cuando sufran violencia pol\u00edtica: Adriana Favela Rep\u00fablica","og_description":"&nbsp; &nbsp; &nbsp; &nbsp; Durante la presentaci\u00f3n de la \u201cGu\u00eda para la prevenci\u00f3n, atenci\u00f3n, sanci\u00f3n y reparaci\u00f3n integral de la violencia pol\u00edtica En Sonora en Equipo publicamos toda la informaci\u00f3n de Sonora, M\u00e9xico y el Mundo de manera oportuna y busca que la libertad de expresi\u00f3n sea real. Visita nuestro medio informativo publicado desde Hermosillo, Sonora. %","og_url":"https:\/\/www.sonoraenequipo.com.mx\/es-necesario-que-mujeres-denuncien-cuando-sufran-violencia-politica-adriana-favela\/","og_site_name":"Sonora en Equipo.","article_publisher":"https:\/\/www.facebook.com\/SonoraEE\/","article_author":"https:\/\/www.facebook.com\/SonoraEE","article_published_time":"2021-12-02T21:30:42+00:00","og_image":[{"width":700,"height":400,"url":"https:\/\/www.sonoraenequipo.com.mx\/storage\/2021\/12\/favela.jpg","type":"image\/jpeg"}],"author":"enequipo","twitter_card":"summary_large_image","twitter_creator":"@sonoraenequipo","twitter_site":"@sonoraenequipo","twitter_misc":{"Escrito por":"enequipo","Tiempo de lectura":"4 minutos"},"schema":{"@context":"https:\/\/schema.org","@graph":[{"@type":"Article","@id":"https:\/\/www.sonoraenequipo.com.mx\/es-necesario-que-mujeres-denuncien-cuando-sufran-violencia-politica-adriana-favela\/#article","isPartOf":{"@id":"https:\/\/www.sonoraenequipo.com.mx\/es-necesario-que-mujeres-denuncien-cuando-sufran-violencia-politica-adriana-favela\/"},"author":{"name":"enequipo","@id":"https:\/\/www.sonoraenequipo.com.mx\/#\/schema\/person\/50102df0fb23a8fa9e8effad8fa81386"},"headline":"Es necesario que mujeres denuncien cuando sufran violencia pol\u00edtica: Adriana Favela","datePublished":"2021-12-02T21:30:42+00:00","mainEntityOfPage":{"@id":"https:\/\/www.sonoraenequipo.com.mx\/es-necesario-que-mujeres-denuncien-cuando-sufran-violencia-politica-adriana-favela\/"},"wordCount":962,"commentCount":0,"publisher":{"@id":"https:\/\/www.sonoraenequipo.com.mx\/#organization"},"image":{"@id":"https:\/\/www.sonoraenequipo.com.mx\/es-necesario-que-mujeres-denuncien-cuando-sufran-violencia-politica-adriana-favela\/#primaryimage"},"thumbnailUrl":"https:\/\/www.sonoraenequipo.com.mx\/storage\/2021\/12\/favela.jpg","keywords":["INE","mujeres","violencia pol\u00edtica de g\u00e9nero"],"articleSection":["Rep\u00fablica"],"inLanguage":"es","potentialAction":[{"@type":"CommentAction","name":"Comment","target":["https:\/\/www.sonoraenequipo.com.mx\/es-necesario-que-mujeres-denuncien-cuando-sufran-violencia-politica-adriana-favela\/#respond"]}]},{"@type":"WebPage","@id":"https:\/\/www.sonoraenequipo.com.mx\/es-necesario-que-mujeres-denuncien-cuando-sufran-violencia-politica-adriana-favela\/","url":"https:\/\/www.sonoraenequipo.com.mx\/es-necesario-que-mujeres-denuncien-cuando-sufran-violencia-politica-adriana-favela\/","name":"Sonora en Equipo. Es necesario que mujeres denuncien cuando sufran violencia pol\u00edtica: Adriana Favela Rep\u00fablica","isPartOf":{"@id":"https:\/\/www.sonoraenequipo.com.mx\/#website"},"primaryImageOfPage":{"@id":"https:\/\/www.sonoraenequipo.com.mx\/es-necesario-que-mujeres-denuncien-cuando-sufran-violencia-politica-adriana-favela\/#primaryimage"},"image":{"@id":"https:\/\/www.sonoraenequipo.com.mx\/es-necesario-que-mujeres-denuncien-cuando-sufran-violencia-politica-adriana-favela\/#primaryimage"},"thumbnailUrl":"https:\/\/www.sonoraenequipo.com.mx\/storage\/2021\/12\/favela.jpg","datePublished":"2021-12-02T21:30:42+00:00","description":"&nbsp; &nbsp; &nbsp; &nbsp; Durante la presentaci\u00f3n de la \u201cGu\u00eda para la prevenci\u00f3n, atenci\u00f3n, sanci\u00f3n y reparaci\u00f3n integral de la violencia pol\u00edtica En Sonora en Equipo publicamos toda la informaci\u00f3n de Sonora, M\u00e9xico y el Mundo de manera oportuna y busca que la libertad de expresi\u00f3n sea real. Visita nuestro medio informativo publicado desde Hermosillo, Sonora. %","breadcrumb":{"@id":"https:\/\/www.sonoraenequipo.com.mx\/es-necesario-que-mujeres-denuncien-cuando-sufran-violencia-politica-adriana-favela\/#breadcrumb"},"inLanguage":"es","potentialAction":[{"@type":"ReadAction","target":["https:\/\/www.sonoraenequipo.com.mx\/es-necesario-que-mujeres-denuncien-cuando-sufran-violencia-politica-adriana-favela\/"]}]},{"@type":"ImageObject","inLanguage":"es","@id":"https:\/\/www.sonoraenequipo.com.mx\/es-necesario-que-mujeres-denuncien-cuando-sufran-violencia-politica-adriana-favela\/#primaryimage","url":"https:\/\/www.sonoraenequipo.com.mx\/storage\/2021\/12\/favela.jpg","contentUrl":"https:\/\/www.sonoraenequipo.com.mx\/storage\/2021\/12\/favela.jpg","width":700,"height":400},{"@type":"BreadcrumbList","@id":"https:\/\/www.sonoraenequipo.com.mx\/es-necesario-que-mujeres-denuncien-cuando-sufran-violencia-politica-adriana-favela\/#breadcrumb","itemListElement":[{"@type":"ListItem","position":1,"name":"Portada","item":"https:\/\/www.sonoraenequipo.com.mx\/"},{"@type":"ListItem","position":2,"name":"Es necesario que mujeres denuncien cuando sufran violencia pol\u00edtica: Adriana Favela"}]},{"@type":"WebSite","@id":"https:\/\/www.sonoraenequipo.com.mx\/#website","url":"https:\/\/www.sonoraenequipo.com.mx\/","name":"Sonora en Equipo.","description":"Diario en l\u00ednea con Noticias desde Hermosillo, Sonora","publisher":{"@id":"https:\/\/www.sonoraenequipo.com.mx\/#organization"},"potentialAction":[{"@type":"SearchAction","target":{"@type":"EntryPoint","urlTemplate":"https:\/\/www.sonoraenequipo.com.mx\/?s={search_term_string}"},"query-input":{"@type":"PropertyValueSpecification","valueRequired":true,"valueName":"search_term_string"}}],"inLanguage":"es"},{"@type":"Organization","@id":"https:\/\/www.sonoraenequipo.com.mx\/#organization","name":"Sonoraenequipo.com.mx","url":"https:\/\/www.sonoraenequipo.com.mx\/","logo":{"@type":"ImageObject","inLanguage":"es","@id":"https:\/\/www.sonoraenequipo.com.mx\/#\/schema\/logo\/image\/","url":"https:\/\/www.sonoraenequipo.com.mx\/storage\/2019\/01\/sonoraenequipo_opt.png","contentUrl":"https:\/\/www.sonoraenequipo.com.mx\/storage\/2019\/01\/sonoraenequipo_opt.png","width":375,"height":125,"caption":"Sonoraenequipo.com.mx"},"image":{"@id":"https:\/\/www.sonoraenequipo.com.mx\/#\/schema\/logo\/image\/"},"sameAs":["https:\/\/www.facebook.com\/SonoraEE\/","https:\/\/x.com\/sonoraenequipo","https:\/\/www.youtube.com\/channel\/UC338nW-lPEYmJQs4ZABQ1SQ"]},{"@type":"Person","@id":"https:\/\/www.sonoraenequipo.com.mx\/#\/schema\/person\/50102df0fb23a8fa9e8effad8fa81386","name":"enequipo","image":{"@type":"ImageObject","inLanguage":"es","@id":"https:\/\/www.sonoraenequipo.com.mx\/#\/schema\/person\/image\/","url":"https:\/\/secure.gravatar.com\/avatar\/049821681b589dabc0bc20695993ccebb09f5b5d4d790cd9251b97faac7c652b?s=96&d=blank&r=g","contentUrl":"https:\/\/secure.gravatar.com\/avatar\/049821681b589dabc0bc20695993ccebb09f5b5d4d790cd9251b97faac7c652b?s=96&d=blank&r=g","caption":"enequipo"},"sameAs":["https:\/\/www.facebook.com\/SonoraEE"]}]}},"jetpack_featured_media_url":"https:\/\/www.sonoraenequipo.com.mx\/storage\/2021\/12\/favela.jpg","_links":{"self":[{"href":"https:\/\/www.sonoraenequipo.com.mx\/api\/wp\/v2\/posts\/128764","targetHints":{"allow":["GET"]}}],"collection":[{"href":"https:\/\/www.sonoraenequipo.com.mx\/api\/wp\/v2\/posts"}],"about":[{"href":"https:\/\/www.sonoraenequipo.com.mx\/api\/wp\/v2\/types\/post"}],"author":[{"embeddable":true,"href":"https:\/\/www.sonoraenequipo.com.mx\/api\/wp\/v2\/users\/1"}],"replies":[{"embeddable":true,"href":"https:\/\/www.sonoraenequipo.com.mx\/api\/wp\/v2\/comments?post=128764"}],"version-history":[{"count":1,"href":"https:\/\/www.sonoraenequipo.com.mx\/api\/wp\/v2\/posts\/128764\/revisions"}],"predecessor-version":[{"id":128766,"href":"https:\/\/www.sonoraenequipo.com.mx\/api\/wp\/v2\/posts\/128764\/revisions\/128766"}],"wp:featuredmedia":[{"embeddable":true,"href":"https:\/\/www.sonoraenequipo.com.mx\/api\/wp\/v2\/media\/128765"}],"wp:attachment":[{"href":"https:\/\/www.sonoraenequipo.com.mx\/api\/wp\/v2\/media?parent=128764"}],"wp:term":[{"taxonomy":"category","embeddable":true,"href":"https:\/\/www.sonoraenequipo.com.mx\/api\/wp\/v2\/categories?post=128764"},{"taxonomy":"post_tag","embeddable":true,"href":"https:\/\/www.sonoraenequipo.com.mx\/api\/wp\/v2\/tags?post=128764"}],"curies":[{"name":"wp","href":"https:\/\/api.w.org\/{rel}","templated":true}]}}