{"id":128770,"date":"2021-12-01T17:50:09","date_gmt":"2021-12-02T00:50:09","guid":{"rendered":"https:\/\/www.sonoraenequipo.com.mx\/?p=128770"},"modified":"2021-12-02T15:17:14","modified_gmt":"2021-12-02T22:17:14","slug":"comision-de-los-derechos-de-la-ninez-adolescencia-y-juventud-del-congreso-de-sonora-analizo-diversos-asuntos","status":"publish","type":"post","link":"https:\/\/www.sonoraenequipo.com.mx\/comision-de-los-derechos-de-la-ninez-adolescencia-y-juventud-del-congreso-de-sonora-analizo-diversos-asuntos\/","title":{"rendered":"Comisi\u00f3n de los Derechos de la Ni\u00f1ez, Adolescencia y Juventud del Congreso de Sonora analiz\u00f3 diversos asuntos"},"content":{"rendered":"<p>HERMOSILLO, SONORA. MX. \u2014 Para desahogar una serie de asuntos turnados las integrantes de la Comisi\u00f3n de los Derechos de la Ni\u00f1ez, Adolescencia y Juventud se reuni\u00f3 este d\u00eda en el que tambi\u00e9n recibieron informaci\u00f3n de la organizaci\u00f3n civil Pacto por la Primera Infancia en Sonora.<\/p>\n<p>&nbsp;<\/p>\n<p> <\/p>\n<p>&nbsp;<\/p>\n<p>La diputada Karina Teresita Z\u00e1rate F\u00e9lix, presidenta de la citada Comisi\u00f3n, hizo entrega a sus compa\u00f1eras del proyecto de la convocatoria del parlamento juvenil, mismo que fue aprobado por la anterior legislatura y, por la pandemia por Covid 19, no se llev\u00f3 a cabo dicho programa junto con otras autoridades.<\/p>\n<p>&nbsp;<\/p>\n<p>\u201cLes dejo para su an\u00e1lisis esta informaci\u00f3n del programa de parlamento juvenil en el cual veremos las diferentes actividades a realizar durante las diversas etapas y para lo cual es necesario contar con sus observaciones y aportaciones de la comisi\u00f3n\u201d, especific\u00f3.<\/p>\n<p>&nbsp;<\/p>\n<p>La diputada Z\u00e1rate F\u00e9lix invit\u00f3 a la diputada Beatriz Cota Ponce como presidenta de la Comisi\u00f3n de Educaci\u00f3n y Cultura para que el programa del parlamento juvenil se realice en forma unida a la Comisi\u00f3n de los Derechos de la Ni\u00f1ez, Adolescencia y Juventud.<\/p>\n<p>&nbsp;<\/p>\n<p>La diputada Cota Ponce explic\u00f3 sobre la firma del convenio con las diversas autoridades para la realizaci\u00f3n del programa Diputado Infantil y, que posteriormente, convocar\u00eda a las Comisiones en menci\u00f3n para revisar a detalle el tema de la convocatoria del programa del parlamento juvenil.<\/p>\n<p>&nbsp;<\/p>\n<p>Andrea Ver\u00f3nica Paz Molinares, coordinadora estatal en Sonora de la organizaci\u00f3n civil Pacto por la Primera Infancia en Sonora, en su presentaci\u00f3n \u201cEl Poder Legislativo y el Pacto por la Primera Infancia\u201d, destac\u00f3 la importancia de promover las reformas legales y aprobar las propuestas legislativas que fortalezcan las instituciones.<\/p>\n<p>&nbsp;<\/p>\n<p>Adem\u00e1s, la promoci\u00f3n del ejercicio pleno de los derechos de la primera infancia y asegurar el cumplimiento de las metas del pacto; promover la asignaci\u00f3n de los recursos necesarios para financiar los programas presupuestarios dirigidos al cumplimiento de las metas del pacto y de la garant\u00eda de los derechos de ni\u00f1as, ni\u00f1os y adolescentes del estado; as\u00ed como su visibilizaci\u00f3n mediante la integraci\u00f3n de un anexo transversal dividido en tres grupos etarios: primera infancia, ni\u00f1ez y adolescencia.<\/p>\n<p>&nbsp;<\/p>\n<p>En la reuni\u00f3n estuvieron presentes las diputadas Diana Karina Barreras Samaniego, Brenda Lizeth C\u00f3rdova B\u00fazani, Mar\u00eda Sagrario Monta\u00f1o Palomares y Ivana Celeste Taddei Arriola, secretarias de la comisi\u00f3n.<\/p>\n<p>&nbsp;<\/p>\n<p>(Publicada el 01\/12\/2021)<\/p>\n","protected":false},"excerpt":{"rendered":"<p>HERMOSILLO, SONORA. MX. \u2014 Para desahogar una serie de asuntos turnados las integrantes de la&#8230;<\/p>\n","protected":false},"author":1,"featured_media":128774,"comment_status":"open","ping_status":"open","sticky":false,"template":"","format":"standard","meta":{"_monsterinsights_skip_tracking":false,"_monsterinsights_sitenote_active":false,"_monsterinsights_sitenote_note":"","_monsterinsights_sitenote_category":0,"footnotes":""},"categories":[3281],"tags":[],"class_list":["post"],"yoast_head":" \n<title>Sonora en Equipo. Comisi\u00f3n de los Derechos de la Ni\u00f1ez, Adolescencia y Juventud del Congreso de Sonora analiz\u00f3 diversos asuntos Congreso<\/title>\n<meta name=\"description\" content=\"HERMOSILLO, SONORA. MX. \u2014 Para desahogar una serie de asuntos turnados las integrantes de la Comisi\u00f3n de los Derechos de la Ni\u00f1ez, Adolescencia y Juventud En Sonora en Equipo publicamos toda la informaci\u00f3n de Sonora, M\u00e9xico y el Mundo de manera oportuna y busca que la libertad de expresi\u00f3n sea real. Visita nuestro medio informativo publicado desde Hermosillo, Sonora. %\" \/>\n<meta name=\"robots\" content=\"index, follow, max-snippet:-1, max-image-preview:large, max-video-preview:-1\" \/>\n<link rel=\"canonical\" href=\"https:\/\/www.sonoraenequipo.com.mx\/comision-de-los-derechos-de-la-ninez-adolescencia-y-juventud-del-congreso-de-sonora-analizo-diversos-asuntos\/\" \/>\n<meta property=\"og:locale\" content=\"es_ES\" \/>\n<meta property=\"og:type\" content=\"article\" \/>\n<meta property=\"og:title\" content=\"Sonora en Equipo. Comisi\u00f3n de los Derechos de la Ni\u00f1ez, Adolescencia y Juventud del Congreso de Sonora analiz\u00f3 diversos asuntos Congreso\" \/>\n<meta property=\"og:description\" content=\"HERMOSILLO, SONORA. MX. \u2014 Para desahogar una serie de asuntos turnados las integrantes de la Comisi\u00f3n de los Derechos de la Ni\u00f1ez, Adolescencia y Juventud En Sonora en Equipo publicamos toda la informaci\u00f3n de Sonora, M\u00e9xico y el Mundo de manera oportuna y busca que la libertad de expresi\u00f3n sea real. Visita nuestro medio informativo publicado desde Hermosillo, Sonora. %\" \/>\n<meta property=\"og:url\" content=\"https:\/\/www.sonoraenequipo.com.mx\/comision-de-los-derechos-de-la-ninez-adolescencia-y-juventud-del-congreso-de-sonora-analizo-diversos-asuntos\/\" \/>\n<meta property=\"og:site_name\" content=\"Sonora en Equipo.\" \/>\n<meta property=\"article:publisher\" content=\"https:\/\/www.facebook.com\/SonoraEE\/\" \/>\n<meta property=\"article:author\" content=\"https:\/\/www.facebook.com\/SonoraEE\" \/>\n<meta property=\"article:published_time\" content=\"2021-12-02T00:50:09+00:00\" \/>\n<meta property=\"article:modified_time\" content=\"2021-12-02T22:17:14+00:00\" \/>\n<meta property=\"og:image\" content=\"https:\/\/www.sonoraenequipo.com.mx\/storage\/2021\/12\/comision-ninos-adolescentes_opt.jpg\" \/>\n\t<meta property=\"og:image:width\" content=\"700\" \/>\n\t<meta property=\"og:image:height\" content=\"400\" \/>\n\t<meta property=\"og:image:type\" content=\"image\/jpeg\" \/>\n<meta name=\"author\" content=\"enequipo\" \/>\n<meta name=\"twitter:card\" content=\"summary_large_image\" \/>\n<meta name=\"twitter:creator\" content=\"@sonoraenequipo\" \/>\n<meta name=\"twitter:site\" content=\"@sonoraenequipo\" \/>\n<meta name=\"twitter:label1\" content=\"Escrito por\" \/>\n\t<meta name=\"twitter:data1\" content=\"enequipo\" \/>\n\t<meta name=\"twitter:label2\" content=\"Tiempo de lectura\" \/>\n\t<meta name=\"twitter:data2\" content=\"2 minutos\" \/>\n<script type=\"application\/ld+json\" class=\"yoast-schema-graph\">{\"@context\":\"https:\/\/schema.org\",\"@graph\":[{\"@type\":\"Article\",\"@id\":\"https:\/\/www.sonoraenequipo.com.mx\/comision-de-los-derechos-de-la-ninez-adolescencia-y-juventud-del-congreso-de-sonora-analizo-diversos-asuntos\/#article\",\"isPartOf\":{\"@id\":\"https:\/\/www.sonoraenequipo.com.mx\/comision-de-los-derechos-de-la-ninez-adolescencia-y-juventud-del-congreso-de-sonora-analizo-diversos-asuntos\/\"},\"author\":{\"name\":\"enequipo\",\"@id\":\"https:\/\/www.sonoraenequipo.com.mx\/#\/schema\/person\/50102df0fb23a8fa9e8effad8fa81386\"},\"headline\":\"Comisi\u00f3n de los Derechos de la Ni\u00f1ez, Adolescencia y Juventud del Congreso de Sonora analiz\u00f3 diversos asuntos\",\"datePublished\":\"2021-12-02T00:50:09+00:00\",\"dateModified\":\"2021-12-02T22:17:14+00:00\",\"mainEntityOfPage\":{\"@id\":\"https:\/\/www.sonoraenequipo.com.mx\/comision-de-los-derechos-de-la-ninez-adolescencia-y-juventud-del-congreso-de-sonora-analizo-diversos-asuntos\/\"},\"wordCount\":447,\"commentCount\":0,\"publisher\":{\"@id\":\"https:\/\/www.sonoraenequipo.com.mx\/#organization\"},\"image\":{\"@id\":\"https:\/\/www.sonoraenequipo.com.mx\/comision-de-los-derechos-de-la-ninez-adolescencia-y-juventud-del-congreso-de-sonora-analizo-diversos-asuntos\/#primaryimage\"},\"thumbnailUrl\":\"https:\/\/www.sonoraenequipo.com.mx\/storage\/2021\/12\/comision-ninos-adolescentes_opt.jpg\",\"articleSection\":[\"Congreso\"],\"inLanguage\":\"es\",\"potentialAction\":[{\"@type\":\"CommentAction\",\"name\":\"Comment\",\"target\":[\"https:\/\/www.sonoraenequipo.com.mx\/comision-de-los-derechos-de-la-ninez-adolescencia-y-juventud-del-congreso-de-sonora-analizo-diversos-asuntos\/#respond\"]}]},{\"@type\":\"WebPage\",\"@id\":\"https:\/\/www.sonoraenequipo.com.mx\/comision-de-los-derechos-de-la-ninez-adolescencia-y-juventud-del-congreso-de-sonora-analizo-diversos-asuntos\/\",\"url\":\"https:\/\/www.sonoraenequipo.com.mx\/comision-de-los-derechos-de-la-ninez-adolescencia-y-juventud-del-congreso-de-sonora-analizo-diversos-asuntos\/\",\"name\":\"Sonora en Equipo. Comisi\u00f3n de los Derechos de la Ni\u00f1ez, Adolescencia y Juventud del Congreso de Sonora analiz\u00f3 diversos asuntos Congreso\",\"isPartOf\":{\"@id\":\"https:\/\/www.sonoraenequipo.com.mx\/#website\"},\"primaryImageOfPage\":{\"@id\":\"https:\/\/www.sonoraenequipo.com.mx\/comision-de-los-derechos-de-la-ninez-adolescencia-y-juventud-del-congreso-de-sonora-analizo-diversos-asuntos\/#primaryimage\"},\"image\":{\"@id\":\"https:\/\/www.sonoraenequipo.com.mx\/comision-de-los-derechos-de-la-ninez-adolescencia-y-juventud-del-congreso-de-sonora-analizo-diversos-asuntos\/#primaryimage\"},\"thumbnailUrl\":\"https:\/\/www.sonoraenequipo.com.mx\/storage\/2021\/12\/comision-ninos-adolescentes_opt.jpg\",\"datePublished\":\"2021-12-02T00:50:09+00:00\",\"dateModified\":\"2021-12-02T22:17:14+00:00\",\"description\":\"HERMOSILLO, SONORA. MX. \u2014 Para desahogar una serie de asuntos turnados las integrantes de la Comisi\u00f3n de los Derechos de la Ni\u00f1ez, Adolescencia y Juventud En Sonora en Equipo publicamos toda la informaci\u00f3n de Sonora, M\u00e9xico y el Mundo de manera oportuna y busca que la libertad de expresi\u00f3n sea real. Visita nuestro medio informativo publicado desde Hermosillo, Sonora. %\",\"breadcrumb\":{\"@id\":\"https:\/\/www.sonoraenequipo.com.mx\/comision-de-los-derechos-de-la-ninez-adolescencia-y-juventud-del-congreso-de-sonora-analizo-diversos-asuntos\/#breadcrumb\"},\"inLanguage\":\"es\",\"potentialAction\":[{\"@type\":\"ReadAction\",\"target\":[\"https:\/\/www.sonoraenequipo.com.mx\/comision-de-los-derechos-de-la-ninez-adolescencia-y-juventud-del-congreso-de-sonora-analizo-diversos-asuntos\/\"]}]},{\"@type\":\"ImageObject\",\"inLanguage\":\"es\",\"@id\":\"https:\/\/www.sonoraenequipo.com.mx\/comision-de-los-derechos-de-la-ninez-adolescencia-y-juventud-del-congreso-de-sonora-analizo-diversos-asuntos\/#primaryimage\",\"url\":\"https:\/\/www.sonoraenequipo.com.mx\/storage\/2021\/12\/comision-ninos-adolescentes_opt.jpg\",\"contentUrl\":\"https:\/\/www.sonoraenequipo.com.mx\/storage\/2021\/12\/comision-ninos-adolescentes_opt.jpg\",\"width\":700,\"height\":400},{\"@type\":\"BreadcrumbList\",\"@id\":\"https:\/\/www.sonoraenequipo.com.mx\/comision-de-los-derechos-de-la-ninez-adolescencia-y-juventud-del-congreso-de-sonora-analizo-diversos-asuntos\/#breadcrumb\",\"itemListElement\":[{\"@type\":\"ListItem\",\"position\":1,\"name\":\"Portada\",\"item\":\"https:\/\/www.sonoraenequipo.com.mx\/\"},{\"@type\":\"ListItem\",\"position\":2,\"name\":\"Comisi\u00f3n de los Derechos de la Ni\u00f1ez, Adolescencia y Juventud del Congreso de Sonora analiz\u00f3 diversos asuntos\"}]},{\"@type\":\"WebSite\",\"@id\":\"https:\/\/www.sonoraenequipo.com.mx\/#website\",\"url\":\"https:\/\/www.sonoraenequipo.com.mx\/\",\"name\":\"Sonora en Equipo.\",\"description\":\"Diario en l\u00ednea con Noticias desde Hermosillo, Sonora\",\"publisher\":{\"@id\":\"https:\/\/www.sonoraenequipo.com.mx\/#organization\"},\"potentialAction\":[{\"@type\":\"SearchAction\",\"target\":{\"@type\":\"EntryPoint\",\"urlTemplate\":\"https:\/\/www.sonoraenequipo.com.mx\/?s={search_term_string}\"},\"query-input\":{\"@type\":\"PropertyValueSpecification\",\"valueRequired\":true,\"valueName\":\"search_term_string\"}}],\"inLanguage\":\"es\"},{\"@type\":\"Organization\",\"@id\":\"https:\/\/www.sonoraenequipo.com.mx\/#organization\",\"name\":\"Sonoraenequipo.com.mx\",\"url\":\"https:\/\/www.sonoraenequipo.com.mx\/\",\"logo\":{\"@type\":\"ImageObject\",\"inLanguage\":\"es\",\"@id\":\"https:\/\/www.sonoraenequipo.com.mx\/#\/schema\/logo\/image\/\",\"url\":\"https:\/\/www.sonoraenequipo.com.mx\/storage\/2019\/01\/sonoraenequipo_opt.png\",\"contentUrl\":\"https:\/\/www.sonoraenequipo.com.mx\/storage\/2019\/01\/sonoraenequipo_opt.png\",\"width\":375,\"height\":125,\"caption\":\"Sonoraenequipo.com.mx\"},\"image\":{\"@id\":\"https:\/\/www.sonoraenequipo.com.mx\/#\/schema\/logo\/image\/\"},\"sameAs\":[\"https:\/\/www.facebook.com\/SonoraEE\/\",\"https:\/\/x.com\/sonoraenequipo\",\"https:\/\/www.youtube.com\/channel\/UC338nW-lPEYmJQs4ZABQ1SQ\"]},{\"@type\":\"Person\",\"@id\":\"https:\/\/www.sonoraenequipo.com.mx\/#\/schema\/person\/50102df0fb23a8fa9e8effad8fa81386\",\"name\":\"enequipo\",\"image\":{\"@type\":\"ImageObject\",\"inLanguage\":\"es\",\"@id\":\"https:\/\/www.sonoraenequipo.com.mx\/#\/schema\/person\/image\/\",\"url\":\"https:\/\/secure.gravatar.com\/avatar\/049821681b589dabc0bc20695993ccebb09f5b5d4d790cd9251b97faac7c652b?s=96&d=blank&r=g\",\"contentUrl\":\"https:\/\/secure.gravatar.com\/avatar\/049821681b589dabc0bc20695993ccebb09f5b5d4d790cd9251b97faac7c652b?s=96&d=blank&r=g\",\"caption\":\"enequipo\"},\"sameAs\":[\"https:\/\/www.facebook.com\/SonoraEE\"]}]}<\/script>\n ","yoast_head_json":{"title":"Sonora en Equipo. Comisi\u00f3n de los Derechos de la Ni\u00f1ez, Adolescencia y Juventud del Congreso de Sonora analiz\u00f3 diversos asuntos Congreso","description":"HERMOSILLO, SONORA. MX. \u2014 Para desahogar una serie de asuntos turnados las integrantes de la Comisi\u00f3n de los Derechos de la Ni\u00f1ez, Adolescencia y Juventud En Sonora en Equipo publicamos toda la informaci\u00f3n de Sonora, M\u00e9xico y el Mundo de manera oportuna y busca que la libertad de expresi\u00f3n sea real. Visita nuestro medio informativo publicado desde Hermosillo, Sonora. %","robots":{"index":"index","follow":"follow","max-snippet":"max-snippet:-1","max-image-preview":"max-image-preview:large","max-video-preview":"max-video-preview:-1"},"canonical":"https:\/\/www.sonoraenequipo.com.mx\/comision-de-los-derechos-de-la-ninez-adolescencia-y-juventud-del-congreso-de-sonora-analizo-diversos-asuntos\/","og_locale":"es_ES","og_type":"article","og_title":"Sonora en Equipo. Comisi\u00f3n de los Derechos de la Ni\u00f1ez, Adolescencia y Juventud del Congreso de Sonora analiz\u00f3 diversos asuntos Congreso","og_description":"HERMOSILLO, SONORA. MX. \u2014 Para desahogar una serie de asuntos turnados las integrantes de la Comisi\u00f3n de los Derechos de la Ni\u00f1ez, Adolescencia y Juventud En Sonora en Equipo publicamos toda la informaci\u00f3n de Sonora, M\u00e9xico y el Mundo de manera oportuna y busca que la libertad de expresi\u00f3n sea real. Visita nuestro medio informativo publicado desde Hermosillo, Sonora. %","og_url":"https:\/\/www.sonoraenequipo.com.mx\/comision-de-los-derechos-de-la-ninez-adolescencia-y-juventud-del-congreso-de-sonora-analizo-diversos-asuntos\/","og_site_name":"Sonora en Equipo.","article_publisher":"https:\/\/www.facebook.com\/SonoraEE\/","article_author":"https:\/\/www.facebook.com\/SonoraEE","article_published_time":"2021-12-02T00:50:09+00:00","article_modified_time":"2021-12-02T22:17:14+00:00","og_image":[{"width":700,"height":400,"url":"https:\/\/www.sonoraenequipo.com.mx\/storage\/2021\/12\/comision-ninos-adolescentes_opt.jpg","type":"image\/jpeg"}],"author":"enequipo","twitter_card":"summary_large_image","twitter_creator":"@sonoraenequipo","twitter_site":"@sonoraenequipo","twitter_misc":{"Escrito por":"enequipo","Tiempo de lectura":"2 minutos"},"schema":{"@context":"https:\/\/schema.org","@graph":[{"@type":"Article","@id":"https:\/\/www.sonoraenequipo.com.mx\/comision-de-los-derechos-de-la-ninez-adolescencia-y-juventud-del-congreso-de-sonora-analizo-diversos-asuntos\/#article","isPartOf":{"@id":"https:\/\/www.sonoraenequipo.com.mx\/comision-de-los-derechos-de-la-ninez-adolescencia-y-juventud-del-congreso-de-sonora-analizo-diversos-asuntos\/"},"author":{"name":"enequipo","@id":"https:\/\/www.sonoraenequipo.com.mx\/#\/schema\/person\/50102df0fb23a8fa9e8effad8fa81386"},"headline":"Comisi\u00f3n de los Derechos de la Ni\u00f1ez, Adolescencia y Juventud del Congreso de Sonora analiz\u00f3 diversos asuntos","datePublished":"2021-12-02T00:50:09+00:00","dateModified":"2021-12-02T22:17:14+00:00","mainEntityOfPage":{"@id":"https:\/\/www.sonoraenequipo.com.mx\/comision-de-los-derechos-de-la-ninez-adolescencia-y-juventud-del-congreso-de-sonora-analizo-diversos-asuntos\/"},"wordCount":447,"commentCount":0,"publisher":{"@id":"https:\/\/www.sonoraenequipo.com.mx\/#organization"},"image":{"@id":"https:\/\/www.sonoraenequipo.com.mx\/comision-de-los-derechos-de-la-ninez-adolescencia-y-juventud-del-congreso-de-sonora-analizo-diversos-asuntos\/#primaryimage"},"thumbnailUrl":"https:\/\/www.sonoraenequipo.com.mx\/storage\/2021\/12\/comision-ninos-adolescentes_opt.jpg","articleSection":["Congreso"],"inLanguage":"es","potentialAction":[{"@type":"CommentAction","name":"Comment","target":["https:\/\/www.sonoraenequipo.com.mx\/comision-de-los-derechos-de-la-ninez-adolescencia-y-juventud-del-congreso-de-sonora-analizo-diversos-asuntos\/#respond"]}]},{"@type":"WebPage","@id":"https:\/\/www.sonoraenequipo.com.mx\/comision-de-los-derechos-de-la-ninez-adolescencia-y-juventud-del-congreso-de-sonora-analizo-diversos-asuntos\/","url":"https:\/\/www.sonoraenequipo.com.mx\/comision-de-los-derechos-de-la-ninez-adolescencia-y-juventud-del-congreso-de-sonora-analizo-diversos-asuntos\/","name":"Sonora en Equipo. Comisi\u00f3n de los Derechos de la Ni\u00f1ez, Adolescencia y Juventud del Congreso de Sonora analiz\u00f3 diversos asuntos Congreso","isPartOf":{"@id":"https:\/\/www.sonoraenequipo.com.mx\/#website"},"primaryImageOfPage":{"@id":"https:\/\/www.sonoraenequipo.com.mx\/comision-de-los-derechos-de-la-ninez-adolescencia-y-juventud-del-congreso-de-sonora-analizo-diversos-asuntos\/#primaryimage"},"image":{"@id":"https:\/\/www.sonoraenequipo.com.mx\/comision-de-los-derechos-de-la-ninez-adolescencia-y-juventud-del-congreso-de-sonora-analizo-diversos-asuntos\/#primaryimage"},"thumbnailUrl":"https:\/\/www.sonoraenequipo.com.mx\/storage\/2021\/12\/comision-ninos-adolescentes_opt.jpg","datePublished":"2021-12-02T00:50:09+00:00","dateModified":"2021-12-02T22:17:14+00:00","description":"HERMOSILLO, SONORA. MX. \u2014 Para desahogar una serie de asuntos turnados las integrantes de la Comisi\u00f3n de los Derechos de la Ni\u00f1ez, Adolescencia y Juventud En Sonora en Equipo publicamos toda la informaci\u00f3n de Sonora, M\u00e9xico y el Mundo de manera oportuna y busca que la libertad de expresi\u00f3n sea real. Visita nuestro medio informativo publicado desde Hermosillo, Sonora. %","breadcrumb":{"@id":"https:\/\/www.sonoraenequipo.com.mx\/comision-de-los-derechos-de-la-ninez-adolescencia-y-juventud-del-congreso-de-sonora-analizo-diversos-asuntos\/#breadcrumb"},"inLanguage":"es","potentialAction":[{"@type":"ReadAction","target":["https:\/\/www.sonoraenequipo.com.mx\/comision-de-los-derechos-de-la-ninez-adolescencia-y-juventud-del-congreso-de-sonora-analizo-diversos-asuntos\/"]}]},{"@type":"ImageObject","inLanguage":"es","@id":"https:\/\/www.sonoraenequipo.com.mx\/comision-de-los-derechos-de-la-ninez-adolescencia-y-juventud-del-congreso-de-sonora-analizo-diversos-asuntos\/#primaryimage","url":"https:\/\/www.sonoraenequipo.com.mx\/storage\/2021\/12\/comision-ninos-adolescentes_opt.jpg","contentUrl":"https:\/\/www.sonoraenequipo.com.mx\/storage\/2021\/12\/comision-ninos-adolescentes_opt.jpg","width":700,"height":400},{"@type":"BreadcrumbList","@id":"https:\/\/www.sonoraenequipo.com.mx\/comision-de-los-derechos-de-la-ninez-adolescencia-y-juventud-del-congreso-de-sonora-analizo-diversos-asuntos\/#breadcrumb","itemListElement":[{"@type":"ListItem","position":1,"name":"Portada","item":"https:\/\/www.sonoraenequipo.com.mx\/"},{"@type":"ListItem","position":2,"name":"Comisi\u00f3n de los Derechos de la Ni\u00f1ez, Adolescencia y Juventud del Congreso de Sonora analiz\u00f3 diversos asuntos"}]},{"@type":"WebSite","@id":"https:\/\/www.sonoraenequipo.com.mx\/#website","url":"https:\/\/www.sonoraenequipo.com.mx\/","name":"Sonora en Equipo.","description":"Diario en l\u00ednea con Noticias desde Hermosillo, Sonora","publisher":{"@id":"https:\/\/www.sonoraenequipo.com.mx\/#organization"},"potentialAction":[{"@type":"SearchAction","target":{"@type":"EntryPoint","urlTemplate":"https:\/\/www.sonoraenequipo.com.mx\/?s={search_term_string}"},"query-input":{"@type":"PropertyValueSpecification","valueRequired":true,"valueName":"search_term_string"}}],"inLanguage":"es"},{"@type":"Organization","@id":"https:\/\/www.sonoraenequipo.com.mx\/#organization","name":"Sonoraenequipo.com.mx","url":"https:\/\/www.sonoraenequipo.com.mx\/","logo":{"@type":"ImageObject","inLanguage":"es","@id":"https:\/\/www.sonoraenequipo.com.mx\/#\/schema\/logo\/image\/","url":"https:\/\/www.sonoraenequipo.com.mx\/storage\/2019\/01\/sonoraenequipo_opt.png","contentUrl":"https:\/\/www.sonoraenequipo.com.mx\/storage\/2019\/01\/sonoraenequipo_opt.png","width":375,"height":125,"caption":"Sonoraenequipo.com.mx"},"image":{"@id":"https:\/\/www.sonoraenequipo.com.mx\/#\/schema\/logo\/image\/"},"sameAs":["https:\/\/www.facebook.com\/SonoraEE\/","https:\/\/x.com\/sonoraenequipo","https:\/\/www.youtube.com\/channel\/UC338nW-lPEYmJQs4ZABQ1SQ"]},{"@type":"Person","@id":"https:\/\/www.sonoraenequipo.com.mx\/#\/schema\/person\/50102df0fb23a8fa9e8effad8fa81386","name":"enequipo","image":{"@type":"ImageObject","inLanguage":"es","@id":"https:\/\/www.sonoraenequipo.com.mx\/#\/schema\/person\/image\/","url":"https:\/\/secure.gravatar.com\/avatar\/049821681b589dabc0bc20695993ccebb09f5b5d4d790cd9251b97faac7c652b?s=96&d=blank&r=g","contentUrl":"https:\/\/secure.gravatar.com\/avatar\/049821681b589dabc0bc20695993ccebb09f5b5d4d790cd9251b97faac7c652b?s=96&d=blank&r=g","caption":"enequipo"},"sameAs":["https:\/\/www.facebook.com\/SonoraEE"]}]}},"jetpack_featured_media_url":"https:\/\/www.sonoraenequipo.com.mx\/storage\/2021\/12\/comision-ninos-adolescentes_opt.jpg","_links":{"self":[{"href":"https:\/\/www.sonoraenequipo.com.mx\/api\/wp\/v2\/posts\/128770","targetHints":{"allow":["GET"]}}],"collection":[{"href":"https:\/\/www.sonoraenequipo.com.mx\/api\/wp\/v2\/posts"}],"about":[{"href":"https:\/\/www.sonoraenequipo.com.mx\/api\/wp\/v2\/types\/post"}],"author":[{"embeddable":true,"href":"https:\/\/www.sonoraenequipo.com.mx\/api\/wp\/v2\/users\/1"}],"replies":[{"embeddable":true,"href":"https:\/\/www.sonoraenequipo.com.mx\/api\/wp\/v2\/comments?post=128770"}],"version-history":[{"count":1,"href":"https:\/\/www.sonoraenequipo.com.mx\/api\/wp\/v2\/posts\/128770\/revisions"}],"predecessor-version":[{"id":128775,"href":"https:\/\/www.sonoraenequipo.com.mx\/api\/wp\/v2\/posts\/128770\/revisions\/128775"}],"wp:featuredmedia":[{"embeddable":true,"href":"https:\/\/www.sonoraenequipo.com.mx\/api\/wp\/v2\/media\/128774"}],"wp:attachment":[{"href":"https:\/\/www.sonoraenequipo.com.mx\/api\/wp\/v2\/media?parent=128770"}],"wp:term":[{"taxonomy":"category","embeddable":true,"href":"https:\/\/www.sonoraenequipo.com.mx\/api\/wp\/v2\/categories?post=128770"},{"taxonomy":"post_tag","embeddable":true,"href":"https:\/\/www.sonoraenequipo.com.mx\/api\/wp\/v2\/tags?post=128770"}],"curies":[{"name":"wp","href":"https:\/\/api.w.org\/{rel}","templated":true}]}}