{"id":128776,"date":"2021-12-01T19:15:00","date_gmt":"2021-12-02T02:15:00","guid":{"rendered":"https:\/\/www.sonoraenequipo.com.mx\/?p=128776"},"modified":"2021-12-02T15:27:33","modified_gmt":"2021-12-02T22:27:33","slug":"llama-proteccion-civil-a-prevenir-intoxicaciones-por-monoxido-de-carbono","status":"publish","type":"post","link":"https:\/\/www.sonoraenequipo.com.mx\/llama-proteccion-civil-a-prevenir-intoxicaciones-por-monoxido-de-carbono\/","title":{"rendered":"Llama Protecci\u00f3n Civil a prevenir intoxicaciones por mon\u00f3xido de carbono"},"content":{"rendered":"<p>HERMOSILLO, SONORA.MX.\u2014 Ante el aumento de intoxicaciones por mon\u00f3xido de carbono, la Coordinaci\u00f3n Estatal de Protecci\u00f3n Civil emiti\u00f3 una serie de recomendaciones para evitar estas ocurrencias en la entidad.<\/p>\n<p>&nbsp;<\/p>\n<p> <\/p>\n<p>Seg\u00fan datos proporcionados por la Direcci\u00f3n de Informaci\u00f3n y An\u00e1lisis Epidemiol\u00f3gico de la Secretar\u00eda de Salud de Sonora, es durante el mes de diciembre de cada a\u00f1o cuando aumentan de forma exponencial este tipo de intoxicaciones, ante la llegada de la temporada invernal.<\/p>\n<p>&nbsp;<\/p>\n<p>En lo que va del a\u00f1o 2021, sin contar diciembre (el mes de mayor riesgo), en Sonora se han registrado once intoxicaciones de este tipo y una persona que perdi\u00f3 la vida por el mismo fen\u00f3meno.<\/p>\n<p>&nbsp;<\/p>\n<p>En 2018 se registr\u00f3 la cifra m\u00e1s alta en los \u00faltimos a\u00f1os por intoxicaci\u00f3n por mon\u00f3xido de carbono, con once personas fallecidas, mientras que en 2020 se presentaron ocho muertes de este tipo.<\/p>\n<p>&nbsp;<\/p>\n<p>Seg\u00fan el informe presentado por Salud, el promedio anual en Sonora es de 19 personas intoxicadas y ocho fallecimientos por este tipo de evento.<\/p>\n<p>&nbsp;<\/p>\n<p>Juan Gonz\u00e1lez Alvarado, coordinador estatal de Protecci\u00f3n Civil, recomend\u00f3 evitar la utilizaci\u00f3n de los llamados anafres al interior de las viviendas.<\/p>\n<p>&nbsp;<\/p>\n<p>Adem\u00e1s de lo anterior, recomend\u00f3 siempre tener una ventana abierta en cada ambiente calefaccionado, aunque haga fr\u00edo.<\/p>\n<p>&nbsp;<\/p>\n<p>Coment\u00f3 que de ninguna manera se debe utilizar el horno a gas de la cocina para calentar la casa y no se debe instalar nunca un calent\u00f3n dentro del ba\u00f1o.<\/p>\n<p>&nbsp;<\/p>\n<p>Otra de las recomendaciones es la de no dormir con una estufa encendida en el mismo ambiente y controlar que las llamas del gas sean siempre azules. Las llamas amarillas, anaranjadas o rojas, son signos de mal funcionamiento del artefacto.<\/p>\n<p>&nbsp;<\/p>\n<p>&nbsp;<\/p>\n<p>(Publicada el 01\/12\/2021 \/Con informaci\u00f3n de PCIVILSON 12.21-004)<\/p>\n","protected":false},"excerpt":{"rendered":"<p>HERMOSILLO, SONORA.MX.\u2014 Ante el aumento de intoxicaciones por mon\u00f3xido de carbono, la Coordinaci\u00f3n Estatal de&#8230;<\/p>\n","protected":false},"author":1,"featured_media":128777,"comment_status":"open","ping_status":"open","sticky":false,"template":"","format":"standard","meta":{"_monsterinsights_skip_tracking":false,"_monsterinsights_sitenote_active":false,"_monsterinsights_sitenote_note":"","_monsterinsights_sitenote_category":0,"footnotes":""},"categories":[4],"tags":[],"class_list":["post"],"yoast_head":" \n<title>Sonora en Equipo. Llama Protecci\u00f3n Civil a prevenir intoxicaciones por mon\u00f3xido de carbono Municipios<\/title>\n<meta name=\"description\" content=\"HERMOSILLO, SONORA.MX.\u2014 Ante el aumento de intoxicaciones por mon\u00f3xido de carbono, la Coordinaci\u00f3n Estatal de Protecci\u00f3n Civil emiti\u00f3 una serie de En Sonora en Equipo publicamos toda la informaci\u00f3n de Sonora, M\u00e9xico y el Mundo de manera oportuna y busca que la libertad de expresi\u00f3n sea real. Visita nuestro medio informativo publicado desde Hermosillo, Sonora. %\" \/>\n<meta name=\"robots\" content=\"index, follow, max-snippet:-1, max-image-preview:large, max-video-preview:-1\" \/>\n<link rel=\"canonical\" href=\"https:\/\/www.sonoraenequipo.com.mx\/llama-proteccion-civil-a-prevenir-intoxicaciones-por-monoxido-de-carbono\/\" \/>\n<meta property=\"og:locale\" content=\"es_ES\" \/>\n<meta property=\"og:type\" content=\"article\" \/>\n<meta property=\"og:title\" content=\"Sonora en Equipo. Llama Protecci\u00f3n Civil a prevenir intoxicaciones por mon\u00f3xido de carbono Municipios\" \/>\n<meta property=\"og:description\" content=\"HERMOSILLO, SONORA.MX.\u2014 Ante el aumento de intoxicaciones por mon\u00f3xido de carbono, la Coordinaci\u00f3n Estatal de Protecci\u00f3n Civil emiti\u00f3 una serie de En Sonora en Equipo publicamos toda la informaci\u00f3n de Sonora, M\u00e9xico y el Mundo de manera oportuna y busca que la libertad de expresi\u00f3n sea real. Visita nuestro medio informativo publicado desde Hermosillo, Sonora. %\" \/>\n<meta property=\"og:url\" content=\"https:\/\/www.sonoraenequipo.com.mx\/llama-proteccion-civil-a-prevenir-intoxicaciones-por-monoxido-de-carbono\/\" \/>\n<meta property=\"og:site_name\" content=\"Sonora en Equipo.\" \/>\n<meta property=\"article:publisher\" content=\"https:\/\/www.facebook.com\/SonoraEE\/\" \/>\n<meta property=\"article:author\" content=\"https:\/\/www.facebook.com\/SonoraEE\" \/>\n<meta property=\"article:published_time\" content=\"2021-12-02T02:15:00+00:00\" \/>\n<meta property=\"article:modified_time\" content=\"2021-12-02T22:27:33+00:00\" \/>\n<meta property=\"og:image\" content=\"https:\/\/www.sonoraenequipo.com.mx\/storage\/2021\/12\/carbon_opt.jpg\" \/>\n\t<meta property=\"og:image:width\" content=\"700\" \/>\n\t<meta property=\"og:image:height\" content=\"400\" \/>\n\t<meta property=\"og:image:type\" content=\"image\/jpeg\" \/>\n<meta name=\"author\" content=\"enequipo\" \/>\n<meta name=\"twitter:card\" content=\"summary_large_image\" \/>\n<meta name=\"twitter:creator\" content=\"@sonoraenequipo\" \/>\n<meta name=\"twitter:site\" content=\"@sonoraenequipo\" \/>\n<meta name=\"twitter:label1\" content=\"Escrito por\" \/>\n\t<meta name=\"twitter:data1\" content=\"enequipo\" \/>\n\t<meta name=\"twitter:label2\" content=\"Tiempo de lectura\" \/>\n\t<meta name=\"twitter:data2\" content=\"2 minutos\" \/>\n<script type=\"application\/ld+json\" class=\"yoast-schema-graph\">{\"@context\":\"https:\/\/schema.org\",\"@graph\":[{\"@type\":\"Article\",\"@id\":\"https:\/\/www.sonoraenequipo.com.mx\/llama-proteccion-civil-a-prevenir-intoxicaciones-por-monoxido-de-carbono\/#article\",\"isPartOf\":{\"@id\":\"https:\/\/www.sonoraenequipo.com.mx\/llama-proteccion-civil-a-prevenir-intoxicaciones-por-monoxido-de-carbono\/\"},\"author\":{\"name\":\"enequipo\",\"@id\":\"https:\/\/www.sonoraenequipo.com.mx\/#\/schema\/person\/50102df0fb23a8fa9e8effad8fa81386\"},\"headline\":\"Llama Protecci\u00f3n Civil a prevenir intoxicaciones por mon\u00f3xido de carbono\",\"datePublished\":\"2021-12-02T02:15:00+00:00\",\"dateModified\":\"2021-12-02T22:27:33+00:00\",\"mainEntityOfPage\":{\"@id\":\"https:\/\/www.sonoraenequipo.com.mx\/llama-proteccion-civil-a-prevenir-intoxicaciones-por-monoxido-de-carbono\/\"},\"wordCount\":324,\"commentCount\":0,\"publisher\":{\"@id\":\"https:\/\/www.sonoraenequipo.com.mx\/#organization\"},\"image\":{\"@id\":\"https:\/\/www.sonoraenequipo.com.mx\/llama-proteccion-civil-a-prevenir-intoxicaciones-por-monoxido-de-carbono\/#primaryimage\"},\"thumbnailUrl\":\"https:\/\/www.sonoraenequipo.com.mx\/storage\/2021\/12\/carbon_opt.jpg\",\"articleSection\":[\"Municipios\"],\"inLanguage\":\"es\",\"potentialAction\":[{\"@type\":\"CommentAction\",\"name\":\"Comment\",\"target\":[\"https:\/\/www.sonoraenequipo.com.mx\/llama-proteccion-civil-a-prevenir-intoxicaciones-por-monoxido-de-carbono\/#respond\"]}]},{\"@type\":\"WebPage\",\"@id\":\"https:\/\/www.sonoraenequipo.com.mx\/llama-proteccion-civil-a-prevenir-intoxicaciones-por-monoxido-de-carbono\/\",\"url\":\"https:\/\/www.sonoraenequipo.com.mx\/llama-proteccion-civil-a-prevenir-intoxicaciones-por-monoxido-de-carbono\/\",\"name\":\"Sonora en Equipo. Llama Protecci\u00f3n Civil a prevenir intoxicaciones por mon\u00f3xido de carbono Municipios\",\"isPartOf\":{\"@id\":\"https:\/\/www.sonoraenequipo.com.mx\/#website\"},\"primaryImageOfPage\":{\"@id\":\"https:\/\/www.sonoraenequipo.com.mx\/llama-proteccion-civil-a-prevenir-intoxicaciones-por-monoxido-de-carbono\/#primaryimage\"},\"image\":{\"@id\":\"https:\/\/www.sonoraenequipo.com.mx\/llama-proteccion-civil-a-prevenir-intoxicaciones-por-monoxido-de-carbono\/#primaryimage\"},\"thumbnailUrl\":\"https:\/\/www.sonoraenequipo.com.mx\/storage\/2021\/12\/carbon_opt.jpg\",\"datePublished\":\"2021-12-02T02:15:00+00:00\",\"dateModified\":\"2021-12-02T22:27:33+00:00\",\"description\":\"HERMOSILLO, SONORA.MX.\u2014 Ante el aumento de intoxicaciones por mon\u00f3xido de carbono, la Coordinaci\u00f3n Estatal de Protecci\u00f3n Civil emiti\u00f3 una serie de En Sonora en Equipo publicamos toda la informaci\u00f3n de Sonora, M\u00e9xico y el Mundo de manera oportuna y busca que la libertad de expresi\u00f3n sea real. Visita nuestro medio informativo publicado desde Hermosillo, Sonora. %\",\"breadcrumb\":{\"@id\":\"https:\/\/www.sonoraenequipo.com.mx\/llama-proteccion-civil-a-prevenir-intoxicaciones-por-monoxido-de-carbono\/#breadcrumb\"},\"inLanguage\":\"es\",\"potentialAction\":[{\"@type\":\"ReadAction\",\"target\":[\"https:\/\/www.sonoraenequipo.com.mx\/llama-proteccion-civil-a-prevenir-intoxicaciones-por-monoxido-de-carbono\/\"]}]},{\"@type\":\"ImageObject\",\"inLanguage\":\"es\",\"@id\":\"https:\/\/www.sonoraenequipo.com.mx\/llama-proteccion-civil-a-prevenir-intoxicaciones-por-monoxido-de-carbono\/#primaryimage\",\"url\":\"https:\/\/www.sonoraenequipo.com.mx\/storage\/2021\/12\/carbon_opt.jpg\",\"contentUrl\":\"https:\/\/www.sonoraenequipo.com.mx\/storage\/2021\/12\/carbon_opt.jpg\",\"width\":700,\"height\":400},{\"@type\":\"BreadcrumbList\",\"@id\":\"https:\/\/www.sonoraenequipo.com.mx\/llama-proteccion-civil-a-prevenir-intoxicaciones-por-monoxido-de-carbono\/#breadcrumb\",\"itemListElement\":[{\"@type\":\"ListItem\",\"position\":1,\"name\":\"Portada\",\"item\":\"https:\/\/www.sonoraenequipo.com.mx\/\"},{\"@type\":\"ListItem\",\"position\":2,\"name\":\"Llama Protecci\u00f3n Civil a prevenir intoxicaciones por mon\u00f3xido de carbono\"}]},{\"@type\":\"WebSite\",\"@id\":\"https:\/\/www.sonoraenequipo.com.mx\/#website\",\"url\":\"https:\/\/www.sonoraenequipo.com.mx\/\",\"name\":\"Sonora en Equipo.\",\"description\":\"Diario en l\u00ednea con Noticias desde Hermosillo, Sonora\",\"publisher\":{\"@id\":\"https:\/\/www.sonoraenequipo.com.mx\/#organization\"},\"potentialAction\":[{\"@type\":\"SearchAction\",\"target\":{\"@type\":\"EntryPoint\",\"urlTemplate\":\"https:\/\/www.sonoraenequipo.com.mx\/?s={search_term_string}\"},\"query-input\":{\"@type\":\"PropertyValueSpecification\",\"valueRequired\":true,\"valueName\":\"search_term_string\"}}],\"inLanguage\":\"es\"},{\"@type\":\"Organization\",\"@id\":\"https:\/\/www.sonoraenequipo.com.mx\/#organization\",\"name\":\"Sonoraenequipo.com.mx\",\"url\":\"https:\/\/www.sonoraenequipo.com.mx\/\",\"logo\":{\"@type\":\"ImageObject\",\"inLanguage\":\"es\",\"@id\":\"https:\/\/www.sonoraenequipo.com.mx\/#\/schema\/logo\/image\/\",\"url\":\"https:\/\/www.sonoraenequipo.com.mx\/storage\/2019\/01\/sonoraenequipo_opt.png\",\"contentUrl\":\"https:\/\/www.sonoraenequipo.com.mx\/storage\/2019\/01\/sonoraenequipo_opt.png\",\"width\":375,\"height\":125,\"caption\":\"Sonoraenequipo.com.mx\"},\"image\":{\"@id\":\"https:\/\/www.sonoraenequipo.com.mx\/#\/schema\/logo\/image\/\"},\"sameAs\":[\"https:\/\/www.facebook.com\/SonoraEE\/\",\"https:\/\/x.com\/sonoraenequipo\",\"https:\/\/www.youtube.com\/channel\/UC338nW-lPEYmJQs4ZABQ1SQ\"]},{\"@type\":\"Person\",\"@id\":\"https:\/\/www.sonoraenequipo.com.mx\/#\/schema\/person\/50102df0fb23a8fa9e8effad8fa81386\",\"name\":\"enequipo\",\"image\":{\"@type\":\"ImageObject\",\"inLanguage\":\"es\",\"@id\":\"https:\/\/www.sonoraenequipo.com.mx\/#\/schema\/person\/image\/\",\"url\":\"https:\/\/secure.gravatar.com\/avatar\/049821681b589dabc0bc20695993ccebb09f5b5d4d790cd9251b97faac7c652b?s=96&d=blank&r=g\",\"contentUrl\":\"https:\/\/secure.gravatar.com\/avatar\/049821681b589dabc0bc20695993ccebb09f5b5d4d790cd9251b97faac7c652b?s=96&d=blank&r=g\",\"caption\":\"enequipo\"},\"sameAs\":[\"https:\/\/www.facebook.com\/SonoraEE\"]}]}<\/script>\n ","yoast_head_json":{"title":"Sonora en Equipo. Llama Protecci\u00f3n Civil a prevenir intoxicaciones por mon\u00f3xido de carbono Municipios","description":"HERMOSILLO, SONORA.MX.\u2014 Ante el aumento de intoxicaciones por mon\u00f3xido de carbono, la Coordinaci\u00f3n Estatal de Protecci\u00f3n Civil emiti\u00f3 una serie de En Sonora en Equipo publicamos toda la informaci\u00f3n de Sonora, M\u00e9xico y el Mundo de manera oportuna y busca que la libertad de expresi\u00f3n sea real. Visita nuestro medio informativo publicado desde Hermosillo, Sonora. %","robots":{"index":"index","follow":"follow","max-snippet":"max-snippet:-1","max-image-preview":"max-image-preview:large","max-video-preview":"max-video-preview:-1"},"canonical":"https:\/\/www.sonoraenequipo.com.mx\/llama-proteccion-civil-a-prevenir-intoxicaciones-por-monoxido-de-carbono\/","og_locale":"es_ES","og_type":"article","og_title":"Sonora en Equipo. Llama Protecci\u00f3n Civil a prevenir intoxicaciones por mon\u00f3xido de carbono Municipios","og_description":"HERMOSILLO, SONORA.MX.\u2014 Ante el aumento de intoxicaciones por mon\u00f3xido de carbono, la Coordinaci\u00f3n Estatal de Protecci\u00f3n Civil emiti\u00f3 una serie de En Sonora en Equipo publicamos toda la informaci\u00f3n de Sonora, M\u00e9xico y el Mundo de manera oportuna y busca que la libertad de expresi\u00f3n sea real. Visita nuestro medio informativo publicado desde Hermosillo, Sonora. %","og_url":"https:\/\/www.sonoraenequipo.com.mx\/llama-proteccion-civil-a-prevenir-intoxicaciones-por-monoxido-de-carbono\/","og_site_name":"Sonora en Equipo.","article_publisher":"https:\/\/www.facebook.com\/SonoraEE\/","article_author":"https:\/\/www.facebook.com\/SonoraEE","article_published_time":"2021-12-02T02:15:00+00:00","article_modified_time":"2021-12-02T22:27:33+00:00","og_image":[{"width":700,"height":400,"url":"https:\/\/www.sonoraenequipo.com.mx\/storage\/2021\/12\/carbon_opt.jpg","type":"image\/jpeg"}],"author":"enequipo","twitter_card":"summary_large_image","twitter_creator":"@sonoraenequipo","twitter_site":"@sonoraenequipo","twitter_misc":{"Escrito por":"enequipo","Tiempo de lectura":"2 minutos"},"schema":{"@context":"https:\/\/schema.org","@graph":[{"@type":"Article","@id":"https:\/\/www.sonoraenequipo.com.mx\/llama-proteccion-civil-a-prevenir-intoxicaciones-por-monoxido-de-carbono\/#article","isPartOf":{"@id":"https:\/\/www.sonoraenequipo.com.mx\/llama-proteccion-civil-a-prevenir-intoxicaciones-por-monoxido-de-carbono\/"},"author":{"name":"enequipo","@id":"https:\/\/www.sonoraenequipo.com.mx\/#\/schema\/person\/50102df0fb23a8fa9e8effad8fa81386"},"headline":"Llama Protecci\u00f3n Civil a prevenir intoxicaciones por mon\u00f3xido de carbono","datePublished":"2021-12-02T02:15:00+00:00","dateModified":"2021-12-02T22:27:33+00:00","mainEntityOfPage":{"@id":"https:\/\/www.sonoraenequipo.com.mx\/llama-proteccion-civil-a-prevenir-intoxicaciones-por-monoxido-de-carbono\/"},"wordCount":324,"commentCount":0,"publisher":{"@id":"https:\/\/www.sonoraenequipo.com.mx\/#organization"},"image":{"@id":"https:\/\/www.sonoraenequipo.com.mx\/llama-proteccion-civil-a-prevenir-intoxicaciones-por-monoxido-de-carbono\/#primaryimage"},"thumbnailUrl":"https:\/\/www.sonoraenequipo.com.mx\/storage\/2021\/12\/carbon_opt.jpg","articleSection":["Municipios"],"inLanguage":"es","potentialAction":[{"@type":"CommentAction","name":"Comment","target":["https:\/\/www.sonoraenequipo.com.mx\/llama-proteccion-civil-a-prevenir-intoxicaciones-por-monoxido-de-carbono\/#respond"]}]},{"@type":"WebPage","@id":"https:\/\/www.sonoraenequipo.com.mx\/llama-proteccion-civil-a-prevenir-intoxicaciones-por-monoxido-de-carbono\/","url":"https:\/\/www.sonoraenequipo.com.mx\/llama-proteccion-civil-a-prevenir-intoxicaciones-por-monoxido-de-carbono\/","name":"Sonora en Equipo. Llama Protecci\u00f3n Civil a prevenir intoxicaciones por mon\u00f3xido de carbono Municipios","isPartOf":{"@id":"https:\/\/www.sonoraenequipo.com.mx\/#website"},"primaryImageOfPage":{"@id":"https:\/\/www.sonoraenequipo.com.mx\/llama-proteccion-civil-a-prevenir-intoxicaciones-por-monoxido-de-carbono\/#primaryimage"},"image":{"@id":"https:\/\/www.sonoraenequipo.com.mx\/llama-proteccion-civil-a-prevenir-intoxicaciones-por-monoxido-de-carbono\/#primaryimage"},"thumbnailUrl":"https:\/\/www.sonoraenequipo.com.mx\/storage\/2021\/12\/carbon_opt.jpg","datePublished":"2021-12-02T02:15:00+00:00","dateModified":"2021-12-02T22:27:33+00:00","description":"HERMOSILLO, SONORA.MX.\u2014 Ante el aumento de intoxicaciones por mon\u00f3xido de carbono, la Coordinaci\u00f3n Estatal de Protecci\u00f3n Civil emiti\u00f3 una serie de En Sonora en Equipo publicamos toda la informaci\u00f3n de Sonora, M\u00e9xico y el Mundo de manera oportuna y busca que la libertad de expresi\u00f3n sea real. Visita nuestro medio informativo publicado desde Hermosillo, Sonora. %","breadcrumb":{"@id":"https:\/\/www.sonoraenequipo.com.mx\/llama-proteccion-civil-a-prevenir-intoxicaciones-por-monoxido-de-carbono\/#breadcrumb"},"inLanguage":"es","potentialAction":[{"@type":"ReadAction","target":["https:\/\/www.sonoraenequipo.com.mx\/llama-proteccion-civil-a-prevenir-intoxicaciones-por-monoxido-de-carbono\/"]}]},{"@type":"ImageObject","inLanguage":"es","@id":"https:\/\/www.sonoraenequipo.com.mx\/llama-proteccion-civil-a-prevenir-intoxicaciones-por-monoxido-de-carbono\/#primaryimage","url":"https:\/\/www.sonoraenequipo.com.mx\/storage\/2021\/12\/carbon_opt.jpg","contentUrl":"https:\/\/www.sonoraenequipo.com.mx\/storage\/2021\/12\/carbon_opt.jpg","width":700,"height":400},{"@type":"BreadcrumbList","@id":"https:\/\/www.sonoraenequipo.com.mx\/llama-proteccion-civil-a-prevenir-intoxicaciones-por-monoxido-de-carbono\/#breadcrumb","itemListElement":[{"@type":"ListItem","position":1,"name":"Portada","item":"https:\/\/www.sonoraenequipo.com.mx\/"},{"@type":"ListItem","position":2,"name":"Llama Protecci\u00f3n Civil a prevenir intoxicaciones por mon\u00f3xido de carbono"}]},{"@type":"WebSite","@id":"https:\/\/www.sonoraenequipo.com.mx\/#website","url":"https:\/\/www.sonoraenequipo.com.mx\/","name":"Sonora en Equipo.","description":"Diario en l\u00ednea con Noticias desde Hermosillo, Sonora","publisher":{"@id":"https:\/\/www.sonoraenequipo.com.mx\/#organization"},"potentialAction":[{"@type":"SearchAction","target":{"@type":"EntryPoint","urlTemplate":"https:\/\/www.sonoraenequipo.com.mx\/?s={search_term_string}"},"query-input":{"@type":"PropertyValueSpecification","valueRequired":true,"valueName":"search_term_string"}}],"inLanguage":"es"},{"@type":"Organization","@id":"https:\/\/www.sonoraenequipo.com.mx\/#organization","name":"Sonoraenequipo.com.mx","url":"https:\/\/www.sonoraenequipo.com.mx\/","logo":{"@type":"ImageObject","inLanguage":"es","@id":"https:\/\/www.sonoraenequipo.com.mx\/#\/schema\/logo\/image\/","url":"https:\/\/www.sonoraenequipo.com.mx\/storage\/2019\/01\/sonoraenequipo_opt.png","contentUrl":"https:\/\/www.sonoraenequipo.com.mx\/storage\/2019\/01\/sonoraenequipo_opt.png","width":375,"height":125,"caption":"Sonoraenequipo.com.mx"},"image":{"@id":"https:\/\/www.sonoraenequipo.com.mx\/#\/schema\/logo\/image\/"},"sameAs":["https:\/\/www.facebook.com\/SonoraEE\/","https:\/\/x.com\/sonoraenequipo","https:\/\/www.youtube.com\/channel\/UC338nW-lPEYmJQs4ZABQ1SQ"]},{"@type":"Person","@id":"https:\/\/www.sonoraenequipo.com.mx\/#\/schema\/person\/50102df0fb23a8fa9e8effad8fa81386","name":"enequipo","image":{"@type":"ImageObject","inLanguage":"es","@id":"https:\/\/www.sonoraenequipo.com.mx\/#\/schema\/person\/image\/","url":"https:\/\/secure.gravatar.com\/avatar\/049821681b589dabc0bc20695993ccebb09f5b5d4d790cd9251b97faac7c652b?s=96&d=blank&r=g","contentUrl":"https:\/\/secure.gravatar.com\/avatar\/049821681b589dabc0bc20695993ccebb09f5b5d4d790cd9251b97faac7c652b?s=96&d=blank&r=g","caption":"enequipo"},"sameAs":["https:\/\/www.facebook.com\/SonoraEE"]}]}},"jetpack_featured_media_url":"https:\/\/www.sonoraenequipo.com.mx\/storage\/2021\/12\/carbon_opt.jpg","_links":{"self":[{"href":"https:\/\/www.sonoraenequipo.com.mx\/api\/wp\/v2\/posts\/128776","targetHints":{"allow":["GET"]}}],"collection":[{"href":"https:\/\/www.sonoraenequipo.com.mx\/api\/wp\/v2\/posts"}],"about":[{"href":"https:\/\/www.sonoraenequipo.com.mx\/api\/wp\/v2\/types\/post"}],"author":[{"embeddable":true,"href":"https:\/\/www.sonoraenequipo.com.mx\/api\/wp\/v2\/users\/1"}],"replies":[{"embeddable":true,"href":"https:\/\/www.sonoraenequipo.com.mx\/api\/wp\/v2\/comments?post=128776"}],"version-history":[{"count":1,"href":"https:\/\/www.sonoraenequipo.com.mx\/api\/wp\/v2\/posts\/128776\/revisions"}],"predecessor-version":[{"id":128778,"href":"https:\/\/www.sonoraenequipo.com.mx\/api\/wp\/v2\/posts\/128776\/revisions\/128778"}],"wp:featuredmedia":[{"embeddable":true,"href":"https:\/\/www.sonoraenequipo.com.mx\/api\/wp\/v2\/media\/128777"}],"wp:attachment":[{"href":"https:\/\/www.sonoraenequipo.com.mx\/api\/wp\/v2\/media?parent=128776"}],"wp:term":[{"taxonomy":"category","embeddable":true,"href":"https:\/\/www.sonoraenequipo.com.mx\/api\/wp\/v2\/categories?post=128776"},{"taxonomy":"post_tag","embeddable":true,"href":"https:\/\/www.sonoraenequipo.com.mx\/api\/wp\/v2\/tags?post=128776"}],"curies":[{"name":"wp","href":"https:\/\/api.w.org\/{rel}","templated":true}]}}