{"id":128779,"date":"2021-12-01T21:36:28","date_gmt":"2021-12-02T04:36:28","guid":{"rendered":"https:\/\/www.sonoraenequipo.com.mx\/?p=128779"},"modified":"2021-12-02T15:42:14","modified_gmt":"2021-12-02T22:42:14","slug":"hermosillo-informan-a-empresarios-del-ramo-de-la-construccion-sobre-el-esquema-de-obra-publica-multianual","status":"publish","type":"post","link":"https:\/\/www.sonoraenequipo.com.mx\/hermosillo-informan-a-empresarios-del-ramo-de-la-construccion-sobre-el-esquema-de-obra-publica-multianual\/","title":{"rendered":"HERMOSILLO. Informa Ayuntamiento  sobre el esquema de Obra P\u00fablica Multianual"},"content":{"rendered":"<p><strong>HERMOSILLO, SONORA. MX. \u2014<\/strong> La titular de la Coordinaci\u00f3n de Infraestructura, Desarrollo Urbano y Ecolog\u00eda del Ayuntamiento, Astart\u00e9 Corro Ruiz, encabez\u00f3 una reuni\u00f3n informativa con los potenciales interesados en ejecutar los proyectos de mejora para Hermosillo en los que el Ayuntamiento invertir\u00e1 550 millones de pesos.<\/p>\n<p>&nbsp;<\/p>\n<p> <\/p>\n<p>El encuentro tuvo lugar en las instalaciones de la CMIC y su objetivo fue compartir con los socios del organismo empresarial detalles importantes que deber\u00e1n tomar en cuenta quienes participen en los procesos de licitaci\u00f3n pr\u00f3ximos a lanzarse en el marco del programa <strong>\u201cHermosillo CRECE\u201d.<\/strong><\/p>\n<p>&nbsp;<\/p>\n<p><em>\u201cQueremos que todos tengan una informaci\u00f3n clara y precisa de c\u00f3mo vamos a salir a la licitaci\u00f3n\u201d,<\/em> sostuvo la coordinadora de CIDUE, quien adelant\u00f3 que pr\u00f3ximamente impartir\u00e1n un taller para afinar detalles con los potenciales ejecutores de las obras.<\/p>\n<p>&nbsp;<\/p>\n<p>Revel\u00f3 que el esquema de Obra P\u00fablica Financiada Multianual aprobado por el Cabildo, y que ya anunci\u00f3 el Presidente Municipal Antonio Astiazar\u00e1n, tiene particularidades y requisitos que lo diferencian de las licitaciones tradicionales y es importante que todos los interesados conozcan esa informaci\u00f3n.<\/p>\n<p>&nbsp;<\/p>\n<p>Anunci\u00f3 que la convocatoria para el primer paquete de obras se publicar\u00e1 en unos d\u00edas y ser\u00e1 para reparar calles muy deterioradas mediante recarpeteo.<\/p>\n<p>&nbsp;<\/p>\n<p>&nbsp;<\/p>\n<p>(Publicada el 01\/12\/2021 \/Con info de HMO 153\/2021)<\/p>\n","protected":false},"excerpt":{"rendered":"<p>HERMOSILLO, SONORA. MX. \u2014 La titular de la Coordinaci\u00f3n de Infraestructura, Desarrollo Urbano y Ecolog\u00eda&#8230;<\/p>\n","protected":false},"author":1,"featured_media":128783,"comment_status":"open","ping_status":"open","sticky":false,"template":"","format":"standard","meta":{"_monsterinsights_skip_tracking":false,"_monsterinsights_sitenote_active":false,"_monsterinsights_sitenote_note":"","_monsterinsights_sitenote_category":0,"footnotes":""},"categories":[4],"tags":[],"class_list":["post"],"yoast_head":" \n<title>Sonora en Equipo. HERMOSILLO. Informa Ayuntamiento sobre el esquema de Obra P\u00fablica Multianual Municipios<\/title>\n<meta name=\"description\" content=\"HERMOSILLO, SONORA. MX. \u2014 La titular de la Coordinaci\u00f3n de Infraestructura, Desarrollo Urbano y Ecolog\u00eda del Ayuntamiento, Astart\u00e9 Corro Ruiz, encabez\u00f3 En Sonora en Equipo publicamos toda la informaci\u00f3n de Sonora, M\u00e9xico y el Mundo de manera oportuna y busca que la libertad de expresi\u00f3n sea real. Visita nuestro medio informativo publicado desde Hermosillo, Sonora. %\" \/>\n<meta name=\"robots\" content=\"index, follow, max-snippet:-1, max-image-preview:large, max-video-preview:-1\" \/>\n<link rel=\"canonical\" href=\"https:\/\/www.sonoraenequipo.com.mx\/hermosillo-informan-a-empresarios-del-ramo-de-la-construccion-sobre-el-esquema-de-obra-publica-multianual\/\" \/>\n<meta property=\"og:locale\" content=\"es_ES\" \/>\n<meta property=\"og:type\" content=\"article\" \/>\n<meta property=\"og:title\" content=\"Sonora en Equipo. HERMOSILLO. Informa Ayuntamiento sobre el esquema de Obra P\u00fablica Multianual Municipios\" \/>\n<meta property=\"og:description\" content=\"HERMOSILLO, SONORA. MX. \u2014 La titular de la Coordinaci\u00f3n de Infraestructura, Desarrollo Urbano y Ecolog\u00eda del Ayuntamiento, Astart\u00e9 Corro Ruiz, encabez\u00f3 En Sonora en Equipo publicamos toda la informaci\u00f3n de Sonora, M\u00e9xico y el Mundo de manera oportuna y busca que la libertad de expresi\u00f3n sea real. Visita nuestro medio informativo publicado desde Hermosillo, Sonora. %\" \/>\n<meta property=\"og:url\" content=\"https:\/\/www.sonoraenequipo.com.mx\/hermosillo-informan-a-empresarios-del-ramo-de-la-construccion-sobre-el-esquema-de-obra-publica-multianual\/\" \/>\n<meta property=\"og:site_name\" content=\"Sonora en Equipo.\" \/>\n<meta property=\"article:publisher\" content=\"https:\/\/www.facebook.com\/SonoraEE\/\" \/>\n<meta property=\"article:author\" content=\"https:\/\/www.facebook.com\/SonoraEE\" \/>\n<meta property=\"article:published_time\" content=\"2021-12-02T04:36:28+00:00\" \/>\n<meta property=\"article:modified_time\" content=\"2021-12-02T22:42:14+00:00\" \/>\n<meta property=\"og:image\" content=\"https:\/\/www.sonoraenequipo.com.mx\/storage\/2021\/12\/esquema-de-obra-publica-Mutianual_opt.jpg\" \/>\n\t<meta property=\"og:image:width\" content=\"700\" \/>\n\t<meta property=\"og:image:height\" content=\"400\" \/>\n\t<meta property=\"og:image:type\" content=\"image\/jpeg\" \/>\n<meta name=\"author\" content=\"enequipo\" \/>\n<meta name=\"twitter:card\" content=\"summary_large_image\" \/>\n<meta name=\"twitter:creator\" content=\"@sonoraenequipo\" \/>\n<meta name=\"twitter:site\" content=\"@sonoraenequipo\" \/>\n<meta name=\"twitter:label1\" content=\"Escrito por\" \/>\n\t<meta name=\"twitter:data1\" content=\"enequipo\" \/>\n\t<meta name=\"twitter:label2\" content=\"Tiempo de lectura\" \/>\n\t<meta name=\"twitter:data2\" content=\"1 minuto\" \/>\n<script type=\"application\/ld+json\" class=\"yoast-schema-graph\">{\"@context\":\"https:\/\/schema.org\",\"@graph\":[{\"@type\":\"Article\",\"@id\":\"https:\/\/www.sonoraenequipo.com.mx\/hermosillo-informan-a-empresarios-del-ramo-de-la-construccion-sobre-el-esquema-de-obra-publica-multianual\/#article\",\"isPartOf\":{\"@id\":\"https:\/\/www.sonoraenequipo.com.mx\/hermosillo-informan-a-empresarios-del-ramo-de-la-construccion-sobre-el-esquema-de-obra-publica-multianual\/\"},\"author\":{\"name\":\"enequipo\",\"@id\":\"https:\/\/www.sonoraenequipo.com.mx\/#\/schema\/person\/50102df0fb23a8fa9e8effad8fa81386\"},\"headline\":\"HERMOSILLO. Informa Ayuntamiento sobre el esquema de Obra P\u00fablica Multianual\",\"datePublished\":\"2021-12-02T04:36:28+00:00\",\"dateModified\":\"2021-12-02T22:42:14+00:00\",\"mainEntityOfPage\":{\"@id\":\"https:\/\/www.sonoraenequipo.com.mx\/hermosillo-informan-a-empresarios-del-ramo-de-la-construccion-sobre-el-esquema-de-obra-publica-multianual\/\"},\"wordCount\":233,\"commentCount\":0,\"publisher\":{\"@id\":\"https:\/\/www.sonoraenequipo.com.mx\/#organization\"},\"image\":{\"@id\":\"https:\/\/www.sonoraenequipo.com.mx\/hermosillo-informan-a-empresarios-del-ramo-de-la-construccion-sobre-el-esquema-de-obra-publica-multianual\/#primaryimage\"},\"thumbnailUrl\":\"https:\/\/www.sonoraenequipo.com.mx\/storage\/2021\/12\/esquema-de-obra-publica-Mutianual_opt.jpg\",\"articleSection\":[\"Municipios\"],\"inLanguage\":\"es\",\"potentialAction\":[{\"@type\":\"CommentAction\",\"name\":\"Comment\",\"target\":[\"https:\/\/www.sonoraenequipo.com.mx\/hermosillo-informan-a-empresarios-del-ramo-de-la-construccion-sobre-el-esquema-de-obra-publica-multianual\/#respond\"]}]},{\"@type\":\"WebPage\",\"@id\":\"https:\/\/www.sonoraenequipo.com.mx\/hermosillo-informan-a-empresarios-del-ramo-de-la-construccion-sobre-el-esquema-de-obra-publica-multianual\/\",\"url\":\"https:\/\/www.sonoraenequipo.com.mx\/hermosillo-informan-a-empresarios-del-ramo-de-la-construccion-sobre-el-esquema-de-obra-publica-multianual\/\",\"name\":\"Sonora en Equipo. HERMOSILLO. Informa Ayuntamiento sobre el esquema de Obra P\u00fablica Multianual Municipios\",\"isPartOf\":{\"@id\":\"https:\/\/www.sonoraenequipo.com.mx\/#website\"},\"primaryImageOfPage\":{\"@id\":\"https:\/\/www.sonoraenequipo.com.mx\/hermosillo-informan-a-empresarios-del-ramo-de-la-construccion-sobre-el-esquema-de-obra-publica-multianual\/#primaryimage\"},\"image\":{\"@id\":\"https:\/\/www.sonoraenequipo.com.mx\/hermosillo-informan-a-empresarios-del-ramo-de-la-construccion-sobre-el-esquema-de-obra-publica-multianual\/#primaryimage\"},\"thumbnailUrl\":\"https:\/\/www.sonoraenequipo.com.mx\/storage\/2021\/12\/esquema-de-obra-publica-Mutianual_opt.jpg\",\"datePublished\":\"2021-12-02T04:36:28+00:00\",\"dateModified\":\"2021-12-02T22:42:14+00:00\",\"description\":\"HERMOSILLO, SONORA. MX. \u2014 La titular de la Coordinaci\u00f3n de Infraestructura, Desarrollo Urbano y Ecolog\u00eda del Ayuntamiento, Astart\u00e9 Corro Ruiz, encabez\u00f3 En Sonora en Equipo publicamos toda la informaci\u00f3n de Sonora, M\u00e9xico y el Mundo de manera oportuna y busca que la libertad de expresi\u00f3n sea real. Visita nuestro medio informativo publicado desde Hermosillo, Sonora. %\",\"breadcrumb\":{\"@id\":\"https:\/\/www.sonoraenequipo.com.mx\/hermosillo-informan-a-empresarios-del-ramo-de-la-construccion-sobre-el-esquema-de-obra-publica-multianual\/#breadcrumb\"},\"inLanguage\":\"es\",\"potentialAction\":[{\"@type\":\"ReadAction\",\"target\":[\"https:\/\/www.sonoraenequipo.com.mx\/hermosillo-informan-a-empresarios-del-ramo-de-la-construccion-sobre-el-esquema-de-obra-publica-multianual\/\"]}]},{\"@type\":\"ImageObject\",\"inLanguage\":\"es\",\"@id\":\"https:\/\/www.sonoraenequipo.com.mx\/hermosillo-informan-a-empresarios-del-ramo-de-la-construccion-sobre-el-esquema-de-obra-publica-multianual\/#primaryimage\",\"url\":\"https:\/\/www.sonoraenequipo.com.mx\/storage\/2021\/12\/esquema-de-obra-publica-Mutianual_opt.jpg\",\"contentUrl\":\"https:\/\/www.sonoraenequipo.com.mx\/storage\/2021\/12\/esquema-de-obra-publica-Mutianual_opt.jpg\",\"width\":700,\"height\":400},{\"@type\":\"BreadcrumbList\",\"@id\":\"https:\/\/www.sonoraenequipo.com.mx\/hermosillo-informan-a-empresarios-del-ramo-de-la-construccion-sobre-el-esquema-de-obra-publica-multianual\/#breadcrumb\",\"itemListElement\":[{\"@type\":\"ListItem\",\"position\":1,\"name\":\"Portada\",\"item\":\"https:\/\/www.sonoraenequipo.com.mx\/\"},{\"@type\":\"ListItem\",\"position\":2,\"name\":\"HERMOSILLO. Informa Ayuntamiento sobre el esquema de Obra P\u00fablica Multianual\"}]},{\"@type\":\"WebSite\",\"@id\":\"https:\/\/www.sonoraenequipo.com.mx\/#website\",\"url\":\"https:\/\/www.sonoraenequipo.com.mx\/\",\"name\":\"Sonora en Equipo.\",\"description\":\"Diario en l\u00ednea con Noticias desde Hermosillo, Sonora\",\"publisher\":{\"@id\":\"https:\/\/www.sonoraenequipo.com.mx\/#organization\"},\"potentialAction\":[{\"@type\":\"SearchAction\",\"target\":{\"@type\":\"EntryPoint\",\"urlTemplate\":\"https:\/\/www.sonoraenequipo.com.mx\/?s={search_term_string}\"},\"query-input\":{\"@type\":\"PropertyValueSpecification\",\"valueRequired\":true,\"valueName\":\"search_term_string\"}}],\"inLanguage\":\"es\"},{\"@type\":\"Organization\",\"@id\":\"https:\/\/www.sonoraenequipo.com.mx\/#organization\",\"name\":\"Sonoraenequipo.com.mx\",\"url\":\"https:\/\/www.sonoraenequipo.com.mx\/\",\"logo\":{\"@type\":\"ImageObject\",\"inLanguage\":\"es\",\"@id\":\"https:\/\/www.sonoraenequipo.com.mx\/#\/schema\/logo\/image\/\",\"url\":\"https:\/\/www.sonoraenequipo.com.mx\/storage\/2019\/01\/sonoraenequipo_opt.png\",\"contentUrl\":\"https:\/\/www.sonoraenequipo.com.mx\/storage\/2019\/01\/sonoraenequipo_opt.png\",\"width\":375,\"height\":125,\"caption\":\"Sonoraenequipo.com.mx\"},\"image\":{\"@id\":\"https:\/\/www.sonoraenequipo.com.mx\/#\/schema\/logo\/image\/\"},\"sameAs\":[\"https:\/\/www.facebook.com\/SonoraEE\/\",\"https:\/\/x.com\/sonoraenequipo\",\"https:\/\/www.youtube.com\/channel\/UC338nW-lPEYmJQs4ZABQ1SQ\"]},{\"@type\":\"Person\",\"@id\":\"https:\/\/www.sonoraenequipo.com.mx\/#\/schema\/person\/50102df0fb23a8fa9e8effad8fa81386\",\"name\":\"enequipo\",\"image\":{\"@type\":\"ImageObject\",\"inLanguage\":\"es\",\"@id\":\"https:\/\/www.sonoraenequipo.com.mx\/#\/schema\/person\/image\/\",\"url\":\"https:\/\/secure.gravatar.com\/avatar\/049821681b589dabc0bc20695993ccebb09f5b5d4d790cd9251b97faac7c652b?s=96&d=blank&r=g\",\"contentUrl\":\"https:\/\/secure.gravatar.com\/avatar\/049821681b589dabc0bc20695993ccebb09f5b5d4d790cd9251b97faac7c652b?s=96&d=blank&r=g\",\"caption\":\"enequipo\"},\"sameAs\":[\"https:\/\/www.facebook.com\/SonoraEE\"]}]}<\/script>\n ","yoast_head_json":{"title":"Sonora en Equipo. HERMOSILLO. Informa Ayuntamiento sobre el esquema de Obra P\u00fablica Multianual Municipios","description":"HERMOSILLO, SONORA. MX. \u2014 La titular de la Coordinaci\u00f3n de Infraestructura, Desarrollo Urbano y Ecolog\u00eda del Ayuntamiento, Astart\u00e9 Corro Ruiz, encabez\u00f3 En Sonora en Equipo publicamos toda la informaci\u00f3n de Sonora, M\u00e9xico y el Mundo de manera oportuna y busca que la libertad de expresi\u00f3n sea real. Visita nuestro medio informativo publicado desde Hermosillo, Sonora. %","robots":{"index":"index","follow":"follow","max-snippet":"max-snippet:-1","max-image-preview":"max-image-preview:large","max-video-preview":"max-video-preview:-1"},"canonical":"https:\/\/www.sonoraenequipo.com.mx\/hermosillo-informan-a-empresarios-del-ramo-de-la-construccion-sobre-el-esquema-de-obra-publica-multianual\/","og_locale":"es_ES","og_type":"article","og_title":"Sonora en Equipo. HERMOSILLO. Informa Ayuntamiento sobre el esquema de Obra P\u00fablica Multianual Municipios","og_description":"HERMOSILLO, SONORA. MX. \u2014 La titular de la Coordinaci\u00f3n de Infraestructura, Desarrollo Urbano y Ecolog\u00eda del Ayuntamiento, Astart\u00e9 Corro Ruiz, encabez\u00f3 En Sonora en Equipo publicamos toda la informaci\u00f3n de Sonora, M\u00e9xico y el Mundo de manera oportuna y busca que la libertad de expresi\u00f3n sea real. Visita nuestro medio informativo publicado desde Hermosillo, Sonora. %","og_url":"https:\/\/www.sonoraenequipo.com.mx\/hermosillo-informan-a-empresarios-del-ramo-de-la-construccion-sobre-el-esquema-de-obra-publica-multianual\/","og_site_name":"Sonora en Equipo.","article_publisher":"https:\/\/www.facebook.com\/SonoraEE\/","article_author":"https:\/\/www.facebook.com\/SonoraEE","article_published_time":"2021-12-02T04:36:28+00:00","article_modified_time":"2021-12-02T22:42:14+00:00","og_image":[{"width":700,"height":400,"url":"https:\/\/www.sonoraenequipo.com.mx\/storage\/2021\/12\/esquema-de-obra-publica-Mutianual_opt.jpg","type":"image\/jpeg"}],"author":"enequipo","twitter_card":"summary_large_image","twitter_creator":"@sonoraenequipo","twitter_site":"@sonoraenequipo","twitter_misc":{"Escrito por":"enequipo","Tiempo de lectura":"1 minuto"},"schema":{"@context":"https:\/\/schema.org","@graph":[{"@type":"Article","@id":"https:\/\/www.sonoraenequipo.com.mx\/hermosillo-informan-a-empresarios-del-ramo-de-la-construccion-sobre-el-esquema-de-obra-publica-multianual\/#article","isPartOf":{"@id":"https:\/\/www.sonoraenequipo.com.mx\/hermosillo-informan-a-empresarios-del-ramo-de-la-construccion-sobre-el-esquema-de-obra-publica-multianual\/"},"author":{"name":"enequipo","@id":"https:\/\/www.sonoraenequipo.com.mx\/#\/schema\/person\/50102df0fb23a8fa9e8effad8fa81386"},"headline":"HERMOSILLO. Informa Ayuntamiento sobre el esquema de Obra P\u00fablica Multianual","datePublished":"2021-12-02T04:36:28+00:00","dateModified":"2021-12-02T22:42:14+00:00","mainEntityOfPage":{"@id":"https:\/\/www.sonoraenequipo.com.mx\/hermosillo-informan-a-empresarios-del-ramo-de-la-construccion-sobre-el-esquema-de-obra-publica-multianual\/"},"wordCount":233,"commentCount":0,"publisher":{"@id":"https:\/\/www.sonoraenequipo.com.mx\/#organization"},"image":{"@id":"https:\/\/www.sonoraenequipo.com.mx\/hermosillo-informan-a-empresarios-del-ramo-de-la-construccion-sobre-el-esquema-de-obra-publica-multianual\/#primaryimage"},"thumbnailUrl":"https:\/\/www.sonoraenequipo.com.mx\/storage\/2021\/12\/esquema-de-obra-publica-Mutianual_opt.jpg","articleSection":["Municipios"],"inLanguage":"es","potentialAction":[{"@type":"CommentAction","name":"Comment","target":["https:\/\/www.sonoraenequipo.com.mx\/hermosillo-informan-a-empresarios-del-ramo-de-la-construccion-sobre-el-esquema-de-obra-publica-multianual\/#respond"]}]},{"@type":"WebPage","@id":"https:\/\/www.sonoraenequipo.com.mx\/hermosillo-informan-a-empresarios-del-ramo-de-la-construccion-sobre-el-esquema-de-obra-publica-multianual\/","url":"https:\/\/www.sonoraenequipo.com.mx\/hermosillo-informan-a-empresarios-del-ramo-de-la-construccion-sobre-el-esquema-de-obra-publica-multianual\/","name":"Sonora en Equipo. HERMOSILLO. Informa Ayuntamiento sobre el esquema de Obra P\u00fablica Multianual Municipios","isPartOf":{"@id":"https:\/\/www.sonoraenequipo.com.mx\/#website"},"primaryImageOfPage":{"@id":"https:\/\/www.sonoraenequipo.com.mx\/hermosillo-informan-a-empresarios-del-ramo-de-la-construccion-sobre-el-esquema-de-obra-publica-multianual\/#primaryimage"},"image":{"@id":"https:\/\/www.sonoraenequipo.com.mx\/hermosillo-informan-a-empresarios-del-ramo-de-la-construccion-sobre-el-esquema-de-obra-publica-multianual\/#primaryimage"},"thumbnailUrl":"https:\/\/www.sonoraenequipo.com.mx\/storage\/2021\/12\/esquema-de-obra-publica-Mutianual_opt.jpg","datePublished":"2021-12-02T04:36:28+00:00","dateModified":"2021-12-02T22:42:14+00:00","description":"HERMOSILLO, SONORA. MX. \u2014 La titular de la Coordinaci\u00f3n de Infraestructura, Desarrollo Urbano y Ecolog\u00eda del Ayuntamiento, Astart\u00e9 Corro Ruiz, encabez\u00f3 En Sonora en Equipo publicamos toda la informaci\u00f3n de Sonora, M\u00e9xico y el Mundo de manera oportuna y busca que la libertad de expresi\u00f3n sea real. Visita nuestro medio informativo publicado desde Hermosillo, Sonora. %","breadcrumb":{"@id":"https:\/\/www.sonoraenequipo.com.mx\/hermosillo-informan-a-empresarios-del-ramo-de-la-construccion-sobre-el-esquema-de-obra-publica-multianual\/#breadcrumb"},"inLanguage":"es","potentialAction":[{"@type":"ReadAction","target":["https:\/\/www.sonoraenequipo.com.mx\/hermosillo-informan-a-empresarios-del-ramo-de-la-construccion-sobre-el-esquema-de-obra-publica-multianual\/"]}]},{"@type":"ImageObject","inLanguage":"es","@id":"https:\/\/www.sonoraenequipo.com.mx\/hermosillo-informan-a-empresarios-del-ramo-de-la-construccion-sobre-el-esquema-de-obra-publica-multianual\/#primaryimage","url":"https:\/\/www.sonoraenequipo.com.mx\/storage\/2021\/12\/esquema-de-obra-publica-Mutianual_opt.jpg","contentUrl":"https:\/\/www.sonoraenequipo.com.mx\/storage\/2021\/12\/esquema-de-obra-publica-Mutianual_opt.jpg","width":700,"height":400},{"@type":"BreadcrumbList","@id":"https:\/\/www.sonoraenequipo.com.mx\/hermosillo-informan-a-empresarios-del-ramo-de-la-construccion-sobre-el-esquema-de-obra-publica-multianual\/#breadcrumb","itemListElement":[{"@type":"ListItem","position":1,"name":"Portada","item":"https:\/\/www.sonoraenequipo.com.mx\/"},{"@type":"ListItem","position":2,"name":"HERMOSILLO. Informa Ayuntamiento sobre el esquema de Obra P\u00fablica Multianual"}]},{"@type":"WebSite","@id":"https:\/\/www.sonoraenequipo.com.mx\/#website","url":"https:\/\/www.sonoraenequipo.com.mx\/","name":"Sonora en Equipo.","description":"Diario en l\u00ednea con Noticias desde Hermosillo, Sonora","publisher":{"@id":"https:\/\/www.sonoraenequipo.com.mx\/#organization"},"potentialAction":[{"@type":"SearchAction","target":{"@type":"EntryPoint","urlTemplate":"https:\/\/www.sonoraenequipo.com.mx\/?s={search_term_string}"},"query-input":{"@type":"PropertyValueSpecification","valueRequired":true,"valueName":"search_term_string"}}],"inLanguage":"es"},{"@type":"Organization","@id":"https:\/\/www.sonoraenequipo.com.mx\/#organization","name":"Sonoraenequipo.com.mx","url":"https:\/\/www.sonoraenequipo.com.mx\/","logo":{"@type":"ImageObject","inLanguage":"es","@id":"https:\/\/www.sonoraenequipo.com.mx\/#\/schema\/logo\/image\/","url":"https:\/\/www.sonoraenequipo.com.mx\/storage\/2019\/01\/sonoraenequipo_opt.png","contentUrl":"https:\/\/www.sonoraenequipo.com.mx\/storage\/2019\/01\/sonoraenequipo_opt.png","width":375,"height":125,"caption":"Sonoraenequipo.com.mx"},"image":{"@id":"https:\/\/www.sonoraenequipo.com.mx\/#\/schema\/logo\/image\/"},"sameAs":["https:\/\/www.facebook.com\/SonoraEE\/","https:\/\/x.com\/sonoraenequipo","https:\/\/www.youtube.com\/channel\/UC338nW-lPEYmJQs4ZABQ1SQ"]},{"@type":"Person","@id":"https:\/\/www.sonoraenequipo.com.mx\/#\/schema\/person\/50102df0fb23a8fa9e8effad8fa81386","name":"enequipo","image":{"@type":"ImageObject","inLanguage":"es","@id":"https:\/\/www.sonoraenequipo.com.mx\/#\/schema\/person\/image\/","url":"https:\/\/secure.gravatar.com\/avatar\/049821681b589dabc0bc20695993ccebb09f5b5d4d790cd9251b97faac7c652b?s=96&d=blank&r=g","contentUrl":"https:\/\/secure.gravatar.com\/avatar\/049821681b589dabc0bc20695993ccebb09f5b5d4d790cd9251b97faac7c652b?s=96&d=blank&r=g","caption":"enequipo"},"sameAs":["https:\/\/www.facebook.com\/SonoraEE"]}]}},"jetpack_featured_media_url":"https:\/\/www.sonoraenequipo.com.mx\/storage\/2021\/12\/esquema-de-obra-publica-Mutianual_opt.jpg","_links":{"self":[{"href":"https:\/\/www.sonoraenequipo.com.mx\/api\/wp\/v2\/posts\/128779","targetHints":{"allow":["GET"]}}],"collection":[{"href":"https:\/\/www.sonoraenequipo.com.mx\/api\/wp\/v2\/posts"}],"about":[{"href":"https:\/\/www.sonoraenequipo.com.mx\/api\/wp\/v2\/types\/post"}],"author":[{"embeddable":true,"href":"https:\/\/www.sonoraenequipo.com.mx\/api\/wp\/v2\/users\/1"}],"replies":[{"embeddable":true,"href":"https:\/\/www.sonoraenequipo.com.mx\/api\/wp\/v2\/comments?post=128779"}],"version-history":[{"count":2,"href":"https:\/\/www.sonoraenequipo.com.mx\/api\/wp\/v2\/posts\/128779\/revisions"}],"predecessor-version":[{"id":128785,"href":"https:\/\/www.sonoraenequipo.com.mx\/api\/wp\/v2\/posts\/128779\/revisions\/128785"}],"wp:featuredmedia":[{"embeddable":true,"href":"https:\/\/www.sonoraenequipo.com.mx\/api\/wp\/v2\/media\/128783"}],"wp:attachment":[{"href":"https:\/\/www.sonoraenequipo.com.mx\/api\/wp\/v2\/media?parent=128779"}],"wp:term":[{"taxonomy":"category","embeddable":true,"href":"https:\/\/www.sonoraenequipo.com.mx\/api\/wp\/v2\/categories?post=128779"},{"taxonomy":"post_tag","embeddable":true,"href":"https:\/\/www.sonoraenequipo.com.mx\/api\/wp\/v2\/tags?post=128779"}],"curies":[{"name":"wp","href":"https:\/\/api.w.org\/{rel}","templated":true}]}}