{"id":128790,"date":"2021-12-02T12:52:38","date_gmt":"2021-12-02T19:52:38","guid":{"rendered":"https:\/\/www.sonoraenequipo.com.mx\/?p=128790"},"modified":"2021-12-02T15:58:42","modified_gmt":"2021-12-02T22:58:42","slug":"con-participacion-historica-de-sonorenses-concluyen-foros-del-plan-estatal-de-desarrollo","status":"publish","type":"post","link":"https:\/\/www.sonoraenequipo.com.mx\/con-participacion-historica-de-sonorenses-concluyen-foros-del-plan-estatal-de-desarrollo\/","title":{"rendered":"Con participaci\u00f3n hist\u00f3rica de sonorenses concluyen foros del Plan Estatal de Desarrollo"},"content":{"rendered":"<p>HERMOSILLO, SONORA. MX. \u2014 Con una amplia participaci\u00f3n de sonorenses, quienes presentaron las voces y propuestas de todos los sectores de la poblaci\u00f3n, concluyeron los foros para enriquecer el Plan Estatal de Desarrollo que ser\u00e1 el eje rector con el que el gobernador Alfonso Durazo Monta\u00f1o trabajar\u00e1 para mejorar la calidad de vida de las y los sonorenses, expres\u00f3 Francisco Acu\u00f1a M\u00e9ndez.<\/p>\n<p>&nbsp;<\/p>\n<p> <\/p>\n<p>&nbsp;<\/p>\n<p>El coordinador de planeaci\u00f3n y comisiones del Consejo Consultivo para el Plan Estatal de Desarrollo 2021-2027, detall\u00f3 que, a trav\u00e9s de una coordinaci\u00f3n hist\u00f3rica entre las autoridades estatales, municipales, y diferentes sectores de la sociedad, se busca dar al Plan Estatal de Desarrollo una visi\u00f3n de Estado.<\/p>\n<p>En el marco de la celebraci\u00f3n del foro tem\u00e1tico de la Comisi\u00f3n Sectorial de Empleo Competitivo y Desarrollo Regional, Acu\u00f1a M\u00e9ndez explic\u00f3 que a trav\u00e9s de estos foros se busca dar a conocer los compromisos que el gobernador Alfonso Durazo hizo con las y los sonorenses, y nutrirlos con las propuestas de los representantes de distintos sectores.<\/p>\n<p>&nbsp;<\/p>\n<p><em>\u201cEl gobernador dice: vamos a consultar esos compromisos que me hicieron a m\u00ed, e hicimos propios a la sociedad, y lo hacemos con la consulta en el Plan Estatal de Desarrollo enriquecer, mejorar, fortalecer, criticar esos compromisos, esos 330 compromisos, y de esta manera se refuerza ese compromiso de que lo que se va a cumplir es lo que se prometi\u00f3 en campa\u00f1a y por lo que se vot\u00f3\u201d,<\/em> indic\u00f3.<\/p>\n<p>&nbsp;<\/p>\n<p>Armando Villa Ordu\u00f1o, secretario de Econom\u00eda, resalt\u00f3 que se busca la inclusi\u00f3n de todas las voces para lograr un crecimiento sustentable y de respeto al medio ambiente.<\/p>\n<p>&nbsp;<\/p>\n<p><em>\u201cEs un foro de participaci\u00f3n donde todos somos y queremos que sean incluyentes, en sus ideas, en sus aportaciones de nuevos proyectos, en nuevos temas que puedan llevar a Sonora a un mejor lugar, como nuestro gobernador, el doctor Alfonso Durazo, nos tiene encomendado, que sea un Sonora con un crecimiento sustentable, sostenido y amigable con el medio ambiente\u201d,<\/em> se\u00f1al\u00f3.<\/p>\n<p>&nbsp;<\/p>\n<p>Olga Armida Grijalva Otero, secretaria del Trabajo, mencion\u00f3 que para concretar un Plan Estatal de Desarrollo se requieren de varias perspectivas, donde exista el di\u00e1logo y la propuesta de ideas, para lo cual se han celebrado este tipo de foros.<\/p>\n<p>&nbsp;<\/p>\n<p><em>\u201cEs un compromiso, por ello los resultados no pueden ser generados desde una sola perspectiva, sino de varias perspectivas, tiene que ser una visi\u00f3n muy integral, esto viene acompa\u00f1ado de consensos y la apertura a un di\u00e1logo de respeto y positivo<\/em>\u201d, coment\u00f3.<\/p>\n<p>&nbsp;<\/p>\n<p>Sa\u00fal Rojo Valenzuela, representante de la industria de la tecnolog\u00eda y la informaci\u00f3n, agradeci\u00f3 la apertura del Gobierno de Sonora para tomar en cuenta la participaci\u00f3n de la sociedad, ya que de esta manera se enriquecer\u00e1n las acciones del gobierno en favor de las y los sonorenses.<\/p>\n<p>&nbsp;<\/p>\n<p><em>\u201cVerdaderamente, me llena de entusiasmo que hoy tenemos un gobierno que est\u00e1 dispuesto a incluir, a incorporar esas ideas y esas propuestas, esas opiniones, para lograr el objetivo que tenemos todos, que Sonora crezca, que Sonora progrese, que Sonora se desarrolle, y que verdaderamente se consolide como una tierra de oportunidades para todos\u201d,<\/em> expres\u00f3.<\/p>\n<p>&nbsp;<\/p>\n<p>Durante la tarde de este mi\u00e9rcoles, con una nutrida participaci\u00f3n v\u00eda Zoom, durante los foros juveniles las voces y propuestas de j\u00f3venes del norte y sur del estado fueron escuchadas, se abordaron temas de derechos humanos, combate a la drogadicci\u00f3n, trabajo con la juventud, oportunidades para las y los j\u00f3venes, entre otros.<\/p>\n<p>&nbsp;<\/p>\n<p>Francisco Acu\u00f1a M\u00e9ndez reiter\u00f3 la importancia de la participaci\u00f3n de este sector de la poblaci\u00f3n dentro del Plan Estatal de Desarrollo, conociendo los compromisos del gobernador Durazo, pero tambi\u00e9n proponiendo por el futuro y las nuevas generaciones.<\/p>\n<p>&nbsp;<\/p>\n<p><em>\u201cPueden ustedes proponer ideas complementarias a esos compromisos, a esos objetivos de fondo, desde la juventud, desde esa visi\u00f3n, de esas necesidades; esa es la idea del Plan Estatal de Desarrollo sin mucho rollo. Es decir c\u00f3mo podemos entrar los j\u00f3venes que nos est\u00e1n oyendo para transformar y pensar en la pr\u00f3xima generaci\u00f3n\u201d<\/em>, reiter\u00f3.<\/p>\n<p>&nbsp;<\/p>\n<p>Los participantes coincidieron que con la apertura de este espacio pudieron proponer y explicar temas de inter\u00e9s en com\u00fan, por lo que expresaron es necesario fomentar la participaci\u00f3n de los j\u00f3venes en la toma de decisiones.<\/p>\n<p>&nbsp;<\/p>\n<p>Por su parte Alonso Taddei, director general de Estudios y Proyectos del Instituto Sonorense de la Juventud (ISJ), asegur\u00f3 que cada una de las propuestas presentadas tanto en los foros, como en la p\u00e1gina del Plan Estatal de Desarrollo ser\u00e1n valoradas e integradas dentro del proyecto de trabajo de la instituci\u00f3n.<\/p>\n<p>&nbsp;<\/p>\n<p><em>\u201cEl ISJ va a trabajar para atender las diversas agendas y recibir las ofertas o las propuestas de todos ustedes para integrarlas en nuestro proyecto de trabajo\u201d<\/em>, destac\u00f3.<\/p>\n<p>&nbsp;<\/p>\n<p>Presentes: Armando Moreno Soto, rector de la Universidad Estatal de Sonora; Griselda Ilian L\u00f3pez Mart\u00ednez, coordinadora estatal para el Desarrollo de los Pueblos Ind\u00edgenas; Mar\u00eda Alicia Gayt\u00e1n S\u00e1nchez, presidenta de la comisi\u00f3n de Fomento Econ\u00f3mico y Turismo en el Congreso del Estado; Pr\u00f3spero Valenzuela, presidente de la Comisi\u00f3n de Miner\u00eda en el Congreso del Estado; y \u00d3scar Eduardo Castro, secretario de la Comisi\u00f3n de Pesca y Acuacultura, y de la Comisi\u00f3n Especial para el Seguimiento de la Implementaci\u00f3n de la Agenda 2030.<\/p>\n<p>&nbsp;<\/p>\n<p>(Publicada el 02\/12\/2021)<\/p>\n","protected":false},"excerpt":{"rendered":"<p>HERMOSILLO, SONORA. MX. \u2014 Con una amplia participaci\u00f3n de sonorenses, quienes presentaron las voces y&#8230;<\/p>\n","protected":false},"author":1,"featured_media":128791,"comment_status":"open","ping_status":"open","sticky":false,"template":"","format":"standard","meta":{"_monsterinsights_skip_tracking":false,"_monsterinsights_sitenote_active":false,"_monsterinsights_sitenote_note":"","_monsterinsights_sitenote_category":0,"footnotes":""},"categories":[22],"tags":[],"class_list":["post"],"yoast_head":" \n<title>Sonora en Equipo. Con participaci\u00f3n hist\u00f3rica de sonorenses concluyen foros del Plan Estatal de Desarrollo Sonora<\/title>\n<meta name=\"description\" content=\"HERMOSILLO, SONORA. MX. \u2014 Con una amplia participaci\u00f3n de sonorenses, quienes presentaron las voces y propuestas de todos los sectores de la poblaci\u00f3n, En Sonora en Equipo publicamos toda la informaci\u00f3n de Sonora, M\u00e9xico y el Mundo de manera oportuna y busca que la libertad de expresi\u00f3n sea real. Visita nuestro medio informativo publicado desde Hermosillo, Sonora. %\" \/>\n<meta name=\"robots\" content=\"index, follow, max-snippet:-1, max-image-preview:large, max-video-preview:-1\" \/>\n<link rel=\"canonical\" href=\"https:\/\/www.sonoraenequipo.com.mx\/con-participacion-historica-de-sonorenses-concluyen-foros-del-plan-estatal-de-desarrollo\/\" \/>\n<meta property=\"og:locale\" content=\"es_ES\" \/>\n<meta property=\"og:type\" content=\"article\" \/>\n<meta property=\"og:title\" content=\"Sonora en Equipo. Con participaci\u00f3n hist\u00f3rica de sonorenses concluyen foros del Plan Estatal de Desarrollo Sonora\" \/>\n<meta property=\"og:description\" content=\"HERMOSILLO, SONORA. MX. \u2014 Con una amplia participaci\u00f3n de sonorenses, quienes presentaron las voces y propuestas de todos los sectores de la poblaci\u00f3n, En Sonora en Equipo publicamos toda la informaci\u00f3n de Sonora, M\u00e9xico y el Mundo de manera oportuna y busca que la libertad de expresi\u00f3n sea real. Visita nuestro medio informativo publicado desde Hermosillo, Sonora. %\" \/>\n<meta property=\"og:url\" content=\"https:\/\/www.sonoraenequipo.com.mx\/con-participacion-historica-de-sonorenses-concluyen-foros-del-plan-estatal-de-desarrollo\/\" \/>\n<meta property=\"og:site_name\" content=\"Sonora en Equipo.\" \/>\n<meta property=\"article:publisher\" content=\"https:\/\/www.facebook.com\/SonoraEE\/\" \/>\n<meta property=\"article:author\" content=\"https:\/\/www.facebook.com\/SonoraEE\" \/>\n<meta property=\"article:published_time\" content=\"2021-12-02T19:52:38+00:00\" \/>\n<meta property=\"article:modified_time\" content=\"2021-12-02T22:58:42+00:00\" \/>\n<meta property=\"og:image\" content=\"https:\/\/www.sonoraenequipo.com.mx\/storage\/2021\/12\/foros-del-Plan-Estatal-de-Desarrollo2_opt.jpg\" \/>\n\t<meta property=\"og:image:width\" content=\"700\" \/>\n\t<meta property=\"og:image:height\" content=\"400\" \/>\n\t<meta property=\"og:image:type\" content=\"image\/jpeg\" \/>\n<meta name=\"author\" content=\"enequipo\" \/>\n<meta name=\"twitter:card\" content=\"summary_large_image\" \/>\n<meta name=\"twitter:creator\" content=\"@sonoraenequipo\" \/>\n<meta name=\"twitter:site\" content=\"@sonoraenequipo\" \/>\n<meta name=\"twitter:label1\" content=\"Escrito por\" \/>\n\t<meta name=\"twitter:data1\" content=\"enequipo\" \/>\n\t<meta name=\"twitter:label2\" content=\"Tiempo de lectura\" \/>\n\t<meta name=\"twitter:data2\" content=\"5 minutos\" \/>\n<script type=\"application\/ld+json\" class=\"yoast-schema-graph\">{\"@context\":\"https:\/\/schema.org\",\"@graph\":[{\"@type\":\"Article\",\"@id\":\"https:\/\/www.sonoraenequipo.com.mx\/con-participacion-historica-de-sonorenses-concluyen-foros-del-plan-estatal-de-desarrollo\/#article\",\"isPartOf\":{\"@id\":\"https:\/\/www.sonoraenequipo.com.mx\/con-participacion-historica-de-sonorenses-concluyen-foros-del-plan-estatal-de-desarrollo\/\"},\"author\":{\"name\":\"enequipo\",\"@id\":\"https:\/\/www.sonoraenequipo.com.mx\/#\/schema\/person\/50102df0fb23a8fa9e8effad8fa81386\"},\"headline\":\"Con participaci\u00f3n hist\u00f3rica de sonorenses concluyen foros del Plan Estatal de Desarrollo\",\"datePublished\":\"2021-12-02T19:52:38+00:00\",\"dateModified\":\"2021-12-02T22:58:42+00:00\",\"mainEntityOfPage\":{\"@id\":\"https:\/\/www.sonoraenequipo.com.mx\/con-participacion-historica-de-sonorenses-concluyen-foros-del-plan-estatal-de-desarrollo\/\"},\"wordCount\":945,\"commentCount\":0,\"publisher\":{\"@id\":\"https:\/\/www.sonoraenequipo.com.mx\/#organization\"},\"image\":{\"@id\":\"https:\/\/www.sonoraenequipo.com.mx\/con-participacion-historica-de-sonorenses-concluyen-foros-del-plan-estatal-de-desarrollo\/#primaryimage\"},\"thumbnailUrl\":\"https:\/\/www.sonoraenequipo.com.mx\/storage\/2021\/12\/foros-del-Plan-Estatal-de-Desarrollo2_opt.jpg\",\"articleSection\":[\"Sonora\"],\"inLanguage\":\"es\",\"potentialAction\":[{\"@type\":\"CommentAction\",\"name\":\"Comment\",\"target\":[\"https:\/\/www.sonoraenequipo.com.mx\/con-participacion-historica-de-sonorenses-concluyen-foros-del-plan-estatal-de-desarrollo\/#respond\"]}]},{\"@type\":\"WebPage\",\"@id\":\"https:\/\/www.sonoraenequipo.com.mx\/con-participacion-historica-de-sonorenses-concluyen-foros-del-plan-estatal-de-desarrollo\/\",\"url\":\"https:\/\/www.sonoraenequipo.com.mx\/con-participacion-historica-de-sonorenses-concluyen-foros-del-plan-estatal-de-desarrollo\/\",\"name\":\"Sonora en Equipo. Con participaci\u00f3n hist\u00f3rica de sonorenses concluyen foros del Plan Estatal de Desarrollo Sonora\",\"isPartOf\":{\"@id\":\"https:\/\/www.sonoraenequipo.com.mx\/#website\"},\"primaryImageOfPage\":{\"@id\":\"https:\/\/www.sonoraenequipo.com.mx\/con-participacion-historica-de-sonorenses-concluyen-foros-del-plan-estatal-de-desarrollo\/#primaryimage\"},\"image\":{\"@id\":\"https:\/\/www.sonoraenequipo.com.mx\/con-participacion-historica-de-sonorenses-concluyen-foros-del-plan-estatal-de-desarrollo\/#primaryimage\"},\"thumbnailUrl\":\"https:\/\/www.sonoraenequipo.com.mx\/storage\/2021\/12\/foros-del-Plan-Estatal-de-Desarrollo2_opt.jpg\",\"datePublished\":\"2021-12-02T19:52:38+00:00\",\"dateModified\":\"2021-12-02T22:58:42+00:00\",\"description\":\"HERMOSILLO, SONORA. MX. \u2014 Con una amplia participaci\u00f3n de sonorenses, quienes presentaron las voces y propuestas de todos los sectores de la poblaci\u00f3n, En Sonora en Equipo publicamos toda la informaci\u00f3n de Sonora, M\u00e9xico y el Mundo de manera oportuna y busca que la libertad de expresi\u00f3n sea real. Visita nuestro medio informativo publicado desde Hermosillo, Sonora. %\",\"breadcrumb\":{\"@id\":\"https:\/\/www.sonoraenequipo.com.mx\/con-participacion-historica-de-sonorenses-concluyen-foros-del-plan-estatal-de-desarrollo\/#breadcrumb\"},\"inLanguage\":\"es\",\"potentialAction\":[{\"@type\":\"ReadAction\",\"target\":[\"https:\/\/www.sonoraenequipo.com.mx\/con-participacion-historica-de-sonorenses-concluyen-foros-del-plan-estatal-de-desarrollo\/\"]}]},{\"@type\":\"ImageObject\",\"inLanguage\":\"es\",\"@id\":\"https:\/\/www.sonoraenequipo.com.mx\/con-participacion-historica-de-sonorenses-concluyen-foros-del-plan-estatal-de-desarrollo\/#primaryimage\",\"url\":\"https:\/\/www.sonoraenequipo.com.mx\/storage\/2021\/12\/foros-del-Plan-Estatal-de-Desarrollo2_opt.jpg\",\"contentUrl\":\"https:\/\/www.sonoraenequipo.com.mx\/storage\/2021\/12\/foros-del-Plan-Estatal-de-Desarrollo2_opt.jpg\",\"width\":700,\"height\":400},{\"@type\":\"BreadcrumbList\",\"@id\":\"https:\/\/www.sonoraenequipo.com.mx\/con-participacion-historica-de-sonorenses-concluyen-foros-del-plan-estatal-de-desarrollo\/#breadcrumb\",\"itemListElement\":[{\"@type\":\"ListItem\",\"position\":1,\"name\":\"Portada\",\"item\":\"https:\/\/www.sonoraenequipo.com.mx\/\"},{\"@type\":\"ListItem\",\"position\":2,\"name\":\"Con participaci\u00f3n hist\u00f3rica de sonorenses concluyen foros del Plan Estatal de Desarrollo\"}]},{\"@type\":\"WebSite\",\"@id\":\"https:\/\/www.sonoraenequipo.com.mx\/#website\",\"url\":\"https:\/\/www.sonoraenequipo.com.mx\/\",\"name\":\"Sonora en Equipo.\",\"description\":\"Diario en l\u00ednea con Noticias desde Hermosillo, Sonora\",\"publisher\":{\"@id\":\"https:\/\/www.sonoraenequipo.com.mx\/#organization\"},\"potentialAction\":[{\"@type\":\"SearchAction\",\"target\":{\"@type\":\"EntryPoint\",\"urlTemplate\":\"https:\/\/www.sonoraenequipo.com.mx\/?s={search_term_string}\"},\"query-input\":{\"@type\":\"PropertyValueSpecification\",\"valueRequired\":true,\"valueName\":\"search_term_string\"}}],\"inLanguage\":\"es\"},{\"@type\":\"Organization\",\"@id\":\"https:\/\/www.sonoraenequipo.com.mx\/#organization\",\"name\":\"Sonoraenequipo.com.mx\",\"url\":\"https:\/\/www.sonoraenequipo.com.mx\/\",\"logo\":{\"@type\":\"ImageObject\",\"inLanguage\":\"es\",\"@id\":\"https:\/\/www.sonoraenequipo.com.mx\/#\/schema\/logo\/image\/\",\"url\":\"https:\/\/www.sonoraenequipo.com.mx\/storage\/2019\/01\/sonoraenequipo_opt.png\",\"contentUrl\":\"https:\/\/www.sonoraenequipo.com.mx\/storage\/2019\/01\/sonoraenequipo_opt.png\",\"width\":375,\"height\":125,\"caption\":\"Sonoraenequipo.com.mx\"},\"image\":{\"@id\":\"https:\/\/www.sonoraenequipo.com.mx\/#\/schema\/logo\/image\/\"},\"sameAs\":[\"https:\/\/www.facebook.com\/SonoraEE\/\",\"https:\/\/x.com\/sonoraenequipo\",\"https:\/\/www.youtube.com\/channel\/UC338nW-lPEYmJQs4ZABQ1SQ\"]},{\"@type\":\"Person\",\"@id\":\"https:\/\/www.sonoraenequipo.com.mx\/#\/schema\/person\/50102df0fb23a8fa9e8effad8fa81386\",\"name\":\"enequipo\",\"image\":{\"@type\":\"ImageObject\",\"inLanguage\":\"es\",\"@id\":\"https:\/\/www.sonoraenequipo.com.mx\/#\/schema\/person\/image\/\",\"url\":\"https:\/\/secure.gravatar.com\/avatar\/049821681b589dabc0bc20695993ccebb09f5b5d4d790cd9251b97faac7c652b?s=96&d=blank&r=g\",\"contentUrl\":\"https:\/\/secure.gravatar.com\/avatar\/049821681b589dabc0bc20695993ccebb09f5b5d4d790cd9251b97faac7c652b?s=96&d=blank&r=g\",\"caption\":\"enequipo\"},\"sameAs\":[\"https:\/\/www.facebook.com\/SonoraEE\"]}]}<\/script>\n ","yoast_head_json":{"title":"Sonora en Equipo. Con participaci\u00f3n hist\u00f3rica de sonorenses concluyen foros del Plan Estatal de Desarrollo Sonora","description":"HERMOSILLO, SONORA. MX. \u2014 Con una amplia participaci\u00f3n de sonorenses, quienes presentaron las voces y propuestas de todos los sectores de la poblaci\u00f3n, En Sonora en Equipo publicamos toda la informaci\u00f3n de Sonora, M\u00e9xico y el Mundo de manera oportuna y busca que la libertad de expresi\u00f3n sea real. Visita nuestro medio informativo publicado desde Hermosillo, Sonora. %","robots":{"index":"index","follow":"follow","max-snippet":"max-snippet:-1","max-image-preview":"max-image-preview:large","max-video-preview":"max-video-preview:-1"},"canonical":"https:\/\/www.sonoraenequipo.com.mx\/con-participacion-historica-de-sonorenses-concluyen-foros-del-plan-estatal-de-desarrollo\/","og_locale":"es_ES","og_type":"article","og_title":"Sonora en Equipo. Con participaci\u00f3n hist\u00f3rica de sonorenses concluyen foros del Plan Estatal de Desarrollo Sonora","og_description":"HERMOSILLO, SONORA. MX. \u2014 Con una amplia participaci\u00f3n de sonorenses, quienes presentaron las voces y propuestas de todos los sectores de la poblaci\u00f3n, En Sonora en Equipo publicamos toda la informaci\u00f3n de Sonora, M\u00e9xico y el Mundo de manera oportuna y busca que la libertad de expresi\u00f3n sea real. Visita nuestro medio informativo publicado desde Hermosillo, Sonora. %","og_url":"https:\/\/www.sonoraenequipo.com.mx\/con-participacion-historica-de-sonorenses-concluyen-foros-del-plan-estatal-de-desarrollo\/","og_site_name":"Sonora en Equipo.","article_publisher":"https:\/\/www.facebook.com\/SonoraEE\/","article_author":"https:\/\/www.facebook.com\/SonoraEE","article_published_time":"2021-12-02T19:52:38+00:00","article_modified_time":"2021-12-02T22:58:42+00:00","og_image":[{"width":700,"height":400,"url":"https:\/\/www.sonoraenequipo.com.mx\/storage\/2021\/12\/foros-del-Plan-Estatal-de-Desarrollo2_opt.jpg","type":"image\/jpeg"}],"author":"enequipo","twitter_card":"summary_large_image","twitter_creator":"@sonoraenequipo","twitter_site":"@sonoraenequipo","twitter_misc":{"Escrito por":"enequipo","Tiempo de lectura":"5 minutos"},"schema":{"@context":"https:\/\/schema.org","@graph":[{"@type":"Article","@id":"https:\/\/www.sonoraenequipo.com.mx\/con-participacion-historica-de-sonorenses-concluyen-foros-del-plan-estatal-de-desarrollo\/#article","isPartOf":{"@id":"https:\/\/www.sonoraenequipo.com.mx\/con-participacion-historica-de-sonorenses-concluyen-foros-del-plan-estatal-de-desarrollo\/"},"author":{"name":"enequipo","@id":"https:\/\/www.sonoraenequipo.com.mx\/#\/schema\/person\/50102df0fb23a8fa9e8effad8fa81386"},"headline":"Con participaci\u00f3n hist\u00f3rica de sonorenses concluyen foros del Plan Estatal de Desarrollo","datePublished":"2021-12-02T19:52:38+00:00","dateModified":"2021-12-02T22:58:42+00:00","mainEntityOfPage":{"@id":"https:\/\/www.sonoraenequipo.com.mx\/con-participacion-historica-de-sonorenses-concluyen-foros-del-plan-estatal-de-desarrollo\/"},"wordCount":945,"commentCount":0,"publisher":{"@id":"https:\/\/www.sonoraenequipo.com.mx\/#organization"},"image":{"@id":"https:\/\/www.sonoraenequipo.com.mx\/con-participacion-historica-de-sonorenses-concluyen-foros-del-plan-estatal-de-desarrollo\/#primaryimage"},"thumbnailUrl":"https:\/\/www.sonoraenequipo.com.mx\/storage\/2021\/12\/foros-del-Plan-Estatal-de-Desarrollo2_opt.jpg","articleSection":["Sonora"],"inLanguage":"es","potentialAction":[{"@type":"CommentAction","name":"Comment","target":["https:\/\/www.sonoraenequipo.com.mx\/con-participacion-historica-de-sonorenses-concluyen-foros-del-plan-estatal-de-desarrollo\/#respond"]}]},{"@type":"WebPage","@id":"https:\/\/www.sonoraenequipo.com.mx\/con-participacion-historica-de-sonorenses-concluyen-foros-del-plan-estatal-de-desarrollo\/","url":"https:\/\/www.sonoraenequipo.com.mx\/con-participacion-historica-de-sonorenses-concluyen-foros-del-plan-estatal-de-desarrollo\/","name":"Sonora en Equipo. Con participaci\u00f3n hist\u00f3rica de sonorenses concluyen foros del Plan Estatal de Desarrollo Sonora","isPartOf":{"@id":"https:\/\/www.sonoraenequipo.com.mx\/#website"},"primaryImageOfPage":{"@id":"https:\/\/www.sonoraenequipo.com.mx\/con-participacion-historica-de-sonorenses-concluyen-foros-del-plan-estatal-de-desarrollo\/#primaryimage"},"image":{"@id":"https:\/\/www.sonoraenequipo.com.mx\/con-participacion-historica-de-sonorenses-concluyen-foros-del-plan-estatal-de-desarrollo\/#primaryimage"},"thumbnailUrl":"https:\/\/www.sonoraenequipo.com.mx\/storage\/2021\/12\/foros-del-Plan-Estatal-de-Desarrollo2_opt.jpg","datePublished":"2021-12-02T19:52:38+00:00","dateModified":"2021-12-02T22:58:42+00:00","description":"HERMOSILLO, SONORA. MX. \u2014 Con una amplia participaci\u00f3n de sonorenses, quienes presentaron las voces y propuestas de todos los sectores de la poblaci\u00f3n, En Sonora en Equipo publicamos toda la informaci\u00f3n de Sonora, M\u00e9xico y el Mundo de manera oportuna y busca que la libertad de expresi\u00f3n sea real. Visita nuestro medio informativo publicado desde Hermosillo, Sonora. %","breadcrumb":{"@id":"https:\/\/www.sonoraenequipo.com.mx\/con-participacion-historica-de-sonorenses-concluyen-foros-del-plan-estatal-de-desarrollo\/#breadcrumb"},"inLanguage":"es","potentialAction":[{"@type":"ReadAction","target":["https:\/\/www.sonoraenequipo.com.mx\/con-participacion-historica-de-sonorenses-concluyen-foros-del-plan-estatal-de-desarrollo\/"]}]},{"@type":"ImageObject","inLanguage":"es","@id":"https:\/\/www.sonoraenequipo.com.mx\/con-participacion-historica-de-sonorenses-concluyen-foros-del-plan-estatal-de-desarrollo\/#primaryimage","url":"https:\/\/www.sonoraenequipo.com.mx\/storage\/2021\/12\/foros-del-Plan-Estatal-de-Desarrollo2_opt.jpg","contentUrl":"https:\/\/www.sonoraenequipo.com.mx\/storage\/2021\/12\/foros-del-Plan-Estatal-de-Desarrollo2_opt.jpg","width":700,"height":400},{"@type":"BreadcrumbList","@id":"https:\/\/www.sonoraenequipo.com.mx\/con-participacion-historica-de-sonorenses-concluyen-foros-del-plan-estatal-de-desarrollo\/#breadcrumb","itemListElement":[{"@type":"ListItem","position":1,"name":"Portada","item":"https:\/\/www.sonoraenequipo.com.mx\/"},{"@type":"ListItem","position":2,"name":"Con participaci\u00f3n hist\u00f3rica de sonorenses concluyen foros del Plan Estatal de Desarrollo"}]},{"@type":"WebSite","@id":"https:\/\/www.sonoraenequipo.com.mx\/#website","url":"https:\/\/www.sonoraenequipo.com.mx\/","name":"Sonora en Equipo.","description":"Diario en l\u00ednea con Noticias desde Hermosillo, Sonora","publisher":{"@id":"https:\/\/www.sonoraenequipo.com.mx\/#organization"},"potentialAction":[{"@type":"SearchAction","target":{"@type":"EntryPoint","urlTemplate":"https:\/\/www.sonoraenequipo.com.mx\/?s={search_term_string}"},"query-input":{"@type":"PropertyValueSpecification","valueRequired":true,"valueName":"search_term_string"}}],"inLanguage":"es"},{"@type":"Organization","@id":"https:\/\/www.sonoraenequipo.com.mx\/#organization","name":"Sonoraenequipo.com.mx","url":"https:\/\/www.sonoraenequipo.com.mx\/","logo":{"@type":"ImageObject","inLanguage":"es","@id":"https:\/\/www.sonoraenequipo.com.mx\/#\/schema\/logo\/image\/","url":"https:\/\/www.sonoraenequipo.com.mx\/storage\/2019\/01\/sonoraenequipo_opt.png","contentUrl":"https:\/\/www.sonoraenequipo.com.mx\/storage\/2019\/01\/sonoraenequipo_opt.png","width":375,"height":125,"caption":"Sonoraenequipo.com.mx"},"image":{"@id":"https:\/\/www.sonoraenequipo.com.mx\/#\/schema\/logo\/image\/"},"sameAs":["https:\/\/www.facebook.com\/SonoraEE\/","https:\/\/x.com\/sonoraenequipo","https:\/\/www.youtube.com\/channel\/UC338nW-lPEYmJQs4ZABQ1SQ"]},{"@type":"Person","@id":"https:\/\/www.sonoraenequipo.com.mx\/#\/schema\/person\/50102df0fb23a8fa9e8effad8fa81386","name":"enequipo","image":{"@type":"ImageObject","inLanguage":"es","@id":"https:\/\/www.sonoraenequipo.com.mx\/#\/schema\/person\/image\/","url":"https:\/\/secure.gravatar.com\/avatar\/049821681b589dabc0bc20695993ccebb09f5b5d4d790cd9251b97faac7c652b?s=96&d=blank&r=g","contentUrl":"https:\/\/secure.gravatar.com\/avatar\/049821681b589dabc0bc20695993ccebb09f5b5d4d790cd9251b97faac7c652b?s=96&d=blank&r=g","caption":"enequipo"},"sameAs":["https:\/\/www.facebook.com\/SonoraEE"]}]}},"jetpack_featured_media_url":"https:\/\/www.sonoraenequipo.com.mx\/storage\/2021\/12\/foros-del-Plan-Estatal-de-Desarrollo2_opt.jpg","_links":{"self":[{"href":"https:\/\/www.sonoraenequipo.com.mx\/api\/wp\/v2\/posts\/128790","targetHints":{"allow":["GET"]}}],"collection":[{"href":"https:\/\/www.sonoraenequipo.com.mx\/api\/wp\/v2\/posts"}],"about":[{"href":"https:\/\/www.sonoraenequipo.com.mx\/api\/wp\/v2\/types\/post"}],"author":[{"embeddable":true,"href":"https:\/\/www.sonoraenequipo.com.mx\/api\/wp\/v2\/users\/1"}],"replies":[{"embeddable":true,"href":"https:\/\/www.sonoraenequipo.com.mx\/api\/wp\/v2\/comments?post=128790"}],"version-history":[{"count":1,"href":"https:\/\/www.sonoraenequipo.com.mx\/api\/wp\/v2\/posts\/128790\/revisions"}],"predecessor-version":[{"id":128792,"href":"https:\/\/www.sonoraenequipo.com.mx\/api\/wp\/v2\/posts\/128790\/revisions\/128792"}],"wp:featuredmedia":[{"embeddable":true,"href":"https:\/\/www.sonoraenequipo.com.mx\/api\/wp\/v2\/media\/128791"}],"wp:attachment":[{"href":"https:\/\/www.sonoraenequipo.com.mx\/api\/wp\/v2\/media?parent=128790"}],"wp:term":[{"taxonomy":"category","embeddable":true,"href":"https:\/\/www.sonoraenequipo.com.mx\/api\/wp\/v2\/categories?post=128790"},{"taxonomy":"post_tag","embeddable":true,"href":"https:\/\/www.sonoraenequipo.com.mx\/api\/wp\/v2\/tags?post=128790"}],"curies":[{"name":"wp","href":"https:\/\/api.w.org\/{rel}","templated":true}]}}