{"id":128862,"date":"2021-12-03T16:18:36","date_gmt":"2021-12-03T23:18:36","guid":{"rendered":"https:\/\/www.sonoraenequipo.com.mx\/?p=128862"},"modified":"2021-12-03T16:18:36","modified_gmt":"2021-12-03T23:18:36","slug":"reducir-financiamiento-publico-a-partidos-politicos-no-resolvera-los-problemas-del-pais-consejero-uuc-kib-espadas","status":"publish","type":"post","link":"https:\/\/www.sonoraenequipo.com.mx\/reducir-financiamiento-publico-a-partidos-politicos-no-resolvera-los-problemas-del-pais-consejero-uuc-kib-espadas\/","title":{"rendered":"Reducir financiamiento p\u00fablico a partidos pol\u00edticos no resolver\u00e1 los problemas del pa\u00eds: consejero Uuc-kib Espadas"},"content":{"rendered":"<p>GUADALAJARA JALISCO,MX.\u2500\u2500Uuc-kib Espadas, Consejero del Instituto Nacional Electoral (INE), llam\u00f3 a partidos pol\u00edticos a aumentar el acceso a los cargos p\u00fablicos a las clases sociales bajas, ya que hasta ahora son invisibles para los institutos pol\u00edticos y tampoco son parte de las acciones afirmativas de los distintos organismos electorales.<\/p>\n<p>&nbsp;<\/p>\n<p>&nbsp;<\/p>\n<p>&nbsp;<\/p>\n<p>Desde la Feria Internacional del Libro de Guadalajara (FIL), al comentar la obra \u201cEl precio de la democracia\u201d, de Julia Cag\u00e9, el Consejero rechaz\u00f3 la idea de que s\u00f3lo con recursos se pueda tener acceso al poder, un factor que va de la mano con el financiamiento a los partidos pol\u00edticos.<\/p>\n<p>&nbsp;<\/p>\n<p>&nbsp;<\/p>\n<p>&nbsp;<\/p>\n<p>Al respecto, destac\u00f3 que hoy se han despertado voces para disminuir y hasta suprimir el financiamiento p\u00fablico para transitar al privado, debido a las quejas por el gasto de los institutos pol\u00edticos.<\/p>\n<p>&nbsp;<\/p>\n<p>&nbsp;<\/p>\n<p>&nbsp;<\/p>\n<p>Se\u00f1al\u00f3 que esas voces exponen el financiamiento p\u00fablico \u201ccomo el origen de los grandes males sociales en nuestro pa\u00eds\u201d, al prevalecer la idea de que la entrega del dinero no soluciona nada para la sociedad; sin embargo, el financiamiento p\u00fablico le da certeza y equidad a la democracia mexicana.<\/p>\n<p>&nbsp;<\/p>\n<p>&nbsp;<\/p>\n<p>&nbsp;<\/p>\n<p>La obra \u201cEl precio de la democracia\u201d, de Julia Cag\u00e9, acad\u00e9mica e investigadora de la Universidad de Paris, estudia el v\u00ednculo entre la democracia y el dinero; es decir, entre el mercado y la pol\u00edtica, y critica su financiamiento, por lo que invita a repensar la democracia, expuso Guillaume Boccara, Agregado de Cooperaci\u00f3n Universitaria de la Embajada de Francia en M\u00e9xico.<\/p>\n<p>&nbsp;<\/p>\n<p>&nbsp;<\/p>\n<p>&nbsp;<\/p>\n<p>De manera virtual, el funcionario franc\u00e9s detall\u00f3 que la obra revela c\u00f3mo el dinero socava las funciones de la democracia en la organizaci\u00f3n de las elecciones, la emisi\u00f3n del voto, la libertad de expresi\u00f3n, las donaciones y los medios de comunicaci\u00f3n, entre otros.<\/p>\n<p>&nbsp;<\/p>\n<p>&nbsp;<\/p>\n<p>&nbsp;<\/p>\n<p>Adem\u00e1s, el texto puntualiza que la democracia se encuentra carcomida por la importancia de los think taks, (pensadores) ya que ofrecen una representaci\u00f3n de la realidad que financia el poder, por medios de comunicaci\u00f3n cada vez m\u00e1s dominados por grandes empresarios y el ingreso al financiamiento privado a los actores pol\u00edticos y los candidatos.<\/p>\n<p>&nbsp;<\/p>\n<p>&nbsp;<\/p>\n<p>&nbsp;<\/p>\n<p>En la moderaci\u00f3n de la mesa, el periodista Ernesto N\u00fa\u00f1ez resalt\u00f3 que en la democracia actual el financiamiento a las campa\u00f1as pol\u00edticas y la verdad se han convertido en temas fundamentales para el funcionamiento de las democracias actuales.<\/p>\n<p>&nbsp;<\/p>\n<p>&nbsp;<\/p>\n<p>&nbsp;<\/p>\n<p>\u201cEl precio de la democracia\u201d, es una coedici\u00f3n entre el INE y la editora Grano de Sal.<\/p>\n<p>&nbsp;<\/p>\n<p>&nbsp;<\/p>\n<p>&nbsp;<\/p>\n<p>Las redes sociales no han democratizado el contenido de la informaci\u00f3n: Mart\u00edn Faz<\/p>\n<p>&nbsp;<\/p>\n<p>&nbsp;<\/p>\n<p>&nbsp;<\/p>\n<p>Al presentar la obra \u201cDemocracia y Verdad\u201d, de Sophia Rosenfelt, editada por el INE y el sello editorial Aguilar, el Consejero Mart\u00edn Faz enfatiz\u00f3 que las redes sociales no han democratizado el contenido de la informaci\u00f3n, ya que s\u00f3lo han creado bullas de informaci\u00f3n en donde predomina el chisme, la desinformaci\u00f3n y el odio, todo ello alentado por los poderes econ\u00f3micos.<\/p>\n<p>&nbsp;<\/p>\n<p>&nbsp;<\/p>\n<p>&nbsp;<\/p>\n<p>Destac\u00f3 que la postverdad se ha dispersado a lo largo y ancho del mundo, pero la autora concluye que esta situaci\u00f3n tiene que ver con el entretenimiento que penetr\u00f3 en el juego pol\u00edtico y en la vida democr\u00e1tica, generado por el libre mercado y la aparici\u00f3n de las empresas de redes sociales, que auspici\u00f3 un mundo disruptivo con problemas serios para la democracia.<\/p>\n<p>&nbsp;<\/p>\n<p>&nbsp;<\/p>\n<p>&nbsp;<\/p>\n<p>El Consejero coincidi\u00f3 con la autora sobre la necesidad de regular, fomentar las investigaciones periodistas como v\u00eda a la verdad y fortalecer las instituciones democr\u00e1ticas.<\/p>\n<p>&nbsp;<\/p>\n<p>&nbsp;<\/p>\n<p>&nbsp;<\/p>\n<p>En la introducci\u00f3n al texto, Claudia Vargas Bautista, Consejera del Consejo General del Instituto Electoral y de Participaci\u00f3n Ciudadana del Estado de Jalisco, describi\u00f3 que la obra relata los vaivenes hist\u00f3ricos de la democracia frente a la desinformaci\u00f3n conocida hoy como postverdad.<\/p>\n<p>&nbsp;<\/p>\n<p>&nbsp;<\/p>\n<p>&nbsp;<\/p>\n<p>En la agenda de los partidos pol\u00edticos hay ausencia de apoyo a las infancias y las adolescencias<\/p>\n<p>&nbsp;<\/p>\n<p>&nbsp;<\/p>\n<p>&nbsp;<\/p>\n<p>Al presentar el texto \u201cLa escucha y el cuidado: hacia nuevas formas de vinculaci\u00f3n con ni\u00f1as, ni\u00f1os y j\u00f3venes\u201d, Mart\u00edn Faz aludi\u00f3 a la obra como un di\u00e1logo con los resultados de la Consulta Infantil y Juvenil 2018, un ejercicio del INE que en s\u00ed mismo tiene un entorno especial porque no existe en el pa\u00eds algo similar.<\/p>\n<p>&nbsp;<\/p>\n<p>&nbsp;<\/p>\n<p>&nbsp;<\/p>\n<p>Los resultados de la Consulta 2018 son analizados en este trabajo por parte de especialistas y acad\u00e9micos de la Universidad Aut\u00f3noma Metropolitana (UAM) Unidad Xochimilco, quienes observaron que permanece la cultura de la adultocracia y los problemas sociales de anta\u00f1o que lastiman a la comunidad infantil y juvenil, acentu\u00f3.<\/p>\n<p>&nbsp;<\/p>\n<p>&nbsp;<\/p>\n<p>&nbsp;<\/p>\n<p>\u201cLas infancias y las adolescencias tienen ideas y problem\u00e1ticas propias que tienen soluciones distintas al adulcentrismo, lo cual no se visibiliza, a\u00fan se parte de la idea que estos sectores no est\u00e1n desarrollados y por tanto deben seguir tutelados y controlados sus derechos\u201d, apunt\u00f3.<\/p>\n<p>&nbsp;<\/p>\n<p>&nbsp;<\/p>\n<p>&nbsp;<\/p>\n<p>Destac\u00f3 que en las agendas de los partidos pol\u00edticos hay una ausencia de apoyo a las infancias y las adolescencias, incluso, dijo, los institutos pol\u00edticos los utilizan en su propaganda pol\u00edtica vulnerando en ocasiones sus derechos.<\/p>\n<p>&nbsp;<\/p>\n<p>&nbsp;<\/p>\n<p>&nbsp;<\/p>\n<p>Dentro del ramo de Obras Institucionales del INE, el texto plantea transformar el mundo adulto y las actitudes jerarquizadas para revertir las relaciones tradicionales entre ni\u00f1os y adultos, se\u00f1alaron las acad\u00e9micas Minerva G\u00f3mez Plata y Norma del R\u00edo.<\/p>\n<p>&nbsp;<\/p>\n<p>&nbsp;<\/p>\n<p>&nbsp;<\/p>\n<p>Las especialistas de la UAM concluyeron sobre la necesidad de romper la vinculaci\u00f3n tradicional, escuchar m\u00e1s a ni\u00f1as, ni\u00f1os y adolescentes y cuidar sus pensamientos, sus sentires y la formaci\u00f3n como ciudadanos.<\/p>\n<p>&nbsp;<\/p>\n<p>&nbsp;<\/p>\n<p>&nbsp;<\/p>\n<p>La obra cuestiona el lugar como adultos y llama a superar la dimensi\u00f3n paternalista y asistencialista que ha permeado la aplicaci\u00f3n de pol\u00edticas p\u00fablicas dirigidas hacia ellas y ellos.<\/p>\n<p>&nbsp;<\/p>\n<p>&nbsp;<\/p>\n<p>&nbsp;<\/p>\n<p>Finalmente, mencionaron la realidad preocupante para este sector, la violencia, la seguridad de los entornos, los estereotipos de g\u00e9nero, discriminaci\u00f3n, migraci\u00f3n, la vulneraci\u00f3n al sector infantil y juvenil de poblaciones ind\u00edgenas, por mencionar algunas.<\/p>\n<p>&nbsp;<\/p>\n<p>Fecha de publicaci\u00f3n viernes\/ 03 \/ diciembre\/ 2021 \/ CS No. 551<\/p>\n<p>&nbsp;<\/p>\n","protected":false},"excerpt":{"rendered":"<p>GUADALAJARA JALISCO,MX.\u2500\u2500Uuc-kib Espadas, Consejero del Instituto Nacional Electoral (INE), llam\u00f3 a partidos pol\u00edticos a aumentar&#8230;<\/p>\n","protected":false},"author":1,"featured_media":128863,"comment_status":"open","ping_status":"open","sticky":false,"template":"","format":"standard","meta":{"_monsterinsights_skip_tracking":false,"_monsterinsights_sitenote_active":false,"_monsterinsights_sitenote_note":"","_monsterinsights_sitenote_category":0,"footnotes":""},"categories":[5],"tags":[1247,268],"class_list":["post"],"yoast_head":" \n<title>Sonora en Equipo. Reducir financiamiento p\u00fablico a partidos pol\u00edticos no resolver\u00e1 los problemas del pa\u00eds: consejero Uuc-kib Espadas Rep\u00fablica<\/title>\n<meta name=\"description\" content=\"GUADALAJARA JALISCO,MX.\u2500\u2500Uuc-kib Espadas, Consejero del Instituto Nacional Electoral (INE), llam\u00f3 a partidos pol\u00edticos a aumentar el acceso a los cargos En Sonora en Equipo publicamos toda la informaci\u00f3n de Sonora, M\u00e9xico y el Mundo de manera oportuna y busca que la libertad de expresi\u00f3n sea real. Visita nuestro medio informativo publicado desde Hermosillo, Sonora. %\" \/>\n<meta name=\"robots\" content=\"index, follow, max-snippet:-1, max-image-preview:large, max-video-preview:-1\" \/>\n<link rel=\"canonical\" href=\"https:\/\/www.sonoraenequipo.com.mx\/reducir-financiamiento-publico-a-partidos-politicos-no-resolvera-los-problemas-del-pais-consejero-uuc-kib-espadas\/\" \/>\n<meta property=\"og:locale\" content=\"es_ES\" \/>\n<meta property=\"og:type\" content=\"article\" \/>\n<meta property=\"og:title\" content=\"Sonora en Equipo. Reducir financiamiento p\u00fablico a partidos pol\u00edticos no resolver\u00e1 los problemas del pa\u00eds: consejero Uuc-kib Espadas Rep\u00fablica\" \/>\n<meta property=\"og:description\" content=\"GUADALAJARA JALISCO,MX.\u2500\u2500Uuc-kib Espadas, Consejero del Instituto Nacional Electoral (INE), llam\u00f3 a partidos pol\u00edticos a aumentar el acceso a los cargos En Sonora en Equipo publicamos toda la informaci\u00f3n de Sonora, M\u00e9xico y el Mundo de manera oportuna y busca que la libertad de expresi\u00f3n sea real. Visita nuestro medio informativo publicado desde Hermosillo, Sonora. %\" \/>\n<meta property=\"og:url\" content=\"https:\/\/www.sonoraenequipo.com.mx\/reducir-financiamiento-publico-a-partidos-politicos-no-resolvera-los-problemas-del-pais-consejero-uuc-kib-espadas\/\" \/>\n<meta property=\"og:site_name\" content=\"Sonora en Equipo.\" \/>\n<meta property=\"article:publisher\" content=\"https:\/\/www.facebook.com\/SonoraEE\/\" \/>\n<meta property=\"article:author\" content=\"https:\/\/www.facebook.com\/SonoraEE\" \/>\n<meta property=\"article:published_time\" content=\"2021-12-03T23:18:36+00:00\" \/>\n<meta property=\"og:image\" content=\"https:\/\/www.sonoraenequipo.com.mx\/storage\/2021\/12\/ESPADAS.jpg\" \/>\n\t<meta property=\"og:image:width\" content=\"700\" \/>\n\t<meta property=\"og:image:height\" content=\"403\" \/>\n\t<meta property=\"og:image:type\" content=\"image\/jpeg\" \/>\n<meta name=\"author\" content=\"enequipo\" \/>\n<meta name=\"twitter:card\" content=\"summary_large_image\" \/>\n<meta name=\"twitter:creator\" content=\"@sonoraenequipo\" \/>\n<meta name=\"twitter:site\" content=\"@sonoraenequipo\" \/>\n<meta name=\"twitter:label1\" content=\"Escrito por\" \/>\n\t<meta name=\"twitter:data1\" content=\"enequipo\" \/>\n\t<meta name=\"twitter:label2\" content=\"Tiempo de lectura\" \/>\n\t<meta name=\"twitter:data2\" content=\"5 minutos\" \/>\n<script type=\"application\/ld+json\" class=\"yoast-schema-graph\">{\"@context\":\"https:\/\/schema.org\",\"@graph\":[{\"@type\":\"Article\",\"@id\":\"https:\/\/www.sonoraenequipo.com.mx\/reducir-financiamiento-publico-a-partidos-politicos-no-resolvera-los-problemas-del-pais-consejero-uuc-kib-espadas\/#article\",\"isPartOf\":{\"@id\":\"https:\/\/www.sonoraenequipo.com.mx\/reducir-financiamiento-publico-a-partidos-politicos-no-resolvera-los-problemas-del-pais-consejero-uuc-kib-espadas\/\"},\"author\":{\"name\":\"enequipo\",\"@id\":\"https:\/\/www.sonoraenequipo.com.mx\/#\/schema\/person\/50102df0fb23a8fa9e8effad8fa81386\"},\"headline\":\"Reducir financiamiento p\u00fablico a partidos pol\u00edticos no resolver\u00e1 los problemas del pa\u00eds: consejero Uuc-kib Espadas\",\"datePublished\":\"2021-12-03T23:18:36+00:00\",\"mainEntityOfPage\":{\"@id\":\"https:\/\/www.sonoraenequipo.com.mx\/reducir-financiamiento-publico-a-partidos-politicos-no-resolvera-los-problemas-del-pais-consejero-uuc-kib-espadas\/\"},\"wordCount\":1115,\"commentCount\":0,\"publisher\":{\"@id\":\"https:\/\/www.sonoraenequipo.com.mx\/#organization\"},\"image\":{\"@id\":\"https:\/\/www.sonoraenequipo.com.mx\/reducir-financiamiento-publico-a-partidos-politicos-no-resolvera-los-problemas-del-pais-consejero-uuc-kib-espadas\/#primaryimage\"},\"thumbnailUrl\":\"https:\/\/www.sonoraenequipo.com.mx\/storage\/2021\/12\/ESPADAS.jpg\",\"keywords\":[\"INE\",\"partidos\"],\"articleSection\":[\"Rep\u00fablica\"],\"inLanguage\":\"es\",\"potentialAction\":[{\"@type\":\"CommentAction\",\"name\":\"Comment\",\"target\":[\"https:\/\/www.sonoraenequipo.com.mx\/reducir-financiamiento-publico-a-partidos-politicos-no-resolvera-los-problemas-del-pais-consejero-uuc-kib-espadas\/#respond\"]}]},{\"@type\":\"WebPage\",\"@id\":\"https:\/\/www.sonoraenequipo.com.mx\/reducir-financiamiento-publico-a-partidos-politicos-no-resolvera-los-problemas-del-pais-consejero-uuc-kib-espadas\/\",\"url\":\"https:\/\/www.sonoraenequipo.com.mx\/reducir-financiamiento-publico-a-partidos-politicos-no-resolvera-los-problemas-del-pais-consejero-uuc-kib-espadas\/\",\"name\":\"Sonora en Equipo. Reducir financiamiento p\u00fablico a partidos pol\u00edticos no resolver\u00e1 los problemas del pa\u00eds: consejero Uuc-kib Espadas Rep\u00fablica\",\"isPartOf\":{\"@id\":\"https:\/\/www.sonoraenequipo.com.mx\/#website\"},\"primaryImageOfPage\":{\"@id\":\"https:\/\/www.sonoraenequipo.com.mx\/reducir-financiamiento-publico-a-partidos-politicos-no-resolvera-los-problemas-del-pais-consejero-uuc-kib-espadas\/#primaryimage\"},\"image\":{\"@id\":\"https:\/\/www.sonoraenequipo.com.mx\/reducir-financiamiento-publico-a-partidos-politicos-no-resolvera-los-problemas-del-pais-consejero-uuc-kib-espadas\/#primaryimage\"},\"thumbnailUrl\":\"https:\/\/www.sonoraenequipo.com.mx\/storage\/2021\/12\/ESPADAS.jpg\",\"datePublished\":\"2021-12-03T23:18:36+00:00\",\"description\":\"GUADALAJARA JALISCO,MX.\u2500\u2500Uuc-kib Espadas, Consejero del Instituto Nacional Electoral (INE), llam\u00f3 a partidos pol\u00edticos a aumentar el acceso a los cargos En Sonora en Equipo publicamos toda la informaci\u00f3n de Sonora, M\u00e9xico y el Mundo de manera oportuna y busca que la libertad de expresi\u00f3n sea real. Visita nuestro medio informativo publicado desde Hermosillo, Sonora. %\",\"breadcrumb\":{\"@id\":\"https:\/\/www.sonoraenequipo.com.mx\/reducir-financiamiento-publico-a-partidos-politicos-no-resolvera-los-problemas-del-pais-consejero-uuc-kib-espadas\/#breadcrumb\"},\"inLanguage\":\"es\",\"potentialAction\":[{\"@type\":\"ReadAction\",\"target\":[\"https:\/\/www.sonoraenequipo.com.mx\/reducir-financiamiento-publico-a-partidos-politicos-no-resolvera-los-problemas-del-pais-consejero-uuc-kib-espadas\/\"]}]},{\"@type\":\"ImageObject\",\"inLanguage\":\"es\",\"@id\":\"https:\/\/www.sonoraenequipo.com.mx\/reducir-financiamiento-publico-a-partidos-politicos-no-resolvera-los-problemas-del-pais-consejero-uuc-kib-espadas\/#primaryimage\",\"url\":\"https:\/\/www.sonoraenequipo.com.mx\/storage\/2021\/12\/ESPADAS.jpg\",\"contentUrl\":\"https:\/\/www.sonoraenequipo.com.mx\/storage\/2021\/12\/ESPADAS.jpg\",\"width\":700,\"height\":403},{\"@type\":\"BreadcrumbList\",\"@id\":\"https:\/\/www.sonoraenequipo.com.mx\/reducir-financiamiento-publico-a-partidos-politicos-no-resolvera-los-problemas-del-pais-consejero-uuc-kib-espadas\/#breadcrumb\",\"itemListElement\":[{\"@type\":\"ListItem\",\"position\":1,\"name\":\"Portada\",\"item\":\"https:\/\/www.sonoraenequipo.com.mx\/\"},{\"@type\":\"ListItem\",\"position\":2,\"name\":\"Reducir financiamiento p\u00fablico a partidos pol\u00edticos no resolver\u00e1 los problemas del pa\u00eds: consejero Uuc-kib Espadas\"}]},{\"@type\":\"WebSite\",\"@id\":\"https:\/\/www.sonoraenequipo.com.mx\/#website\",\"url\":\"https:\/\/www.sonoraenequipo.com.mx\/\",\"name\":\"Sonora en Equipo.\",\"description\":\"Diario en l\u00ednea con Noticias desde Hermosillo, Sonora\",\"publisher\":{\"@id\":\"https:\/\/www.sonoraenequipo.com.mx\/#organization\"},\"potentialAction\":[{\"@type\":\"SearchAction\",\"target\":{\"@type\":\"EntryPoint\",\"urlTemplate\":\"https:\/\/www.sonoraenequipo.com.mx\/?s={search_term_string}\"},\"query-input\":{\"@type\":\"PropertyValueSpecification\",\"valueRequired\":true,\"valueName\":\"search_term_string\"}}],\"inLanguage\":\"es\"},{\"@type\":\"Organization\",\"@id\":\"https:\/\/www.sonoraenequipo.com.mx\/#organization\",\"name\":\"Sonoraenequipo.com.mx\",\"url\":\"https:\/\/www.sonoraenequipo.com.mx\/\",\"logo\":{\"@type\":\"ImageObject\",\"inLanguage\":\"es\",\"@id\":\"https:\/\/www.sonoraenequipo.com.mx\/#\/schema\/logo\/image\/\",\"url\":\"https:\/\/www.sonoraenequipo.com.mx\/storage\/2019\/01\/sonoraenequipo_opt.png\",\"contentUrl\":\"https:\/\/www.sonoraenequipo.com.mx\/storage\/2019\/01\/sonoraenequipo_opt.png\",\"width\":375,\"height\":125,\"caption\":\"Sonoraenequipo.com.mx\"},\"image\":{\"@id\":\"https:\/\/www.sonoraenequipo.com.mx\/#\/schema\/logo\/image\/\"},\"sameAs\":[\"https:\/\/www.facebook.com\/SonoraEE\/\",\"https:\/\/x.com\/sonoraenequipo\",\"https:\/\/www.youtube.com\/channel\/UC338nW-lPEYmJQs4ZABQ1SQ\"]},{\"@type\":\"Person\",\"@id\":\"https:\/\/www.sonoraenequipo.com.mx\/#\/schema\/person\/50102df0fb23a8fa9e8effad8fa81386\",\"name\":\"enequipo\",\"image\":{\"@type\":\"ImageObject\",\"inLanguage\":\"es\",\"@id\":\"https:\/\/www.sonoraenequipo.com.mx\/#\/schema\/person\/image\/\",\"url\":\"https:\/\/secure.gravatar.com\/avatar\/049821681b589dabc0bc20695993ccebb09f5b5d4d790cd9251b97faac7c652b?s=96&d=blank&r=g\",\"contentUrl\":\"https:\/\/secure.gravatar.com\/avatar\/049821681b589dabc0bc20695993ccebb09f5b5d4d790cd9251b97faac7c652b?s=96&d=blank&r=g\",\"caption\":\"enequipo\"},\"sameAs\":[\"https:\/\/www.facebook.com\/SonoraEE\"]}]}<\/script>\n ","yoast_head_json":{"title":"Sonora en Equipo. Reducir financiamiento p\u00fablico a partidos pol\u00edticos no resolver\u00e1 los problemas del pa\u00eds: consejero Uuc-kib Espadas Rep\u00fablica","description":"GUADALAJARA JALISCO,MX.\u2500\u2500Uuc-kib Espadas, Consejero del Instituto Nacional Electoral (INE), llam\u00f3 a partidos pol\u00edticos a aumentar el acceso a los cargos En Sonora en Equipo publicamos toda la informaci\u00f3n de Sonora, M\u00e9xico y el Mundo de manera oportuna y busca que la libertad de expresi\u00f3n sea real. Visita nuestro medio informativo publicado desde Hermosillo, Sonora. %","robots":{"index":"index","follow":"follow","max-snippet":"max-snippet:-1","max-image-preview":"max-image-preview:large","max-video-preview":"max-video-preview:-1"},"canonical":"https:\/\/www.sonoraenequipo.com.mx\/reducir-financiamiento-publico-a-partidos-politicos-no-resolvera-los-problemas-del-pais-consejero-uuc-kib-espadas\/","og_locale":"es_ES","og_type":"article","og_title":"Sonora en Equipo. Reducir financiamiento p\u00fablico a partidos pol\u00edticos no resolver\u00e1 los problemas del pa\u00eds: consejero Uuc-kib Espadas Rep\u00fablica","og_description":"GUADALAJARA JALISCO,MX.\u2500\u2500Uuc-kib Espadas, Consejero del Instituto Nacional Electoral (INE), llam\u00f3 a partidos pol\u00edticos a aumentar el acceso a los cargos En Sonora en Equipo publicamos toda la informaci\u00f3n de Sonora, M\u00e9xico y el Mundo de manera oportuna y busca que la libertad de expresi\u00f3n sea real. Visita nuestro medio informativo publicado desde Hermosillo, Sonora. %","og_url":"https:\/\/www.sonoraenequipo.com.mx\/reducir-financiamiento-publico-a-partidos-politicos-no-resolvera-los-problemas-del-pais-consejero-uuc-kib-espadas\/","og_site_name":"Sonora en Equipo.","article_publisher":"https:\/\/www.facebook.com\/SonoraEE\/","article_author":"https:\/\/www.facebook.com\/SonoraEE","article_published_time":"2021-12-03T23:18:36+00:00","og_image":[{"width":700,"height":403,"url":"https:\/\/www.sonoraenequipo.com.mx\/storage\/2021\/12\/ESPADAS.jpg","type":"image\/jpeg"}],"author":"enequipo","twitter_card":"summary_large_image","twitter_creator":"@sonoraenequipo","twitter_site":"@sonoraenequipo","twitter_misc":{"Escrito por":"enequipo","Tiempo de lectura":"5 minutos"},"schema":{"@context":"https:\/\/schema.org","@graph":[{"@type":"Article","@id":"https:\/\/www.sonoraenequipo.com.mx\/reducir-financiamiento-publico-a-partidos-politicos-no-resolvera-los-problemas-del-pais-consejero-uuc-kib-espadas\/#article","isPartOf":{"@id":"https:\/\/www.sonoraenequipo.com.mx\/reducir-financiamiento-publico-a-partidos-politicos-no-resolvera-los-problemas-del-pais-consejero-uuc-kib-espadas\/"},"author":{"name":"enequipo","@id":"https:\/\/www.sonoraenequipo.com.mx\/#\/schema\/person\/50102df0fb23a8fa9e8effad8fa81386"},"headline":"Reducir financiamiento p\u00fablico a partidos pol\u00edticos no resolver\u00e1 los problemas del pa\u00eds: consejero Uuc-kib Espadas","datePublished":"2021-12-03T23:18:36+00:00","mainEntityOfPage":{"@id":"https:\/\/www.sonoraenequipo.com.mx\/reducir-financiamiento-publico-a-partidos-politicos-no-resolvera-los-problemas-del-pais-consejero-uuc-kib-espadas\/"},"wordCount":1115,"commentCount":0,"publisher":{"@id":"https:\/\/www.sonoraenequipo.com.mx\/#organization"},"image":{"@id":"https:\/\/www.sonoraenequipo.com.mx\/reducir-financiamiento-publico-a-partidos-politicos-no-resolvera-los-problemas-del-pais-consejero-uuc-kib-espadas\/#primaryimage"},"thumbnailUrl":"https:\/\/www.sonoraenequipo.com.mx\/storage\/2021\/12\/ESPADAS.jpg","keywords":["INE","partidos"],"articleSection":["Rep\u00fablica"],"inLanguage":"es","potentialAction":[{"@type":"CommentAction","name":"Comment","target":["https:\/\/www.sonoraenequipo.com.mx\/reducir-financiamiento-publico-a-partidos-politicos-no-resolvera-los-problemas-del-pais-consejero-uuc-kib-espadas\/#respond"]}]},{"@type":"WebPage","@id":"https:\/\/www.sonoraenequipo.com.mx\/reducir-financiamiento-publico-a-partidos-politicos-no-resolvera-los-problemas-del-pais-consejero-uuc-kib-espadas\/","url":"https:\/\/www.sonoraenequipo.com.mx\/reducir-financiamiento-publico-a-partidos-politicos-no-resolvera-los-problemas-del-pais-consejero-uuc-kib-espadas\/","name":"Sonora en Equipo. Reducir financiamiento p\u00fablico a partidos pol\u00edticos no resolver\u00e1 los problemas del pa\u00eds: consejero Uuc-kib Espadas Rep\u00fablica","isPartOf":{"@id":"https:\/\/www.sonoraenequipo.com.mx\/#website"},"primaryImageOfPage":{"@id":"https:\/\/www.sonoraenequipo.com.mx\/reducir-financiamiento-publico-a-partidos-politicos-no-resolvera-los-problemas-del-pais-consejero-uuc-kib-espadas\/#primaryimage"},"image":{"@id":"https:\/\/www.sonoraenequipo.com.mx\/reducir-financiamiento-publico-a-partidos-politicos-no-resolvera-los-problemas-del-pais-consejero-uuc-kib-espadas\/#primaryimage"},"thumbnailUrl":"https:\/\/www.sonoraenequipo.com.mx\/storage\/2021\/12\/ESPADAS.jpg","datePublished":"2021-12-03T23:18:36+00:00","description":"GUADALAJARA JALISCO,MX.\u2500\u2500Uuc-kib Espadas, Consejero del Instituto Nacional Electoral (INE), llam\u00f3 a partidos pol\u00edticos a aumentar el acceso a los cargos En Sonora en Equipo publicamos toda la informaci\u00f3n de Sonora, M\u00e9xico y el Mundo de manera oportuna y busca que la libertad de expresi\u00f3n sea real. Visita nuestro medio informativo publicado desde Hermosillo, Sonora. %","breadcrumb":{"@id":"https:\/\/www.sonoraenequipo.com.mx\/reducir-financiamiento-publico-a-partidos-politicos-no-resolvera-los-problemas-del-pais-consejero-uuc-kib-espadas\/#breadcrumb"},"inLanguage":"es","potentialAction":[{"@type":"ReadAction","target":["https:\/\/www.sonoraenequipo.com.mx\/reducir-financiamiento-publico-a-partidos-politicos-no-resolvera-los-problemas-del-pais-consejero-uuc-kib-espadas\/"]}]},{"@type":"ImageObject","inLanguage":"es","@id":"https:\/\/www.sonoraenequipo.com.mx\/reducir-financiamiento-publico-a-partidos-politicos-no-resolvera-los-problemas-del-pais-consejero-uuc-kib-espadas\/#primaryimage","url":"https:\/\/www.sonoraenequipo.com.mx\/storage\/2021\/12\/ESPADAS.jpg","contentUrl":"https:\/\/www.sonoraenequipo.com.mx\/storage\/2021\/12\/ESPADAS.jpg","width":700,"height":403},{"@type":"BreadcrumbList","@id":"https:\/\/www.sonoraenequipo.com.mx\/reducir-financiamiento-publico-a-partidos-politicos-no-resolvera-los-problemas-del-pais-consejero-uuc-kib-espadas\/#breadcrumb","itemListElement":[{"@type":"ListItem","position":1,"name":"Portada","item":"https:\/\/www.sonoraenequipo.com.mx\/"},{"@type":"ListItem","position":2,"name":"Reducir financiamiento p\u00fablico a partidos pol\u00edticos no resolver\u00e1 los problemas del pa\u00eds: consejero Uuc-kib Espadas"}]},{"@type":"WebSite","@id":"https:\/\/www.sonoraenequipo.com.mx\/#website","url":"https:\/\/www.sonoraenequipo.com.mx\/","name":"Sonora en Equipo.","description":"Diario en l\u00ednea con Noticias desde Hermosillo, Sonora","publisher":{"@id":"https:\/\/www.sonoraenequipo.com.mx\/#organization"},"potentialAction":[{"@type":"SearchAction","target":{"@type":"EntryPoint","urlTemplate":"https:\/\/www.sonoraenequipo.com.mx\/?s={search_term_string}"},"query-input":{"@type":"PropertyValueSpecification","valueRequired":true,"valueName":"search_term_string"}}],"inLanguage":"es"},{"@type":"Organization","@id":"https:\/\/www.sonoraenequipo.com.mx\/#organization","name":"Sonoraenequipo.com.mx","url":"https:\/\/www.sonoraenequipo.com.mx\/","logo":{"@type":"ImageObject","inLanguage":"es","@id":"https:\/\/www.sonoraenequipo.com.mx\/#\/schema\/logo\/image\/","url":"https:\/\/www.sonoraenequipo.com.mx\/storage\/2019\/01\/sonoraenequipo_opt.png","contentUrl":"https:\/\/www.sonoraenequipo.com.mx\/storage\/2019\/01\/sonoraenequipo_opt.png","width":375,"height":125,"caption":"Sonoraenequipo.com.mx"},"image":{"@id":"https:\/\/www.sonoraenequipo.com.mx\/#\/schema\/logo\/image\/"},"sameAs":["https:\/\/www.facebook.com\/SonoraEE\/","https:\/\/x.com\/sonoraenequipo","https:\/\/www.youtube.com\/channel\/UC338nW-lPEYmJQs4ZABQ1SQ"]},{"@type":"Person","@id":"https:\/\/www.sonoraenequipo.com.mx\/#\/schema\/person\/50102df0fb23a8fa9e8effad8fa81386","name":"enequipo","image":{"@type":"ImageObject","inLanguage":"es","@id":"https:\/\/www.sonoraenequipo.com.mx\/#\/schema\/person\/image\/","url":"https:\/\/secure.gravatar.com\/avatar\/049821681b589dabc0bc20695993ccebb09f5b5d4d790cd9251b97faac7c652b?s=96&d=blank&r=g","contentUrl":"https:\/\/secure.gravatar.com\/avatar\/049821681b589dabc0bc20695993ccebb09f5b5d4d790cd9251b97faac7c652b?s=96&d=blank&r=g","caption":"enequipo"},"sameAs":["https:\/\/www.facebook.com\/SonoraEE"]}]}},"jetpack_featured_media_url":"https:\/\/www.sonoraenequipo.com.mx\/storage\/2021\/12\/ESPADAS.jpg","_links":{"self":[{"href":"https:\/\/www.sonoraenequipo.com.mx\/api\/wp\/v2\/posts\/128862","targetHints":{"allow":["GET"]}}],"collection":[{"href":"https:\/\/www.sonoraenequipo.com.mx\/api\/wp\/v2\/posts"}],"about":[{"href":"https:\/\/www.sonoraenequipo.com.mx\/api\/wp\/v2\/types\/post"}],"author":[{"embeddable":true,"href":"https:\/\/www.sonoraenequipo.com.mx\/api\/wp\/v2\/users\/1"}],"replies":[{"embeddable":true,"href":"https:\/\/www.sonoraenequipo.com.mx\/api\/wp\/v2\/comments?post=128862"}],"version-history":[{"count":1,"href":"https:\/\/www.sonoraenequipo.com.mx\/api\/wp\/v2\/posts\/128862\/revisions"}],"predecessor-version":[{"id":128864,"href":"https:\/\/www.sonoraenequipo.com.mx\/api\/wp\/v2\/posts\/128862\/revisions\/128864"}],"wp:featuredmedia":[{"embeddable":true,"href":"https:\/\/www.sonoraenequipo.com.mx\/api\/wp\/v2\/media\/128863"}],"wp:attachment":[{"href":"https:\/\/www.sonoraenequipo.com.mx\/api\/wp\/v2\/media?parent=128862"}],"wp:term":[{"taxonomy":"category","embeddable":true,"href":"https:\/\/www.sonoraenequipo.com.mx\/api\/wp\/v2\/categories?post=128862"},{"taxonomy":"post_tag","embeddable":true,"href":"https:\/\/www.sonoraenequipo.com.mx\/api\/wp\/v2\/tags?post=128862"}],"curies":[{"name":"wp","href":"https:\/\/api.w.org\/{rel}","templated":true}]}}