{"id":128871,"date":"2021-12-03T21:18:52","date_gmt":"2021-12-04T04:18:52","guid":{"rendered":"https:\/\/www.sonoraenequipo.com.mx\/?p=128871"},"modified":"2021-12-03T21:18:52","modified_gmt":"2021-12-04T04:18:52","slug":"presenta-el-isj-jurado-que-nombrara-a-ganadores-del-premio-estatal-de-la-juventud-2021","status":"publish","type":"post","link":"https:\/\/www.sonoraenequipo.com.mx\/presenta-el-isj-jurado-que-nombrara-a-ganadores-del-premio-estatal-de-la-juventud-2021\/","title":{"rendered":"Presenta el ISJ jurado que nombrar\u00e1 a ganadores del Premio Estatal de la Juventud 2021"},"content":{"rendered":"<p>Hermosillo, Sonora; 2 de diciembre de 2021.- Con la intenci\u00f3n de crear un acercamiento entre jurado calificador y participantes, a fin de dar a conocer la din\u00e1mica de selecci\u00f3n y transparentar el ejercicio, la directora del Instituto Sonorense de la Juventud (ISJ), Rebeca Valenzuela \u00c1lvarez, present\u00f3 ante personalidades y los m\u00e1s de 100 aspirantes al Premio Estatal de la Juventud 2021 (PEJ 2021) al jurado que seleccionar\u00e1 a los ganadores de cada una de las 11 categor\u00edas.<\/p>\n<p>&nbsp;<\/p>\n<p>En este acto, Valenzuela \u00c1lvarez estuvo acompa\u00f1ada por Karla Paulina Oca\u00f1a Encinas, directora general de Telemax; Tirso Amante Jerez, director general de Radio Sonora; Lizbeth Guti\u00e9rrez Obeso, directora de Estudios y Evaluaciones de la Secretar\u00eda de Desarrollo Social y representante de la secretaria Wendy Brice\u00f1o Zuloaga, y C\u00e9sar Gioberti Catal\u00e1n Dibene, director general del Consejo Estatal de Poblaci\u00f3n, en representaci\u00f3n del secretario de Gobierno, \u00c1lvaro Bracamontes Sierra.<\/p>\n<p>&nbsp;<\/p>\n<p>Las categor\u00edas en las que compiten los m\u00e1s de 100 j\u00f3venes participantes son: Logro acad\u00e9mico, logro cient\u00edfico o tecnol\u00f3gico; Expresiones art\u00edsticas y Artes populares; Compromiso social; Fortalecimiento a la cultura ind\u00edgena; Protecci\u00f3n al ambiente y protecci\u00f3n animal; Ingenio emprendedor; Discapacidad e integraci\u00f3n; Aportaci\u00f3n a la cultura pol\u00edtica, la democracia y los derechos humanos; Logro y trayectoria deportiva; y por \u00faltimo, Prospecto juvenil acad\u00e9mico y deportivo, categor\u00eda solo para aspirantes entre los 12 y los 18 a\u00f1os.<\/p>\n<p>&nbsp;<\/p>\n<p>De manera presencial se reunieron los 22 jueces con las personalidades invitadas del pres\u00eddium en el Centro de Usos M\u00faltiples del ISJ, donde se present\u00f3 su curr\u00edculum de manera virtual a los m\u00e1s de 100 j\u00f3venes inscritos, para darle certeza y transparencia a la evaluaci\u00f3n final.<\/p>\n<p>&nbsp;<\/p>\n<p>El jurado qued\u00f3 integrado por dos jueces para cada una de las 11 categor\u00edas, personalidades con experiencia probada y que gozan del reconocimiento p\u00fablico debido a sus trayectorias en cada ramo, y que con base en la din\u00e1mica de selecci\u00f3n obtendr\u00e1n a los ganadores en la edici\u00f3n 2021 del Premio.<\/p>\n<p>&nbsp;<\/p>\n<p>\u201cDebemos agradecer a todos los pap\u00e1s, mam\u00e1s, hermanos y familia en general que han brindado un acompa\u00f1amiento a los j\u00f3venes para estar participando en el premio, j\u00f3venes talentos que son nuestros j\u00f3venes del futuro y estamos seguros que ser\u00e1n los profesionales del ma\u00f1ana del cual todo Sonora se sentir\u00e1 orgulloso. Son j\u00f3venes que creen, j\u00f3venes que hacen, j\u00f3venes que buscan la manera y lo mas importante, j\u00f3venes que crean las condiciones para enfrentar un nuevo futuro, y eso es digno de reconocer.\u201d expres\u00f3 la Directora del ISJ, Rebeca Valenzuela.<\/p>\n<p>&nbsp;<\/p>\n<p>&nbsp;<\/p>\n<p>Por su parte las personalidades invitadas del pres\u00eddium coincidieron en recordar a los participantes del premio sobre la importancia que como j\u00f3venes deben mantenerse firmes en sus convicciones y nunca rendirse en la lucha por sus objetivos.<\/p>\n<p>&nbsp;<\/p>\n<p>&nbsp;<\/p>\n<p>Una vez que los jueces dicten su veredicto de los dos finalistas por categor\u00eda, se pasar\u00e1 a la etapa final, donde se determinar\u00e1 de manera colegiada quienes ser\u00edan los ganadores del primer y segundo lugar.<\/p>\n<p>Fecha de publicaci\u00f3n viernes\/ 03 \/ diciembre\/ 2021<\/p>\n","protected":false},"excerpt":{"rendered":"<p>Hermosillo, Sonora; 2 de diciembre de 2021.- Con la intenci\u00f3n de crear un acercamiento entre&#8230;<\/p>\n","protected":false},"author":1,"featured_media":128872,"comment_status":"open","ping_status":"open","sticky":false,"template":"","format":"standard","meta":{"_monsterinsights_skip_tracking":false,"_monsterinsights_sitenote_active":false,"_monsterinsights_sitenote_note":"","_monsterinsights_sitenote_category":0,"footnotes":""},"categories":[22],"tags":[3896,6466],"class_list":["post"],"yoast_head":" \n<title>Sonora en Equipo. Presenta el ISJ jurado que nombrar\u00e1 a ganadores del Premio Estatal de la Juventud 2021 Sonora<\/title>\n<meta name=\"description\" content=\"Hermosillo, Sonora; 2 de diciembre de 2021.- Con la intenci\u00f3n de crear un acercamiento entre jurado calificador y participantes, a fin de dar a conocer la En Sonora en Equipo publicamos toda la informaci\u00f3n de Sonora, M\u00e9xico y el Mundo de manera oportuna y busca que la libertad de expresi\u00f3n sea real. Visita nuestro medio informativo publicado desde Hermosillo, Sonora. %\" \/>\n<meta name=\"robots\" content=\"index, follow, max-snippet:-1, max-image-preview:large, max-video-preview:-1\" \/>\n<link rel=\"canonical\" href=\"https:\/\/www.sonoraenequipo.com.mx\/presenta-el-isj-jurado-que-nombrara-a-ganadores-del-premio-estatal-de-la-juventud-2021\/\" \/>\n<meta property=\"og:locale\" content=\"es_ES\" \/>\n<meta property=\"og:type\" content=\"article\" \/>\n<meta property=\"og:title\" content=\"Sonora en Equipo. Presenta el ISJ jurado que nombrar\u00e1 a ganadores del Premio Estatal de la Juventud 2021 Sonora\" \/>\n<meta property=\"og:description\" content=\"Hermosillo, Sonora; 2 de diciembre de 2021.- Con la intenci\u00f3n de crear un acercamiento entre jurado calificador y participantes, a fin de dar a conocer la En Sonora en Equipo publicamos toda la informaci\u00f3n de Sonora, M\u00e9xico y el Mundo de manera oportuna y busca que la libertad de expresi\u00f3n sea real. Visita nuestro medio informativo publicado desde Hermosillo, Sonora. %\" \/>\n<meta property=\"og:url\" content=\"https:\/\/www.sonoraenequipo.com.mx\/presenta-el-isj-jurado-que-nombrara-a-ganadores-del-premio-estatal-de-la-juventud-2021\/\" \/>\n<meta property=\"og:site_name\" content=\"Sonora en Equipo.\" \/>\n<meta property=\"article:publisher\" content=\"https:\/\/www.facebook.com\/SonoraEE\/\" \/>\n<meta property=\"article:author\" content=\"https:\/\/www.facebook.com\/SonoraEE\" \/>\n<meta property=\"article:published_time\" content=\"2021-12-04T04:18:52+00:00\" \/>\n<meta property=\"og:image\" content=\"https:\/\/www.sonoraenequipo.com.mx\/storage\/2021\/12\/isj-jurado.jpg\" \/>\n\t<meta property=\"og:image:width\" content=\"700\" \/>\n\t<meta property=\"og:image:height\" content=\"400\" \/>\n\t<meta property=\"og:image:type\" content=\"image\/jpeg\" \/>\n<meta name=\"author\" content=\"enequipo\" \/>\n<meta name=\"twitter:card\" content=\"summary_large_image\" \/>\n<meta name=\"twitter:creator\" content=\"@sonoraenequipo\" \/>\n<meta name=\"twitter:site\" content=\"@sonoraenequipo\" \/>\n<meta name=\"twitter:label1\" content=\"Escrito por\" \/>\n\t<meta name=\"twitter:data1\" content=\"enequipo\" \/>\n\t<meta name=\"twitter:label2\" content=\"Tiempo de lectura\" \/>\n\t<meta name=\"twitter:data2\" content=\"3 minutos\" \/>\n<script type=\"application\/ld+json\" class=\"yoast-schema-graph\">{\"@context\":\"https:\/\/schema.org\",\"@graph\":[{\"@type\":\"Article\",\"@id\":\"https:\/\/www.sonoraenequipo.com.mx\/presenta-el-isj-jurado-que-nombrara-a-ganadores-del-premio-estatal-de-la-juventud-2021\/#article\",\"isPartOf\":{\"@id\":\"https:\/\/www.sonoraenequipo.com.mx\/presenta-el-isj-jurado-que-nombrara-a-ganadores-del-premio-estatal-de-la-juventud-2021\/\"},\"author\":{\"name\":\"enequipo\",\"@id\":\"https:\/\/www.sonoraenequipo.com.mx\/#\/schema\/person\/50102df0fb23a8fa9e8effad8fa81386\"},\"headline\":\"Presenta el ISJ jurado que nombrar\u00e1 a ganadores del Premio Estatal de la Juventud 2021\",\"datePublished\":\"2021-12-04T04:18:52+00:00\",\"mainEntityOfPage\":{\"@id\":\"https:\/\/www.sonoraenequipo.com.mx\/presenta-el-isj-jurado-que-nombrara-a-ganadores-del-premio-estatal-de-la-juventud-2021\/\"},\"wordCount\":552,\"commentCount\":0,\"publisher\":{\"@id\":\"https:\/\/www.sonoraenequipo.com.mx\/#organization\"},\"image\":{\"@id\":\"https:\/\/www.sonoraenequipo.com.mx\/presenta-el-isj-jurado-que-nombrara-a-ganadores-del-premio-estatal-de-la-juventud-2021\/#primaryimage\"},\"thumbnailUrl\":\"https:\/\/www.sonoraenequipo.com.mx\/storage\/2021\/12\/isj-jurado.jpg\",\"keywords\":[\"2021\",\"premio estatal juventud\"],\"articleSection\":[\"Sonora\"],\"inLanguage\":\"es\",\"potentialAction\":[{\"@type\":\"CommentAction\",\"name\":\"Comment\",\"target\":[\"https:\/\/www.sonoraenequipo.com.mx\/presenta-el-isj-jurado-que-nombrara-a-ganadores-del-premio-estatal-de-la-juventud-2021\/#respond\"]}]},{\"@type\":\"WebPage\",\"@id\":\"https:\/\/www.sonoraenequipo.com.mx\/presenta-el-isj-jurado-que-nombrara-a-ganadores-del-premio-estatal-de-la-juventud-2021\/\",\"url\":\"https:\/\/www.sonoraenequipo.com.mx\/presenta-el-isj-jurado-que-nombrara-a-ganadores-del-premio-estatal-de-la-juventud-2021\/\",\"name\":\"Sonora en Equipo. Presenta el ISJ jurado que nombrar\u00e1 a ganadores del Premio Estatal de la Juventud 2021 Sonora\",\"isPartOf\":{\"@id\":\"https:\/\/www.sonoraenequipo.com.mx\/#website\"},\"primaryImageOfPage\":{\"@id\":\"https:\/\/www.sonoraenequipo.com.mx\/presenta-el-isj-jurado-que-nombrara-a-ganadores-del-premio-estatal-de-la-juventud-2021\/#primaryimage\"},\"image\":{\"@id\":\"https:\/\/www.sonoraenequipo.com.mx\/presenta-el-isj-jurado-que-nombrara-a-ganadores-del-premio-estatal-de-la-juventud-2021\/#primaryimage\"},\"thumbnailUrl\":\"https:\/\/www.sonoraenequipo.com.mx\/storage\/2021\/12\/isj-jurado.jpg\",\"datePublished\":\"2021-12-04T04:18:52+00:00\",\"description\":\"Hermosillo, Sonora; 2 de diciembre de 2021.- Con la intenci\u00f3n de crear un acercamiento entre jurado calificador y participantes, a fin de dar a conocer la En Sonora en Equipo publicamos toda la informaci\u00f3n de Sonora, M\u00e9xico y el Mundo de manera oportuna y busca que la libertad de expresi\u00f3n sea real. Visita nuestro medio informativo publicado desde Hermosillo, Sonora. %\",\"breadcrumb\":{\"@id\":\"https:\/\/www.sonoraenequipo.com.mx\/presenta-el-isj-jurado-que-nombrara-a-ganadores-del-premio-estatal-de-la-juventud-2021\/#breadcrumb\"},\"inLanguage\":\"es\",\"potentialAction\":[{\"@type\":\"ReadAction\",\"target\":[\"https:\/\/www.sonoraenequipo.com.mx\/presenta-el-isj-jurado-que-nombrara-a-ganadores-del-premio-estatal-de-la-juventud-2021\/\"]}]},{\"@type\":\"ImageObject\",\"inLanguage\":\"es\",\"@id\":\"https:\/\/www.sonoraenequipo.com.mx\/presenta-el-isj-jurado-que-nombrara-a-ganadores-del-premio-estatal-de-la-juventud-2021\/#primaryimage\",\"url\":\"https:\/\/www.sonoraenequipo.com.mx\/storage\/2021\/12\/isj-jurado.jpg\",\"contentUrl\":\"https:\/\/www.sonoraenequipo.com.mx\/storage\/2021\/12\/isj-jurado.jpg\",\"width\":700,\"height\":400},{\"@type\":\"BreadcrumbList\",\"@id\":\"https:\/\/www.sonoraenequipo.com.mx\/presenta-el-isj-jurado-que-nombrara-a-ganadores-del-premio-estatal-de-la-juventud-2021\/#breadcrumb\",\"itemListElement\":[{\"@type\":\"ListItem\",\"position\":1,\"name\":\"Portada\",\"item\":\"https:\/\/www.sonoraenequipo.com.mx\/\"},{\"@type\":\"ListItem\",\"position\":2,\"name\":\"Presenta el ISJ jurado que nombrar\u00e1 a ganadores del Premio Estatal de la Juventud 2021\"}]},{\"@type\":\"WebSite\",\"@id\":\"https:\/\/www.sonoraenequipo.com.mx\/#website\",\"url\":\"https:\/\/www.sonoraenequipo.com.mx\/\",\"name\":\"Sonora en Equipo.\",\"description\":\"Diario en l\u00ednea con Noticias desde Hermosillo, Sonora\",\"publisher\":{\"@id\":\"https:\/\/www.sonoraenequipo.com.mx\/#organization\"},\"potentialAction\":[{\"@type\":\"SearchAction\",\"target\":{\"@type\":\"EntryPoint\",\"urlTemplate\":\"https:\/\/www.sonoraenequipo.com.mx\/?s={search_term_string}\"},\"query-input\":{\"@type\":\"PropertyValueSpecification\",\"valueRequired\":true,\"valueName\":\"search_term_string\"}}],\"inLanguage\":\"es\"},{\"@type\":\"Organization\",\"@id\":\"https:\/\/www.sonoraenequipo.com.mx\/#organization\",\"name\":\"Sonoraenequipo.com.mx\",\"url\":\"https:\/\/www.sonoraenequipo.com.mx\/\",\"logo\":{\"@type\":\"ImageObject\",\"inLanguage\":\"es\",\"@id\":\"https:\/\/www.sonoraenequipo.com.mx\/#\/schema\/logo\/image\/\",\"url\":\"https:\/\/www.sonoraenequipo.com.mx\/storage\/2019\/01\/sonoraenequipo_opt.png\",\"contentUrl\":\"https:\/\/www.sonoraenequipo.com.mx\/storage\/2019\/01\/sonoraenequipo_opt.png\",\"width\":375,\"height\":125,\"caption\":\"Sonoraenequipo.com.mx\"},\"image\":{\"@id\":\"https:\/\/www.sonoraenequipo.com.mx\/#\/schema\/logo\/image\/\"},\"sameAs\":[\"https:\/\/www.facebook.com\/SonoraEE\/\",\"https:\/\/x.com\/sonoraenequipo\",\"https:\/\/www.youtube.com\/channel\/UC338nW-lPEYmJQs4ZABQ1SQ\"]},{\"@type\":\"Person\",\"@id\":\"https:\/\/www.sonoraenequipo.com.mx\/#\/schema\/person\/50102df0fb23a8fa9e8effad8fa81386\",\"name\":\"enequipo\",\"image\":{\"@type\":\"ImageObject\",\"inLanguage\":\"es\",\"@id\":\"https:\/\/www.sonoraenequipo.com.mx\/#\/schema\/person\/image\/\",\"url\":\"https:\/\/secure.gravatar.com\/avatar\/049821681b589dabc0bc20695993ccebb09f5b5d4d790cd9251b97faac7c652b?s=96&d=blank&r=g\",\"contentUrl\":\"https:\/\/secure.gravatar.com\/avatar\/049821681b589dabc0bc20695993ccebb09f5b5d4d790cd9251b97faac7c652b?s=96&d=blank&r=g\",\"caption\":\"enequipo\"},\"sameAs\":[\"https:\/\/www.facebook.com\/SonoraEE\"]}]}<\/script>\n ","yoast_head_json":{"title":"Sonora en Equipo. Presenta el ISJ jurado que nombrar\u00e1 a ganadores del Premio Estatal de la Juventud 2021 Sonora","description":"Hermosillo, Sonora; 2 de diciembre de 2021.- Con la intenci\u00f3n de crear un acercamiento entre jurado calificador y participantes, a fin de dar a conocer la En Sonora en Equipo publicamos toda la informaci\u00f3n de Sonora, M\u00e9xico y el Mundo de manera oportuna y busca que la libertad de expresi\u00f3n sea real. Visita nuestro medio informativo publicado desde Hermosillo, Sonora. %","robots":{"index":"index","follow":"follow","max-snippet":"max-snippet:-1","max-image-preview":"max-image-preview:large","max-video-preview":"max-video-preview:-1"},"canonical":"https:\/\/www.sonoraenequipo.com.mx\/presenta-el-isj-jurado-que-nombrara-a-ganadores-del-premio-estatal-de-la-juventud-2021\/","og_locale":"es_ES","og_type":"article","og_title":"Sonora en Equipo. Presenta el ISJ jurado que nombrar\u00e1 a ganadores del Premio Estatal de la Juventud 2021 Sonora","og_description":"Hermosillo, Sonora; 2 de diciembre de 2021.- Con la intenci\u00f3n de crear un acercamiento entre jurado calificador y participantes, a fin de dar a conocer la En Sonora en Equipo publicamos toda la informaci\u00f3n de Sonora, M\u00e9xico y el Mundo de manera oportuna y busca que la libertad de expresi\u00f3n sea real. Visita nuestro medio informativo publicado desde Hermosillo, Sonora. %","og_url":"https:\/\/www.sonoraenequipo.com.mx\/presenta-el-isj-jurado-que-nombrara-a-ganadores-del-premio-estatal-de-la-juventud-2021\/","og_site_name":"Sonora en Equipo.","article_publisher":"https:\/\/www.facebook.com\/SonoraEE\/","article_author":"https:\/\/www.facebook.com\/SonoraEE","article_published_time":"2021-12-04T04:18:52+00:00","og_image":[{"width":700,"height":400,"url":"https:\/\/www.sonoraenequipo.com.mx\/storage\/2021\/12\/isj-jurado.jpg","type":"image\/jpeg"}],"author":"enequipo","twitter_card":"summary_large_image","twitter_creator":"@sonoraenequipo","twitter_site":"@sonoraenequipo","twitter_misc":{"Escrito por":"enequipo","Tiempo de lectura":"3 minutos"},"schema":{"@context":"https:\/\/schema.org","@graph":[{"@type":"Article","@id":"https:\/\/www.sonoraenequipo.com.mx\/presenta-el-isj-jurado-que-nombrara-a-ganadores-del-premio-estatal-de-la-juventud-2021\/#article","isPartOf":{"@id":"https:\/\/www.sonoraenequipo.com.mx\/presenta-el-isj-jurado-que-nombrara-a-ganadores-del-premio-estatal-de-la-juventud-2021\/"},"author":{"name":"enequipo","@id":"https:\/\/www.sonoraenequipo.com.mx\/#\/schema\/person\/50102df0fb23a8fa9e8effad8fa81386"},"headline":"Presenta el ISJ jurado que nombrar\u00e1 a ganadores del Premio Estatal de la Juventud 2021","datePublished":"2021-12-04T04:18:52+00:00","mainEntityOfPage":{"@id":"https:\/\/www.sonoraenequipo.com.mx\/presenta-el-isj-jurado-que-nombrara-a-ganadores-del-premio-estatal-de-la-juventud-2021\/"},"wordCount":552,"commentCount":0,"publisher":{"@id":"https:\/\/www.sonoraenequipo.com.mx\/#organization"},"image":{"@id":"https:\/\/www.sonoraenequipo.com.mx\/presenta-el-isj-jurado-que-nombrara-a-ganadores-del-premio-estatal-de-la-juventud-2021\/#primaryimage"},"thumbnailUrl":"https:\/\/www.sonoraenequipo.com.mx\/storage\/2021\/12\/isj-jurado.jpg","keywords":["2021","premio estatal juventud"],"articleSection":["Sonora"],"inLanguage":"es","potentialAction":[{"@type":"CommentAction","name":"Comment","target":["https:\/\/www.sonoraenequipo.com.mx\/presenta-el-isj-jurado-que-nombrara-a-ganadores-del-premio-estatal-de-la-juventud-2021\/#respond"]}]},{"@type":"WebPage","@id":"https:\/\/www.sonoraenequipo.com.mx\/presenta-el-isj-jurado-que-nombrara-a-ganadores-del-premio-estatal-de-la-juventud-2021\/","url":"https:\/\/www.sonoraenequipo.com.mx\/presenta-el-isj-jurado-que-nombrara-a-ganadores-del-premio-estatal-de-la-juventud-2021\/","name":"Sonora en Equipo. Presenta el ISJ jurado que nombrar\u00e1 a ganadores del Premio Estatal de la Juventud 2021 Sonora","isPartOf":{"@id":"https:\/\/www.sonoraenequipo.com.mx\/#website"},"primaryImageOfPage":{"@id":"https:\/\/www.sonoraenequipo.com.mx\/presenta-el-isj-jurado-que-nombrara-a-ganadores-del-premio-estatal-de-la-juventud-2021\/#primaryimage"},"image":{"@id":"https:\/\/www.sonoraenequipo.com.mx\/presenta-el-isj-jurado-que-nombrara-a-ganadores-del-premio-estatal-de-la-juventud-2021\/#primaryimage"},"thumbnailUrl":"https:\/\/www.sonoraenequipo.com.mx\/storage\/2021\/12\/isj-jurado.jpg","datePublished":"2021-12-04T04:18:52+00:00","description":"Hermosillo, Sonora; 2 de diciembre de 2021.- Con la intenci\u00f3n de crear un acercamiento entre jurado calificador y participantes, a fin de dar a conocer la En Sonora en Equipo publicamos toda la informaci\u00f3n de Sonora, M\u00e9xico y el Mundo de manera oportuna y busca que la libertad de expresi\u00f3n sea real. Visita nuestro medio informativo publicado desde Hermosillo, Sonora. %","breadcrumb":{"@id":"https:\/\/www.sonoraenequipo.com.mx\/presenta-el-isj-jurado-que-nombrara-a-ganadores-del-premio-estatal-de-la-juventud-2021\/#breadcrumb"},"inLanguage":"es","potentialAction":[{"@type":"ReadAction","target":["https:\/\/www.sonoraenequipo.com.mx\/presenta-el-isj-jurado-que-nombrara-a-ganadores-del-premio-estatal-de-la-juventud-2021\/"]}]},{"@type":"ImageObject","inLanguage":"es","@id":"https:\/\/www.sonoraenequipo.com.mx\/presenta-el-isj-jurado-que-nombrara-a-ganadores-del-premio-estatal-de-la-juventud-2021\/#primaryimage","url":"https:\/\/www.sonoraenequipo.com.mx\/storage\/2021\/12\/isj-jurado.jpg","contentUrl":"https:\/\/www.sonoraenequipo.com.mx\/storage\/2021\/12\/isj-jurado.jpg","width":700,"height":400},{"@type":"BreadcrumbList","@id":"https:\/\/www.sonoraenequipo.com.mx\/presenta-el-isj-jurado-que-nombrara-a-ganadores-del-premio-estatal-de-la-juventud-2021\/#breadcrumb","itemListElement":[{"@type":"ListItem","position":1,"name":"Portada","item":"https:\/\/www.sonoraenequipo.com.mx\/"},{"@type":"ListItem","position":2,"name":"Presenta el ISJ jurado que nombrar\u00e1 a ganadores del Premio Estatal de la Juventud 2021"}]},{"@type":"WebSite","@id":"https:\/\/www.sonoraenequipo.com.mx\/#website","url":"https:\/\/www.sonoraenequipo.com.mx\/","name":"Sonora en Equipo.","description":"Diario en l\u00ednea con Noticias desde Hermosillo, Sonora","publisher":{"@id":"https:\/\/www.sonoraenequipo.com.mx\/#organization"},"potentialAction":[{"@type":"SearchAction","target":{"@type":"EntryPoint","urlTemplate":"https:\/\/www.sonoraenequipo.com.mx\/?s={search_term_string}"},"query-input":{"@type":"PropertyValueSpecification","valueRequired":true,"valueName":"search_term_string"}}],"inLanguage":"es"},{"@type":"Organization","@id":"https:\/\/www.sonoraenequipo.com.mx\/#organization","name":"Sonoraenequipo.com.mx","url":"https:\/\/www.sonoraenequipo.com.mx\/","logo":{"@type":"ImageObject","inLanguage":"es","@id":"https:\/\/www.sonoraenequipo.com.mx\/#\/schema\/logo\/image\/","url":"https:\/\/www.sonoraenequipo.com.mx\/storage\/2019\/01\/sonoraenequipo_opt.png","contentUrl":"https:\/\/www.sonoraenequipo.com.mx\/storage\/2019\/01\/sonoraenequipo_opt.png","width":375,"height":125,"caption":"Sonoraenequipo.com.mx"},"image":{"@id":"https:\/\/www.sonoraenequipo.com.mx\/#\/schema\/logo\/image\/"},"sameAs":["https:\/\/www.facebook.com\/SonoraEE\/","https:\/\/x.com\/sonoraenequipo","https:\/\/www.youtube.com\/channel\/UC338nW-lPEYmJQs4ZABQ1SQ"]},{"@type":"Person","@id":"https:\/\/www.sonoraenequipo.com.mx\/#\/schema\/person\/50102df0fb23a8fa9e8effad8fa81386","name":"enequipo","image":{"@type":"ImageObject","inLanguage":"es","@id":"https:\/\/www.sonoraenequipo.com.mx\/#\/schema\/person\/image\/","url":"https:\/\/secure.gravatar.com\/avatar\/049821681b589dabc0bc20695993ccebb09f5b5d4d790cd9251b97faac7c652b?s=96&d=blank&r=g","contentUrl":"https:\/\/secure.gravatar.com\/avatar\/049821681b589dabc0bc20695993ccebb09f5b5d4d790cd9251b97faac7c652b?s=96&d=blank&r=g","caption":"enequipo"},"sameAs":["https:\/\/www.facebook.com\/SonoraEE"]}]}},"jetpack_featured_media_url":"https:\/\/www.sonoraenequipo.com.mx\/storage\/2021\/12\/isj-jurado.jpg","_links":{"self":[{"href":"https:\/\/www.sonoraenequipo.com.mx\/api\/wp\/v2\/posts\/128871","targetHints":{"allow":["GET"]}}],"collection":[{"href":"https:\/\/www.sonoraenequipo.com.mx\/api\/wp\/v2\/posts"}],"about":[{"href":"https:\/\/www.sonoraenequipo.com.mx\/api\/wp\/v2\/types\/post"}],"author":[{"embeddable":true,"href":"https:\/\/www.sonoraenequipo.com.mx\/api\/wp\/v2\/users\/1"}],"replies":[{"embeddable":true,"href":"https:\/\/www.sonoraenequipo.com.mx\/api\/wp\/v2\/comments?post=128871"}],"version-history":[{"count":1,"href":"https:\/\/www.sonoraenequipo.com.mx\/api\/wp\/v2\/posts\/128871\/revisions"}],"predecessor-version":[{"id":128873,"href":"https:\/\/www.sonoraenequipo.com.mx\/api\/wp\/v2\/posts\/128871\/revisions\/128873"}],"wp:featuredmedia":[{"embeddable":true,"href":"https:\/\/www.sonoraenequipo.com.mx\/api\/wp\/v2\/media\/128872"}],"wp:attachment":[{"href":"https:\/\/www.sonoraenequipo.com.mx\/api\/wp\/v2\/media?parent=128871"}],"wp:term":[{"taxonomy":"category","embeddable":true,"href":"https:\/\/www.sonoraenequipo.com.mx\/api\/wp\/v2\/categories?post=128871"},{"taxonomy":"post_tag","embeddable":true,"href":"https:\/\/www.sonoraenequipo.com.mx\/api\/wp\/v2\/tags?post=128871"}],"curies":[{"name":"wp","href":"https:\/\/api.w.org\/{rel}","templated":true}]}}