{"id":128936,"date":"2021-12-03T18:55:14","date_gmt":"2021-12-04T01:55:14","guid":{"rendered":"https:\/\/www.sonoraenequipo.com.mx\/?p=128936"},"modified":"2021-12-05T15:38:25","modified_gmt":"2021-12-05T22:38:25","slug":"amlo-anuncia-que-en-michoacan-regularizaran-los-autos-chocolate","status":"publish","type":"post","link":"https:\/\/www.sonoraenequipo.com.mx\/amlo-anuncia-que-en-michoacan-regularizaran-los-autos-chocolate\/","title":{"rendered":"AMLO anuncia que en Michoac\u00e1n regularizar\u00e1n los \u2018autos chocolate\u2019"},"content":{"rendered":"<p>MORELIA, MICHOAC\u00c1N.\u2014 En Zit\u00e1cuaro, el presidente Andr\u00e9s Manuel L\u00f3pez Obrador (AMLO) anunci\u00f3 que en Michoac\u00e1n se regularizar\u00e1n todos los autos sin papeles que han ingresado los migrantes de esta entidad.<\/p>\n<p>&nbsp;<\/p>\n<p> <\/p>\n<p>Previamente el gobernador Alfredo Ram\u00edrez Bedolla, de Morena, le hizo la petici\u00f3n.<\/p>\n<p>De nueva cuenta, ha sido un honor recibir al presidente Andr\u00e9s Manuel L\u00f3pez Obrador (@lopezobrador_) en Michoac\u00e1n, dos d\u00edas despu\u00e9s de cumplir tres a\u00f1os al frente del Gobierno de M\u00e9xico.#HonestidadyTrabajo pic.twitter.com\/Pu7ffGzmvR<\/p>\n<p>\u2014 Alfredo Ram\u00edrez Bedolla (@ARBedolla) December 3, 2021<\/p>\n<p>&nbsp;<\/p>\n<p><em>\u201cVamos a cumplir con esa demanda, esa petici\u00f3n de que todos los carros que no tengan papeles y que hayan introducido nuestros paisanos para los trabajos del campo, tambi\u00e9n para transportar a sus familias, llevar a sus hijos a la escuela, todos, los vamos a regularizar, hacemos ese compromiso, nada m\u00e1s vamos a hacer un l\u00edmite: hasta el 31 de diciembre, los que entren hasta el 31 de diciembre, los que ya y los que entren hasta el 31 de diciembre\u201d<\/em>, dijo Andr\u00e9s Manuel L\u00f3pez Obrador, presidente de M\u00e9xico.<\/p>\n<p>&nbsp;<\/p>\n<p>Asegur\u00f3 que esta es una forma de agradecer a los migrantes michoacanos que enviar\u00e1n este a\u00f1o entre 100 mil y 120 mil millones de pesos a sus familias.<\/p>\n<p>&nbsp;<\/p>\n<p><em>\u201cEspero que lo entiendan los distribuidores de veh\u00edculos nuevos, que entiendan que no todos tienen para comprar un carro nuevo y todos tenemos derecho a ser felices y yo estoy seguro que ellos van entender que necesitamos buscar el bienestar de todo el pueblo, no ser ego\u00edstas, no estar pensando nada m\u00e1s en nosotros, en los negocios, que no nos domine la ambici\u00f3n al dinero al lucro, que no dejemos de aplicar el principio Universal, hist\u00f3rico del amor al pr\u00f3jimo\u201d,<\/em> destac\u00f3 Andr\u00e9s Manuel L\u00f3pez Obrador, presidente de M\u00e9xico.<\/p>\n<h3>Principal fuente de ingresos que tiene el pa\u00eds<\/h3>\n<p>Record\u00f3 que a nivel nacional los migrantes enviar\u00e1n este a\u00f1o a M\u00e9xico 50 mil millones de d\u00f3lares a diez millones de familias, lo que convierte a las remesas en la principal fuente de ingresos que tiene el pa\u00eds.<br \/>\nInaugur\u00f3 un cuartel de la Guardia Nacional<\/p>\n<h3><\/h3>\n<h3>Inform\u00f3 que actualmente hay en Michoacan 31 instalaciones de este tipo.<\/h3>\n<p>&nbsp;<\/p>\n<p>Dijo tambi\u00e9n\u00a0 que en Michoac\u00e1n se auspici\u00f3 desde el mismo gobierno la creaci\u00f3n de las autodefensas, con lo que el Estado mexicano abdicaba a su responsabilidad de garantizar la seguridad de la gente, dej\u00e1ndole esa funci\u00f3n b\u00e1sica a particulares\u2026 Reiter\u00f3 que las autodefensas no pueden seguir existiendo\u2026 Consider\u00f3 que fue acertado constituir la Guardia Nacional.<\/p>\n<p>&nbsp;<\/p>\n<p>Asegur\u00f3 que no hay riesgo de que se militarice el pa\u00eds porque el Ej\u00e9rcito mexicano surge del pueblo y en consecuencia los marinos y los soldados son pueblo uniformado.<\/p>\n<p>&nbsp;<\/p>\n<p><em>\u201cPor eso no hay nada que temer, porque a veces se utilizaba el Ej\u00e9rcito para llevar acciones autoritarias, inclusive para reprimir al pueblo, porque eran las \u00f3rdenes que recib\u00edan de los gobernantes civiles\u2026 Si los militares intervinieron en el 68 fue por la orden del finado Gustavo D\u00edaz Ordaz y as\u00ed en todos los casos, ahora queremos vincular al Ej\u00e9rcito con el pueblo, no apartarlo, no alejarlo de sus or\u00edgenes, pues nunca vamos a dar la orden de qu\u00e9 el Ej\u00e9rcito reprima al pueblo de M\u00e9xico\u201d<\/em>, dijo Andr\u00e9s Manuel L\u00f3pez Obrador, presidente de M\u00e9xico.<\/p>\n<p>&nbsp;<\/p>\n<p>Destac\u00f3 que programas sociales como J\u00f3venes construyendo el Futuro y las Becas para el Bienestar sirven para que los j\u00f3venes no sean enganchados por la delincuencia organizada.<\/p>\n<p>&nbsp;<\/p>\n<p>\u201cPorque no se puede enfrentar a la violencia con la violencia, el mal no se puede enfrentar con el mal, el mal hay que enfrentarlo haciendo el bien y es una competencia tambi\u00e9n, en buena lid, con los jefes de la delincuencia, es quitarles su semillero, que no puedan reclutar a los j\u00f3venes, que no los enganchen, que no se los lleven a las filas de la delincuencia, que no tengan un ej\u00e9rcito de reserva para delinquir\u201d, explic\u00f3 Andr\u00e9s Manuel L\u00f3pez Obrador, presidente de M\u00e9xico.<\/p>\n<p>&nbsp;<\/p>\n<p>Al salir del cuartel de la Guardia Nacional de Zit\u00e1cuaro, decenas de personas esperaban al presidente para hacerle peticiones y pedirle selfies.<\/p>\n<p>&nbsp;<\/p>\n<p>&nbsp;<\/p>\n<p>(Publicada el 03\/12\/2021 \/ Con informaci\u00f3n de Juan Sebasti\u00e1n Sol\u00eds)<\/p>\n","protected":false},"excerpt":{"rendered":"<p>MORELIA, MICHOAC\u00c1N.\u2014 En Zit\u00e1cuaro, el presidente Andr\u00e9s Manuel L\u00f3pez Obrador (AMLO) anunci\u00f3 que en Michoac\u00e1n&#8230;<\/p>\n","protected":false},"author":1,"featured_media":128937,"comment_status":"open","ping_status":"open","sticky":false,"template":"","format":"standard","meta":{"_monsterinsights_skip_tracking":false,"_monsterinsights_sitenote_active":false,"_monsterinsights_sitenote_note":"","_monsterinsights_sitenote_category":0,"footnotes":""},"categories":[5],"tags":[],"class_list":["post"],"yoast_head":" \n<title>Sonora en Equipo. AMLO anuncia que en Michoac\u00e1n regularizar\u00e1n los \u2018autos chocolate\u2019 Rep\u00fablica<\/title>\n<meta name=\"description\" content=\"MORELIA, MICHOAC\u00c1N.\u2014 En Zit\u00e1cuaro, el presidente Andr\u00e9s Manuel L\u00f3pez Obrador (AMLO) anunci\u00f3 que en Michoac\u00e1n se regularizar\u00e1n todos los autos sin papeles En Sonora en Equipo publicamos toda la informaci\u00f3n de Sonora, M\u00e9xico y el Mundo de manera oportuna y busca que la libertad de expresi\u00f3n sea real. Visita nuestro medio informativo publicado desde Hermosillo, Sonora. %\" \/>\n<meta name=\"robots\" content=\"index, follow, max-snippet:-1, max-image-preview:large, max-video-preview:-1\" \/>\n<link rel=\"canonical\" href=\"https:\/\/www.sonoraenequipo.com.mx\/amlo-anuncia-que-en-michoacan-regularizaran-los-autos-chocolate\/\" \/>\n<meta property=\"og:locale\" content=\"es_ES\" \/>\n<meta property=\"og:type\" content=\"article\" \/>\n<meta property=\"og:title\" content=\"Sonora en Equipo. AMLO anuncia que en Michoac\u00e1n regularizar\u00e1n los \u2018autos chocolate\u2019 Rep\u00fablica\" \/>\n<meta property=\"og:description\" content=\"MORELIA, MICHOAC\u00c1N.\u2014 En Zit\u00e1cuaro, el presidente Andr\u00e9s Manuel L\u00f3pez Obrador (AMLO) anunci\u00f3 que en Michoac\u00e1n se regularizar\u00e1n todos los autos sin papeles En Sonora en Equipo publicamos toda la informaci\u00f3n de Sonora, M\u00e9xico y el Mundo de manera oportuna y busca que la libertad de expresi\u00f3n sea real. Visita nuestro medio informativo publicado desde Hermosillo, Sonora. %\" \/>\n<meta property=\"og:url\" content=\"https:\/\/www.sonoraenequipo.com.mx\/amlo-anuncia-que-en-michoacan-regularizaran-los-autos-chocolate\/\" \/>\n<meta property=\"og:site_name\" content=\"Sonora en Equipo.\" \/>\n<meta property=\"article:publisher\" content=\"https:\/\/www.facebook.com\/SonoraEE\/\" \/>\n<meta property=\"article:author\" content=\"https:\/\/www.facebook.com\/SonoraEE\" \/>\n<meta property=\"article:published_time\" content=\"2021-12-04T01:55:14+00:00\" \/>\n<meta property=\"article:modified_time\" content=\"2021-12-05T22:38:25+00:00\" \/>\n<meta property=\"og:image\" content=\"https:\/\/www.sonoraenequipo.com.mx\/storage\/2021\/12\/amlo-michoacan_opt.jpg\" \/>\n\t<meta property=\"og:image:width\" content=\"700\" \/>\n\t<meta property=\"og:image:height\" content=\"400\" \/>\n\t<meta property=\"og:image:type\" content=\"image\/jpeg\" \/>\n<meta name=\"author\" content=\"enequipo\" \/>\n<meta name=\"twitter:card\" content=\"summary_large_image\" \/>\n<meta name=\"twitter:creator\" content=\"@sonoraenequipo\" \/>\n<meta name=\"twitter:site\" content=\"@sonoraenequipo\" \/>\n<meta name=\"twitter:label1\" content=\"Escrito por\" \/>\n\t<meta name=\"twitter:data1\" content=\"enequipo\" \/>\n\t<meta name=\"twitter:label2\" content=\"Tiempo de lectura\" \/>\n\t<meta name=\"twitter:data2\" content=\"3 minutos\" \/>\n<script type=\"application\/ld+json\" class=\"yoast-schema-graph\">{\"@context\":\"https:\/\/schema.org\",\"@graph\":[{\"@type\":\"Article\",\"@id\":\"https:\/\/www.sonoraenequipo.com.mx\/amlo-anuncia-que-en-michoacan-regularizaran-los-autos-chocolate\/#article\",\"isPartOf\":{\"@id\":\"https:\/\/www.sonoraenequipo.com.mx\/amlo-anuncia-que-en-michoacan-regularizaran-los-autos-chocolate\/\"},\"author\":{\"name\":\"enequipo\",\"@id\":\"https:\/\/www.sonoraenequipo.com.mx\/#\/schema\/person\/50102df0fb23a8fa9e8effad8fa81386\"},\"headline\":\"AMLO anuncia que en Michoac\u00e1n regularizar\u00e1n los \u2018autos chocolate\u2019\",\"datePublished\":\"2021-12-04T01:55:14+00:00\",\"dateModified\":\"2021-12-05T22:38:25+00:00\",\"mainEntityOfPage\":{\"@id\":\"https:\/\/www.sonoraenequipo.com.mx\/amlo-anuncia-que-en-michoacan-regularizaran-los-autos-chocolate\/\"},\"wordCount\":757,\"commentCount\":0,\"publisher\":{\"@id\":\"https:\/\/www.sonoraenequipo.com.mx\/#organization\"},\"image\":{\"@id\":\"https:\/\/www.sonoraenequipo.com.mx\/amlo-anuncia-que-en-michoacan-regularizaran-los-autos-chocolate\/#primaryimage\"},\"thumbnailUrl\":\"https:\/\/www.sonoraenequipo.com.mx\/storage\/2021\/12\/amlo-michoacan_opt.jpg\",\"articleSection\":[\"Rep\u00fablica\"],\"inLanguage\":\"es\",\"potentialAction\":[{\"@type\":\"CommentAction\",\"name\":\"Comment\",\"target\":[\"https:\/\/www.sonoraenequipo.com.mx\/amlo-anuncia-que-en-michoacan-regularizaran-los-autos-chocolate\/#respond\"]}]},{\"@type\":\"WebPage\",\"@id\":\"https:\/\/www.sonoraenequipo.com.mx\/amlo-anuncia-que-en-michoacan-regularizaran-los-autos-chocolate\/\",\"url\":\"https:\/\/www.sonoraenequipo.com.mx\/amlo-anuncia-que-en-michoacan-regularizaran-los-autos-chocolate\/\",\"name\":\"Sonora en Equipo. AMLO anuncia que en Michoac\u00e1n regularizar\u00e1n los \u2018autos chocolate\u2019 Rep\u00fablica\",\"isPartOf\":{\"@id\":\"https:\/\/www.sonoraenequipo.com.mx\/#website\"},\"primaryImageOfPage\":{\"@id\":\"https:\/\/www.sonoraenequipo.com.mx\/amlo-anuncia-que-en-michoacan-regularizaran-los-autos-chocolate\/#primaryimage\"},\"image\":{\"@id\":\"https:\/\/www.sonoraenequipo.com.mx\/amlo-anuncia-que-en-michoacan-regularizaran-los-autos-chocolate\/#primaryimage\"},\"thumbnailUrl\":\"https:\/\/www.sonoraenequipo.com.mx\/storage\/2021\/12\/amlo-michoacan_opt.jpg\",\"datePublished\":\"2021-12-04T01:55:14+00:00\",\"dateModified\":\"2021-12-05T22:38:25+00:00\",\"description\":\"MORELIA, MICHOAC\u00c1N.\u2014 En Zit\u00e1cuaro, el presidente Andr\u00e9s Manuel L\u00f3pez Obrador (AMLO) anunci\u00f3 que en Michoac\u00e1n se regularizar\u00e1n todos los autos sin papeles En Sonora en Equipo publicamos toda la informaci\u00f3n de Sonora, M\u00e9xico y el Mundo de manera oportuna y busca que la libertad de expresi\u00f3n sea real. Visita nuestro medio informativo publicado desde Hermosillo, Sonora. %\",\"breadcrumb\":{\"@id\":\"https:\/\/www.sonoraenequipo.com.mx\/amlo-anuncia-que-en-michoacan-regularizaran-los-autos-chocolate\/#breadcrumb\"},\"inLanguage\":\"es\",\"potentialAction\":[{\"@type\":\"ReadAction\",\"target\":[\"https:\/\/www.sonoraenequipo.com.mx\/amlo-anuncia-que-en-michoacan-regularizaran-los-autos-chocolate\/\"]}]},{\"@type\":\"ImageObject\",\"inLanguage\":\"es\",\"@id\":\"https:\/\/www.sonoraenequipo.com.mx\/amlo-anuncia-que-en-michoacan-regularizaran-los-autos-chocolate\/#primaryimage\",\"url\":\"https:\/\/www.sonoraenequipo.com.mx\/storage\/2021\/12\/amlo-michoacan_opt.jpg\",\"contentUrl\":\"https:\/\/www.sonoraenequipo.com.mx\/storage\/2021\/12\/amlo-michoacan_opt.jpg\",\"width\":700,\"height\":400},{\"@type\":\"BreadcrumbList\",\"@id\":\"https:\/\/www.sonoraenequipo.com.mx\/amlo-anuncia-que-en-michoacan-regularizaran-los-autos-chocolate\/#breadcrumb\",\"itemListElement\":[{\"@type\":\"ListItem\",\"position\":1,\"name\":\"Portada\",\"item\":\"https:\/\/www.sonoraenequipo.com.mx\/\"},{\"@type\":\"ListItem\",\"position\":2,\"name\":\"AMLO anuncia que en Michoac\u00e1n regularizar\u00e1n los \u2018autos chocolate\u2019\"}]},{\"@type\":\"WebSite\",\"@id\":\"https:\/\/www.sonoraenequipo.com.mx\/#website\",\"url\":\"https:\/\/www.sonoraenequipo.com.mx\/\",\"name\":\"Sonora en Equipo.\",\"description\":\"Diario en l\u00ednea con Noticias desde Hermosillo, Sonora\",\"publisher\":{\"@id\":\"https:\/\/www.sonoraenequipo.com.mx\/#organization\"},\"potentialAction\":[{\"@type\":\"SearchAction\",\"target\":{\"@type\":\"EntryPoint\",\"urlTemplate\":\"https:\/\/www.sonoraenequipo.com.mx\/?s={search_term_string}\"},\"query-input\":{\"@type\":\"PropertyValueSpecification\",\"valueRequired\":true,\"valueName\":\"search_term_string\"}}],\"inLanguage\":\"es\"},{\"@type\":\"Organization\",\"@id\":\"https:\/\/www.sonoraenequipo.com.mx\/#organization\",\"name\":\"Sonoraenequipo.com.mx\",\"url\":\"https:\/\/www.sonoraenequipo.com.mx\/\",\"logo\":{\"@type\":\"ImageObject\",\"inLanguage\":\"es\",\"@id\":\"https:\/\/www.sonoraenequipo.com.mx\/#\/schema\/logo\/image\/\",\"url\":\"https:\/\/www.sonoraenequipo.com.mx\/storage\/2019\/01\/sonoraenequipo_opt.png\",\"contentUrl\":\"https:\/\/www.sonoraenequipo.com.mx\/storage\/2019\/01\/sonoraenequipo_opt.png\",\"width\":375,\"height\":125,\"caption\":\"Sonoraenequipo.com.mx\"},\"image\":{\"@id\":\"https:\/\/www.sonoraenequipo.com.mx\/#\/schema\/logo\/image\/\"},\"sameAs\":[\"https:\/\/www.facebook.com\/SonoraEE\/\",\"https:\/\/x.com\/sonoraenequipo\",\"https:\/\/www.youtube.com\/channel\/UC338nW-lPEYmJQs4ZABQ1SQ\"]},{\"@type\":\"Person\",\"@id\":\"https:\/\/www.sonoraenequipo.com.mx\/#\/schema\/person\/50102df0fb23a8fa9e8effad8fa81386\",\"name\":\"enequipo\",\"image\":{\"@type\":\"ImageObject\",\"inLanguage\":\"es\",\"@id\":\"https:\/\/www.sonoraenequipo.com.mx\/#\/schema\/person\/image\/\",\"url\":\"https:\/\/secure.gravatar.com\/avatar\/049821681b589dabc0bc20695993ccebb09f5b5d4d790cd9251b97faac7c652b?s=96&d=blank&r=g\",\"contentUrl\":\"https:\/\/secure.gravatar.com\/avatar\/049821681b589dabc0bc20695993ccebb09f5b5d4d790cd9251b97faac7c652b?s=96&d=blank&r=g\",\"caption\":\"enequipo\"},\"sameAs\":[\"https:\/\/www.facebook.com\/SonoraEE\"]}]}<\/script>\n ","yoast_head_json":{"title":"Sonora en Equipo. AMLO anuncia que en Michoac\u00e1n regularizar\u00e1n los \u2018autos chocolate\u2019 Rep\u00fablica","description":"MORELIA, MICHOAC\u00c1N.\u2014 En Zit\u00e1cuaro, el presidente Andr\u00e9s Manuel L\u00f3pez Obrador (AMLO) anunci\u00f3 que en Michoac\u00e1n se regularizar\u00e1n todos los autos sin papeles En Sonora en Equipo publicamos toda la informaci\u00f3n de Sonora, M\u00e9xico y el Mundo de manera oportuna y busca que la libertad de expresi\u00f3n sea real. Visita nuestro medio informativo publicado desde Hermosillo, Sonora. %","robots":{"index":"index","follow":"follow","max-snippet":"max-snippet:-1","max-image-preview":"max-image-preview:large","max-video-preview":"max-video-preview:-1"},"canonical":"https:\/\/www.sonoraenequipo.com.mx\/amlo-anuncia-que-en-michoacan-regularizaran-los-autos-chocolate\/","og_locale":"es_ES","og_type":"article","og_title":"Sonora en Equipo. AMLO anuncia que en Michoac\u00e1n regularizar\u00e1n los \u2018autos chocolate\u2019 Rep\u00fablica","og_description":"MORELIA, MICHOAC\u00c1N.\u2014 En Zit\u00e1cuaro, el presidente Andr\u00e9s Manuel L\u00f3pez Obrador (AMLO) anunci\u00f3 que en Michoac\u00e1n se regularizar\u00e1n todos los autos sin papeles En Sonora en Equipo publicamos toda la informaci\u00f3n de Sonora, M\u00e9xico y el Mundo de manera oportuna y busca que la libertad de expresi\u00f3n sea real. Visita nuestro medio informativo publicado desde Hermosillo, Sonora. %","og_url":"https:\/\/www.sonoraenequipo.com.mx\/amlo-anuncia-que-en-michoacan-regularizaran-los-autos-chocolate\/","og_site_name":"Sonora en Equipo.","article_publisher":"https:\/\/www.facebook.com\/SonoraEE\/","article_author":"https:\/\/www.facebook.com\/SonoraEE","article_published_time":"2021-12-04T01:55:14+00:00","article_modified_time":"2021-12-05T22:38:25+00:00","og_image":[{"width":700,"height":400,"url":"https:\/\/www.sonoraenequipo.com.mx\/storage\/2021\/12\/amlo-michoacan_opt.jpg","type":"image\/jpeg"}],"author":"enequipo","twitter_card":"summary_large_image","twitter_creator":"@sonoraenequipo","twitter_site":"@sonoraenequipo","twitter_misc":{"Escrito por":"enequipo","Tiempo de lectura":"3 minutos"},"schema":{"@context":"https:\/\/schema.org","@graph":[{"@type":"Article","@id":"https:\/\/www.sonoraenequipo.com.mx\/amlo-anuncia-que-en-michoacan-regularizaran-los-autos-chocolate\/#article","isPartOf":{"@id":"https:\/\/www.sonoraenequipo.com.mx\/amlo-anuncia-que-en-michoacan-regularizaran-los-autos-chocolate\/"},"author":{"name":"enequipo","@id":"https:\/\/www.sonoraenequipo.com.mx\/#\/schema\/person\/50102df0fb23a8fa9e8effad8fa81386"},"headline":"AMLO anuncia que en Michoac\u00e1n regularizar\u00e1n los \u2018autos chocolate\u2019","datePublished":"2021-12-04T01:55:14+00:00","dateModified":"2021-12-05T22:38:25+00:00","mainEntityOfPage":{"@id":"https:\/\/www.sonoraenequipo.com.mx\/amlo-anuncia-que-en-michoacan-regularizaran-los-autos-chocolate\/"},"wordCount":757,"commentCount":0,"publisher":{"@id":"https:\/\/www.sonoraenequipo.com.mx\/#organization"},"image":{"@id":"https:\/\/www.sonoraenequipo.com.mx\/amlo-anuncia-que-en-michoacan-regularizaran-los-autos-chocolate\/#primaryimage"},"thumbnailUrl":"https:\/\/www.sonoraenequipo.com.mx\/storage\/2021\/12\/amlo-michoacan_opt.jpg","articleSection":["Rep\u00fablica"],"inLanguage":"es","potentialAction":[{"@type":"CommentAction","name":"Comment","target":["https:\/\/www.sonoraenequipo.com.mx\/amlo-anuncia-que-en-michoacan-regularizaran-los-autos-chocolate\/#respond"]}]},{"@type":"WebPage","@id":"https:\/\/www.sonoraenequipo.com.mx\/amlo-anuncia-que-en-michoacan-regularizaran-los-autos-chocolate\/","url":"https:\/\/www.sonoraenequipo.com.mx\/amlo-anuncia-que-en-michoacan-regularizaran-los-autos-chocolate\/","name":"Sonora en Equipo. AMLO anuncia que en Michoac\u00e1n regularizar\u00e1n los \u2018autos chocolate\u2019 Rep\u00fablica","isPartOf":{"@id":"https:\/\/www.sonoraenequipo.com.mx\/#website"},"primaryImageOfPage":{"@id":"https:\/\/www.sonoraenequipo.com.mx\/amlo-anuncia-que-en-michoacan-regularizaran-los-autos-chocolate\/#primaryimage"},"image":{"@id":"https:\/\/www.sonoraenequipo.com.mx\/amlo-anuncia-que-en-michoacan-regularizaran-los-autos-chocolate\/#primaryimage"},"thumbnailUrl":"https:\/\/www.sonoraenequipo.com.mx\/storage\/2021\/12\/amlo-michoacan_opt.jpg","datePublished":"2021-12-04T01:55:14+00:00","dateModified":"2021-12-05T22:38:25+00:00","description":"MORELIA, MICHOAC\u00c1N.\u2014 En Zit\u00e1cuaro, el presidente Andr\u00e9s Manuel L\u00f3pez Obrador (AMLO) anunci\u00f3 que en Michoac\u00e1n se regularizar\u00e1n todos los autos sin papeles En Sonora en Equipo publicamos toda la informaci\u00f3n de Sonora, M\u00e9xico y el Mundo de manera oportuna y busca que la libertad de expresi\u00f3n sea real. Visita nuestro medio informativo publicado desde Hermosillo, Sonora. %","breadcrumb":{"@id":"https:\/\/www.sonoraenequipo.com.mx\/amlo-anuncia-que-en-michoacan-regularizaran-los-autos-chocolate\/#breadcrumb"},"inLanguage":"es","potentialAction":[{"@type":"ReadAction","target":["https:\/\/www.sonoraenequipo.com.mx\/amlo-anuncia-que-en-michoacan-regularizaran-los-autos-chocolate\/"]}]},{"@type":"ImageObject","inLanguage":"es","@id":"https:\/\/www.sonoraenequipo.com.mx\/amlo-anuncia-que-en-michoacan-regularizaran-los-autos-chocolate\/#primaryimage","url":"https:\/\/www.sonoraenequipo.com.mx\/storage\/2021\/12\/amlo-michoacan_opt.jpg","contentUrl":"https:\/\/www.sonoraenequipo.com.mx\/storage\/2021\/12\/amlo-michoacan_opt.jpg","width":700,"height":400},{"@type":"BreadcrumbList","@id":"https:\/\/www.sonoraenequipo.com.mx\/amlo-anuncia-que-en-michoacan-regularizaran-los-autos-chocolate\/#breadcrumb","itemListElement":[{"@type":"ListItem","position":1,"name":"Portada","item":"https:\/\/www.sonoraenequipo.com.mx\/"},{"@type":"ListItem","position":2,"name":"AMLO anuncia que en Michoac\u00e1n regularizar\u00e1n los \u2018autos chocolate\u2019"}]},{"@type":"WebSite","@id":"https:\/\/www.sonoraenequipo.com.mx\/#website","url":"https:\/\/www.sonoraenequipo.com.mx\/","name":"Sonora en Equipo.","description":"Diario en l\u00ednea con Noticias desde Hermosillo, Sonora","publisher":{"@id":"https:\/\/www.sonoraenequipo.com.mx\/#organization"},"potentialAction":[{"@type":"SearchAction","target":{"@type":"EntryPoint","urlTemplate":"https:\/\/www.sonoraenequipo.com.mx\/?s={search_term_string}"},"query-input":{"@type":"PropertyValueSpecification","valueRequired":true,"valueName":"search_term_string"}}],"inLanguage":"es"},{"@type":"Organization","@id":"https:\/\/www.sonoraenequipo.com.mx\/#organization","name":"Sonoraenequipo.com.mx","url":"https:\/\/www.sonoraenequipo.com.mx\/","logo":{"@type":"ImageObject","inLanguage":"es","@id":"https:\/\/www.sonoraenequipo.com.mx\/#\/schema\/logo\/image\/","url":"https:\/\/www.sonoraenequipo.com.mx\/storage\/2019\/01\/sonoraenequipo_opt.png","contentUrl":"https:\/\/www.sonoraenequipo.com.mx\/storage\/2019\/01\/sonoraenequipo_opt.png","width":375,"height":125,"caption":"Sonoraenequipo.com.mx"},"image":{"@id":"https:\/\/www.sonoraenequipo.com.mx\/#\/schema\/logo\/image\/"},"sameAs":["https:\/\/www.facebook.com\/SonoraEE\/","https:\/\/x.com\/sonoraenequipo","https:\/\/www.youtube.com\/channel\/UC338nW-lPEYmJQs4ZABQ1SQ"]},{"@type":"Person","@id":"https:\/\/www.sonoraenequipo.com.mx\/#\/schema\/person\/50102df0fb23a8fa9e8effad8fa81386","name":"enequipo","image":{"@type":"ImageObject","inLanguage":"es","@id":"https:\/\/www.sonoraenequipo.com.mx\/#\/schema\/person\/image\/","url":"https:\/\/secure.gravatar.com\/avatar\/049821681b589dabc0bc20695993ccebb09f5b5d4d790cd9251b97faac7c652b?s=96&d=blank&r=g","contentUrl":"https:\/\/secure.gravatar.com\/avatar\/049821681b589dabc0bc20695993ccebb09f5b5d4d790cd9251b97faac7c652b?s=96&d=blank&r=g","caption":"enequipo"},"sameAs":["https:\/\/www.facebook.com\/SonoraEE"]}]}},"jetpack_featured_media_url":"https:\/\/www.sonoraenequipo.com.mx\/storage\/2021\/12\/amlo-michoacan_opt.jpg","_links":{"self":[{"href":"https:\/\/www.sonoraenequipo.com.mx\/api\/wp\/v2\/posts\/128936","targetHints":{"allow":["GET"]}}],"collection":[{"href":"https:\/\/www.sonoraenequipo.com.mx\/api\/wp\/v2\/posts"}],"about":[{"href":"https:\/\/www.sonoraenequipo.com.mx\/api\/wp\/v2\/types\/post"}],"author":[{"embeddable":true,"href":"https:\/\/www.sonoraenequipo.com.mx\/api\/wp\/v2\/users\/1"}],"replies":[{"embeddable":true,"href":"https:\/\/www.sonoraenequipo.com.mx\/api\/wp\/v2\/comments?post=128936"}],"version-history":[{"count":2,"href":"https:\/\/www.sonoraenequipo.com.mx\/api\/wp\/v2\/posts\/128936\/revisions"}],"predecessor-version":[{"id":128939,"href":"https:\/\/www.sonoraenequipo.com.mx\/api\/wp\/v2\/posts\/128936\/revisions\/128939"}],"wp:featuredmedia":[{"embeddable":true,"href":"https:\/\/www.sonoraenequipo.com.mx\/api\/wp\/v2\/media\/128937"}],"wp:attachment":[{"href":"https:\/\/www.sonoraenequipo.com.mx\/api\/wp\/v2\/media?parent=128936"}],"wp:term":[{"taxonomy":"category","embeddable":true,"href":"https:\/\/www.sonoraenequipo.com.mx\/api\/wp\/v2\/categories?post=128936"},{"taxonomy":"post_tag","embeddable":true,"href":"https:\/\/www.sonoraenequipo.com.mx\/api\/wp\/v2\/tags?post=128936"}],"curies":[{"name":"wp","href":"https:\/\/api.w.org\/{rel}","templated":true}]}}