{"id":128940,"date":"2021-12-03T22:45:05","date_gmt":"2021-12-04T05:45:05","guid":{"rendered":"https:\/\/www.sonoraenequipo.com.mx\/?p=128940"},"modified":"2021-12-05T15:58:41","modified_gmt":"2021-12-05T22:58:41","slug":"fallo-de-corte-interamericana-de-derechos-humanos-confirma-reconocimiento-del-derecho-a-la-vida-en-el-salvador","status":"publish","type":"post","link":"https:\/\/www.sonoraenequipo.com.mx\/fallo-de-corte-interamericana-de-derechos-humanos-confirma-reconocimiento-del-derecho-a-la-vida-en-el-salvador\/","title":{"rendered":"Fallo de Corte Interamericana de Derechos Humanos confirma reconocimiento del Derecho a la Vida en el Salvador"},"content":{"rendered":"<p>WASHINGTON, DC. ESTADOS UNIDOS.- La Corte Interamericana de Derechos Humanos (Corte IDH) confirm\u00f3 con la resoluci\u00f3n del conocido \u201cCaso Manuela\u201d, de El Salvador, que no hay norma jur\u00eddica internacional, sea convencional o de costumbre, que reconozca el aborto como un derecho.<\/p>\n<p>&nbsp;<\/p>\n<p> <\/p>\n<p>El Presidente del Global Center for Human Rights, Sebasti\u00e1n Schuff, inform\u00f3 que el fallo judicial, difundido este martes por el tribunal internacional, puede ser interpretado como un precedente valioso en materia legal de la protecci\u00f3n del Derecho a la Vida.<\/p>\n<p>&nbsp;<\/p>\n<p><em>\u201cEs un fallo hist\u00f3rico porque la Corte resolvi\u00f3 en contra de la pretensi\u00f3n de las organizaciones peticionarias, y de la propia CIDH, de obligar a El Salvador a adoptar medidas que legalicen el aborto y a forzar a los dem\u00e1s pa\u00edses a cambiar su legislaci\u00f3n protectora del Derecho a la Vida por otra con alcance m\u00e1s restrictivo y regresivo\u201d,<\/em> resumi\u00f3. Lo anterior en congruencia con la convenci\u00f3n interamericana de derechos humanos y otros tratados internacionales.<\/p>\n<p>&nbsp;<\/p>\n<p>El \u201cCaso Manuela\u201d comenz\u00f3 el 27 de febrero del 2008 luego de la muerte y ocultaci\u00f3n del menor \u201cDolores Gabriel\u201d, despu\u00e9s de que su madre, tras sufrir contracciones, se recost\u00f3 e inici\u00f3 el trabajo de parto.<\/p>\n<p>&nbsp;<\/p>\n<p>De acuerdo con el expediente local, \u201cManuela\u201d, tras el nacimiento del beb\u00e9, arranc\u00f3 el cord\u00f3n umbilical al ni\u00f1o, realiz\u00f3 un corte limpio sobre la parte sobrante y se deshizo de su hijo reci\u00e9n nacido arroj\u00e1ndolo vivo a la letrina del fondo de su casa. El reci\u00e9n nacido Dolores Gabriel vivi\u00f3 durante quince minutos, hasta que la materia fecal introducida en sus pulmones le impidi\u00f3 seguir respirando.<\/p>\n<p>&nbsp;<\/p>\n<p>Su cad\u00e1ver fue descubierto a las 11:30hs del d\u00eda siguiente, cuando los bomberos levantaron la plancha de cemento que recubr\u00eda la fosa s\u00e9ptica y lo encontraron boca abajo en el fondo. El expediente legal indica que, antes de morir, su cord\u00f3n umbilical hab\u00eda sido arrancado desde su base.<\/p>\n<p>&nbsp;<\/p>\n<p>Esos hechos fueron la base para el juicio que finaliz\u00f3 esta semana en la Corte. Respecto de la actuaci\u00f3n de la Corte y su an\u00e1lisis, Schuff manifiesta que \u201cLa narraci\u00f3n de estos hechos, que resultan di\u00e1fanos y profusamente probados en el expediente local de El Salvador, lamentablemente no fueron tenidos en cuenta en la fundamentaci\u00f3n de la resoluci\u00f3n de la Corte del d\u00eda de ayer\u201d, indic\u00f3 el presidente del Global Center for Human Rights.<\/p>\n<p>&nbsp;<\/p>\n<p>Por ello, anota, es necesario se\u00f1alar y deplorar que el fallo incurri\u00f3 en una serie de incoherencias improcedentes e innecesarias que debiliLa ONG basada en esta ciudad, integrada por abogados de derechos humanos especializados en sistemas de protecci\u00f3n y organismos internacionales, establece que la sentencia no favoreci\u00f3 las pretensiones de las organizaciones que afirmaban que hab\u00eda que modificar la legislaci\u00f3n salvadore\u00f1a por una que legalice bajo cualquier circunstancia el aborto provocado.<\/p>\n<p>&nbsp;<\/p>\n<p><em>\u201cNo obstante que la legislaci\u00f3n que otorga una protecci\u00f3n total de la vida desde la concepci\u00f3n fue considerada en el contexto del caso, el resultado fue favorable para la protecci\u00f3n del derecho a la vida, ya que no se orden\u00f3 en ning\u00fan momento a El Salvador a endurecer su legislaci\u00f3n en perjuicio de los ni\u00f1os por nacer<\/em>\u201d, expuso Schuff.<\/p>\n<p>&nbsp;<\/p>\n<p>Adem\u00e1s, concluy\u00f3, el fallo hace un reconocimiento impl\u00edcito de que el caso se trat\u00f3 de un infanticidio, bajo el eufemismo de homicidio perinatal.<\/p>\n<p>&nbsp;<\/p>\n<p>El presidente de Global Center for Human Rights sostuvo que la resoluci\u00f3n mostr\u00f3 una postura cruel e insensible al invisibilizar a un ser humano que naci\u00f3, existi\u00f3 y hasta recibi\u00f3 un nombre, como qued\u00f3 demostrado en todo el proceso legal.<\/p>\n<p>&nbsp;<\/p>\n<p><em>\u201cEl llamativo silencio sobre la verdadera v\u00edctima en este caso es un cruel ardid para desensibilizar al a la sociedad ante la indecible crueldad a la cual fue sometido este peque\u00f1o\u201d.<\/em><\/p>\n<p>&nbsp;<\/p>\n<p>Pero, expuso, quiz\u00e1s lo m\u00e1s delicado del fallo se relaciona con la imposici\u00f3n de la Corte a los m\u00e9dicos para encubrir los delitos de aborto e infanticidio, en el momento en que los instiga a no denunciar, incluso violentando su propia conciencia, cuando atiendan a personas con sospechas fundadas de haber perpetrado uno de estos cr\u00edmenes.<\/p>\n<p>&nbsp;<\/p>\n<p><em>\u201cEs indudable tambi\u00e9n que el aviso o denuncia es un mecanismo no solo adecuado sino necesario para proteger los derechos de los ni\u00f1os\u201d,<\/em> dijo. Con este tipo de fallos la Corte ve gravemente afectada su credibilidad y prestigio, concluy\u00f3.<\/p>\n<p>&nbsp;<\/p>\n<p>&nbsp;<\/p>\n<p>(Publicada el 03\/12\/2021)<\/p>\n","protected":false},"excerpt":{"rendered":"<p>WASHINGTON, DC. ESTADOS UNIDOS.- La Corte Interamericana de Derechos Humanos (Corte IDH) confirm\u00f3 con la&#8230;<\/p>\n","protected":false},"author":1,"featured_media":128941,"comment_status":"open","ping_status":"open","sticky":false,"template":"","format":"standard","meta":{"_monsterinsights_skip_tracking":false,"_monsterinsights_sitenote_active":false,"_monsterinsights_sitenote_note":"","_monsterinsights_sitenote_category":0,"footnotes":""},"categories":[3],"tags":[],"class_list":["post"],"yoast_head":" \n<title>Sonora en Equipo. Fallo de Corte Interamericana de Derechos Humanos confirma reconocimiento del Derecho a la Vida en el Salvador MUNDO<\/title>\n<meta name=\"description\" content=\"WASHINGTON, DC. ESTADOS UNIDOS.- La Corte Interamericana de Derechos Humanos (Corte IDH) confirm\u00f3 con la resoluci\u00f3n del conocido \u201cCaso Manuela\u201d, de El En Sonora en Equipo publicamos toda la informaci\u00f3n de Sonora, M\u00e9xico y el Mundo de manera oportuna y busca que la libertad de expresi\u00f3n sea real. Visita nuestro medio informativo publicado desde Hermosillo, Sonora. %\" \/>\n<meta name=\"robots\" content=\"index, follow, max-snippet:-1, max-image-preview:large, max-video-preview:-1\" \/>\n<link rel=\"canonical\" href=\"https:\/\/www.sonoraenequipo.com.mx\/fallo-de-corte-interamericana-de-derechos-humanos-confirma-reconocimiento-del-derecho-a-la-vida-en-el-salvador\/\" \/>\n<meta property=\"og:locale\" content=\"es_ES\" \/>\n<meta property=\"og:type\" content=\"article\" \/>\n<meta property=\"og:title\" content=\"Sonora en Equipo. Fallo de Corte Interamericana de Derechos Humanos confirma reconocimiento del Derecho a la Vida en el Salvador MUNDO\" \/>\n<meta property=\"og:description\" content=\"WASHINGTON, DC. ESTADOS UNIDOS.- La Corte Interamericana de Derechos Humanos (Corte IDH) confirm\u00f3 con la resoluci\u00f3n del conocido \u201cCaso Manuela\u201d, de El En Sonora en Equipo publicamos toda la informaci\u00f3n de Sonora, M\u00e9xico y el Mundo de manera oportuna y busca que la libertad de expresi\u00f3n sea real. Visita nuestro medio informativo publicado desde Hermosillo, Sonora. %\" \/>\n<meta property=\"og:url\" content=\"https:\/\/www.sonoraenequipo.com.mx\/fallo-de-corte-interamericana-de-derechos-humanos-confirma-reconocimiento-del-derecho-a-la-vida-en-el-salvador\/\" \/>\n<meta property=\"og:site_name\" content=\"Sonora en Equipo.\" \/>\n<meta property=\"article:publisher\" content=\"https:\/\/www.facebook.com\/SonoraEE\/\" \/>\n<meta property=\"article:author\" content=\"https:\/\/www.facebook.com\/SonoraEE\" \/>\n<meta property=\"article:published_time\" content=\"2021-12-04T05:45:05+00:00\" \/>\n<meta property=\"article:modified_time\" content=\"2021-12-05T22:58:41+00:00\" \/>\n<meta property=\"og:image\" content=\"https:\/\/www.sonoraenequipo.com.mx\/storage\/2021\/12\/bebe-en-mariz_opt.jpg\" \/>\n\t<meta property=\"og:image:width\" content=\"700\" \/>\n\t<meta property=\"og:image:height\" content=\"400\" \/>\n\t<meta property=\"og:image:type\" content=\"image\/jpeg\" \/>\n<meta name=\"author\" content=\"enequipo\" \/>\n<meta name=\"twitter:card\" content=\"summary_large_image\" \/>\n<meta name=\"twitter:creator\" content=\"@sonoraenequipo\" \/>\n<meta name=\"twitter:site\" content=\"@sonoraenequipo\" \/>\n<meta name=\"twitter:label1\" content=\"Escrito por\" \/>\n\t<meta name=\"twitter:data1\" content=\"enequipo\" \/>\n\t<meta name=\"twitter:label2\" content=\"Tiempo de lectura\" \/>\n\t<meta name=\"twitter:data2\" content=\"4 minutos\" \/>\n<script type=\"application\/ld+json\" class=\"yoast-schema-graph\">{\"@context\":\"https:\/\/schema.org\",\"@graph\":[{\"@type\":\"Article\",\"@id\":\"https:\/\/www.sonoraenequipo.com.mx\/fallo-de-corte-interamericana-de-derechos-humanos-confirma-reconocimiento-del-derecho-a-la-vida-en-el-salvador\/#article\",\"isPartOf\":{\"@id\":\"https:\/\/www.sonoraenequipo.com.mx\/fallo-de-corte-interamericana-de-derechos-humanos-confirma-reconocimiento-del-derecho-a-la-vida-en-el-salvador\/\"},\"author\":{\"name\":\"enequipo\",\"@id\":\"https:\/\/www.sonoraenequipo.com.mx\/#\/schema\/person\/50102df0fb23a8fa9e8effad8fa81386\"},\"headline\":\"Fallo de Corte Interamericana de Derechos Humanos confirma reconocimiento del Derecho a la Vida en el Salvador\",\"datePublished\":\"2021-12-04T05:45:05+00:00\",\"dateModified\":\"2021-12-05T22:58:41+00:00\",\"mainEntityOfPage\":{\"@id\":\"https:\/\/www.sonoraenequipo.com.mx\/fallo-de-corte-interamericana-de-derechos-humanos-confirma-reconocimiento-del-derecho-a-la-vida-en-el-salvador\/\"},\"wordCount\":787,\"commentCount\":0,\"publisher\":{\"@id\":\"https:\/\/www.sonoraenequipo.com.mx\/#organization\"},\"image\":{\"@id\":\"https:\/\/www.sonoraenequipo.com.mx\/fallo-de-corte-interamericana-de-derechos-humanos-confirma-reconocimiento-del-derecho-a-la-vida-en-el-salvador\/#primaryimage\"},\"thumbnailUrl\":\"https:\/\/www.sonoraenequipo.com.mx\/storage\/2021\/12\/bebe-en-mariz_opt.jpg\",\"articleSection\":[\"MUNDO\"],\"inLanguage\":\"es\",\"potentialAction\":[{\"@type\":\"CommentAction\",\"name\":\"Comment\",\"target\":[\"https:\/\/www.sonoraenequipo.com.mx\/fallo-de-corte-interamericana-de-derechos-humanos-confirma-reconocimiento-del-derecho-a-la-vida-en-el-salvador\/#respond\"]}]},{\"@type\":\"WebPage\",\"@id\":\"https:\/\/www.sonoraenequipo.com.mx\/fallo-de-corte-interamericana-de-derechos-humanos-confirma-reconocimiento-del-derecho-a-la-vida-en-el-salvador\/\",\"url\":\"https:\/\/www.sonoraenequipo.com.mx\/fallo-de-corte-interamericana-de-derechos-humanos-confirma-reconocimiento-del-derecho-a-la-vida-en-el-salvador\/\",\"name\":\"Sonora en Equipo. Fallo de Corte Interamericana de Derechos Humanos confirma reconocimiento del Derecho a la Vida en el Salvador MUNDO\",\"isPartOf\":{\"@id\":\"https:\/\/www.sonoraenequipo.com.mx\/#website\"},\"primaryImageOfPage\":{\"@id\":\"https:\/\/www.sonoraenequipo.com.mx\/fallo-de-corte-interamericana-de-derechos-humanos-confirma-reconocimiento-del-derecho-a-la-vida-en-el-salvador\/#primaryimage\"},\"image\":{\"@id\":\"https:\/\/www.sonoraenequipo.com.mx\/fallo-de-corte-interamericana-de-derechos-humanos-confirma-reconocimiento-del-derecho-a-la-vida-en-el-salvador\/#primaryimage\"},\"thumbnailUrl\":\"https:\/\/www.sonoraenequipo.com.mx\/storage\/2021\/12\/bebe-en-mariz_opt.jpg\",\"datePublished\":\"2021-12-04T05:45:05+00:00\",\"dateModified\":\"2021-12-05T22:58:41+00:00\",\"description\":\"WASHINGTON, DC. ESTADOS UNIDOS.- La Corte Interamericana de Derechos Humanos (Corte IDH) confirm\u00f3 con la resoluci\u00f3n del conocido \u201cCaso Manuela\u201d, de El En Sonora en Equipo publicamos toda la informaci\u00f3n de Sonora, M\u00e9xico y el Mundo de manera oportuna y busca que la libertad de expresi\u00f3n sea real. Visita nuestro medio informativo publicado desde Hermosillo, Sonora. %\",\"breadcrumb\":{\"@id\":\"https:\/\/www.sonoraenequipo.com.mx\/fallo-de-corte-interamericana-de-derechos-humanos-confirma-reconocimiento-del-derecho-a-la-vida-en-el-salvador\/#breadcrumb\"},\"inLanguage\":\"es\",\"potentialAction\":[{\"@type\":\"ReadAction\",\"target\":[\"https:\/\/www.sonoraenequipo.com.mx\/fallo-de-corte-interamericana-de-derechos-humanos-confirma-reconocimiento-del-derecho-a-la-vida-en-el-salvador\/\"]}]},{\"@type\":\"ImageObject\",\"inLanguage\":\"es\",\"@id\":\"https:\/\/www.sonoraenequipo.com.mx\/fallo-de-corte-interamericana-de-derechos-humanos-confirma-reconocimiento-del-derecho-a-la-vida-en-el-salvador\/#primaryimage\",\"url\":\"https:\/\/www.sonoraenequipo.com.mx\/storage\/2021\/12\/bebe-en-mariz_opt.jpg\",\"contentUrl\":\"https:\/\/www.sonoraenequipo.com.mx\/storage\/2021\/12\/bebe-en-mariz_opt.jpg\",\"width\":700,\"height\":400},{\"@type\":\"BreadcrumbList\",\"@id\":\"https:\/\/www.sonoraenequipo.com.mx\/fallo-de-corte-interamericana-de-derechos-humanos-confirma-reconocimiento-del-derecho-a-la-vida-en-el-salvador\/#breadcrumb\",\"itemListElement\":[{\"@type\":\"ListItem\",\"position\":1,\"name\":\"Portada\",\"item\":\"https:\/\/www.sonoraenequipo.com.mx\/\"},{\"@type\":\"ListItem\",\"position\":2,\"name\":\"Fallo de Corte Interamericana de Derechos Humanos confirma reconocimiento del Derecho a la Vida en el Salvador\"}]},{\"@type\":\"WebSite\",\"@id\":\"https:\/\/www.sonoraenequipo.com.mx\/#website\",\"url\":\"https:\/\/www.sonoraenequipo.com.mx\/\",\"name\":\"Sonora en Equipo.\",\"description\":\"Diario en l\u00ednea con Noticias desde Hermosillo, Sonora\",\"publisher\":{\"@id\":\"https:\/\/www.sonoraenequipo.com.mx\/#organization\"},\"potentialAction\":[{\"@type\":\"SearchAction\",\"target\":{\"@type\":\"EntryPoint\",\"urlTemplate\":\"https:\/\/www.sonoraenequipo.com.mx\/?s={search_term_string}\"},\"query-input\":{\"@type\":\"PropertyValueSpecification\",\"valueRequired\":true,\"valueName\":\"search_term_string\"}}],\"inLanguage\":\"es\"},{\"@type\":\"Organization\",\"@id\":\"https:\/\/www.sonoraenequipo.com.mx\/#organization\",\"name\":\"Sonoraenequipo.com.mx\",\"url\":\"https:\/\/www.sonoraenequipo.com.mx\/\",\"logo\":{\"@type\":\"ImageObject\",\"inLanguage\":\"es\",\"@id\":\"https:\/\/www.sonoraenequipo.com.mx\/#\/schema\/logo\/image\/\",\"url\":\"https:\/\/www.sonoraenequipo.com.mx\/storage\/2019\/01\/sonoraenequipo_opt.png\",\"contentUrl\":\"https:\/\/www.sonoraenequipo.com.mx\/storage\/2019\/01\/sonoraenequipo_opt.png\",\"width\":375,\"height\":125,\"caption\":\"Sonoraenequipo.com.mx\"},\"image\":{\"@id\":\"https:\/\/www.sonoraenequipo.com.mx\/#\/schema\/logo\/image\/\"},\"sameAs\":[\"https:\/\/www.facebook.com\/SonoraEE\/\",\"https:\/\/x.com\/sonoraenequipo\",\"https:\/\/www.youtube.com\/channel\/UC338nW-lPEYmJQs4ZABQ1SQ\"]},{\"@type\":\"Person\",\"@id\":\"https:\/\/www.sonoraenequipo.com.mx\/#\/schema\/person\/50102df0fb23a8fa9e8effad8fa81386\",\"name\":\"enequipo\",\"image\":{\"@type\":\"ImageObject\",\"inLanguage\":\"es\",\"@id\":\"https:\/\/www.sonoraenequipo.com.mx\/#\/schema\/person\/image\/\",\"url\":\"https:\/\/secure.gravatar.com\/avatar\/049821681b589dabc0bc20695993ccebb09f5b5d4d790cd9251b97faac7c652b?s=96&d=blank&r=g\",\"contentUrl\":\"https:\/\/secure.gravatar.com\/avatar\/049821681b589dabc0bc20695993ccebb09f5b5d4d790cd9251b97faac7c652b?s=96&d=blank&r=g\",\"caption\":\"enequipo\"},\"sameAs\":[\"https:\/\/www.facebook.com\/SonoraEE\"]}]}<\/script>\n ","yoast_head_json":{"title":"Sonora en Equipo. Fallo de Corte Interamericana de Derechos Humanos confirma reconocimiento del Derecho a la Vida en el Salvador MUNDO","description":"WASHINGTON, DC. ESTADOS UNIDOS.- La Corte Interamericana de Derechos Humanos (Corte IDH) confirm\u00f3 con la resoluci\u00f3n del conocido \u201cCaso Manuela\u201d, de El En Sonora en Equipo publicamos toda la informaci\u00f3n de Sonora, M\u00e9xico y el Mundo de manera oportuna y busca que la libertad de expresi\u00f3n sea real. Visita nuestro medio informativo publicado desde Hermosillo, Sonora. %","robots":{"index":"index","follow":"follow","max-snippet":"max-snippet:-1","max-image-preview":"max-image-preview:large","max-video-preview":"max-video-preview:-1"},"canonical":"https:\/\/www.sonoraenequipo.com.mx\/fallo-de-corte-interamericana-de-derechos-humanos-confirma-reconocimiento-del-derecho-a-la-vida-en-el-salvador\/","og_locale":"es_ES","og_type":"article","og_title":"Sonora en Equipo. Fallo de Corte Interamericana de Derechos Humanos confirma reconocimiento del Derecho a la Vida en el Salvador MUNDO","og_description":"WASHINGTON, DC. ESTADOS UNIDOS.- La Corte Interamericana de Derechos Humanos (Corte IDH) confirm\u00f3 con la resoluci\u00f3n del conocido \u201cCaso Manuela\u201d, de El En Sonora en Equipo publicamos toda la informaci\u00f3n de Sonora, M\u00e9xico y el Mundo de manera oportuna y busca que la libertad de expresi\u00f3n sea real. Visita nuestro medio informativo publicado desde Hermosillo, Sonora. %","og_url":"https:\/\/www.sonoraenequipo.com.mx\/fallo-de-corte-interamericana-de-derechos-humanos-confirma-reconocimiento-del-derecho-a-la-vida-en-el-salvador\/","og_site_name":"Sonora en Equipo.","article_publisher":"https:\/\/www.facebook.com\/SonoraEE\/","article_author":"https:\/\/www.facebook.com\/SonoraEE","article_published_time":"2021-12-04T05:45:05+00:00","article_modified_time":"2021-12-05T22:58:41+00:00","og_image":[{"width":700,"height":400,"url":"https:\/\/www.sonoraenequipo.com.mx\/storage\/2021\/12\/bebe-en-mariz_opt.jpg","type":"image\/jpeg"}],"author":"enequipo","twitter_card":"summary_large_image","twitter_creator":"@sonoraenequipo","twitter_site":"@sonoraenequipo","twitter_misc":{"Escrito por":"enequipo","Tiempo de lectura":"4 minutos"},"schema":{"@context":"https:\/\/schema.org","@graph":[{"@type":"Article","@id":"https:\/\/www.sonoraenequipo.com.mx\/fallo-de-corte-interamericana-de-derechos-humanos-confirma-reconocimiento-del-derecho-a-la-vida-en-el-salvador\/#article","isPartOf":{"@id":"https:\/\/www.sonoraenequipo.com.mx\/fallo-de-corte-interamericana-de-derechos-humanos-confirma-reconocimiento-del-derecho-a-la-vida-en-el-salvador\/"},"author":{"name":"enequipo","@id":"https:\/\/www.sonoraenequipo.com.mx\/#\/schema\/person\/50102df0fb23a8fa9e8effad8fa81386"},"headline":"Fallo de Corte Interamericana de Derechos Humanos confirma reconocimiento del Derecho a la Vida en el Salvador","datePublished":"2021-12-04T05:45:05+00:00","dateModified":"2021-12-05T22:58:41+00:00","mainEntityOfPage":{"@id":"https:\/\/www.sonoraenequipo.com.mx\/fallo-de-corte-interamericana-de-derechos-humanos-confirma-reconocimiento-del-derecho-a-la-vida-en-el-salvador\/"},"wordCount":787,"commentCount":0,"publisher":{"@id":"https:\/\/www.sonoraenequipo.com.mx\/#organization"},"image":{"@id":"https:\/\/www.sonoraenequipo.com.mx\/fallo-de-corte-interamericana-de-derechos-humanos-confirma-reconocimiento-del-derecho-a-la-vida-en-el-salvador\/#primaryimage"},"thumbnailUrl":"https:\/\/www.sonoraenequipo.com.mx\/storage\/2021\/12\/bebe-en-mariz_opt.jpg","articleSection":["MUNDO"],"inLanguage":"es","potentialAction":[{"@type":"CommentAction","name":"Comment","target":["https:\/\/www.sonoraenequipo.com.mx\/fallo-de-corte-interamericana-de-derechos-humanos-confirma-reconocimiento-del-derecho-a-la-vida-en-el-salvador\/#respond"]}]},{"@type":"WebPage","@id":"https:\/\/www.sonoraenequipo.com.mx\/fallo-de-corte-interamericana-de-derechos-humanos-confirma-reconocimiento-del-derecho-a-la-vida-en-el-salvador\/","url":"https:\/\/www.sonoraenequipo.com.mx\/fallo-de-corte-interamericana-de-derechos-humanos-confirma-reconocimiento-del-derecho-a-la-vida-en-el-salvador\/","name":"Sonora en Equipo. Fallo de Corte Interamericana de Derechos Humanos confirma reconocimiento del Derecho a la Vida en el Salvador MUNDO","isPartOf":{"@id":"https:\/\/www.sonoraenequipo.com.mx\/#website"},"primaryImageOfPage":{"@id":"https:\/\/www.sonoraenequipo.com.mx\/fallo-de-corte-interamericana-de-derechos-humanos-confirma-reconocimiento-del-derecho-a-la-vida-en-el-salvador\/#primaryimage"},"image":{"@id":"https:\/\/www.sonoraenequipo.com.mx\/fallo-de-corte-interamericana-de-derechos-humanos-confirma-reconocimiento-del-derecho-a-la-vida-en-el-salvador\/#primaryimage"},"thumbnailUrl":"https:\/\/www.sonoraenequipo.com.mx\/storage\/2021\/12\/bebe-en-mariz_opt.jpg","datePublished":"2021-12-04T05:45:05+00:00","dateModified":"2021-12-05T22:58:41+00:00","description":"WASHINGTON, DC. ESTADOS UNIDOS.- La Corte Interamericana de Derechos Humanos (Corte IDH) confirm\u00f3 con la resoluci\u00f3n del conocido \u201cCaso Manuela\u201d, de El En Sonora en Equipo publicamos toda la informaci\u00f3n de Sonora, M\u00e9xico y el Mundo de manera oportuna y busca que la libertad de expresi\u00f3n sea real. Visita nuestro medio informativo publicado desde Hermosillo, Sonora. %","breadcrumb":{"@id":"https:\/\/www.sonoraenequipo.com.mx\/fallo-de-corte-interamericana-de-derechos-humanos-confirma-reconocimiento-del-derecho-a-la-vida-en-el-salvador\/#breadcrumb"},"inLanguage":"es","potentialAction":[{"@type":"ReadAction","target":["https:\/\/www.sonoraenequipo.com.mx\/fallo-de-corte-interamericana-de-derechos-humanos-confirma-reconocimiento-del-derecho-a-la-vida-en-el-salvador\/"]}]},{"@type":"ImageObject","inLanguage":"es","@id":"https:\/\/www.sonoraenequipo.com.mx\/fallo-de-corte-interamericana-de-derechos-humanos-confirma-reconocimiento-del-derecho-a-la-vida-en-el-salvador\/#primaryimage","url":"https:\/\/www.sonoraenequipo.com.mx\/storage\/2021\/12\/bebe-en-mariz_opt.jpg","contentUrl":"https:\/\/www.sonoraenequipo.com.mx\/storage\/2021\/12\/bebe-en-mariz_opt.jpg","width":700,"height":400},{"@type":"BreadcrumbList","@id":"https:\/\/www.sonoraenequipo.com.mx\/fallo-de-corte-interamericana-de-derechos-humanos-confirma-reconocimiento-del-derecho-a-la-vida-en-el-salvador\/#breadcrumb","itemListElement":[{"@type":"ListItem","position":1,"name":"Portada","item":"https:\/\/www.sonoraenequipo.com.mx\/"},{"@type":"ListItem","position":2,"name":"Fallo de Corte Interamericana de Derechos Humanos confirma reconocimiento del Derecho a la Vida en el Salvador"}]},{"@type":"WebSite","@id":"https:\/\/www.sonoraenequipo.com.mx\/#website","url":"https:\/\/www.sonoraenequipo.com.mx\/","name":"Sonora en Equipo.","description":"Diario en l\u00ednea con Noticias desde Hermosillo, Sonora","publisher":{"@id":"https:\/\/www.sonoraenequipo.com.mx\/#organization"},"potentialAction":[{"@type":"SearchAction","target":{"@type":"EntryPoint","urlTemplate":"https:\/\/www.sonoraenequipo.com.mx\/?s={search_term_string}"},"query-input":{"@type":"PropertyValueSpecification","valueRequired":true,"valueName":"search_term_string"}}],"inLanguage":"es"},{"@type":"Organization","@id":"https:\/\/www.sonoraenequipo.com.mx\/#organization","name":"Sonoraenequipo.com.mx","url":"https:\/\/www.sonoraenequipo.com.mx\/","logo":{"@type":"ImageObject","inLanguage":"es","@id":"https:\/\/www.sonoraenequipo.com.mx\/#\/schema\/logo\/image\/","url":"https:\/\/www.sonoraenequipo.com.mx\/storage\/2019\/01\/sonoraenequipo_opt.png","contentUrl":"https:\/\/www.sonoraenequipo.com.mx\/storage\/2019\/01\/sonoraenequipo_opt.png","width":375,"height":125,"caption":"Sonoraenequipo.com.mx"},"image":{"@id":"https:\/\/www.sonoraenequipo.com.mx\/#\/schema\/logo\/image\/"},"sameAs":["https:\/\/www.facebook.com\/SonoraEE\/","https:\/\/x.com\/sonoraenequipo","https:\/\/www.youtube.com\/channel\/UC338nW-lPEYmJQs4ZABQ1SQ"]},{"@type":"Person","@id":"https:\/\/www.sonoraenequipo.com.mx\/#\/schema\/person\/50102df0fb23a8fa9e8effad8fa81386","name":"enequipo","image":{"@type":"ImageObject","inLanguage":"es","@id":"https:\/\/www.sonoraenequipo.com.mx\/#\/schema\/person\/image\/","url":"https:\/\/secure.gravatar.com\/avatar\/049821681b589dabc0bc20695993ccebb09f5b5d4d790cd9251b97faac7c652b?s=96&d=blank&r=g","contentUrl":"https:\/\/secure.gravatar.com\/avatar\/049821681b589dabc0bc20695993ccebb09f5b5d4d790cd9251b97faac7c652b?s=96&d=blank&r=g","caption":"enequipo"},"sameAs":["https:\/\/www.facebook.com\/SonoraEE"]}]}},"jetpack_featured_media_url":"https:\/\/www.sonoraenequipo.com.mx\/storage\/2021\/12\/bebe-en-mariz_opt.jpg","_links":{"self":[{"href":"https:\/\/www.sonoraenequipo.com.mx\/api\/wp\/v2\/posts\/128940","targetHints":{"allow":["GET"]}}],"collection":[{"href":"https:\/\/www.sonoraenequipo.com.mx\/api\/wp\/v2\/posts"}],"about":[{"href":"https:\/\/www.sonoraenequipo.com.mx\/api\/wp\/v2\/types\/post"}],"author":[{"embeddable":true,"href":"https:\/\/www.sonoraenequipo.com.mx\/api\/wp\/v2\/users\/1"}],"replies":[{"embeddable":true,"href":"https:\/\/www.sonoraenequipo.com.mx\/api\/wp\/v2\/comments?post=128940"}],"version-history":[{"count":1,"href":"https:\/\/www.sonoraenequipo.com.mx\/api\/wp\/v2\/posts\/128940\/revisions"}],"predecessor-version":[{"id":128942,"href":"https:\/\/www.sonoraenequipo.com.mx\/api\/wp\/v2\/posts\/128940\/revisions\/128942"}],"wp:featuredmedia":[{"embeddable":true,"href":"https:\/\/www.sonoraenequipo.com.mx\/api\/wp\/v2\/media\/128941"}],"wp:attachment":[{"href":"https:\/\/www.sonoraenequipo.com.mx\/api\/wp\/v2\/media?parent=128940"}],"wp:term":[{"taxonomy":"category","embeddable":true,"href":"https:\/\/www.sonoraenequipo.com.mx\/api\/wp\/v2\/categories?post=128940"},{"taxonomy":"post_tag","embeddable":true,"href":"https:\/\/www.sonoraenequipo.com.mx\/api\/wp\/v2\/tags?post=128940"}],"curies":[{"name":"wp","href":"https:\/\/api.w.org\/{rel}","templated":true}]}}