{"id":129162,"date":"2021-12-09T14:20:07","date_gmt":"2021-12-09T21:20:07","guid":{"rendered":"https:\/\/www.sonoraenequipo.com.mx\/?p=129162"},"modified":"2021-12-09T14:20:07","modified_gmt":"2021-12-09T21:20:07","slug":"rinde-protesta-juan-gonzalez-alvarado-como-integrante-de-coepra","status":"publish","type":"post","link":"https:\/\/www.sonoraenequipo.com.mx\/rinde-protesta-juan-gonzalez-alvarado-como-integrante-de-coepra\/","title":{"rendered":"Rinde protesta Juan Gonz\u00e1lez Alvarado como integrante de Coepra"},"content":{"rendered":"<p>HERMOSILLO, SONORA,MX.\u2500\u2500 Juan Gonz\u00e1lez Alvarado, titular de la Coordinaci\u00f3n Estatal de Protecci\u00f3n Civil (CEPC), rindi\u00f3 protesta como integrante del Consejo Estatal para la Prevenci\u00f3n de Accidentes (Coepra), reinstalado por la Secretar\u00eda de Salud, el cual ser\u00e1 dirigido por Jonathan Garza.<\/p>\n<p>&nbsp;<\/p>\n<p>La ceremonia se realiz\u00f3 en presencia de autoridades estatales y federales que tendr\u00e1n participaci\u00f3n en dicho organismo y fue dirigido por la subsecretaria de Salud, Gabriela del Carmen Nucamendi Cervantes.<\/p>\n<p>&nbsp;<\/p>\n<p>La reinstalaci\u00f3n de Coepra en Sonora es un esfuerzo que efect\u00faan dependencias de los tres niveles de gobierno, entre ellas la Coordinaci\u00f3n Estatal de Protecci\u00f3n Civil, para ejercer acciones preventivas y se puedan evitar los accidentes de cualquier \u00edndole en el estado, destacando los siniestros viales o aquellos relacionados con la movilidad en el territorio estatal.<\/p>\n<p>&nbsp;<\/p>\n<p>Juan Gonz\u00e1lez Alvarado, titular de Protecci\u00f3n Civil Estatal, destac\u00f3 en su participaci\u00f3n la encomienda del gobernador Alfonso Durazo de trabajar de manera coordinada para reducir ese fen\u00f3meno en Sonora, e invit\u00f3 adem\u00e1s al resto de las dependencias a participar con propuestas de reformas a la Ley de Protecci\u00f3n Civil.<\/p>\n<p>Fecha de publicaci\u00f3n jueves\/ 09 \/ diciembre\/ 2021<\/p>\n","protected":false},"excerpt":{"rendered":"<p>HERMOSILLO, SONORA,MX.\u2500\u2500 Juan Gonz\u00e1lez Alvarado, titular de la Coordinaci\u00f3n Estatal de Protecci\u00f3n Civil (CEPC), rindi\u00f3&#8230;<\/p>\n","protected":false},"author":1,"featured_media":129172,"comment_status":"open","ping_status":"open","sticky":false,"template":"","format":"standard","meta":{"_monsterinsights_skip_tracking":false,"_monsterinsights_sitenote_active":false,"_monsterinsights_sitenote_note":"","_monsterinsights_sitenote_category":0,"footnotes":""},"categories":[22],"tags":[6492],"class_list":["post"],"yoast_head":" \n<title>Sonora en Equipo. Rinde protesta Juan Gonz\u00e1lez Alvarado como integrante de Coepra Sonora<\/title>\n<meta name=\"description\" content=\"HERMOSILLO, SONORA,MX.\u2500\u2500 Juan Gonz\u00e1lez Alvarado, titular de la Coordinaci\u00f3n Estatal de Protecci\u00f3n Civil (CEPC), rindi\u00f3 protesta como integrante del En Sonora en Equipo publicamos toda la informaci\u00f3n de Sonora, M\u00e9xico y el Mundo de manera oportuna y busca que la libertad de expresi\u00f3n sea real. Visita nuestro medio informativo publicado desde Hermosillo, Sonora. %\" \/>\n<meta name=\"robots\" content=\"index, follow, max-snippet:-1, max-image-preview:large, max-video-preview:-1\" \/>\n<link rel=\"canonical\" href=\"https:\/\/www.sonoraenequipo.com.mx\/rinde-protesta-juan-gonzalez-alvarado-como-integrante-de-coepra\/\" \/>\n<meta property=\"og:locale\" content=\"es_ES\" \/>\n<meta property=\"og:type\" content=\"article\" \/>\n<meta property=\"og:title\" content=\"Sonora en Equipo. Rinde protesta Juan Gonz\u00e1lez Alvarado como integrante de Coepra Sonora\" \/>\n<meta property=\"og:description\" content=\"HERMOSILLO, SONORA,MX.\u2500\u2500 Juan Gonz\u00e1lez Alvarado, titular de la Coordinaci\u00f3n Estatal de Protecci\u00f3n Civil (CEPC), rindi\u00f3 protesta como integrante del En Sonora en Equipo publicamos toda la informaci\u00f3n de Sonora, M\u00e9xico y el Mundo de manera oportuna y busca que la libertad de expresi\u00f3n sea real. Visita nuestro medio informativo publicado desde Hermosillo, Sonora. %\" \/>\n<meta property=\"og:url\" content=\"https:\/\/www.sonoraenequipo.com.mx\/rinde-protesta-juan-gonzalez-alvarado-como-integrante-de-coepra\/\" \/>\n<meta property=\"og:site_name\" content=\"Sonora en Equipo.\" \/>\n<meta property=\"article:publisher\" content=\"https:\/\/www.facebook.com\/SonoraEE\/\" \/>\n<meta property=\"article:author\" content=\"https:\/\/www.facebook.com\/SonoraEE\" \/>\n<meta property=\"article:published_time\" content=\"2021-12-09T21:20:07+00:00\" \/>\n<meta property=\"og:image\" content=\"https:\/\/www.sonoraenequipo.com.mx\/storage\/2021\/12\/coepra.jpg\" \/>\n\t<meta property=\"og:image:width\" content=\"700\" \/>\n\t<meta property=\"og:image:height\" content=\"400\" \/>\n\t<meta property=\"og:image:type\" content=\"image\/jpeg\" \/>\n<meta name=\"author\" content=\"enequipo\" \/>\n<meta name=\"twitter:card\" content=\"summary_large_image\" \/>\n<meta name=\"twitter:creator\" content=\"@sonoraenequipo\" \/>\n<meta name=\"twitter:site\" content=\"@sonoraenequipo\" \/>\n<meta name=\"twitter:label1\" content=\"Escrito por\" \/>\n\t<meta name=\"twitter:data1\" content=\"enequipo\" \/>\n\t<meta name=\"twitter:label2\" content=\"Tiempo de lectura\" \/>\n\t<meta name=\"twitter:data2\" content=\"1 minuto\" \/>\n<script type=\"application\/ld+json\" class=\"yoast-schema-graph\">{\"@context\":\"https:\/\/schema.org\",\"@graph\":[{\"@type\":\"Article\",\"@id\":\"https:\/\/www.sonoraenequipo.com.mx\/rinde-protesta-juan-gonzalez-alvarado-como-integrante-de-coepra\/#article\",\"isPartOf\":{\"@id\":\"https:\/\/www.sonoraenequipo.com.mx\/rinde-protesta-juan-gonzalez-alvarado-como-integrante-de-coepra\/\"},\"author\":{\"name\":\"enequipo\",\"@id\":\"https:\/\/www.sonoraenequipo.com.mx\/#\/schema\/person\/50102df0fb23a8fa9e8effad8fa81386\"},\"headline\":\"Rinde protesta Juan Gonz\u00e1lez Alvarado como integrante de Coepra\",\"datePublished\":\"2021-12-09T21:20:07+00:00\",\"mainEntityOfPage\":{\"@id\":\"https:\/\/www.sonoraenequipo.com.mx\/rinde-protesta-juan-gonzalez-alvarado-como-integrante-de-coepra\/\"},\"wordCount\":212,\"commentCount\":0,\"publisher\":{\"@id\":\"https:\/\/www.sonoraenequipo.com.mx\/#organization\"},\"image\":{\"@id\":\"https:\/\/www.sonoraenequipo.com.mx\/rinde-protesta-juan-gonzalez-alvarado-como-integrante-de-coepra\/#primaryimage\"},\"thumbnailUrl\":\"https:\/\/www.sonoraenequipo.com.mx\/storage\/2021\/12\/coepra.jpg\",\"keywords\":[\"coepra\"],\"articleSection\":[\"Sonora\"],\"inLanguage\":\"es\",\"potentialAction\":[{\"@type\":\"CommentAction\",\"name\":\"Comment\",\"target\":[\"https:\/\/www.sonoraenequipo.com.mx\/rinde-protesta-juan-gonzalez-alvarado-como-integrante-de-coepra\/#respond\"]}]},{\"@type\":\"WebPage\",\"@id\":\"https:\/\/www.sonoraenequipo.com.mx\/rinde-protesta-juan-gonzalez-alvarado-como-integrante-de-coepra\/\",\"url\":\"https:\/\/www.sonoraenequipo.com.mx\/rinde-protesta-juan-gonzalez-alvarado-como-integrante-de-coepra\/\",\"name\":\"Sonora en Equipo. Rinde protesta Juan Gonz\u00e1lez Alvarado como integrante de Coepra Sonora\",\"isPartOf\":{\"@id\":\"https:\/\/www.sonoraenequipo.com.mx\/#website\"},\"primaryImageOfPage\":{\"@id\":\"https:\/\/www.sonoraenequipo.com.mx\/rinde-protesta-juan-gonzalez-alvarado-como-integrante-de-coepra\/#primaryimage\"},\"image\":{\"@id\":\"https:\/\/www.sonoraenequipo.com.mx\/rinde-protesta-juan-gonzalez-alvarado-como-integrante-de-coepra\/#primaryimage\"},\"thumbnailUrl\":\"https:\/\/www.sonoraenequipo.com.mx\/storage\/2021\/12\/coepra.jpg\",\"datePublished\":\"2021-12-09T21:20:07+00:00\",\"description\":\"HERMOSILLO, SONORA,MX.\u2500\u2500 Juan Gonz\u00e1lez Alvarado, titular de la Coordinaci\u00f3n Estatal de Protecci\u00f3n Civil (CEPC), rindi\u00f3 protesta como integrante del En Sonora en Equipo publicamos toda la informaci\u00f3n de Sonora, M\u00e9xico y el Mundo de manera oportuna y busca que la libertad de expresi\u00f3n sea real. Visita nuestro medio informativo publicado desde Hermosillo, Sonora. %\",\"breadcrumb\":{\"@id\":\"https:\/\/www.sonoraenequipo.com.mx\/rinde-protesta-juan-gonzalez-alvarado-como-integrante-de-coepra\/#breadcrumb\"},\"inLanguage\":\"es\",\"potentialAction\":[{\"@type\":\"ReadAction\",\"target\":[\"https:\/\/www.sonoraenequipo.com.mx\/rinde-protesta-juan-gonzalez-alvarado-como-integrante-de-coepra\/\"]}]},{\"@type\":\"ImageObject\",\"inLanguage\":\"es\",\"@id\":\"https:\/\/www.sonoraenequipo.com.mx\/rinde-protesta-juan-gonzalez-alvarado-como-integrante-de-coepra\/#primaryimage\",\"url\":\"https:\/\/www.sonoraenequipo.com.mx\/storage\/2021\/12\/coepra.jpg\",\"contentUrl\":\"https:\/\/www.sonoraenequipo.com.mx\/storage\/2021\/12\/coepra.jpg\",\"width\":700,\"height\":400},{\"@type\":\"BreadcrumbList\",\"@id\":\"https:\/\/www.sonoraenequipo.com.mx\/rinde-protesta-juan-gonzalez-alvarado-como-integrante-de-coepra\/#breadcrumb\",\"itemListElement\":[{\"@type\":\"ListItem\",\"position\":1,\"name\":\"Portada\",\"item\":\"https:\/\/www.sonoraenequipo.com.mx\/\"},{\"@type\":\"ListItem\",\"position\":2,\"name\":\"Rinde protesta Juan Gonz\u00e1lez Alvarado como integrante de Coepra\"}]},{\"@type\":\"WebSite\",\"@id\":\"https:\/\/www.sonoraenequipo.com.mx\/#website\",\"url\":\"https:\/\/www.sonoraenequipo.com.mx\/\",\"name\":\"Sonora en Equipo.\",\"description\":\"Diario en l\u00ednea con Noticias desde Hermosillo, Sonora\",\"publisher\":{\"@id\":\"https:\/\/www.sonoraenequipo.com.mx\/#organization\"},\"potentialAction\":[{\"@type\":\"SearchAction\",\"target\":{\"@type\":\"EntryPoint\",\"urlTemplate\":\"https:\/\/www.sonoraenequipo.com.mx\/?s={search_term_string}\"},\"query-input\":{\"@type\":\"PropertyValueSpecification\",\"valueRequired\":true,\"valueName\":\"search_term_string\"}}],\"inLanguage\":\"es\"},{\"@type\":\"Organization\",\"@id\":\"https:\/\/www.sonoraenequipo.com.mx\/#organization\",\"name\":\"Sonoraenequipo.com.mx\",\"url\":\"https:\/\/www.sonoraenequipo.com.mx\/\",\"logo\":{\"@type\":\"ImageObject\",\"inLanguage\":\"es\",\"@id\":\"https:\/\/www.sonoraenequipo.com.mx\/#\/schema\/logo\/image\/\",\"url\":\"https:\/\/www.sonoraenequipo.com.mx\/storage\/2019\/01\/sonoraenequipo_opt.png\",\"contentUrl\":\"https:\/\/www.sonoraenequipo.com.mx\/storage\/2019\/01\/sonoraenequipo_opt.png\",\"width\":375,\"height\":125,\"caption\":\"Sonoraenequipo.com.mx\"},\"image\":{\"@id\":\"https:\/\/www.sonoraenequipo.com.mx\/#\/schema\/logo\/image\/\"},\"sameAs\":[\"https:\/\/www.facebook.com\/SonoraEE\/\",\"https:\/\/x.com\/sonoraenequipo\",\"https:\/\/www.youtube.com\/channel\/UC338nW-lPEYmJQs4ZABQ1SQ\"]},{\"@type\":\"Person\",\"@id\":\"https:\/\/www.sonoraenequipo.com.mx\/#\/schema\/person\/50102df0fb23a8fa9e8effad8fa81386\",\"name\":\"enequipo\",\"image\":{\"@type\":\"ImageObject\",\"inLanguage\":\"es\",\"@id\":\"https:\/\/www.sonoraenequipo.com.mx\/#\/schema\/person\/image\/\",\"url\":\"https:\/\/secure.gravatar.com\/avatar\/049821681b589dabc0bc20695993ccebb09f5b5d4d790cd9251b97faac7c652b?s=96&d=blank&r=g\",\"contentUrl\":\"https:\/\/secure.gravatar.com\/avatar\/049821681b589dabc0bc20695993ccebb09f5b5d4d790cd9251b97faac7c652b?s=96&d=blank&r=g\",\"caption\":\"enequipo\"},\"sameAs\":[\"https:\/\/www.facebook.com\/SonoraEE\"]}]}<\/script>\n ","yoast_head_json":{"title":"Sonora en Equipo. Rinde protesta Juan Gonz\u00e1lez Alvarado como integrante de Coepra Sonora","description":"HERMOSILLO, SONORA,MX.\u2500\u2500 Juan Gonz\u00e1lez Alvarado, titular de la Coordinaci\u00f3n Estatal de Protecci\u00f3n Civil (CEPC), rindi\u00f3 protesta como integrante del En Sonora en Equipo publicamos toda la informaci\u00f3n de Sonora, M\u00e9xico y el Mundo de manera oportuna y busca que la libertad de expresi\u00f3n sea real. Visita nuestro medio informativo publicado desde Hermosillo, Sonora. %","robots":{"index":"index","follow":"follow","max-snippet":"max-snippet:-1","max-image-preview":"max-image-preview:large","max-video-preview":"max-video-preview:-1"},"canonical":"https:\/\/www.sonoraenequipo.com.mx\/rinde-protesta-juan-gonzalez-alvarado-como-integrante-de-coepra\/","og_locale":"es_ES","og_type":"article","og_title":"Sonora en Equipo. Rinde protesta Juan Gonz\u00e1lez Alvarado como integrante de Coepra Sonora","og_description":"HERMOSILLO, SONORA,MX.\u2500\u2500 Juan Gonz\u00e1lez Alvarado, titular de la Coordinaci\u00f3n Estatal de Protecci\u00f3n Civil (CEPC), rindi\u00f3 protesta como integrante del En Sonora en Equipo publicamos toda la informaci\u00f3n de Sonora, M\u00e9xico y el Mundo de manera oportuna y busca que la libertad de expresi\u00f3n sea real. Visita nuestro medio informativo publicado desde Hermosillo, Sonora. %","og_url":"https:\/\/www.sonoraenequipo.com.mx\/rinde-protesta-juan-gonzalez-alvarado-como-integrante-de-coepra\/","og_site_name":"Sonora en Equipo.","article_publisher":"https:\/\/www.facebook.com\/SonoraEE\/","article_author":"https:\/\/www.facebook.com\/SonoraEE","article_published_time":"2021-12-09T21:20:07+00:00","og_image":[{"width":700,"height":400,"url":"https:\/\/www.sonoraenequipo.com.mx\/storage\/2021\/12\/coepra.jpg","type":"image\/jpeg"}],"author":"enequipo","twitter_card":"summary_large_image","twitter_creator":"@sonoraenequipo","twitter_site":"@sonoraenequipo","twitter_misc":{"Escrito por":"enequipo","Tiempo de lectura":"1 minuto"},"schema":{"@context":"https:\/\/schema.org","@graph":[{"@type":"Article","@id":"https:\/\/www.sonoraenequipo.com.mx\/rinde-protesta-juan-gonzalez-alvarado-como-integrante-de-coepra\/#article","isPartOf":{"@id":"https:\/\/www.sonoraenequipo.com.mx\/rinde-protesta-juan-gonzalez-alvarado-como-integrante-de-coepra\/"},"author":{"name":"enequipo","@id":"https:\/\/www.sonoraenequipo.com.mx\/#\/schema\/person\/50102df0fb23a8fa9e8effad8fa81386"},"headline":"Rinde protesta Juan Gonz\u00e1lez Alvarado como integrante de Coepra","datePublished":"2021-12-09T21:20:07+00:00","mainEntityOfPage":{"@id":"https:\/\/www.sonoraenequipo.com.mx\/rinde-protesta-juan-gonzalez-alvarado-como-integrante-de-coepra\/"},"wordCount":212,"commentCount":0,"publisher":{"@id":"https:\/\/www.sonoraenequipo.com.mx\/#organization"},"image":{"@id":"https:\/\/www.sonoraenequipo.com.mx\/rinde-protesta-juan-gonzalez-alvarado-como-integrante-de-coepra\/#primaryimage"},"thumbnailUrl":"https:\/\/www.sonoraenequipo.com.mx\/storage\/2021\/12\/coepra.jpg","keywords":["coepra"],"articleSection":["Sonora"],"inLanguage":"es","potentialAction":[{"@type":"CommentAction","name":"Comment","target":["https:\/\/www.sonoraenequipo.com.mx\/rinde-protesta-juan-gonzalez-alvarado-como-integrante-de-coepra\/#respond"]}]},{"@type":"WebPage","@id":"https:\/\/www.sonoraenequipo.com.mx\/rinde-protesta-juan-gonzalez-alvarado-como-integrante-de-coepra\/","url":"https:\/\/www.sonoraenequipo.com.mx\/rinde-protesta-juan-gonzalez-alvarado-como-integrante-de-coepra\/","name":"Sonora en Equipo. Rinde protesta Juan Gonz\u00e1lez Alvarado como integrante de Coepra Sonora","isPartOf":{"@id":"https:\/\/www.sonoraenequipo.com.mx\/#website"},"primaryImageOfPage":{"@id":"https:\/\/www.sonoraenequipo.com.mx\/rinde-protesta-juan-gonzalez-alvarado-como-integrante-de-coepra\/#primaryimage"},"image":{"@id":"https:\/\/www.sonoraenequipo.com.mx\/rinde-protesta-juan-gonzalez-alvarado-como-integrante-de-coepra\/#primaryimage"},"thumbnailUrl":"https:\/\/www.sonoraenequipo.com.mx\/storage\/2021\/12\/coepra.jpg","datePublished":"2021-12-09T21:20:07+00:00","description":"HERMOSILLO, SONORA,MX.\u2500\u2500 Juan Gonz\u00e1lez Alvarado, titular de la Coordinaci\u00f3n Estatal de Protecci\u00f3n Civil (CEPC), rindi\u00f3 protesta como integrante del En Sonora en Equipo publicamos toda la informaci\u00f3n de Sonora, M\u00e9xico y el Mundo de manera oportuna y busca que la libertad de expresi\u00f3n sea real. Visita nuestro medio informativo publicado desde Hermosillo, Sonora. %","breadcrumb":{"@id":"https:\/\/www.sonoraenequipo.com.mx\/rinde-protesta-juan-gonzalez-alvarado-como-integrante-de-coepra\/#breadcrumb"},"inLanguage":"es","potentialAction":[{"@type":"ReadAction","target":["https:\/\/www.sonoraenequipo.com.mx\/rinde-protesta-juan-gonzalez-alvarado-como-integrante-de-coepra\/"]}]},{"@type":"ImageObject","inLanguage":"es","@id":"https:\/\/www.sonoraenequipo.com.mx\/rinde-protesta-juan-gonzalez-alvarado-como-integrante-de-coepra\/#primaryimage","url":"https:\/\/www.sonoraenequipo.com.mx\/storage\/2021\/12\/coepra.jpg","contentUrl":"https:\/\/www.sonoraenequipo.com.mx\/storage\/2021\/12\/coepra.jpg","width":700,"height":400},{"@type":"BreadcrumbList","@id":"https:\/\/www.sonoraenequipo.com.mx\/rinde-protesta-juan-gonzalez-alvarado-como-integrante-de-coepra\/#breadcrumb","itemListElement":[{"@type":"ListItem","position":1,"name":"Portada","item":"https:\/\/www.sonoraenequipo.com.mx\/"},{"@type":"ListItem","position":2,"name":"Rinde protesta Juan Gonz\u00e1lez Alvarado como integrante de Coepra"}]},{"@type":"WebSite","@id":"https:\/\/www.sonoraenequipo.com.mx\/#website","url":"https:\/\/www.sonoraenequipo.com.mx\/","name":"Sonora en Equipo.","description":"Diario en l\u00ednea con Noticias desde Hermosillo, Sonora","publisher":{"@id":"https:\/\/www.sonoraenequipo.com.mx\/#organization"},"potentialAction":[{"@type":"SearchAction","target":{"@type":"EntryPoint","urlTemplate":"https:\/\/www.sonoraenequipo.com.mx\/?s={search_term_string}"},"query-input":{"@type":"PropertyValueSpecification","valueRequired":true,"valueName":"search_term_string"}}],"inLanguage":"es"},{"@type":"Organization","@id":"https:\/\/www.sonoraenequipo.com.mx\/#organization","name":"Sonoraenequipo.com.mx","url":"https:\/\/www.sonoraenequipo.com.mx\/","logo":{"@type":"ImageObject","inLanguage":"es","@id":"https:\/\/www.sonoraenequipo.com.mx\/#\/schema\/logo\/image\/","url":"https:\/\/www.sonoraenequipo.com.mx\/storage\/2019\/01\/sonoraenequipo_opt.png","contentUrl":"https:\/\/www.sonoraenequipo.com.mx\/storage\/2019\/01\/sonoraenequipo_opt.png","width":375,"height":125,"caption":"Sonoraenequipo.com.mx"},"image":{"@id":"https:\/\/www.sonoraenequipo.com.mx\/#\/schema\/logo\/image\/"},"sameAs":["https:\/\/www.facebook.com\/SonoraEE\/","https:\/\/x.com\/sonoraenequipo","https:\/\/www.youtube.com\/channel\/UC338nW-lPEYmJQs4ZABQ1SQ"]},{"@type":"Person","@id":"https:\/\/www.sonoraenequipo.com.mx\/#\/schema\/person\/50102df0fb23a8fa9e8effad8fa81386","name":"enequipo","image":{"@type":"ImageObject","inLanguage":"es","@id":"https:\/\/www.sonoraenequipo.com.mx\/#\/schema\/person\/image\/","url":"https:\/\/secure.gravatar.com\/avatar\/049821681b589dabc0bc20695993ccebb09f5b5d4d790cd9251b97faac7c652b?s=96&d=blank&r=g","contentUrl":"https:\/\/secure.gravatar.com\/avatar\/049821681b589dabc0bc20695993ccebb09f5b5d4d790cd9251b97faac7c652b?s=96&d=blank&r=g","caption":"enequipo"},"sameAs":["https:\/\/www.facebook.com\/SonoraEE"]}]}},"jetpack_featured_media_url":"https:\/\/www.sonoraenequipo.com.mx\/storage\/2021\/12\/coepra.jpg","_links":{"self":[{"href":"https:\/\/www.sonoraenequipo.com.mx\/api\/wp\/v2\/posts\/129162","targetHints":{"allow":["GET"]}}],"collection":[{"href":"https:\/\/www.sonoraenequipo.com.mx\/api\/wp\/v2\/posts"}],"about":[{"href":"https:\/\/www.sonoraenequipo.com.mx\/api\/wp\/v2\/types\/post"}],"author":[{"embeddable":true,"href":"https:\/\/www.sonoraenequipo.com.mx\/api\/wp\/v2\/users\/1"}],"replies":[{"embeddable":true,"href":"https:\/\/www.sonoraenequipo.com.mx\/api\/wp\/v2\/comments?post=129162"}],"version-history":[{"count":1,"href":"https:\/\/www.sonoraenequipo.com.mx\/api\/wp\/v2\/posts\/129162\/revisions"}],"predecessor-version":[{"id":129173,"href":"https:\/\/www.sonoraenequipo.com.mx\/api\/wp\/v2\/posts\/129162\/revisions\/129173"}],"wp:featuredmedia":[{"embeddable":true,"href":"https:\/\/www.sonoraenequipo.com.mx\/api\/wp\/v2\/media\/129172"}],"wp:attachment":[{"href":"https:\/\/www.sonoraenequipo.com.mx\/api\/wp\/v2\/media?parent=129162"}],"wp:term":[{"taxonomy":"category","embeddable":true,"href":"https:\/\/www.sonoraenequipo.com.mx\/api\/wp\/v2\/categories?post=129162"},{"taxonomy":"post_tag","embeddable":true,"href":"https:\/\/www.sonoraenequipo.com.mx\/api\/wp\/v2\/tags?post=129162"}],"curies":[{"name":"wp","href":"https:\/\/api.w.org\/{rel}","templated":true}]}}