{"id":129187,"date":"2021-12-09T17:47:52","date_gmt":"2021-12-10T00:47:52","guid":{"rendered":"https:\/\/www.sonoraenequipo.com.mx\/?p=129187"},"modified":"2021-12-09T17:47:52","modified_gmt":"2021-12-10T00:47:52","slug":"arrancan-acciones-del-sistema-estatal-de-mejora-regulatoria","status":"publish","type":"post","link":"https:\/\/www.sonoraenequipo.com.mx\/arrancan-acciones-del-sistema-estatal-de-mejora-regulatoria\/","title":{"rendered":"Arrancan acciones del Sistema Estatal de Mejora Regulatoria"},"content":{"rendered":"<p>HERMOSILLO, SONORA,MX.\u2500\u2500 Este 8 y 9 de diciembre, la Secretar\u00eda de Econom\u00eda, a trav\u00e9s de la Comisi\u00f3n Estatal de Mejora Regulatoria del Estado de Sonora (Cemerson), llev\u00f3 a cabo capacitaciones a los funcionarios participantes de la administraci\u00f3n p\u00fablica estatal y municipal.<\/p>\n<p>&nbsp;<\/p>\n<p>&nbsp;<\/p>\n<p>&nbsp;<\/p>\n<p>La titular de la Comisi\u00f3n Estatal de Mejora Regulatoria, Silvia Aurora Rojas Sol\u00eds, resalt\u00f3 la importancia de estas reuniones con los enlaces responsables de cada unidad administrativa, con las que se pretende trabajar en conjunto para unificar procesos al igual que simplificar y digitalizar los tr\u00e1mites y servicios, en beneficio de la sociedad y sectores vulnerables para dar cumplimiento a los compromisos establecidos en el documento oficial de la Ruta de la Transformaci\u00f3n del Gobierno del Estado de Sonora 2021-2027.<\/p>\n<p>&nbsp;<\/p>\n<p>&nbsp;<\/p>\n<p>&nbsp;<\/p>\n<p>Se expuso que la Cemerson trabaj\u00f3 junto con la Consejer\u00eda Jur\u00eddica, para validar un formato para emisi\u00f3n de \u201cRecomendaciones en tramitolog\u00eda y normativa de alto impacto\u201d que podr\u00e1 darse a las instancias para invitarlas a modificar, crear o eliminar procedimientos que limiten dar respuesta y soluciones a grupos sociales vulnerables.<\/p>\n<p>&nbsp;<\/p>\n<p>&nbsp;<\/p>\n<p>&nbsp;<\/p>\n<p>Participaron activamente 22 enlaces de secretar\u00edas y posteriormente los municipios de Nogales, Cananea, Navojoa, Huatabampo, Aconchi, Plutarco El\u00edas Calles, Hu\u00e9pac y Mazat\u00e1n; as\u00ed como los responsables del Poder Legislativo, Judicial; la Comisi\u00f3n Estatal de Derechos Humanos y el Tribunal de Justicia Administrativa para el Estado de Sonora.<\/p>\n<p>&nbsp;<\/p>\n<p>&nbsp;<\/p>\n<p>&nbsp;<\/p>\n<p>Con esta actividad se da inicio a las actividades del Sistema Estatal de Mejora Regulatoria, para encaminar una pol\u00edtica p\u00fablica transformadora enfocada en los usuarios de tr\u00e1mites, empresarios y emprendedores que generan inversi\u00f3n en el estado.<\/p>\n<p>&nbsp;<\/p>\n<p>&nbsp;<\/p>\n<p>&nbsp;<\/p>\n<p>Entre los temas abordados, destacan: Alcances y herramientas que deben instrumentar los sujetos obligados, An\u00e1lisis de Impacto Regulatorio expost y exante, Resultados de la Encuesta Nacional de Calidad Regulatoria e Impacto Gubernamental en Empresas (Inegi, 2020), Agenda y Programa de Mejora Regulatoria y, por \u00faltimo, Certificaci\u00f3n de Juicios Orales Mercantiles.<\/p>\n<p>Fecha de publicaci\u00f3n jueves\/ 09 \/ diciembre\/ 2021\u00a0 \/ C S No. 1221028<\/p>\n","protected":false},"excerpt":{"rendered":"<p>HERMOSILLO, SONORA,MX.\u2500\u2500 Este 8 y 9 de diciembre, la Secretar\u00eda de Econom\u00eda, a trav\u00e9s de&#8230;<\/p>\n","protected":false},"author":1,"featured_media":129194,"comment_status":"open","ping_status":"open","sticky":false,"template":"","format":"standard","meta":{"_monsterinsights_skip_tracking":false,"_monsterinsights_sitenote_active":false,"_monsterinsights_sitenote_note":"","_monsterinsights_sitenote_category":0,"footnotes":""},"categories":[22],"tags":[6494,6495],"class_list":["post"],"yoast_head":" \n<title>Sonora en Equipo. Arrancan acciones del Sistema Estatal de Mejora Regulatoria Sonora<\/title>\n<meta name=\"description\" content=\"HERMOSILLO, SONORA,MX.\u2500\u2500 Este 8 y 9 de diciembre, la Secretar\u00eda de Econom\u00eda, a trav\u00e9s de la Comisi\u00f3n Estatal de Mejora Regulatoria del Estado de Sonora En Sonora en Equipo publicamos toda la informaci\u00f3n de Sonora, M\u00e9xico y el Mundo de manera oportuna y busca que la libertad de expresi\u00f3n sea real. Visita nuestro medio informativo publicado desde Hermosillo, Sonora. %\" \/>\n<meta name=\"robots\" content=\"index, follow, max-snippet:-1, max-image-preview:large, max-video-preview:-1\" \/>\n<link rel=\"canonical\" href=\"https:\/\/www.sonoraenequipo.com.mx\/arrancan-acciones-del-sistema-estatal-de-mejora-regulatoria\/\" \/>\n<meta property=\"og:locale\" content=\"es_ES\" \/>\n<meta property=\"og:type\" content=\"article\" \/>\n<meta property=\"og:title\" content=\"Sonora en Equipo. Arrancan acciones del Sistema Estatal de Mejora Regulatoria Sonora\" \/>\n<meta property=\"og:description\" content=\"HERMOSILLO, SONORA,MX.\u2500\u2500 Este 8 y 9 de diciembre, la Secretar\u00eda de Econom\u00eda, a trav\u00e9s de la Comisi\u00f3n Estatal de Mejora Regulatoria del Estado de Sonora En Sonora en Equipo publicamos toda la informaci\u00f3n de Sonora, M\u00e9xico y el Mundo de manera oportuna y busca que la libertad de expresi\u00f3n sea real. Visita nuestro medio informativo publicado desde Hermosillo, Sonora. %\" \/>\n<meta property=\"og:url\" content=\"https:\/\/www.sonoraenequipo.com.mx\/arrancan-acciones-del-sistema-estatal-de-mejora-regulatoria\/\" \/>\n<meta property=\"og:site_name\" content=\"Sonora en Equipo.\" \/>\n<meta property=\"article:publisher\" content=\"https:\/\/www.facebook.com\/SonoraEE\/\" \/>\n<meta property=\"article:author\" content=\"https:\/\/www.facebook.com\/SonoraEE\" \/>\n<meta property=\"article:published_time\" content=\"2021-12-10T00:47:52+00:00\" \/>\n<meta property=\"og:image\" content=\"https:\/\/www.sonoraenequipo.com.mx\/storage\/2021\/12\/mejora.jpg\" \/>\n\t<meta property=\"og:image:width\" content=\"700\" \/>\n\t<meta property=\"og:image:height\" content=\"400\" \/>\n\t<meta property=\"og:image:type\" content=\"image\/jpeg\" \/>\n<meta name=\"author\" content=\"enequipo\" \/>\n<meta name=\"twitter:card\" content=\"summary_large_image\" \/>\n<meta name=\"twitter:creator\" content=\"@sonoraenequipo\" \/>\n<meta name=\"twitter:site\" content=\"@sonoraenequipo\" \/>\n<meta name=\"twitter:label1\" content=\"Escrito por\" \/>\n\t<meta name=\"twitter:data1\" content=\"enequipo\" \/>\n\t<meta name=\"twitter:label2\" content=\"Tiempo de lectura\" \/>\n\t<meta name=\"twitter:data2\" content=\"2 minutos\" \/>\n<script type=\"application\/ld+json\" class=\"yoast-schema-graph\">{\"@context\":\"https:\/\/schema.org\",\"@graph\":[{\"@type\":\"Article\",\"@id\":\"https:\/\/www.sonoraenequipo.com.mx\/arrancan-acciones-del-sistema-estatal-de-mejora-regulatoria\/#article\",\"isPartOf\":{\"@id\":\"https:\/\/www.sonoraenequipo.com.mx\/arrancan-acciones-del-sistema-estatal-de-mejora-regulatoria\/\"},\"author\":{\"name\":\"enequipo\",\"@id\":\"https:\/\/www.sonoraenequipo.com.mx\/#\/schema\/person\/50102df0fb23a8fa9e8effad8fa81386\"},\"headline\":\"Arrancan acciones del Sistema Estatal de Mejora Regulatoria\",\"datePublished\":\"2021-12-10T00:47:52+00:00\",\"mainEntityOfPage\":{\"@id\":\"https:\/\/www.sonoraenequipo.com.mx\/arrancan-acciones-del-sistema-estatal-de-mejora-regulatoria\/\"},\"wordCount\":358,\"commentCount\":0,\"publisher\":{\"@id\":\"https:\/\/www.sonoraenequipo.com.mx\/#organization\"},\"image\":{\"@id\":\"https:\/\/www.sonoraenequipo.com.mx\/arrancan-acciones-del-sistema-estatal-de-mejora-regulatoria\/#primaryimage\"},\"thumbnailUrl\":\"https:\/\/www.sonoraenequipo.com.mx\/storage\/2021\/12\/mejora.jpg\",\"keywords\":[\"mejora\",\"regulatoria\"],\"articleSection\":[\"Sonora\"],\"inLanguage\":\"es\",\"potentialAction\":[{\"@type\":\"CommentAction\",\"name\":\"Comment\",\"target\":[\"https:\/\/www.sonoraenequipo.com.mx\/arrancan-acciones-del-sistema-estatal-de-mejora-regulatoria\/#respond\"]}]},{\"@type\":\"WebPage\",\"@id\":\"https:\/\/www.sonoraenequipo.com.mx\/arrancan-acciones-del-sistema-estatal-de-mejora-regulatoria\/\",\"url\":\"https:\/\/www.sonoraenequipo.com.mx\/arrancan-acciones-del-sistema-estatal-de-mejora-regulatoria\/\",\"name\":\"Sonora en Equipo. Arrancan acciones del Sistema Estatal de Mejora Regulatoria Sonora\",\"isPartOf\":{\"@id\":\"https:\/\/www.sonoraenequipo.com.mx\/#website\"},\"primaryImageOfPage\":{\"@id\":\"https:\/\/www.sonoraenequipo.com.mx\/arrancan-acciones-del-sistema-estatal-de-mejora-regulatoria\/#primaryimage\"},\"image\":{\"@id\":\"https:\/\/www.sonoraenequipo.com.mx\/arrancan-acciones-del-sistema-estatal-de-mejora-regulatoria\/#primaryimage\"},\"thumbnailUrl\":\"https:\/\/www.sonoraenequipo.com.mx\/storage\/2021\/12\/mejora.jpg\",\"datePublished\":\"2021-12-10T00:47:52+00:00\",\"description\":\"HERMOSILLO, SONORA,MX.\u2500\u2500 Este 8 y 9 de diciembre, la Secretar\u00eda de Econom\u00eda, a trav\u00e9s de la Comisi\u00f3n Estatal de Mejora Regulatoria del Estado de Sonora En Sonora en Equipo publicamos toda la informaci\u00f3n de Sonora, M\u00e9xico y el Mundo de manera oportuna y busca que la libertad de expresi\u00f3n sea real. Visita nuestro medio informativo publicado desde Hermosillo, Sonora. %\",\"breadcrumb\":{\"@id\":\"https:\/\/www.sonoraenequipo.com.mx\/arrancan-acciones-del-sistema-estatal-de-mejora-regulatoria\/#breadcrumb\"},\"inLanguage\":\"es\",\"potentialAction\":[{\"@type\":\"ReadAction\",\"target\":[\"https:\/\/www.sonoraenequipo.com.mx\/arrancan-acciones-del-sistema-estatal-de-mejora-regulatoria\/\"]}]},{\"@type\":\"ImageObject\",\"inLanguage\":\"es\",\"@id\":\"https:\/\/www.sonoraenequipo.com.mx\/arrancan-acciones-del-sistema-estatal-de-mejora-regulatoria\/#primaryimage\",\"url\":\"https:\/\/www.sonoraenequipo.com.mx\/storage\/2021\/12\/mejora.jpg\",\"contentUrl\":\"https:\/\/www.sonoraenequipo.com.mx\/storage\/2021\/12\/mejora.jpg\",\"width\":700,\"height\":400},{\"@type\":\"BreadcrumbList\",\"@id\":\"https:\/\/www.sonoraenequipo.com.mx\/arrancan-acciones-del-sistema-estatal-de-mejora-regulatoria\/#breadcrumb\",\"itemListElement\":[{\"@type\":\"ListItem\",\"position\":1,\"name\":\"Portada\",\"item\":\"https:\/\/www.sonoraenequipo.com.mx\/\"},{\"@type\":\"ListItem\",\"position\":2,\"name\":\"Arrancan acciones del Sistema Estatal de Mejora Regulatoria\"}]},{\"@type\":\"WebSite\",\"@id\":\"https:\/\/www.sonoraenequipo.com.mx\/#website\",\"url\":\"https:\/\/www.sonoraenequipo.com.mx\/\",\"name\":\"Sonora en Equipo.\",\"description\":\"Diario en l\u00ednea con Noticias desde Hermosillo, Sonora\",\"publisher\":{\"@id\":\"https:\/\/www.sonoraenequipo.com.mx\/#organization\"},\"potentialAction\":[{\"@type\":\"SearchAction\",\"target\":{\"@type\":\"EntryPoint\",\"urlTemplate\":\"https:\/\/www.sonoraenequipo.com.mx\/?s={search_term_string}\"},\"query-input\":{\"@type\":\"PropertyValueSpecification\",\"valueRequired\":true,\"valueName\":\"search_term_string\"}}],\"inLanguage\":\"es\"},{\"@type\":\"Organization\",\"@id\":\"https:\/\/www.sonoraenequipo.com.mx\/#organization\",\"name\":\"Sonoraenequipo.com.mx\",\"url\":\"https:\/\/www.sonoraenequipo.com.mx\/\",\"logo\":{\"@type\":\"ImageObject\",\"inLanguage\":\"es\",\"@id\":\"https:\/\/www.sonoraenequipo.com.mx\/#\/schema\/logo\/image\/\",\"url\":\"https:\/\/www.sonoraenequipo.com.mx\/storage\/2019\/01\/sonoraenequipo_opt.png\",\"contentUrl\":\"https:\/\/www.sonoraenequipo.com.mx\/storage\/2019\/01\/sonoraenequipo_opt.png\",\"width\":375,\"height\":125,\"caption\":\"Sonoraenequipo.com.mx\"},\"image\":{\"@id\":\"https:\/\/www.sonoraenequipo.com.mx\/#\/schema\/logo\/image\/\"},\"sameAs\":[\"https:\/\/www.facebook.com\/SonoraEE\/\",\"https:\/\/x.com\/sonoraenequipo\",\"https:\/\/www.youtube.com\/channel\/UC338nW-lPEYmJQs4ZABQ1SQ\"]},{\"@type\":\"Person\",\"@id\":\"https:\/\/www.sonoraenequipo.com.mx\/#\/schema\/person\/50102df0fb23a8fa9e8effad8fa81386\",\"name\":\"enequipo\",\"image\":{\"@type\":\"ImageObject\",\"inLanguage\":\"es\",\"@id\":\"https:\/\/www.sonoraenequipo.com.mx\/#\/schema\/person\/image\/\",\"url\":\"https:\/\/secure.gravatar.com\/avatar\/049821681b589dabc0bc20695993ccebb09f5b5d4d790cd9251b97faac7c652b?s=96&d=blank&r=g\",\"contentUrl\":\"https:\/\/secure.gravatar.com\/avatar\/049821681b589dabc0bc20695993ccebb09f5b5d4d790cd9251b97faac7c652b?s=96&d=blank&r=g\",\"caption\":\"enequipo\"},\"sameAs\":[\"https:\/\/www.facebook.com\/SonoraEE\"]}]}<\/script>\n ","yoast_head_json":{"title":"Sonora en Equipo. Arrancan acciones del Sistema Estatal de Mejora Regulatoria Sonora","description":"HERMOSILLO, SONORA,MX.\u2500\u2500 Este 8 y 9 de diciembre, la Secretar\u00eda de Econom\u00eda, a trav\u00e9s de la Comisi\u00f3n Estatal de Mejora Regulatoria del Estado de Sonora En Sonora en Equipo publicamos toda la informaci\u00f3n de Sonora, M\u00e9xico y el Mundo de manera oportuna y busca que la libertad de expresi\u00f3n sea real. Visita nuestro medio informativo publicado desde Hermosillo, Sonora. %","robots":{"index":"index","follow":"follow","max-snippet":"max-snippet:-1","max-image-preview":"max-image-preview:large","max-video-preview":"max-video-preview:-1"},"canonical":"https:\/\/www.sonoraenequipo.com.mx\/arrancan-acciones-del-sistema-estatal-de-mejora-regulatoria\/","og_locale":"es_ES","og_type":"article","og_title":"Sonora en Equipo. Arrancan acciones del Sistema Estatal de Mejora Regulatoria Sonora","og_description":"HERMOSILLO, SONORA,MX.\u2500\u2500 Este 8 y 9 de diciembre, la Secretar\u00eda de Econom\u00eda, a trav\u00e9s de la Comisi\u00f3n Estatal de Mejora Regulatoria del Estado de Sonora En Sonora en Equipo publicamos toda la informaci\u00f3n de Sonora, M\u00e9xico y el Mundo de manera oportuna y busca que la libertad de expresi\u00f3n sea real. Visita nuestro medio informativo publicado desde Hermosillo, Sonora. %","og_url":"https:\/\/www.sonoraenequipo.com.mx\/arrancan-acciones-del-sistema-estatal-de-mejora-regulatoria\/","og_site_name":"Sonora en Equipo.","article_publisher":"https:\/\/www.facebook.com\/SonoraEE\/","article_author":"https:\/\/www.facebook.com\/SonoraEE","article_published_time":"2021-12-10T00:47:52+00:00","og_image":[{"width":700,"height":400,"url":"https:\/\/www.sonoraenequipo.com.mx\/storage\/2021\/12\/mejora.jpg","type":"image\/jpeg"}],"author":"enequipo","twitter_card":"summary_large_image","twitter_creator":"@sonoraenequipo","twitter_site":"@sonoraenequipo","twitter_misc":{"Escrito por":"enequipo","Tiempo de lectura":"2 minutos"},"schema":{"@context":"https:\/\/schema.org","@graph":[{"@type":"Article","@id":"https:\/\/www.sonoraenequipo.com.mx\/arrancan-acciones-del-sistema-estatal-de-mejora-regulatoria\/#article","isPartOf":{"@id":"https:\/\/www.sonoraenequipo.com.mx\/arrancan-acciones-del-sistema-estatal-de-mejora-regulatoria\/"},"author":{"name":"enequipo","@id":"https:\/\/www.sonoraenequipo.com.mx\/#\/schema\/person\/50102df0fb23a8fa9e8effad8fa81386"},"headline":"Arrancan acciones del Sistema Estatal de Mejora Regulatoria","datePublished":"2021-12-10T00:47:52+00:00","mainEntityOfPage":{"@id":"https:\/\/www.sonoraenequipo.com.mx\/arrancan-acciones-del-sistema-estatal-de-mejora-regulatoria\/"},"wordCount":358,"commentCount":0,"publisher":{"@id":"https:\/\/www.sonoraenequipo.com.mx\/#organization"},"image":{"@id":"https:\/\/www.sonoraenequipo.com.mx\/arrancan-acciones-del-sistema-estatal-de-mejora-regulatoria\/#primaryimage"},"thumbnailUrl":"https:\/\/www.sonoraenequipo.com.mx\/storage\/2021\/12\/mejora.jpg","keywords":["mejora","regulatoria"],"articleSection":["Sonora"],"inLanguage":"es","potentialAction":[{"@type":"CommentAction","name":"Comment","target":["https:\/\/www.sonoraenequipo.com.mx\/arrancan-acciones-del-sistema-estatal-de-mejora-regulatoria\/#respond"]}]},{"@type":"WebPage","@id":"https:\/\/www.sonoraenequipo.com.mx\/arrancan-acciones-del-sistema-estatal-de-mejora-regulatoria\/","url":"https:\/\/www.sonoraenequipo.com.mx\/arrancan-acciones-del-sistema-estatal-de-mejora-regulatoria\/","name":"Sonora en Equipo. Arrancan acciones del Sistema Estatal de Mejora Regulatoria Sonora","isPartOf":{"@id":"https:\/\/www.sonoraenequipo.com.mx\/#website"},"primaryImageOfPage":{"@id":"https:\/\/www.sonoraenequipo.com.mx\/arrancan-acciones-del-sistema-estatal-de-mejora-regulatoria\/#primaryimage"},"image":{"@id":"https:\/\/www.sonoraenequipo.com.mx\/arrancan-acciones-del-sistema-estatal-de-mejora-regulatoria\/#primaryimage"},"thumbnailUrl":"https:\/\/www.sonoraenequipo.com.mx\/storage\/2021\/12\/mejora.jpg","datePublished":"2021-12-10T00:47:52+00:00","description":"HERMOSILLO, SONORA,MX.\u2500\u2500 Este 8 y 9 de diciembre, la Secretar\u00eda de Econom\u00eda, a trav\u00e9s de la Comisi\u00f3n Estatal de Mejora Regulatoria del Estado de Sonora En Sonora en Equipo publicamos toda la informaci\u00f3n de Sonora, M\u00e9xico y el Mundo de manera oportuna y busca que la libertad de expresi\u00f3n sea real. Visita nuestro medio informativo publicado desde Hermosillo, Sonora. %","breadcrumb":{"@id":"https:\/\/www.sonoraenequipo.com.mx\/arrancan-acciones-del-sistema-estatal-de-mejora-regulatoria\/#breadcrumb"},"inLanguage":"es","potentialAction":[{"@type":"ReadAction","target":["https:\/\/www.sonoraenequipo.com.mx\/arrancan-acciones-del-sistema-estatal-de-mejora-regulatoria\/"]}]},{"@type":"ImageObject","inLanguage":"es","@id":"https:\/\/www.sonoraenequipo.com.mx\/arrancan-acciones-del-sistema-estatal-de-mejora-regulatoria\/#primaryimage","url":"https:\/\/www.sonoraenequipo.com.mx\/storage\/2021\/12\/mejora.jpg","contentUrl":"https:\/\/www.sonoraenequipo.com.mx\/storage\/2021\/12\/mejora.jpg","width":700,"height":400},{"@type":"BreadcrumbList","@id":"https:\/\/www.sonoraenequipo.com.mx\/arrancan-acciones-del-sistema-estatal-de-mejora-regulatoria\/#breadcrumb","itemListElement":[{"@type":"ListItem","position":1,"name":"Portada","item":"https:\/\/www.sonoraenequipo.com.mx\/"},{"@type":"ListItem","position":2,"name":"Arrancan acciones del Sistema Estatal de Mejora Regulatoria"}]},{"@type":"WebSite","@id":"https:\/\/www.sonoraenequipo.com.mx\/#website","url":"https:\/\/www.sonoraenequipo.com.mx\/","name":"Sonora en Equipo.","description":"Diario en l\u00ednea con Noticias desde Hermosillo, Sonora","publisher":{"@id":"https:\/\/www.sonoraenequipo.com.mx\/#organization"},"potentialAction":[{"@type":"SearchAction","target":{"@type":"EntryPoint","urlTemplate":"https:\/\/www.sonoraenequipo.com.mx\/?s={search_term_string}"},"query-input":{"@type":"PropertyValueSpecification","valueRequired":true,"valueName":"search_term_string"}}],"inLanguage":"es"},{"@type":"Organization","@id":"https:\/\/www.sonoraenequipo.com.mx\/#organization","name":"Sonoraenequipo.com.mx","url":"https:\/\/www.sonoraenequipo.com.mx\/","logo":{"@type":"ImageObject","inLanguage":"es","@id":"https:\/\/www.sonoraenequipo.com.mx\/#\/schema\/logo\/image\/","url":"https:\/\/www.sonoraenequipo.com.mx\/storage\/2019\/01\/sonoraenequipo_opt.png","contentUrl":"https:\/\/www.sonoraenequipo.com.mx\/storage\/2019\/01\/sonoraenequipo_opt.png","width":375,"height":125,"caption":"Sonoraenequipo.com.mx"},"image":{"@id":"https:\/\/www.sonoraenequipo.com.mx\/#\/schema\/logo\/image\/"},"sameAs":["https:\/\/www.facebook.com\/SonoraEE\/","https:\/\/x.com\/sonoraenequipo","https:\/\/www.youtube.com\/channel\/UC338nW-lPEYmJQs4ZABQ1SQ"]},{"@type":"Person","@id":"https:\/\/www.sonoraenequipo.com.mx\/#\/schema\/person\/50102df0fb23a8fa9e8effad8fa81386","name":"enequipo","image":{"@type":"ImageObject","inLanguage":"es","@id":"https:\/\/www.sonoraenequipo.com.mx\/#\/schema\/person\/image\/","url":"https:\/\/secure.gravatar.com\/avatar\/049821681b589dabc0bc20695993ccebb09f5b5d4d790cd9251b97faac7c652b?s=96&d=blank&r=g","contentUrl":"https:\/\/secure.gravatar.com\/avatar\/049821681b589dabc0bc20695993ccebb09f5b5d4d790cd9251b97faac7c652b?s=96&d=blank&r=g","caption":"enequipo"},"sameAs":["https:\/\/www.facebook.com\/SonoraEE"]}]}},"jetpack_featured_media_url":"https:\/\/www.sonoraenequipo.com.mx\/storage\/2021\/12\/mejora.jpg","_links":{"self":[{"href":"https:\/\/www.sonoraenequipo.com.mx\/api\/wp\/v2\/posts\/129187","targetHints":{"allow":["GET"]}}],"collection":[{"href":"https:\/\/www.sonoraenequipo.com.mx\/api\/wp\/v2\/posts"}],"about":[{"href":"https:\/\/www.sonoraenequipo.com.mx\/api\/wp\/v2\/types\/post"}],"author":[{"embeddable":true,"href":"https:\/\/www.sonoraenequipo.com.mx\/api\/wp\/v2\/users\/1"}],"replies":[{"embeddable":true,"href":"https:\/\/www.sonoraenequipo.com.mx\/api\/wp\/v2\/comments?post=129187"}],"version-history":[{"count":1,"href":"https:\/\/www.sonoraenequipo.com.mx\/api\/wp\/v2\/posts\/129187\/revisions"}],"predecessor-version":[{"id":129195,"href":"https:\/\/www.sonoraenequipo.com.mx\/api\/wp\/v2\/posts\/129187\/revisions\/129195"}],"wp:featuredmedia":[{"embeddable":true,"href":"https:\/\/www.sonoraenequipo.com.mx\/api\/wp\/v2\/media\/129194"}],"wp:attachment":[{"href":"https:\/\/www.sonoraenequipo.com.mx\/api\/wp\/v2\/media?parent=129187"}],"wp:term":[{"taxonomy":"category","embeddable":true,"href":"https:\/\/www.sonoraenequipo.com.mx\/api\/wp\/v2\/categories?post=129187"},{"taxonomy":"post_tag","embeddable":true,"href":"https:\/\/www.sonoraenequipo.com.mx\/api\/wp\/v2\/tags?post=129187"}],"curies":[{"name":"wp","href":"https:\/\/api.w.org\/{rel}","templated":true}]}}