{"id":129206,"date":"2021-12-09T18:23:30","date_gmt":"2021-12-10T01:23:30","guid":{"rendered":"https:\/\/www.sonoraenequipo.com.mx\/?p=129206"},"modified":"2021-12-09T18:23:30","modified_gmt":"2021-12-10T01:23:30","slug":"en-sonora-se-combatira-la-corrupcion-a-fondo-gobernador-durazo","status":"publish","type":"post","link":"https:\/\/www.sonoraenequipo.com.mx\/en-sonora-se-combatira-la-corrupcion-a-fondo-gobernador-durazo\/","title":{"rendered":"En Sonora se combatir\u00e1 la corrupci\u00f3n a fondo: gobernador Durazo"},"content":{"rendered":"<p>HERMOSILLO, SONORA,MX.\u2500\u2500 El combate a la corrupci\u00f3n ser\u00e1 el sello de Gobierno de Sonora para dar respuesta a uno de los temas m\u00e1s sentidos de las y los sonorenses, que por a\u00f1os han reclamado gobiernos honestos y transparentes, destac\u00f3 Alfonso Durazo Monta\u00f1o al encabezar la firma del Acuerdo de Coordinaci\u00f3n entre Estado y Municipios.<\/p>\n<p>En el marco del D\u00eda Internacional Contra la Corrupci\u00f3n, acompa\u00f1ado de Guillermo Noriega, secretario de la Contralor\u00eda General del Estado, y de Rafael Enrique Valenzuela Mendoza, integrante del Comit\u00e9 Estatal de Participaci\u00f3n Ciudadana del Sistema Estatal Anticorrupci\u00f3n, el mandatario estatal destac\u00f3 que tanto el Gobierno de Sonora como los gobiernos municipales tienen la responsabilidad de combatir a fondo la corrupci\u00f3n de la administraci\u00f3n p\u00fablica, para cumplirle a las y los sonorenses.<\/p>\n<p>&nbsp;<\/p>\n<p>&nbsp;<\/p>\n<p>&nbsp;<\/p>\n<p>&nbsp;<\/p>\n<p>\u201cYo voy a hacer mi parte como gobernador del estado, ese va a ser el sello de mi gobierno. Otro sello ser\u00e1 el del compromiso social. Pero no hay forma de cumplir compromisos sociales si previamente no nos comprometemos a combatir a fondo la corrupci\u00f3n, porque el combate a la corrupci\u00f3n nos va a dar una aportaci\u00f3n fundamental en t\u00e9rminos presupuestales en virtud de los ahorros que genera\u201d, expres\u00f3.<\/p>\n<p>&nbsp;<\/p>\n<p>&nbsp;<\/p>\n<p>&nbsp;<\/p>\n<p>&nbsp;<\/p>\n<p>El gobernador Durazo Monta\u00f1o present\u00f3 algunas propuestas e iniciativas e invit\u00f3 a las y los alcaldes a hacerlas suyas para ayudar a combatir de fondo esta pr\u00e1ctica: una iniciativa de ley para prevenir y combatir la corrupci\u00f3n y utilizar eficientemente los recursos de las y los sonorenses; la firma de un decreto para crear la Unidad de Inteligencia Financiera del Estado de Sonora (Uifes); y corregir las deficiencias del Sistema Estatal Anticorrupci\u00f3n.<\/p>\n<p>&nbsp;<\/p>\n<p>&nbsp;<\/p>\n<p>&nbsp;<\/p>\n<p>&nbsp;<\/p>\n<p>Tambi\u00e9n inform\u00f3 que enviar\u00e1 una iniciativa de Ley Estatal de Responsabilidades y Sanciones para el estado de Sonora; volver al Isssteson en una instituci\u00f3n modelo; realizar cambios para que el ISAF dependa del Congreso del Estado; y presentar una iniciativa para modificar la Ley de Adquisiciones.<\/p>\n<p>&nbsp;<\/p>\n<p>&nbsp;<\/p>\n<p>&nbsp;<\/p>\n<p>&nbsp;<\/p>\n<p>Adem\u00e1s del combate a la corrupci\u00f3n, dijo, el gobierno estatal y los gobiernos municipales deben de trabajar bajo un esquema de austeridad, reducir los gastos a fondo y redefinir las prioridades presupuestales. Con ello, dijo, con el poco presupuesto que se tiene ser\u00e1 suficiente para cumplir con los compromisos que se hicieron a las y los sonorenses.<\/p>\n<p>&nbsp;<\/p>\n<p>&nbsp;<\/p>\n<p>&nbsp;<\/p>\n<p>&nbsp;<\/p>\n<p>\u201cLo que va a marcar a nuestras administraciones es el combate a la corrupci\u00f3n, son los resultados que demos en este \u00e1mbito, as\u00ed es que yo los invito a que hagamos de la formalidad que hoy nos convoca uno de los compromisos a los que les pongamos mayor atenci\u00f3n en nuestros gobiernos\u201d, reiter\u00f3.<\/p>\n<p>&nbsp;<\/p>\n<p>&nbsp;<\/p>\n<p>&nbsp;<\/p>\n<p>&nbsp;<\/p>\n<p>Por su parte, Guillermo Noriega Esparza, explic\u00f3 que con la firma del Acuerdo de Coordinaci\u00f3n entre Estado y Municipios se crea la Comisi\u00f3n Permanente de Contralores de Sonora, lo que permitir\u00e1 acceder a capacitaciones continuas y fortalecer el desarrollo municipal en la entidad.<\/p>\n<p>&nbsp;<\/p>\n<p>&nbsp;<\/p>\n<p>&nbsp;<\/p>\n<p>&nbsp;<\/p>\n<p>\u201cDebemos enfocarnos en sanar a Sonora y sanar es construir integridad, integridad en las empresas, integridad en las escuelas, integridad en las familias, integridad p\u00fablica, integridad como usted dice, se\u00f1or gobernador, es no doblarse, mantenerse en una pieza, no quebrarse frente a las tentaciones ni los espejitos, ni los cantos de las sirenas. Sanar es construir controles y garant\u00edas de no repetici\u00f3n y progresivamente reparar el da\u00f1o que se le ha hecho a la sociedad. Sonora merece eso y m\u00e1s\u201d, finaliz\u00f3.<\/p>\n<p>&nbsp;<\/p>\n<p>&nbsp;<\/p>\n<p>&nbsp;<\/p>\n<p>&nbsp;<\/p>\n<p>Presentes: \u00c1lvaro Bracamonte Sierra, secretario de Gobierno; Jacobo Mendoza Ruiz, presidente del Congreso del Estado; Rafael Acu\u00f1a Griego, presidente del Supremo Tribunal de Justicia en el Estado, Antonio Astiazar\u00e1n Guti\u00e9rrez, presidente municipal de Hermosillo; Claudia Indira Contreras C\u00f3rdova, Fiscal General de Justicia del Estado; Rogelio L\u00f3pez Garc\u00eda, fiscal Anticorrupci\u00f3n; funcionarios estatales, presidentas y presidentes municipales y contralores municipales.<\/p>\n<p>Fecha de publicaci\u00f3n jueves\/ 09 \/ diciembre\/ 2021 \/ C S No. 1221030<\/p>\n<p>&nbsp;<\/p>\n<p>&nbsp;<\/p>\n","protected":false},"excerpt":{"rendered":"<p>HERMOSILLO, SONORA,MX.\u2500\u2500 El combate a la corrupci\u00f3n ser\u00e1 el sello de Gobierno de Sonora para&#8230;<\/p>\n","protected":false},"author":1,"featured_media":129209,"comment_status":"open","ping_status":"open","sticky":false,"template":"","format":"standard","meta":{"_monsterinsights_skip_tracking":false,"_monsterinsights_sitenote_active":false,"_monsterinsights_sitenote_note":"","_monsterinsights_sitenote_category":0,"footnotes":""},"categories":[22],"tags":[6496,15],"class_list":["post"],"yoast_head":" \n<title>Sonora en Equipo. En Sonora se combatir\u00e1 la corrupci\u00f3n a fondo: gobernador Durazo Sonora<\/title>\n<meta name=\"description\" content=\"HERMOSILLO, SONORA,MX.\u2500\u2500 El combate a la corrupci\u00f3n ser\u00e1 el sello de Gobierno de Sonora para dar respuesta a uno de los temas m\u00e1s sentidos de las y los En Sonora en Equipo publicamos toda la informaci\u00f3n de Sonora, M\u00e9xico y el Mundo de manera oportuna y busca que la libertad de expresi\u00f3n sea real. Visita nuestro medio informativo publicado desde Hermosillo, Sonora. %\" \/>\n<meta name=\"robots\" content=\"index, follow, max-snippet:-1, max-image-preview:large, max-video-preview:-1\" \/>\n<link rel=\"canonical\" href=\"https:\/\/www.sonoraenequipo.com.mx\/en-sonora-se-combatira-la-corrupcion-a-fondo-gobernador-durazo\/\" \/>\n<meta property=\"og:locale\" content=\"es_ES\" \/>\n<meta property=\"og:type\" content=\"article\" \/>\n<meta property=\"og:title\" content=\"Sonora en Equipo. En Sonora se combatir\u00e1 la corrupci\u00f3n a fondo: gobernador Durazo Sonora\" \/>\n<meta property=\"og:description\" content=\"HERMOSILLO, SONORA,MX.\u2500\u2500 El combate a la corrupci\u00f3n ser\u00e1 el sello de Gobierno de Sonora para dar respuesta a uno de los temas m\u00e1s sentidos de las y los En Sonora en Equipo publicamos toda la informaci\u00f3n de Sonora, M\u00e9xico y el Mundo de manera oportuna y busca que la libertad de expresi\u00f3n sea real. Visita nuestro medio informativo publicado desde Hermosillo, Sonora. %\" \/>\n<meta property=\"og:url\" content=\"https:\/\/www.sonoraenequipo.com.mx\/en-sonora-se-combatira-la-corrupcion-a-fondo-gobernador-durazo\/\" \/>\n<meta property=\"og:site_name\" content=\"Sonora en Equipo.\" \/>\n<meta property=\"article:publisher\" content=\"https:\/\/www.facebook.com\/SonoraEE\/\" \/>\n<meta property=\"article:author\" content=\"https:\/\/www.facebook.com\/SonoraEE\" \/>\n<meta property=\"article:published_time\" content=\"2021-12-10T01:23:30+00:00\" \/>\n<meta property=\"og:image\" content=\"https:\/\/www.sonoraenequipo.com.mx\/storage\/2021\/12\/corrupcion.jpg\" \/>\n\t<meta property=\"og:image:width\" content=\"700\" \/>\n\t<meta property=\"og:image:height\" content=\"400\" \/>\n\t<meta property=\"og:image:type\" content=\"image\/jpeg\" \/>\n<meta name=\"author\" content=\"enequipo\" \/>\n<meta name=\"twitter:card\" content=\"summary_large_image\" \/>\n<meta name=\"twitter:creator\" content=\"@sonoraenequipo\" \/>\n<meta name=\"twitter:site\" content=\"@sonoraenequipo\" \/>\n<meta name=\"twitter:label1\" content=\"Escrito por\" \/>\n\t<meta name=\"twitter:data1\" content=\"enequipo\" \/>\n\t<meta name=\"twitter:label2\" content=\"Tiempo de lectura\" \/>\n\t<meta name=\"twitter:data2\" content=\"3 minutos\" \/>\n<script type=\"application\/ld+json\" class=\"yoast-schema-graph\">{\"@context\":\"https:\/\/schema.org\",\"@graph\":[{\"@type\":\"Article\",\"@id\":\"https:\/\/www.sonoraenequipo.com.mx\/en-sonora-se-combatira-la-corrupcion-a-fondo-gobernador-durazo\/#article\",\"isPartOf\":{\"@id\":\"https:\/\/www.sonoraenequipo.com.mx\/en-sonora-se-combatira-la-corrupcion-a-fondo-gobernador-durazo\/\"},\"author\":{\"name\":\"enequipo\",\"@id\":\"https:\/\/www.sonoraenequipo.com.mx\/#\/schema\/person\/50102df0fb23a8fa9e8effad8fa81386\"},\"headline\":\"En Sonora se combatir\u00e1 la corrupci\u00f3n a fondo: gobernador Durazo\",\"datePublished\":\"2021-12-10T01:23:30+00:00\",\"mainEntityOfPage\":{\"@id\":\"https:\/\/www.sonoraenequipo.com.mx\/en-sonora-se-combatira-la-corrupcion-a-fondo-gobernador-durazo\/\"},\"wordCount\":702,\"commentCount\":0,\"publisher\":{\"@id\":\"https:\/\/www.sonoraenequipo.com.mx\/#organization\"},\"image\":{\"@id\":\"https:\/\/www.sonoraenequipo.com.mx\/en-sonora-se-combatira-la-corrupcion-a-fondo-gobernador-durazo\/#primaryimage\"},\"thumbnailUrl\":\"https:\/\/www.sonoraenequipo.com.mx\/storage\/2021\/12\/corrupcion.jpg\",\"keywords\":[\"combate corrupci\u00f3n\",\"Sonora\"],\"articleSection\":[\"Sonora\"],\"inLanguage\":\"es\",\"potentialAction\":[{\"@type\":\"CommentAction\",\"name\":\"Comment\",\"target\":[\"https:\/\/www.sonoraenequipo.com.mx\/en-sonora-se-combatira-la-corrupcion-a-fondo-gobernador-durazo\/#respond\"]}]},{\"@type\":\"WebPage\",\"@id\":\"https:\/\/www.sonoraenequipo.com.mx\/en-sonora-se-combatira-la-corrupcion-a-fondo-gobernador-durazo\/\",\"url\":\"https:\/\/www.sonoraenequipo.com.mx\/en-sonora-se-combatira-la-corrupcion-a-fondo-gobernador-durazo\/\",\"name\":\"Sonora en Equipo. En Sonora se combatir\u00e1 la corrupci\u00f3n a fondo: gobernador Durazo Sonora\",\"isPartOf\":{\"@id\":\"https:\/\/www.sonoraenequipo.com.mx\/#website\"},\"primaryImageOfPage\":{\"@id\":\"https:\/\/www.sonoraenequipo.com.mx\/en-sonora-se-combatira-la-corrupcion-a-fondo-gobernador-durazo\/#primaryimage\"},\"image\":{\"@id\":\"https:\/\/www.sonoraenequipo.com.mx\/en-sonora-se-combatira-la-corrupcion-a-fondo-gobernador-durazo\/#primaryimage\"},\"thumbnailUrl\":\"https:\/\/www.sonoraenequipo.com.mx\/storage\/2021\/12\/corrupcion.jpg\",\"datePublished\":\"2021-12-10T01:23:30+00:00\",\"description\":\"HERMOSILLO, SONORA,MX.\u2500\u2500 El combate a la corrupci\u00f3n ser\u00e1 el sello de Gobierno de Sonora para dar respuesta a uno de los temas m\u00e1s sentidos de las y los En Sonora en Equipo publicamos toda la informaci\u00f3n de Sonora, M\u00e9xico y el Mundo de manera oportuna y busca que la libertad de expresi\u00f3n sea real. Visita nuestro medio informativo publicado desde Hermosillo, Sonora. %\",\"breadcrumb\":{\"@id\":\"https:\/\/www.sonoraenequipo.com.mx\/en-sonora-se-combatira-la-corrupcion-a-fondo-gobernador-durazo\/#breadcrumb\"},\"inLanguage\":\"es\",\"potentialAction\":[{\"@type\":\"ReadAction\",\"target\":[\"https:\/\/www.sonoraenequipo.com.mx\/en-sonora-se-combatira-la-corrupcion-a-fondo-gobernador-durazo\/\"]}]},{\"@type\":\"ImageObject\",\"inLanguage\":\"es\",\"@id\":\"https:\/\/www.sonoraenequipo.com.mx\/en-sonora-se-combatira-la-corrupcion-a-fondo-gobernador-durazo\/#primaryimage\",\"url\":\"https:\/\/www.sonoraenequipo.com.mx\/storage\/2021\/12\/corrupcion.jpg\",\"contentUrl\":\"https:\/\/www.sonoraenequipo.com.mx\/storage\/2021\/12\/corrupcion.jpg\",\"width\":700,\"height\":400},{\"@type\":\"BreadcrumbList\",\"@id\":\"https:\/\/www.sonoraenequipo.com.mx\/en-sonora-se-combatira-la-corrupcion-a-fondo-gobernador-durazo\/#breadcrumb\",\"itemListElement\":[{\"@type\":\"ListItem\",\"position\":1,\"name\":\"Portada\",\"item\":\"https:\/\/www.sonoraenequipo.com.mx\/\"},{\"@type\":\"ListItem\",\"position\":2,\"name\":\"En Sonora se combatir\u00e1 la corrupci\u00f3n a fondo: gobernador Durazo\"}]},{\"@type\":\"WebSite\",\"@id\":\"https:\/\/www.sonoraenequipo.com.mx\/#website\",\"url\":\"https:\/\/www.sonoraenequipo.com.mx\/\",\"name\":\"Sonora en Equipo.\",\"description\":\"Diario en l\u00ednea con Noticias desde Hermosillo, Sonora\",\"publisher\":{\"@id\":\"https:\/\/www.sonoraenequipo.com.mx\/#organization\"},\"potentialAction\":[{\"@type\":\"SearchAction\",\"target\":{\"@type\":\"EntryPoint\",\"urlTemplate\":\"https:\/\/www.sonoraenequipo.com.mx\/?s={search_term_string}\"},\"query-input\":{\"@type\":\"PropertyValueSpecification\",\"valueRequired\":true,\"valueName\":\"search_term_string\"}}],\"inLanguage\":\"es\"},{\"@type\":\"Organization\",\"@id\":\"https:\/\/www.sonoraenequipo.com.mx\/#organization\",\"name\":\"Sonoraenequipo.com.mx\",\"url\":\"https:\/\/www.sonoraenequipo.com.mx\/\",\"logo\":{\"@type\":\"ImageObject\",\"inLanguage\":\"es\",\"@id\":\"https:\/\/www.sonoraenequipo.com.mx\/#\/schema\/logo\/image\/\",\"url\":\"https:\/\/www.sonoraenequipo.com.mx\/storage\/2019\/01\/sonoraenequipo_opt.png\",\"contentUrl\":\"https:\/\/www.sonoraenequipo.com.mx\/storage\/2019\/01\/sonoraenequipo_opt.png\",\"width\":375,\"height\":125,\"caption\":\"Sonoraenequipo.com.mx\"},\"image\":{\"@id\":\"https:\/\/www.sonoraenequipo.com.mx\/#\/schema\/logo\/image\/\"},\"sameAs\":[\"https:\/\/www.facebook.com\/SonoraEE\/\",\"https:\/\/x.com\/sonoraenequipo\",\"https:\/\/www.youtube.com\/channel\/UC338nW-lPEYmJQs4ZABQ1SQ\"]},{\"@type\":\"Person\",\"@id\":\"https:\/\/www.sonoraenequipo.com.mx\/#\/schema\/person\/50102df0fb23a8fa9e8effad8fa81386\",\"name\":\"enequipo\",\"image\":{\"@type\":\"ImageObject\",\"inLanguage\":\"es\",\"@id\":\"https:\/\/www.sonoraenequipo.com.mx\/#\/schema\/person\/image\/\",\"url\":\"https:\/\/secure.gravatar.com\/avatar\/049821681b589dabc0bc20695993ccebb09f5b5d4d790cd9251b97faac7c652b?s=96&d=blank&r=g\",\"contentUrl\":\"https:\/\/secure.gravatar.com\/avatar\/049821681b589dabc0bc20695993ccebb09f5b5d4d790cd9251b97faac7c652b?s=96&d=blank&r=g\",\"caption\":\"enequipo\"},\"sameAs\":[\"https:\/\/www.facebook.com\/SonoraEE\"]}]}<\/script>\n ","yoast_head_json":{"title":"Sonora en Equipo. En Sonora se combatir\u00e1 la corrupci\u00f3n a fondo: gobernador Durazo Sonora","description":"HERMOSILLO, SONORA,MX.\u2500\u2500 El combate a la corrupci\u00f3n ser\u00e1 el sello de Gobierno de Sonora para dar respuesta a uno de los temas m\u00e1s sentidos de las y los En Sonora en Equipo publicamos toda la informaci\u00f3n de Sonora, M\u00e9xico y el Mundo de manera oportuna y busca que la libertad de expresi\u00f3n sea real. Visita nuestro medio informativo publicado desde Hermosillo, Sonora. %","robots":{"index":"index","follow":"follow","max-snippet":"max-snippet:-1","max-image-preview":"max-image-preview:large","max-video-preview":"max-video-preview:-1"},"canonical":"https:\/\/www.sonoraenequipo.com.mx\/en-sonora-se-combatira-la-corrupcion-a-fondo-gobernador-durazo\/","og_locale":"es_ES","og_type":"article","og_title":"Sonora en Equipo. En Sonora se combatir\u00e1 la corrupci\u00f3n a fondo: gobernador Durazo Sonora","og_description":"HERMOSILLO, SONORA,MX.\u2500\u2500 El combate a la corrupci\u00f3n ser\u00e1 el sello de Gobierno de Sonora para dar respuesta a uno de los temas m\u00e1s sentidos de las y los En Sonora en Equipo publicamos toda la informaci\u00f3n de Sonora, M\u00e9xico y el Mundo de manera oportuna y busca que la libertad de expresi\u00f3n sea real. Visita nuestro medio informativo publicado desde Hermosillo, Sonora. %","og_url":"https:\/\/www.sonoraenequipo.com.mx\/en-sonora-se-combatira-la-corrupcion-a-fondo-gobernador-durazo\/","og_site_name":"Sonora en Equipo.","article_publisher":"https:\/\/www.facebook.com\/SonoraEE\/","article_author":"https:\/\/www.facebook.com\/SonoraEE","article_published_time":"2021-12-10T01:23:30+00:00","og_image":[{"width":700,"height":400,"url":"https:\/\/www.sonoraenequipo.com.mx\/storage\/2021\/12\/corrupcion.jpg","type":"image\/jpeg"}],"author":"enequipo","twitter_card":"summary_large_image","twitter_creator":"@sonoraenequipo","twitter_site":"@sonoraenequipo","twitter_misc":{"Escrito por":"enequipo","Tiempo de lectura":"3 minutos"},"schema":{"@context":"https:\/\/schema.org","@graph":[{"@type":"Article","@id":"https:\/\/www.sonoraenequipo.com.mx\/en-sonora-se-combatira-la-corrupcion-a-fondo-gobernador-durazo\/#article","isPartOf":{"@id":"https:\/\/www.sonoraenequipo.com.mx\/en-sonora-se-combatira-la-corrupcion-a-fondo-gobernador-durazo\/"},"author":{"name":"enequipo","@id":"https:\/\/www.sonoraenequipo.com.mx\/#\/schema\/person\/50102df0fb23a8fa9e8effad8fa81386"},"headline":"En Sonora se combatir\u00e1 la corrupci\u00f3n a fondo: gobernador Durazo","datePublished":"2021-12-10T01:23:30+00:00","mainEntityOfPage":{"@id":"https:\/\/www.sonoraenequipo.com.mx\/en-sonora-se-combatira-la-corrupcion-a-fondo-gobernador-durazo\/"},"wordCount":702,"commentCount":0,"publisher":{"@id":"https:\/\/www.sonoraenequipo.com.mx\/#organization"},"image":{"@id":"https:\/\/www.sonoraenequipo.com.mx\/en-sonora-se-combatira-la-corrupcion-a-fondo-gobernador-durazo\/#primaryimage"},"thumbnailUrl":"https:\/\/www.sonoraenequipo.com.mx\/storage\/2021\/12\/corrupcion.jpg","keywords":["combate corrupci\u00f3n","Sonora"],"articleSection":["Sonora"],"inLanguage":"es","potentialAction":[{"@type":"CommentAction","name":"Comment","target":["https:\/\/www.sonoraenequipo.com.mx\/en-sonora-se-combatira-la-corrupcion-a-fondo-gobernador-durazo\/#respond"]}]},{"@type":"WebPage","@id":"https:\/\/www.sonoraenequipo.com.mx\/en-sonora-se-combatira-la-corrupcion-a-fondo-gobernador-durazo\/","url":"https:\/\/www.sonoraenequipo.com.mx\/en-sonora-se-combatira-la-corrupcion-a-fondo-gobernador-durazo\/","name":"Sonora en Equipo. En Sonora se combatir\u00e1 la corrupci\u00f3n a fondo: gobernador Durazo Sonora","isPartOf":{"@id":"https:\/\/www.sonoraenequipo.com.mx\/#website"},"primaryImageOfPage":{"@id":"https:\/\/www.sonoraenequipo.com.mx\/en-sonora-se-combatira-la-corrupcion-a-fondo-gobernador-durazo\/#primaryimage"},"image":{"@id":"https:\/\/www.sonoraenequipo.com.mx\/en-sonora-se-combatira-la-corrupcion-a-fondo-gobernador-durazo\/#primaryimage"},"thumbnailUrl":"https:\/\/www.sonoraenequipo.com.mx\/storage\/2021\/12\/corrupcion.jpg","datePublished":"2021-12-10T01:23:30+00:00","description":"HERMOSILLO, SONORA,MX.\u2500\u2500 El combate a la corrupci\u00f3n ser\u00e1 el sello de Gobierno de Sonora para dar respuesta a uno de los temas m\u00e1s sentidos de las y los En Sonora en Equipo publicamos toda la informaci\u00f3n de Sonora, M\u00e9xico y el Mundo de manera oportuna y busca que la libertad de expresi\u00f3n sea real. Visita nuestro medio informativo publicado desde Hermosillo, Sonora. %","breadcrumb":{"@id":"https:\/\/www.sonoraenequipo.com.mx\/en-sonora-se-combatira-la-corrupcion-a-fondo-gobernador-durazo\/#breadcrumb"},"inLanguage":"es","potentialAction":[{"@type":"ReadAction","target":["https:\/\/www.sonoraenequipo.com.mx\/en-sonora-se-combatira-la-corrupcion-a-fondo-gobernador-durazo\/"]}]},{"@type":"ImageObject","inLanguage":"es","@id":"https:\/\/www.sonoraenequipo.com.mx\/en-sonora-se-combatira-la-corrupcion-a-fondo-gobernador-durazo\/#primaryimage","url":"https:\/\/www.sonoraenequipo.com.mx\/storage\/2021\/12\/corrupcion.jpg","contentUrl":"https:\/\/www.sonoraenequipo.com.mx\/storage\/2021\/12\/corrupcion.jpg","width":700,"height":400},{"@type":"BreadcrumbList","@id":"https:\/\/www.sonoraenequipo.com.mx\/en-sonora-se-combatira-la-corrupcion-a-fondo-gobernador-durazo\/#breadcrumb","itemListElement":[{"@type":"ListItem","position":1,"name":"Portada","item":"https:\/\/www.sonoraenequipo.com.mx\/"},{"@type":"ListItem","position":2,"name":"En Sonora se combatir\u00e1 la corrupci\u00f3n a fondo: gobernador Durazo"}]},{"@type":"WebSite","@id":"https:\/\/www.sonoraenequipo.com.mx\/#website","url":"https:\/\/www.sonoraenequipo.com.mx\/","name":"Sonora en Equipo.","description":"Diario en l\u00ednea con Noticias desde Hermosillo, Sonora","publisher":{"@id":"https:\/\/www.sonoraenequipo.com.mx\/#organization"},"potentialAction":[{"@type":"SearchAction","target":{"@type":"EntryPoint","urlTemplate":"https:\/\/www.sonoraenequipo.com.mx\/?s={search_term_string}"},"query-input":{"@type":"PropertyValueSpecification","valueRequired":true,"valueName":"search_term_string"}}],"inLanguage":"es"},{"@type":"Organization","@id":"https:\/\/www.sonoraenequipo.com.mx\/#organization","name":"Sonoraenequipo.com.mx","url":"https:\/\/www.sonoraenequipo.com.mx\/","logo":{"@type":"ImageObject","inLanguage":"es","@id":"https:\/\/www.sonoraenequipo.com.mx\/#\/schema\/logo\/image\/","url":"https:\/\/www.sonoraenequipo.com.mx\/storage\/2019\/01\/sonoraenequipo_opt.png","contentUrl":"https:\/\/www.sonoraenequipo.com.mx\/storage\/2019\/01\/sonoraenequipo_opt.png","width":375,"height":125,"caption":"Sonoraenequipo.com.mx"},"image":{"@id":"https:\/\/www.sonoraenequipo.com.mx\/#\/schema\/logo\/image\/"},"sameAs":["https:\/\/www.facebook.com\/SonoraEE\/","https:\/\/x.com\/sonoraenequipo","https:\/\/www.youtube.com\/channel\/UC338nW-lPEYmJQs4ZABQ1SQ"]},{"@type":"Person","@id":"https:\/\/www.sonoraenequipo.com.mx\/#\/schema\/person\/50102df0fb23a8fa9e8effad8fa81386","name":"enequipo","image":{"@type":"ImageObject","inLanguage":"es","@id":"https:\/\/www.sonoraenequipo.com.mx\/#\/schema\/person\/image\/","url":"https:\/\/secure.gravatar.com\/avatar\/049821681b589dabc0bc20695993ccebb09f5b5d4d790cd9251b97faac7c652b?s=96&d=blank&r=g","contentUrl":"https:\/\/secure.gravatar.com\/avatar\/049821681b589dabc0bc20695993ccebb09f5b5d4d790cd9251b97faac7c652b?s=96&d=blank&r=g","caption":"enequipo"},"sameAs":["https:\/\/www.facebook.com\/SonoraEE"]}]}},"jetpack_featured_media_url":"https:\/\/www.sonoraenequipo.com.mx\/storage\/2021\/12\/corrupcion.jpg","_links":{"self":[{"href":"https:\/\/www.sonoraenequipo.com.mx\/api\/wp\/v2\/posts\/129206","targetHints":{"allow":["GET"]}}],"collection":[{"href":"https:\/\/www.sonoraenequipo.com.mx\/api\/wp\/v2\/posts"}],"about":[{"href":"https:\/\/www.sonoraenequipo.com.mx\/api\/wp\/v2\/types\/post"}],"author":[{"embeddable":true,"href":"https:\/\/www.sonoraenequipo.com.mx\/api\/wp\/v2\/users\/1"}],"replies":[{"embeddable":true,"href":"https:\/\/www.sonoraenequipo.com.mx\/api\/wp\/v2\/comments?post=129206"}],"version-history":[{"count":1,"href":"https:\/\/www.sonoraenequipo.com.mx\/api\/wp\/v2\/posts\/129206\/revisions"}],"predecessor-version":[{"id":129211,"href":"https:\/\/www.sonoraenequipo.com.mx\/api\/wp\/v2\/posts\/129206\/revisions\/129211"}],"wp:featuredmedia":[{"embeddable":true,"href":"https:\/\/www.sonoraenequipo.com.mx\/api\/wp\/v2\/media\/129209"}],"wp:attachment":[{"href":"https:\/\/www.sonoraenequipo.com.mx\/api\/wp\/v2\/media?parent=129206"}],"wp:term":[{"taxonomy":"category","embeddable":true,"href":"https:\/\/www.sonoraenequipo.com.mx\/api\/wp\/v2\/categories?post=129206"},{"taxonomy":"post_tag","embeddable":true,"href":"https:\/\/www.sonoraenequipo.com.mx\/api\/wp\/v2\/tags?post=129206"}],"curies":[{"name":"wp","href":"https:\/\/api.w.org\/{rel}","templated":true}]}}