{"id":129225,"date":"2021-12-09T10:00:58","date_gmt":"2021-12-09T17:00:58","guid":{"rendered":"https:\/\/www.sonoraenequipo.com.mx\/?p=129225"},"modified":"2021-12-09T18:57:41","modified_gmt":"2021-12-10T01:57:41","slug":"inflacion-sube-al-7-37-en-mexico-maximo-nivel-desde-hace-20-anos","status":"publish","type":"post","link":"https:\/\/www.sonoraenequipo.com.mx\/inflacion-sube-al-7-37-en-mexico-maximo-nivel-desde-hace-20-anos\/","title":{"rendered":"Inflaci\u00f3n sube al 7.37% en M\u00e9xico, m\u00e1ximo nivel desde hace 20 a\u00f1os"},"content":{"rendered":"<p>CIUDAD DE M\u00c9XICO.MX. \u2014 La inflaci\u00f3n interanual de M\u00e9xico se aceler\u00f3 en noviembre m\u00e1s de lo esperado alcanzando el mayor nivel en m\u00e1s de dos d\u00e9cadas, superando nuevamente por mucho el objetivo oficial, lo que refuerza expectativas de que el banco central subir\u00eda por quinta ocasi\u00f3n consecutiva la tasa de inter\u00e9s referencial la pr\u00f3xima semana.<\/p>\n<p>&nbsp;<\/p>\n<p> <\/p>\n<p>Banco de M\u00e9xico (Banxico) elev\u00f3 el mes pasado en 25 puntos base (pb) su tasa de inter\u00e9s referencial por cuarta vez consecutiva para llevarla a un 5%, y subi\u00f3 sus expectativas para la inflaci\u00f3n al cierre de este a\u00f1o.<\/p>\n<p>&nbsp;<\/p>\n<p>La pr\u00f3xima decisi\u00f3n de pol\u00edtica monetaria, la \u00faltima en el a\u00f1o, est\u00e1 programada para el 16 de diciembre. Banxico tiene una meta permanente de inflaci\u00f3n del 3% +\/- un punto porcentual.<\/p>\n<p>&nbsp;<\/p>\n<p>La subgobernadora de la entidad, Irene Espinosa, dijo en una entrevista publicada esta semana que la misi\u00f3n del banco central es en este momento el manejo de las expectativas de inflaci\u00f3n, y que la pol\u00edtica monetaria debe responder a ello de manera contundente.<\/p>\n<p>&nbsp;<\/p>\n<p>La analista de Capital Economics Olivia Cross, opin\u00f3 que, a pesar del fuerte incremento de la inflaci\u00f3n reportado el jueves, el ciclo de ajuste del banco central seguir\u00eda siendo gradual.<\/p>\n<p>&nbsp;<\/p>\n<p><em>\u201cLas crecientes preocupaciones sobre las perspectivas de inflaci\u00f3n pueden llevar a un cambio m\u00e1s agresivo (\u2026) pero con la inflaci\u00f3n cerca de un pico y la recuperaci\u00f3n econ\u00f3mica vacilante, todav\u00eda esperamos otra subida de tasa de 25 pb, hasta el 5.25%, en la reuni\u00f3n del banco central la semana que viene\u201d,<\/em> dijo Cross.<\/p>\n<p>&nbsp;<\/p>\n<p>S\u00f3lo en noviembre, los precios al consumidor crecieron un 1.14%, mientras que el \u00edndice subyacente subi\u00f3 un 0.37%, dijo el Inegi.<\/p>\n<p>&nbsp;<\/p>\n<p>El aumento del INPC se vio impulsado en el mes por incrementos de precios en algunos productos agropecuarios y tarifas el\u00e9ctricas.<\/p>\n<p>&nbsp;<\/p>\n<p>(Publicada el 09\/12\/2021 \/ Con informaci\u00f3n de Reuters)<\/p>\n","protected":false},"excerpt":{"rendered":"<p>CIUDAD DE M\u00c9XICO.MX. \u2014 La inflaci\u00f3n interanual de M\u00e9xico se aceler\u00f3 en noviembre m\u00e1s de&#8230;<\/p>\n","protected":false},"author":1,"featured_media":129220,"comment_status":"open","ping_status":"open","sticky":false,"template":"","format":"standard","meta":{"_monsterinsights_skip_tracking":false,"_monsterinsights_sitenote_active":false,"_monsterinsights_sitenote_note":"","_monsterinsights_sitenote_category":0,"footnotes":""},"categories":[5],"tags":[],"class_list":["post"],"yoast_head":" \n<title>Sonora en Equipo. Inflaci\u00f3n sube al 7.37% en M\u00e9xico, m\u00e1ximo nivel desde hace 20 a\u00f1os Rep\u00fablica<\/title>\n<meta name=\"description\" content=\"CIUDAD DE M\u00c9XICO.MX. \u2014 La inflaci\u00f3n interanual de M\u00e9xico se aceler\u00f3 en noviembre m\u00e1s de lo esperado alcanzando el mayor nivel en m\u00e1s de dos d\u00e9cadas, En Sonora en Equipo publicamos toda la informaci\u00f3n de Sonora, M\u00e9xico y el Mundo de manera oportuna y busca que la libertad de expresi\u00f3n sea real. Visita nuestro medio informativo publicado desde Hermosillo, Sonora. %\" \/>\n<meta name=\"robots\" content=\"index, follow, max-snippet:-1, max-image-preview:large, max-video-preview:-1\" \/>\n<link rel=\"canonical\" href=\"https:\/\/www.sonoraenequipo.com.mx\/inflacion-sube-al-7-37-en-mexico-maximo-nivel-desde-hace-20-anos\/\" \/>\n<meta property=\"og:locale\" content=\"es_ES\" \/>\n<meta property=\"og:type\" content=\"article\" \/>\n<meta property=\"og:title\" content=\"Sonora en Equipo. Inflaci\u00f3n sube al 7.37% en M\u00e9xico, m\u00e1ximo nivel desde hace 20 a\u00f1os Rep\u00fablica\" \/>\n<meta property=\"og:description\" content=\"CIUDAD DE M\u00c9XICO.MX. \u2014 La inflaci\u00f3n interanual de M\u00e9xico se aceler\u00f3 en noviembre m\u00e1s de lo esperado alcanzando el mayor nivel en m\u00e1s de dos d\u00e9cadas, En Sonora en Equipo publicamos toda la informaci\u00f3n de Sonora, M\u00e9xico y el Mundo de manera oportuna y busca que la libertad de expresi\u00f3n sea real. Visita nuestro medio informativo publicado desde Hermosillo, Sonora. %\" \/>\n<meta property=\"og:url\" content=\"https:\/\/www.sonoraenequipo.com.mx\/inflacion-sube-al-7-37-en-mexico-maximo-nivel-desde-hace-20-anos\/\" \/>\n<meta property=\"og:site_name\" content=\"Sonora en Equipo.\" \/>\n<meta property=\"article:publisher\" content=\"https:\/\/www.facebook.com\/SonoraEE\/\" \/>\n<meta property=\"article:author\" content=\"https:\/\/www.facebook.com\/SonoraEE\" \/>\n<meta property=\"article:published_time\" content=\"2021-12-09T17:00:58+00:00\" \/>\n<meta property=\"article:modified_time\" content=\"2021-12-10T01:57:41+00:00\" \/>\n<meta property=\"og:image\" content=\"https:\/\/www.sonoraenequipo.com.mx\/storage\/2021\/12\/inflacion-en-mx_opt.jpg\" \/>\n\t<meta property=\"og:image:width\" content=\"700\" \/>\n\t<meta property=\"og:image:height\" content=\"400\" \/>\n\t<meta property=\"og:image:type\" content=\"image\/jpeg\" \/>\n<meta name=\"author\" content=\"enequipo\" \/>\n<meta name=\"twitter:card\" content=\"summary_large_image\" \/>\n<meta name=\"twitter:creator\" content=\"@sonoraenequipo\" \/>\n<meta name=\"twitter:site\" content=\"@sonoraenequipo\" \/>\n<meta name=\"twitter:label1\" content=\"Escrito por\" \/>\n\t<meta name=\"twitter:data1\" content=\"enequipo\" \/>\n\t<meta name=\"twitter:label2\" content=\"Tiempo de lectura\" \/>\n\t<meta name=\"twitter:data2\" content=\"2 minutos\" \/>\n<script type=\"application\/ld+json\" class=\"yoast-schema-graph\">{\"@context\":\"https:\/\/schema.org\",\"@graph\":[{\"@type\":\"Article\",\"@id\":\"https:\/\/www.sonoraenequipo.com.mx\/inflacion-sube-al-7-37-en-mexico-maximo-nivel-desde-hace-20-anos\/#article\",\"isPartOf\":{\"@id\":\"https:\/\/www.sonoraenequipo.com.mx\/inflacion-sube-al-7-37-en-mexico-maximo-nivel-desde-hace-20-anos\/\"},\"author\":{\"name\":\"enequipo\",\"@id\":\"https:\/\/www.sonoraenequipo.com.mx\/#\/schema\/person\/50102df0fb23a8fa9e8effad8fa81386\"},\"headline\":\"Inflaci\u00f3n sube al 7.37% en M\u00e9xico, m\u00e1ximo nivel desde hace 20 a\u00f1os\",\"datePublished\":\"2021-12-09T17:00:58+00:00\",\"dateModified\":\"2021-12-10T01:57:41+00:00\",\"mainEntityOfPage\":{\"@id\":\"https:\/\/www.sonoraenequipo.com.mx\/inflacion-sube-al-7-37-en-mexico-maximo-nivel-desde-hace-20-anos\/\"},\"wordCount\":346,\"commentCount\":0,\"publisher\":{\"@id\":\"https:\/\/www.sonoraenequipo.com.mx\/#organization\"},\"image\":{\"@id\":\"https:\/\/www.sonoraenequipo.com.mx\/inflacion-sube-al-7-37-en-mexico-maximo-nivel-desde-hace-20-anos\/#primaryimage\"},\"thumbnailUrl\":\"https:\/\/www.sonoraenequipo.com.mx\/storage\/2021\/12\/inflacion-en-mx_opt.jpg\",\"articleSection\":[\"Rep\u00fablica\"],\"inLanguage\":\"es\",\"potentialAction\":[{\"@type\":\"CommentAction\",\"name\":\"Comment\",\"target\":[\"https:\/\/www.sonoraenequipo.com.mx\/inflacion-sube-al-7-37-en-mexico-maximo-nivel-desde-hace-20-anos\/#respond\"]}]},{\"@type\":\"WebPage\",\"@id\":\"https:\/\/www.sonoraenequipo.com.mx\/inflacion-sube-al-7-37-en-mexico-maximo-nivel-desde-hace-20-anos\/\",\"url\":\"https:\/\/www.sonoraenequipo.com.mx\/inflacion-sube-al-7-37-en-mexico-maximo-nivel-desde-hace-20-anos\/\",\"name\":\"Sonora en Equipo. Inflaci\u00f3n sube al 7.37% en M\u00e9xico, m\u00e1ximo nivel desde hace 20 a\u00f1os Rep\u00fablica\",\"isPartOf\":{\"@id\":\"https:\/\/www.sonoraenequipo.com.mx\/#website\"},\"primaryImageOfPage\":{\"@id\":\"https:\/\/www.sonoraenequipo.com.mx\/inflacion-sube-al-7-37-en-mexico-maximo-nivel-desde-hace-20-anos\/#primaryimage\"},\"image\":{\"@id\":\"https:\/\/www.sonoraenequipo.com.mx\/inflacion-sube-al-7-37-en-mexico-maximo-nivel-desde-hace-20-anos\/#primaryimage\"},\"thumbnailUrl\":\"https:\/\/www.sonoraenequipo.com.mx\/storage\/2021\/12\/inflacion-en-mx_opt.jpg\",\"datePublished\":\"2021-12-09T17:00:58+00:00\",\"dateModified\":\"2021-12-10T01:57:41+00:00\",\"description\":\"CIUDAD DE M\u00c9XICO.MX. \u2014 La inflaci\u00f3n interanual de M\u00e9xico se aceler\u00f3 en noviembre m\u00e1s de lo esperado alcanzando el mayor nivel en m\u00e1s de dos d\u00e9cadas, En Sonora en Equipo publicamos toda la informaci\u00f3n de Sonora, M\u00e9xico y el Mundo de manera oportuna y busca que la libertad de expresi\u00f3n sea real. Visita nuestro medio informativo publicado desde Hermosillo, Sonora. %\",\"breadcrumb\":{\"@id\":\"https:\/\/www.sonoraenequipo.com.mx\/inflacion-sube-al-7-37-en-mexico-maximo-nivel-desde-hace-20-anos\/#breadcrumb\"},\"inLanguage\":\"es\",\"potentialAction\":[{\"@type\":\"ReadAction\",\"target\":[\"https:\/\/www.sonoraenequipo.com.mx\/inflacion-sube-al-7-37-en-mexico-maximo-nivel-desde-hace-20-anos\/\"]}]},{\"@type\":\"ImageObject\",\"inLanguage\":\"es\",\"@id\":\"https:\/\/www.sonoraenequipo.com.mx\/inflacion-sube-al-7-37-en-mexico-maximo-nivel-desde-hace-20-anos\/#primaryimage\",\"url\":\"https:\/\/www.sonoraenequipo.com.mx\/storage\/2021\/12\/inflacion-en-mx_opt.jpg\",\"contentUrl\":\"https:\/\/www.sonoraenequipo.com.mx\/storage\/2021\/12\/inflacion-en-mx_opt.jpg\",\"width\":700,\"height\":400},{\"@type\":\"BreadcrumbList\",\"@id\":\"https:\/\/www.sonoraenequipo.com.mx\/inflacion-sube-al-7-37-en-mexico-maximo-nivel-desde-hace-20-anos\/#breadcrumb\",\"itemListElement\":[{\"@type\":\"ListItem\",\"position\":1,\"name\":\"Portada\",\"item\":\"https:\/\/www.sonoraenequipo.com.mx\/\"},{\"@type\":\"ListItem\",\"position\":2,\"name\":\"Inflaci\u00f3n sube al 7.37% en M\u00e9xico, m\u00e1ximo nivel desde hace 20 a\u00f1os\"}]},{\"@type\":\"WebSite\",\"@id\":\"https:\/\/www.sonoraenequipo.com.mx\/#website\",\"url\":\"https:\/\/www.sonoraenequipo.com.mx\/\",\"name\":\"Sonora en Equipo.\",\"description\":\"Diario en l\u00ednea con Noticias desde Hermosillo, Sonora\",\"publisher\":{\"@id\":\"https:\/\/www.sonoraenequipo.com.mx\/#organization\"},\"potentialAction\":[{\"@type\":\"SearchAction\",\"target\":{\"@type\":\"EntryPoint\",\"urlTemplate\":\"https:\/\/www.sonoraenequipo.com.mx\/?s={search_term_string}\"},\"query-input\":{\"@type\":\"PropertyValueSpecification\",\"valueRequired\":true,\"valueName\":\"search_term_string\"}}],\"inLanguage\":\"es\"},{\"@type\":\"Organization\",\"@id\":\"https:\/\/www.sonoraenequipo.com.mx\/#organization\",\"name\":\"Sonoraenequipo.com.mx\",\"url\":\"https:\/\/www.sonoraenequipo.com.mx\/\",\"logo\":{\"@type\":\"ImageObject\",\"inLanguage\":\"es\",\"@id\":\"https:\/\/www.sonoraenequipo.com.mx\/#\/schema\/logo\/image\/\",\"url\":\"https:\/\/www.sonoraenequipo.com.mx\/storage\/2019\/01\/sonoraenequipo_opt.png\",\"contentUrl\":\"https:\/\/www.sonoraenequipo.com.mx\/storage\/2019\/01\/sonoraenequipo_opt.png\",\"width\":375,\"height\":125,\"caption\":\"Sonoraenequipo.com.mx\"},\"image\":{\"@id\":\"https:\/\/www.sonoraenequipo.com.mx\/#\/schema\/logo\/image\/\"},\"sameAs\":[\"https:\/\/www.facebook.com\/SonoraEE\/\",\"https:\/\/x.com\/sonoraenequipo\",\"https:\/\/www.youtube.com\/channel\/UC338nW-lPEYmJQs4ZABQ1SQ\"]},{\"@type\":\"Person\",\"@id\":\"https:\/\/www.sonoraenequipo.com.mx\/#\/schema\/person\/50102df0fb23a8fa9e8effad8fa81386\",\"name\":\"enequipo\",\"image\":{\"@type\":\"ImageObject\",\"inLanguage\":\"es\",\"@id\":\"https:\/\/www.sonoraenequipo.com.mx\/#\/schema\/person\/image\/\",\"url\":\"https:\/\/secure.gravatar.com\/avatar\/049821681b589dabc0bc20695993ccebb09f5b5d4d790cd9251b97faac7c652b?s=96&d=blank&r=g\",\"contentUrl\":\"https:\/\/secure.gravatar.com\/avatar\/049821681b589dabc0bc20695993ccebb09f5b5d4d790cd9251b97faac7c652b?s=96&d=blank&r=g\",\"caption\":\"enequipo\"},\"sameAs\":[\"https:\/\/www.facebook.com\/SonoraEE\"]}]}<\/script>\n ","yoast_head_json":{"title":"Sonora en Equipo. Inflaci\u00f3n sube al 7.37% en M\u00e9xico, m\u00e1ximo nivel desde hace 20 a\u00f1os Rep\u00fablica","description":"CIUDAD DE M\u00c9XICO.MX. \u2014 La inflaci\u00f3n interanual de M\u00e9xico se aceler\u00f3 en noviembre m\u00e1s de lo esperado alcanzando el mayor nivel en m\u00e1s de dos d\u00e9cadas, En Sonora en Equipo publicamos toda la informaci\u00f3n de Sonora, M\u00e9xico y el Mundo de manera oportuna y busca que la libertad de expresi\u00f3n sea real. Visita nuestro medio informativo publicado desde Hermosillo, Sonora. %","robots":{"index":"index","follow":"follow","max-snippet":"max-snippet:-1","max-image-preview":"max-image-preview:large","max-video-preview":"max-video-preview:-1"},"canonical":"https:\/\/www.sonoraenequipo.com.mx\/inflacion-sube-al-7-37-en-mexico-maximo-nivel-desde-hace-20-anos\/","og_locale":"es_ES","og_type":"article","og_title":"Sonora en Equipo. Inflaci\u00f3n sube al 7.37% en M\u00e9xico, m\u00e1ximo nivel desde hace 20 a\u00f1os Rep\u00fablica","og_description":"CIUDAD DE M\u00c9XICO.MX. \u2014 La inflaci\u00f3n interanual de M\u00e9xico se aceler\u00f3 en noviembre m\u00e1s de lo esperado alcanzando el mayor nivel en m\u00e1s de dos d\u00e9cadas, En Sonora en Equipo publicamos toda la informaci\u00f3n de Sonora, M\u00e9xico y el Mundo de manera oportuna y busca que la libertad de expresi\u00f3n sea real. Visita nuestro medio informativo publicado desde Hermosillo, Sonora. %","og_url":"https:\/\/www.sonoraenequipo.com.mx\/inflacion-sube-al-7-37-en-mexico-maximo-nivel-desde-hace-20-anos\/","og_site_name":"Sonora en Equipo.","article_publisher":"https:\/\/www.facebook.com\/SonoraEE\/","article_author":"https:\/\/www.facebook.com\/SonoraEE","article_published_time":"2021-12-09T17:00:58+00:00","article_modified_time":"2021-12-10T01:57:41+00:00","og_image":[{"width":700,"height":400,"url":"https:\/\/www.sonoraenequipo.com.mx\/storage\/2021\/12\/inflacion-en-mx_opt.jpg","type":"image\/jpeg"}],"author":"enequipo","twitter_card":"summary_large_image","twitter_creator":"@sonoraenequipo","twitter_site":"@sonoraenequipo","twitter_misc":{"Escrito por":"enequipo","Tiempo de lectura":"2 minutos"},"schema":{"@context":"https:\/\/schema.org","@graph":[{"@type":"Article","@id":"https:\/\/www.sonoraenequipo.com.mx\/inflacion-sube-al-7-37-en-mexico-maximo-nivel-desde-hace-20-anos\/#article","isPartOf":{"@id":"https:\/\/www.sonoraenequipo.com.mx\/inflacion-sube-al-7-37-en-mexico-maximo-nivel-desde-hace-20-anos\/"},"author":{"name":"enequipo","@id":"https:\/\/www.sonoraenequipo.com.mx\/#\/schema\/person\/50102df0fb23a8fa9e8effad8fa81386"},"headline":"Inflaci\u00f3n sube al 7.37% en M\u00e9xico, m\u00e1ximo nivel desde hace 20 a\u00f1os","datePublished":"2021-12-09T17:00:58+00:00","dateModified":"2021-12-10T01:57:41+00:00","mainEntityOfPage":{"@id":"https:\/\/www.sonoraenequipo.com.mx\/inflacion-sube-al-7-37-en-mexico-maximo-nivel-desde-hace-20-anos\/"},"wordCount":346,"commentCount":0,"publisher":{"@id":"https:\/\/www.sonoraenequipo.com.mx\/#organization"},"image":{"@id":"https:\/\/www.sonoraenequipo.com.mx\/inflacion-sube-al-7-37-en-mexico-maximo-nivel-desde-hace-20-anos\/#primaryimage"},"thumbnailUrl":"https:\/\/www.sonoraenequipo.com.mx\/storage\/2021\/12\/inflacion-en-mx_opt.jpg","articleSection":["Rep\u00fablica"],"inLanguage":"es","potentialAction":[{"@type":"CommentAction","name":"Comment","target":["https:\/\/www.sonoraenequipo.com.mx\/inflacion-sube-al-7-37-en-mexico-maximo-nivel-desde-hace-20-anos\/#respond"]}]},{"@type":"WebPage","@id":"https:\/\/www.sonoraenequipo.com.mx\/inflacion-sube-al-7-37-en-mexico-maximo-nivel-desde-hace-20-anos\/","url":"https:\/\/www.sonoraenequipo.com.mx\/inflacion-sube-al-7-37-en-mexico-maximo-nivel-desde-hace-20-anos\/","name":"Sonora en Equipo. Inflaci\u00f3n sube al 7.37% en M\u00e9xico, m\u00e1ximo nivel desde hace 20 a\u00f1os Rep\u00fablica","isPartOf":{"@id":"https:\/\/www.sonoraenequipo.com.mx\/#website"},"primaryImageOfPage":{"@id":"https:\/\/www.sonoraenequipo.com.mx\/inflacion-sube-al-7-37-en-mexico-maximo-nivel-desde-hace-20-anos\/#primaryimage"},"image":{"@id":"https:\/\/www.sonoraenequipo.com.mx\/inflacion-sube-al-7-37-en-mexico-maximo-nivel-desde-hace-20-anos\/#primaryimage"},"thumbnailUrl":"https:\/\/www.sonoraenequipo.com.mx\/storage\/2021\/12\/inflacion-en-mx_opt.jpg","datePublished":"2021-12-09T17:00:58+00:00","dateModified":"2021-12-10T01:57:41+00:00","description":"CIUDAD DE M\u00c9XICO.MX. \u2014 La inflaci\u00f3n interanual de M\u00e9xico se aceler\u00f3 en noviembre m\u00e1s de lo esperado alcanzando el mayor nivel en m\u00e1s de dos d\u00e9cadas, En Sonora en Equipo publicamos toda la informaci\u00f3n de Sonora, M\u00e9xico y el Mundo de manera oportuna y busca que la libertad de expresi\u00f3n sea real. Visita nuestro medio informativo publicado desde Hermosillo, Sonora. %","breadcrumb":{"@id":"https:\/\/www.sonoraenequipo.com.mx\/inflacion-sube-al-7-37-en-mexico-maximo-nivel-desde-hace-20-anos\/#breadcrumb"},"inLanguage":"es","potentialAction":[{"@type":"ReadAction","target":["https:\/\/www.sonoraenequipo.com.mx\/inflacion-sube-al-7-37-en-mexico-maximo-nivel-desde-hace-20-anos\/"]}]},{"@type":"ImageObject","inLanguage":"es","@id":"https:\/\/www.sonoraenequipo.com.mx\/inflacion-sube-al-7-37-en-mexico-maximo-nivel-desde-hace-20-anos\/#primaryimage","url":"https:\/\/www.sonoraenequipo.com.mx\/storage\/2021\/12\/inflacion-en-mx_opt.jpg","contentUrl":"https:\/\/www.sonoraenequipo.com.mx\/storage\/2021\/12\/inflacion-en-mx_opt.jpg","width":700,"height":400},{"@type":"BreadcrumbList","@id":"https:\/\/www.sonoraenequipo.com.mx\/inflacion-sube-al-7-37-en-mexico-maximo-nivel-desde-hace-20-anos\/#breadcrumb","itemListElement":[{"@type":"ListItem","position":1,"name":"Portada","item":"https:\/\/www.sonoraenequipo.com.mx\/"},{"@type":"ListItem","position":2,"name":"Inflaci\u00f3n sube al 7.37% en M\u00e9xico, m\u00e1ximo nivel desde hace 20 a\u00f1os"}]},{"@type":"WebSite","@id":"https:\/\/www.sonoraenequipo.com.mx\/#website","url":"https:\/\/www.sonoraenequipo.com.mx\/","name":"Sonora en Equipo.","description":"Diario en l\u00ednea con Noticias desde Hermosillo, Sonora","publisher":{"@id":"https:\/\/www.sonoraenequipo.com.mx\/#organization"},"potentialAction":[{"@type":"SearchAction","target":{"@type":"EntryPoint","urlTemplate":"https:\/\/www.sonoraenequipo.com.mx\/?s={search_term_string}"},"query-input":{"@type":"PropertyValueSpecification","valueRequired":true,"valueName":"search_term_string"}}],"inLanguage":"es"},{"@type":"Organization","@id":"https:\/\/www.sonoraenequipo.com.mx\/#organization","name":"Sonoraenequipo.com.mx","url":"https:\/\/www.sonoraenequipo.com.mx\/","logo":{"@type":"ImageObject","inLanguage":"es","@id":"https:\/\/www.sonoraenequipo.com.mx\/#\/schema\/logo\/image\/","url":"https:\/\/www.sonoraenequipo.com.mx\/storage\/2019\/01\/sonoraenequipo_opt.png","contentUrl":"https:\/\/www.sonoraenequipo.com.mx\/storage\/2019\/01\/sonoraenequipo_opt.png","width":375,"height":125,"caption":"Sonoraenequipo.com.mx"},"image":{"@id":"https:\/\/www.sonoraenequipo.com.mx\/#\/schema\/logo\/image\/"},"sameAs":["https:\/\/www.facebook.com\/SonoraEE\/","https:\/\/x.com\/sonoraenequipo","https:\/\/www.youtube.com\/channel\/UC338nW-lPEYmJQs4ZABQ1SQ"]},{"@type":"Person","@id":"https:\/\/www.sonoraenequipo.com.mx\/#\/schema\/person\/50102df0fb23a8fa9e8effad8fa81386","name":"enequipo","image":{"@type":"ImageObject","inLanguage":"es","@id":"https:\/\/www.sonoraenequipo.com.mx\/#\/schema\/person\/image\/","url":"https:\/\/secure.gravatar.com\/avatar\/049821681b589dabc0bc20695993ccebb09f5b5d4d790cd9251b97faac7c652b?s=96&d=blank&r=g","contentUrl":"https:\/\/secure.gravatar.com\/avatar\/049821681b589dabc0bc20695993ccebb09f5b5d4d790cd9251b97faac7c652b?s=96&d=blank&r=g","caption":"enequipo"},"sameAs":["https:\/\/www.facebook.com\/SonoraEE"]}]}},"jetpack_featured_media_url":"https:\/\/www.sonoraenequipo.com.mx\/storage\/2021\/12\/inflacion-en-mx_opt.jpg","_links":{"self":[{"href":"https:\/\/www.sonoraenequipo.com.mx\/api\/wp\/v2\/posts\/129225","targetHints":{"allow":["GET"]}}],"collection":[{"href":"https:\/\/www.sonoraenequipo.com.mx\/api\/wp\/v2\/posts"}],"about":[{"href":"https:\/\/www.sonoraenequipo.com.mx\/api\/wp\/v2\/types\/post"}],"author":[{"embeddable":true,"href":"https:\/\/www.sonoraenequipo.com.mx\/api\/wp\/v2\/users\/1"}],"replies":[{"embeddable":true,"href":"https:\/\/www.sonoraenequipo.com.mx\/api\/wp\/v2\/comments?post=129225"}],"version-history":[{"count":1,"href":"https:\/\/www.sonoraenequipo.com.mx\/api\/wp\/v2\/posts\/129225\/revisions"}],"predecessor-version":[{"id":129226,"href":"https:\/\/www.sonoraenequipo.com.mx\/api\/wp\/v2\/posts\/129225\/revisions\/129226"}],"wp:featuredmedia":[{"embeddable":true,"href":"https:\/\/www.sonoraenequipo.com.mx\/api\/wp\/v2\/media\/129220"}],"wp:attachment":[{"href":"https:\/\/www.sonoraenequipo.com.mx\/api\/wp\/v2\/media?parent=129225"}],"wp:term":[{"taxonomy":"category","embeddable":true,"href":"https:\/\/www.sonoraenequipo.com.mx\/api\/wp\/v2\/categories?post=129225"},{"taxonomy":"post_tag","embeddable":true,"href":"https:\/\/www.sonoraenequipo.com.mx\/api\/wp\/v2\/tags?post=129225"}],"curies":[{"name":"wp","href":"https:\/\/api.w.org\/{rel}","templated":true}]}}