{"id":129231,"date":"2021-12-09T09:29:08","date_gmt":"2021-12-09T16:29:08","guid":{"rendered":"https:\/\/www.sonoraenequipo.com.mx\/?p=129231"},"modified":"2021-12-09T22:16:32","modified_gmt":"2021-12-10T05:16:32","slug":"navojoa-javier-adolfo-alatorre-rinde-protesta-como-comisario-de-seguridad","status":"publish","type":"post","link":"https:\/\/www.sonoraenequipo.com.mx\/navojoa-javier-adolfo-alatorre-rinde-protesta-como-comisario-de-seguridad\/","title":{"rendered":"NAVOJOA. Javier Adolfo Alatorre rinde protesta como comisario de Seguridad"},"content":{"rendered":"<p>NAVOJOA, SONORA. MX. \u2014 Puesto a la primera prueba de aplicar un pr\u00f3ximo operativo de orientaci\u00f3n y protecci\u00f3n a los \u201cpaisanos\u201d, sin abusos ni arbitrariedades por parte de los agentes preventivos, ayer Javier Adolfo Alatorre Correa asumi\u00f3 el cargo de Comisario de Seguridad P\u00fablica de Navojoa.<\/p>\n<p>&nbsp;<\/p>\n<p> <\/p>\n<p>&nbsp;<\/p>\n<p>La designaci\u00f3n de Alatorre Correa se dio en sesi\u00f3n extraordinaria de Cabildo donde fue presentada una terna de candidatos resultando elegido por votaci\u00f3n un\u00e1nime de los veinte regidores asistentes.<\/p>\n<p>&nbsp;<\/p>\n<p>La toma de protesta estuvo a cargo del alcalde Mario Mart\u00ednez Boj\u00f3rquez quien cerr\u00f3 la formalidad con la frase conciliatoria \u201cpues tenemos nuevo Comisario\u201d.<\/p>\n<p>&nbsp;<\/p>\n<p>El nuevo funcionario sustituye en el puesto a Ana Lilia C\u00f3rdova Herrera cuya renuncia qued\u00f3 interpuesta el pasado mi\u00e9rcoles 1 con car\u00e1cter de irrevocable bajo la justificaci\u00f3n de as\u00ed convenirlo a sus intereses personales y laborales.<\/p>\n<p>&nbsp;<\/p>\n<p>Desde inicio de mes, hasta ayer al mediod\u00eda, se desempe\u00f1aba como el encargado de Despacho de dicha corporaci\u00f3n.<\/p>\n<p>&nbsp;<\/p>\n<p>Adem\u00e1s de Alatorre Correa, el alcalde Mart\u00ednez Boj\u00f3rquez present\u00f3 como otras opciones a Carlos Alberto Fuentes Valenzuela y Germ\u00e1n Molina Valdez, dentro de la facultad otorgada por la Ley de Gobierno y Administraci\u00f3n Municipal.<\/p>\n<p>&nbsp;<\/p>\n<p>Por protocolo, el secretario del Ayuntamiento, Juli\u00e1n Aguilera Zaragoza, ley\u00f3 a los ediles el documento de dimisi\u00f3n presentado por C\u00f3rdova Herrera quien hab\u00eda asumido la responsabilidad el 16 de septiembre pasado convertida en la primera mujer en ostentarlo en Navojoa.<\/p>\n<p>&nbsp;<\/p>\n<p>Regidores de Morena, Movimiento Ciudadano, PRI, PAN, PT y el independiente Carlos Quiroz Romo expresaron el apoyo al nuevo Comisario de Seguridad P\u00fablica y disposici\u00f3n de colaborar en la medida de lo posible.<\/p>\n<p>&nbsp;<\/p>\n<p>Varios de ellos coincidieron en solicitarle como primera acci\u00f3n la aplicaci\u00f3n de un plan eficiente para que en los pr\u00f3ximos d\u00edas los cientos de \u201cpaisanos\u201d que cruzar\u00e1n la ciudad no sean hostigados o extorsionados por la Polic\u00eda Municipal como ha sido queja y mala fama desde hace muchos a\u00f1os.<\/p>\n<p>&nbsp;<\/p>\n<p>Alatorre Correa asegur\u00f3 ante el Cabildo que se conducir\u00e1 con honorabilidad, seriedad y suma responsabilidad en el cargo reci\u00e9n conferido.<\/p>\n<p>&nbsp;<\/p>\n<p>\u201cMe comprometo a que los \u2018paisanos\u2019 a su paso por nuestra ciudad se encontrar\u00e1n seguros y as\u00ed cambie la imagen de Navojoa\u201d, subray\u00f3, \u201cen caso de una mala actitud de elementos actuaremos apegados a derecho\u201d.<\/p>\n<p>&nbsp;<\/p>\n<p>Navojoa significa punto estrat\u00e9gico para los connacionales en su desplazamiento hacia el sur del pa\u00eds, coment\u00f3, es la \u00faltima ciudad de Sonora antes de cruzar hacia Sinaloa por lo que suelen descansar o pernoctar para luego proseguir el viaje.<\/p>\n<p>&nbsp;<\/p>\n<p>&nbsp;<\/p>\n<p>(Publicada el 09\/12\/2021 \/Con informaci\u00f3n de Miriam Mill\u00e1n \/VALOR)<\/p>\n","protected":false},"excerpt":{"rendered":"<p>NAVOJOA, SONORA. MX. \u2014 Puesto a la primera prueba de aplicar un pr\u00f3ximo operativo de&#8230;<\/p>\n","protected":false},"author":1,"featured_media":129232,"comment_status":"open","ping_status":"open","sticky":false,"template":"","format":"standard","meta":{"_monsterinsights_skip_tracking":false,"_monsterinsights_sitenote_active":false,"_monsterinsights_sitenote_note":"","_monsterinsights_sitenote_category":0,"footnotes":""},"categories":[4],"tags":[],"class_list":["post"],"yoast_head":" \n<title>Sonora en Equipo. NAVOJOA. Javier Adolfo Alatorre rinde protesta como comisario de Seguridad Municipios<\/title>\n<meta name=\"description\" content=\"NAVOJOA, SONORA. MX. \u2014 Puesto a la primera prueba de aplicar un pr\u00f3ximo operativo de orientaci\u00f3n y protecci\u00f3n a los \u201cpaisanos\u201d, sin abusos ni En Sonora en Equipo publicamos toda la informaci\u00f3n de Sonora, M\u00e9xico y el Mundo de manera oportuna y busca que la libertad de expresi\u00f3n sea real. Visita nuestro medio informativo publicado desde Hermosillo, Sonora. %\" \/>\n<meta name=\"robots\" content=\"index, follow, max-snippet:-1, max-image-preview:large, max-video-preview:-1\" \/>\n<link rel=\"canonical\" href=\"https:\/\/www.sonoraenequipo.com.mx\/navojoa-javier-adolfo-alatorre-rinde-protesta-como-comisario-de-seguridad\/\" \/>\n<meta property=\"og:locale\" content=\"es_ES\" \/>\n<meta property=\"og:type\" content=\"article\" \/>\n<meta property=\"og:title\" content=\"Sonora en Equipo. NAVOJOA. Javier Adolfo Alatorre rinde protesta como comisario de Seguridad Municipios\" \/>\n<meta property=\"og:description\" content=\"NAVOJOA, SONORA. MX. \u2014 Puesto a la primera prueba de aplicar un pr\u00f3ximo operativo de orientaci\u00f3n y protecci\u00f3n a los \u201cpaisanos\u201d, sin abusos ni En Sonora en Equipo publicamos toda la informaci\u00f3n de Sonora, M\u00e9xico y el Mundo de manera oportuna y busca que la libertad de expresi\u00f3n sea real. Visita nuestro medio informativo publicado desde Hermosillo, Sonora. %\" \/>\n<meta property=\"og:url\" content=\"https:\/\/www.sonoraenequipo.com.mx\/navojoa-javier-adolfo-alatorre-rinde-protesta-como-comisario-de-seguridad\/\" \/>\n<meta property=\"og:site_name\" content=\"Sonora en Equipo.\" \/>\n<meta property=\"article:publisher\" content=\"https:\/\/www.facebook.com\/SonoraEE\/\" \/>\n<meta property=\"article:author\" content=\"https:\/\/www.facebook.com\/SonoraEE\" \/>\n<meta property=\"article:published_time\" content=\"2021-12-09T16:29:08+00:00\" \/>\n<meta property=\"article:modified_time\" content=\"2021-12-10T05:16:32+00:00\" \/>\n<meta property=\"og:image\" content=\"https:\/\/www.sonoraenequipo.com.mx\/storage\/2021\/12\/navojoa_opt.jpg\" \/>\n\t<meta property=\"og:image:width\" content=\"700\" \/>\n\t<meta property=\"og:image:height\" content=\"400\" \/>\n\t<meta property=\"og:image:type\" content=\"image\/jpeg\" \/>\n<meta name=\"author\" content=\"enequipo\" \/>\n<meta name=\"twitter:card\" content=\"summary_large_image\" \/>\n<meta name=\"twitter:creator\" content=\"@sonoraenequipo\" \/>\n<meta name=\"twitter:site\" content=\"@sonoraenequipo\" \/>\n<meta name=\"twitter:label1\" content=\"Escrito por\" \/>\n\t<meta name=\"twitter:data1\" content=\"enequipo\" \/>\n\t<meta name=\"twitter:label2\" content=\"Tiempo de lectura\" \/>\n\t<meta name=\"twitter:data2\" content=\"2 minutos\" \/>\n<script type=\"application\/ld+json\" class=\"yoast-schema-graph\">{\"@context\":\"https:\/\/schema.org\",\"@graph\":[{\"@type\":\"Article\",\"@id\":\"https:\/\/www.sonoraenequipo.com.mx\/navojoa-javier-adolfo-alatorre-rinde-protesta-como-comisario-de-seguridad\/#article\",\"isPartOf\":{\"@id\":\"https:\/\/www.sonoraenequipo.com.mx\/navojoa-javier-adolfo-alatorre-rinde-protesta-como-comisario-de-seguridad\/\"},\"author\":{\"name\":\"enequipo\",\"@id\":\"https:\/\/www.sonoraenequipo.com.mx\/#\/schema\/person\/50102df0fb23a8fa9e8effad8fa81386\"},\"headline\":\"NAVOJOA. Javier Adolfo Alatorre rinde protesta como comisario de Seguridad\",\"datePublished\":\"2021-12-09T16:29:08+00:00\",\"dateModified\":\"2021-12-10T05:16:32+00:00\",\"mainEntityOfPage\":{\"@id\":\"https:\/\/www.sonoraenequipo.com.mx\/navojoa-javier-adolfo-alatorre-rinde-protesta-como-comisario-de-seguridad\/\"},\"wordCount\":473,\"commentCount\":0,\"publisher\":{\"@id\":\"https:\/\/www.sonoraenequipo.com.mx\/#organization\"},\"image\":{\"@id\":\"https:\/\/www.sonoraenequipo.com.mx\/navojoa-javier-adolfo-alatorre-rinde-protesta-como-comisario-de-seguridad\/#primaryimage\"},\"thumbnailUrl\":\"https:\/\/www.sonoraenequipo.com.mx\/storage\/2021\/12\/navojoa_opt.jpg\",\"articleSection\":[\"Municipios\"],\"inLanguage\":\"es\",\"potentialAction\":[{\"@type\":\"CommentAction\",\"name\":\"Comment\",\"target\":[\"https:\/\/www.sonoraenequipo.com.mx\/navojoa-javier-adolfo-alatorre-rinde-protesta-como-comisario-de-seguridad\/#respond\"]}]},{\"@type\":\"WebPage\",\"@id\":\"https:\/\/www.sonoraenequipo.com.mx\/navojoa-javier-adolfo-alatorre-rinde-protesta-como-comisario-de-seguridad\/\",\"url\":\"https:\/\/www.sonoraenequipo.com.mx\/navojoa-javier-adolfo-alatorre-rinde-protesta-como-comisario-de-seguridad\/\",\"name\":\"Sonora en Equipo. NAVOJOA. Javier Adolfo Alatorre rinde protesta como comisario de Seguridad Municipios\",\"isPartOf\":{\"@id\":\"https:\/\/www.sonoraenequipo.com.mx\/#website\"},\"primaryImageOfPage\":{\"@id\":\"https:\/\/www.sonoraenequipo.com.mx\/navojoa-javier-adolfo-alatorre-rinde-protesta-como-comisario-de-seguridad\/#primaryimage\"},\"image\":{\"@id\":\"https:\/\/www.sonoraenequipo.com.mx\/navojoa-javier-adolfo-alatorre-rinde-protesta-como-comisario-de-seguridad\/#primaryimage\"},\"thumbnailUrl\":\"https:\/\/www.sonoraenequipo.com.mx\/storage\/2021\/12\/navojoa_opt.jpg\",\"datePublished\":\"2021-12-09T16:29:08+00:00\",\"dateModified\":\"2021-12-10T05:16:32+00:00\",\"description\":\"NAVOJOA, SONORA. MX. \u2014 Puesto a la primera prueba de aplicar un pr\u00f3ximo operativo de orientaci\u00f3n y protecci\u00f3n a los \u201cpaisanos\u201d, sin abusos ni En Sonora en Equipo publicamos toda la informaci\u00f3n de Sonora, M\u00e9xico y el Mundo de manera oportuna y busca que la libertad de expresi\u00f3n sea real. Visita nuestro medio informativo publicado desde Hermosillo, Sonora. %\",\"breadcrumb\":{\"@id\":\"https:\/\/www.sonoraenequipo.com.mx\/navojoa-javier-adolfo-alatorre-rinde-protesta-como-comisario-de-seguridad\/#breadcrumb\"},\"inLanguage\":\"es\",\"potentialAction\":[{\"@type\":\"ReadAction\",\"target\":[\"https:\/\/www.sonoraenequipo.com.mx\/navojoa-javier-adolfo-alatorre-rinde-protesta-como-comisario-de-seguridad\/\"]}]},{\"@type\":\"ImageObject\",\"inLanguage\":\"es\",\"@id\":\"https:\/\/www.sonoraenequipo.com.mx\/navojoa-javier-adolfo-alatorre-rinde-protesta-como-comisario-de-seguridad\/#primaryimage\",\"url\":\"https:\/\/www.sonoraenequipo.com.mx\/storage\/2021\/12\/navojoa_opt.jpg\",\"contentUrl\":\"https:\/\/www.sonoraenequipo.com.mx\/storage\/2021\/12\/navojoa_opt.jpg\",\"width\":700,\"height\":400},{\"@type\":\"BreadcrumbList\",\"@id\":\"https:\/\/www.sonoraenequipo.com.mx\/navojoa-javier-adolfo-alatorre-rinde-protesta-como-comisario-de-seguridad\/#breadcrumb\",\"itemListElement\":[{\"@type\":\"ListItem\",\"position\":1,\"name\":\"Portada\",\"item\":\"https:\/\/www.sonoraenequipo.com.mx\/\"},{\"@type\":\"ListItem\",\"position\":2,\"name\":\"NAVOJOA. Javier Adolfo Alatorre rinde protesta como comisario de Seguridad\"}]},{\"@type\":\"WebSite\",\"@id\":\"https:\/\/www.sonoraenequipo.com.mx\/#website\",\"url\":\"https:\/\/www.sonoraenequipo.com.mx\/\",\"name\":\"Sonora en Equipo.\",\"description\":\"Diario en l\u00ednea con Noticias desde Hermosillo, Sonora\",\"publisher\":{\"@id\":\"https:\/\/www.sonoraenequipo.com.mx\/#organization\"},\"potentialAction\":[{\"@type\":\"SearchAction\",\"target\":{\"@type\":\"EntryPoint\",\"urlTemplate\":\"https:\/\/www.sonoraenequipo.com.mx\/?s={search_term_string}\"},\"query-input\":{\"@type\":\"PropertyValueSpecification\",\"valueRequired\":true,\"valueName\":\"search_term_string\"}}],\"inLanguage\":\"es\"},{\"@type\":\"Organization\",\"@id\":\"https:\/\/www.sonoraenequipo.com.mx\/#organization\",\"name\":\"Sonoraenequipo.com.mx\",\"url\":\"https:\/\/www.sonoraenequipo.com.mx\/\",\"logo\":{\"@type\":\"ImageObject\",\"inLanguage\":\"es\",\"@id\":\"https:\/\/www.sonoraenequipo.com.mx\/#\/schema\/logo\/image\/\",\"url\":\"https:\/\/www.sonoraenequipo.com.mx\/storage\/2019\/01\/sonoraenequipo_opt.png\",\"contentUrl\":\"https:\/\/www.sonoraenequipo.com.mx\/storage\/2019\/01\/sonoraenequipo_opt.png\",\"width\":375,\"height\":125,\"caption\":\"Sonoraenequipo.com.mx\"},\"image\":{\"@id\":\"https:\/\/www.sonoraenequipo.com.mx\/#\/schema\/logo\/image\/\"},\"sameAs\":[\"https:\/\/www.facebook.com\/SonoraEE\/\",\"https:\/\/x.com\/sonoraenequipo\",\"https:\/\/www.youtube.com\/channel\/UC338nW-lPEYmJQs4ZABQ1SQ\"]},{\"@type\":\"Person\",\"@id\":\"https:\/\/www.sonoraenequipo.com.mx\/#\/schema\/person\/50102df0fb23a8fa9e8effad8fa81386\",\"name\":\"enequipo\",\"image\":{\"@type\":\"ImageObject\",\"inLanguage\":\"es\",\"@id\":\"https:\/\/www.sonoraenequipo.com.mx\/#\/schema\/person\/image\/\",\"url\":\"https:\/\/secure.gravatar.com\/avatar\/049821681b589dabc0bc20695993ccebb09f5b5d4d790cd9251b97faac7c652b?s=96&d=blank&r=g\",\"contentUrl\":\"https:\/\/secure.gravatar.com\/avatar\/049821681b589dabc0bc20695993ccebb09f5b5d4d790cd9251b97faac7c652b?s=96&d=blank&r=g\",\"caption\":\"enequipo\"},\"sameAs\":[\"https:\/\/www.facebook.com\/SonoraEE\"]}]}<\/script>\n ","yoast_head_json":{"title":"Sonora en Equipo. NAVOJOA. Javier Adolfo Alatorre rinde protesta como comisario de Seguridad Municipios","description":"NAVOJOA, SONORA. MX. \u2014 Puesto a la primera prueba de aplicar un pr\u00f3ximo operativo de orientaci\u00f3n y protecci\u00f3n a los \u201cpaisanos\u201d, sin abusos ni En Sonora en Equipo publicamos toda la informaci\u00f3n de Sonora, M\u00e9xico y el Mundo de manera oportuna y busca que la libertad de expresi\u00f3n sea real. Visita nuestro medio informativo publicado desde Hermosillo, Sonora. %","robots":{"index":"index","follow":"follow","max-snippet":"max-snippet:-1","max-image-preview":"max-image-preview:large","max-video-preview":"max-video-preview:-1"},"canonical":"https:\/\/www.sonoraenequipo.com.mx\/navojoa-javier-adolfo-alatorre-rinde-protesta-como-comisario-de-seguridad\/","og_locale":"es_ES","og_type":"article","og_title":"Sonora en Equipo. NAVOJOA. Javier Adolfo Alatorre rinde protesta como comisario de Seguridad Municipios","og_description":"NAVOJOA, SONORA. MX. \u2014 Puesto a la primera prueba de aplicar un pr\u00f3ximo operativo de orientaci\u00f3n y protecci\u00f3n a los \u201cpaisanos\u201d, sin abusos ni En Sonora en Equipo publicamos toda la informaci\u00f3n de Sonora, M\u00e9xico y el Mundo de manera oportuna y busca que la libertad de expresi\u00f3n sea real. Visita nuestro medio informativo publicado desde Hermosillo, Sonora. %","og_url":"https:\/\/www.sonoraenequipo.com.mx\/navojoa-javier-adolfo-alatorre-rinde-protesta-como-comisario-de-seguridad\/","og_site_name":"Sonora en Equipo.","article_publisher":"https:\/\/www.facebook.com\/SonoraEE\/","article_author":"https:\/\/www.facebook.com\/SonoraEE","article_published_time":"2021-12-09T16:29:08+00:00","article_modified_time":"2021-12-10T05:16:32+00:00","og_image":[{"width":700,"height":400,"url":"https:\/\/www.sonoraenequipo.com.mx\/storage\/2021\/12\/navojoa_opt.jpg","type":"image\/jpeg"}],"author":"enequipo","twitter_card":"summary_large_image","twitter_creator":"@sonoraenequipo","twitter_site":"@sonoraenequipo","twitter_misc":{"Escrito por":"enequipo","Tiempo de lectura":"2 minutos"},"schema":{"@context":"https:\/\/schema.org","@graph":[{"@type":"Article","@id":"https:\/\/www.sonoraenequipo.com.mx\/navojoa-javier-adolfo-alatorre-rinde-protesta-como-comisario-de-seguridad\/#article","isPartOf":{"@id":"https:\/\/www.sonoraenequipo.com.mx\/navojoa-javier-adolfo-alatorre-rinde-protesta-como-comisario-de-seguridad\/"},"author":{"name":"enequipo","@id":"https:\/\/www.sonoraenequipo.com.mx\/#\/schema\/person\/50102df0fb23a8fa9e8effad8fa81386"},"headline":"NAVOJOA. Javier Adolfo Alatorre rinde protesta como comisario de Seguridad","datePublished":"2021-12-09T16:29:08+00:00","dateModified":"2021-12-10T05:16:32+00:00","mainEntityOfPage":{"@id":"https:\/\/www.sonoraenequipo.com.mx\/navojoa-javier-adolfo-alatorre-rinde-protesta-como-comisario-de-seguridad\/"},"wordCount":473,"commentCount":0,"publisher":{"@id":"https:\/\/www.sonoraenequipo.com.mx\/#organization"},"image":{"@id":"https:\/\/www.sonoraenequipo.com.mx\/navojoa-javier-adolfo-alatorre-rinde-protesta-como-comisario-de-seguridad\/#primaryimage"},"thumbnailUrl":"https:\/\/www.sonoraenequipo.com.mx\/storage\/2021\/12\/navojoa_opt.jpg","articleSection":["Municipios"],"inLanguage":"es","potentialAction":[{"@type":"CommentAction","name":"Comment","target":["https:\/\/www.sonoraenequipo.com.mx\/navojoa-javier-adolfo-alatorre-rinde-protesta-como-comisario-de-seguridad\/#respond"]}]},{"@type":"WebPage","@id":"https:\/\/www.sonoraenequipo.com.mx\/navojoa-javier-adolfo-alatorre-rinde-protesta-como-comisario-de-seguridad\/","url":"https:\/\/www.sonoraenequipo.com.mx\/navojoa-javier-adolfo-alatorre-rinde-protesta-como-comisario-de-seguridad\/","name":"Sonora en Equipo. NAVOJOA. Javier Adolfo Alatorre rinde protesta como comisario de Seguridad Municipios","isPartOf":{"@id":"https:\/\/www.sonoraenequipo.com.mx\/#website"},"primaryImageOfPage":{"@id":"https:\/\/www.sonoraenequipo.com.mx\/navojoa-javier-adolfo-alatorre-rinde-protesta-como-comisario-de-seguridad\/#primaryimage"},"image":{"@id":"https:\/\/www.sonoraenequipo.com.mx\/navojoa-javier-adolfo-alatorre-rinde-protesta-como-comisario-de-seguridad\/#primaryimage"},"thumbnailUrl":"https:\/\/www.sonoraenequipo.com.mx\/storage\/2021\/12\/navojoa_opt.jpg","datePublished":"2021-12-09T16:29:08+00:00","dateModified":"2021-12-10T05:16:32+00:00","description":"NAVOJOA, SONORA. MX. \u2014 Puesto a la primera prueba de aplicar un pr\u00f3ximo operativo de orientaci\u00f3n y protecci\u00f3n a los \u201cpaisanos\u201d, sin abusos ni En Sonora en Equipo publicamos toda la informaci\u00f3n de Sonora, M\u00e9xico y el Mundo de manera oportuna y busca que la libertad de expresi\u00f3n sea real. Visita nuestro medio informativo publicado desde Hermosillo, Sonora. %","breadcrumb":{"@id":"https:\/\/www.sonoraenequipo.com.mx\/navojoa-javier-adolfo-alatorre-rinde-protesta-como-comisario-de-seguridad\/#breadcrumb"},"inLanguage":"es","potentialAction":[{"@type":"ReadAction","target":["https:\/\/www.sonoraenequipo.com.mx\/navojoa-javier-adolfo-alatorre-rinde-protesta-como-comisario-de-seguridad\/"]}]},{"@type":"ImageObject","inLanguage":"es","@id":"https:\/\/www.sonoraenequipo.com.mx\/navojoa-javier-adolfo-alatorre-rinde-protesta-como-comisario-de-seguridad\/#primaryimage","url":"https:\/\/www.sonoraenequipo.com.mx\/storage\/2021\/12\/navojoa_opt.jpg","contentUrl":"https:\/\/www.sonoraenequipo.com.mx\/storage\/2021\/12\/navojoa_opt.jpg","width":700,"height":400},{"@type":"BreadcrumbList","@id":"https:\/\/www.sonoraenequipo.com.mx\/navojoa-javier-adolfo-alatorre-rinde-protesta-como-comisario-de-seguridad\/#breadcrumb","itemListElement":[{"@type":"ListItem","position":1,"name":"Portada","item":"https:\/\/www.sonoraenequipo.com.mx\/"},{"@type":"ListItem","position":2,"name":"NAVOJOA. Javier Adolfo Alatorre rinde protesta como comisario de Seguridad"}]},{"@type":"WebSite","@id":"https:\/\/www.sonoraenequipo.com.mx\/#website","url":"https:\/\/www.sonoraenequipo.com.mx\/","name":"Sonora en Equipo.","description":"Diario en l\u00ednea con Noticias desde Hermosillo, Sonora","publisher":{"@id":"https:\/\/www.sonoraenequipo.com.mx\/#organization"},"potentialAction":[{"@type":"SearchAction","target":{"@type":"EntryPoint","urlTemplate":"https:\/\/www.sonoraenequipo.com.mx\/?s={search_term_string}"},"query-input":{"@type":"PropertyValueSpecification","valueRequired":true,"valueName":"search_term_string"}}],"inLanguage":"es"},{"@type":"Organization","@id":"https:\/\/www.sonoraenequipo.com.mx\/#organization","name":"Sonoraenequipo.com.mx","url":"https:\/\/www.sonoraenequipo.com.mx\/","logo":{"@type":"ImageObject","inLanguage":"es","@id":"https:\/\/www.sonoraenequipo.com.mx\/#\/schema\/logo\/image\/","url":"https:\/\/www.sonoraenequipo.com.mx\/storage\/2019\/01\/sonoraenequipo_opt.png","contentUrl":"https:\/\/www.sonoraenequipo.com.mx\/storage\/2019\/01\/sonoraenequipo_opt.png","width":375,"height":125,"caption":"Sonoraenequipo.com.mx"},"image":{"@id":"https:\/\/www.sonoraenequipo.com.mx\/#\/schema\/logo\/image\/"},"sameAs":["https:\/\/www.facebook.com\/SonoraEE\/","https:\/\/x.com\/sonoraenequipo","https:\/\/www.youtube.com\/channel\/UC338nW-lPEYmJQs4ZABQ1SQ"]},{"@type":"Person","@id":"https:\/\/www.sonoraenequipo.com.mx\/#\/schema\/person\/50102df0fb23a8fa9e8effad8fa81386","name":"enequipo","image":{"@type":"ImageObject","inLanguage":"es","@id":"https:\/\/www.sonoraenequipo.com.mx\/#\/schema\/person\/image\/","url":"https:\/\/secure.gravatar.com\/avatar\/049821681b589dabc0bc20695993ccebb09f5b5d4d790cd9251b97faac7c652b?s=96&d=blank&r=g","contentUrl":"https:\/\/secure.gravatar.com\/avatar\/049821681b589dabc0bc20695993ccebb09f5b5d4d790cd9251b97faac7c652b?s=96&d=blank&r=g","caption":"enequipo"},"sameAs":["https:\/\/www.facebook.com\/SonoraEE"]}]}},"jetpack_featured_media_url":"https:\/\/www.sonoraenequipo.com.mx\/storage\/2021\/12\/navojoa_opt.jpg","_links":{"self":[{"href":"https:\/\/www.sonoraenequipo.com.mx\/api\/wp\/v2\/posts\/129231","targetHints":{"allow":["GET"]}}],"collection":[{"href":"https:\/\/www.sonoraenequipo.com.mx\/api\/wp\/v2\/posts"}],"about":[{"href":"https:\/\/www.sonoraenequipo.com.mx\/api\/wp\/v2\/types\/post"}],"author":[{"embeddable":true,"href":"https:\/\/www.sonoraenequipo.com.mx\/api\/wp\/v2\/users\/1"}],"replies":[{"embeddable":true,"href":"https:\/\/www.sonoraenequipo.com.mx\/api\/wp\/v2\/comments?post=129231"}],"version-history":[{"count":1,"href":"https:\/\/www.sonoraenequipo.com.mx\/api\/wp\/v2\/posts\/129231\/revisions"}],"predecessor-version":[{"id":129233,"href":"https:\/\/www.sonoraenequipo.com.mx\/api\/wp\/v2\/posts\/129231\/revisions\/129233"}],"wp:featuredmedia":[{"embeddable":true,"href":"https:\/\/www.sonoraenequipo.com.mx\/api\/wp\/v2\/media\/129232"}],"wp:attachment":[{"href":"https:\/\/www.sonoraenequipo.com.mx\/api\/wp\/v2\/media?parent=129231"}],"wp:term":[{"taxonomy":"category","embeddable":true,"href":"https:\/\/www.sonoraenequipo.com.mx\/api\/wp\/v2\/categories?post=129231"},{"taxonomy":"post_tag","embeddable":true,"href":"https:\/\/www.sonoraenequipo.com.mx\/api\/wp\/v2\/tags?post=129231"}],"curies":[{"name":"wp","href":"https:\/\/api.w.org\/{rel}","templated":true}]}}