{"id":129498,"date":"2021-12-13T12:36:39","date_gmt":"2021-12-13T19:36:39","guid":{"rendered":"https:\/\/www.sonoraenequipo.com.mx\/?p=129498"},"modified":"2021-12-13T12:42:07","modified_gmt":"2021-12-13T19:42:07","slug":"por-sobrerrepresentacion-de-morena-impugnara-mc-integracion-de-diputacion-permanente-alvarez-maynez","status":"publish","type":"post","link":"https:\/\/www.sonoraenequipo.com.mx\/por-sobrerrepresentacion-de-morena-impugnara-mc-integracion-de-diputacion-permanente-alvarez-maynez\/","title":{"rendered":"Impugnar\u00e1 MC integraci\u00f3n de diputaci\u00f3n permanente"},"content":{"rendered":"<p>CIUDAD DE M\u00c9XICO.&#8211;Una vez m\u00e1s Morena y PAN-PRI-PRD en San L\u00e1zaro se unieron en contra de Movimiento Ciudadano (MC).<\/p>\n<p>Se repartieron los lugares de la Comisi\u00f3n Permanente para dejar afuera a la Bancada Naranja: entregaron 11 de 19 lugares a Morena y sus aliados, cuando les correspond\u00edan 10 lugares.<\/p>\n<p>&nbsp;<\/p>\n<p>Esta asignaci\u00f3n es ilegal, dado que Movimiento Ciudadano ten\u00eda derecho al primer resto mayor, por tener 23 diputados sin representaci\u00f3n, frente a 20 de Morena, 18 del PRI y 17 del Verde.<\/p>\n<p>&nbsp;<\/p>\n<p>\u00c1lvarez M\u00e1ynez secretario general de acuerdos de MC inform\u00f3 que la Bancada Naranja impugnar\u00e1 de inmediato el acuerdo de la integraci\u00f3n de la Comisi\u00f3n Permanente, al evidenciar una vez m\u00e1s que la sobrerrepresentaci\u00f3n de Morena en el Congreso transgrede y limita la pluralidad, los espacios, y las diferentes expresiones, generando que el Poder Legislativo deje de ser un contrapeso.<\/p>\n<p>Fecha de publicaci\u00f3n lunes\/ 13 \/ diciembre\/ 2021<\/p>\n","protected":false},"excerpt":{"rendered":"<p>CIUDAD DE M\u00c9XICO.&#8211;Una vez m\u00e1s Morena y PAN-PRI-PRD en San L\u00e1zaro se unieron en contra&#8230;<\/p>\n","protected":false},"author":1,"featured_media":129501,"comment_status":"open","ping_status":"open","sticky":false,"template":"","format":"standard","meta":{"_monsterinsights_skip_tracking":false,"_monsterinsights_sitenote_active":false,"_monsterinsights_sitenote_note":"","_monsterinsights_sitenote_category":0,"footnotes":""},"categories":[5],"tags":[284],"class_list":["post"],"yoast_head":" \n<title>Sonora en Equipo. Impugnar\u00e1 MC integraci\u00f3n de diputaci\u00f3n permanente Rep\u00fablica<\/title>\n<meta name=\"description\" content=\"CIUDAD DE M\u00c9XICO.--Una vez m\u00e1s Morena y PAN-PRI-PRD en San L\u00e1zaro se unieron en contra de Movimiento Ciudadano (MC). Se repartieron los lugares de la En Sonora en Equipo publicamos toda la informaci\u00f3n de Sonora, M\u00e9xico y el Mundo de manera oportuna y busca que la libertad de expresi\u00f3n sea real. Visita nuestro medio informativo publicado desde Hermosillo, Sonora. %\" \/>\n<meta name=\"robots\" content=\"index, follow, max-snippet:-1, max-image-preview:large, max-video-preview:-1\" \/>\n<link rel=\"canonical\" href=\"https:\/\/www.sonoraenequipo.com.mx\/por-sobrerrepresentacion-de-morena-impugnara-mc-integracion-de-diputacion-permanente-alvarez-maynez\/\" \/>\n<meta property=\"og:locale\" content=\"es_ES\" \/>\n<meta property=\"og:type\" content=\"article\" \/>\n<meta property=\"og:title\" content=\"Sonora en Equipo. Impugnar\u00e1 MC integraci\u00f3n de diputaci\u00f3n permanente Rep\u00fablica\" \/>\n<meta property=\"og:description\" content=\"CIUDAD DE M\u00c9XICO.--Una vez m\u00e1s Morena y PAN-PRI-PRD en San L\u00e1zaro se unieron en contra de Movimiento Ciudadano (MC). Se repartieron los lugares de la En Sonora en Equipo publicamos toda la informaci\u00f3n de Sonora, M\u00e9xico y el Mundo de manera oportuna y busca que la libertad de expresi\u00f3n sea real. Visita nuestro medio informativo publicado desde Hermosillo, Sonora. %\" \/>\n<meta property=\"og:url\" content=\"https:\/\/www.sonoraenequipo.com.mx\/por-sobrerrepresentacion-de-morena-impugnara-mc-integracion-de-diputacion-permanente-alvarez-maynez\/\" \/>\n<meta property=\"og:site_name\" content=\"Sonora en Equipo.\" \/>\n<meta property=\"article:publisher\" content=\"https:\/\/www.facebook.com\/SonoraEE\/\" \/>\n<meta property=\"article:author\" content=\"https:\/\/www.facebook.com\/SonoraEE\" \/>\n<meta property=\"article:published_time\" content=\"2021-12-13T19:36:39+00:00\" \/>\n<meta property=\"article:modified_time\" content=\"2021-12-13T19:42:07+00:00\" \/>\n<meta property=\"og:image\" content=\"https:\/\/www.sonoraenequipo.com.mx\/storage\/2021\/12\/alvarez.jpg\" \/>\n\t<meta property=\"og:image:width\" content=\"700\" \/>\n\t<meta property=\"og:image:height\" content=\"400\" \/>\n\t<meta property=\"og:image:type\" content=\"image\/jpeg\" \/>\n<meta name=\"author\" content=\"enequipo\" \/>\n<meta name=\"twitter:card\" content=\"summary_large_image\" \/>\n<meta name=\"twitter:creator\" content=\"@sonoraenequipo\" \/>\n<meta name=\"twitter:site\" content=\"@sonoraenequipo\" \/>\n<meta name=\"twitter:label1\" content=\"Escrito por\" \/>\n\t<meta name=\"twitter:data1\" content=\"enequipo\" \/>\n\t<meta name=\"twitter:label2\" content=\"Tiempo de lectura\" \/>\n\t<meta name=\"twitter:data2\" content=\"1 minuto\" \/>\n<script type=\"application\/ld+json\" class=\"yoast-schema-graph\">{\"@context\":\"https:\/\/schema.org\",\"@graph\":[{\"@type\":\"Article\",\"@id\":\"https:\/\/www.sonoraenequipo.com.mx\/por-sobrerrepresentacion-de-morena-impugnara-mc-integracion-de-diputacion-permanente-alvarez-maynez\/#article\",\"isPartOf\":{\"@id\":\"https:\/\/www.sonoraenequipo.com.mx\/por-sobrerrepresentacion-de-morena-impugnara-mc-integracion-de-diputacion-permanente-alvarez-maynez\/\"},\"author\":{\"name\":\"enequipo\",\"@id\":\"https:\/\/www.sonoraenequipo.com.mx\/#\/schema\/person\/50102df0fb23a8fa9e8effad8fa81386\"},\"headline\":\"Impugnar\u00e1 MC integraci\u00f3n de diputaci\u00f3n permanente\",\"datePublished\":\"2021-12-13T19:36:39+00:00\",\"dateModified\":\"2021-12-13T19:42:07+00:00\",\"mainEntityOfPage\":{\"@id\":\"https:\/\/www.sonoraenequipo.com.mx\/por-sobrerrepresentacion-de-morena-impugnara-mc-integracion-de-diputacion-permanente-alvarez-maynez\/\"},\"wordCount\":163,\"commentCount\":0,\"publisher\":{\"@id\":\"https:\/\/www.sonoraenequipo.com.mx\/#organization\"},\"image\":{\"@id\":\"https:\/\/www.sonoraenequipo.com.mx\/por-sobrerrepresentacion-de-morena-impugnara-mc-integracion-de-diputacion-permanente-alvarez-maynez\/#primaryimage\"},\"thumbnailUrl\":\"https:\/\/www.sonoraenequipo.com.mx\/storage\/2021\/12\/alvarez.jpg\",\"keywords\":[\"C\u00e1mara de diputados\"],\"articleSection\":[\"Rep\u00fablica\"],\"inLanguage\":\"es\",\"potentialAction\":[{\"@type\":\"CommentAction\",\"name\":\"Comment\",\"target\":[\"https:\/\/www.sonoraenequipo.com.mx\/por-sobrerrepresentacion-de-morena-impugnara-mc-integracion-de-diputacion-permanente-alvarez-maynez\/#respond\"]}]},{\"@type\":\"WebPage\",\"@id\":\"https:\/\/www.sonoraenequipo.com.mx\/por-sobrerrepresentacion-de-morena-impugnara-mc-integracion-de-diputacion-permanente-alvarez-maynez\/\",\"url\":\"https:\/\/www.sonoraenequipo.com.mx\/por-sobrerrepresentacion-de-morena-impugnara-mc-integracion-de-diputacion-permanente-alvarez-maynez\/\",\"name\":\"Sonora en Equipo. Impugnar\u00e1 MC integraci\u00f3n de diputaci\u00f3n permanente Rep\u00fablica\",\"isPartOf\":{\"@id\":\"https:\/\/www.sonoraenequipo.com.mx\/#website\"},\"primaryImageOfPage\":{\"@id\":\"https:\/\/www.sonoraenequipo.com.mx\/por-sobrerrepresentacion-de-morena-impugnara-mc-integracion-de-diputacion-permanente-alvarez-maynez\/#primaryimage\"},\"image\":{\"@id\":\"https:\/\/www.sonoraenequipo.com.mx\/por-sobrerrepresentacion-de-morena-impugnara-mc-integracion-de-diputacion-permanente-alvarez-maynez\/#primaryimage\"},\"thumbnailUrl\":\"https:\/\/www.sonoraenequipo.com.mx\/storage\/2021\/12\/alvarez.jpg\",\"datePublished\":\"2021-12-13T19:36:39+00:00\",\"dateModified\":\"2021-12-13T19:42:07+00:00\",\"description\":\"CIUDAD DE M\u00c9XICO.--Una vez m\u00e1s Morena y PAN-PRI-PRD en San L\u00e1zaro se unieron en contra de Movimiento Ciudadano (MC). Se repartieron los lugares de la En Sonora en Equipo publicamos toda la informaci\u00f3n de Sonora, M\u00e9xico y el Mundo de manera oportuna y busca que la libertad de expresi\u00f3n sea real. Visita nuestro medio informativo publicado desde Hermosillo, Sonora. %\",\"breadcrumb\":{\"@id\":\"https:\/\/www.sonoraenequipo.com.mx\/por-sobrerrepresentacion-de-morena-impugnara-mc-integracion-de-diputacion-permanente-alvarez-maynez\/#breadcrumb\"},\"inLanguage\":\"es\",\"potentialAction\":[{\"@type\":\"ReadAction\",\"target\":[\"https:\/\/www.sonoraenequipo.com.mx\/por-sobrerrepresentacion-de-morena-impugnara-mc-integracion-de-diputacion-permanente-alvarez-maynez\/\"]}]},{\"@type\":\"ImageObject\",\"inLanguage\":\"es\",\"@id\":\"https:\/\/www.sonoraenequipo.com.mx\/por-sobrerrepresentacion-de-morena-impugnara-mc-integracion-de-diputacion-permanente-alvarez-maynez\/#primaryimage\",\"url\":\"https:\/\/www.sonoraenequipo.com.mx\/storage\/2021\/12\/alvarez.jpg\",\"contentUrl\":\"https:\/\/www.sonoraenequipo.com.mx\/storage\/2021\/12\/alvarez.jpg\",\"width\":700,\"height\":400},{\"@type\":\"BreadcrumbList\",\"@id\":\"https:\/\/www.sonoraenequipo.com.mx\/por-sobrerrepresentacion-de-morena-impugnara-mc-integracion-de-diputacion-permanente-alvarez-maynez\/#breadcrumb\",\"itemListElement\":[{\"@type\":\"ListItem\",\"position\":1,\"name\":\"Portada\",\"item\":\"https:\/\/www.sonoraenequipo.com.mx\/\"},{\"@type\":\"ListItem\",\"position\":2,\"name\":\"Impugnar\u00e1 MC integraci\u00f3n de diputaci\u00f3n permanente\"}]},{\"@type\":\"WebSite\",\"@id\":\"https:\/\/www.sonoraenequipo.com.mx\/#website\",\"url\":\"https:\/\/www.sonoraenequipo.com.mx\/\",\"name\":\"Sonora en Equipo.\",\"description\":\"Diario en l\u00ednea con Noticias desde Hermosillo, Sonora\",\"publisher\":{\"@id\":\"https:\/\/www.sonoraenequipo.com.mx\/#organization\"},\"potentialAction\":[{\"@type\":\"SearchAction\",\"target\":{\"@type\":\"EntryPoint\",\"urlTemplate\":\"https:\/\/www.sonoraenequipo.com.mx\/?s={search_term_string}\"},\"query-input\":{\"@type\":\"PropertyValueSpecification\",\"valueRequired\":true,\"valueName\":\"search_term_string\"}}],\"inLanguage\":\"es\"},{\"@type\":\"Organization\",\"@id\":\"https:\/\/www.sonoraenequipo.com.mx\/#organization\",\"name\":\"Sonoraenequipo.com.mx\",\"url\":\"https:\/\/www.sonoraenequipo.com.mx\/\",\"logo\":{\"@type\":\"ImageObject\",\"inLanguage\":\"es\",\"@id\":\"https:\/\/www.sonoraenequipo.com.mx\/#\/schema\/logo\/image\/\",\"url\":\"https:\/\/www.sonoraenequipo.com.mx\/storage\/2019\/01\/sonoraenequipo_opt.png\",\"contentUrl\":\"https:\/\/www.sonoraenequipo.com.mx\/storage\/2019\/01\/sonoraenequipo_opt.png\",\"width\":375,\"height\":125,\"caption\":\"Sonoraenequipo.com.mx\"},\"image\":{\"@id\":\"https:\/\/www.sonoraenequipo.com.mx\/#\/schema\/logo\/image\/\"},\"sameAs\":[\"https:\/\/www.facebook.com\/SonoraEE\/\",\"https:\/\/x.com\/sonoraenequipo\",\"https:\/\/www.youtube.com\/channel\/UC338nW-lPEYmJQs4ZABQ1SQ\"]},{\"@type\":\"Person\",\"@id\":\"https:\/\/www.sonoraenequipo.com.mx\/#\/schema\/person\/50102df0fb23a8fa9e8effad8fa81386\",\"name\":\"enequipo\",\"image\":{\"@type\":\"ImageObject\",\"inLanguage\":\"es\",\"@id\":\"https:\/\/www.sonoraenequipo.com.mx\/#\/schema\/person\/image\/\",\"url\":\"https:\/\/secure.gravatar.com\/avatar\/049821681b589dabc0bc20695993ccebb09f5b5d4d790cd9251b97faac7c652b?s=96&d=blank&r=g\",\"contentUrl\":\"https:\/\/secure.gravatar.com\/avatar\/049821681b589dabc0bc20695993ccebb09f5b5d4d790cd9251b97faac7c652b?s=96&d=blank&r=g\",\"caption\":\"enequipo\"},\"sameAs\":[\"https:\/\/www.facebook.com\/SonoraEE\"]}]}<\/script>\n ","yoast_head_json":{"title":"Sonora en Equipo. Impugnar\u00e1 MC integraci\u00f3n de diputaci\u00f3n permanente Rep\u00fablica","description":"CIUDAD DE M\u00c9XICO.--Una vez m\u00e1s Morena y PAN-PRI-PRD en San L\u00e1zaro se unieron en contra de Movimiento Ciudadano (MC). Se repartieron los lugares de la En Sonora en Equipo publicamos toda la informaci\u00f3n de Sonora, M\u00e9xico y el Mundo de manera oportuna y busca que la libertad de expresi\u00f3n sea real. Visita nuestro medio informativo publicado desde Hermosillo, Sonora. %","robots":{"index":"index","follow":"follow","max-snippet":"max-snippet:-1","max-image-preview":"max-image-preview:large","max-video-preview":"max-video-preview:-1"},"canonical":"https:\/\/www.sonoraenequipo.com.mx\/por-sobrerrepresentacion-de-morena-impugnara-mc-integracion-de-diputacion-permanente-alvarez-maynez\/","og_locale":"es_ES","og_type":"article","og_title":"Sonora en Equipo. Impugnar\u00e1 MC integraci\u00f3n de diputaci\u00f3n permanente Rep\u00fablica","og_description":"CIUDAD DE M\u00c9XICO.--Una vez m\u00e1s Morena y PAN-PRI-PRD en San L\u00e1zaro se unieron en contra de Movimiento Ciudadano (MC). Se repartieron los lugares de la En Sonora en Equipo publicamos toda la informaci\u00f3n de Sonora, M\u00e9xico y el Mundo de manera oportuna y busca que la libertad de expresi\u00f3n sea real. Visita nuestro medio informativo publicado desde Hermosillo, Sonora. %","og_url":"https:\/\/www.sonoraenequipo.com.mx\/por-sobrerrepresentacion-de-morena-impugnara-mc-integracion-de-diputacion-permanente-alvarez-maynez\/","og_site_name":"Sonora en Equipo.","article_publisher":"https:\/\/www.facebook.com\/SonoraEE\/","article_author":"https:\/\/www.facebook.com\/SonoraEE","article_published_time":"2021-12-13T19:36:39+00:00","article_modified_time":"2021-12-13T19:42:07+00:00","og_image":[{"width":700,"height":400,"url":"https:\/\/www.sonoraenequipo.com.mx\/storage\/2021\/12\/alvarez.jpg","type":"image\/jpeg"}],"author":"enequipo","twitter_card":"summary_large_image","twitter_creator":"@sonoraenequipo","twitter_site":"@sonoraenequipo","twitter_misc":{"Escrito por":"enequipo","Tiempo de lectura":"1 minuto"},"schema":{"@context":"https:\/\/schema.org","@graph":[{"@type":"Article","@id":"https:\/\/www.sonoraenequipo.com.mx\/por-sobrerrepresentacion-de-morena-impugnara-mc-integracion-de-diputacion-permanente-alvarez-maynez\/#article","isPartOf":{"@id":"https:\/\/www.sonoraenequipo.com.mx\/por-sobrerrepresentacion-de-morena-impugnara-mc-integracion-de-diputacion-permanente-alvarez-maynez\/"},"author":{"name":"enequipo","@id":"https:\/\/www.sonoraenequipo.com.mx\/#\/schema\/person\/50102df0fb23a8fa9e8effad8fa81386"},"headline":"Impugnar\u00e1 MC integraci\u00f3n de diputaci\u00f3n permanente","datePublished":"2021-12-13T19:36:39+00:00","dateModified":"2021-12-13T19:42:07+00:00","mainEntityOfPage":{"@id":"https:\/\/www.sonoraenequipo.com.mx\/por-sobrerrepresentacion-de-morena-impugnara-mc-integracion-de-diputacion-permanente-alvarez-maynez\/"},"wordCount":163,"commentCount":0,"publisher":{"@id":"https:\/\/www.sonoraenequipo.com.mx\/#organization"},"image":{"@id":"https:\/\/www.sonoraenequipo.com.mx\/por-sobrerrepresentacion-de-morena-impugnara-mc-integracion-de-diputacion-permanente-alvarez-maynez\/#primaryimage"},"thumbnailUrl":"https:\/\/www.sonoraenequipo.com.mx\/storage\/2021\/12\/alvarez.jpg","keywords":["C\u00e1mara de diputados"],"articleSection":["Rep\u00fablica"],"inLanguage":"es","potentialAction":[{"@type":"CommentAction","name":"Comment","target":["https:\/\/www.sonoraenequipo.com.mx\/por-sobrerrepresentacion-de-morena-impugnara-mc-integracion-de-diputacion-permanente-alvarez-maynez\/#respond"]}]},{"@type":"WebPage","@id":"https:\/\/www.sonoraenequipo.com.mx\/por-sobrerrepresentacion-de-morena-impugnara-mc-integracion-de-diputacion-permanente-alvarez-maynez\/","url":"https:\/\/www.sonoraenequipo.com.mx\/por-sobrerrepresentacion-de-morena-impugnara-mc-integracion-de-diputacion-permanente-alvarez-maynez\/","name":"Sonora en Equipo. Impugnar\u00e1 MC integraci\u00f3n de diputaci\u00f3n permanente Rep\u00fablica","isPartOf":{"@id":"https:\/\/www.sonoraenequipo.com.mx\/#website"},"primaryImageOfPage":{"@id":"https:\/\/www.sonoraenequipo.com.mx\/por-sobrerrepresentacion-de-morena-impugnara-mc-integracion-de-diputacion-permanente-alvarez-maynez\/#primaryimage"},"image":{"@id":"https:\/\/www.sonoraenequipo.com.mx\/por-sobrerrepresentacion-de-morena-impugnara-mc-integracion-de-diputacion-permanente-alvarez-maynez\/#primaryimage"},"thumbnailUrl":"https:\/\/www.sonoraenequipo.com.mx\/storage\/2021\/12\/alvarez.jpg","datePublished":"2021-12-13T19:36:39+00:00","dateModified":"2021-12-13T19:42:07+00:00","description":"CIUDAD DE M\u00c9XICO.--Una vez m\u00e1s Morena y PAN-PRI-PRD en San L\u00e1zaro se unieron en contra de Movimiento Ciudadano (MC). Se repartieron los lugares de la En Sonora en Equipo publicamos toda la informaci\u00f3n de Sonora, M\u00e9xico y el Mundo de manera oportuna y busca que la libertad de expresi\u00f3n sea real. Visita nuestro medio informativo publicado desde Hermosillo, Sonora. %","breadcrumb":{"@id":"https:\/\/www.sonoraenequipo.com.mx\/por-sobrerrepresentacion-de-morena-impugnara-mc-integracion-de-diputacion-permanente-alvarez-maynez\/#breadcrumb"},"inLanguage":"es","potentialAction":[{"@type":"ReadAction","target":["https:\/\/www.sonoraenequipo.com.mx\/por-sobrerrepresentacion-de-morena-impugnara-mc-integracion-de-diputacion-permanente-alvarez-maynez\/"]}]},{"@type":"ImageObject","inLanguage":"es","@id":"https:\/\/www.sonoraenequipo.com.mx\/por-sobrerrepresentacion-de-morena-impugnara-mc-integracion-de-diputacion-permanente-alvarez-maynez\/#primaryimage","url":"https:\/\/www.sonoraenequipo.com.mx\/storage\/2021\/12\/alvarez.jpg","contentUrl":"https:\/\/www.sonoraenequipo.com.mx\/storage\/2021\/12\/alvarez.jpg","width":700,"height":400},{"@type":"BreadcrumbList","@id":"https:\/\/www.sonoraenequipo.com.mx\/por-sobrerrepresentacion-de-morena-impugnara-mc-integracion-de-diputacion-permanente-alvarez-maynez\/#breadcrumb","itemListElement":[{"@type":"ListItem","position":1,"name":"Portada","item":"https:\/\/www.sonoraenequipo.com.mx\/"},{"@type":"ListItem","position":2,"name":"Impugnar\u00e1 MC integraci\u00f3n de diputaci\u00f3n permanente"}]},{"@type":"WebSite","@id":"https:\/\/www.sonoraenequipo.com.mx\/#website","url":"https:\/\/www.sonoraenequipo.com.mx\/","name":"Sonora en Equipo.","description":"Diario en l\u00ednea con Noticias desde Hermosillo, Sonora","publisher":{"@id":"https:\/\/www.sonoraenequipo.com.mx\/#organization"},"potentialAction":[{"@type":"SearchAction","target":{"@type":"EntryPoint","urlTemplate":"https:\/\/www.sonoraenequipo.com.mx\/?s={search_term_string}"},"query-input":{"@type":"PropertyValueSpecification","valueRequired":true,"valueName":"search_term_string"}}],"inLanguage":"es"},{"@type":"Organization","@id":"https:\/\/www.sonoraenequipo.com.mx\/#organization","name":"Sonoraenequipo.com.mx","url":"https:\/\/www.sonoraenequipo.com.mx\/","logo":{"@type":"ImageObject","inLanguage":"es","@id":"https:\/\/www.sonoraenequipo.com.mx\/#\/schema\/logo\/image\/","url":"https:\/\/www.sonoraenequipo.com.mx\/storage\/2019\/01\/sonoraenequipo_opt.png","contentUrl":"https:\/\/www.sonoraenequipo.com.mx\/storage\/2019\/01\/sonoraenequipo_opt.png","width":375,"height":125,"caption":"Sonoraenequipo.com.mx"},"image":{"@id":"https:\/\/www.sonoraenequipo.com.mx\/#\/schema\/logo\/image\/"},"sameAs":["https:\/\/www.facebook.com\/SonoraEE\/","https:\/\/x.com\/sonoraenequipo","https:\/\/www.youtube.com\/channel\/UC338nW-lPEYmJQs4ZABQ1SQ"]},{"@type":"Person","@id":"https:\/\/www.sonoraenequipo.com.mx\/#\/schema\/person\/50102df0fb23a8fa9e8effad8fa81386","name":"enequipo","image":{"@type":"ImageObject","inLanguage":"es","@id":"https:\/\/www.sonoraenequipo.com.mx\/#\/schema\/person\/image\/","url":"https:\/\/secure.gravatar.com\/avatar\/049821681b589dabc0bc20695993ccebb09f5b5d4d790cd9251b97faac7c652b?s=96&d=blank&r=g","contentUrl":"https:\/\/secure.gravatar.com\/avatar\/049821681b589dabc0bc20695993ccebb09f5b5d4d790cd9251b97faac7c652b?s=96&d=blank&r=g","caption":"enequipo"},"sameAs":["https:\/\/www.facebook.com\/SonoraEE"]}]}},"jetpack_featured_media_url":"https:\/\/www.sonoraenequipo.com.mx\/storage\/2021\/12\/alvarez.jpg","_links":{"self":[{"href":"https:\/\/www.sonoraenequipo.com.mx\/api\/wp\/v2\/posts\/129498","targetHints":{"allow":["GET"]}}],"collection":[{"href":"https:\/\/www.sonoraenequipo.com.mx\/api\/wp\/v2\/posts"}],"about":[{"href":"https:\/\/www.sonoraenequipo.com.mx\/api\/wp\/v2\/types\/post"}],"author":[{"embeddable":true,"href":"https:\/\/www.sonoraenequipo.com.mx\/api\/wp\/v2\/users\/1"}],"replies":[{"embeddable":true,"href":"https:\/\/www.sonoraenequipo.com.mx\/api\/wp\/v2\/comments?post=129498"}],"version-history":[{"count":3,"href":"https:\/\/www.sonoraenequipo.com.mx\/api\/wp\/v2\/posts\/129498\/revisions"}],"predecessor-version":[{"id":129506,"href":"https:\/\/www.sonoraenequipo.com.mx\/api\/wp\/v2\/posts\/129498\/revisions\/129506"}],"wp:featuredmedia":[{"embeddable":true,"href":"https:\/\/www.sonoraenequipo.com.mx\/api\/wp\/v2\/media\/129501"}],"wp:attachment":[{"href":"https:\/\/www.sonoraenequipo.com.mx\/api\/wp\/v2\/media?parent=129498"}],"wp:term":[{"taxonomy":"category","embeddable":true,"href":"https:\/\/www.sonoraenequipo.com.mx\/api\/wp\/v2\/categories?post=129498"},{"taxonomy":"post_tag","embeddable":true,"href":"https:\/\/www.sonoraenequipo.com.mx\/api\/wp\/v2\/tags?post=129498"}],"curies":[{"name":"wp","href":"https:\/\/api.w.org\/{rel}","templated":true}]}}