{"id":129517,"date":"2021-12-13T17:53:03","date_gmt":"2021-12-14T00:53:03","guid":{"rendered":"https:\/\/www.sonoraenequipo.com.mx\/?p=129517"},"modified":"2021-12-13T18:06:37","modified_gmt":"2021-12-14T01:06:37","slug":"ee-uu-anuncia-us1-200-millones-en-inversion-privada-para-centroamerica","status":"publish","type":"post","link":"https:\/\/www.sonoraenequipo.com.mx\/ee-uu-anuncia-us1-200-millones-en-inversion-privada-para-centroamerica\/","title":{"rendered":"EE.UU. anuncia US$1.200 millones en inversi\u00f3n privada para Centroam\u00e9rica"},"content":{"rendered":"<p>WASHINGTON,ESTADOS UNIDOS.\u2500\u2500 Desde la llegada a la Casa Blanca, el presidente Joe Biden ha buscado poner freno a las causas de la migraci\u00f3n irregular desde Centroam\u00e9rica. Las inversiones del sector privado son parte del plan.<\/p>\n<p>&nbsp;<\/p>\n<p>La Casa Blanca anunci\u00f3 el lunes nuevas inversiones del sector privado por un total de 1.200 millones de d\u00f3lares en pa\u00edses del Tri\u00e1ngulo Norte, como parte de su estrategia para combatir las ra\u00edces de la migraci\u00f3n irregular.<\/p>\n<p>&nbsp;<\/p>\n<p>\u201cEsto no se trata sobre nosotros venir y decirle a nadie qu\u00e9 deben hacer. Se trata de ser aliados y ayudar\u201d, dijo la vicepresidenta Kamala Harris en una mesa redonda con empresarios estadounidenses y regionales.<\/p>\n<p>&nbsp;<\/p>\n<p>Las inversiones formar\u00e1n parte de la segunda ronda de un denominado \u201cllamado a la acci\u00f3n\u201d, anunciado por Harris en mayo. En ese momento, 12 empresas y organizaciones estadounidenses, entre ellas Mastercard, Nespresso y Microsoft, se comprometieron a promover inversiones en Guatemala, Honduras y El Salvador.<\/p>\n<p>&nbsp;<\/p>\n<p>\u201cHace seis meses, 12 personas estaban alrededor de esta mesa. Hoy tenemos 77 socios\u00bb, dijo Harris.<\/p>\n<p>&nbsp;<\/p>\n<p>Entre los nuevos participantes del \u201cllamado a la acci\u00f3n\u201d est\u00e1n Pepsi Co, el fabricante de hilos Parkdale Mills y la cafetera estadounidense JDE Peets.<\/p>\n<p>&nbsp;<\/p>\n<p>En el caso de PepsiCo, una de los principales productores de alimentos y bebidas del mundo, con presencia en Guatemala, anunciaron 190 millones de d\u00f3lares hasta 2025 para \u201cmejorar su infraestructura y capacidades de fabricaci\u00f3n en la regi\u00f3n, incluida la expansi\u00f3n de las rutas de distribuci\u00f3n\u201d, detall\u00f3 la fuente.<\/p>\n<p>&nbsp;<\/p>\n<p>La empresa guatemalteca Grupo Mariposa, por su parte inform\u00f3 que, \u201cbrindar\u00e1 acceso a cr\u00e9dito y herramientas digitales a m\u00e1s de 70.000 tiendas vecinales para mejorar la gesti\u00f3n administrativa y respaldar a m\u00e1s de 3,500 peque\u00f1as y medianas empresas con acceso r\u00e1pido a educaci\u00f3n en telemedicina y conectividad a internet\u201d.<\/p>\n<p>Fecha de publicaci\u00f3n lunes\/ 13 \/ diciembre\/ 2021\/ VOA<\/p>\n<p>&nbsp;<\/p>\n","protected":false},"excerpt":{"rendered":"<p>WASHINGTON,ESTADOS UNIDOS.\u2500\u2500 Desde la llegada a la Casa Blanca, el presidente Joe Biden ha buscado&#8230;<\/p>\n","protected":false},"author":1,"featured_media":129518,"comment_status":"open","ping_status":"open","sticky":false,"template":"","format":"standard","meta":{"_monsterinsights_skip_tracking":false,"_monsterinsights_sitenote_active":false,"_monsterinsights_sitenote_note":"","_monsterinsights_sitenote_category":0,"footnotes":""},"categories":[3],"tags":[3376,2527,590],"class_list":["post"],"yoast_head":" \n<title>Sonora en Equipo. EE.UU. anuncia US$1.200 millones en inversi\u00f3n privada para Centroam\u00e9rica MUNDO<\/title>\n<meta name=\"description\" content=\"WASHINGTON,ESTADOS UNIDOS.\u2500\u2500 Desde la llegada a la Casa Blanca, el presidente Joe Biden ha buscado poner freno a las causas de la migraci\u00f3n irregular En Sonora en Equipo publicamos toda la informaci\u00f3n de Sonora, M\u00e9xico y el Mundo de manera oportuna y busca que la libertad de expresi\u00f3n sea real. Visita nuestro medio informativo publicado desde Hermosillo, Sonora. %\" \/>\n<meta name=\"robots\" content=\"index, follow, max-snippet:-1, max-image-preview:large, max-video-preview:-1\" \/>\n<link rel=\"canonical\" href=\"https:\/\/www.sonoraenequipo.com.mx\/ee-uu-anuncia-us1-200-millones-en-inversion-privada-para-centroamerica\/\" \/>\n<meta property=\"og:locale\" content=\"es_ES\" \/>\n<meta property=\"og:type\" content=\"article\" \/>\n<meta property=\"og:title\" content=\"Sonora en Equipo. EE.UU. anuncia US$1.200 millones en inversi\u00f3n privada para Centroam\u00e9rica MUNDO\" \/>\n<meta property=\"og:description\" content=\"WASHINGTON,ESTADOS UNIDOS.\u2500\u2500 Desde la llegada a la Casa Blanca, el presidente Joe Biden ha buscado poner freno a las causas de la migraci\u00f3n irregular En Sonora en Equipo publicamos toda la informaci\u00f3n de Sonora, M\u00e9xico y el Mundo de manera oportuna y busca que la libertad de expresi\u00f3n sea real. Visita nuestro medio informativo publicado desde Hermosillo, Sonora. %\" \/>\n<meta property=\"og:url\" content=\"https:\/\/www.sonoraenequipo.com.mx\/ee-uu-anuncia-us1-200-millones-en-inversion-privada-para-centroamerica\/\" \/>\n<meta property=\"og:site_name\" content=\"Sonora en Equipo.\" \/>\n<meta property=\"article:publisher\" content=\"https:\/\/www.facebook.com\/SonoraEE\/\" \/>\n<meta property=\"article:author\" content=\"https:\/\/www.facebook.com\/SonoraEE\" \/>\n<meta property=\"article:published_time\" content=\"2021-12-14T00:53:03+00:00\" \/>\n<meta property=\"article:modified_time\" content=\"2021-12-14T01:06:37+00:00\" \/>\n<meta property=\"og:image\" content=\"https:\/\/www.sonoraenequipo.com.mx\/storage\/2021\/12\/KAMALA.jpg\" \/>\n\t<meta property=\"og:image:width\" content=\"700\" \/>\n\t<meta property=\"og:image:height\" content=\"400\" \/>\n\t<meta property=\"og:image:type\" content=\"image\/jpeg\" \/>\n<meta name=\"author\" content=\"enequipo\" \/>\n<meta name=\"twitter:card\" content=\"summary_large_image\" \/>\n<meta name=\"twitter:creator\" content=\"@sonoraenequipo\" \/>\n<meta name=\"twitter:site\" content=\"@sonoraenequipo\" \/>\n<meta name=\"twitter:label1\" content=\"Escrito por\" \/>\n\t<meta name=\"twitter:data1\" content=\"enequipo\" \/>\n\t<meta name=\"twitter:label2\" content=\"Tiempo de lectura\" \/>\n\t<meta name=\"twitter:data2\" content=\"2 minutos\" \/>\n<script type=\"application\/ld+json\" class=\"yoast-schema-graph\">{\"@context\":\"https:\/\/schema.org\",\"@graph\":[{\"@type\":\"Article\",\"@id\":\"https:\/\/www.sonoraenequipo.com.mx\/ee-uu-anuncia-us1-200-millones-en-inversion-privada-para-centroamerica\/#article\",\"isPartOf\":{\"@id\":\"https:\/\/www.sonoraenequipo.com.mx\/ee-uu-anuncia-us1-200-millones-en-inversion-privada-para-centroamerica\/\"},\"author\":{\"name\":\"enequipo\",\"@id\":\"https:\/\/www.sonoraenequipo.com.mx\/#\/schema\/person\/50102df0fb23a8fa9e8effad8fa81386\"},\"headline\":\"EE.UU. anuncia US$1.200 millones en inversi\u00f3n privada para Centroam\u00e9rica\",\"datePublished\":\"2021-12-14T00:53:03+00:00\",\"dateModified\":\"2021-12-14T01:06:37+00:00\",\"mainEntityOfPage\":{\"@id\":\"https:\/\/www.sonoraenequipo.com.mx\/ee-uu-anuncia-us1-200-millones-en-inversion-privada-para-centroamerica\/\"},\"wordCount\":333,\"commentCount\":0,\"publisher\":{\"@id\":\"https:\/\/www.sonoraenequipo.com.mx\/#organization\"},\"image\":{\"@id\":\"https:\/\/www.sonoraenequipo.com.mx\/ee-uu-anuncia-us1-200-millones-en-inversion-privada-para-centroamerica\/#primaryimage\"},\"thumbnailUrl\":\"https:\/\/www.sonoraenequipo.com.mx\/storage\/2021\/12\/KAMALA.jpg\",\"keywords\":[\"biden\",\"Centroam\u00e9rica\",\"Inversiones\"],\"articleSection\":[\"MUNDO\"],\"inLanguage\":\"es\",\"potentialAction\":[{\"@type\":\"CommentAction\",\"name\":\"Comment\",\"target\":[\"https:\/\/www.sonoraenequipo.com.mx\/ee-uu-anuncia-us1-200-millones-en-inversion-privada-para-centroamerica\/#respond\"]}]},{\"@type\":\"WebPage\",\"@id\":\"https:\/\/www.sonoraenequipo.com.mx\/ee-uu-anuncia-us1-200-millones-en-inversion-privada-para-centroamerica\/\",\"url\":\"https:\/\/www.sonoraenequipo.com.mx\/ee-uu-anuncia-us1-200-millones-en-inversion-privada-para-centroamerica\/\",\"name\":\"Sonora en Equipo. EE.UU. anuncia US$1.200 millones en inversi\u00f3n privada para Centroam\u00e9rica MUNDO\",\"isPartOf\":{\"@id\":\"https:\/\/www.sonoraenequipo.com.mx\/#website\"},\"primaryImageOfPage\":{\"@id\":\"https:\/\/www.sonoraenequipo.com.mx\/ee-uu-anuncia-us1-200-millones-en-inversion-privada-para-centroamerica\/#primaryimage\"},\"image\":{\"@id\":\"https:\/\/www.sonoraenequipo.com.mx\/ee-uu-anuncia-us1-200-millones-en-inversion-privada-para-centroamerica\/#primaryimage\"},\"thumbnailUrl\":\"https:\/\/www.sonoraenequipo.com.mx\/storage\/2021\/12\/KAMALA.jpg\",\"datePublished\":\"2021-12-14T00:53:03+00:00\",\"dateModified\":\"2021-12-14T01:06:37+00:00\",\"description\":\"WASHINGTON,ESTADOS UNIDOS.\u2500\u2500 Desde la llegada a la Casa Blanca, el presidente Joe Biden ha buscado poner freno a las causas de la migraci\u00f3n irregular En Sonora en Equipo publicamos toda la informaci\u00f3n de Sonora, M\u00e9xico y el Mundo de manera oportuna y busca que la libertad de expresi\u00f3n sea real. Visita nuestro medio informativo publicado desde Hermosillo, Sonora. %\",\"breadcrumb\":{\"@id\":\"https:\/\/www.sonoraenequipo.com.mx\/ee-uu-anuncia-us1-200-millones-en-inversion-privada-para-centroamerica\/#breadcrumb\"},\"inLanguage\":\"es\",\"potentialAction\":[{\"@type\":\"ReadAction\",\"target\":[\"https:\/\/www.sonoraenequipo.com.mx\/ee-uu-anuncia-us1-200-millones-en-inversion-privada-para-centroamerica\/\"]}]},{\"@type\":\"ImageObject\",\"inLanguage\":\"es\",\"@id\":\"https:\/\/www.sonoraenequipo.com.mx\/ee-uu-anuncia-us1-200-millones-en-inversion-privada-para-centroamerica\/#primaryimage\",\"url\":\"https:\/\/www.sonoraenequipo.com.mx\/storage\/2021\/12\/KAMALA.jpg\",\"contentUrl\":\"https:\/\/www.sonoraenequipo.com.mx\/storage\/2021\/12\/KAMALA.jpg\",\"width\":700,\"height\":400,\"caption\":\"Kamala Harris, Vicepresidenta, Imagen: AP\"},{\"@type\":\"BreadcrumbList\",\"@id\":\"https:\/\/www.sonoraenequipo.com.mx\/ee-uu-anuncia-us1-200-millones-en-inversion-privada-para-centroamerica\/#breadcrumb\",\"itemListElement\":[{\"@type\":\"ListItem\",\"position\":1,\"name\":\"Portada\",\"item\":\"https:\/\/www.sonoraenequipo.com.mx\/\"},{\"@type\":\"ListItem\",\"position\":2,\"name\":\"EE.UU. anuncia US$1.200 millones en inversi\u00f3n privada para Centroam\u00e9rica\"}]},{\"@type\":\"WebSite\",\"@id\":\"https:\/\/www.sonoraenequipo.com.mx\/#website\",\"url\":\"https:\/\/www.sonoraenequipo.com.mx\/\",\"name\":\"Sonora en Equipo.\",\"description\":\"Diario en l\u00ednea con Noticias desde Hermosillo, Sonora\",\"publisher\":{\"@id\":\"https:\/\/www.sonoraenequipo.com.mx\/#organization\"},\"potentialAction\":[{\"@type\":\"SearchAction\",\"target\":{\"@type\":\"EntryPoint\",\"urlTemplate\":\"https:\/\/www.sonoraenequipo.com.mx\/?s={search_term_string}\"},\"query-input\":{\"@type\":\"PropertyValueSpecification\",\"valueRequired\":true,\"valueName\":\"search_term_string\"}}],\"inLanguage\":\"es\"},{\"@type\":\"Organization\",\"@id\":\"https:\/\/www.sonoraenequipo.com.mx\/#organization\",\"name\":\"Sonoraenequipo.com.mx\",\"url\":\"https:\/\/www.sonoraenequipo.com.mx\/\",\"logo\":{\"@type\":\"ImageObject\",\"inLanguage\":\"es\",\"@id\":\"https:\/\/www.sonoraenequipo.com.mx\/#\/schema\/logo\/image\/\",\"url\":\"https:\/\/www.sonoraenequipo.com.mx\/storage\/2019\/01\/sonoraenequipo_opt.png\",\"contentUrl\":\"https:\/\/www.sonoraenequipo.com.mx\/storage\/2019\/01\/sonoraenequipo_opt.png\",\"width\":375,\"height\":125,\"caption\":\"Sonoraenequipo.com.mx\"},\"image\":{\"@id\":\"https:\/\/www.sonoraenequipo.com.mx\/#\/schema\/logo\/image\/\"},\"sameAs\":[\"https:\/\/www.facebook.com\/SonoraEE\/\",\"https:\/\/x.com\/sonoraenequipo\",\"https:\/\/www.youtube.com\/channel\/UC338nW-lPEYmJQs4ZABQ1SQ\"]},{\"@type\":\"Person\",\"@id\":\"https:\/\/www.sonoraenequipo.com.mx\/#\/schema\/person\/50102df0fb23a8fa9e8effad8fa81386\",\"name\":\"enequipo\",\"image\":{\"@type\":\"ImageObject\",\"inLanguage\":\"es\",\"@id\":\"https:\/\/www.sonoraenequipo.com.mx\/#\/schema\/person\/image\/\",\"url\":\"https:\/\/secure.gravatar.com\/avatar\/049821681b589dabc0bc20695993ccebb09f5b5d4d790cd9251b97faac7c652b?s=96&d=blank&r=g\",\"contentUrl\":\"https:\/\/secure.gravatar.com\/avatar\/049821681b589dabc0bc20695993ccebb09f5b5d4d790cd9251b97faac7c652b?s=96&d=blank&r=g\",\"caption\":\"enequipo\"},\"sameAs\":[\"https:\/\/www.facebook.com\/SonoraEE\"]}]}<\/script>\n ","yoast_head_json":{"title":"Sonora en Equipo. EE.UU. anuncia US$1.200 millones en inversi\u00f3n privada para Centroam\u00e9rica MUNDO","description":"WASHINGTON,ESTADOS UNIDOS.\u2500\u2500 Desde la llegada a la Casa Blanca, el presidente Joe Biden ha buscado poner freno a las causas de la migraci\u00f3n irregular En Sonora en Equipo publicamos toda la informaci\u00f3n de Sonora, M\u00e9xico y el Mundo de manera oportuna y busca que la libertad de expresi\u00f3n sea real. Visita nuestro medio informativo publicado desde Hermosillo, Sonora. %","robots":{"index":"index","follow":"follow","max-snippet":"max-snippet:-1","max-image-preview":"max-image-preview:large","max-video-preview":"max-video-preview:-1"},"canonical":"https:\/\/www.sonoraenequipo.com.mx\/ee-uu-anuncia-us1-200-millones-en-inversion-privada-para-centroamerica\/","og_locale":"es_ES","og_type":"article","og_title":"Sonora en Equipo. EE.UU. anuncia US$1.200 millones en inversi\u00f3n privada para Centroam\u00e9rica MUNDO","og_description":"WASHINGTON,ESTADOS UNIDOS.\u2500\u2500 Desde la llegada a la Casa Blanca, el presidente Joe Biden ha buscado poner freno a las causas de la migraci\u00f3n irregular En Sonora en Equipo publicamos toda la informaci\u00f3n de Sonora, M\u00e9xico y el Mundo de manera oportuna y busca que la libertad de expresi\u00f3n sea real. Visita nuestro medio informativo publicado desde Hermosillo, Sonora. %","og_url":"https:\/\/www.sonoraenequipo.com.mx\/ee-uu-anuncia-us1-200-millones-en-inversion-privada-para-centroamerica\/","og_site_name":"Sonora en Equipo.","article_publisher":"https:\/\/www.facebook.com\/SonoraEE\/","article_author":"https:\/\/www.facebook.com\/SonoraEE","article_published_time":"2021-12-14T00:53:03+00:00","article_modified_time":"2021-12-14T01:06:37+00:00","og_image":[{"width":700,"height":400,"url":"https:\/\/www.sonoraenequipo.com.mx\/storage\/2021\/12\/KAMALA.jpg","type":"image\/jpeg"}],"author":"enequipo","twitter_card":"summary_large_image","twitter_creator":"@sonoraenequipo","twitter_site":"@sonoraenequipo","twitter_misc":{"Escrito por":"enequipo","Tiempo de lectura":"2 minutos"},"schema":{"@context":"https:\/\/schema.org","@graph":[{"@type":"Article","@id":"https:\/\/www.sonoraenequipo.com.mx\/ee-uu-anuncia-us1-200-millones-en-inversion-privada-para-centroamerica\/#article","isPartOf":{"@id":"https:\/\/www.sonoraenequipo.com.mx\/ee-uu-anuncia-us1-200-millones-en-inversion-privada-para-centroamerica\/"},"author":{"name":"enequipo","@id":"https:\/\/www.sonoraenequipo.com.mx\/#\/schema\/person\/50102df0fb23a8fa9e8effad8fa81386"},"headline":"EE.UU. anuncia US$1.200 millones en inversi\u00f3n privada para Centroam\u00e9rica","datePublished":"2021-12-14T00:53:03+00:00","dateModified":"2021-12-14T01:06:37+00:00","mainEntityOfPage":{"@id":"https:\/\/www.sonoraenequipo.com.mx\/ee-uu-anuncia-us1-200-millones-en-inversion-privada-para-centroamerica\/"},"wordCount":333,"commentCount":0,"publisher":{"@id":"https:\/\/www.sonoraenequipo.com.mx\/#organization"},"image":{"@id":"https:\/\/www.sonoraenequipo.com.mx\/ee-uu-anuncia-us1-200-millones-en-inversion-privada-para-centroamerica\/#primaryimage"},"thumbnailUrl":"https:\/\/www.sonoraenequipo.com.mx\/storage\/2021\/12\/KAMALA.jpg","keywords":["biden","Centroam\u00e9rica","Inversiones"],"articleSection":["MUNDO"],"inLanguage":"es","potentialAction":[{"@type":"CommentAction","name":"Comment","target":["https:\/\/www.sonoraenequipo.com.mx\/ee-uu-anuncia-us1-200-millones-en-inversion-privada-para-centroamerica\/#respond"]}]},{"@type":"WebPage","@id":"https:\/\/www.sonoraenequipo.com.mx\/ee-uu-anuncia-us1-200-millones-en-inversion-privada-para-centroamerica\/","url":"https:\/\/www.sonoraenequipo.com.mx\/ee-uu-anuncia-us1-200-millones-en-inversion-privada-para-centroamerica\/","name":"Sonora en Equipo. EE.UU. anuncia US$1.200 millones en inversi\u00f3n privada para Centroam\u00e9rica MUNDO","isPartOf":{"@id":"https:\/\/www.sonoraenequipo.com.mx\/#website"},"primaryImageOfPage":{"@id":"https:\/\/www.sonoraenequipo.com.mx\/ee-uu-anuncia-us1-200-millones-en-inversion-privada-para-centroamerica\/#primaryimage"},"image":{"@id":"https:\/\/www.sonoraenequipo.com.mx\/ee-uu-anuncia-us1-200-millones-en-inversion-privada-para-centroamerica\/#primaryimage"},"thumbnailUrl":"https:\/\/www.sonoraenequipo.com.mx\/storage\/2021\/12\/KAMALA.jpg","datePublished":"2021-12-14T00:53:03+00:00","dateModified":"2021-12-14T01:06:37+00:00","description":"WASHINGTON,ESTADOS UNIDOS.\u2500\u2500 Desde la llegada a la Casa Blanca, el presidente Joe Biden ha buscado poner freno a las causas de la migraci\u00f3n irregular En Sonora en Equipo publicamos toda la informaci\u00f3n de Sonora, M\u00e9xico y el Mundo de manera oportuna y busca que la libertad de expresi\u00f3n sea real. Visita nuestro medio informativo publicado desde Hermosillo, Sonora. %","breadcrumb":{"@id":"https:\/\/www.sonoraenequipo.com.mx\/ee-uu-anuncia-us1-200-millones-en-inversion-privada-para-centroamerica\/#breadcrumb"},"inLanguage":"es","potentialAction":[{"@type":"ReadAction","target":["https:\/\/www.sonoraenequipo.com.mx\/ee-uu-anuncia-us1-200-millones-en-inversion-privada-para-centroamerica\/"]}]},{"@type":"ImageObject","inLanguage":"es","@id":"https:\/\/www.sonoraenequipo.com.mx\/ee-uu-anuncia-us1-200-millones-en-inversion-privada-para-centroamerica\/#primaryimage","url":"https:\/\/www.sonoraenequipo.com.mx\/storage\/2021\/12\/KAMALA.jpg","contentUrl":"https:\/\/www.sonoraenequipo.com.mx\/storage\/2021\/12\/KAMALA.jpg","width":700,"height":400,"caption":"Kamala Harris, Vicepresidenta, Imagen: AP"},{"@type":"BreadcrumbList","@id":"https:\/\/www.sonoraenequipo.com.mx\/ee-uu-anuncia-us1-200-millones-en-inversion-privada-para-centroamerica\/#breadcrumb","itemListElement":[{"@type":"ListItem","position":1,"name":"Portada","item":"https:\/\/www.sonoraenequipo.com.mx\/"},{"@type":"ListItem","position":2,"name":"EE.UU. anuncia US$1.200 millones en inversi\u00f3n privada para Centroam\u00e9rica"}]},{"@type":"WebSite","@id":"https:\/\/www.sonoraenequipo.com.mx\/#website","url":"https:\/\/www.sonoraenequipo.com.mx\/","name":"Sonora en Equipo.","description":"Diario en l\u00ednea con Noticias desde Hermosillo, Sonora","publisher":{"@id":"https:\/\/www.sonoraenequipo.com.mx\/#organization"},"potentialAction":[{"@type":"SearchAction","target":{"@type":"EntryPoint","urlTemplate":"https:\/\/www.sonoraenequipo.com.mx\/?s={search_term_string}"},"query-input":{"@type":"PropertyValueSpecification","valueRequired":true,"valueName":"search_term_string"}}],"inLanguage":"es"},{"@type":"Organization","@id":"https:\/\/www.sonoraenequipo.com.mx\/#organization","name":"Sonoraenequipo.com.mx","url":"https:\/\/www.sonoraenequipo.com.mx\/","logo":{"@type":"ImageObject","inLanguage":"es","@id":"https:\/\/www.sonoraenequipo.com.mx\/#\/schema\/logo\/image\/","url":"https:\/\/www.sonoraenequipo.com.mx\/storage\/2019\/01\/sonoraenequipo_opt.png","contentUrl":"https:\/\/www.sonoraenequipo.com.mx\/storage\/2019\/01\/sonoraenequipo_opt.png","width":375,"height":125,"caption":"Sonoraenequipo.com.mx"},"image":{"@id":"https:\/\/www.sonoraenequipo.com.mx\/#\/schema\/logo\/image\/"},"sameAs":["https:\/\/www.facebook.com\/SonoraEE\/","https:\/\/x.com\/sonoraenequipo","https:\/\/www.youtube.com\/channel\/UC338nW-lPEYmJQs4ZABQ1SQ"]},{"@type":"Person","@id":"https:\/\/www.sonoraenequipo.com.mx\/#\/schema\/person\/50102df0fb23a8fa9e8effad8fa81386","name":"enequipo","image":{"@type":"ImageObject","inLanguage":"es","@id":"https:\/\/www.sonoraenequipo.com.mx\/#\/schema\/person\/image\/","url":"https:\/\/secure.gravatar.com\/avatar\/049821681b589dabc0bc20695993ccebb09f5b5d4d790cd9251b97faac7c652b?s=96&d=blank&r=g","contentUrl":"https:\/\/secure.gravatar.com\/avatar\/049821681b589dabc0bc20695993ccebb09f5b5d4d790cd9251b97faac7c652b?s=96&d=blank&r=g","caption":"enequipo"},"sameAs":["https:\/\/www.facebook.com\/SonoraEE"]}]}},"jetpack_featured_media_url":"https:\/\/www.sonoraenequipo.com.mx\/storage\/2021\/12\/KAMALA.jpg","_links":{"self":[{"href":"https:\/\/www.sonoraenequipo.com.mx\/api\/wp\/v2\/posts\/129517","targetHints":{"allow":["GET"]}}],"collection":[{"href":"https:\/\/www.sonoraenequipo.com.mx\/api\/wp\/v2\/posts"}],"about":[{"href":"https:\/\/www.sonoraenequipo.com.mx\/api\/wp\/v2\/types\/post"}],"author":[{"embeddable":true,"href":"https:\/\/www.sonoraenequipo.com.mx\/api\/wp\/v2\/users\/1"}],"replies":[{"embeddable":true,"href":"https:\/\/www.sonoraenequipo.com.mx\/api\/wp\/v2\/comments?post=129517"}],"version-history":[{"count":1,"href":"https:\/\/www.sonoraenequipo.com.mx\/api\/wp\/v2\/posts\/129517\/revisions"}],"predecessor-version":[{"id":129519,"href":"https:\/\/www.sonoraenequipo.com.mx\/api\/wp\/v2\/posts\/129517\/revisions\/129519"}],"wp:featuredmedia":[{"embeddable":true,"href":"https:\/\/www.sonoraenequipo.com.mx\/api\/wp\/v2\/media\/129518"}],"wp:attachment":[{"href":"https:\/\/www.sonoraenequipo.com.mx\/api\/wp\/v2\/media?parent=129517"}],"wp:term":[{"taxonomy":"category","embeddable":true,"href":"https:\/\/www.sonoraenequipo.com.mx\/api\/wp\/v2\/categories?post=129517"},{"taxonomy":"post_tag","embeddable":true,"href":"https:\/\/www.sonoraenequipo.com.mx\/api\/wp\/v2\/tags?post=129517"}],"curies":[{"name":"wp","href":"https:\/\/api.w.org\/{rel}","templated":true}]}}