{"id":129524,"date":"2021-12-13T19:58:05","date_gmt":"2021-12-14T02:58:05","guid":{"rendered":"https:\/\/www.sonoraenequipo.com.mx\/?p=129524"},"modified":"2021-12-14T08:17:54","modified_gmt":"2021-12-14T15:17:54","slug":"atiende-alumbrado-publico-peticiones-de-comites-creces-en-hermosillo","status":"publish","type":"post","link":"https:\/\/www.sonoraenequipo.com.mx\/atiende-alumbrado-publico-peticiones-de-comites-creces-en-hermosillo\/","title":{"rendered":"Atiende Alumbrado P\u00fablico peticiones de comit\u00e9s CRECES en Hermosillo"},"content":{"rendered":"<p>HERMOSILLO, SONORA,MX.\u2500\u2500 Acorde con la instrucci\u00f3n del Presidente Municipal Antonio Astiazar\u00e1n Guti\u00e9rrez de atender de forma r\u00e1pida y eficiente las gestiones de los ciudadanos organizados en comit\u00e9s CRECES, Alumbrado P\u00fablico program\u00f3 la respuesta positiva a 7 peticiones.<\/p>\n<p>&nbsp;<\/p>\n<p>Carla Neudert C\u00f3rdova, Directora de la dependencia, indic\u00f3 que ello corresponde al registro de peticiones de comit\u00e9s vecinales CRECES presentadas al organismo, as\u00ed como la calendarizaci\u00f3n de los trabajos para cumplir en diciembre.<\/p>\n<p>&nbsp;<\/p>\n<p>El lunes 13 de diciembre inici\u00f3 la instalaci\u00f3n de alumbrado en una cancha de la calle 3, de la colonia Insurgentes, que se espera concluya para el d\u00eda 15 del mismo mes. Incluir\u00e1 la colocaci\u00f3n de un poste met\u00e1lico de 8 metros provisto de dos l\u00e1mparas LED de 50 Watts.<\/p>\n<p>&nbsp;<\/p>\n<p>El martes 14 de diciembre se instalar\u00e1 en el acceso al fraccionamiento Ar\u00e1ndanos un poste de concreto de 9 metros con l\u00e1mpara LED de 100 Watts, tambi\u00e9n en respuesta a una petici\u00f3n del comit\u00e9 CRECES del sector, explic\u00f3 la funcionaria.<\/p>\n<p>&nbsp;<\/p>\n<p>El jueves 16 de diciembre quedar\u00e1 colocado el poste con dos luminarias de 50 Watts que pidieron residentes de Altares, en el parque y cruce peatonal que se ubica en Ren\u00e9 Arvizu y Pedro Vega.<\/p>\n<p>&nbsp;<\/p>\n<p>En Villa Linda y Villa del Campo, de la colonia Las Villas, se prepara para el viernes 17 de diciembre la conversi\u00f3n de un farol colonial a tecnolog\u00eda LED.<\/p>\n<p>&nbsp;<\/p>\n<p>Tambi\u00e9n respuesta positiva tendr\u00e1n los solicitantes de alumbrado en la avenida Puerto Vallarta, de la colonia Caf\u00e9 Combate, acci\u00f3n que est\u00e1 programada para realizarse el 20 de diciembre pr\u00f3ximo, para concluir al d\u00eda siguiente.<\/p>\n<p>&nbsp;<\/p>\n<p>La obra incluye 2 postes de concreto, 2 aisladores, 2 bastidores, 2 luminarias de 100 Watts, un registro de concreto, cableado, tuber\u00eda y accesorios diversos de instalaci\u00f3n.<\/p>\n<p>&nbsp;<\/p>\n<p>En la misma colonia, los d\u00edas 22 y 23 de diciembre, en la calle Guadalajara, entre Jalostitl\u00e1n y Puerto Vallarta, se colocar\u00e1n y pondr\u00e1n en funcionamiento 2 postes con 2 luminarias de 100 Watts.<\/p>\n<p>&nbsp;<\/p>\n<p>Por petici\u00f3n del comit\u00e9 CRECES correspondiente al fraccionamiento La Campi\u00f1a, el organismo operativo prepara para el 27 de diciembre la reposici\u00f3n de las instalaciones de alumbrado que fueron robadas en el bulevar La Campi\u00f1a, esquina con Cerrada Pilares.<\/p>\n<p>&nbsp;<\/p>\n<p>En el lugar se instalar\u00e1 un poste de concreto con una l\u00e1mpara de 100 Watts y un registro el\u00e9ctrico con sus respectivas tuber\u00edas, cableado y accesorios.<\/p>\n<p>Fecha de publicaci\u00f3n lunes\/ 13 \/ diciembre\/ 2021\/ C S No. 176\/2021<\/p>\n<p>&nbsp;<\/p>\n","protected":false},"excerpt":{"rendered":"<p>HERMOSILLO, SONORA,MX.\u2500\u2500 Acorde con la instrucci\u00f3n del Presidente Municipal Antonio Astiazar\u00e1n Guti\u00e9rrez de atender de&#8230;<\/p>\n","protected":false},"author":1,"featured_media":129525,"comment_status":"open","ping_status":"open","sticky":false,"template":"","format":"standard","meta":{"_monsterinsights_skip_tracking":false,"_monsterinsights_sitenote_active":false,"_monsterinsights_sitenote_note":"","_monsterinsights_sitenote_category":0,"footnotes":""},"categories":[4],"tags":[6506],"class_list":["post"],"yoast_head":" \n<title>Sonora en Equipo. Atiende Alumbrado P\u00fablico peticiones de comit\u00e9s CRECES en Hermosillo Municipios<\/title>\n<meta name=\"description\" content=\"HERMOSILLO, SONORA,MX.\u2500\u2500 Acorde con la instrucci\u00f3n del Presidente Municipal Antonio Astiazar\u00e1n Guti\u00e9rrez de atender de forma r\u00e1pida y eficiente las En Sonora en Equipo publicamos toda la informaci\u00f3n de Sonora, M\u00e9xico y el Mundo de manera oportuna y busca que la libertad de expresi\u00f3n sea real. Visita nuestro medio informativo publicado desde Hermosillo, Sonora. %\" \/>\n<meta name=\"robots\" content=\"index, follow, max-snippet:-1, max-image-preview:large, max-video-preview:-1\" \/>\n<link rel=\"canonical\" href=\"https:\/\/www.sonoraenequipo.com.mx\/atiende-alumbrado-publico-peticiones-de-comites-creces-en-hermosillo\/\" \/>\n<meta property=\"og:locale\" content=\"es_ES\" \/>\n<meta property=\"og:type\" content=\"article\" \/>\n<meta property=\"og:title\" content=\"Sonora en Equipo. Atiende Alumbrado P\u00fablico peticiones de comit\u00e9s CRECES en Hermosillo Municipios\" \/>\n<meta property=\"og:description\" content=\"HERMOSILLO, SONORA,MX.\u2500\u2500 Acorde con la instrucci\u00f3n del Presidente Municipal Antonio Astiazar\u00e1n Guti\u00e9rrez de atender de forma r\u00e1pida y eficiente las En Sonora en Equipo publicamos toda la informaci\u00f3n de Sonora, M\u00e9xico y el Mundo de manera oportuna y busca que la libertad de expresi\u00f3n sea real. Visita nuestro medio informativo publicado desde Hermosillo, Sonora. %\" \/>\n<meta property=\"og:url\" content=\"https:\/\/www.sonoraenequipo.com.mx\/atiende-alumbrado-publico-peticiones-de-comites-creces-en-hermosillo\/\" \/>\n<meta property=\"og:site_name\" content=\"Sonora en Equipo.\" \/>\n<meta property=\"article:publisher\" content=\"https:\/\/www.facebook.com\/SonoraEE\/\" \/>\n<meta property=\"article:author\" content=\"https:\/\/www.facebook.com\/SonoraEE\" \/>\n<meta property=\"article:published_time\" content=\"2021-12-14T02:58:05+00:00\" \/>\n<meta property=\"article:modified_time\" content=\"2021-12-14T15:17:54+00:00\" \/>\n<meta property=\"og:image\" content=\"https:\/\/www.sonoraenequipo.com.mx\/storage\/2021\/12\/alumbrado.jpg\" \/>\n\t<meta property=\"og:image:width\" content=\"700\" \/>\n\t<meta property=\"og:image:height\" content=\"400\" \/>\n\t<meta property=\"og:image:type\" content=\"image\/jpeg\" \/>\n<meta name=\"author\" content=\"enequipo\" \/>\n<meta name=\"twitter:card\" content=\"summary_large_image\" \/>\n<meta name=\"twitter:creator\" content=\"@sonoraenequipo\" \/>\n<meta name=\"twitter:site\" content=\"@sonoraenequipo\" \/>\n<meta name=\"twitter:label1\" content=\"Escrito por\" \/>\n\t<meta name=\"twitter:data1\" content=\"enequipo\" \/>\n\t<meta name=\"twitter:label2\" content=\"Tiempo de lectura\" \/>\n\t<meta name=\"twitter:data2\" content=\"2 minutos\" \/>\n<script type=\"application\/ld+json\" class=\"yoast-schema-graph\">{\"@context\":\"https:\/\/schema.org\",\"@graph\":[{\"@type\":\"Article\",\"@id\":\"https:\/\/www.sonoraenequipo.com.mx\/atiende-alumbrado-publico-peticiones-de-comites-creces-en-hermosillo\/#article\",\"isPartOf\":{\"@id\":\"https:\/\/www.sonoraenequipo.com.mx\/atiende-alumbrado-publico-peticiones-de-comites-creces-en-hermosillo\/\"},\"author\":{\"name\":\"enequipo\",\"@id\":\"https:\/\/www.sonoraenequipo.com.mx\/#\/schema\/person\/50102df0fb23a8fa9e8effad8fa81386\"},\"headline\":\"Atiende Alumbrado P\u00fablico peticiones de comit\u00e9s CRECES en Hermosillo\",\"datePublished\":\"2021-12-14T02:58:05+00:00\",\"dateModified\":\"2021-12-14T15:17:54+00:00\",\"mainEntityOfPage\":{\"@id\":\"https:\/\/www.sonoraenequipo.com.mx\/atiende-alumbrado-publico-peticiones-de-comites-creces-en-hermosillo\/\"},\"wordCount\":428,\"commentCount\":0,\"publisher\":{\"@id\":\"https:\/\/www.sonoraenequipo.com.mx\/#organization\"},\"image\":{\"@id\":\"https:\/\/www.sonoraenequipo.com.mx\/atiende-alumbrado-publico-peticiones-de-comites-creces-en-hermosillo\/#primaryimage\"},\"thumbnailUrl\":\"https:\/\/www.sonoraenequipo.com.mx\/storage\/2021\/12\/alumbrado.jpg\",\"keywords\":[\"alumbrado hermosillo\"],\"articleSection\":[\"Municipios\"],\"inLanguage\":\"es\",\"potentialAction\":[{\"@type\":\"CommentAction\",\"name\":\"Comment\",\"target\":[\"https:\/\/www.sonoraenequipo.com.mx\/atiende-alumbrado-publico-peticiones-de-comites-creces-en-hermosillo\/#respond\"]}]},{\"@type\":\"WebPage\",\"@id\":\"https:\/\/www.sonoraenequipo.com.mx\/atiende-alumbrado-publico-peticiones-de-comites-creces-en-hermosillo\/\",\"url\":\"https:\/\/www.sonoraenequipo.com.mx\/atiende-alumbrado-publico-peticiones-de-comites-creces-en-hermosillo\/\",\"name\":\"Sonora en Equipo. Atiende Alumbrado P\u00fablico peticiones de comit\u00e9s CRECES en Hermosillo Municipios\",\"isPartOf\":{\"@id\":\"https:\/\/www.sonoraenequipo.com.mx\/#website\"},\"primaryImageOfPage\":{\"@id\":\"https:\/\/www.sonoraenequipo.com.mx\/atiende-alumbrado-publico-peticiones-de-comites-creces-en-hermosillo\/#primaryimage\"},\"image\":{\"@id\":\"https:\/\/www.sonoraenequipo.com.mx\/atiende-alumbrado-publico-peticiones-de-comites-creces-en-hermosillo\/#primaryimage\"},\"thumbnailUrl\":\"https:\/\/www.sonoraenequipo.com.mx\/storage\/2021\/12\/alumbrado.jpg\",\"datePublished\":\"2021-12-14T02:58:05+00:00\",\"dateModified\":\"2021-12-14T15:17:54+00:00\",\"description\":\"HERMOSILLO, SONORA,MX.\u2500\u2500 Acorde con la instrucci\u00f3n del Presidente Municipal Antonio Astiazar\u00e1n Guti\u00e9rrez de atender de forma r\u00e1pida y eficiente las En Sonora en Equipo publicamos toda la informaci\u00f3n de Sonora, M\u00e9xico y el Mundo de manera oportuna y busca que la libertad de expresi\u00f3n sea real. Visita nuestro medio informativo publicado desde Hermosillo, Sonora. %\",\"breadcrumb\":{\"@id\":\"https:\/\/www.sonoraenequipo.com.mx\/atiende-alumbrado-publico-peticiones-de-comites-creces-en-hermosillo\/#breadcrumb\"},\"inLanguage\":\"es\",\"potentialAction\":[{\"@type\":\"ReadAction\",\"target\":[\"https:\/\/www.sonoraenequipo.com.mx\/atiende-alumbrado-publico-peticiones-de-comites-creces-en-hermosillo\/\"]}]},{\"@type\":\"ImageObject\",\"inLanguage\":\"es\",\"@id\":\"https:\/\/www.sonoraenequipo.com.mx\/atiende-alumbrado-publico-peticiones-de-comites-creces-en-hermosillo\/#primaryimage\",\"url\":\"https:\/\/www.sonoraenequipo.com.mx\/storage\/2021\/12\/alumbrado.jpg\",\"contentUrl\":\"https:\/\/www.sonoraenequipo.com.mx\/storage\/2021\/12\/alumbrado.jpg\",\"width\":700,\"height\":400},{\"@type\":\"BreadcrumbList\",\"@id\":\"https:\/\/www.sonoraenequipo.com.mx\/atiende-alumbrado-publico-peticiones-de-comites-creces-en-hermosillo\/#breadcrumb\",\"itemListElement\":[{\"@type\":\"ListItem\",\"position\":1,\"name\":\"Portada\",\"item\":\"https:\/\/www.sonoraenequipo.com.mx\/\"},{\"@type\":\"ListItem\",\"position\":2,\"name\":\"Atiende Alumbrado P\u00fablico peticiones de comit\u00e9s CRECES en Hermosillo\"}]},{\"@type\":\"WebSite\",\"@id\":\"https:\/\/www.sonoraenequipo.com.mx\/#website\",\"url\":\"https:\/\/www.sonoraenequipo.com.mx\/\",\"name\":\"Sonora en Equipo.\",\"description\":\"Diario en l\u00ednea con Noticias desde Hermosillo, Sonora\",\"publisher\":{\"@id\":\"https:\/\/www.sonoraenequipo.com.mx\/#organization\"},\"potentialAction\":[{\"@type\":\"SearchAction\",\"target\":{\"@type\":\"EntryPoint\",\"urlTemplate\":\"https:\/\/www.sonoraenequipo.com.mx\/?s={search_term_string}\"},\"query-input\":{\"@type\":\"PropertyValueSpecification\",\"valueRequired\":true,\"valueName\":\"search_term_string\"}}],\"inLanguage\":\"es\"},{\"@type\":\"Organization\",\"@id\":\"https:\/\/www.sonoraenequipo.com.mx\/#organization\",\"name\":\"Sonoraenequipo.com.mx\",\"url\":\"https:\/\/www.sonoraenequipo.com.mx\/\",\"logo\":{\"@type\":\"ImageObject\",\"inLanguage\":\"es\",\"@id\":\"https:\/\/www.sonoraenequipo.com.mx\/#\/schema\/logo\/image\/\",\"url\":\"https:\/\/www.sonoraenequipo.com.mx\/storage\/2019\/01\/sonoraenequipo_opt.png\",\"contentUrl\":\"https:\/\/www.sonoraenequipo.com.mx\/storage\/2019\/01\/sonoraenequipo_opt.png\",\"width\":375,\"height\":125,\"caption\":\"Sonoraenequipo.com.mx\"},\"image\":{\"@id\":\"https:\/\/www.sonoraenequipo.com.mx\/#\/schema\/logo\/image\/\"},\"sameAs\":[\"https:\/\/www.facebook.com\/SonoraEE\/\",\"https:\/\/x.com\/sonoraenequipo\",\"https:\/\/www.youtube.com\/channel\/UC338nW-lPEYmJQs4ZABQ1SQ\"]},{\"@type\":\"Person\",\"@id\":\"https:\/\/www.sonoraenequipo.com.mx\/#\/schema\/person\/50102df0fb23a8fa9e8effad8fa81386\",\"name\":\"enequipo\",\"image\":{\"@type\":\"ImageObject\",\"inLanguage\":\"es\",\"@id\":\"https:\/\/www.sonoraenequipo.com.mx\/#\/schema\/person\/image\/\",\"url\":\"https:\/\/secure.gravatar.com\/avatar\/049821681b589dabc0bc20695993ccebb09f5b5d4d790cd9251b97faac7c652b?s=96&d=blank&r=g\",\"contentUrl\":\"https:\/\/secure.gravatar.com\/avatar\/049821681b589dabc0bc20695993ccebb09f5b5d4d790cd9251b97faac7c652b?s=96&d=blank&r=g\",\"caption\":\"enequipo\"},\"sameAs\":[\"https:\/\/www.facebook.com\/SonoraEE\"]}]}<\/script>\n ","yoast_head_json":{"title":"Sonora en Equipo. Atiende Alumbrado P\u00fablico peticiones de comit\u00e9s CRECES en Hermosillo Municipios","description":"HERMOSILLO, SONORA,MX.\u2500\u2500 Acorde con la instrucci\u00f3n del Presidente Municipal Antonio Astiazar\u00e1n Guti\u00e9rrez de atender de forma r\u00e1pida y eficiente las En Sonora en Equipo publicamos toda la informaci\u00f3n de Sonora, M\u00e9xico y el Mundo de manera oportuna y busca que la libertad de expresi\u00f3n sea real. Visita nuestro medio informativo publicado desde Hermosillo, Sonora. %","robots":{"index":"index","follow":"follow","max-snippet":"max-snippet:-1","max-image-preview":"max-image-preview:large","max-video-preview":"max-video-preview:-1"},"canonical":"https:\/\/www.sonoraenequipo.com.mx\/atiende-alumbrado-publico-peticiones-de-comites-creces-en-hermosillo\/","og_locale":"es_ES","og_type":"article","og_title":"Sonora en Equipo. Atiende Alumbrado P\u00fablico peticiones de comit\u00e9s CRECES en Hermosillo Municipios","og_description":"HERMOSILLO, SONORA,MX.\u2500\u2500 Acorde con la instrucci\u00f3n del Presidente Municipal Antonio Astiazar\u00e1n Guti\u00e9rrez de atender de forma r\u00e1pida y eficiente las En Sonora en Equipo publicamos toda la informaci\u00f3n de Sonora, M\u00e9xico y el Mundo de manera oportuna y busca que la libertad de expresi\u00f3n sea real. Visita nuestro medio informativo publicado desde Hermosillo, Sonora. %","og_url":"https:\/\/www.sonoraenequipo.com.mx\/atiende-alumbrado-publico-peticiones-de-comites-creces-en-hermosillo\/","og_site_name":"Sonora en Equipo.","article_publisher":"https:\/\/www.facebook.com\/SonoraEE\/","article_author":"https:\/\/www.facebook.com\/SonoraEE","article_published_time":"2021-12-14T02:58:05+00:00","article_modified_time":"2021-12-14T15:17:54+00:00","og_image":[{"width":700,"height":400,"url":"https:\/\/www.sonoraenequipo.com.mx\/storage\/2021\/12\/alumbrado.jpg","type":"image\/jpeg"}],"author":"enequipo","twitter_card":"summary_large_image","twitter_creator":"@sonoraenequipo","twitter_site":"@sonoraenequipo","twitter_misc":{"Escrito por":"enequipo","Tiempo de lectura":"2 minutos"},"schema":{"@context":"https:\/\/schema.org","@graph":[{"@type":"Article","@id":"https:\/\/www.sonoraenequipo.com.mx\/atiende-alumbrado-publico-peticiones-de-comites-creces-en-hermosillo\/#article","isPartOf":{"@id":"https:\/\/www.sonoraenequipo.com.mx\/atiende-alumbrado-publico-peticiones-de-comites-creces-en-hermosillo\/"},"author":{"name":"enequipo","@id":"https:\/\/www.sonoraenequipo.com.mx\/#\/schema\/person\/50102df0fb23a8fa9e8effad8fa81386"},"headline":"Atiende Alumbrado P\u00fablico peticiones de comit\u00e9s CRECES en Hermosillo","datePublished":"2021-12-14T02:58:05+00:00","dateModified":"2021-12-14T15:17:54+00:00","mainEntityOfPage":{"@id":"https:\/\/www.sonoraenequipo.com.mx\/atiende-alumbrado-publico-peticiones-de-comites-creces-en-hermosillo\/"},"wordCount":428,"commentCount":0,"publisher":{"@id":"https:\/\/www.sonoraenequipo.com.mx\/#organization"},"image":{"@id":"https:\/\/www.sonoraenequipo.com.mx\/atiende-alumbrado-publico-peticiones-de-comites-creces-en-hermosillo\/#primaryimage"},"thumbnailUrl":"https:\/\/www.sonoraenequipo.com.mx\/storage\/2021\/12\/alumbrado.jpg","keywords":["alumbrado hermosillo"],"articleSection":["Municipios"],"inLanguage":"es","potentialAction":[{"@type":"CommentAction","name":"Comment","target":["https:\/\/www.sonoraenequipo.com.mx\/atiende-alumbrado-publico-peticiones-de-comites-creces-en-hermosillo\/#respond"]}]},{"@type":"WebPage","@id":"https:\/\/www.sonoraenequipo.com.mx\/atiende-alumbrado-publico-peticiones-de-comites-creces-en-hermosillo\/","url":"https:\/\/www.sonoraenequipo.com.mx\/atiende-alumbrado-publico-peticiones-de-comites-creces-en-hermosillo\/","name":"Sonora en Equipo. Atiende Alumbrado P\u00fablico peticiones de comit\u00e9s CRECES en Hermosillo Municipios","isPartOf":{"@id":"https:\/\/www.sonoraenequipo.com.mx\/#website"},"primaryImageOfPage":{"@id":"https:\/\/www.sonoraenequipo.com.mx\/atiende-alumbrado-publico-peticiones-de-comites-creces-en-hermosillo\/#primaryimage"},"image":{"@id":"https:\/\/www.sonoraenequipo.com.mx\/atiende-alumbrado-publico-peticiones-de-comites-creces-en-hermosillo\/#primaryimage"},"thumbnailUrl":"https:\/\/www.sonoraenequipo.com.mx\/storage\/2021\/12\/alumbrado.jpg","datePublished":"2021-12-14T02:58:05+00:00","dateModified":"2021-12-14T15:17:54+00:00","description":"HERMOSILLO, SONORA,MX.\u2500\u2500 Acorde con la instrucci\u00f3n del Presidente Municipal Antonio Astiazar\u00e1n Guti\u00e9rrez de atender de forma r\u00e1pida y eficiente las En Sonora en Equipo publicamos toda la informaci\u00f3n de Sonora, M\u00e9xico y el Mundo de manera oportuna y busca que la libertad de expresi\u00f3n sea real. Visita nuestro medio informativo publicado desde Hermosillo, Sonora. %","breadcrumb":{"@id":"https:\/\/www.sonoraenequipo.com.mx\/atiende-alumbrado-publico-peticiones-de-comites-creces-en-hermosillo\/#breadcrumb"},"inLanguage":"es","potentialAction":[{"@type":"ReadAction","target":["https:\/\/www.sonoraenequipo.com.mx\/atiende-alumbrado-publico-peticiones-de-comites-creces-en-hermosillo\/"]}]},{"@type":"ImageObject","inLanguage":"es","@id":"https:\/\/www.sonoraenequipo.com.mx\/atiende-alumbrado-publico-peticiones-de-comites-creces-en-hermosillo\/#primaryimage","url":"https:\/\/www.sonoraenequipo.com.mx\/storage\/2021\/12\/alumbrado.jpg","contentUrl":"https:\/\/www.sonoraenequipo.com.mx\/storage\/2021\/12\/alumbrado.jpg","width":700,"height":400},{"@type":"BreadcrumbList","@id":"https:\/\/www.sonoraenequipo.com.mx\/atiende-alumbrado-publico-peticiones-de-comites-creces-en-hermosillo\/#breadcrumb","itemListElement":[{"@type":"ListItem","position":1,"name":"Portada","item":"https:\/\/www.sonoraenequipo.com.mx\/"},{"@type":"ListItem","position":2,"name":"Atiende Alumbrado P\u00fablico peticiones de comit\u00e9s CRECES en Hermosillo"}]},{"@type":"WebSite","@id":"https:\/\/www.sonoraenequipo.com.mx\/#website","url":"https:\/\/www.sonoraenequipo.com.mx\/","name":"Sonora en Equipo.","description":"Diario en l\u00ednea con Noticias desde Hermosillo, Sonora","publisher":{"@id":"https:\/\/www.sonoraenequipo.com.mx\/#organization"},"potentialAction":[{"@type":"SearchAction","target":{"@type":"EntryPoint","urlTemplate":"https:\/\/www.sonoraenequipo.com.mx\/?s={search_term_string}"},"query-input":{"@type":"PropertyValueSpecification","valueRequired":true,"valueName":"search_term_string"}}],"inLanguage":"es"},{"@type":"Organization","@id":"https:\/\/www.sonoraenequipo.com.mx\/#organization","name":"Sonoraenequipo.com.mx","url":"https:\/\/www.sonoraenequipo.com.mx\/","logo":{"@type":"ImageObject","inLanguage":"es","@id":"https:\/\/www.sonoraenequipo.com.mx\/#\/schema\/logo\/image\/","url":"https:\/\/www.sonoraenequipo.com.mx\/storage\/2019\/01\/sonoraenequipo_opt.png","contentUrl":"https:\/\/www.sonoraenequipo.com.mx\/storage\/2019\/01\/sonoraenequipo_opt.png","width":375,"height":125,"caption":"Sonoraenequipo.com.mx"},"image":{"@id":"https:\/\/www.sonoraenequipo.com.mx\/#\/schema\/logo\/image\/"},"sameAs":["https:\/\/www.facebook.com\/SonoraEE\/","https:\/\/x.com\/sonoraenequipo","https:\/\/www.youtube.com\/channel\/UC338nW-lPEYmJQs4ZABQ1SQ"]},{"@type":"Person","@id":"https:\/\/www.sonoraenequipo.com.mx\/#\/schema\/person\/50102df0fb23a8fa9e8effad8fa81386","name":"enequipo","image":{"@type":"ImageObject","inLanguage":"es","@id":"https:\/\/www.sonoraenequipo.com.mx\/#\/schema\/person\/image\/","url":"https:\/\/secure.gravatar.com\/avatar\/049821681b589dabc0bc20695993ccebb09f5b5d4d790cd9251b97faac7c652b?s=96&d=blank&r=g","contentUrl":"https:\/\/secure.gravatar.com\/avatar\/049821681b589dabc0bc20695993ccebb09f5b5d4d790cd9251b97faac7c652b?s=96&d=blank&r=g","caption":"enequipo"},"sameAs":["https:\/\/www.facebook.com\/SonoraEE"]}]}},"jetpack_featured_media_url":"https:\/\/www.sonoraenequipo.com.mx\/storage\/2021\/12\/alumbrado.jpg","_links":{"self":[{"href":"https:\/\/www.sonoraenequipo.com.mx\/api\/wp\/v2\/posts\/129524","targetHints":{"allow":["GET"]}}],"collection":[{"href":"https:\/\/www.sonoraenequipo.com.mx\/api\/wp\/v2\/posts"}],"about":[{"href":"https:\/\/www.sonoraenequipo.com.mx\/api\/wp\/v2\/types\/post"}],"author":[{"embeddable":true,"href":"https:\/\/www.sonoraenequipo.com.mx\/api\/wp\/v2\/users\/1"}],"replies":[{"embeddable":true,"href":"https:\/\/www.sonoraenequipo.com.mx\/api\/wp\/v2\/comments?post=129524"}],"version-history":[{"count":1,"href":"https:\/\/www.sonoraenequipo.com.mx\/api\/wp\/v2\/posts\/129524\/revisions"}],"predecessor-version":[{"id":129526,"href":"https:\/\/www.sonoraenequipo.com.mx\/api\/wp\/v2\/posts\/129524\/revisions\/129526"}],"wp:featuredmedia":[{"embeddable":true,"href":"https:\/\/www.sonoraenequipo.com.mx\/api\/wp\/v2\/media\/129525"}],"wp:attachment":[{"href":"https:\/\/www.sonoraenequipo.com.mx\/api\/wp\/v2\/media?parent=129524"}],"wp:term":[{"taxonomy":"category","embeddable":true,"href":"https:\/\/www.sonoraenequipo.com.mx\/api\/wp\/v2\/categories?post=129524"},{"taxonomy":"post_tag","embeddable":true,"href":"https:\/\/www.sonoraenequipo.com.mx\/api\/wp\/v2\/tags?post=129524"}],"curies":[{"name":"wp","href":"https:\/\/api.w.org\/{rel}","templated":true}]}}