{"id":129528,"date":"2021-12-13T20:49:55","date_gmt":"2021-12-14T03:49:55","guid":{"rendered":"https:\/\/www.sonoraenequipo.com.mx\/?p=129528"},"modified":"2021-12-14T08:19:12","modified_gmt":"2021-12-14T15:19:12","slug":"tenemos-que-hacer-planeacion-con-vision-de-largo-plazo-gobernador-durazo","status":"publish","type":"post","link":"https:\/\/www.sonoraenequipo.com.mx\/tenemos-que-hacer-planeacion-con-vision-de-largo-plazo-gobernador-durazo\/","title":{"rendered":"Tenemos que hacer planeaci\u00f3n con visi\u00f3n de largo plazo: gobernador Durazo"},"content":{"rendered":"<p>HERMOSILLO, SONORA,MX.\u2500\u2500 Tras haber concluido un proceso de consulta hist\u00f3rica para el enriquecimiento y conformaci\u00f3n del Plan Estatal de Desarrollo 2021-2027, en el cual participaron por primera vez representantes de diversos sectores sociales, el gobernador Alfonso Durazo, en presencia de los 72 alcaldes de los municipios, firm\u00f3 el compromiso para la implementaci\u00f3n de este documento, el cual marcar\u00e1 el rumbo de la entidad.<\/p>\n<p>&nbsp;<\/p>\n<p>Acompa\u00f1ado por Jacobo Mendoza Ruiz, presidente de la mesa directiva del Congreso del Estado, y de Rafael Acu\u00f1a Griego, presidente del Supremo Tribunal de Justicia del Estado, el mandatario estatal resalt\u00f3 la necesidad de hacer una planeaci\u00f3n m\u00e1s all\u00e1 del tiempo que dure una administraci\u00f3n, teniendo siempre una visi\u00f3n de largo plazo.<\/p>\n<p>&nbsp;<\/p>\n<p>\u201cDebemos de hacer un trabajo de planeaci\u00f3n trianual en el caso de los ayuntamientos, o sexenal en el caso del Gobierno del Estado. Tenemos que empezar a planear ya con una visi\u00f3n de largo plazo, de 20 a\u00f1os m\u00ednimo, y creo que debemos iniciar con un plan de 12 a\u00f1os, avanzar a un plan de 18 a\u00f1os, y planear cuando menos un horizonte de 20 a\u00f1os. En este caso, planear con una visi\u00f3n de largo plazo, con una escala invariable en un horizonte de seis a\u00f1os, que es la responsabilidad que a nosotros nos corresponde asumir al frente del Gobierno del Estado\u201d, asever\u00f3.<\/p>\n<p>&nbsp;<\/p>\n<p>El gobernador Durazo Monta\u00f1o resalt\u00f3 la presencia de las y los presidentes municipales, as\u00ed como de los titulares de los poderes legislativo y judicial, ya que con su participaci\u00f3n enriquecen el documento que ser\u00e1 el camino a seguir durante los pr\u00f3ximos a\u00f1os desde el Gobierno de Sonora.<\/p>\n<p>&nbsp;<\/p>\n<p>\u201cEl hecho de que est\u00e9n aqu\u00ed presidentes municipales, el presidente del Congreso y el presidente del Supremo Tribunal de Justicia, nos habla de que estamos participando en un acto de Estado. No es solo un acto del Poder Ejecutivo. La iniciativa es del Poder Ejecutivo, pero su representaci\u00f3n inviste a este evento de la condici\u00f3n de un acto de Estado, y lo menciono para resaltar la relevancia de esta reuni\u00f3n\u201d, indic\u00f3.<\/p>\n<p>&nbsp;<\/p>\n<p>El mandatario estatal entreg\u00f3 una copia del Plan Estatal de Desarrollo al diputado Jacobo Mendoza Ruiz, como parte de las acciones para que el Congreso del Estado enriquezca las propuestas que ah\u00ed se plasman.<\/p>\n<p>&nbsp;<\/p>\n<p>\u201cQue este plan sea aut\u00e9nticamente una gu\u00eda de trabajo, un rumbo, una ruta, para el funcionamiento del Gobierno del Estado. Si cumplimos con ese objetivo, el esfuerzo pol\u00edtico extraordinario que se ha realizado con la colaboraci\u00f3n de las y los presidentes municipales, habr\u00e1 de ser altamente provechoso para las y los sonorenses\u201d, coment\u00f3.<\/p>\n<p>&nbsp;<\/p>\n<p>Francisco Acu\u00f1a M\u00e9ndez, coordinador de planeaci\u00f3n y comisiones del Consejo Consultivo del Plan Estatal de Desarrollo, resalt\u00f3 la participaci\u00f3n de las y los presidentes municipales, ya que aunque ten\u00edan por mandato la obligaci\u00f3n de presentar sus planes municipales a m\u00e1s tardar el 30 de enero, la mayor\u00eda ya lo entreg\u00f3 para armonizarse con el plan estatal.<\/p>\n<p>&nbsp;<\/p>\n<p>\u201cEs un esfuerzo hist\u00f3rico, porque en este ejercicio que comenz\u00f3 hace algunos meses estudiamos c\u00f3mo puede ser m\u00e1s efectivo un plan estatal, y nos pusimos a revisar, y en la historia estos ejercicios, los m\u00e1s exitosos, son aquellos donde hay una coordinaci\u00f3n, o sincronizaci\u00f3n permanente entre todos los encargados del desarrollo. Solamente si hay esa coordinaci\u00f3n se alcanza el desarrollo, no solamente m\u00e1s presupuesto, el factor permanente en todos esos ejercicios en otras regiones del mundo que han logrado un crecimiento importante como el que queremos, es con una coordinaci\u00f3n hist\u00f3rica como la que ahora ustedes y el Gobierno del Estado, el gobernador encabez\u00e1ndolo, est\u00e1n inaugurando\u201d, destac\u00f3.<\/p>\n<p>&nbsp;<\/p>\n<p>En noviembre se realiz\u00f3 la consulta ciudadana para la elaboraci\u00f3n del Plan Estatal de Desarrollo 2021-2027, donde participaron m\u00e1s de mil 500 personas en los cuatro foros macrorregionales, cinco foros sectoriales, tres foros juveniles y un foro tem\u00e1tico.<\/p>\n<p>&nbsp;<\/p>\n<p>En estos foros se plantearon los proyectos y se recibieron propuestas para temas como equidad y desarrollo social, gobernabilidad, seguridad p\u00fablica y derechos humanos, infraestructura, ordenamiento territorial y proyectos de gran visi\u00f3n, gobierno eficiente, transparente e innovador, y empleo y desarrollo regional.<\/p>\n<p>&nbsp;<\/p>\n<p>V\u00eda Internet se recibieron m\u00e1s de 262 propuestas, con lo cual se incluy\u00f3 a todas y todos sin importar su asistencia a los foros, mientras que m\u00e1s de mil 600 personas se conectaron a los foros de manera virtual, logrando concretar 330 compromisos en favor de todas y todos los sonorenses.<\/p>\n<p>Fecha de publicaci\u00f3n lunes\/ 13 \/ diciembre\/ 2021\u00a0 No. 1221037<\/p>\n","protected":false},"excerpt":{"rendered":"<p>HERMOSILLO, SONORA,MX.\u2500\u2500 Tras haber concluido un proceso de consulta hist\u00f3rica para el enriquecimiento y conformaci\u00f3n&#8230;<\/p>\n","protected":false},"author":1,"featured_media":129529,"comment_status":"open","ping_status":"open","sticky":false,"template":"","format":"standard","meta":{"_monsterinsights_skip_tracking":false,"_monsterinsights_sitenote_active":false,"_monsterinsights_sitenote_note":"","_monsterinsights_sitenote_category":0,"footnotes":""},"categories":[22],"tags":[],"class_list":["post"],"yoast_head":" \n<title>Sonora en Equipo. Tenemos que hacer planeaci\u00f3n con visi\u00f3n de largo plazo: gobernador Durazo Sonora<\/title>\n<meta name=\"description\" content=\"HERMOSILLO, SONORA,MX.\u2500\u2500 Tras haber concluido un proceso de consulta hist\u00f3rica para el enriquecimiento y conformaci\u00f3n del Plan Estatal de Desarrollo En Sonora en Equipo publicamos toda la informaci\u00f3n de Sonora, M\u00e9xico y el Mundo de manera oportuna y busca que la libertad de expresi\u00f3n sea real. Visita nuestro medio informativo publicado desde Hermosillo, Sonora. %\" \/>\n<meta name=\"robots\" content=\"index, follow, max-snippet:-1, max-image-preview:large, max-video-preview:-1\" \/>\n<link rel=\"canonical\" href=\"https:\/\/www.sonoraenequipo.com.mx\/tenemos-que-hacer-planeacion-con-vision-de-largo-plazo-gobernador-durazo\/\" \/>\n<meta property=\"og:locale\" content=\"es_ES\" \/>\n<meta property=\"og:type\" content=\"article\" \/>\n<meta property=\"og:title\" content=\"Sonora en Equipo. Tenemos que hacer planeaci\u00f3n con visi\u00f3n de largo plazo: gobernador Durazo Sonora\" \/>\n<meta property=\"og:description\" content=\"HERMOSILLO, SONORA,MX.\u2500\u2500 Tras haber concluido un proceso de consulta hist\u00f3rica para el enriquecimiento y conformaci\u00f3n del Plan Estatal de Desarrollo En Sonora en Equipo publicamos toda la informaci\u00f3n de Sonora, M\u00e9xico y el Mundo de manera oportuna y busca que la libertad de expresi\u00f3n sea real. Visita nuestro medio informativo publicado desde Hermosillo, Sonora. %\" \/>\n<meta property=\"og:url\" content=\"https:\/\/www.sonoraenequipo.com.mx\/tenemos-que-hacer-planeacion-con-vision-de-largo-plazo-gobernador-durazo\/\" \/>\n<meta property=\"og:site_name\" content=\"Sonora en Equipo.\" \/>\n<meta property=\"article:publisher\" content=\"https:\/\/www.facebook.com\/SonoraEE\/\" \/>\n<meta property=\"article:author\" content=\"https:\/\/www.facebook.com\/SonoraEE\" \/>\n<meta property=\"article:published_time\" content=\"2021-12-14T03:49:55+00:00\" \/>\n<meta property=\"article:modified_time\" content=\"2021-12-14T15:19:12+00:00\" \/>\n<meta property=\"og:image\" content=\"https:\/\/www.sonoraenequipo.com.mx\/storage\/2021\/12\/ped.jpg\" \/>\n\t<meta property=\"og:image:width\" content=\"700\" \/>\n\t<meta property=\"og:image:height\" content=\"400\" \/>\n\t<meta property=\"og:image:type\" content=\"image\/jpeg\" \/>\n<meta name=\"author\" content=\"enequipo\" \/>\n<meta name=\"twitter:card\" content=\"summary_large_image\" \/>\n<meta name=\"twitter:creator\" content=\"@sonoraenequipo\" \/>\n<meta name=\"twitter:site\" content=\"@sonoraenequipo\" \/>\n<meta name=\"twitter:label1\" content=\"Escrito por\" \/>\n\t<meta name=\"twitter:data1\" content=\"enequipo\" \/>\n\t<meta name=\"twitter:label2\" content=\"Tiempo de lectura\" \/>\n\t<meta name=\"twitter:data2\" content=\"4 minutos\" \/>\n<script type=\"application\/ld+json\" class=\"yoast-schema-graph\">{\"@context\":\"https:\/\/schema.org\",\"@graph\":[{\"@type\":\"Article\",\"@id\":\"https:\/\/www.sonoraenequipo.com.mx\/tenemos-que-hacer-planeacion-con-vision-de-largo-plazo-gobernador-durazo\/#article\",\"isPartOf\":{\"@id\":\"https:\/\/www.sonoraenequipo.com.mx\/tenemos-que-hacer-planeacion-con-vision-de-largo-plazo-gobernador-durazo\/\"},\"author\":{\"name\":\"enequipo\",\"@id\":\"https:\/\/www.sonoraenequipo.com.mx\/#\/schema\/person\/50102df0fb23a8fa9e8effad8fa81386\"},\"headline\":\"Tenemos que hacer planeaci\u00f3n con visi\u00f3n de largo plazo: gobernador Durazo\",\"datePublished\":\"2021-12-14T03:49:55+00:00\",\"dateModified\":\"2021-12-14T15:19:12+00:00\",\"mainEntityOfPage\":{\"@id\":\"https:\/\/www.sonoraenequipo.com.mx\/tenemos-que-hacer-planeacion-con-vision-de-largo-plazo-gobernador-durazo\/\"},\"wordCount\":797,\"commentCount\":0,\"publisher\":{\"@id\":\"https:\/\/www.sonoraenequipo.com.mx\/#organization\"},\"image\":{\"@id\":\"https:\/\/www.sonoraenequipo.com.mx\/tenemos-que-hacer-planeacion-con-vision-de-largo-plazo-gobernador-durazo\/#primaryimage\"},\"thumbnailUrl\":\"https:\/\/www.sonoraenequipo.com.mx\/storage\/2021\/12\/ped.jpg\",\"articleSection\":[\"Sonora\"],\"inLanguage\":\"es\",\"potentialAction\":[{\"@type\":\"CommentAction\",\"name\":\"Comment\",\"target\":[\"https:\/\/www.sonoraenequipo.com.mx\/tenemos-que-hacer-planeacion-con-vision-de-largo-plazo-gobernador-durazo\/#respond\"]}]},{\"@type\":\"WebPage\",\"@id\":\"https:\/\/www.sonoraenequipo.com.mx\/tenemos-que-hacer-planeacion-con-vision-de-largo-plazo-gobernador-durazo\/\",\"url\":\"https:\/\/www.sonoraenequipo.com.mx\/tenemos-que-hacer-planeacion-con-vision-de-largo-plazo-gobernador-durazo\/\",\"name\":\"Sonora en Equipo. Tenemos que hacer planeaci\u00f3n con visi\u00f3n de largo plazo: gobernador Durazo Sonora\",\"isPartOf\":{\"@id\":\"https:\/\/www.sonoraenequipo.com.mx\/#website\"},\"primaryImageOfPage\":{\"@id\":\"https:\/\/www.sonoraenequipo.com.mx\/tenemos-que-hacer-planeacion-con-vision-de-largo-plazo-gobernador-durazo\/#primaryimage\"},\"image\":{\"@id\":\"https:\/\/www.sonoraenequipo.com.mx\/tenemos-que-hacer-planeacion-con-vision-de-largo-plazo-gobernador-durazo\/#primaryimage\"},\"thumbnailUrl\":\"https:\/\/www.sonoraenequipo.com.mx\/storage\/2021\/12\/ped.jpg\",\"datePublished\":\"2021-12-14T03:49:55+00:00\",\"dateModified\":\"2021-12-14T15:19:12+00:00\",\"description\":\"HERMOSILLO, SONORA,MX.\u2500\u2500 Tras haber concluido un proceso de consulta hist\u00f3rica para el enriquecimiento y conformaci\u00f3n del Plan Estatal de Desarrollo En Sonora en Equipo publicamos toda la informaci\u00f3n de Sonora, M\u00e9xico y el Mundo de manera oportuna y busca que la libertad de expresi\u00f3n sea real. Visita nuestro medio informativo publicado desde Hermosillo, Sonora. %\",\"breadcrumb\":{\"@id\":\"https:\/\/www.sonoraenequipo.com.mx\/tenemos-que-hacer-planeacion-con-vision-de-largo-plazo-gobernador-durazo\/#breadcrumb\"},\"inLanguage\":\"es\",\"potentialAction\":[{\"@type\":\"ReadAction\",\"target\":[\"https:\/\/www.sonoraenequipo.com.mx\/tenemos-que-hacer-planeacion-con-vision-de-largo-plazo-gobernador-durazo\/\"]}]},{\"@type\":\"ImageObject\",\"inLanguage\":\"es\",\"@id\":\"https:\/\/www.sonoraenequipo.com.mx\/tenemos-que-hacer-planeacion-con-vision-de-largo-plazo-gobernador-durazo\/#primaryimage\",\"url\":\"https:\/\/www.sonoraenequipo.com.mx\/storage\/2021\/12\/ped.jpg\",\"contentUrl\":\"https:\/\/www.sonoraenequipo.com.mx\/storage\/2021\/12\/ped.jpg\",\"width\":700,\"height\":400},{\"@type\":\"BreadcrumbList\",\"@id\":\"https:\/\/www.sonoraenequipo.com.mx\/tenemos-que-hacer-planeacion-con-vision-de-largo-plazo-gobernador-durazo\/#breadcrumb\",\"itemListElement\":[{\"@type\":\"ListItem\",\"position\":1,\"name\":\"Portada\",\"item\":\"https:\/\/www.sonoraenequipo.com.mx\/\"},{\"@type\":\"ListItem\",\"position\":2,\"name\":\"Tenemos que hacer planeaci\u00f3n con visi\u00f3n de largo plazo: gobernador Durazo\"}]},{\"@type\":\"WebSite\",\"@id\":\"https:\/\/www.sonoraenequipo.com.mx\/#website\",\"url\":\"https:\/\/www.sonoraenequipo.com.mx\/\",\"name\":\"Sonora en Equipo.\",\"description\":\"Diario en l\u00ednea con Noticias desde Hermosillo, Sonora\",\"publisher\":{\"@id\":\"https:\/\/www.sonoraenequipo.com.mx\/#organization\"},\"potentialAction\":[{\"@type\":\"SearchAction\",\"target\":{\"@type\":\"EntryPoint\",\"urlTemplate\":\"https:\/\/www.sonoraenequipo.com.mx\/?s={search_term_string}\"},\"query-input\":{\"@type\":\"PropertyValueSpecification\",\"valueRequired\":true,\"valueName\":\"search_term_string\"}}],\"inLanguage\":\"es\"},{\"@type\":\"Organization\",\"@id\":\"https:\/\/www.sonoraenequipo.com.mx\/#organization\",\"name\":\"Sonoraenequipo.com.mx\",\"url\":\"https:\/\/www.sonoraenequipo.com.mx\/\",\"logo\":{\"@type\":\"ImageObject\",\"inLanguage\":\"es\",\"@id\":\"https:\/\/www.sonoraenequipo.com.mx\/#\/schema\/logo\/image\/\",\"url\":\"https:\/\/www.sonoraenequipo.com.mx\/storage\/2019\/01\/sonoraenequipo_opt.png\",\"contentUrl\":\"https:\/\/www.sonoraenequipo.com.mx\/storage\/2019\/01\/sonoraenequipo_opt.png\",\"width\":375,\"height\":125,\"caption\":\"Sonoraenequipo.com.mx\"},\"image\":{\"@id\":\"https:\/\/www.sonoraenequipo.com.mx\/#\/schema\/logo\/image\/\"},\"sameAs\":[\"https:\/\/www.facebook.com\/SonoraEE\/\",\"https:\/\/x.com\/sonoraenequipo\",\"https:\/\/www.youtube.com\/channel\/UC338nW-lPEYmJQs4ZABQ1SQ\"]},{\"@type\":\"Person\",\"@id\":\"https:\/\/www.sonoraenequipo.com.mx\/#\/schema\/person\/50102df0fb23a8fa9e8effad8fa81386\",\"name\":\"enequipo\",\"image\":{\"@type\":\"ImageObject\",\"inLanguage\":\"es\",\"@id\":\"https:\/\/www.sonoraenequipo.com.mx\/#\/schema\/person\/image\/\",\"url\":\"https:\/\/secure.gravatar.com\/avatar\/049821681b589dabc0bc20695993ccebb09f5b5d4d790cd9251b97faac7c652b?s=96&d=blank&r=g\",\"contentUrl\":\"https:\/\/secure.gravatar.com\/avatar\/049821681b589dabc0bc20695993ccebb09f5b5d4d790cd9251b97faac7c652b?s=96&d=blank&r=g\",\"caption\":\"enequipo\"},\"sameAs\":[\"https:\/\/www.facebook.com\/SonoraEE\"]}]}<\/script>\n ","yoast_head_json":{"title":"Sonora en Equipo. Tenemos que hacer planeaci\u00f3n con visi\u00f3n de largo plazo: gobernador Durazo Sonora","description":"HERMOSILLO, SONORA,MX.\u2500\u2500 Tras haber concluido un proceso de consulta hist\u00f3rica para el enriquecimiento y conformaci\u00f3n del Plan Estatal de Desarrollo En Sonora en Equipo publicamos toda la informaci\u00f3n de Sonora, M\u00e9xico y el Mundo de manera oportuna y busca que la libertad de expresi\u00f3n sea real. Visita nuestro medio informativo publicado desde Hermosillo, Sonora. %","robots":{"index":"index","follow":"follow","max-snippet":"max-snippet:-1","max-image-preview":"max-image-preview:large","max-video-preview":"max-video-preview:-1"},"canonical":"https:\/\/www.sonoraenequipo.com.mx\/tenemos-que-hacer-planeacion-con-vision-de-largo-plazo-gobernador-durazo\/","og_locale":"es_ES","og_type":"article","og_title":"Sonora en Equipo. Tenemos que hacer planeaci\u00f3n con visi\u00f3n de largo plazo: gobernador Durazo Sonora","og_description":"HERMOSILLO, SONORA,MX.\u2500\u2500 Tras haber concluido un proceso de consulta hist\u00f3rica para el enriquecimiento y conformaci\u00f3n del Plan Estatal de Desarrollo En Sonora en Equipo publicamos toda la informaci\u00f3n de Sonora, M\u00e9xico y el Mundo de manera oportuna y busca que la libertad de expresi\u00f3n sea real. Visita nuestro medio informativo publicado desde Hermosillo, Sonora. %","og_url":"https:\/\/www.sonoraenequipo.com.mx\/tenemos-que-hacer-planeacion-con-vision-de-largo-plazo-gobernador-durazo\/","og_site_name":"Sonora en Equipo.","article_publisher":"https:\/\/www.facebook.com\/SonoraEE\/","article_author":"https:\/\/www.facebook.com\/SonoraEE","article_published_time":"2021-12-14T03:49:55+00:00","article_modified_time":"2021-12-14T15:19:12+00:00","og_image":[{"width":700,"height":400,"url":"https:\/\/www.sonoraenequipo.com.mx\/storage\/2021\/12\/ped.jpg","type":"image\/jpeg"}],"author":"enequipo","twitter_card":"summary_large_image","twitter_creator":"@sonoraenequipo","twitter_site":"@sonoraenequipo","twitter_misc":{"Escrito por":"enequipo","Tiempo de lectura":"4 minutos"},"schema":{"@context":"https:\/\/schema.org","@graph":[{"@type":"Article","@id":"https:\/\/www.sonoraenequipo.com.mx\/tenemos-que-hacer-planeacion-con-vision-de-largo-plazo-gobernador-durazo\/#article","isPartOf":{"@id":"https:\/\/www.sonoraenequipo.com.mx\/tenemos-que-hacer-planeacion-con-vision-de-largo-plazo-gobernador-durazo\/"},"author":{"name":"enequipo","@id":"https:\/\/www.sonoraenequipo.com.mx\/#\/schema\/person\/50102df0fb23a8fa9e8effad8fa81386"},"headline":"Tenemos que hacer planeaci\u00f3n con visi\u00f3n de largo plazo: gobernador Durazo","datePublished":"2021-12-14T03:49:55+00:00","dateModified":"2021-12-14T15:19:12+00:00","mainEntityOfPage":{"@id":"https:\/\/www.sonoraenequipo.com.mx\/tenemos-que-hacer-planeacion-con-vision-de-largo-plazo-gobernador-durazo\/"},"wordCount":797,"commentCount":0,"publisher":{"@id":"https:\/\/www.sonoraenequipo.com.mx\/#organization"},"image":{"@id":"https:\/\/www.sonoraenequipo.com.mx\/tenemos-que-hacer-planeacion-con-vision-de-largo-plazo-gobernador-durazo\/#primaryimage"},"thumbnailUrl":"https:\/\/www.sonoraenequipo.com.mx\/storage\/2021\/12\/ped.jpg","articleSection":["Sonora"],"inLanguage":"es","potentialAction":[{"@type":"CommentAction","name":"Comment","target":["https:\/\/www.sonoraenequipo.com.mx\/tenemos-que-hacer-planeacion-con-vision-de-largo-plazo-gobernador-durazo\/#respond"]}]},{"@type":"WebPage","@id":"https:\/\/www.sonoraenequipo.com.mx\/tenemos-que-hacer-planeacion-con-vision-de-largo-plazo-gobernador-durazo\/","url":"https:\/\/www.sonoraenequipo.com.mx\/tenemos-que-hacer-planeacion-con-vision-de-largo-plazo-gobernador-durazo\/","name":"Sonora en Equipo. Tenemos que hacer planeaci\u00f3n con visi\u00f3n de largo plazo: gobernador Durazo Sonora","isPartOf":{"@id":"https:\/\/www.sonoraenequipo.com.mx\/#website"},"primaryImageOfPage":{"@id":"https:\/\/www.sonoraenequipo.com.mx\/tenemos-que-hacer-planeacion-con-vision-de-largo-plazo-gobernador-durazo\/#primaryimage"},"image":{"@id":"https:\/\/www.sonoraenequipo.com.mx\/tenemos-que-hacer-planeacion-con-vision-de-largo-plazo-gobernador-durazo\/#primaryimage"},"thumbnailUrl":"https:\/\/www.sonoraenequipo.com.mx\/storage\/2021\/12\/ped.jpg","datePublished":"2021-12-14T03:49:55+00:00","dateModified":"2021-12-14T15:19:12+00:00","description":"HERMOSILLO, SONORA,MX.\u2500\u2500 Tras haber concluido un proceso de consulta hist\u00f3rica para el enriquecimiento y conformaci\u00f3n del Plan Estatal de Desarrollo En Sonora en Equipo publicamos toda la informaci\u00f3n de Sonora, M\u00e9xico y el Mundo de manera oportuna y busca que la libertad de expresi\u00f3n sea real. Visita nuestro medio informativo publicado desde Hermosillo, Sonora. %","breadcrumb":{"@id":"https:\/\/www.sonoraenequipo.com.mx\/tenemos-que-hacer-planeacion-con-vision-de-largo-plazo-gobernador-durazo\/#breadcrumb"},"inLanguage":"es","potentialAction":[{"@type":"ReadAction","target":["https:\/\/www.sonoraenequipo.com.mx\/tenemos-que-hacer-planeacion-con-vision-de-largo-plazo-gobernador-durazo\/"]}]},{"@type":"ImageObject","inLanguage":"es","@id":"https:\/\/www.sonoraenequipo.com.mx\/tenemos-que-hacer-planeacion-con-vision-de-largo-plazo-gobernador-durazo\/#primaryimage","url":"https:\/\/www.sonoraenequipo.com.mx\/storage\/2021\/12\/ped.jpg","contentUrl":"https:\/\/www.sonoraenequipo.com.mx\/storage\/2021\/12\/ped.jpg","width":700,"height":400},{"@type":"BreadcrumbList","@id":"https:\/\/www.sonoraenequipo.com.mx\/tenemos-que-hacer-planeacion-con-vision-de-largo-plazo-gobernador-durazo\/#breadcrumb","itemListElement":[{"@type":"ListItem","position":1,"name":"Portada","item":"https:\/\/www.sonoraenequipo.com.mx\/"},{"@type":"ListItem","position":2,"name":"Tenemos que hacer planeaci\u00f3n con visi\u00f3n de largo plazo: gobernador Durazo"}]},{"@type":"WebSite","@id":"https:\/\/www.sonoraenequipo.com.mx\/#website","url":"https:\/\/www.sonoraenequipo.com.mx\/","name":"Sonora en Equipo.","description":"Diario en l\u00ednea con Noticias desde Hermosillo, Sonora","publisher":{"@id":"https:\/\/www.sonoraenequipo.com.mx\/#organization"},"potentialAction":[{"@type":"SearchAction","target":{"@type":"EntryPoint","urlTemplate":"https:\/\/www.sonoraenequipo.com.mx\/?s={search_term_string}"},"query-input":{"@type":"PropertyValueSpecification","valueRequired":true,"valueName":"search_term_string"}}],"inLanguage":"es"},{"@type":"Organization","@id":"https:\/\/www.sonoraenequipo.com.mx\/#organization","name":"Sonoraenequipo.com.mx","url":"https:\/\/www.sonoraenequipo.com.mx\/","logo":{"@type":"ImageObject","inLanguage":"es","@id":"https:\/\/www.sonoraenequipo.com.mx\/#\/schema\/logo\/image\/","url":"https:\/\/www.sonoraenequipo.com.mx\/storage\/2019\/01\/sonoraenequipo_opt.png","contentUrl":"https:\/\/www.sonoraenequipo.com.mx\/storage\/2019\/01\/sonoraenequipo_opt.png","width":375,"height":125,"caption":"Sonoraenequipo.com.mx"},"image":{"@id":"https:\/\/www.sonoraenequipo.com.mx\/#\/schema\/logo\/image\/"},"sameAs":["https:\/\/www.facebook.com\/SonoraEE\/","https:\/\/x.com\/sonoraenequipo","https:\/\/www.youtube.com\/channel\/UC338nW-lPEYmJQs4ZABQ1SQ"]},{"@type":"Person","@id":"https:\/\/www.sonoraenequipo.com.mx\/#\/schema\/person\/50102df0fb23a8fa9e8effad8fa81386","name":"enequipo","image":{"@type":"ImageObject","inLanguage":"es","@id":"https:\/\/www.sonoraenequipo.com.mx\/#\/schema\/person\/image\/","url":"https:\/\/secure.gravatar.com\/avatar\/049821681b589dabc0bc20695993ccebb09f5b5d4d790cd9251b97faac7c652b?s=96&d=blank&r=g","contentUrl":"https:\/\/secure.gravatar.com\/avatar\/049821681b589dabc0bc20695993ccebb09f5b5d4d790cd9251b97faac7c652b?s=96&d=blank&r=g","caption":"enequipo"},"sameAs":["https:\/\/www.facebook.com\/SonoraEE"]}]}},"jetpack_featured_media_url":"https:\/\/www.sonoraenequipo.com.mx\/storage\/2021\/12\/ped.jpg","_links":{"self":[{"href":"https:\/\/www.sonoraenequipo.com.mx\/api\/wp\/v2\/posts\/129528","targetHints":{"allow":["GET"]}}],"collection":[{"href":"https:\/\/www.sonoraenequipo.com.mx\/api\/wp\/v2\/posts"}],"about":[{"href":"https:\/\/www.sonoraenequipo.com.mx\/api\/wp\/v2\/types\/post"}],"author":[{"embeddable":true,"href":"https:\/\/www.sonoraenequipo.com.mx\/api\/wp\/v2\/users\/1"}],"replies":[{"embeddable":true,"href":"https:\/\/www.sonoraenequipo.com.mx\/api\/wp\/v2\/comments?post=129528"}],"version-history":[{"count":2,"href":"https:\/\/www.sonoraenequipo.com.mx\/api\/wp\/v2\/posts\/129528\/revisions"}],"predecessor-version":[{"id":129531,"href":"https:\/\/www.sonoraenequipo.com.mx\/api\/wp\/v2\/posts\/129528\/revisions\/129531"}],"wp:featuredmedia":[{"embeddable":true,"href":"https:\/\/www.sonoraenequipo.com.mx\/api\/wp\/v2\/media\/129529"}],"wp:attachment":[{"href":"https:\/\/www.sonoraenequipo.com.mx\/api\/wp\/v2\/media?parent=129528"}],"wp:term":[{"taxonomy":"category","embeddable":true,"href":"https:\/\/www.sonoraenequipo.com.mx\/api\/wp\/v2\/categories?post=129528"},{"taxonomy":"post_tag","embeddable":true,"href":"https:\/\/www.sonoraenequipo.com.mx\/api\/wp\/v2\/tags?post=129528"}],"curies":[{"name":"wp","href":"https:\/\/api.w.org\/{rel}","templated":true}]}}