{"id":129532,"date":"2021-12-13T20:11:10","date_gmt":"2021-12-14T03:11:10","guid":{"rendered":"https:\/\/www.sonoraenequipo.com.mx\/?p=129532"},"modified":"2021-12-13T20:11:10","modified_gmt":"2021-12-14T03:11:10","slug":"preve-ine-ampliar-vigencia-de-credenciales-para-garantizar-participacion-en-elecciones-de-2022","status":"publish","type":"post","link":"https:\/\/www.sonoraenequipo.com.mx\/preve-ine-ampliar-vigencia-de-credenciales-para-garantizar-participacion-en-elecciones-de-2022\/","title":{"rendered":"Prev\u00e9 INE ampliar vigencia de credenciales para garantizar participaci\u00f3n en elecciones de 2022"},"content":{"rendered":"<p>CIUDAD DE M\u00c9XICO.\u2500\u2500 La Comisi\u00f3n del Registro Federal de Electores del Instituto Nacional Electoral (INE) aprob\u00f3 que las credenciales para votar que pierdan vigencia el 1\u00b0 de enero de 2022 puedan ser utilizadas durante una eventual jornada de Revocaci\u00f3n de Mandato\u00a0\u00a0\u00a0\u00a0\u00a0\u00a0\u00a0\u00a0\u00a0 -en caso de que sea convocada por petici\u00f3n de la ciudadan\u00eda-, as\u00ed como en las seis elecciones locales ordinarias que se celebrar\u00e1n el pr\u00f3ximo a\u00f1o.<\/p>\n<p>&nbsp;<\/p>\n<p>En sesi\u00f3n extraordinaria, las y los consejeros que integran la Comisi\u00f3n validaron presentar al Consejo General un proyecto de acuerdo que ampli\u00e9 la vigencia de 4.6 millones de credenciales en todo el pa\u00eds, a fin de maximizar los derechos de la ciudadan\u00eda y garantizar su participaci\u00f3n.<\/p>\n<p>&nbsp;<\/p>\n<p>Con ello, 595 mil 675 ciudadanas y ciudadanos cuya credencial pierde vigencia con el inicio del pr\u00f3ximo a\u00f1o, que residan en los estados de Aguascalientes, Durango, Hidalgo, Oaxaca, Quintana Roo y Tamaulipas podr\u00e1n ejercer su derecho al voto durante la jornada comicial que habr\u00e1 de celebrarse el 5 de junio del 2022.<\/p>\n<p>&nbsp;<\/p>\n<p>La ampliaci\u00f3n de vigencia tambi\u00e9n ser\u00e1 efectiva para la jornada de Revocaci\u00f3n de Mandato prevista para el 10 de abril, siempre y cuando se logre el respaldo m\u00ednimo del 3% de la Lista Nominal en 17 entidades del pa\u00eds a m\u00e1s tardar el 25 de diciembre del presente a\u00f1o.<\/p>\n<p>&nbsp;<\/p>\n<p>Al respecto el Presidente de la Comisi\u00f3n, Ciro Murayama, aclar\u00f3 que la vigencia de las credenciales en las cinco entidades con elecciones locales en el 2022 no estar\u00e1 sujeta a la celebraci\u00f3n de la Revocaci\u00f3n de Mandato, por lo que podr\u00e1n ser utilizadas durante la jornada comicial.<\/p>\n<p>&nbsp;<\/p>\n<p>No obstante, el Instituto implementar\u00e1 una campa\u00f1a de difusi\u00f3n e informaci\u00f3n para invitar a la ciudadan\u00eda a renovar las credenciales para votar que pierden vigencia el 1\u00b0 de enero de 2022, aunque se les informar\u00e1 que podr\u00e1n ser utilizadas en la jornada de la Revocaci\u00f3n de Mandato 2022, as\u00ed como en las elecciones ordinarias o, en su caso, extraordinarias que se deriven en el 2022.<\/p>\n<p>Fecha de publicaci\u00f3n lunes\/ 13 \/ diciembre\/ 2021 \/ C S\u00a0 No. 577<\/p>\n<p>&nbsp;<\/p>\n","protected":false},"excerpt":{"rendered":"<p>CIUDAD DE M\u00c9XICO.\u2500\u2500 La Comisi\u00f3n del Registro Federal de Electores del Instituto Nacional Electoral (INE)&#8230;<\/p>\n","protected":false},"author":1,"featured_media":72154,"comment_status":"open","ping_status":"open","sticky":false,"template":"","format":"standard","meta":{"_monsterinsights_skip_tracking":false,"_monsterinsights_sitenote_active":false,"_monsterinsights_sitenote_note":"","_monsterinsights_sitenote_category":0,"footnotes":""},"categories":[5],"tags":[],"class_list":["post"],"yoast_head":" \n<title>Sonora en Equipo. Prev\u00e9 INE ampliar vigencia de credenciales para garantizar participaci\u00f3n en elecciones de 2022 Rep\u00fablica<\/title>\n<meta name=\"description\" content=\"CIUDAD DE M\u00c9XICO.\u2500\u2500 La Comisi\u00f3n del Registro Federal de Electores del Instituto Nacional Electoral (INE) aprob\u00f3 que las credenciales para votar que En Sonora en Equipo publicamos toda la informaci\u00f3n de Sonora, M\u00e9xico y el Mundo de manera oportuna y busca que la libertad de expresi\u00f3n sea real. Visita nuestro medio informativo publicado desde Hermosillo, Sonora. %\" \/>\n<meta name=\"robots\" content=\"index, follow, max-snippet:-1, max-image-preview:large, max-video-preview:-1\" \/>\n<link rel=\"canonical\" href=\"https:\/\/www.sonoraenequipo.com.mx\/preve-ine-ampliar-vigencia-de-credenciales-para-garantizar-participacion-en-elecciones-de-2022\/\" \/>\n<meta property=\"og:locale\" content=\"es_ES\" \/>\n<meta property=\"og:type\" content=\"article\" \/>\n<meta property=\"og:title\" content=\"Sonora en Equipo. Prev\u00e9 INE ampliar vigencia de credenciales para garantizar participaci\u00f3n en elecciones de 2022 Rep\u00fablica\" \/>\n<meta property=\"og:description\" content=\"CIUDAD DE M\u00c9XICO.\u2500\u2500 La Comisi\u00f3n del Registro Federal de Electores del Instituto Nacional Electoral (INE) aprob\u00f3 que las credenciales para votar que En Sonora en Equipo publicamos toda la informaci\u00f3n de Sonora, M\u00e9xico y el Mundo de manera oportuna y busca que la libertad de expresi\u00f3n sea real. Visita nuestro medio informativo publicado desde Hermosillo, Sonora. %\" \/>\n<meta property=\"og:url\" content=\"https:\/\/www.sonoraenequipo.com.mx\/preve-ine-ampliar-vigencia-de-credenciales-para-garantizar-participacion-en-elecciones-de-2022\/\" \/>\n<meta property=\"og:site_name\" content=\"Sonora en Equipo.\" \/>\n<meta property=\"article:publisher\" content=\"https:\/\/www.facebook.com\/SonoraEE\/\" \/>\n<meta property=\"article:author\" content=\"https:\/\/www.facebook.com\/SonoraEE\" \/>\n<meta property=\"article:published_time\" content=\"2021-12-14T03:11:10+00:00\" \/>\n<meta property=\"og:image\" content=\"https:\/\/www.sonoraenequipo.com.mx\/storage\/2019\/11\/credencial-ife_opt.jpg\" \/>\n\t<meta property=\"og:image:width\" content=\"745\" \/>\n\t<meta property=\"og:image:height\" content=\"427\" \/>\n\t<meta property=\"og:image:type\" content=\"image\/jpeg\" \/>\n<meta name=\"author\" content=\"enequipo\" \/>\n<meta name=\"twitter:card\" content=\"summary_large_image\" \/>\n<meta name=\"twitter:creator\" content=\"@sonoraenequipo\" \/>\n<meta name=\"twitter:site\" content=\"@sonoraenequipo\" \/>\n<meta name=\"twitter:label1\" content=\"Escrito por\" \/>\n\t<meta name=\"twitter:data1\" content=\"enequipo\" \/>\n\t<meta name=\"twitter:label2\" content=\"Tiempo de lectura\" \/>\n\t<meta name=\"twitter:data2\" content=\"2 minutos\" \/>\n<script type=\"application\/ld+json\" class=\"yoast-schema-graph\">{\"@context\":\"https:\/\/schema.org\",\"@graph\":[{\"@type\":\"Article\",\"@id\":\"https:\/\/www.sonoraenequipo.com.mx\/preve-ine-ampliar-vigencia-de-credenciales-para-garantizar-participacion-en-elecciones-de-2022\/#article\",\"isPartOf\":{\"@id\":\"https:\/\/www.sonoraenequipo.com.mx\/preve-ine-ampliar-vigencia-de-credenciales-para-garantizar-participacion-en-elecciones-de-2022\/\"},\"author\":{\"name\":\"enequipo\",\"@id\":\"https:\/\/www.sonoraenequipo.com.mx\/#\/schema\/person\/50102df0fb23a8fa9e8effad8fa81386\"},\"headline\":\"Prev\u00e9 INE ampliar vigencia de credenciales para garantizar participaci\u00f3n en elecciones de 2022\",\"datePublished\":\"2021-12-14T03:11:10+00:00\",\"mainEntityOfPage\":{\"@id\":\"https:\/\/www.sonoraenequipo.com.mx\/preve-ine-ampliar-vigencia-de-credenciales-para-garantizar-participacion-en-elecciones-de-2022\/\"},\"wordCount\":370,\"commentCount\":0,\"publisher\":{\"@id\":\"https:\/\/www.sonoraenequipo.com.mx\/#organization\"},\"image\":{\"@id\":\"https:\/\/www.sonoraenequipo.com.mx\/preve-ine-ampliar-vigencia-de-credenciales-para-garantizar-participacion-en-elecciones-de-2022\/#primaryimage\"},\"thumbnailUrl\":\"https:\/\/www.sonoraenequipo.com.mx\/storage\/2019\/11\/credencial-ife_opt.jpg\",\"articleSection\":[\"Rep\u00fablica\"],\"inLanguage\":\"es\",\"potentialAction\":[{\"@type\":\"CommentAction\",\"name\":\"Comment\",\"target\":[\"https:\/\/www.sonoraenequipo.com.mx\/preve-ine-ampliar-vigencia-de-credenciales-para-garantizar-participacion-en-elecciones-de-2022\/#respond\"]}]},{\"@type\":\"WebPage\",\"@id\":\"https:\/\/www.sonoraenequipo.com.mx\/preve-ine-ampliar-vigencia-de-credenciales-para-garantizar-participacion-en-elecciones-de-2022\/\",\"url\":\"https:\/\/www.sonoraenequipo.com.mx\/preve-ine-ampliar-vigencia-de-credenciales-para-garantizar-participacion-en-elecciones-de-2022\/\",\"name\":\"Sonora en Equipo. Prev\u00e9 INE ampliar vigencia de credenciales para garantizar participaci\u00f3n en elecciones de 2022 Rep\u00fablica\",\"isPartOf\":{\"@id\":\"https:\/\/www.sonoraenequipo.com.mx\/#website\"},\"primaryImageOfPage\":{\"@id\":\"https:\/\/www.sonoraenequipo.com.mx\/preve-ine-ampliar-vigencia-de-credenciales-para-garantizar-participacion-en-elecciones-de-2022\/#primaryimage\"},\"image\":{\"@id\":\"https:\/\/www.sonoraenequipo.com.mx\/preve-ine-ampliar-vigencia-de-credenciales-para-garantizar-participacion-en-elecciones-de-2022\/#primaryimage\"},\"thumbnailUrl\":\"https:\/\/www.sonoraenequipo.com.mx\/storage\/2019\/11\/credencial-ife_opt.jpg\",\"datePublished\":\"2021-12-14T03:11:10+00:00\",\"description\":\"CIUDAD DE M\u00c9XICO.\u2500\u2500 La Comisi\u00f3n del Registro Federal de Electores del Instituto Nacional Electoral (INE) aprob\u00f3 que las credenciales para votar que En Sonora en Equipo publicamos toda la informaci\u00f3n de Sonora, M\u00e9xico y el Mundo de manera oportuna y busca que la libertad de expresi\u00f3n sea real. Visita nuestro medio informativo publicado desde Hermosillo, Sonora. %\",\"breadcrumb\":{\"@id\":\"https:\/\/www.sonoraenequipo.com.mx\/preve-ine-ampliar-vigencia-de-credenciales-para-garantizar-participacion-en-elecciones-de-2022\/#breadcrumb\"},\"inLanguage\":\"es\",\"potentialAction\":[{\"@type\":\"ReadAction\",\"target\":[\"https:\/\/www.sonoraenequipo.com.mx\/preve-ine-ampliar-vigencia-de-credenciales-para-garantizar-participacion-en-elecciones-de-2022\/\"]}]},{\"@type\":\"ImageObject\",\"inLanguage\":\"es\",\"@id\":\"https:\/\/www.sonoraenequipo.com.mx\/preve-ine-ampliar-vigencia-de-credenciales-para-garantizar-participacion-en-elecciones-de-2022\/#primaryimage\",\"url\":\"https:\/\/www.sonoraenequipo.com.mx\/storage\/2019\/11\/credencial-ife_opt.jpg\",\"contentUrl\":\"https:\/\/www.sonoraenequipo.com.mx\/storage\/2019\/11\/credencial-ife_opt.jpg\",\"width\":745,\"height\":427},{\"@type\":\"BreadcrumbList\",\"@id\":\"https:\/\/www.sonoraenequipo.com.mx\/preve-ine-ampliar-vigencia-de-credenciales-para-garantizar-participacion-en-elecciones-de-2022\/#breadcrumb\",\"itemListElement\":[{\"@type\":\"ListItem\",\"position\":1,\"name\":\"Portada\",\"item\":\"https:\/\/www.sonoraenequipo.com.mx\/\"},{\"@type\":\"ListItem\",\"position\":2,\"name\":\"Prev\u00e9 INE ampliar vigencia de credenciales para garantizar participaci\u00f3n en elecciones de 2022\"}]},{\"@type\":\"WebSite\",\"@id\":\"https:\/\/www.sonoraenequipo.com.mx\/#website\",\"url\":\"https:\/\/www.sonoraenequipo.com.mx\/\",\"name\":\"Sonora en Equipo.\",\"description\":\"Diario en l\u00ednea con Noticias desde Hermosillo, Sonora\",\"publisher\":{\"@id\":\"https:\/\/www.sonoraenequipo.com.mx\/#organization\"},\"potentialAction\":[{\"@type\":\"SearchAction\",\"target\":{\"@type\":\"EntryPoint\",\"urlTemplate\":\"https:\/\/www.sonoraenequipo.com.mx\/?s={search_term_string}\"},\"query-input\":{\"@type\":\"PropertyValueSpecification\",\"valueRequired\":true,\"valueName\":\"search_term_string\"}}],\"inLanguage\":\"es\"},{\"@type\":\"Organization\",\"@id\":\"https:\/\/www.sonoraenequipo.com.mx\/#organization\",\"name\":\"Sonoraenequipo.com.mx\",\"url\":\"https:\/\/www.sonoraenequipo.com.mx\/\",\"logo\":{\"@type\":\"ImageObject\",\"inLanguage\":\"es\",\"@id\":\"https:\/\/www.sonoraenequipo.com.mx\/#\/schema\/logo\/image\/\",\"url\":\"https:\/\/www.sonoraenequipo.com.mx\/storage\/2019\/01\/sonoraenequipo_opt.png\",\"contentUrl\":\"https:\/\/www.sonoraenequipo.com.mx\/storage\/2019\/01\/sonoraenequipo_opt.png\",\"width\":375,\"height\":125,\"caption\":\"Sonoraenequipo.com.mx\"},\"image\":{\"@id\":\"https:\/\/www.sonoraenequipo.com.mx\/#\/schema\/logo\/image\/\"},\"sameAs\":[\"https:\/\/www.facebook.com\/SonoraEE\/\",\"https:\/\/x.com\/sonoraenequipo\",\"https:\/\/www.youtube.com\/channel\/UC338nW-lPEYmJQs4ZABQ1SQ\"]},{\"@type\":\"Person\",\"@id\":\"https:\/\/www.sonoraenequipo.com.mx\/#\/schema\/person\/50102df0fb23a8fa9e8effad8fa81386\",\"name\":\"enequipo\",\"image\":{\"@type\":\"ImageObject\",\"inLanguage\":\"es\",\"@id\":\"https:\/\/www.sonoraenequipo.com.mx\/#\/schema\/person\/image\/\",\"url\":\"https:\/\/secure.gravatar.com\/avatar\/049821681b589dabc0bc20695993ccebb09f5b5d4d790cd9251b97faac7c652b?s=96&d=blank&r=g\",\"contentUrl\":\"https:\/\/secure.gravatar.com\/avatar\/049821681b589dabc0bc20695993ccebb09f5b5d4d790cd9251b97faac7c652b?s=96&d=blank&r=g\",\"caption\":\"enequipo\"},\"sameAs\":[\"https:\/\/www.facebook.com\/SonoraEE\"]}]}<\/script>\n ","yoast_head_json":{"title":"Sonora en Equipo. Prev\u00e9 INE ampliar vigencia de credenciales para garantizar participaci\u00f3n en elecciones de 2022 Rep\u00fablica","description":"CIUDAD DE M\u00c9XICO.\u2500\u2500 La Comisi\u00f3n del Registro Federal de Electores del Instituto Nacional Electoral (INE) aprob\u00f3 que las credenciales para votar que En Sonora en Equipo publicamos toda la informaci\u00f3n de Sonora, M\u00e9xico y el Mundo de manera oportuna y busca que la libertad de expresi\u00f3n sea real. Visita nuestro medio informativo publicado desde Hermosillo, Sonora. %","robots":{"index":"index","follow":"follow","max-snippet":"max-snippet:-1","max-image-preview":"max-image-preview:large","max-video-preview":"max-video-preview:-1"},"canonical":"https:\/\/www.sonoraenequipo.com.mx\/preve-ine-ampliar-vigencia-de-credenciales-para-garantizar-participacion-en-elecciones-de-2022\/","og_locale":"es_ES","og_type":"article","og_title":"Sonora en Equipo. Prev\u00e9 INE ampliar vigencia de credenciales para garantizar participaci\u00f3n en elecciones de 2022 Rep\u00fablica","og_description":"CIUDAD DE M\u00c9XICO.\u2500\u2500 La Comisi\u00f3n del Registro Federal de Electores del Instituto Nacional Electoral (INE) aprob\u00f3 que las credenciales para votar que En Sonora en Equipo publicamos toda la informaci\u00f3n de Sonora, M\u00e9xico y el Mundo de manera oportuna y busca que la libertad de expresi\u00f3n sea real. Visita nuestro medio informativo publicado desde Hermosillo, Sonora. %","og_url":"https:\/\/www.sonoraenequipo.com.mx\/preve-ine-ampliar-vigencia-de-credenciales-para-garantizar-participacion-en-elecciones-de-2022\/","og_site_name":"Sonora en Equipo.","article_publisher":"https:\/\/www.facebook.com\/SonoraEE\/","article_author":"https:\/\/www.facebook.com\/SonoraEE","article_published_time":"2021-12-14T03:11:10+00:00","og_image":[{"width":745,"height":427,"url":"https:\/\/www.sonoraenequipo.com.mx\/storage\/2019\/11\/credencial-ife_opt.jpg","type":"image\/jpeg"}],"author":"enequipo","twitter_card":"summary_large_image","twitter_creator":"@sonoraenequipo","twitter_site":"@sonoraenequipo","twitter_misc":{"Escrito por":"enequipo","Tiempo de lectura":"2 minutos"},"schema":{"@context":"https:\/\/schema.org","@graph":[{"@type":"Article","@id":"https:\/\/www.sonoraenequipo.com.mx\/preve-ine-ampliar-vigencia-de-credenciales-para-garantizar-participacion-en-elecciones-de-2022\/#article","isPartOf":{"@id":"https:\/\/www.sonoraenequipo.com.mx\/preve-ine-ampliar-vigencia-de-credenciales-para-garantizar-participacion-en-elecciones-de-2022\/"},"author":{"name":"enequipo","@id":"https:\/\/www.sonoraenequipo.com.mx\/#\/schema\/person\/50102df0fb23a8fa9e8effad8fa81386"},"headline":"Prev\u00e9 INE ampliar vigencia de credenciales para garantizar participaci\u00f3n en elecciones de 2022","datePublished":"2021-12-14T03:11:10+00:00","mainEntityOfPage":{"@id":"https:\/\/www.sonoraenequipo.com.mx\/preve-ine-ampliar-vigencia-de-credenciales-para-garantizar-participacion-en-elecciones-de-2022\/"},"wordCount":370,"commentCount":0,"publisher":{"@id":"https:\/\/www.sonoraenequipo.com.mx\/#organization"},"image":{"@id":"https:\/\/www.sonoraenequipo.com.mx\/preve-ine-ampliar-vigencia-de-credenciales-para-garantizar-participacion-en-elecciones-de-2022\/#primaryimage"},"thumbnailUrl":"https:\/\/www.sonoraenequipo.com.mx\/storage\/2019\/11\/credencial-ife_opt.jpg","articleSection":["Rep\u00fablica"],"inLanguage":"es","potentialAction":[{"@type":"CommentAction","name":"Comment","target":["https:\/\/www.sonoraenequipo.com.mx\/preve-ine-ampliar-vigencia-de-credenciales-para-garantizar-participacion-en-elecciones-de-2022\/#respond"]}]},{"@type":"WebPage","@id":"https:\/\/www.sonoraenequipo.com.mx\/preve-ine-ampliar-vigencia-de-credenciales-para-garantizar-participacion-en-elecciones-de-2022\/","url":"https:\/\/www.sonoraenequipo.com.mx\/preve-ine-ampliar-vigencia-de-credenciales-para-garantizar-participacion-en-elecciones-de-2022\/","name":"Sonora en Equipo. Prev\u00e9 INE ampliar vigencia de credenciales para garantizar participaci\u00f3n en elecciones de 2022 Rep\u00fablica","isPartOf":{"@id":"https:\/\/www.sonoraenequipo.com.mx\/#website"},"primaryImageOfPage":{"@id":"https:\/\/www.sonoraenequipo.com.mx\/preve-ine-ampliar-vigencia-de-credenciales-para-garantizar-participacion-en-elecciones-de-2022\/#primaryimage"},"image":{"@id":"https:\/\/www.sonoraenequipo.com.mx\/preve-ine-ampliar-vigencia-de-credenciales-para-garantizar-participacion-en-elecciones-de-2022\/#primaryimage"},"thumbnailUrl":"https:\/\/www.sonoraenequipo.com.mx\/storage\/2019\/11\/credencial-ife_opt.jpg","datePublished":"2021-12-14T03:11:10+00:00","description":"CIUDAD DE M\u00c9XICO.\u2500\u2500 La Comisi\u00f3n del Registro Federal de Electores del Instituto Nacional Electoral (INE) aprob\u00f3 que las credenciales para votar que En Sonora en Equipo publicamos toda la informaci\u00f3n de Sonora, M\u00e9xico y el Mundo de manera oportuna y busca que la libertad de expresi\u00f3n sea real. Visita nuestro medio informativo publicado desde Hermosillo, Sonora. %","breadcrumb":{"@id":"https:\/\/www.sonoraenequipo.com.mx\/preve-ine-ampliar-vigencia-de-credenciales-para-garantizar-participacion-en-elecciones-de-2022\/#breadcrumb"},"inLanguage":"es","potentialAction":[{"@type":"ReadAction","target":["https:\/\/www.sonoraenequipo.com.mx\/preve-ine-ampliar-vigencia-de-credenciales-para-garantizar-participacion-en-elecciones-de-2022\/"]}]},{"@type":"ImageObject","inLanguage":"es","@id":"https:\/\/www.sonoraenequipo.com.mx\/preve-ine-ampliar-vigencia-de-credenciales-para-garantizar-participacion-en-elecciones-de-2022\/#primaryimage","url":"https:\/\/www.sonoraenequipo.com.mx\/storage\/2019\/11\/credencial-ife_opt.jpg","contentUrl":"https:\/\/www.sonoraenequipo.com.mx\/storage\/2019\/11\/credencial-ife_opt.jpg","width":745,"height":427},{"@type":"BreadcrumbList","@id":"https:\/\/www.sonoraenequipo.com.mx\/preve-ine-ampliar-vigencia-de-credenciales-para-garantizar-participacion-en-elecciones-de-2022\/#breadcrumb","itemListElement":[{"@type":"ListItem","position":1,"name":"Portada","item":"https:\/\/www.sonoraenequipo.com.mx\/"},{"@type":"ListItem","position":2,"name":"Prev\u00e9 INE ampliar vigencia de credenciales para garantizar participaci\u00f3n en elecciones de 2022"}]},{"@type":"WebSite","@id":"https:\/\/www.sonoraenequipo.com.mx\/#website","url":"https:\/\/www.sonoraenequipo.com.mx\/","name":"Sonora en Equipo.","description":"Diario en l\u00ednea con Noticias desde Hermosillo, Sonora","publisher":{"@id":"https:\/\/www.sonoraenequipo.com.mx\/#organization"},"potentialAction":[{"@type":"SearchAction","target":{"@type":"EntryPoint","urlTemplate":"https:\/\/www.sonoraenequipo.com.mx\/?s={search_term_string}"},"query-input":{"@type":"PropertyValueSpecification","valueRequired":true,"valueName":"search_term_string"}}],"inLanguage":"es"},{"@type":"Organization","@id":"https:\/\/www.sonoraenequipo.com.mx\/#organization","name":"Sonoraenequipo.com.mx","url":"https:\/\/www.sonoraenequipo.com.mx\/","logo":{"@type":"ImageObject","inLanguage":"es","@id":"https:\/\/www.sonoraenequipo.com.mx\/#\/schema\/logo\/image\/","url":"https:\/\/www.sonoraenequipo.com.mx\/storage\/2019\/01\/sonoraenequipo_opt.png","contentUrl":"https:\/\/www.sonoraenequipo.com.mx\/storage\/2019\/01\/sonoraenequipo_opt.png","width":375,"height":125,"caption":"Sonoraenequipo.com.mx"},"image":{"@id":"https:\/\/www.sonoraenequipo.com.mx\/#\/schema\/logo\/image\/"},"sameAs":["https:\/\/www.facebook.com\/SonoraEE\/","https:\/\/x.com\/sonoraenequipo","https:\/\/www.youtube.com\/channel\/UC338nW-lPEYmJQs4ZABQ1SQ"]},{"@type":"Person","@id":"https:\/\/www.sonoraenequipo.com.mx\/#\/schema\/person\/50102df0fb23a8fa9e8effad8fa81386","name":"enequipo","image":{"@type":"ImageObject","inLanguage":"es","@id":"https:\/\/www.sonoraenequipo.com.mx\/#\/schema\/person\/image\/","url":"https:\/\/secure.gravatar.com\/avatar\/049821681b589dabc0bc20695993ccebb09f5b5d4d790cd9251b97faac7c652b?s=96&d=blank&r=g","contentUrl":"https:\/\/secure.gravatar.com\/avatar\/049821681b589dabc0bc20695993ccebb09f5b5d4d790cd9251b97faac7c652b?s=96&d=blank&r=g","caption":"enequipo"},"sameAs":["https:\/\/www.facebook.com\/SonoraEE"]}]}},"jetpack_featured_media_url":"https:\/\/www.sonoraenequipo.com.mx\/storage\/2019\/11\/credencial-ife_opt.jpg","_links":{"self":[{"href":"https:\/\/www.sonoraenequipo.com.mx\/api\/wp\/v2\/posts\/129532","targetHints":{"allow":["GET"]}}],"collection":[{"href":"https:\/\/www.sonoraenequipo.com.mx\/api\/wp\/v2\/posts"}],"about":[{"href":"https:\/\/www.sonoraenequipo.com.mx\/api\/wp\/v2\/types\/post"}],"author":[{"embeddable":true,"href":"https:\/\/www.sonoraenequipo.com.mx\/api\/wp\/v2\/users\/1"}],"replies":[{"embeddable":true,"href":"https:\/\/www.sonoraenequipo.com.mx\/api\/wp\/v2\/comments?post=129532"}],"version-history":[{"count":1,"href":"https:\/\/www.sonoraenequipo.com.mx\/api\/wp\/v2\/posts\/129532\/revisions"}],"predecessor-version":[{"id":129533,"href":"https:\/\/www.sonoraenequipo.com.mx\/api\/wp\/v2\/posts\/129532\/revisions\/129533"}],"wp:featuredmedia":[{"embeddable":true,"href":"https:\/\/www.sonoraenequipo.com.mx\/api\/wp\/v2\/media\/72154"}],"wp:attachment":[{"href":"https:\/\/www.sonoraenequipo.com.mx\/api\/wp\/v2\/media?parent=129532"}],"wp:term":[{"taxonomy":"category","embeddable":true,"href":"https:\/\/www.sonoraenequipo.com.mx\/api\/wp\/v2\/categories?post=129532"},{"taxonomy":"post_tag","embeddable":true,"href":"https:\/\/www.sonoraenequipo.com.mx\/api\/wp\/v2\/tags?post=129532"}],"curies":[{"name":"wp","href":"https:\/\/api.w.org\/{rel}","templated":true}]}}