{"id":129534,"date":"2021-12-13T21:39:03","date_gmt":"2021-12-14T04:39:03","guid":{"rendered":"https:\/\/www.sonoraenequipo.com.mx\/?p=129534"},"modified":"2021-12-14T08:20:12","modified_gmt":"2021-12-14T15:20:12","slug":"promueve-aimmgm-sonora-formacion-integral-de-jovenes-estudiantes","status":"publish","type":"post","link":"https:\/\/www.sonoraenequipo.com.mx\/promueve-aimmgm-sonora-formacion-integral-de-jovenes-estudiantes\/","title":{"rendered":"Promueve AIMMGM Sonora formaci\u00f3n integral de j\u00f3venes estudiantes"},"content":{"rendered":"<p>HERMOSILLO, SONORA,MX.\u2500\u2500 Impulsar la conectividad y las habilidades de comunicaci\u00f3n, adem\u00e1s de reforzar los conocimientos acad\u00e9micos, es de suma importancia en la formaci\u00f3n de las y los estudiantes universitarios, quienes se integrar\u00e1n al mundo laboral minero, resalt\u00f3 el Dr. Sergio Alan Moreno Zazueta.<\/p>\n<p>&nbsp;<\/p>\n<p>En la exposici\u00f3n \u00bfQu\u00e9 ha cambiado en la industria?, durante la reuni\u00f3n mensual del Comit\u00e9 Estudiantil de la Asociaci\u00f3n de Ingenieros en Minas, Metalurgistas y Ge\u00f3logos de M\u00e9xico (AIMMGM) Distrito Sonora, el acad\u00e9mico universitario, galardonado en el 2019 con el Premio Nacional de Educaci\u00f3n en las Ciencias de la Tierra y autor de libros, exhort\u00f3 a los participantes de la sesi\u00f3n virtual a adaptarse a los tiempos actuales.<\/p>\n<p>&nbsp;<\/p>\n<p>Ante la presencia de Brayan Romero Encinas, presidente del Comit\u00e9 Estudiantil de la AIMMGM Distrito Sonora, Moreno Zazueta expuso los requerimientos que actualmente la industria est\u00e1 solicitando de los egresados de carreras relacionadas con las Ciencias de la Tierra.<\/p>\n<p>&nbsp;<\/p>\n<p>\u201c\u00bfQu\u00e9 es lo que ha cambiado en la industria? industria minera, la globalizaci\u00f3n, definitivamente no podemos hablar de una separaci\u00f3n o que somos un pa\u00eds aislado, lo que hagamos y dejemos de hacer es producto de esta globalizaci\u00f3n; han cambiado las relaciones interpersonales, no solo en la industria, en todas las actividades. Han tomado mayor relevancia lo que es el impacto social y ambiental de las actividades mineras\u201d, subray\u00f3.<\/p>\n<p>&nbsp;<\/p>\n<p>Moreno Zazueta en su amplia trayectoria en el \u00e1mbito minero y como acad\u00e9mico de la Universidad de Sonora, explic\u00f3 que en los tiempos actuales los egresados adem\u00e1s de sus conocimientos deben saber adaptarse, contar con habilidades de comunicaci\u00f3n, argumentaci\u00f3n, lograr un liderazgo efectivo y tener empat\u00eda afectiva.<\/p>\n<p>&nbsp;<\/p>\n<p>En ese sentido, Romero Encinas destac\u00f3 que, para Ram\u00f3n Luna Espinoza, presidente de la AIMMGM Distrito Sonora es fundamental que los j\u00f3venes se preparen constantemente de manera integral, lo que ser\u00e1n las bases para desempe\u00f1arse favorablemente en el \u00e1mbito minero.<\/p>\n<p>Fecha de publicaci\u00f3n lunes\/ 13 \/ diciembre\/ 2021<\/p>\n<p>&nbsp;<\/p>\n","protected":false},"excerpt":{"rendered":"<p>HERMOSILLO, SONORA,MX.\u2500\u2500 Impulsar la conectividad y las habilidades de comunicaci\u00f3n, adem\u00e1s de reforzar los conocimientos&#8230;<\/p>\n","protected":false},"author":1,"featured_media":129535,"comment_status":"open","ping_status":"open","sticky":false,"template":"","format":"standard","meta":{"_monsterinsights_skip_tracking":false,"_monsterinsights_sitenote_active":false,"_monsterinsights_sitenote_note":"","_monsterinsights_sitenote_category":0,"footnotes":""},"categories":[22],"tags":[5501],"class_list":["post"],"yoast_head":" \n<title>Sonora en Equipo. Promueve AIMMGM Sonora formaci\u00f3n integral de j\u00f3venes estudiantes Sonora<\/title>\n<meta name=\"description\" content=\"HERMOSILLO, SONORA,MX.\u2500\u2500 Impulsar la conectividad y las habilidades de comunicaci\u00f3n, adem\u00e1s de reforzar los conocimientos acad\u00e9micos, es de suma En Sonora en Equipo publicamos toda la informaci\u00f3n de Sonora, M\u00e9xico y el Mundo de manera oportuna y busca que la libertad de expresi\u00f3n sea real. Visita nuestro medio informativo publicado desde Hermosillo, Sonora. %\" \/>\n<meta name=\"robots\" content=\"index, follow, max-snippet:-1, max-image-preview:large, max-video-preview:-1\" \/>\n<link rel=\"canonical\" href=\"https:\/\/www.sonoraenequipo.com.mx\/promueve-aimmgm-sonora-formacion-integral-de-jovenes-estudiantes\/\" \/>\n<meta property=\"og:locale\" content=\"es_ES\" \/>\n<meta property=\"og:type\" content=\"article\" \/>\n<meta property=\"og:title\" content=\"Sonora en Equipo. Promueve AIMMGM Sonora formaci\u00f3n integral de j\u00f3venes estudiantes Sonora\" \/>\n<meta property=\"og:description\" content=\"HERMOSILLO, SONORA,MX.\u2500\u2500 Impulsar la conectividad y las habilidades de comunicaci\u00f3n, adem\u00e1s de reforzar los conocimientos acad\u00e9micos, es de suma En Sonora en Equipo publicamos toda la informaci\u00f3n de Sonora, M\u00e9xico y el Mundo de manera oportuna y busca que la libertad de expresi\u00f3n sea real. Visita nuestro medio informativo publicado desde Hermosillo, Sonora. %\" \/>\n<meta property=\"og:url\" content=\"https:\/\/www.sonoraenequipo.com.mx\/promueve-aimmgm-sonora-formacion-integral-de-jovenes-estudiantes\/\" \/>\n<meta property=\"og:site_name\" content=\"Sonora en Equipo.\" \/>\n<meta property=\"article:publisher\" content=\"https:\/\/www.facebook.com\/SonoraEE\/\" \/>\n<meta property=\"article:author\" content=\"https:\/\/www.facebook.com\/SonoraEE\" \/>\n<meta property=\"article:published_time\" content=\"2021-12-14T04:39:03+00:00\" \/>\n<meta property=\"article:modified_time\" content=\"2021-12-14T15:20:12+00:00\" \/>\n<meta property=\"og:image\" content=\"https:\/\/www.sonoraenequipo.com.mx\/storage\/2021\/12\/mineros-1.jpg\" \/>\n\t<meta property=\"og:image:width\" content=\"700\" \/>\n\t<meta property=\"og:image:height\" content=\"400\" \/>\n\t<meta property=\"og:image:type\" content=\"image\/jpeg\" \/>\n<meta name=\"author\" content=\"enequipo\" \/>\n<meta name=\"twitter:card\" content=\"summary_large_image\" \/>\n<meta name=\"twitter:creator\" content=\"@sonoraenequipo\" \/>\n<meta name=\"twitter:site\" content=\"@sonoraenequipo\" \/>\n<meta name=\"twitter:label1\" content=\"Escrito por\" \/>\n\t<meta name=\"twitter:data1\" content=\"enequipo\" \/>\n\t<meta name=\"twitter:label2\" content=\"Tiempo de lectura\" \/>\n\t<meta name=\"twitter:data2\" content=\"2 minutos\" \/>\n<script type=\"application\/ld+json\" class=\"yoast-schema-graph\">{\"@context\":\"https:\/\/schema.org\",\"@graph\":[{\"@type\":\"Article\",\"@id\":\"https:\/\/www.sonoraenequipo.com.mx\/promueve-aimmgm-sonora-formacion-integral-de-jovenes-estudiantes\/#article\",\"isPartOf\":{\"@id\":\"https:\/\/www.sonoraenequipo.com.mx\/promueve-aimmgm-sonora-formacion-integral-de-jovenes-estudiantes\/\"},\"author\":{\"name\":\"enequipo\",\"@id\":\"https:\/\/www.sonoraenequipo.com.mx\/#\/schema\/person\/50102df0fb23a8fa9e8effad8fa81386\"},\"headline\":\"Promueve AIMMGM Sonora formaci\u00f3n integral de j\u00f3venes estudiantes\",\"datePublished\":\"2021-12-14T04:39:03+00:00\",\"dateModified\":\"2021-12-14T15:20:12+00:00\",\"mainEntityOfPage\":{\"@id\":\"https:\/\/www.sonoraenequipo.com.mx\/promueve-aimmgm-sonora-formacion-integral-de-jovenes-estudiantes\/\"},\"wordCount\":354,\"commentCount\":0,\"publisher\":{\"@id\":\"https:\/\/www.sonoraenequipo.com.mx\/#organization\"},\"image\":{\"@id\":\"https:\/\/www.sonoraenequipo.com.mx\/promueve-aimmgm-sonora-formacion-integral-de-jovenes-estudiantes\/#primaryimage\"},\"thumbnailUrl\":\"https:\/\/www.sonoraenequipo.com.mx\/storage\/2021\/12\/mineros-1.jpg\",\"keywords\":[\"MINEROS\"],\"articleSection\":[\"Sonora\"],\"inLanguage\":\"es\",\"potentialAction\":[{\"@type\":\"CommentAction\",\"name\":\"Comment\",\"target\":[\"https:\/\/www.sonoraenequipo.com.mx\/promueve-aimmgm-sonora-formacion-integral-de-jovenes-estudiantes\/#respond\"]}]},{\"@type\":\"WebPage\",\"@id\":\"https:\/\/www.sonoraenequipo.com.mx\/promueve-aimmgm-sonora-formacion-integral-de-jovenes-estudiantes\/\",\"url\":\"https:\/\/www.sonoraenequipo.com.mx\/promueve-aimmgm-sonora-formacion-integral-de-jovenes-estudiantes\/\",\"name\":\"Sonora en Equipo. Promueve AIMMGM Sonora formaci\u00f3n integral de j\u00f3venes estudiantes Sonora\",\"isPartOf\":{\"@id\":\"https:\/\/www.sonoraenequipo.com.mx\/#website\"},\"primaryImageOfPage\":{\"@id\":\"https:\/\/www.sonoraenequipo.com.mx\/promueve-aimmgm-sonora-formacion-integral-de-jovenes-estudiantes\/#primaryimage\"},\"image\":{\"@id\":\"https:\/\/www.sonoraenequipo.com.mx\/promueve-aimmgm-sonora-formacion-integral-de-jovenes-estudiantes\/#primaryimage\"},\"thumbnailUrl\":\"https:\/\/www.sonoraenequipo.com.mx\/storage\/2021\/12\/mineros-1.jpg\",\"datePublished\":\"2021-12-14T04:39:03+00:00\",\"dateModified\":\"2021-12-14T15:20:12+00:00\",\"description\":\"HERMOSILLO, SONORA,MX.\u2500\u2500 Impulsar la conectividad y las habilidades de comunicaci\u00f3n, adem\u00e1s de reforzar los conocimientos acad\u00e9micos, es de suma En Sonora en Equipo publicamos toda la informaci\u00f3n de Sonora, M\u00e9xico y el Mundo de manera oportuna y busca que la libertad de expresi\u00f3n sea real. Visita nuestro medio informativo publicado desde Hermosillo, Sonora. %\",\"breadcrumb\":{\"@id\":\"https:\/\/www.sonoraenequipo.com.mx\/promueve-aimmgm-sonora-formacion-integral-de-jovenes-estudiantes\/#breadcrumb\"},\"inLanguage\":\"es\",\"potentialAction\":[{\"@type\":\"ReadAction\",\"target\":[\"https:\/\/www.sonoraenequipo.com.mx\/promueve-aimmgm-sonora-formacion-integral-de-jovenes-estudiantes\/\"]}]},{\"@type\":\"ImageObject\",\"inLanguage\":\"es\",\"@id\":\"https:\/\/www.sonoraenequipo.com.mx\/promueve-aimmgm-sonora-formacion-integral-de-jovenes-estudiantes\/#primaryimage\",\"url\":\"https:\/\/www.sonoraenequipo.com.mx\/storage\/2021\/12\/mineros-1.jpg\",\"contentUrl\":\"https:\/\/www.sonoraenequipo.com.mx\/storage\/2021\/12\/mineros-1.jpg\",\"width\":700,\"height\":400},{\"@type\":\"BreadcrumbList\",\"@id\":\"https:\/\/www.sonoraenequipo.com.mx\/promueve-aimmgm-sonora-formacion-integral-de-jovenes-estudiantes\/#breadcrumb\",\"itemListElement\":[{\"@type\":\"ListItem\",\"position\":1,\"name\":\"Portada\",\"item\":\"https:\/\/www.sonoraenequipo.com.mx\/\"},{\"@type\":\"ListItem\",\"position\":2,\"name\":\"Promueve AIMMGM Sonora formaci\u00f3n integral de j\u00f3venes estudiantes\"}]},{\"@type\":\"WebSite\",\"@id\":\"https:\/\/www.sonoraenequipo.com.mx\/#website\",\"url\":\"https:\/\/www.sonoraenequipo.com.mx\/\",\"name\":\"Sonora en Equipo.\",\"description\":\"Diario en l\u00ednea con Noticias desde Hermosillo, Sonora\",\"publisher\":{\"@id\":\"https:\/\/www.sonoraenequipo.com.mx\/#organization\"},\"potentialAction\":[{\"@type\":\"SearchAction\",\"target\":{\"@type\":\"EntryPoint\",\"urlTemplate\":\"https:\/\/www.sonoraenequipo.com.mx\/?s={search_term_string}\"},\"query-input\":{\"@type\":\"PropertyValueSpecification\",\"valueRequired\":true,\"valueName\":\"search_term_string\"}}],\"inLanguage\":\"es\"},{\"@type\":\"Organization\",\"@id\":\"https:\/\/www.sonoraenequipo.com.mx\/#organization\",\"name\":\"Sonoraenequipo.com.mx\",\"url\":\"https:\/\/www.sonoraenequipo.com.mx\/\",\"logo\":{\"@type\":\"ImageObject\",\"inLanguage\":\"es\",\"@id\":\"https:\/\/www.sonoraenequipo.com.mx\/#\/schema\/logo\/image\/\",\"url\":\"https:\/\/www.sonoraenequipo.com.mx\/storage\/2019\/01\/sonoraenequipo_opt.png\",\"contentUrl\":\"https:\/\/www.sonoraenequipo.com.mx\/storage\/2019\/01\/sonoraenequipo_opt.png\",\"width\":375,\"height\":125,\"caption\":\"Sonoraenequipo.com.mx\"},\"image\":{\"@id\":\"https:\/\/www.sonoraenequipo.com.mx\/#\/schema\/logo\/image\/\"},\"sameAs\":[\"https:\/\/www.facebook.com\/SonoraEE\/\",\"https:\/\/x.com\/sonoraenequipo\",\"https:\/\/www.youtube.com\/channel\/UC338nW-lPEYmJQs4ZABQ1SQ\"]},{\"@type\":\"Person\",\"@id\":\"https:\/\/www.sonoraenequipo.com.mx\/#\/schema\/person\/50102df0fb23a8fa9e8effad8fa81386\",\"name\":\"enequipo\",\"image\":{\"@type\":\"ImageObject\",\"inLanguage\":\"es\",\"@id\":\"https:\/\/www.sonoraenequipo.com.mx\/#\/schema\/person\/image\/\",\"url\":\"https:\/\/secure.gravatar.com\/avatar\/049821681b589dabc0bc20695993ccebb09f5b5d4d790cd9251b97faac7c652b?s=96&d=blank&r=g\",\"contentUrl\":\"https:\/\/secure.gravatar.com\/avatar\/049821681b589dabc0bc20695993ccebb09f5b5d4d790cd9251b97faac7c652b?s=96&d=blank&r=g\",\"caption\":\"enequipo\"},\"sameAs\":[\"https:\/\/www.facebook.com\/SonoraEE\"]}]}<\/script>\n ","yoast_head_json":{"title":"Sonora en Equipo. Promueve AIMMGM Sonora formaci\u00f3n integral de j\u00f3venes estudiantes Sonora","description":"HERMOSILLO, SONORA,MX.\u2500\u2500 Impulsar la conectividad y las habilidades de comunicaci\u00f3n, adem\u00e1s de reforzar los conocimientos acad\u00e9micos, es de suma En Sonora en Equipo publicamos toda la informaci\u00f3n de Sonora, M\u00e9xico y el Mundo de manera oportuna y busca que la libertad de expresi\u00f3n sea real. Visita nuestro medio informativo publicado desde Hermosillo, Sonora. %","robots":{"index":"index","follow":"follow","max-snippet":"max-snippet:-1","max-image-preview":"max-image-preview:large","max-video-preview":"max-video-preview:-1"},"canonical":"https:\/\/www.sonoraenequipo.com.mx\/promueve-aimmgm-sonora-formacion-integral-de-jovenes-estudiantes\/","og_locale":"es_ES","og_type":"article","og_title":"Sonora en Equipo. Promueve AIMMGM Sonora formaci\u00f3n integral de j\u00f3venes estudiantes Sonora","og_description":"HERMOSILLO, SONORA,MX.\u2500\u2500 Impulsar la conectividad y las habilidades de comunicaci\u00f3n, adem\u00e1s de reforzar los conocimientos acad\u00e9micos, es de suma En Sonora en Equipo publicamos toda la informaci\u00f3n de Sonora, M\u00e9xico y el Mundo de manera oportuna y busca que la libertad de expresi\u00f3n sea real. Visita nuestro medio informativo publicado desde Hermosillo, Sonora. %","og_url":"https:\/\/www.sonoraenequipo.com.mx\/promueve-aimmgm-sonora-formacion-integral-de-jovenes-estudiantes\/","og_site_name":"Sonora en Equipo.","article_publisher":"https:\/\/www.facebook.com\/SonoraEE\/","article_author":"https:\/\/www.facebook.com\/SonoraEE","article_published_time":"2021-12-14T04:39:03+00:00","article_modified_time":"2021-12-14T15:20:12+00:00","og_image":[{"width":700,"height":400,"url":"https:\/\/www.sonoraenequipo.com.mx\/storage\/2021\/12\/mineros-1.jpg","type":"image\/jpeg"}],"author":"enequipo","twitter_card":"summary_large_image","twitter_creator":"@sonoraenequipo","twitter_site":"@sonoraenequipo","twitter_misc":{"Escrito por":"enequipo","Tiempo de lectura":"2 minutos"},"schema":{"@context":"https:\/\/schema.org","@graph":[{"@type":"Article","@id":"https:\/\/www.sonoraenequipo.com.mx\/promueve-aimmgm-sonora-formacion-integral-de-jovenes-estudiantes\/#article","isPartOf":{"@id":"https:\/\/www.sonoraenequipo.com.mx\/promueve-aimmgm-sonora-formacion-integral-de-jovenes-estudiantes\/"},"author":{"name":"enequipo","@id":"https:\/\/www.sonoraenequipo.com.mx\/#\/schema\/person\/50102df0fb23a8fa9e8effad8fa81386"},"headline":"Promueve AIMMGM Sonora formaci\u00f3n integral de j\u00f3venes estudiantes","datePublished":"2021-12-14T04:39:03+00:00","dateModified":"2021-12-14T15:20:12+00:00","mainEntityOfPage":{"@id":"https:\/\/www.sonoraenequipo.com.mx\/promueve-aimmgm-sonora-formacion-integral-de-jovenes-estudiantes\/"},"wordCount":354,"commentCount":0,"publisher":{"@id":"https:\/\/www.sonoraenequipo.com.mx\/#organization"},"image":{"@id":"https:\/\/www.sonoraenequipo.com.mx\/promueve-aimmgm-sonora-formacion-integral-de-jovenes-estudiantes\/#primaryimage"},"thumbnailUrl":"https:\/\/www.sonoraenequipo.com.mx\/storage\/2021\/12\/mineros-1.jpg","keywords":["MINEROS"],"articleSection":["Sonora"],"inLanguage":"es","potentialAction":[{"@type":"CommentAction","name":"Comment","target":["https:\/\/www.sonoraenequipo.com.mx\/promueve-aimmgm-sonora-formacion-integral-de-jovenes-estudiantes\/#respond"]}]},{"@type":"WebPage","@id":"https:\/\/www.sonoraenequipo.com.mx\/promueve-aimmgm-sonora-formacion-integral-de-jovenes-estudiantes\/","url":"https:\/\/www.sonoraenequipo.com.mx\/promueve-aimmgm-sonora-formacion-integral-de-jovenes-estudiantes\/","name":"Sonora en Equipo. Promueve AIMMGM Sonora formaci\u00f3n integral de j\u00f3venes estudiantes Sonora","isPartOf":{"@id":"https:\/\/www.sonoraenequipo.com.mx\/#website"},"primaryImageOfPage":{"@id":"https:\/\/www.sonoraenequipo.com.mx\/promueve-aimmgm-sonora-formacion-integral-de-jovenes-estudiantes\/#primaryimage"},"image":{"@id":"https:\/\/www.sonoraenequipo.com.mx\/promueve-aimmgm-sonora-formacion-integral-de-jovenes-estudiantes\/#primaryimage"},"thumbnailUrl":"https:\/\/www.sonoraenequipo.com.mx\/storage\/2021\/12\/mineros-1.jpg","datePublished":"2021-12-14T04:39:03+00:00","dateModified":"2021-12-14T15:20:12+00:00","description":"HERMOSILLO, SONORA,MX.\u2500\u2500 Impulsar la conectividad y las habilidades de comunicaci\u00f3n, adem\u00e1s de reforzar los conocimientos acad\u00e9micos, es de suma En Sonora en Equipo publicamos toda la informaci\u00f3n de Sonora, M\u00e9xico y el Mundo de manera oportuna y busca que la libertad de expresi\u00f3n sea real. Visita nuestro medio informativo publicado desde Hermosillo, Sonora. %","breadcrumb":{"@id":"https:\/\/www.sonoraenequipo.com.mx\/promueve-aimmgm-sonora-formacion-integral-de-jovenes-estudiantes\/#breadcrumb"},"inLanguage":"es","potentialAction":[{"@type":"ReadAction","target":["https:\/\/www.sonoraenequipo.com.mx\/promueve-aimmgm-sonora-formacion-integral-de-jovenes-estudiantes\/"]}]},{"@type":"ImageObject","inLanguage":"es","@id":"https:\/\/www.sonoraenequipo.com.mx\/promueve-aimmgm-sonora-formacion-integral-de-jovenes-estudiantes\/#primaryimage","url":"https:\/\/www.sonoraenequipo.com.mx\/storage\/2021\/12\/mineros-1.jpg","contentUrl":"https:\/\/www.sonoraenequipo.com.mx\/storage\/2021\/12\/mineros-1.jpg","width":700,"height":400},{"@type":"BreadcrumbList","@id":"https:\/\/www.sonoraenequipo.com.mx\/promueve-aimmgm-sonora-formacion-integral-de-jovenes-estudiantes\/#breadcrumb","itemListElement":[{"@type":"ListItem","position":1,"name":"Portada","item":"https:\/\/www.sonoraenequipo.com.mx\/"},{"@type":"ListItem","position":2,"name":"Promueve AIMMGM Sonora formaci\u00f3n integral de j\u00f3venes estudiantes"}]},{"@type":"WebSite","@id":"https:\/\/www.sonoraenequipo.com.mx\/#website","url":"https:\/\/www.sonoraenequipo.com.mx\/","name":"Sonora en Equipo.","description":"Diario en l\u00ednea con Noticias desde Hermosillo, Sonora","publisher":{"@id":"https:\/\/www.sonoraenequipo.com.mx\/#organization"},"potentialAction":[{"@type":"SearchAction","target":{"@type":"EntryPoint","urlTemplate":"https:\/\/www.sonoraenequipo.com.mx\/?s={search_term_string}"},"query-input":{"@type":"PropertyValueSpecification","valueRequired":true,"valueName":"search_term_string"}}],"inLanguage":"es"},{"@type":"Organization","@id":"https:\/\/www.sonoraenequipo.com.mx\/#organization","name":"Sonoraenequipo.com.mx","url":"https:\/\/www.sonoraenequipo.com.mx\/","logo":{"@type":"ImageObject","inLanguage":"es","@id":"https:\/\/www.sonoraenequipo.com.mx\/#\/schema\/logo\/image\/","url":"https:\/\/www.sonoraenequipo.com.mx\/storage\/2019\/01\/sonoraenequipo_opt.png","contentUrl":"https:\/\/www.sonoraenequipo.com.mx\/storage\/2019\/01\/sonoraenequipo_opt.png","width":375,"height":125,"caption":"Sonoraenequipo.com.mx"},"image":{"@id":"https:\/\/www.sonoraenequipo.com.mx\/#\/schema\/logo\/image\/"},"sameAs":["https:\/\/www.facebook.com\/SonoraEE\/","https:\/\/x.com\/sonoraenequipo","https:\/\/www.youtube.com\/channel\/UC338nW-lPEYmJQs4ZABQ1SQ"]},{"@type":"Person","@id":"https:\/\/www.sonoraenequipo.com.mx\/#\/schema\/person\/50102df0fb23a8fa9e8effad8fa81386","name":"enequipo","image":{"@type":"ImageObject","inLanguage":"es","@id":"https:\/\/www.sonoraenequipo.com.mx\/#\/schema\/person\/image\/","url":"https:\/\/secure.gravatar.com\/avatar\/049821681b589dabc0bc20695993ccebb09f5b5d4d790cd9251b97faac7c652b?s=96&d=blank&r=g","contentUrl":"https:\/\/secure.gravatar.com\/avatar\/049821681b589dabc0bc20695993ccebb09f5b5d4d790cd9251b97faac7c652b?s=96&d=blank&r=g","caption":"enequipo"},"sameAs":["https:\/\/www.facebook.com\/SonoraEE"]}]}},"jetpack_featured_media_url":"https:\/\/www.sonoraenequipo.com.mx\/storage\/2021\/12\/mineros-1.jpg","_links":{"self":[{"href":"https:\/\/www.sonoraenequipo.com.mx\/api\/wp\/v2\/posts\/129534","targetHints":{"allow":["GET"]}}],"collection":[{"href":"https:\/\/www.sonoraenequipo.com.mx\/api\/wp\/v2\/posts"}],"about":[{"href":"https:\/\/www.sonoraenequipo.com.mx\/api\/wp\/v2\/types\/post"}],"author":[{"embeddable":true,"href":"https:\/\/www.sonoraenequipo.com.mx\/api\/wp\/v2\/users\/1"}],"replies":[{"embeddable":true,"href":"https:\/\/www.sonoraenequipo.com.mx\/api\/wp\/v2\/comments?post=129534"}],"version-history":[{"count":1,"href":"https:\/\/www.sonoraenequipo.com.mx\/api\/wp\/v2\/posts\/129534\/revisions"}],"predecessor-version":[{"id":129536,"href":"https:\/\/www.sonoraenequipo.com.mx\/api\/wp\/v2\/posts\/129534\/revisions\/129536"}],"wp:featuredmedia":[{"embeddable":true,"href":"https:\/\/www.sonoraenequipo.com.mx\/api\/wp\/v2\/media\/129535"}],"wp:attachment":[{"href":"https:\/\/www.sonoraenequipo.com.mx\/api\/wp\/v2\/media?parent=129534"}],"wp:term":[{"taxonomy":"category","embeddable":true,"href":"https:\/\/www.sonoraenequipo.com.mx\/api\/wp\/v2\/categories?post=129534"},{"taxonomy":"post_tag","embeddable":true,"href":"https:\/\/www.sonoraenequipo.com.mx\/api\/wp\/v2\/tags?post=129534"}],"curies":[{"name":"wp","href":"https:\/\/api.w.org\/{rel}","templated":true}]}}