{"id":129550,"date":"2021-12-13T22:45:56","date_gmt":"2021-12-14T05:45:56","guid":{"rendered":"https:\/\/www.sonoraenequipo.com.mx\/?p=129550"},"modified":"2021-12-14T09:44:19","modified_gmt":"2021-12-14T16:44:19","slug":"controlan-fuerte-incendio-en-fabrica-de-santa-catarina-nuevo-leon","status":"publish","type":"post","link":"https:\/\/www.sonoraenequipo.com.mx\/controlan-fuerte-incendio-en-fabrica-de-santa-catarina-nuevo-leon\/","title":{"rendered":"Controlan fuerte incendio en f\u00e1brica de Santa Catarina, Nuevo Le\u00f3n"},"content":{"rendered":"<p>MONTERREY, NUEVO LE\u00d3N. MX. \u2014 Los equipos de emergencia controlaron, la tarde del lunes 13 de diciembre de 2021, un fuerte incendio registrado en una f\u00e1brica de pl\u00e1sticos, madera y cart\u00f3n en el Parque Industrial Diamante de Santa Catarina, Nuevo Le\u00f3n.<\/p>\n<p>&nbsp;<\/p>\n<p> <\/p>\n<p>&nbsp;<\/p>\n<p>Alrededor de 15 trabajadores fueron desalojados del inmueble, as\u00ed como 35 familias de la colonia privada San Pedro.<\/p>\n<p>&nbsp;<\/p>\n<p>Hasta el momento no hay reporte de lesionados.<\/p>\n<p>&nbsp;<\/p>\n<p>Se desconoce qu\u00e9 origin\u00f3 el fuego, el cual provoc\u00f3 una enorme columna de humo negro y el colapso del inmueble.<\/p>\n<p>&nbsp;<\/p>\n<p>El alcalde de Santa Catarina, Jes\u00fas Nava Rivera, y el director de Protecci\u00f3n Civil estatal de Santa Catarina, confirmaron que el lugar ya no representa, en estos momentos, un riesgo para las personas cercanas a la f\u00e1brica.<\/p>\n<p>&nbsp;<\/p>\n<p>(Publicada el 13\/12\/2021)<\/p>\n","protected":false},"excerpt":{"rendered":"<p>MONTERREY, NUEVO LE\u00d3N. MX. \u2014 Los equipos de emergencia controlaron, la tarde del lunes 13&#8230;<\/p>\n","protected":false},"author":1,"featured_media":129540,"comment_status":"open","ping_status":"open","sticky":false,"template":"","format":"standard","meta":{"_monsterinsights_skip_tracking":false,"_monsterinsights_sitenote_active":false,"_monsterinsights_sitenote_note":"","_monsterinsights_sitenote_category":0,"footnotes":""},"categories":[5],"tags":[],"class_list":["post"],"yoast_head":" \n<title>Sonora en Equipo. Controlan fuerte incendio en f\u00e1brica de Santa Catarina, Nuevo Le\u00f3n Rep\u00fablica<\/title>\n<meta name=\"description\" content=\"MONTERREY, NUEVO LE\u00d3N. MX. \u2014 Los equipos de emergencia controlaron, la tarde del lunes 13 de diciembre de 2021, un fuerte incendio registrado en una En Sonora en Equipo publicamos toda la informaci\u00f3n de Sonora, M\u00e9xico y el Mundo de manera oportuna y busca que la libertad de expresi\u00f3n sea real. Visita nuestro medio informativo publicado desde Hermosillo, Sonora. %\" \/>\n<meta name=\"robots\" content=\"index, follow, max-snippet:-1, max-image-preview:large, max-video-preview:-1\" \/>\n<link rel=\"canonical\" href=\"https:\/\/www.sonoraenequipo.com.mx\/controlan-fuerte-incendio-en-fabrica-de-santa-catarina-nuevo-leon\/\" \/>\n<meta property=\"og:locale\" content=\"es_ES\" \/>\n<meta property=\"og:type\" content=\"article\" \/>\n<meta property=\"og:title\" content=\"Sonora en Equipo. Controlan fuerte incendio en f\u00e1brica de Santa Catarina, Nuevo Le\u00f3n Rep\u00fablica\" \/>\n<meta property=\"og:description\" content=\"MONTERREY, NUEVO LE\u00d3N. MX. \u2014 Los equipos de emergencia controlaron, la tarde del lunes 13 de diciembre de 2021, un fuerte incendio registrado en una En Sonora en Equipo publicamos toda la informaci\u00f3n de Sonora, M\u00e9xico y el Mundo de manera oportuna y busca que la libertad de expresi\u00f3n sea real. Visita nuestro medio informativo publicado desde Hermosillo, Sonora. %\" \/>\n<meta property=\"og:url\" content=\"https:\/\/www.sonoraenequipo.com.mx\/controlan-fuerte-incendio-en-fabrica-de-santa-catarina-nuevo-leon\/\" \/>\n<meta property=\"og:site_name\" content=\"Sonora en Equipo.\" \/>\n<meta property=\"article:publisher\" content=\"https:\/\/www.facebook.com\/SonoraEE\/\" \/>\n<meta property=\"article:author\" content=\"https:\/\/www.facebook.com\/SonoraEE\" \/>\n<meta property=\"article:published_time\" content=\"2021-12-14T05:45:56+00:00\" \/>\n<meta property=\"article:modified_time\" content=\"2021-12-14T16:44:19+00:00\" \/>\n<meta property=\"og:image\" content=\"https:\/\/www.sonoraenequipo.com.mx\/storage\/2021\/12\/incendio-nl_opt.jpg\" \/>\n\t<meta property=\"og:image:width\" content=\"700\" \/>\n\t<meta property=\"og:image:height\" content=\"400\" \/>\n\t<meta property=\"og:image:type\" content=\"image\/jpeg\" \/>\n<meta name=\"author\" content=\"enequipo\" \/>\n<meta name=\"twitter:card\" content=\"summary_large_image\" \/>\n<meta name=\"twitter:creator\" content=\"@sonoraenequipo\" \/>\n<meta name=\"twitter:site\" content=\"@sonoraenequipo\" \/>\n<meta name=\"twitter:label1\" content=\"Escrito por\" \/>\n\t<meta name=\"twitter:data1\" content=\"enequipo\" \/>\n\t<meta name=\"twitter:label2\" content=\"Tiempo de lectura\" \/>\n\t<meta name=\"twitter:data2\" content=\"1 minuto\" \/>\n<script type=\"application\/ld+json\" class=\"yoast-schema-graph\">{\"@context\":\"https:\/\/schema.org\",\"@graph\":[{\"@type\":\"Article\",\"@id\":\"https:\/\/www.sonoraenequipo.com.mx\/controlan-fuerte-incendio-en-fabrica-de-santa-catarina-nuevo-leon\/#article\",\"isPartOf\":{\"@id\":\"https:\/\/www.sonoraenequipo.com.mx\/controlan-fuerte-incendio-en-fabrica-de-santa-catarina-nuevo-leon\/\"},\"author\":{\"name\":\"enequipo\",\"@id\":\"https:\/\/www.sonoraenequipo.com.mx\/#\/schema\/person\/50102df0fb23a8fa9e8effad8fa81386\"},\"headline\":\"Controlan fuerte incendio en f\u00e1brica de Santa Catarina, Nuevo Le\u00f3n\",\"datePublished\":\"2021-12-14T05:45:56+00:00\",\"dateModified\":\"2021-12-14T16:44:19+00:00\",\"mainEntityOfPage\":{\"@id\":\"https:\/\/www.sonoraenequipo.com.mx\/controlan-fuerte-incendio-en-fabrica-de-santa-catarina-nuevo-leon\/\"},\"wordCount\":147,\"commentCount\":0,\"publisher\":{\"@id\":\"https:\/\/www.sonoraenequipo.com.mx\/#organization\"},\"image\":{\"@id\":\"https:\/\/www.sonoraenequipo.com.mx\/controlan-fuerte-incendio-en-fabrica-de-santa-catarina-nuevo-leon\/#primaryimage\"},\"thumbnailUrl\":\"https:\/\/www.sonoraenequipo.com.mx\/storage\/2021\/12\/incendio-nl_opt.jpg\",\"articleSection\":[\"Rep\u00fablica\"],\"inLanguage\":\"es\",\"potentialAction\":[{\"@type\":\"CommentAction\",\"name\":\"Comment\",\"target\":[\"https:\/\/www.sonoraenequipo.com.mx\/controlan-fuerte-incendio-en-fabrica-de-santa-catarina-nuevo-leon\/#respond\"]}]},{\"@type\":\"WebPage\",\"@id\":\"https:\/\/www.sonoraenequipo.com.mx\/controlan-fuerte-incendio-en-fabrica-de-santa-catarina-nuevo-leon\/\",\"url\":\"https:\/\/www.sonoraenequipo.com.mx\/controlan-fuerte-incendio-en-fabrica-de-santa-catarina-nuevo-leon\/\",\"name\":\"Sonora en Equipo. Controlan fuerte incendio en f\u00e1brica de Santa Catarina, Nuevo Le\u00f3n Rep\u00fablica\",\"isPartOf\":{\"@id\":\"https:\/\/www.sonoraenequipo.com.mx\/#website\"},\"primaryImageOfPage\":{\"@id\":\"https:\/\/www.sonoraenequipo.com.mx\/controlan-fuerte-incendio-en-fabrica-de-santa-catarina-nuevo-leon\/#primaryimage\"},\"image\":{\"@id\":\"https:\/\/www.sonoraenequipo.com.mx\/controlan-fuerte-incendio-en-fabrica-de-santa-catarina-nuevo-leon\/#primaryimage\"},\"thumbnailUrl\":\"https:\/\/www.sonoraenequipo.com.mx\/storage\/2021\/12\/incendio-nl_opt.jpg\",\"datePublished\":\"2021-12-14T05:45:56+00:00\",\"dateModified\":\"2021-12-14T16:44:19+00:00\",\"description\":\"MONTERREY, NUEVO LE\u00d3N. MX. \u2014 Los equipos de emergencia controlaron, la tarde del lunes 13 de diciembre de 2021, un fuerte incendio registrado en una En Sonora en Equipo publicamos toda la informaci\u00f3n de Sonora, M\u00e9xico y el Mundo de manera oportuna y busca que la libertad de expresi\u00f3n sea real. Visita nuestro medio informativo publicado desde Hermosillo, Sonora. %\",\"breadcrumb\":{\"@id\":\"https:\/\/www.sonoraenequipo.com.mx\/controlan-fuerte-incendio-en-fabrica-de-santa-catarina-nuevo-leon\/#breadcrumb\"},\"inLanguage\":\"es\",\"potentialAction\":[{\"@type\":\"ReadAction\",\"target\":[\"https:\/\/www.sonoraenequipo.com.mx\/controlan-fuerte-incendio-en-fabrica-de-santa-catarina-nuevo-leon\/\"]}]},{\"@type\":\"ImageObject\",\"inLanguage\":\"es\",\"@id\":\"https:\/\/www.sonoraenequipo.com.mx\/controlan-fuerte-incendio-en-fabrica-de-santa-catarina-nuevo-leon\/#primaryimage\",\"url\":\"https:\/\/www.sonoraenequipo.com.mx\/storage\/2021\/12\/incendio-nl_opt.jpg\",\"contentUrl\":\"https:\/\/www.sonoraenequipo.com.mx\/storage\/2021\/12\/incendio-nl_opt.jpg\",\"width\":700,\"height\":400},{\"@type\":\"BreadcrumbList\",\"@id\":\"https:\/\/www.sonoraenequipo.com.mx\/controlan-fuerte-incendio-en-fabrica-de-santa-catarina-nuevo-leon\/#breadcrumb\",\"itemListElement\":[{\"@type\":\"ListItem\",\"position\":1,\"name\":\"Portada\",\"item\":\"https:\/\/www.sonoraenequipo.com.mx\/\"},{\"@type\":\"ListItem\",\"position\":2,\"name\":\"Controlan fuerte incendio en f\u00e1brica de Santa Catarina, Nuevo Le\u00f3n\"}]},{\"@type\":\"WebSite\",\"@id\":\"https:\/\/www.sonoraenequipo.com.mx\/#website\",\"url\":\"https:\/\/www.sonoraenequipo.com.mx\/\",\"name\":\"Sonora en Equipo.\",\"description\":\"Diario en l\u00ednea con Noticias desde Hermosillo, Sonora\",\"publisher\":{\"@id\":\"https:\/\/www.sonoraenequipo.com.mx\/#organization\"},\"potentialAction\":[{\"@type\":\"SearchAction\",\"target\":{\"@type\":\"EntryPoint\",\"urlTemplate\":\"https:\/\/www.sonoraenequipo.com.mx\/?s={search_term_string}\"},\"query-input\":{\"@type\":\"PropertyValueSpecification\",\"valueRequired\":true,\"valueName\":\"search_term_string\"}}],\"inLanguage\":\"es\"},{\"@type\":\"Organization\",\"@id\":\"https:\/\/www.sonoraenequipo.com.mx\/#organization\",\"name\":\"Sonoraenequipo.com.mx\",\"url\":\"https:\/\/www.sonoraenequipo.com.mx\/\",\"logo\":{\"@type\":\"ImageObject\",\"inLanguage\":\"es\",\"@id\":\"https:\/\/www.sonoraenequipo.com.mx\/#\/schema\/logo\/image\/\",\"url\":\"https:\/\/www.sonoraenequipo.com.mx\/storage\/2019\/01\/sonoraenequipo_opt.png\",\"contentUrl\":\"https:\/\/www.sonoraenequipo.com.mx\/storage\/2019\/01\/sonoraenequipo_opt.png\",\"width\":375,\"height\":125,\"caption\":\"Sonoraenequipo.com.mx\"},\"image\":{\"@id\":\"https:\/\/www.sonoraenequipo.com.mx\/#\/schema\/logo\/image\/\"},\"sameAs\":[\"https:\/\/www.facebook.com\/SonoraEE\/\",\"https:\/\/x.com\/sonoraenequipo\",\"https:\/\/www.youtube.com\/channel\/UC338nW-lPEYmJQs4ZABQ1SQ\"]},{\"@type\":\"Person\",\"@id\":\"https:\/\/www.sonoraenequipo.com.mx\/#\/schema\/person\/50102df0fb23a8fa9e8effad8fa81386\",\"name\":\"enequipo\",\"image\":{\"@type\":\"ImageObject\",\"inLanguage\":\"es\",\"@id\":\"https:\/\/www.sonoraenequipo.com.mx\/#\/schema\/person\/image\/\",\"url\":\"https:\/\/secure.gravatar.com\/avatar\/049821681b589dabc0bc20695993ccebb09f5b5d4d790cd9251b97faac7c652b?s=96&d=blank&r=g\",\"contentUrl\":\"https:\/\/secure.gravatar.com\/avatar\/049821681b589dabc0bc20695993ccebb09f5b5d4d790cd9251b97faac7c652b?s=96&d=blank&r=g\",\"caption\":\"enequipo\"},\"sameAs\":[\"https:\/\/www.facebook.com\/SonoraEE\"]}]}<\/script>\n ","yoast_head_json":{"title":"Sonora en Equipo. Controlan fuerte incendio en f\u00e1brica de Santa Catarina, Nuevo Le\u00f3n Rep\u00fablica","description":"MONTERREY, NUEVO LE\u00d3N. MX. \u2014 Los equipos de emergencia controlaron, la tarde del lunes 13 de diciembre de 2021, un fuerte incendio registrado en una En Sonora en Equipo publicamos toda la informaci\u00f3n de Sonora, M\u00e9xico y el Mundo de manera oportuna y busca que la libertad de expresi\u00f3n sea real. Visita nuestro medio informativo publicado desde Hermosillo, Sonora. %","robots":{"index":"index","follow":"follow","max-snippet":"max-snippet:-1","max-image-preview":"max-image-preview:large","max-video-preview":"max-video-preview:-1"},"canonical":"https:\/\/www.sonoraenequipo.com.mx\/controlan-fuerte-incendio-en-fabrica-de-santa-catarina-nuevo-leon\/","og_locale":"es_ES","og_type":"article","og_title":"Sonora en Equipo. Controlan fuerte incendio en f\u00e1brica de Santa Catarina, Nuevo Le\u00f3n Rep\u00fablica","og_description":"MONTERREY, NUEVO LE\u00d3N. MX. \u2014 Los equipos de emergencia controlaron, la tarde del lunes 13 de diciembre de 2021, un fuerte incendio registrado en una En Sonora en Equipo publicamos toda la informaci\u00f3n de Sonora, M\u00e9xico y el Mundo de manera oportuna y busca que la libertad de expresi\u00f3n sea real. Visita nuestro medio informativo publicado desde Hermosillo, Sonora. %","og_url":"https:\/\/www.sonoraenequipo.com.mx\/controlan-fuerte-incendio-en-fabrica-de-santa-catarina-nuevo-leon\/","og_site_name":"Sonora en Equipo.","article_publisher":"https:\/\/www.facebook.com\/SonoraEE\/","article_author":"https:\/\/www.facebook.com\/SonoraEE","article_published_time":"2021-12-14T05:45:56+00:00","article_modified_time":"2021-12-14T16:44:19+00:00","og_image":[{"width":700,"height":400,"url":"https:\/\/www.sonoraenequipo.com.mx\/storage\/2021\/12\/incendio-nl_opt.jpg","type":"image\/jpeg"}],"author":"enequipo","twitter_card":"summary_large_image","twitter_creator":"@sonoraenequipo","twitter_site":"@sonoraenequipo","twitter_misc":{"Escrito por":"enequipo","Tiempo de lectura":"1 minuto"},"schema":{"@context":"https:\/\/schema.org","@graph":[{"@type":"Article","@id":"https:\/\/www.sonoraenequipo.com.mx\/controlan-fuerte-incendio-en-fabrica-de-santa-catarina-nuevo-leon\/#article","isPartOf":{"@id":"https:\/\/www.sonoraenequipo.com.mx\/controlan-fuerte-incendio-en-fabrica-de-santa-catarina-nuevo-leon\/"},"author":{"name":"enequipo","@id":"https:\/\/www.sonoraenequipo.com.mx\/#\/schema\/person\/50102df0fb23a8fa9e8effad8fa81386"},"headline":"Controlan fuerte incendio en f\u00e1brica de Santa Catarina, Nuevo Le\u00f3n","datePublished":"2021-12-14T05:45:56+00:00","dateModified":"2021-12-14T16:44:19+00:00","mainEntityOfPage":{"@id":"https:\/\/www.sonoraenequipo.com.mx\/controlan-fuerte-incendio-en-fabrica-de-santa-catarina-nuevo-leon\/"},"wordCount":147,"commentCount":0,"publisher":{"@id":"https:\/\/www.sonoraenequipo.com.mx\/#organization"},"image":{"@id":"https:\/\/www.sonoraenequipo.com.mx\/controlan-fuerte-incendio-en-fabrica-de-santa-catarina-nuevo-leon\/#primaryimage"},"thumbnailUrl":"https:\/\/www.sonoraenequipo.com.mx\/storage\/2021\/12\/incendio-nl_opt.jpg","articleSection":["Rep\u00fablica"],"inLanguage":"es","potentialAction":[{"@type":"CommentAction","name":"Comment","target":["https:\/\/www.sonoraenequipo.com.mx\/controlan-fuerte-incendio-en-fabrica-de-santa-catarina-nuevo-leon\/#respond"]}]},{"@type":"WebPage","@id":"https:\/\/www.sonoraenequipo.com.mx\/controlan-fuerte-incendio-en-fabrica-de-santa-catarina-nuevo-leon\/","url":"https:\/\/www.sonoraenequipo.com.mx\/controlan-fuerte-incendio-en-fabrica-de-santa-catarina-nuevo-leon\/","name":"Sonora en Equipo. Controlan fuerte incendio en f\u00e1brica de Santa Catarina, Nuevo Le\u00f3n Rep\u00fablica","isPartOf":{"@id":"https:\/\/www.sonoraenequipo.com.mx\/#website"},"primaryImageOfPage":{"@id":"https:\/\/www.sonoraenequipo.com.mx\/controlan-fuerte-incendio-en-fabrica-de-santa-catarina-nuevo-leon\/#primaryimage"},"image":{"@id":"https:\/\/www.sonoraenequipo.com.mx\/controlan-fuerte-incendio-en-fabrica-de-santa-catarina-nuevo-leon\/#primaryimage"},"thumbnailUrl":"https:\/\/www.sonoraenequipo.com.mx\/storage\/2021\/12\/incendio-nl_opt.jpg","datePublished":"2021-12-14T05:45:56+00:00","dateModified":"2021-12-14T16:44:19+00:00","description":"MONTERREY, NUEVO LE\u00d3N. MX. \u2014 Los equipos de emergencia controlaron, la tarde del lunes 13 de diciembre de 2021, un fuerte incendio registrado en una En Sonora en Equipo publicamos toda la informaci\u00f3n de Sonora, M\u00e9xico y el Mundo de manera oportuna y busca que la libertad de expresi\u00f3n sea real. Visita nuestro medio informativo publicado desde Hermosillo, Sonora. %","breadcrumb":{"@id":"https:\/\/www.sonoraenequipo.com.mx\/controlan-fuerte-incendio-en-fabrica-de-santa-catarina-nuevo-leon\/#breadcrumb"},"inLanguage":"es","potentialAction":[{"@type":"ReadAction","target":["https:\/\/www.sonoraenequipo.com.mx\/controlan-fuerte-incendio-en-fabrica-de-santa-catarina-nuevo-leon\/"]}]},{"@type":"ImageObject","inLanguage":"es","@id":"https:\/\/www.sonoraenequipo.com.mx\/controlan-fuerte-incendio-en-fabrica-de-santa-catarina-nuevo-leon\/#primaryimage","url":"https:\/\/www.sonoraenequipo.com.mx\/storage\/2021\/12\/incendio-nl_opt.jpg","contentUrl":"https:\/\/www.sonoraenequipo.com.mx\/storage\/2021\/12\/incendio-nl_opt.jpg","width":700,"height":400},{"@type":"BreadcrumbList","@id":"https:\/\/www.sonoraenequipo.com.mx\/controlan-fuerte-incendio-en-fabrica-de-santa-catarina-nuevo-leon\/#breadcrumb","itemListElement":[{"@type":"ListItem","position":1,"name":"Portada","item":"https:\/\/www.sonoraenequipo.com.mx\/"},{"@type":"ListItem","position":2,"name":"Controlan fuerte incendio en f\u00e1brica de Santa Catarina, Nuevo Le\u00f3n"}]},{"@type":"WebSite","@id":"https:\/\/www.sonoraenequipo.com.mx\/#website","url":"https:\/\/www.sonoraenequipo.com.mx\/","name":"Sonora en Equipo.","description":"Diario en l\u00ednea con Noticias desde Hermosillo, Sonora","publisher":{"@id":"https:\/\/www.sonoraenequipo.com.mx\/#organization"},"potentialAction":[{"@type":"SearchAction","target":{"@type":"EntryPoint","urlTemplate":"https:\/\/www.sonoraenequipo.com.mx\/?s={search_term_string}"},"query-input":{"@type":"PropertyValueSpecification","valueRequired":true,"valueName":"search_term_string"}}],"inLanguage":"es"},{"@type":"Organization","@id":"https:\/\/www.sonoraenequipo.com.mx\/#organization","name":"Sonoraenequipo.com.mx","url":"https:\/\/www.sonoraenequipo.com.mx\/","logo":{"@type":"ImageObject","inLanguage":"es","@id":"https:\/\/www.sonoraenequipo.com.mx\/#\/schema\/logo\/image\/","url":"https:\/\/www.sonoraenequipo.com.mx\/storage\/2019\/01\/sonoraenequipo_opt.png","contentUrl":"https:\/\/www.sonoraenequipo.com.mx\/storage\/2019\/01\/sonoraenequipo_opt.png","width":375,"height":125,"caption":"Sonoraenequipo.com.mx"},"image":{"@id":"https:\/\/www.sonoraenequipo.com.mx\/#\/schema\/logo\/image\/"},"sameAs":["https:\/\/www.facebook.com\/SonoraEE\/","https:\/\/x.com\/sonoraenequipo","https:\/\/www.youtube.com\/channel\/UC338nW-lPEYmJQs4ZABQ1SQ"]},{"@type":"Person","@id":"https:\/\/www.sonoraenequipo.com.mx\/#\/schema\/person\/50102df0fb23a8fa9e8effad8fa81386","name":"enequipo","image":{"@type":"ImageObject","inLanguage":"es","@id":"https:\/\/www.sonoraenequipo.com.mx\/#\/schema\/person\/image\/","url":"https:\/\/secure.gravatar.com\/avatar\/049821681b589dabc0bc20695993ccebb09f5b5d4d790cd9251b97faac7c652b?s=96&d=blank&r=g","contentUrl":"https:\/\/secure.gravatar.com\/avatar\/049821681b589dabc0bc20695993ccebb09f5b5d4d790cd9251b97faac7c652b?s=96&d=blank&r=g","caption":"enequipo"},"sameAs":["https:\/\/www.facebook.com\/SonoraEE"]}]}},"jetpack_featured_media_url":"https:\/\/www.sonoraenequipo.com.mx\/storage\/2021\/12\/incendio-nl_opt.jpg","_links":{"self":[{"href":"https:\/\/www.sonoraenequipo.com.mx\/api\/wp\/v2\/posts\/129550","targetHints":{"allow":["GET"]}}],"collection":[{"href":"https:\/\/www.sonoraenequipo.com.mx\/api\/wp\/v2\/posts"}],"about":[{"href":"https:\/\/www.sonoraenequipo.com.mx\/api\/wp\/v2\/types\/post"}],"author":[{"embeddable":true,"href":"https:\/\/www.sonoraenequipo.com.mx\/api\/wp\/v2\/users\/1"}],"replies":[{"embeddable":true,"href":"https:\/\/www.sonoraenequipo.com.mx\/api\/wp\/v2\/comments?post=129550"}],"version-history":[{"count":1,"href":"https:\/\/www.sonoraenequipo.com.mx\/api\/wp\/v2\/posts\/129550\/revisions"}],"predecessor-version":[{"id":129551,"href":"https:\/\/www.sonoraenequipo.com.mx\/api\/wp\/v2\/posts\/129550\/revisions\/129551"}],"wp:featuredmedia":[{"embeddable":true,"href":"https:\/\/www.sonoraenequipo.com.mx\/api\/wp\/v2\/media\/129540"}],"wp:attachment":[{"href":"https:\/\/www.sonoraenequipo.com.mx\/api\/wp\/v2\/media?parent=129550"}],"wp:term":[{"taxonomy":"category","embeddable":true,"href":"https:\/\/www.sonoraenequipo.com.mx\/api\/wp\/v2\/categories?post=129550"},{"taxonomy":"post_tag","embeddable":true,"href":"https:\/\/www.sonoraenequipo.com.mx\/api\/wp\/v2\/tags?post=129550"}],"curies":[{"name":"wp","href":"https:\/\/api.w.org\/{rel}","templated":true}]}}