{"id":129558,"date":"2021-12-14T14:59:43","date_gmt":"2021-12-14T21:59:43","guid":{"rendered":"https:\/\/www.sonoraenequipo.com.mx\/?p=129558"},"modified":"2021-12-14T14:59:43","modified_gmt":"2021-12-14T21:59:43","slug":"propone-gppri-crear-subsidio-para-jovenes-universitarios","status":"publish","type":"post","link":"https:\/\/www.sonoraenequipo.com.mx\/propone-gppri-crear-subsidio-para-jovenes-universitarios\/","title":{"rendered":"Propone GPPRI crear subsidio para j\u00f3venes universitarios"},"content":{"rendered":"<p>HERMOSILLO, SONORA,MX.\u2500\u2500 Crear el Subsidio para J\u00f3venes Universitarios como un programa de apoyo a estudiantes que se encuentran cursando su \u00faltimo a\u00f1o de licenciatura, fue la propuesta presentada por el Grupo Parlamentario del PRI; con esto se pretende tener condiciones propicias para que se desarrollen integralmente y tengan empleo.<\/p>\n<p>&nbsp;<\/p>\n<p>&nbsp;<\/p>\n<p>&nbsp;<\/p>\n<p>\u201cA ra\u00edz de la contingencia sanitaria en la que nos encontramos, miles de j\u00f3venes perdieron la oportunidad de estudiar o de cambiar sustancialmente su vida ordinaria y con ello, su capacidad de poder estudiar y trabajar al mismo tiempo\u201d, expres\u00f3 la diputada Ely Sallard, a nombre de la bancada de su partido.<\/p>\n<p>&nbsp;<\/p>\n<p>&nbsp;<\/p>\n<p>&nbsp;<\/p>\n<p>Con este proyecto, los estudiantes podr\u00e1n realizar sus pr\u00e1cticas profesionales en una empresa sonorense, debidamente registrada ante la Secretar\u00eda del Trabajo y recibir un subsidio por parte del estado.<\/p>\n<p>&nbsp;<\/p>\n<p>&nbsp;<\/p>\n<p>&nbsp;<\/p>\n<p>\u201cEl \u00faltimo a\u00f1o ha sido sumamente complejo para la sociedad en general, pero ha sido a\u00fan m\u00e1s para aquellos que asist\u00edan regularmente a sus trabajos y a sus escuelas. En este caso, son los j\u00f3venes trabajadores y, sobre todo, universitarios, quienes han padecido una serie de problemas para los que no ven soluci\u00f3n\u201d, manifest\u00f3 la legisladora Sallard Hern\u00e1ndez.<\/p>\n<p>&nbsp;<\/p>\n<p>&nbsp;<\/p>\n<p>&nbsp;<\/p>\n<p>Con el Subsidio para J\u00f3venes Universitarios estar\u00edamos brindando un enorme apoyo a nuestros estudiantes en momentos tan cr\u00edticos como los que estamos viviendo, pero tambi\u00e9n estamos dando un respiro a empresas sonorenses, para que puedan incorporar manos j\u00f3venes a sus empleos formales y sirvan de apoyo para el crecimiento de las mismas.<\/p>\n<p>&nbsp;<\/p>\n<p>&nbsp;<\/p>\n<p>&nbsp;<\/p>\n<p>Esta modificaci\u00f3n legislativa, busca servir de base para la creaci\u00f3n de un concepto especializado en la inclusi\u00f3n profesional al sector universitario y en la defensa de los derechos de quienes participan en un rubro tan amplio, fortaleciendo un conocimiento m\u00e1s profundo del tema, enfatiz\u00f3 la diputada Ely Sallard.<\/p>\n<p>Fecha de publicaci\u00f3n martes\/ 14 \/ diciembre\/ 2021<\/p>\n","protected":false},"excerpt":{"rendered":"<p>HERMOSILLO, SONORA,MX.\u2500\u2500 Crear el Subsidio para J\u00f3venes Universitarios como un programa de apoyo a estudiantes&#8230;<\/p>\n","protected":false},"author":1,"featured_media":129559,"comment_status":"open","ping_status":"open","sticky":false,"template":"","format":"standard","meta":{"_monsterinsights_skip_tracking":false,"_monsterinsights_sitenote_active":false,"_monsterinsights_sitenote_note":"","_monsterinsights_sitenote_category":0,"footnotes":""},"categories":[3281],"tags":[6247,6507,6508],"class_list":["post"],"yoast_head":" \n<title>Sonora en Equipo. Propone GPPRI crear subsidio para j\u00f3venes universitarios Congreso<\/title>\n<meta name=\"description\" content=\"HERMOSILLO, SONORA,MX.\u2500\u2500 Crear el Subsidio para J\u00f3venes Universitarios como un programa de apoyo a estudiantes que se encuentran cursando su \u00faltimo a\u00f1o de En Sonora en Equipo publicamos toda la informaci\u00f3n de Sonora, M\u00e9xico y el Mundo de manera oportuna y busca que la libertad de expresi\u00f3n sea real. Visita nuestro medio informativo publicado desde Hermosillo, Sonora. %\" \/>\n<meta name=\"robots\" content=\"index, follow, max-snippet:-1, max-image-preview:large, max-video-preview:-1\" \/>\n<link rel=\"canonical\" href=\"https:\/\/www.sonoraenequipo.com.mx\/propone-gppri-crear-subsidio-para-jovenes-universitarios\/\" \/>\n<meta property=\"og:locale\" content=\"es_ES\" \/>\n<meta property=\"og:type\" content=\"article\" \/>\n<meta property=\"og:title\" content=\"Sonora en Equipo. Propone GPPRI crear subsidio para j\u00f3venes universitarios Congreso\" \/>\n<meta property=\"og:description\" content=\"HERMOSILLO, SONORA,MX.\u2500\u2500 Crear el Subsidio para J\u00f3venes Universitarios como un programa de apoyo a estudiantes que se encuentran cursando su \u00faltimo a\u00f1o de En Sonora en Equipo publicamos toda la informaci\u00f3n de Sonora, M\u00e9xico y el Mundo de manera oportuna y busca que la libertad de expresi\u00f3n sea real. Visita nuestro medio informativo publicado desde Hermosillo, Sonora. %\" \/>\n<meta property=\"og:url\" content=\"https:\/\/www.sonoraenequipo.com.mx\/propone-gppri-crear-subsidio-para-jovenes-universitarios\/\" \/>\n<meta property=\"og:site_name\" content=\"Sonora en Equipo.\" \/>\n<meta property=\"article:publisher\" content=\"https:\/\/www.facebook.com\/SonoraEE\/\" \/>\n<meta property=\"article:author\" content=\"https:\/\/www.facebook.com\/SonoraEE\" \/>\n<meta property=\"article:published_time\" content=\"2021-12-14T21:59:43+00:00\" \/>\n<meta property=\"og:image\" content=\"https:\/\/www.sonoraenequipo.com.mx\/storage\/2021\/12\/ely-sallard.jpg\" \/>\n\t<meta property=\"og:image:width\" content=\"700\" \/>\n\t<meta property=\"og:image:height\" content=\"400\" \/>\n\t<meta property=\"og:image:type\" content=\"image\/jpeg\" \/>\n<meta name=\"author\" content=\"enequipo\" \/>\n<meta name=\"twitter:card\" content=\"summary_large_image\" \/>\n<meta name=\"twitter:creator\" content=\"@sonoraenequipo\" \/>\n<meta name=\"twitter:site\" content=\"@sonoraenequipo\" \/>\n<meta name=\"twitter:label1\" content=\"Escrito por\" \/>\n\t<meta name=\"twitter:data1\" content=\"enequipo\" \/>\n\t<meta name=\"twitter:label2\" content=\"Tiempo de lectura\" \/>\n\t<meta name=\"twitter:data2\" content=\"2 minutos\" \/>\n<script type=\"application\/ld+json\" class=\"yoast-schema-graph\">{\"@context\":\"https:\/\/schema.org\",\"@graph\":[{\"@type\":\"Article\",\"@id\":\"https:\/\/www.sonoraenequipo.com.mx\/propone-gppri-crear-subsidio-para-jovenes-universitarios\/#article\",\"isPartOf\":{\"@id\":\"https:\/\/www.sonoraenequipo.com.mx\/propone-gppri-crear-subsidio-para-jovenes-universitarios\/\"},\"author\":{\"name\":\"enequipo\",\"@id\":\"https:\/\/www.sonoraenequipo.com.mx\/#\/schema\/person\/50102df0fb23a8fa9e8effad8fa81386\"},\"headline\":\"Propone GPPRI crear subsidio para j\u00f3venes universitarios\",\"datePublished\":\"2021-12-14T21:59:43+00:00\",\"mainEntityOfPage\":{\"@id\":\"https:\/\/www.sonoraenequipo.com.mx\/propone-gppri-crear-subsidio-para-jovenes-universitarios\/\"},\"wordCount\":341,\"commentCount\":0,\"publisher\":{\"@id\":\"https:\/\/www.sonoraenequipo.com.mx\/#organization\"},\"image\":{\"@id\":\"https:\/\/www.sonoraenequipo.com.mx\/propone-gppri-crear-subsidio-para-jovenes-universitarios\/#primaryimage\"},\"thumbnailUrl\":\"https:\/\/www.sonoraenequipo.com.mx\/storage\/2021\/12\/ely-sallard.jpg\",\"keywords\":[\"ely sallard\",\"grupo pri\",\"universitarios\"],\"articleSection\":[\"Congreso\"],\"inLanguage\":\"es\",\"potentialAction\":[{\"@type\":\"CommentAction\",\"name\":\"Comment\",\"target\":[\"https:\/\/www.sonoraenequipo.com.mx\/propone-gppri-crear-subsidio-para-jovenes-universitarios\/#respond\"]}]},{\"@type\":\"WebPage\",\"@id\":\"https:\/\/www.sonoraenequipo.com.mx\/propone-gppri-crear-subsidio-para-jovenes-universitarios\/\",\"url\":\"https:\/\/www.sonoraenequipo.com.mx\/propone-gppri-crear-subsidio-para-jovenes-universitarios\/\",\"name\":\"Sonora en Equipo. Propone GPPRI crear subsidio para j\u00f3venes universitarios Congreso\",\"isPartOf\":{\"@id\":\"https:\/\/www.sonoraenequipo.com.mx\/#website\"},\"primaryImageOfPage\":{\"@id\":\"https:\/\/www.sonoraenequipo.com.mx\/propone-gppri-crear-subsidio-para-jovenes-universitarios\/#primaryimage\"},\"image\":{\"@id\":\"https:\/\/www.sonoraenequipo.com.mx\/propone-gppri-crear-subsidio-para-jovenes-universitarios\/#primaryimage\"},\"thumbnailUrl\":\"https:\/\/www.sonoraenequipo.com.mx\/storage\/2021\/12\/ely-sallard.jpg\",\"datePublished\":\"2021-12-14T21:59:43+00:00\",\"description\":\"HERMOSILLO, SONORA,MX.\u2500\u2500 Crear el Subsidio para J\u00f3venes Universitarios como un programa de apoyo a estudiantes que se encuentran cursando su \u00faltimo a\u00f1o de En Sonora en Equipo publicamos toda la informaci\u00f3n de Sonora, M\u00e9xico y el Mundo de manera oportuna y busca que la libertad de expresi\u00f3n sea real. Visita nuestro medio informativo publicado desde Hermosillo, Sonora. %\",\"breadcrumb\":{\"@id\":\"https:\/\/www.sonoraenequipo.com.mx\/propone-gppri-crear-subsidio-para-jovenes-universitarios\/#breadcrumb\"},\"inLanguage\":\"es\",\"potentialAction\":[{\"@type\":\"ReadAction\",\"target\":[\"https:\/\/www.sonoraenequipo.com.mx\/propone-gppri-crear-subsidio-para-jovenes-universitarios\/\"]}]},{\"@type\":\"ImageObject\",\"inLanguage\":\"es\",\"@id\":\"https:\/\/www.sonoraenequipo.com.mx\/propone-gppri-crear-subsidio-para-jovenes-universitarios\/#primaryimage\",\"url\":\"https:\/\/www.sonoraenequipo.com.mx\/storage\/2021\/12\/ely-sallard.jpg\",\"contentUrl\":\"https:\/\/www.sonoraenequipo.com.mx\/storage\/2021\/12\/ely-sallard.jpg\",\"width\":700,\"height\":400,\"caption\":\"Diputada Ely Sallard (PRI)\"},{\"@type\":\"BreadcrumbList\",\"@id\":\"https:\/\/www.sonoraenequipo.com.mx\/propone-gppri-crear-subsidio-para-jovenes-universitarios\/#breadcrumb\",\"itemListElement\":[{\"@type\":\"ListItem\",\"position\":1,\"name\":\"Portada\",\"item\":\"https:\/\/www.sonoraenequipo.com.mx\/\"},{\"@type\":\"ListItem\",\"position\":2,\"name\":\"Propone GPPRI crear subsidio para j\u00f3venes universitarios\"}]},{\"@type\":\"WebSite\",\"@id\":\"https:\/\/www.sonoraenequipo.com.mx\/#website\",\"url\":\"https:\/\/www.sonoraenequipo.com.mx\/\",\"name\":\"Sonora en Equipo.\",\"description\":\"Diario en l\u00ednea con Noticias desde Hermosillo, Sonora\",\"publisher\":{\"@id\":\"https:\/\/www.sonoraenequipo.com.mx\/#organization\"},\"potentialAction\":[{\"@type\":\"SearchAction\",\"target\":{\"@type\":\"EntryPoint\",\"urlTemplate\":\"https:\/\/www.sonoraenequipo.com.mx\/?s={search_term_string}\"},\"query-input\":{\"@type\":\"PropertyValueSpecification\",\"valueRequired\":true,\"valueName\":\"search_term_string\"}}],\"inLanguage\":\"es\"},{\"@type\":\"Organization\",\"@id\":\"https:\/\/www.sonoraenequipo.com.mx\/#organization\",\"name\":\"Sonoraenequipo.com.mx\",\"url\":\"https:\/\/www.sonoraenequipo.com.mx\/\",\"logo\":{\"@type\":\"ImageObject\",\"inLanguage\":\"es\",\"@id\":\"https:\/\/www.sonoraenequipo.com.mx\/#\/schema\/logo\/image\/\",\"url\":\"https:\/\/www.sonoraenequipo.com.mx\/storage\/2019\/01\/sonoraenequipo_opt.png\",\"contentUrl\":\"https:\/\/www.sonoraenequipo.com.mx\/storage\/2019\/01\/sonoraenequipo_opt.png\",\"width\":375,\"height\":125,\"caption\":\"Sonoraenequipo.com.mx\"},\"image\":{\"@id\":\"https:\/\/www.sonoraenequipo.com.mx\/#\/schema\/logo\/image\/\"},\"sameAs\":[\"https:\/\/www.facebook.com\/SonoraEE\/\",\"https:\/\/x.com\/sonoraenequipo\",\"https:\/\/www.youtube.com\/channel\/UC338nW-lPEYmJQs4ZABQ1SQ\"]},{\"@type\":\"Person\",\"@id\":\"https:\/\/www.sonoraenequipo.com.mx\/#\/schema\/person\/50102df0fb23a8fa9e8effad8fa81386\",\"name\":\"enequipo\",\"image\":{\"@type\":\"ImageObject\",\"inLanguage\":\"es\",\"@id\":\"https:\/\/www.sonoraenequipo.com.mx\/#\/schema\/person\/image\/\",\"url\":\"https:\/\/secure.gravatar.com\/avatar\/049821681b589dabc0bc20695993ccebb09f5b5d4d790cd9251b97faac7c652b?s=96&d=blank&r=g\",\"contentUrl\":\"https:\/\/secure.gravatar.com\/avatar\/049821681b589dabc0bc20695993ccebb09f5b5d4d790cd9251b97faac7c652b?s=96&d=blank&r=g\",\"caption\":\"enequipo\"},\"sameAs\":[\"https:\/\/www.facebook.com\/SonoraEE\"]}]}<\/script>\n ","yoast_head_json":{"title":"Sonora en Equipo. Propone GPPRI crear subsidio para j\u00f3venes universitarios Congreso","description":"HERMOSILLO, SONORA,MX.\u2500\u2500 Crear el Subsidio para J\u00f3venes Universitarios como un programa de apoyo a estudiantes que se encuentran cursando su \u00faltimo a\u00f1o de En Sonora en Equipo publicamos toda la informaci\u00f3n de Sonora, M\u00e9xico y el Mundo de manera oportuna y busca que la libertad de expresi\u00f3n sea real. Visita nuestro medio informativo publicado desde Hermosillo, Sonora. %","robots":{"index":"index","follow":"follow","max-snippet":"max-snippet:-1","max-image-preview":"max-image-preview:large","max-video-preview":"max-video-preview:-1"},"canonical":"https:\/\/www.sonoraenequipo.com.mx\/propone-gppri-crear-subsidio-para-jovenes-universitarios\/","og_locale":"es_ES","og_type":"article","og_title":"Sonora en Equipo. Propone GPPRI crear subsidio para j\u00f3venes universitarios Congreso","og_description":"HERMOSILLO, SONORA,MX.\u2500\u2500 Crear el Subsidio para J\u00f3venes Universitarios como un programa de apoyo a estudiantes que se encuentran cursando su \u00faltimo a\u00f1o de En Sonora en Equipo publicamos toda la informaci\u00f3n de Sonora, M\u00e9xico y el Mundo de manera oportuna y busca que la libertad de expresi\u00f3n sea real. Visita nuestro medio informativo publicado desde Hermosillo, Sonora. %","og_url":"https:\/\/www.sonoraenequipo.com.mx\/propone-gppri-crear-subsidio-para-jovenes-universitarios\/","og_site_name":"Sonora en Equipo.","article_publisher":"https:\/\/www.facebook.com\/SonoraEE\/","article_author":"https:\/\/www.facebook.com\/SonoraEE","article_published_time":"2021-12-14T21:59:43+00:00","og_image":[{"width":700,"height":400,"url":"https:\/\/www.sonoraenequipo.com.mx\/storage\/2021\/12\/ely-sallard.jpg","type":"image\/jpeg"}],"author":"enequipo","twitter_card":"summary_large_image","twitter_creator":"@sonoraenequipo","twitter_site":"@sonoraenequipo","twitter_misc":{"Escrito por":"enequipo","Tiempo de lectura":"2 minutos"},"schema":{"@context":"https:\/\/schema.org","@graph":[{"@type":"Article","@id":"https:\/\/www.sonoraenequipo.com.mx\/propone-gppri-crear-subsidio-para-jovenes-universitarios\/#article","isPartOf":{"@id":"https:\/\/www.sonoraenequipo.com.mx\/propone-gppri-crear-subsidio-para-jovenes-universitarios\/"},"author":{"name":"enequipo","@id":"https:\/\/www.sonoraenequipo.com.mx\/#\/schema\/person\/50102df0fb23a8fa9e8effad8fa81386"},"headline":"Propone GPPRI crear subsidio para j\u00f3venes universitarios","datePublished":"2021-12-14T21:59:43+00:00","mainEntityOfPage":{"@id":"https:\/\/www.sonoraenequipo.com.mx\/propone-gppri-crear-subsidio-para-jovenes-universitarios\/"},"wordCount":341,"commentCount":0,"publisher":{"@id":"https:\/\/www.sonoraenequipo.com.mx\/#organization"},"image":{"@id":"https:\/\/www.sonoraenequipo.com.mx\/propone-gppri-crear-subsidio-para-jovenes-universitarios\/#primaryimage"},"thumbnailUrl":"https:\/\/www.sonoraenequipo.com.mx\/storage\/2021\/12\/ely-sallard.jpg","keywords":["ely sallard","grupo pri","universitarios"],"articleSection":["Congreso"],"inLanguage":"es","potentialAction":[{"@type":"CommentAction","name":"Comment","target":["https:\/\/www.sonoraenequipo.com.mx\/propone-gppri-crear-subsidio-para-jovenes-universitarios\/#respond"]}]},{"@type":"WebPage","@id":"https:\/\/www.sonoraenequipo.com.mx\/propone-gppri-crear-subsidio-para-jovenes-universitarios\/","url":"https:\/\/www.sonoraenequipo.com.mx\/propone-gppri-crear-subsidio-para-jovenes-universitarios\/","name":"Sonora en Equipo. Propone GPPRI crear subsidio para j\u00f3venes universitarios Congreso","isPartOf":{"@id":"https:\/\/www.sonoraenequipo.com.mx\/#website"},"primaryImageOfPage":{"@id":"https:\/\/www.sonoraenequipo.com.mx\/propone-gppri-crear-subsidio-para-jovenes-universitarios\/#primaryimage"},"image":{"@id":"https:\/\/www.sonoraenequipo.com.mx\/propone-gppri-crear-subsidio-para-jovenes-universitarios\/#primaryimage"},"thumbnailUrl":"https:\/\/www.sonoraenequipo.com.mx\/storage\/2021\/12\/ely-sallard.jpg","datePublished":"2021-12-14T21:59:43+00:00","description":"HERMOSILLO, SONORA,MX.\u2500\u2500 Crear el Subsidio para J\u00f3venes Universitarios como un programa de apoyo a estudiantes que se encuentran cursando su \u00faltimo a\u00f1o de En Sonora en Equipo publicamos toda la informaci\u00f3n de Sonora, M\u00e9xico y el Mundo de manera oportuna y busca que la libertad de expresi\u00f3n sea real. Visita nuestro medio informativo publicado desde Hermosillo, Sonora. %","breadcrumb":{"@id":"https:\/\/www.sonoraenequipo.com.mx\/propone-gppri-crear-subsidio-para-jovenes-universitarios\/#breadcrumb"},"inLanguage":"es","potentialAction":[{"@type":"ReadAction","target":["https:\/\/www.sonoraenequipo.com.mx\/propone-gppri-crear-subsidio-para-jovenes-universitarios\/"]}]},{"@type":"ImageObject","inLanguage":"es","@id":"https:\/\/www.sonoraenequipo.com.mx\/propone-gppri-crear-subsidio-para-jovenes-universitarios\/#primaryimage","url":"https:\/\/www.sonoraenequipo.com.mx\/storage\/2021\/12\/ely-sallard.jpg","contentUrl":"https:\/\/www.sonoraenequipo.com.mx\/storage\/2021\/12\/ely-sallard.jpg","width":700,"height":400,"caption":"Diputada Ely Sallard (PRI)"},{"@type":"BreadcrumbList","@id":"https:\/\/www.sonoraenequipo.com.mx\/propone-gppri-crear-subsidio-para-jovenes-universitarios\/#breadcrumb","itemListElement":[{"@type":"ListItem","position":1,"name":"Portada","item":"https:\/\/www.sonoraenequipo.com.mx\/"},{"@type":"ListItem","position":2,"name":"Propone GPPRI crear subsidio para j\u00f3venes universitarios"}]},{"@type":"WebSite","@id":"https:\/\/www.sonoraenequipo.com.mx\/#website","url":"https:\/\/www.sonoraenequipo.com.mx\/","name":"Sonora en Equipo.","description":"Diario en l\u00ednea con Noticias desde Hermosillo, Sonora","publisher":{"@id":"https:\/\/www.sonoraenequipo.com.mx\/#organization"},"potentialAction":[{"@type":"SearchAction","target":{"@type":"EntryPoint","urlTemplate":"https:\/\/www.sonoraenequipo.com.mx\/?s={search_term_string}"},"query-input":{"@type":"PropertyValueSpecification","valueRequired":true,"valueName":"search_term_string"}}],"inLanguage":"es"},{"@type":"Organization","@id":"https:\/\/www.sonoraenequipo.com.mx\/#organization","name":"Sonoraenequipo.com.mx","url":"https:\/\/www.sonoraenequipo.com.mx\/","logo":{"@type":"ImageObject","inLanguage":"es","@id":"https:\/\/www.sonoraenequipo.com.mx\/#\/schema\/logo\/image\/","url":"https:\/\/www.sonoraenequipo.com.mx\/storage\/2019\/01\/sonoraenequipo_opt.png","contentUrl":"https:\/\/www.sonoraenequipo.com.mx\/storage\/2019\/01\/sonoraenequipo_opt.png","width":375,"height":125,"caption":"Sonoraenequipo.com.mx"},"image":{"@id":"https:\/\/www.sonoraenequipo.com.mx\/#\/schema\/logo\/image\/"},"sameAs":["https:\/\/www.facebook.com\/SonoraEE\/","https:\/\/x.com\/sonoraenequipo","https:\/\/www.youtube.com\/channel\/UC338nW-lPEYmJQs4ZABQ1SQ"]},{"@type":"Person","@id":"https:\/\/www.sonoraenequipo.com.mx\/#\/schema\/person\/50102df0fb23a8fa9e8effad8fa81386","name":"enequipo","image":{"@type":"ImageObject","inLanguage":"es","@id":"https:\/\/www.sonoraenequipo.com.mx\/#\/schema\/person\/image\/","url":"https:\/\/secure.gravatar.com\/avatar\/049821681b589dabc0bc20695993ccebb09f5b5d4d790cd9251b97faac7c652b?s=96&d=blank&r=g","contentUrl":"https:\/\/secure.gravatar.com\/avatar\/049821681b589dabc0bc20695993ccebb09f5b5d4d790cd9251b97faac7c652b?s=96&d=blank&r=g","caption":"enequipo"},"sameAs":["https:\/\/www.facebook.com\/SonoraEE"]}]}},"jetpack_featured_media_url":"https:\/\/www.sonoraenequipo.com.mx\/storage\/2021\/12\/ely-sallard.jpg","_links":{"self":[{"href":"https:\/\/www.sonoraenequipo.com.mx\/api\/wp\/v2\/posts\/129558","targetHints":{"allow":["GET"]}}],"collection":[{"href":"https:\/\/www.sonoraenequipo.com.mx\/api\/wp\/v2\/posts"}],"about":[{"href":"https:\/\/www.sonoraenequipo.com.mx\/api\/wp\/v2\/types\/post"}],"author":[{"embeddable":true,"href":"https:\/\/www.sonoraenequipo.com.mx\/api\/wp\/v2\/users\/1"}],"replies":[{"embeddable":true,"href":"https:\/\/www.sonoraenequipo.com.mx\/api\/wp\/v2\/comments?post=129558"}],"version-history":[{"count":1,"href":"https:\/\/www.sonoraenequipo.com.mx\/api\/wp\/v2\/posts\/129558\/revisions"}],"predecessor-version":[{"id":129560,"href":"https:\/\/www.sonoraenequipo.com.mx\/api\/wp\/v2\/posts\/129558\/revisions\/129560"}],"wp:featuredmedia":[{"embeddable":true,"href":"https:\/\/www.sonoraenequipo.com.mx\/api\/wp\/v2\/media\/129559"}],"wp:attachment":[{"href":"https:\/\/www.sonoraenequipo.com.mx\/api\/wp\/v2\/media?parent=129558"}],"wp:term":[{"taxonomy":"category","embeddable":true,"href":"https:\/\/www.sonoraenequipo.com.mx\/api\/wp\/v2\/categories?post=129558"},{"taxonomy":"post_tag","embeddable":true,"href":"https:\/\/www.sonoraenequipo.com.mx\/api\/wp\/v2\/tags?post=129558"}],"curies":[{"name":"wp","href":"https:\/\/api.w.org\/{rel}","templated":true}]}}