{"id":129598,"date":"2021-12-14T13:45:55","date_gmt":"2021-12-14T20:45:55","guid":{"rendered":"https:\/\/www.sonoraenequipo.com.mx\/?p=129598"},"modified":"2021-12-15T09:59:48","modified_gmt":"2021-12-15T16:59:48","slug":"claudia-sheinbaum-manifiesta-su-respaldo-a-la-cfe-y-confia-en-sus-trabajadores","status":"publish","type":"post","link":"https:\/\/www.sonoraenequipo.com.mx\/claudia-sheinbaum-manifiesta-su-respaldo-a-la-cfe-y-confia-en-sus-trabajadores\/","title":{"rendered":"Claudia Sheinbaum, manifiesta su respaldo a la CFE y confia en sus trabajadores"},"content":{"rendered":"<p>CDMX. M\u00c9XICO. \u2014 Tras supervisar los trabajos de la subestaci\u00f3n de alta tensi\u00f3n Buen Tono del Metro, la jefa de gobierno, manifest\u00f3 su respaldo a la Comisi\u00f3n Federal de Electricidad (CFE), dependencia que lleva a cabo dichos trabajos.<\/p>\n<p>&nbsp;<\/p>\n<p> <\/p>\n<p>&nbsp;<\/p>\n<p><em>\u201cNosotros creemos en la Comisi\u00f3n Federal de Electricidad, la Comisi\u00f3n Federal de Electricidad es la empresa de las y los mexicanos, es la empresa de energ\u00eda el\u00e9ctrica, hoy el presidente de la Rep\u00fablica ha enviado una iniciativa de reforma el\u00e9ctrica para regresarle a los mexicanos a la Comisi\u00f3n Federal de Electricidad.\u00bb<\/em><\/p>\n<p>&nbsp;<\/p>\n<p><em>\u201cY nosotros, en vez de estar contratando una empresa privada para que hiciera este proyecto, tomamos la decisi\u00f3n de que fuera Comisi\u00f3n Federal de Electricidad quien hiciera este trabajo. Confiamos en la Comisi\u00f3n Federal de Electricidad y segundo porque confiamos en sus trabajos, en sus t\u00e9cnicos, que son lo mejor que tiene nuestro pa\u00eds\u201d<\/em>, dijo.<\/p>\n<p>&nbsp;<\/p>\n<p>Dichos trabajos consisten en conectar Buen Tono con el sistema de energ\u00eda m\u00e1s robusto del pa\u00eds, el anillo de 230 kilovoltios (KV). Permitir\u00e1 recibir la energ\u00eda por medio de cuatro transformadores de 60 MVA con 17 interruptores de 17 KV en un Centro de Mando y Control de Energ\u00eda, que se ubicar\u00e1 en el complejo de Delicias, y que posteriormente ser\u00e1 distribuida a las subestaciones de rectificaci\u00f3n de las L\u00edneas 1, 2 y 3.<\/p>\n<p>&nbsp;<\/p>\n<p>Adem\u00e1s se tender\u00e1 un cableado de mil 200 kil\u00f3metros de media tensi\u00f3n de 15 KV para llegar a las L\u00edneas 1, 2 y 3, lo que equivale a una distancia entre la Ciudad de M\u00e9xico y McAllen, Texas. Adem\u00e1s, se modernizar\u00e1n 17 subestaciones de la L\u00ednea 1.<\/p>\n<p>&nbsp;<\/p>\n<p><em>\u201cEs un proyecto de muy largo alcance, que va a darle vida al Metro, particularmente a las primeras l\u00edneas, para otros, por lo menos, 50 a\u00f1os\u201d,<\/em> dijo.<\/p>\n<p>&nbsp;<\/p>\n<p>El Director del Metro, Guillermo Calder\u00f3n, record\u00f3 que, a ra\u00edz del incidente de enero pasado en dicha estaci\u00f3n, se pact\u00f3 con la CFE esta modernizaci\u00f3n.<\/p>\n<p>&nbsp;<\/p>\n<p><em>\u201cSe convino con la CFE un alcance de corto y mediano plazo, en el corto plazo se instal\u00f3 el centro emergente de energ\u00eda el\u00e9ctrica y en el mediano plazo se dise\u00f1aron las bases t\u00e9cnicas y la ingenier\u00eda conceptual de lo que ser\u00e1 esta nueva subestaci\u00f3n de alta tensi\u00f3n en Buen Tono\u201d<\/em>, dijo.<\/p>\n<p>&nbsp;<\/p>\n<p>Se\u00f1al\u00f3 que el costo de estos trabajos representan 4 mil 500 millones de pesos en los pr\u00f3ximos a\u00f1os; el avance del proyecto es de 11 por ciento real.<\/p>\n<p>&nbsp;<\/p>\n<p>&nbsp;<\/p>\n<p>(Publicada el 14\/12\/2021 \/Carlos Navarro)<\/p>\n","protected":false},"excerpt":{"rendered":"<p>CDMX. M\u00c9XICO. \u2014 Tras supervisar los trabajos de la subestaci\u00f3n de alta tensi\u00f3n Buen Tono&#8230;<\/p>\n","protected":false},"author":1,"featured_media":129585,"comment_status":"open","ping_status":"open","sticky":false,"template":"","format":"standard","meta":{"_monsterinsights_skip_tracking":false,"_monsterinsights_sitenote_active":false,"_monsterinsights_sitenote_note":"","_monsterinsights_sitenote_category":0,"footnotes":""},"categories":[5],"tags":[],"class_list":["post"],"yoast_head":" \n<title>Sonora en Equipo. Claudia Sheinbaum, manifiesta su respaldo a la CFE y confia en sus trabajadores Rep\u00fablica<\/title>\n<meta name=\"description\" content=\"CDMX. M\u00c9XICO. \u2014 Tras supervisar los trabajos de la subestaci\u00f3n de alta tensi\u00f3n Buen Tono del Metro, la jefa de gobierno, manifest\u00f3 su respaldo a la En Sonora en Equipo publicamos toda la informaci\u00f3n de Sonora, M\u00e9xico y el Mundo de manera oportuna y busca que la libertad de expresi\u00f3n sea real. Visita nuestro medio informativo publicado desde Hermosillo, Sonora. %\" \/>\n<meta name=\"robots\" content=\"index, follow, max-snippet:-1, max-image-preview:large, max-video-preview:-1\" \/>\n<link rel=\"canonical\" href=\"https:\/\/www.sonoraenequipo.com.mx\/claudia-sheinbaum-manifiesta-su-respaldo-a-la-cfe-y-confia-en-sus-trabajadores\/\" \/>\n<meta property=\"og:locale\" content=\"es_ES\" \/>\n<meta property=\"og:type\" content=\"article\" \/>\n<meta property=\"og:title\" content=\"Sonora en Equipo. Claudia Sheinbaum, manifiesta su respaldo a la CFE y confia en sus trabajadores Rep\u00fablica\" \/>\n<meta property=\"og:description\" content=\"CDMX. M\u00c9XICO. \u2014 Tras supervisar los trabajos de la subestaci\u00f3n de alta tensi\u00f3n Buen Tono del Metro, la jefa de gobierno, manifest\u00f3 su respaldo a la En Sonora en Equipo publicamos toda la informaci\u00f3n de Sonora, M\u00e9xico y el Mundo de manera oportuna y busca que la libertad de expresi\u00f3n sea real. Visita nuestro medio informativo publicado desde Hermosillo, Sonora. %\" \/>\n<meta property=\"og:url\" content=\"https:\/\/www.sonoraenequipo.com.mx\/claudia-sheinbaum-manifiesta-su-respaldo-a-la-cfe-y-confia-en-sus-trabajadores\/\" \/>\n<meta property=\"og:site_name\" content=\"Sonora en Equipo.\" \/>\n<meta property=\"article:publisher\" content=\"https:\/\/www.facebook.com\/SonoraEE\/\" \/>\n<meta property=\"article:author\" content=\"https:\/\/www.facebook.com\/SonoraEE\" \/>\n<meta property=\"article:published_time\" content=\"2021-12-14T20:45:55+00:00\" \/>\n<meta property=\"article:modified_time\" content=\"2021-12-15T16:59:48+00:00\" \/>\n<meta property=\"og:image\" content=\"https:\/\/www.sonoraenequipo.com.mx\/storage\/2021\/12\/Sheinbaum-gobierno-CDMX_opt.jpg\" \/>\n\t<meta property=\"og:image:width\" content=\"711\" \/>\n\t<meta property=\"og:image:height\" content=\"400\" \/>\n\t<meta property=\"og:image:type\" content=\"image\/jpeg\" \/>\n<meta name=\"author\" content=\"enequipo\" \/>\n<meta name=\"twitter:card\" content=\"summary_large_image\" \/>\n<meta name=\"twitter:creator\" content=\"@sonoraenequipo\" \/>\n<meta name=\"twitter:site\" content=\"@sonoraenequipo\" \/>\n<meta name=\"twitter:label1\" content=\"Escrito por\" \/>\n\t<meta name=\"twitter:data1\" content=\"enequipo\" \/>\n\t<meta name=\"twitter:label2\" content=\"Tiempo de lectura\" \/>\n\t<meta name=\"twitter:data2\" content=\"2 minutos\" \/>\n<script type=\"application\/ld+json\" class=\"yoast-schema-graph\">{\"@context\":\"https:\/\/schema.org\",\"@graph\":[{\"@type\":\"Article\",\"@id\":\"https:\/\/www.sonoraenequipo.com.mx\/claudia-sheinbaum-manifiesta-su-respaldo-a-la-cfe-y-confia-en-sus-trabajadores\/#article\",\"isPartOf\":{\"@id\":\"https:\/\/www.sonoraenequipo.com.mx\/claudia-sheinbaum-manifiesta-su-respaldo-a-la-cfe-y-confia-en-sus-trabajadores\/\"},\"author\":{\"name\":\"enequipo\",\"@id\":\"https:\/\/www.sonoraenequipo.com.mx\/#\/schema\/person\/50102df0fb23a8fa9e8effad8fa81386\"},\"headline\":\"Claudia Sheinbaum, manifiesta su respaldo a la CFE y confia en sus trabajadores\",\"datePublished\":\"2021-12-14T20:45:55+00:00\",\"dateModified\":\"2021-12-15T16:59:48+00:00\",\"mainEntityOfPage\":{\"@id\":\"https:\/\/www.sonoraenequipo.com.mx\/claudia-sheinbaum-manifiesta-su-respaldo-a-la-cfe-y-confia-en-sus-trabajadores\/\"},\"wordCount\":453,\"commentCount\":0,\"publisher\":{\"@id\":\"https:\/\/www.sonoraenequipo.com.mx\/#organization\"},\"image\":{\"@id\":\"https:\/\/www.sonoraenequipo.com.mx\/claudia-sheinbaum-manifiesta-su-respaldo-a-la-cfe-y-confia-en-sus-trabajadores\/#primaryimage\"},\"thumbnailUrl\":\"https:\/\/www.sonoraenequipo.com.mx\/storage\/2021\/12\/Sheinbaum-gobierno-CDMX_opt.jpg\",\"articleSection\":[\"Rep\u00fablica\"],\"inLanguage\":\"es\",\"potentialAction\":[{\"@type\":\"CommentAction\",\"name\":\"Comment\",\"target\":[\"https:\/\/www.sonoraenequipo.com.mx\/claudia-sheinbaum-manifiesta-su-respaldo-a-la-cfe-y-confia-en-sus-trabajadores\/#respond\"]}]},{\"@type\":\"WebPage\",\"@id\":\"https:\/\/www.sonoraenequipo.com.mx\/claudia-sheinbaum-manifiesta-su-respaldo-a-la-cfe-y-confia-en-sus-trabajadores\/\",\"url\":\"https:\/\/www.sonoraenequipo.com.mx\/claudia-sheinbaum-manifiesta-su-respaldo-a-la-cfe-y-confia-en-sus-trabajadores\/\",\"name\":\"Sonora en Equipo. Claudia Sheinbaum, manifiesta su respaldo a la CFE y confia en sus trabajadores Rep\u00fablica\",\"isPartOf\":{\"@id\":\"https:\/\/www.sonoraenequipo.com.mx\/#website\"},\"primaryImageOfPage\":{\"@id\":\"https:\/\/www.sonoraenequipo.com.mx\/claudia-sheinbaum-manifiesta-su-respaldo-a-la-cfe-y-confia-en-sus-trabajadores\/#primaryimage\"},\"image\":{\"@id\":\"https:\/\/www.sonoraenequipo.com.mx\/claudia-sheinbaum-manifiesta-su-respaldo-a-la-cfe-y-confia-en-sus-trabajadores\/#primaryimage\"},\"thumbnailUrl\":\"https:\/\/www.sonoraenequipo.com.mx\/storage\/2021\/12\/Sheinbaum-gobierno-CDMX_opt.jpg\",\"datePublished\":\"2021-12-14T20:45:55+00:00\",\"dateModified\":\"2021-12-15T16:59:48+00:00\",\"description\":\"CDMX. M\u00c9XICO. \u2014 Tras supervisar los trabajos de la subestaci\u00f3n de alta tensi\u00f3n Buen Tono del Metro, la jefa de gobierno, manifest\u00f3 su respaldo a la En Sonora en Equipo publicamos toda la informaci\u00f3n de Sonora, M\u00e9xico y el Mundo de manera oportuna y busca que la libertad de expresi\u00f3n sea real. Visita nuestro medio informativo publicado desde Hermosillo, Sonora. %\",\"breadcrumb\":{\"@id\":\"https:\/\/www.sonoraenequipo.com.mx\/claudia-sheinbaum-manifiesta-su-respaldo-a-la-cfe-y-confia-en-sus-trabajadores\/#breadcrumb\"},\"inLanguage\":\"es\",\"potentialAction\":[{\"@type\":\"ReadAction\",\"target\":[\"https:\/\/www.sonoraenequipo.com.mx\/claudia-sheinbaum-manifiesta-su-respaldo-a-la-cfe-y-confia-en-sus-trabajadores\/\"]}]},{\"@type\":\"ImageObject\",\"inLanguage\":\"es\",\"@id\":\"https:\/\/www.sonoraenequipo.com.mx\/claudia-sheinbaum-manifiesta-su-respaldo-a-la-cfe-y-confia-en-sus-trabajadores\/#primaryimage\",\"url\":\"https:\/\/www.sonoraenequipo.com.mx\/storage\/2021\/12\/Sheinbaum-gobierno-CDMX_opt.jpg\",\"contentUrl\":\"https:\/\/www.sonoraenequipo.com.mx\/storage\/2021\/12\/Sheinbaum-gobierno-CDMX_opt.jpg\",\"width\":711,\"height\":400},{\"@type\":\"BreadcrumbList\",\"@id\":\"https:\/\/www.sonoraenequipo.com.mx\/claudia-sheinbaum-manifiesta-su-respaldo-a-la-cfe-y-confia-en-sus-trabajadores\/#breadcrumb\",\"itemListElement\":[{\"@type\":\"ListItem\",\"position\":1,\"name\":\"Portada\",\"item\":\"https:\/\/www.sonoraenequipo.com.mx\/\"},{\"@type\":\"ListItem\",\"position\":2,\"name\":\"Claudia Sheinbaum, manifiesta su respaldo a la CFE y confia en sus trabajadores\"}]},{\"@type\":\"WebSite\",\"@id\":\"https:\/\/www.sonoraenequipo.com.mx\/#website\",\"url\":\"https:\/\/www.sonoraenequipo.com.mx\/\",\"name\":\"Sonora en Equipo.\",\"description\":\"Diario en l\u00ednea con Noticias desde Hermosillo, Sonora\",\"publisher\":{\"@id\":\"https:\/\/www.sonoraenequipo.com.mx\/#organization\"},\"potentialAction\":[{\"@type\":\"SearchAction\",\"target\":{\"@type\":\"EntryPoint\",\"urlTemplate\":\"https:\/\/www.sonoraenequipo.com.mx\/?s={search_term_string}\"},\"query-input\":{\"@type\":\"PropertyValueSpecification\",\"valueRequired\":true,\"valueName\":\"search_term_string\"}}],\"inLanguage\":\"es\"},{\"@type\":\"Organization\",\"@id\":\"https:\/\/www.sonoraenequipo.com.mx\/#organization\",\"name\":\"Sonoraenequipo.com.mx\",\"url\":\"https:\/\/www.sonoraenequipo.com.mx\/\",\"logo\":{\"@type\":\"ImageObject\",\"inLanguage\":\"es\",\"@id\":\"https:\/\/www.sonoraenequipo.com.mx\/#\/schema\/logo\/image\/\",\"url\":\"https:\/\/www.sonoraenequipo.com.mx\/storage\/2019\/01\/sonoraenequipo_opt.png\",\"contentUrl\":\"https:\/\/www.sonoraenequipo.com.mx\/storage\/2019\/01\/sonoraenequipo_opt.png\",\"width\":375,\"height\":125,\"caption\":\"Sonoraenequipo.com.mx\"},\"image\":{\"@id\":\"https:\/\/www.sonoraenequipo.com.mx\/#\/schema\/logo\/image\/\"},\"sameAs\":[\"https:\/\/www.facebook.com\/SonoraEE\/\",\"https:\/\/x.com\/sonoraenequipo\",\"https:\/\/www.youtube.com\/channel\/UC338nW-lPEYmJQs4ZABQ1SQ\"]},{\"@type\":\"Person\",\"@id\":\"https:\/\/www.sonoraenequipo.com.mx\/#\/schema\/person\/50102df0fb23a8fa9e8effad8fa81386\",\"name\":\"enequipo\",\"image\":{\"@type\":\"ImageObject\",\"inLanguage\":\"es\",\"@id\":\"https:\/\/www.sonoraenequipo.com.mx\/#\/schema\/person\/image\/\",\"url\":\"https:\/\/secure.gravatar.com\/avatar\/049821681b589dabc0bc20695993ccebb09f5b5d4d790cd9251b97faac7c652b?s=96&d=blank&r=g\",\"contentUrl\":\"https:\/\/secure.gravatar.com\/avatar\/049821681b589dabc0bc20695993ccebb09f5b5d4d790cd9251b97faac7c652b?s=96&d=blank&r=g\",\"caption\":\"enequipo\"},\"sameAs\":[\"https:\/\/www.facebook.com\/SonoraEE\"]}]}<\/script>\n ","yoast_head_json":{"title":"Sonora en Equipo. Claudia Sheinbaum, manifiesta su respaldo a la CFE y confia en sus trabajadores Rep\u00fablica","description":"CDMX. M\u00c9XICO. \u2014 Tras supervisar los trabajos de la subestaci\u00f3n de alta tensi\u00f3n Buen Tono del Metro, la jefa de gobierno, manifest\u00f3 su respaldo a la En Sonora en Equipo publicamos toda la informaci\u00f3n de Sonora, M\u00e9xico y el Mundo de manera oportuna y busca que la libertad de expresi\u00f3n sea real. Visita nuestro medio informativo publicado desde Hermosillo, Sonora. %","robots":{"index":"index","follow":"follow","max-snippet":"max-snippet:-1","max-image-preview":"max-image-preview:large","max-video-preview":"max-video-preview:-1"},"canonical":"https:\/\/www.sonoraenequipo.com.mx\/claudia-sheinbaum-manifiesta-su-respaldo-a-la-cfe-y-confia-en-sus-trabajadores\/","og_locale":"es_ES","og_type":"article","og_title":"Sonora en Equipo. Claudia Sheinbaum, manifiesta su respaldo a la CFE y confia en sus trabajadores Rep\u00fablica","og_description":"CDMX. M\u00c9XICO. \u2014 Tras supervisar los trabajos de la subestaci\u00f3n de alta tensi\u00f3n Buen Tono del Metro, la jefa de gobierno, manifest\u00f3 su respaldo a la En Sonora en Equipo publicamos toda la informaci\u00f3n de Sonora, M\u00e9xico y el Mundo de manera oportuna y busca que la libertad de expresi\u00f3n sea real. Visita nuestro medio informativo publicado desde Hermosillo, Sonora. %","og_url":"https:\/\/www.sonoraenequipo.com.mx\/claudia-sheinbaum-manifiesta-su-respaldo-a-la-cfe-y-confia-en-sus-trabajadores\/","og_site_name":"Sonora en Equipo.","article_publisher":"https:\/\/www.facebook.com\/SonoraEE\/","article_author":"https:\/\/www.facebook.com\/SonoraEE","article_published_time":"2021-12-14T20:45:55+00:00","article_modified_time":"2021-12-15T16:59:48+00:00","og_image":[{"width":711,"height":400,"url":"https:\/\/www.sonoraenequipo.com.mx\/storage\/2021\/12\/Sheinbaum-gobierno-CDMX_opt.jpg","type":"image\/jpeg"}],"author":"enequipo","twitter_card":"summary_large_image","twitter_creator":"@sonoraenequipo","twitter_site":"@sonoraenequipo","twitter_misc":{"Escrito por":"enequipo","Tiempo de lectura":"2 minutos"},"schema":{"@context":"https:\/\/schema.org","@graph":[{"@type":"Article","@id":"https:\/\/www.sonoraenequipo.com.mx\/claudia-sheinbaum-manifiesta-su-respaldo-a-la-cfe-y-confia-en-sus-trabajadores\/#article","isPartOf":{"@id":"https:\/\/www.sonoraenequipo.com.mx\/claudia-sheinbaum-manifiesta-su-respaldo-a-la-cfe-y-confia-en-sus-trabajadores\/"},"author":{"name":"enequipo","@id":"https:\/\/www.sonoraenequipo.com.mx\/#\/schema\/person\/50102df0fb23a8fa9e8effad8fa81386"},"headline":"Claudia Sheinbaum, manifiesta su respaldo a la CFE y confia en sus trabajadores","datePublished":"2021-12-14T20:45:55+00:00","dateModified":"2021-12-15T16:59:48+00:00","mainEntityOfPage":{"@id":"https:\/\/www.sonoraenequipo.com.mx\/claudia-sheinbaum-manifiesta-su-respaldo-a-la-cfe-y-confia-en-sus-trabajadores\/"},"wordCount":453,"commentCount":0,"publisher":{"@id":"https:\/\/www.sonoraenequipo.com.mx\/#organization"},"image":{"@id":"https:\/\/www.sonoraenequipo.com.mx\/claudia-sheinbaum-manifiesta-su-respaldo-a-la-cfe-y-confia-en-sus-trabajadores\/#primaryimage"},"thumbnailUrl":"https:\/\/www.sonoraenequipo.com.mx\/storage\/2021\/12\/Sheinbaum-gobierno-CDMX_opt.jpg","articleSection":["Rep\u00fablica"],"inLanguage":"es","potentialAction":[{"@type":"CommentAction","name":"Comment","target":["https:\/\/www.sonoraenequipo.com.mx\/claudia-sheinbaum-manifiesta-su-respaldo-a-la-cfe-y-confia-en-sus-trabajadores\/#respond"]}]},{"@type":"WebPage","@id":"https:\/\/www.sonoraenequipo.com.mx\/claudia-sheinbaum-manifiesta-su-respaldo-a-la-cfe-y-confia-en-sus-trabajadores\/","url":"https:\/\/www.sonoraenequipo.com.mx\/claudia-sheinbaum-manifiesta-su-respaldo-a-la-cfe-y-confia-en-sus-trabajadores\/","name":"Sonora en Equipo. Claudia Sheinbaum, manifiesta su respaldo a la CFE y confia en sus trabajadores Rep\u00fablica","isPartOf":{"@id":"https:\/\/www.sonoraenequipo.com.mx\/#website"},"primaryImageOfPage":{"@id":"https:\/\/www.sonoraenequipo.com.mx\/claudia-sheinbaum-manifiesta-su-respaldo-a-la-cfe-y-confia-en-sus-trabajadores\/#primaryimage"},"image":{"@id":"https:\/\/www.sonoraenequipo.com.mx\/claudia-sheinbaum-manifiesta-su-respaldo-a-la-cfe-y-confia-en-sus-trabajadores\/#primaryimage"},"thumbnailUrl":"https:\/\/www.sonoraenequipo.com.mx\/storage\/2021\/12\/Sheinbaum-gobierno-CDMX_opt.jpg","datePublished":"2021-12-14T20:45:55+00:00","dateModified":"2021-12-15T16:59:48+00:00","description":"CDMX. M\u00c9XICO. \u2014 Tras supervisar los trabajos de la subestaci\u00f3n de alta tensi\u00f3n Buen Tono del Metro, la jefa de gobierno, manifest\u00f3 su respaldo a la En Sonora en Equipo publicamos toda la informaci\u00f3n de Sonora, M\u00e9xico y el Mundo de manera oportuna y busca que la libertad de expresi\u00f3n sea real. Visita nuestro medio informativo publicado desde Hermosillo, Sonora. %","breadcrumb":{"@id":"https:\/\/www.sonoraenequipo.com.mx\/claudia-sheinbaum-manifiesta-su-respaldo-a-la-cfe-y-confia-en-sus-trabajadores\/#breadcrumb"},"inLanguage":"es","potentialAction":[{"@type":"ReadAction","target":["https:\/\/www.sonoraenequipo.com.mx\/claudia-sheinbaum-manifiesta-su-respaldo-a-la-cfe-y-confia-en-sus-trabajadores\/"]}]},{"@type":"ImageObject","inLanguage":"es","@id":"https:\/\/www.sonoraenequipo.com.mx\/claudia-sheinbaum-manifiesta-su-respaldo-a-la-cfe-y-confia-en-sus-trabajadores\/#primaryimage","url":"https:\/\/www.sonoraenequipo.com.mx\/storage\/2021\/12\/Sheinbaum-gobierno-CDMX_opt.jpg","contentUrl":"https:\/\/www.sonoraenequipo.com.mx\/storage\/2021\/12\/Sheinbaum-gobierno-CDMX_opt.jpg","width":711,"height":400},{"@type":"BreadcrumbList","@id":"https:\/\/www.sonoraenequipo.com.mx\/claudia-sheinbaum-manifiesta-su-respaldo-a-la-cfe-y-confia-en-sus-trabajadores\/#breadcrumb","itemListElement":[{"@type":"ListItem","position":1,"name":"Portada","item":"https:\/\/www.sonoraenequipo.com.mx\/"},{"@type":"ListItem","position":2,"name":"Claudia Sheinbaum, manifiesta su respaldo a la CFE y confia en sus trabajadores"}]},{"@type":"WebSite","@id":"https:\/\/www.sonoraenequipo.com.mx\/#website","url":"https:\/\/www.sonoraenequipo.com.mx\/","name":"Sonora en Equipo.","description":"Diario en l\u00ednea con Noticias desde Hermosillo, Sonora","publisher":{"@id":"https:\/\/www.sonoraenequipo.com.mx\/#organization"},"potentialAction":[{"@type":"SearchAction","target":{"@type":"EntryPoint","urlTemplate":"https:\/\/www.sonoraenequipo.com.mx\/?s={search_term_string}"},"query-input":{"@type":"PropertyValueSpecification","valueRequired":true,"valueName":"search_term_string"}}],"inLanguage":"es"},{"@type":"Organization","@id":"https:\/\/www.sonoraenequipo.com.mx\/#organization","name":"Sonoraenequipo.com.mx","url":"https:\/\/www.sonoraenequipo.com.mx\/","logo":{"@type":"ImageObject","inLanguage":"es","@id":"https:\/\/www.sonoraenequipo.com.mx\/#\/schema\/logo\/image\/","url":"https:\/\/www.sonoraenequipo.com.mx\/storage\/2019\/01\/sonoraenequipo_opt.png","contentUrl":"https:\/\/www.sonoraenequipo.com.mx\/storage\/2019\/01\/sonoraenequipo_opt.png","width":375,"height":125,"caption":"Sonoraenequipo.com.mx"},"image":{"@id":"https:\/\/www.sonoraenequipo.com.mx\/#\/schema\/logo\/image\/"},"sameAs":["https:\/\/www.facebook.com\/SonoraEE\/","https:\/\/x.com\/sonoraenequipo","https:\/\/www.youtube.com\/channel\/UC338nW-lPEYmJQs4ZABQ1SQ"]},{"@type":"Person","@id":"https:\/\/www.sonoraenequipo.com.mx\/#\/schema\/person\/50102df0fb23a8fa9e8effad8fa81386","name":"enequipo","image":{"@type":"ImageObject","inLanguage":"es","@id":"https:\/\/www.sonoraenequipo.com.mx\/#\/schema\/person\/image\/","url":"https:\/\/secure.gravatar.com\/avatar\/049821681b589dabc0bc20695993ccebb09f5b5d4d790cd9251b97faac7c652b?s=96&d=blank&r=g","contentUrl":"https:\/\/secure.gravatar.com\/avatar\/049821681b589dabc0bc20695993ccebb09f5b5d4d790cd9251b97faac7c652b?s=96&d=blank&r=g","caption":"enequipo"},"sameAs":["https:\/\/www.facebook.com\/SonoraEE"]}]}},"jetpack_featured_media_url":"https:\/\/www.sonoraenequipo.com.mx\/storage\/2021\/12\/Sheinbaum-gobierno-CDMX_opt.jpg","_links":{"self":[{"href":"https:\/\/www.sonoraenequipo.com.mx\/api\/wp\/v2\/posts\/129598","targetHints":{"allow":["GET"]}}],"collection":[{"href":"https:\/\/www.sonoraenequipo.com.mx\/api\/wp\/v2\/posts"}],"about":[{"href":"https:\/\/www.sonoraenequipo.com.mx\/api\/wp\/v2\/types\/post"}],"author":[{"embeddable":true,"href":"https:\/\/www.sonoraenequipo.com.mx\/api\/wp\/v2\/users\/1"}],"replies":[{"embeddable":true,"href":"https:\/\/www.sonoraenequipo.com.mx\/api\/wp\/v2\/comments?post=129598"}],"version-history":[{"count":1,"href":"https:\/\/www.sonoraenequipo.com.mx\/api\/wp\/v2\/posts\/129598\/revisions"}],"predecessor-version":[{"id":129599,"href":"https:\/\/www.sonoraenequipo.com.mx\/api\/wp\/v2\/posts\/129598\/revisions\/129599"}],"wp:featuredmedia":[{"embeddable":true,"href":"https:\/\/www.sonoraenequipo.com.mx\/api\/wp\/v2\/media\/129585"}],"wp:attachment":[{"href":"https:\/\/www.sonoraenequipo.com.mx\/api\/wp\/v2\/media?parent=129598"}],"wp:term":[{"taxonomy":"category","embeddable":true,"href":"https:\/\/www.sonoraenequipo.com.mx\/api\/wp\/v2\/categories?post=129598"},{"taxonomy":"post_tag","embeddable":true,"href":"https:\/\/www.sonoraenequipo.com.mx\/api\/wp\/v2\/tags?post=129598"}],"curies":[{"name":"wp","href":"https:\/\/api.w.org\/{rel}","templated":true}]}}