{"id":129600,"date":"2021-12-14T15:18:38","date_gmt":"2021-12-14T22:18:38","guid":{"rendered":"https:\/\/www.sonoraenequipo.com.mx\/?p=129600"},"modified":"2021-12-15T10:15:55","modified_gmt":"2021-12-15T17:15:55","slug":"ssp-ejercito-y-guardia-nacional-evitan-rescate-de-grupo-delictivo","status":"publish","type":"post","link":"https:\/\/www.sonoraenequipo.com.mx\/ssp-ejercito-y-guardia-nacional-evitan-rescate-de-grupo-delictivo\/","title":{"rendered":"SSP, ejercito y Guardia Nacional evitan rescate de grupo delictivo"},"content":{"rendered":"<p>GUADALAJARA, JALISCO. MX. \u2014 Luego del enfrentamiento entre civiles en el municipio de Teocaltiche, Jalisco, que deriv\u00f3 en la detenci\u00f3n de tres personas, el grupo delictivo intent\u00f3 rescatarlos sin embargo, se despleg\u00f3 un estado de fuerza importante y se impidi\u00f3 que esto sucediera, as\u00ed lo confirm\u00f3 el titular de la Secretar\u00eda de Seguridad P\u00fablica, Juan Bosco Agust\u00edn Pacheco.<\/p>\n<p>&nbsp;<\/p>\n<p>&nbsp;<\/p>\n<p><em>\u201cEn coordinaci\u00f3n con fuerzas federales, Guardia Nacional, Ej\u00e9rcito mexicano, a ra\u00edz se logr\u00f3 la detenci\u00f3n de tres personas en un veh\u00edculo robado, se est\u00e1 realizando lo propio con la Fiscal\u00eda porque de los radios que ellos ten\u00edan, se percataron los compa\u00f1eros que trataban de rescatarlos, afortunadamente el despliegue fue importante, los compa\u00f1eros hicieron lo propio y los detenidos est\u00e1n frente a la autoridad competente\u201d<\/em>, explic\u00f3.<\/p>\n<p>&nbsp;<\/p>\n<p>&nbsp;<\/p>\n<p>El enfrentamiento tuvo lugar en los l\u00edmites con el estado de Zacatecas y se tiene la presunci\u00f3n de que los detenidos ya han participados en otros incidentes adem\u00e1s de que fueron detectados debido a que el veh\u00edculo que conduc\u00edan al momento de su detenci\u00f3n, contaba con reporte de robo en las plazas y en el serial del auto.<\/p>\n<p>&nbsp;<\/p>\n<p>&nbsp;<\/p>\n<p>Bosco Agust\u00edn Pacheco dijo que ya se buscaba el veh\u00edculo y que fue gracias a los operativos que se reforzaron en este municipio que se pudo localizar el veh\u00edculo y detener a quienes lo tripulaban.<\/p>\n<p>&nbsp;<\/p>\n<p>Aunque no dijo, por cuestiones de seguridad, la cantidad de elementos que se encuentra llevando a cabo estos operativos en las calles del municipio ubicado en la zona norte de la entidad.<\/p>\n<p>&nbsp;<\/p>\n<p>Derivado de este enfrentamiento ocurrido hace una semana, se aseguraron ocho veh\u00edculos, tres de ellos contaban con blindaje artesanal y en el interior de uno de \u00e9stos, se localizaron siete cuerpos sin vida.<\/p>\n<p>&nbsp;<\/p>\n<p>Tambi\u00e9n se decomisaron dos granadas calibre 40, un arma larga y en el lugar del enfrentamiento, se contabilizaron m\u00e1s de cien casquillos percutidos.<\/p>\n<p>&nbsp;<\/p>\n<p>&nbsp;<\/p>\n<p>(Publicada el 14\/12\/2021)<\/p>\n","protected":false},"excerpt":{"rendered":"<p>GUADALAJARA, JALISCO. MX. \u2014 Luego del enfrentamiento entre civiles en el municipio de Teocaltiche, Jalisco,&#8230;<\/p>\n","protected":false},"author":1,"featured_media":129601,"comment_status":"open","ping_status":"open","sticky":false,"template":"","format":"standard","meta":{"_monsterinsights_skip_tracking":false,"_monsterinsights_sitenote_active":false,"_monsterinsights_sitenote_note":"","_monsterinsights_sitenote_category":0,"footnotes":""},"categories":[5],"tags":[],"class_list":["post"],"yoast_head":" \n<title>Sonora en Equipo. SSP, ejercito y Guardia Nacional evitan rescate de grupo delictivo Rep\u00fablica<\/title>\n<meta name=\"description\" content=\"GUADALAJARA, JALISCO. MX. \u2014 Luego del enfrentamiento entre civiles en el municipio de Teocaltiche, Jalisco, que deriv\u00f3 en la detenci\u00f3n de tres personas, En Sonora en Equipo publicamos toda la informaci\u00f3n de Sonora, M\u00e9xico y el Mundo de manera oportuna y busca que la libertad de expresi\u00f3n sea real. Visita nuestro medio informativo publicado desde Hermosillo, Sonora. %\" \/>\n<meta name=\"robots\" content=\"index, follow, max-snippet:-1, max-image-preview:large, max-video-preview:-1\" \/>\n<link rel=\"canonical\" href=\"https:\/\/www.sonoraenequipo.com.mx\/ssp-ejercito-y-guardia-nacional-evitan-rescate-de-grupo-delictivo\/\" \/>\n<meta property=\"og:locale\" content=\"es_ES\" \/>\n<meta property=\"og:type\" content=\"article\" \/>\n<meta property=\"og:title\" content=\"Sonora en Equipo. SSP, ejercito y Guardia Nacional evitan rescate de grupo delictivo Rep\u00fablica\" \/>\n<meta property=\"og:description\" content=\"GUADALAJARA, JALISCO. MX. \u2014 Luego del enfrentamiento entre civiles en el municipio de Teocaltiche, Jalisco, que deriv\u00f3 en la detenci\u00f3n de tres personas, En Sonora en Equipo publicamos toda la informaci\u00f3n de Sonora, M\u00e9xico y el Mundo de manera oportuna y busca que la libertad de expresi\u00f3n sea real. Visita nuestro medio informativo publicado desde Hermosillo, Sonora. %\" \/>\n<meta property=\"og:url\" content=\"https:\/\/www.sonoraenequipo.com.mx\/ssp-ejercito-y-guardia-nacional-evitan-rescate-de-grupo-delictivo\/\" \/>\n<meta property=\"og:site_name\" content=\"Sonora en Equipo.\" \/>\n<meta property=\"article:publisher\" content=\"https:\/\/www.facebook.com\/SonoraEE\/\" \/>\n<meta property=\"article:author\" content=\"https:\/\/www.facebook.com\/SonoraEE\" \/>\n<meta property=\"article:published_time\" content=\"2021-12-14T22:18:38+00:00\" \/>\n<meta property=\"article:modified_time\" content=\"2021-12-15T17:15:55+00:00\" \/>\n<meta property=\"og:image\" content=\"https:\/\/www.sonoraenequipo.com.mx\/storage\/2021\/12\/Guardia-Nacional-y-Ejercito_opt.jpg\" \/>\n\t<meta property=\"og:image:width\" content=\"700\" \/>\n\t<meta property=\"og:image:height\" content=\"400\" \/>\n\t<meta property=\"og:image:type\" content=\"image\/jpeg\" \/>\n<meta name=\"author\" content=\"enequipo\" \/>\n<meta name=\"twitter:card\" content=\"summary_large_image\" \/>\n<meta name=\"twitter:creator\" content=\"@sonoraenequipo\" \/>\n<meta name=\"twitter:site\" content=\"@sonoraenequipo\" \/>\n<meta name=\"twitter:label1\" content=\"Escrito por\" \/>\n\t<meta name=\"twitter:data1\" content=\"enequipo\" \/>\n\t<meta name=\"twitter:label2\" content=\"Tiempo de lectura\" \/>\n\t<meta name=\"twitter:data2\" content=\"2 minutos\" \/>\n<script type=\"application\/ld+json\" class=\"yoast-schema-graph\">{\"@context\":\"https:\/\/schema.org\",\"@graph\":[{\"@type\":\"Article\",\"@id\":\"https:\/\/www.sonoraenequipo.com.mx\/ssp-ejercito-y-guardia-nacional-evitan-rescate-de-grupo-delictivo\/#article\",\"isPartOf\":{\"@id\":\"https:\/\/www.sonoraenequipo.com.mx\/ssp-ejercito-y-guardia-nacional-evitan-rescate-de-grupo-delictivo\/\"},\"author\":{\"name\":\"enequipo\",\"@id\":\"https:\/\/www.sonoraenequipo.com.mx\/#\/schema\/person\/50102df0fb23a8fa9e8effad8fa81386\"},\"headline\":\"SSP, ejercito y Guardia Nacional evitan rescate de grupo delictivo\",\"datePublished\":\"2021-12-14T22:18:38+00:00\",\"dateModified\":\"2021-12-15T17:15:55+00:00\",\"mainEntityOfPage\":{\"@id\":\"https:\/\/www.sonoraenequipo.com.mx\/ssp-ejercito-y-guardia-nacional-evitan-rescate-de-grupo-delictivo\/\"},\"wordCount\":351,\"commentCount\":0,\"publisher\":{\"@id\":\"https:\/\/www.sonoraenequipo.com.mx\/#organization\"},\"image\":{\"@id\":\"https:\/\/www.sonoraenequipo.com.mx\/ssp-ejercito-y-guardia-nacional-evitan-rescate-de-grupo-delictivo\/#primaryimage\"},\"thumbnailUrl\":\"https:\/\/www.sonoraenequipo.com.mx\/storage\/2021\/12\/Guardia-Nacional-y-Ejercito_opt.jpg\",\"articleSection\":[\"Rep\u00fablica\"],\"inLanguage\":\"es\",\"potentialAction\":[{\"@type\":\"CommentAction\",\"name\":\"Comment\",\"target\":[\"https:\/\/www.sonoraenequipo.com.mx\/ssp-ejercito-y-guardia-nacional-evitan-rescate-de-grupo-delictivo\/#respond\"]}]},{\"@type\":\"WebPage\",\"@id\":\"https:\/\/www.sonoraenequipo.com.mx\/ssp-ejercito-y-guardia-nacional-evitan-rescate-de-grupo-delictivo\/\",\"url\":\"https:\/\/www.sonoraenequipo.com.mx\/ssp-ejercito-y-guardia-nacional-evitan-rescate-de-grupo-delictivo\/\",\"name\":\"Sonora en Equipo. SSP, ejercito y Guardia Nacional evitan rescate de grupo delictivo Rep\u00fablica\",\"isPartOf\":{\"@id\":\"https:\/\/www.sonoraenequipo.com.mx\/#website\"},\"primaryImageOfPage\":{\"@id\":\"https:\/\/www.sonoraenequipo.com.mx\/ssp-ejercito-y-guardia-nacional-evitan-rescate-de-grupo-delictivo\/#primaryimage\"},\"image\":{\"@id\":\"https:\/\/www.sonoraenequipo.com.mx\/ssp-ejercito-y-guardia-nacional-evitan-rescate-de-grupo-delictivo\/#primaryimage\"},\"thumbnailUrl\":\"https:\/\/www.sonoraenequipo.com.mx\/storage\/2021\/12\/Guardia-Nacional-y-Ejercito_opt.jpg\",\"datePublished\":\"2021-12-14T22:18:38+00:00\",\"dateModified\":\"2021-12-15T17:15:55+00:00\",\"description\":\"GUADALAJARA, JALISCO. MX. \u2014 Luego del enfrentamiento entre civiles en el municipio de Teocaltiche, Jalisco, que deriv\u00f3 en la detenci\u00f3n de tres personas, En Sonora en Equipo publicamos toda la informaci\u00f3n de Sonora, M\u00e9xico y el Mundo de manera oportuna y busca que la libertad de expresi\u00f3n sea real. Visita nuestro medio informativo publicado desde Hermosillo, Sonora. %\",\"breadcrumb\":{\"@id\":\"https:\/\/www.sonoraenequipo.com.mx\/ssp-ejercito-y-guardia-nacional-evitan-rescate-de-grupo-delictivo\/#breadcrumb\"},\"inLanguage\":\"es\",\"potentialAction\":[{\"@type\":\"ReadAction\",\"target\":[\"https:\/\/www.sonoraenequipo.com.mx\/ssp-ejercito-y-guardia-nacional-evitan-rescate-de-grupo-delictivo\/\"]}]},{\"@type\":\"ImageObject\",\"inLanguage\":\"es\",\"@id\":\"https:\/\/www.sonoraenequipo.com.mx\/ssp-ejercito-y-guardia-nacional-evitan-rescate-de-grupo-delictivo\/#primaryimage\",\"url\":\"https:\/\/www.sonoraenequipo.com.mx\/storage\/2021\/12\/Guardia-Nacional-y-Ejercito_opt.jpg\",\"contentUrl\":\"https:\/\/www.sonoraenequipo.com.mx\/storage\/2021\/12\/Guardia-Nacional-y-Ejercito_opt.jpg\",\"width\":700,\"height\":400},{\"@type\":\"BreadcrumbList\",\"@id\":\"https:\/\/www.sonoraenequipo.com.mx\/ssp-ejercito-y-guardia-nacional-evitan-rescate-de-grupo-delictivo\/#breadcrumb\",\"itemListElement\":[{\"@type\":\"ListItem\",\"position\":1,\"name\":\"Portada\",\"item\":\"https:\/\/www.sonoraenequipo.com.mx\/\"},{\"@type\":\"ListItem\",\"position\":2,\"name\":\"SSP, ejercito y Guardia Nacional evitan rescate de grupo delictivo\"}]},{\"@type\":\"WebSite\",\"@id\":\"https:\/\/www.sonoraenequipo.com.mx\/#website\",\"url\":\"https:\/\/www.sonoraenequipo.com.mx\/\",\"name\":\"Sonora en Equipo.\",\"description\":\"Diario en l\u00ednea con Noticias desde Hermosillo, Sonora\",\"publisher\":{\"@id\":\"https:\/\/www.sonoraenequipo.com.mx\/#organization\"},\"potentialAction\":[{\"@type\":\"SearchAction\",\"target\":{\"@type\":\"EntryPoint\",\"urlTemplate\":\"https:\/\/www.sonoraenequipo.com.mx\/?s={search_term_string}\"},\"query-input\":{\"@type\":\"PropertyValueSpecification\",\"valueRequired\":true,\"valueName\":\"search_term_string\"}}],\"inLanguage\":\"es\"},{\"@type\":\"Organization\",\"@id\":\"https:\/\/www.sonoraenequipo.com.mx\/#organization\",\"name\":\"Sonoraenequipo.com.mx\",\"url\":\"https:\/\/www.sonoraenequipo.com.mx\/\",\"logo\":{\"@type\":\"ImageObject\",\"inLanguage\":\"es\",\"@id\":\"https:\/\/www.sonoraenequipo.com.mx\/#\/schema\/logo\/image\/\",\"url\":\"https:\/\/www.sonoraenequipo.com.mx\/storage\/2019\/01\/sonoraenequipo_opt.png\",\"contentUrl\":\"https:\/\/www.sonoraenequipo.com.mx\/storage\/2019\/01\/sonoraenequipo_opt.png\",\"width\":375,\"height\":125,\"caption\":\"Sonoraenequipo.com.mx\"},\"image\":{\"@id\":\"https:\/\/www.sonoraenequipo.com.mx\/#\/schema\/logo\/image\/\"},\"sameAs\":[\"https:\/\/www.facebook.com\/SonoraEE\/\",\"https:\/\/x.com\/sonoraenequipo\",\"https:\/\/www.youtube.com\/channel\/UC338nW-lPEYmJQs4ZABQ1SQ\"]},{\"@type\":\"Person\",\"@id\":\"https:\/\/www.sonoraenequipo.com.mx\/#\/schema\/person\/50102df0fb23a8fa9e8effad8fa81386\",\"name\":\"enequipo\",\"image\":{\"@type\":\"ImageObject\",\"inLanguage\":\"es\",\"@id\":\"https:\/\/www.sonoraenequipo.com.mx\/#\/schema\/person\/image\/\",\"url\":\"https:\/\/secure.gravatar.com\/avatar\/049821681b589dabc0bc20695993ccebb09f5b5d4d790cd9251b97faac7c652b?s=96&d=blank&r=g\",\"contentUrl\":\"https:\/\/secure.gravatar.com\/avatar\/049821681b589dabc0bc20695993ccebb09f5b5d4d790cd9251b97faac7c652b?s=96&d=blank&r=g\",\"caption\":\"enequipo\"},\"sameAs\":[\"https:\/\/www.facebook.com\/SonoraEE\"]}]}<\/script>\n ","yoast_head_json":{"title":"Sonora en Equipo. SSP, ejercito y Guardia Nacional evitan rescate de grupo delictivo Rep\u00fablica","description":"GUADALAJARA, JALISCO. MX. \u2014 Luego del enfrentamiento entre civiles en el municipio de Teocaltiche, Jalisco, que deriv\u00f3 en la detenci\u00f3n de tres personas, En Sonora en Equipo publicamos toda la informaci\u00f3n de Sonora, M\u00e9xico y el Mundo de manera oportuna y busca que la libertad de expresi\u00f3n sea real. Visita nuestro medio informativo publicado desde Hermosillo, Sonora. %","robots":{"index":"index","follow":"follow","max-snippet":"max-snippet:-1","max-image-preview":"max-image-preview:large","max-video-preview":"max-video-preview:-1"},"canonical":"https:\/\/www.sonoraenequipo.com.mx\/ssp-ejercito-y-guardia-nacional-evitan-rescate-de-grupo-delictivo\/","og_locale":"es_ES","og_type":"article","og_title":"Sonora en Equipo. SSP, ejercito y Guardia Nacional evitan rescate de grupo delictivo Rep\u00fablica","og_description":"GUADALAJARA, JALISCO. MX. \u2014 Luego del enfrentamiento entre civiles en el municipio de Teocaltiche, Jalisco, que deriv\u00f3 en la detenci\u00f3n de tres personas, En Sonora en Equipo publicamos toda la informaci\u00f3n de Sonora, M\u00e9xico y el Mundo de manera oportuna y busca que la libertad de expresi\u00f3n sea real. Visita nuestro medio informativo publicado desde Hermosillo, Sonora. %","og_url":"https:\/\/www.sonoraenequipo.com.mx\/ssp-ejercito-y-guardia-nacional-evitan-rescate-de-grupo-delictivo\/","og_site_name":"Sonora en Equipo.","article_publisher":"https:\/\/www.facebook.com\/SonoraEE\/","article_author":"https:\/\/www.facebook.com\/SonoraEE","article_published_time":"2021-12-14T22:18:38+00:00","article_modified_time":"2021-12-15T17:15:55+00:00","og_image":[{"width":700,"height":400,"url":"https:\/\/www.sonoraenequipo.com.mx\/storage\/2021\/12\/Guardia-Nacional-y-Ejercito_opt.jpg","type":"image\/jpeg"}],"author":"enequipo","twitter_card":"summary_large_image","twitter_creator":"@sonoraenequipo","twitter_site":"@sonoraenequipo","twitter_misc":{"Escrito por":"enequipo","Tiempo de lectura":"2 minutos"},"schema":{"@context":"https:\/\/schema.org","@graph":[{"@type":"Article","@id":"https:\/\/www.sonoraenequipo.com.mx\/ssp-ejercito-y-guardia-nacional-evitan-rescate-de-grupo-delictivo\/#article","isPartOf":{"@id":"https:\/\/www.sonoraenequipo.com.mx\/ssp-ejercito-y-guardia-nacional-evitan-rescate-de-grupo-delictivo\/"},"author":{"name":"enequipo","@id":"https:\/\/www.sonoraenequipo.com.mx\/#\/schema\/person\/50102df0fb23a8fa9e8effad8fa81386"},"headline":"SSP, ejercito y Guardia Nacional evitan rescate de grupo delictivo","datePublished":"2021-12-14T22:18:38+00:00","dateModified":"2021-12-15T17:15:55+00:00","mainEntityOfPage":{"@id":"https:\/\/www.sonoraenequipo.com.mx\/ssp-ejercito-y-guardia-nacional-evitan-rescate-de-grupo-delictivo\/"},"wordCount":351,"commentCount":0,"publisher":{"@id":"https:\/\/www.sonoraenequipo.com.mx\/#organization"},"image":{"@id":"https:\/\/www.sonoraenequipo.com.mx\/ssp-ejercito-y-guardia-nacional-evitan-rescate-de-grupo-delictivo\/#primaryimage"},"thumbnailUrl":"https:\/\/www.sonoraenequipo.com.mx\/storage\/2021\/12\/Guardia-Nacional-y-Ejercito_opt.jpg","articleSection":["Rep\u00fablica"],"inLanguage":"es","potentialAction":[{"@type":"CommentAction","name":"Comment","target":["https:\/\/www.sonoraenequipo.com.mx\/ssp-ejercito-y-guardia-nacional-evitan-rescate-de-grupo-delictivo\/#respond"]}]},{"@type":"WebPage","@id":"https:\/\/www.sonoraenequipo.com.mx\/ssp-ejercito-y-guardia-nacional-evitan-rescate-de-grupo-delictivo\/","url":"https:\/\/www.sonoraenequipo.com.mx\/ssp-ejercito-y-guardia-nacional-evitan-rescate-de-grupo-delictivo\/","name":"Sonora en Equipo. SSP, ejercito y Guardia Nacional evitan rescate de grupo delictivo Rep\u00fablica","isPartOf":{"@id":"https:\/\/www.sonoraenequipo.com.mx\/#website"},"primaryImageOfPage":{"@id":"https:\/\/www.sonoraenequipo.com.mx\/ssp-ejercito-y-guardia-nacional-evitan-rescate-de-grupo-delictivo\/#primaryimage"},"image":{"@id":"https:\/\/www.sonoraenequipo.com.mx\/ssp-ejercito-y-guardia-nacional-evitan-rescate-de-grupo-delictivo\/#primaryimage"},"thumbnailUrl":"https:\/\/www.sonoraenequipo.com.mx\/storage\/2021\/12\/Guardia-Nacional-y-Ejercito_opt.jpg","datePublished":"2021-12-14T22:18:38+00:00","dateModified":"2021-12-15T17:15:55+00:00","description":"GUADALAJARA, JALISCO. MX. \u2014 Luego del enfrentamiento entre civiles en el municipio de Teocaltiche, Jalisco, que deriv\u00f3 en la detenci\u00f3n de tres personas, En Sonora en Equipo publicamos toda la informaci\u00f3n de Sonora, M\u00e9xico y el Mundo de manera oportuna y busca que la libertad de expresi\u00f3n sea real. Visita nuestro medio informativo publicado desde Hermosillo, Sonora. %","breadcrumb":{"@id":"https:\/\/www.sonoraenequipo.com.mx\/ssp-ejercito-y-guardia-nacional-evitan-rescate-de-grupo-delictivo\/#breadcrumb"},"inLanguage":"es","potentialAction":[{"@type":"ReadAction","target":["https:\/\/www.sonoraenequipo.com.mx\/ssp-ejercito-y-guardia-nacional-evitan-rescate-de-grupo-delictivo\/"]}]},{"@type":"ImageObject","inLanguage":"es","@id":"https:\/\/www.sonoraenequipo.com.mx\/ssp-ejercito-y-guardia-nacional-evitan-rescate-de-grupo-delictivo\/#primaryimage","url":"https:\/\/www.sonoraenequipo.com.mx\/storage\/2021\/12\/Guardia-Nacional-y-Ejercito_opt.jpg","contentUrl":"https:\/\/www.sonoraenequipo.com.mx\/storage\/2021\/12\/Guardia-Nacional-y-Ejercito_opt.jpg","width":700,"height":400},{"@type":"BreadcrumbList","@id":"https:\/\/www.sonoraenequipo.com.mx\/ssp-ejercito-y-guardia-nacional-evitan-rescate-de-grupo-delictivo\/#breadcrumb","itemListElement":[{"@type":"ListItem","position":1,"name":"Portada","item":"https:\/\/www.sonoraenequipo.com.mx\/"},{"@type":"ListItem","position":2,"name":"SSP, ejercito y Guardia Nacional evitan rescate de grupo delictivo"}]},{"@type":"WebSite","@id":"https:\/\/www.sonoraenequipo.com.mx\/#website","url":"https:\/\/www.sonoraenequipo.com.mx\/","name":"Sonora en Equipo.","description":"Diario en l\u00ednea con Noticias desde Hermosillo, Sonora","publisher":{"@id":"https:\/\/www.sonoraenequipo.com.mx\/#organization"},"potentialAction":[{"@type":"SearchAction","target":{"@type":"EntryPoint","urlTemplate":"https:\/\/www.sonoraenequipo.com.mx\/?s={search_term_string}"},"query-input":{"@type":"PropertyValueSpecification","valueRequired":true,"valueName":"search_term_string"}}],"inLanguage":"es"},{"@type":"Organization","@id":"https:\/\/www.sonoraenequipo.com.mx\/#organization","name":"Sonoraenequipo.com.mx","url":"https:\/\/www.sonoraenequipo.com.mx\/","logo":{"@type":"ImageObject","inLanguage":"es","@id":"https:\/\/www.sonoraenequipo.com.mx\/#\/schema\/logo\/image\/","url":"https:\/\/www.sonoraenequipo.com.mx\/storage\/2019\/01\/sonoraenequipo_opt.png","contentUrl":"https:\/\/www.sonoraenequipo.com.mx\/storage\/2019\/01\/sonoraenequipo_opt.png","width":375,"height":125,"caption":"Sonoraenequipo.com.mx"},"image":{"@id":"https:\/\/www.sonoraenequipo.com.mx\/#\/schema\/logo\/image\/"},"sameAs":["https:\/\/www.facebook.com\/SonoraEE\/","https:\/\/x.com\/sonoraenequipo","https:\/\/www.youtube.com\/channel\/UC338nW-lPEYmJQs4ZABQ1SQ"]},{"@type":"Person","@id":"https:\/\/www.sonoraenequipo.com.mx\/#\/schema\/person\/50102df0fb23a8fa9e8effad8fa81386","name":"enequipo","image":{"@type":"ImageObject","inLanguage":"es","@id":"https:\/\/www.sonoraenequipo.com.mx\/#\/schema\/person\/image\/","url":"https:\/\/secure.gravatar.com\/avatar\/049821681b589dabc0bc20695993ccebb09f5b5d4d790cd9251b97faac7c652b?s=96&d=blank&r=g","contentUrl":"https:\/\/secure.gravatar.com\/avatar\/049821681b589dabc0bc20695993ccebb09f5b5d4d790cd9251b97faac7c652b?s=96&d=blank&r=g","caption":"enequipo"},"sameAs":["https:\/\/www.facebook.com\/SonoraEE"]}]}},"jetpack_featured_media_url":"https:\/\/www.sonoraenequipo.com.mx\/storage\/2021\/12\/Guardia-Nacional-y-Ejercito_opt.jpg","_links":{"self":[{"href":"https:\/\/www.sonoraenequipo.com.mx\/api\/wp\/v2\/posts\/129600","targetHints":{"allow":["GET"]}}],"collection":[{"href":"https:\/\/www.sonoraenequipo.com.mx\/api\/wp\/v2\/posts"}],"about":[{"href":"https:\/\/www.sonoraenequipo.com.mx\/api\/wp\/v2\/types\/post"}],"author":[{"embeddable":true,"href":"https:\/\/www.sonoraenequipo.com.mx\/api\/wp\/v2\/users\/1"}],"replies":[{"embeddable":true,"href":"https:\/\/www.sonoraenequipo.com.mx\/api\/wp\/v2\/comments?post=129600"}],"version-history":[{"count":2,"href":"https:\/\/www.sonoraenequipo.com.mx\/api\/wp\/v2\/posts\/129600\/revisions"}],"predecessor-version":[{"id":129603,"href":"https:\/\/www.sonoraenequipo.com.mx\/api\/wp\/v2\/posts\/129600\/revisions\/129603"}],"wp:featuredmedia":[{"embeddable":true,"href":"https:\/\/www.sonoraenequipo.com.mx\/api\/wp\/v2\/media\/129601"}],"wp:attachment":[{"href":"https:\/\/www.sonoraenequipo.com.mx\/api\/wp\/v2\/media?parent=129600"}],"wp:term":[{"taxonomy":"category","embeddable":true,"href":"https:\/\/www.sonoraenequipo.com.mx\/api\/wp\/v2\/categories?post=129600"},{"taxonomy":"post_tag","embeddable":true,"href":"https:\/\/www.sonoraenequipo.com.mx\/api\/wp\/v2\/tags?post=129600"}],"curies":[{"name":"wp","href":"https:\/\/api.w.org\/{rel}","templated":true}]}}