{"id":130119,"date":"2021-12-21T23:12:13","date_gmt":"2021-12-22T06:12:13","guid":{"rendered":"https:\/\/www.sonoraenequipo.com.mx\/?p=130119"},"modified":"2021-12-21T22:06:04","modified_gmt":"2021-12-22T05:06:04","slug":"presenta-rector-de-ues-proyecto-de-transformacion-universitaria","status":"publish","type":"post","link":"https:\/\/www.sonoraenequipo.com.mx\/presenta-rector-de-ues-proyecto-de-transformacion-universitaria\/","title":{"rendered":"Presenta rector de UES proyecto de transformaci\u00f3n universitaria"},"content":{"rendered":"<p>HERMOSILLO, SONORA. MX. \u2014 Lograr la autonom\u00eda de la Universidad Estatal de Sonora (UES), reforzar la vinculaci\u00f3n con los sectores sociales de las comunidades y poner a la administraci\u00f3n central al servicio de la academia, son algunos de los principales ejes del proyecto de transformaci\u00f3n universitaria, destac\u00f3 Armando Moreno Soto.<\/p>\n<p>&nbsp;<\/p>\n<p> <\/p>\n<p>El rector de la UES convoc\u00f3 a docentes y colaboradores universitarios, de las cinco unidades acad\u00e9micas de la instituci\u00f3n, para alentarlos a elevar el servicio que otorga la universidad en beneficio de toda su comunidad, tal como lo establece el art\u00edculo tercero constitucional, que aclara que la democracia es un sistema de vida.<\/p>\n<p>&nbsp;<\/p>\n<p>Moreno Soto expuso los principios y objetivos de su proyecto de transformaci\u00f3n de la UES al personal que labora en las unidades ubicadas en Hermosillo, Navojoa, Benito Ju\u00e1rez, Magdalena y San Luis R\u00edo Colorado, y al concluir escuch\u00f3 atentamente las inquietudes, comentarios y propuestas de la comunidad universitaria a quienes invit\u00f3 a trabajar juntos para llevar a la instituci\u00f3n a nuevas alturas.<\/p>\n<p>&nbsp;<\/p>\n<p><em>\u201cTenemos la encomienda de lograr la autonom\u00eda de la universidad, eso permitir\u00e1 elevarla a un nivel superior en beneficio de toda su comunidad, tal como lo establece el art\u00edculo tercero constitucional, que aclara que la democracia es un sistema de vida. Tambi\u00e9n vamos a reforzar la vinculaci\u00f3n con los sectores sociales de las comunidades y poner a la administraci\u00f3n al servicio de la academia\u201d<\/em>, reiter\u00f3.<\/p>\n<p>&nbsp;<\/p>\n<p>Los docentes de las cinco unidades acad\u00e9micas de las UES expresaron su sentir libremente, plantearon necesidades, inquietudes y proyectos de mejora, aportaciones que fueron escuchadas atentamente por el rector y su equipo para integrarlas al Programa de Desarrollo Institucional 2021-2025.<\/p>\n<p>&nbsp;<\/p>\n<p>En las visitas a cada unidad acad\u00e9mica, el rector tambi\u00e9n se reuni\u00f3 con integrantes del Consejo Directivo de la Universidad, a quienes solicit\u00f3 su intervenci\u00f3n para vincular al empresariado de cada comunidad e invitarlos a contribuir en el mejoramiento de la instituci\u00f3n.<\/p>\n<p>&nbsp;<\/p>\n<p>Asimismo, realiz\u00f3 recorridos por las instalaciones para constatar las condiciones en las que se encuentran y supervis\u00f3 obras en construcci\u00f3n.<\/p>\n<p>&nbsp;<\/p>\n<p>Moreno Soto adelant\u00f3 que visitar\u00e1 nuevamente las cinco unidades acad\u00e9micas de UES durante 2022, para dar seguimiento a los asuntos presentados y se comprometi\u00f3 a seguir con una pol\u00edtica de puertas abiertas que escucha a los docentes y colaboradores.<\/p>\n<p>&nbsp;<\/p>\n<p>(Publicada el 21\/12\/2021)<\/p>\n","protected":false},"excerpt":{"rendered":"<p>HERMOSILLO, SONORA. MX. \u2014 Lograr la autonom\u00eda de la Universidad Estatal de Sonora (UES), reforzar&#8230;<\/p>\n","protected":false},"author":1,"featured_media":130113,"comment_status":"open","ping_status":"open","sticky":false,"template":"","format":"standard","meta":{"_monsterinsights_skip_tracking":false,"_monsterinsights_sitenote_active":false,"_monsterinsights_sitenote_note":"","_monsterinsights_sitenote_category":0,"footnotes":""},"categories":[22],"tags":[],"class_list":["post"],"yoast_head":" \n<title>Sonora en Equipo. Presenta rector de UES proyecto de transformaci\u00f3n universitaria Sonora<\/title>\n<meta name=\"description\" content=\"HERMOSILLO, SONORA. MX. \u2014 Lograr la autonom\u00eda de la Universidad Estatal de Sonora (UES), reforzar la vinculaci\u00f3n con los sectores sociales de las En Sonora en Equipo publicamos toda la informaci\u00f3n de Sonora, M\u00e9xico y el Mundo de manera oportuna y busca que la libertad de expresi\u00f3n sea real. Visita nuestro medio informativo publicado desde Hermosillo, Sonora. %\" \/>\n<meta name=\"robots\" content=\"index, follow, max-snippet:-1, max-image-preview:large, max-video-preview:-1\" \/>\n<link rel=\"canonical\" href=\"https:\/\/www.sonoraenequipo.com.mx\/presenta-rector-de-ues-proyecto-de-transformacion-universitaria\/\" \/>\n<meta property=\"og:locale\" content=\"es_ES\" \/>\n<meta property=\"og:type\" content=\"article\" \/>\n<meta property=\"og:title\" content=\"Sonora en Equipo. Presenta rector de UES proyecto de transformaci\u00f3n universitaria Sonora\" \/>\n<meta property=\"og:description\" content=\"HERMOSILLO, SONORA. MX. \u2014 Lograr la autonom\u00eda de la Universidad Estatal de Sonora (UES), reforzar la vinculaci\u00f3n con los sectores sociales de las En Sonora en Equipo publicamos toda la informaci\u00f3n de Sonora, M\u00e9xico y el Mundo de manera oportuna y busca que la libertad de expresi\u00f3n sea real. Visita nuestro medio informativo publicado desde Hermosillo, Sonora. %\" \/>\n<meta property=\"og:url\" content=\"https:\/\/www.sonoraenequipo.com.mx\/presenta-rector-de-ues-proyecto-de-transformacion-universitaria\/\" \/>\n<meta property=\"og:site_name\" content=\"Sonora en Equipo.\" \/>\n<meta property=\"article:publisher\" content=\"https:\/\/www.facebook.com\/SonoraEE\/\" \/>\n<meta property=\"article:author\" content=\"https:\/\/www.facebook.com\/SonoraEE\" \/>\n<meta property=\"article:published_time\" content=\"2021-12-22T06:12:13+00:00\" \/>\n<meta property=\"og:image\" content=\"https:\/\/www.sonoraenequipo.com.mx\/storage\/2021\/12\/Armando-Moreno-Rector-UES-1221061_opt.jpg\" \/>\n\t<meta property=\"og:image:width\" content=\"700\" \/>\n\t<meta property=\"og:image:height\" content=\"400\" \/>\n\t<meta property=\"og:image:type\" content=\"image\/jpeg\" \/>\n<meta name=\"author\" content=\"enequipo\" \/>\n<meta name=\"twitter:card\" content=\"summary_large_image\" \/>\n<meta name=\"twitter:creator\" content=\"@sonoraenequipo\" \/>\n<meta name=\"twitter:site\" content=\"@sonoraenequipo\" \/>\n<meta name=\"twitter:label1\" content=\"Escrito por\" \/>\n\t<meta name=\"twitter:data1\" content=\"enequipo\" \/>\n\t<meta name=\"twitter:label2\" content=\"Tiempo de lectura\" \/>\n\t<meta name=\"twitter:data2\" content=\"2 minutos\" \/>\n<script type=\"application\/ld+json\" class=\"yoast-schema-graph\">{\"@context\":\"https:\/\/schema.org\",\"@graph\":[{\"@type\":\"Article\",\"@id\":\"https:\/\/www.sonoraenequipo.com.mx\/presenta-rector-de-ues-proyecto-de-transformacion-universitaria\/#article\",\"isPartOf\":{\"@id\":\"https:\/\/www.sonoraenequipo.com.mx\/presenta-rector-de-ues-proyecto-de-transformacion-universitaria\/\"},\"author\":{\"name\":\"enequipo\",\"@id\":\"https:\/\/www.sonoraenequipo.com.mx\/#\/schema\/person\/50102df0fb23a8fa9e8effad8fa81386\"},\"headline\":\"Presenta rector de UES proyecto de transformaci\u00f3n universitaria\",\"datePublished\":\"2021-12-22T06:12:13+00:00\",\"mainEntityOfPage\":{\"@id\":\"https:\/\/www.sonoraenequipo.com.mx\/presenta-rector-de-ues-proyecto-de-transformacion-universitaria\/\"},\"wordCount\":412,\"commentCount\":0,\"publisher\":{\"@id\":\"https:\/\/www.sonoraenequipo.com.mx\/#organization\"},\"image\":{\"@id\":\"https:\/\/www.sonoraenequipo.com.mx\/presenta-rector-de-ues-proyecto-de-transformacion-universitaria\/#primaryimage\"},\"thumbnailUrl\":\"https:\/\/www.sonoraenequipo.com.mx\/storage\/2021\/12\/Armando-Moreno-Rector-UES-1221061_opt.jpg\",\"articleSection\":[\"Sonora\"],\"inLanguage\":\"es\",\"potentialAction\":[{\"@type\":\"CommentAction\",\"name\":\"Comment\",\"target\":[\"https:\/\/www.sonoraenequipo.com.mx\/presenta-rector-de-ues-proyecto-de-transformacion-universitaria\/#respond\"]}]},{\"@type\":\"WebPage\",\"@id\":\"https:\/\/www.sonoraenequipo.com.mx\/presenta-rector-de-ues-proyecto-de-transformacion-universitaria\/\",\"url\":\"https:\/\/www.sonoraenequipo.com.mx\/presenta-rector-de-ues-proyecto-de-transformacion-universitaria\/\",\"name\":\"Sonora en Equipo. Presenta rector de UES proyecto de transformaci\u00f3n universitaria Sonora\",\"isPartOf\":{\"@id\":\"https:\/\/www.sonoraenequipo.com.mx\/#website\"},\"primaryImageOfPage\":{\"@id\":\"https:\/\/www.sonoraenequipo.com.mx\/presenta-rector-de-ues-proyecto-de-transformacion-universitaria\/#primaryimage\"},\"image\":{\"@id\":\"https:\/\/www.sonoraenequipo.com.mx\/presenta-rector-de-ues-proyecto-de-transformacion-universitaria\/#primaryimage\"},\"thumbnailUrl\":\"https:\/\/www.sonoraenequipo.com.mx\/storage\/2021\/12\/Armando-Moreno-Rector-UES-1221061_opt.jpg\",\"datePublished\":\"2021-12-22T06:12:13+00:00\",\"description\":\"HERMOSILLO, SONORA. MX. \u2014 Lograr la autonom\u00eda de la Universidad Estatal de Sonora (UES), reforzar la vinculaci\u00f3n con los sectores sociales de las En Sonora en Equipo publicamos toda la informaci\u00f3n de Sonora, M\u00e9xico y el Mundo de manera oportuna y busca que la libertad de expresi\u00f3n sea real. Visita nuestro medio informativo publicado desde Hermosillo, Sonora. %\",\"breadcrumb\":{\"@id\":\"https:\/\/www.sonoraenequipo.com.mx\/presenta-rector-de-ues-proyecto-de-transformacion-universitaria\/#breadcrumb\"},\"inLanguage\":\"es\",\"potentialAction\":[{\"@type\":\"ReadAction\",\"target\":[\"https:\/\/www.sonoraenequipo.com.mx\/presenta-rector-de-ues-proyecto-de-transformacion-universitaria\/\"]}]},{\"@type\":\"ImageObject\",\"inLanguage\":\"es\",\"@id\":\"https:\/\/www.sonoraenequipo.com.mx\/presenta-rector-de-ues-proyecto-de-transformacion-universitaria\/#primaryimage\",\"url\":\"https:\/\/www.sonoraenequipo.com.mx\/storage\/2021\/12\/Armando-Moreno-Rector-UES-1221061_opt.jpg\",\"contentUrl\":\"https:\/\/www.sonoraenequipo.com.mx\/storage\/2021\/12\/Armando-Moreno-Rector-UES-1221061_opt.jpg\",\"width\":700,\"height\":400},{\"@type\":\"BreadcrumbList\",\"@id\":\"https:\/\/www.sonoraenequipo.com.mx\/presenta-rector-de-ues-proyecto-de-transformacion-universitaria\/#breadcrumb\",\"itemListElement\":[{\"@type\":\"ListItem\",\"position\":1,\"name\":\"Portada\",\"item\":\"https:\/\/www.sonoraenequipo.com.mx\/\"},{\"@type\":\"ListItem\",\"position\":2,\"name\":\"Presenta rector de UES proyecto de transformaci\u00f3n universitaria\"}]},{\"@type\":\"WebSite\",\"@id\":\"https:\/\/www.sonoraenequipo.com.mx\/#website\",\"url\":\"https:\/\/www.sonoraenequipo.com.mx\/\",\"name\":\"Sonora en Equipo.\",\"description\":\"Diario en l\u00ednea con Noticias desde Hermosillo, Sonora\",\"publisher\":{\"@id\":\"https:\/\/www.sonoraenequipo.com.mx\/#organization\"},\"potentialAction\":[{\"@type\":\"SearchAction\",\"target\":{\"@type\":\"EntryPoint\",\"urlTemplate\":\"https:\/\/www.sonoraenequipo.com.mx\/?s={search_term_string}\"},\"query-input\":{\"@type\":\"PropertyValueSpecification\",\"valueRequired\":true,\"valueName\":\"search_term_string\"}}],\"inLanguage\":\"es\"},{\"@type\":\"Organization\",\"@id\":\"https:\/\/www.sonoraenequipo.com.mx\/#organization\",\"name\":\"Sonoraenequipo.com.mx\",\"url\":\"https:\/\/www.sonoraenequipo.com.mx\/\",\"logo\":{\"@type\":\"ImageObject\",\"inLanguage\":\"es\",\"@id\":\"https:\/\/www.sonoraenequipo.com.mx\/#\/schema\/logo\/image\/\",\"url\":\"https:\/\/www.sonoraenequipo.com.mx\/storage\/2019\/01\/sonoraenequipo_opt.png\",\"contentUrl\":\"https:\/\/www.sonoraenequipo.com.mx\/storage\/2019\/01\/sonoraenequipo_opt.png\",\"width\":375,\"height\":125,\"caption\":\"Sonoraenequipo.com.mx\"},\"image\":{\"@id\":\"https:\/\/www.sonoraenequipo.com.mx\/#\/schema\/logo\/image\/\"},\"sameAs\":[\"https:\/\/www.facebook.com\/SonoraEE\/\",\"https:\/\/x.com\/sonoraenequipo\",\"https:\/\/www.youtube.com\/channel\/UC338nW-lPEYmJQs4ZABQ1SQ\"]},{\"@type\":\"Person\",\"@id\":\"https:\/\/www.sonoraenequipo.com.mx\/#\/schema\/person\/50102df0fb23a8fa9e8effad8fa81386\",\"name\":\"enequipo\",\"image\":{\"@type\":\"ImageObject\",\"inLanguage\":\"es\",\"@id\":\"https:\/\/www.sonoraenequipo.com.mx\/#\/schema\/person\/image\/\",\"url\":\"https:\/\/secure.gravatar.com\/avatar\/049821681b589dabc0bc20695993ccebb09f5b5d4d790cd9251b97faac7c652b?s=96&d=blank&r=g\",\"contentUrl\":\"https:\/\/secure.gravatar.com\/avatar\/049821681b589dabc0bc20695993ccebb09f5b5d4d790cd9251b97faac7c652b?s=96&d=blank&r=g\",\"caption\":\"enequipo\"},\"sameAs\":[\"https:\/\/www.facebook.com\/SonoraEE\"]}]}<\/script>\n ","yoast_head_json":{"title":"Sonora en Equipo. Presenta rector de UES proyecto de transformaci\u00f3n universitaria Sonora","description":"HERMOSILLO, SONORA. MX. \u2014 Lograr la autonom\u00eda de la Universidad Estatal de Sonora (UES), reforzar la vinculaci\u00f3n con los sectores sociales de las En Sonora en Equipo publicamos toda la informaci\u00f3n de Sonora, M\u00e9xico y el Mundo de manera oportuna y busca que la libertad de expresi\u00f3n sea real. Visita nuestro medio informativo publicado desde Hermosillo, Sonora. %","robots":{"index":"index","follow":"follow","max-snippet":"max-snippet:-1","max-image-preview":"max-image-preview:large","max-video-preview":"max-video-preview:-1"},"canonical":"https:\/\/www.sonoraenequipo.com.mx\/presenta-rector-de-ues-proyecto-de-transformacion-universitaria\/","og_locale":"es_ES","og_type":"article","og_title":"Sonora en Equipo. Presenta rector de UES proyecto de transformaci\u00f3n universitaria Sonora","og_description":"HERMOSILLO, SONORA. MX. \u2014 Lograr la autonom\u00eda de la Universidad Estatal de Sonora (UES), reforzar la vinculaci\u00f3n con los sectores sociales de las En Sonora en Equipo publicamos toda la informaci\u00f3n de Sonora, M\u00e9xico y el Mundo de manera oportuna y busca que la libertad de expresi\u00f3n sea real. Visita nuestro medio informativo publicado desde Hermosillo, Sonora. %","og_url":"https:\/\/www.sonoraenequipo.com.mx\/presenta-rector-de-ues-proyecto-de-transformacion-universitaria\/","og_site_name":"Sonora en Equipo.","article_publisher":"https:\/\/www.facebook.com\/SonoraEE\/","article_author":"https:\/\/www.facebook.com\/SonoraEE","article_published_time":"2021-12-22T06:12:13+00:00","og_image":[{"width":700,"height":400,"url":"https:\/\/www.sonoraenequipo.com.mx\/storage\/2021\/12\/Armando-Moreno-Rector-UES-1221061_opt.jpg","type":"image\/jpeg"}],"author":"enequipo","twitter_card":"summary_large_image","twitter_creator":"@sonoraenequipo","twitter_site":"@sonoraenequipo","twitter_misc":{"Escrito por":"enequipo","Tiempo de lectura":"2 minutos"},"schema":{"@context":"https:\/\/schema.org","@graph":[{"@type":"Article","@id":"https:\/\/www.sonoraenequipo.com.mx\/presenta-rector-de-ues-proyecto-de-transformacion-universitaria\/#article","isPartOf":{"@id":"https:\/\/www.sonoraenequipo.com.mx\/presenta-rector-de-ues-proyecto-de-transformacion-universitaria\/"},"author":{"name":"enequipo","@id":"https:\/\/www.sonoraenequipo.com.mx\/#\/schema\/person\/50102df0fb23a8fa9e8effad8fa81386"},"headline":"Presenta rector de UES proyecto de transformaci\u00f3n universitaria","datePublished":"2021-12-22T06:12:13+00:00","mainEntityOfPage":{"@id":"https:\/\/www.sonoraenequipo.com.mx\/presenta-rector-de-ues-proyecto-de-transformacion-universitaria\/"},"wordCount":412,"commentCount":0,"publisher":{"@id":"https:\/\/www.sonoraenequipo.com.mx\/#organization"},"image":{"@id":"https:\/\/www.sonoraenequipo.com.mx\/presenta-rector-de-ues-proyecto-de-transformacion-universitaria\/#primaryimage"},"thumbnailUrl":"https:\/\/www.sonoraenequipo.com.mx\/storage\/2021\/12\/Armando-Moreno-Rector-UES-1221061_opt.jpg","articleSection":["Sonora"],"inLanguage":"es","potentialAction":[{"@type":"CommentAction","name":"Comment","target":["https:\/\/www.sonoraenequipo.com.mx\/presenta-rector-de-ues-proyecto-de-transformacion-universitaria\/#respond"]}]},{"@type":"WebPage","@id":"https:\/\/www.sonoraenequipo.com.mx\/presenta-rector-de-ues-proyecto-de-transformacion-universitaria\/","url":"https:\/\/www.sonoraenequipo.com.mx\/presenta-rector-de-ues-proyecto-de-transformacion-universitaria\/","name":"Sonora en Equipo. Presenta rector de UES proyecto de transformaci\u00f3n universitaria Sonora","isPartOf":{"@id":"https:\/\/www.sonoraenequipo.com.mx\/#website"},"primaryImageOfPage":{"@id":"https:\/\/www.sonoraenequipo.com.mx\/presenta-rector-de-ues-proyecto-de-transformacion-universitaria\/#primaryimage"},"image":{"@id":"https:\/\/www.sonoraenequipo.com.mx\/presenta-rector-de-ues-proyecto-de-transformacion-universitaria\/#primaryimage"},"thumbnailUrl":"https:\/\/www.sonoraenequipo.com.mx\/storage\/2021\/12\/Armando-Moreno-Rector-UES-1221061_opt.jpg","datePublished":"2021-12-22T06:12:13+00:00","description":"HERMOSILLO, SONORA. MX. \u2014 Lograr la autonom\u00eda de la Universidad Estatal de Sonora (UES), reforzar la vinculaci\u00f3n con los sectores sociales de las En Sonora en Equipo publicamos toda la informaci\u00f3n de Sonora, M\u00e9xico y el Mundo de manera oportuna y busca que la libertad de expresi\u00f3n sea real. Visita nuestro medio informativo publicado desde Hermosillo, Sonora. %","breadcrumb":{"@id":"https:\/\/www.sonoraenequipo.com.mx\/presenta-rector-de-ues-proyecto-de-transformacion-universitaria\/#breadcrumb"},"inLanguage":"es","potentialAction":[{"@type":"ReadAction","target":["https:\/\/www.sonoraenequipo.com.mx\/presenta-rector-de-ues-proyecto-de-transformacion-universitaria\/"]}]},{"@type":"ImageObject","inLanguage":"es","@id":"https:\/\/www.sonoraenequipo.com.mx\/presenta-rector-de-ues-proyecto-de-transformacion-universitaria\/#primaryimage","url":"https:\/\/www.sonoraenequipo.com.mx\/storage\/2021\/12\/Armando-Moreno-Rector-UES-1221061_opt.jpg","contentUrl":"https:\/\/www.sonoraenequipo.com.mx\/storage\/2021\/12\/Armando-Moreno-Rector-UES-1221061_opt.jpg","width":700,"height":400},{"@type":"BreadcrumbList","@id":"https:\/\/www.sonoraenequipo.com.mx\/presenta-rector-de-ues-proyecto-de-transformacion-universitaria\/#breadcrumb","itemListElement":[{"@type":"ListItem","position":1,"name":"Portada","item":"https:\/\/www.sonoraenequipo.com.mx\/"},{"@type":"ListItem","position":2,"name":"Presenta rector de UES proyecto de transformaci\u00f3n universitaria"}]},{"@type":"WebSite","@id":"https:\/\/www.sonoraenequipo.com.mx\/#website","url":"https:\/\/www.sonoraenequipo.com.mx\/","name":"Sonora en Equipo.","description":"Diario en l\u00ednea con Noticias desde Hermosillo, Sonora","publisher":{"@id":"https:\/\/www.sonoraenequipo.com.mx\/#organization"},"potentialAction":[{"@type":"SearchAction","target":{"@type":"EntryPoint","urlTemplate":"https:\/\/www.sonoraenequipo.com.mx\/?s={search_term_string}"},"query-input":{"@type":"PropertyValueSpecification","valueRequired":true,"valueName":"search_term_string"}}],"inLanguage":"es"},{"@type":"Organization","@id":"https:\/\/www.sonoraenequipo.com.mx\/#organization","name":"Sonoraenequipo.com.mx","url":"https:\/\/www.sonoraenequipo.com.mx\/","logo":{"@type":"ImageObject","inLanguage":"es","@id":"https:\/\/www.sonoraenequipo.com.mx\/#\/schema\/logo\/image\/","url":"https:\/\/www.sonoraenequipo.com.mx\/storage\/2019\/01\/sonoraenequipo_opt.png","contentUrl":"https:\/\/www.sonoraenequipo.com.mx\/storage\/2019\/01\/sonoraenequipo_opt.png","width":375,"height":125,"caption":"Sonoraenequipo.com.mx"},"image":{"@id":"https:\/\/www.sonoraenequipo.com.mx\/#\/schema\/logo\/image\/"},"sameAs":["https:\/\/www.facebook.com\/SonoraEE\/","https:\/\/x.com\/sonoraenequipo","https:\/\/www.youtube.com\/channel\/UC338nW-lPEYmJQs4ZABQ1SQ"]},{"@type":"Person","@id":"https:\/\/www.sonoraenequipo.com.mx\/#\/schema\/person\/50102df0fb23a8fa9e8effad8fa81386","name":"enequipo","image":{"@type":"ImageObject","inLanguage":"es","@id":"https:\/\/www.sonoraenequipo.com.mx\/#\/schema\/person\/image\/","url":"https:\/\/secure.gravatar.com\/avatar\/049821681b589dabc0bc20695993ccebb09f5b5d4d790cd9251b97faac7c652b?s=96&d=blank&r=g","contentUrl":"https:\/\/secure.gravatar.com\/avatar\/049821681b589dabc0bc20695993ccebb09f5b5d4d790cd9251b97faac7c652b?s=96&d=blank&r=g","caption":"enequipo"},"sameAs":["https:\/\/www.facebook.com\/SonoraEE"]}]}},"jetpack_featured_media_url":"https:\/\/www.sonoraenequipo.com.mx\/storage\/2021\/12\/Armando-Moreno-Rector-UES-1221061_opt.jpg","_links":{"self":[{"href":"https:\/\/www.sonoraenequipo.com.mx\/api\/wp\/v2\/posts\/130119","targetHints":{"allow":["GET"]}}],"collection":[{"href":"https:\/\/www.sonoraenequipo.com.mx\/api\/wp\/v2\/posts"}],"about":[{"href":"https:\/\/www.sonoraenequipo.com.mx\/api\/wp\/v2\/types\/post"}],"author":[{"embeddable":true,"href":"https:\/\/www.sonoraenequipo.com.mx\/api\/wp\/v2\/users\/1"}],"replies":[{"embeddable":true,"href":"https:\/\/www.sonoraenequipo.com.mx\/api\/wp\/v2\/comments?post=130119"}],"version-history":[{"count":2,"href":"https:\/\/www.sonoraenequipo.com.mx\/api\/wp\/v2\/posts\/130119\/revisions"}],"predecessor-version":[{"id":130121,"href":"https:\/\/www.sonoraenequipo.com.mx\/api\/wp\/v2\/posts\/130119\/revisions\/130121"}],"wp:featuredmedia":[{"embeddable":true,"href":"https:\/\/www.sonoraenequipo.com.mx\/api\/wp\/v2\/media\/130113"}],"wp:attachment":[{"href":"https:\/\/www.sonoraenequipo.com.mx\/api\/wp\/v2\/media?parent=130119"}],"wp:term":[{"taxonomy":"category","embeddable":true,"href":"https:\/\/www.sonoraenequipo.com.mx\/api\/wp\/v2\/categories?post=130119"},{"taxonomy":"post_tag","embeddable":true,"href":"https:\/\/www.sonoraenequipo.com.mx\/api\/wp\/v2\/tags?post=130119"}],"curies":[{"name":"wp","href":"https:\/\/api.w.org\/{rel}","templated":true}]}}