{"id":130133,"date":"2021-12-22T11:46:39","date_gmt":"2021-12-22T18:46:39","guid":{"rendered":"https:\/\/www.sonoraenequipo.com.mx\/?p=130133"},"modified":"2021-12-22T11:46:39","modified_gmt":"2021-12-22T18:46:39","slug":"en-plena-misa-hombre-armado-con-un-cuchillo-amenaza-a-fieles-en-colombia","status":"publish","type":"post","link":"https:\/\/www.sonoraenequipo.com.mx\/en-plena-misa-hombre-armado-con-un-cuchillo-amenaza-a-fieles-en-colombia\/","title":{"rendered":"En plena Misa, hombre armado con un cuchillo amenaza a fieles, en Colombia"},"content":{"rendered":"<p>IBAGU\u00c9, COLOMBIA.\u2500\u2500 Un hombre armado con un cuchillo ingres\u00f3 el 19 de diciembre en una iglesia de Ibagu\u00e9 (Colombia), mientras se celebraba la Santa Misa, y amenaz\u00f3 a los fieles reunidos con cometer un doble homicidio.<\/p>\n<p>&nbsp;<\/p>\n<p>Los hechos sucedieron durante la celebraci\u00f3n de las 6:30 a.m. (hora local) en la parroquia San Judas Tadeo, cerca de la Universidad del Tolima, mientras el p\u00e1rroco, P. Alfonso Bonilla Aristiz\u00e1bal, pronunciaba su homil\u00eda.<\/p>\n<p>&nbsp;<\/p>\n<p>El sacerdote fue interrumpido por los gritos del hombre y, frente al temor de la comunidad, se detuvo un momento la Misa para poder atender la emergencia.<\/p>\n<p>&nbsp;<\/p>\n<p>&nbsp;<\/p>\n<p>Seg\u00fan se\u00f1ala Alerta Tolima, el sujeto de aproximadamente 30 a\u00f1os gritaba palabras vulgares y repet\u00eda constantemente \u201cante los ojos de Dios voy a matar a dos personas hoy\u201d, mientras se dirig\u00eda al altar sosteniendo un cuchillo grande.<\/p>\n<p>&nbsp;<\/p>\n<p>Los fieles se asustaron al percatarse del arma y empezaron a gritar, mientras uno de los ac\u00f3litos tom\u00f3 una silla de pl\u00e1stico para intentar defenderse y detener al hombre. Al llegar el sujeto al altar y subir algunos escalones en direcci\u00f3n al sacerdote, un grupo de personas lograron atraparlo y quitarle el cuchillo.<\/p>\n<p>&nbsp;<\/p>\n<p>\u201cAl ver que esta persona aceleraba m\u00e1s el paso hacia el altar muy cerca de nuestro p\u00e1rroco y alcanza a subir tres escalones, ya muy cerca del sacerdote, es ah\u00ed cuando varios hombres, sobre todo adultos mayores, sin pensarlo m\u00e1s se abalanzan contra el sujeto, logrando reducirlo y quitarle el arma, adem\u00e1s de tomarlo por sus brazos para evitar una tragedia\u201d, se\u00f1al\u00f3 uno de los fieles a una radio local.<\/p>\n<p>&nbsp;<\/p>\n<p>Luego del ataque, que dur\u00f3 un par de minutos, el hombre logr\u00f3 escapar; pero se mantuvo fuera de la iglesia durante unos minutos antes de desaparecer.<\/p>\n<p>&nbsp;<\/p>\n<p>&nbsp;<\/p>\n<p>El sacerdote continu\u00f3 con la celebraci\u00f3n de la Misa, que era transmitida en vivo. Durante los hechos el p\u00e1rroco pidi\u00f3 a los fieles mantenerse tranquilos y agradeci\u00f3 al \u201cgrupo de caballeros que estaban atentos\u201d y lograron reducir al atacante.<\/p>\n<p>&nbsp;<\/p>\n<p>Otra fiel indic\u00f3 a la radio que el sujeto \u201cpodr\u00eda estar bajo los efectos de la droga o el alcohol\u201d, pero remarc\u00f3 que \u201cparec\u00eda que estuviera pose\u00eddo por alguna fuerza maligna\u201d.<\/p>\n<p>&nbsp;<\/p>\n<p>El comandante operativo de la Polic\u00eda Metropolitana de Ibagu\u00e9, \u00c1lex Venegas, asegur\u00f3 que no han recibido ninguna denuncia sobre el hecho, pero al enterarse por los medios de comunicaci\u00f3n del atentado, se han puesto en contacto con la parroquia para tener las grabaciones de las c\u00e1maras y capturar al atacante.<\/p>\n<p>Fecha de publicaci\u00f3n mi\u00e9rcoles\/ 22 \/ diciembre\/ 2021\/ ACI Prensa<\/p>\n","protected":false},"excerpt":{"rendered":"<p>IBAGU\u00c9, COLOMBIA.\u2500\u2500 Un hombre armado con un cuchillo ingres\u00f3 el 19 de diciembre en una&#8230;<\/p>\n","protected":false},"author":1,"featured_media":130134,"comment_status":"open","ping_status":"open","sticky":false,"template":"","format":"standard","meta":{"_monsterinsights_skip_tracking":false,"_monsterinsights_sitenote_active":false,"_monsterinsights_sitenote_note":"","_monsterinsights_sitenote_category":0,"footnotes":""},"categories":[3],"tags":[],"class_list":["post"],"yoast_head":" \n<title>Sonora en Equipo. En plena Misa, hombre armado con un cuchillo amenaza a fieles, en Colombia MUNDO<\/title>\n<meta name=\"description\" content=\"IBAGU\u00c9, COLOMBIA.\u2500\u2500 Un hombre armado con un cuchillo ingres\u00f3 el 19 de diciembre en una iglesia de Ibagu\u00e9 (Colombia), mientras se celebraba la Santa Misa, En Sonora en Equipo publicamos toda la informaci\u00f3n de Sonora, M\u00e9xico y el Mundo de manera oportuna y busca que la libertad de expresi\u00f3n sea real. Visita nuestro medio informativo publicado desde Hermosillo, Sonora. %\" \/>\n<meta name=\"robots\" content=\"index, follow, max-snippet:-1, max-image-preview:large, max-video-preview:-1\" \/>\n<link rel=\"canonical\" href=\"https:\/\/www.sonoraenequipo.com.mx\/en-plena-misa-hombre-armado-con-un-cuchillo-amenaza-a-fieles-en-colombia\/\" \/>\n<meta property=\"og:locale\" content=\"es_ES\" \/>\n<meta property=\"og:type\" content=\"article\" \/>\n<meta property=\"og:title\" content=\"Sonora en Equipo. En plena Misa, hombre armado con un cuchillo amenaza a fieles, en Colombia MUNDO\" \/>\n<meta property=\"og:description\" content=\"IBAGU\u00c9, COLOMBIA.\u2500\u2500 Un hombre armado con un cuchillo ingres\u00f3 el 19 de diciembre en una iglesia de Ibagu\u00e9 (Colombia), mientras se celebraba la Santa Misa, En Sonora en Equipo publicamos toda la informaci\u00f3n de Sonora, M\u00e9xico y el Mundo de manera oportuna y busca que la libertad de expresi\u00f3n sea real. Visita nuestro medio informativo publicado desde Hermosillo, Sonora. %\" \/>\n<meta property=\"og:url\" content=\"https:\/\/www.sonoraenequipo.com.mx\/en-plena-misa-hombre-armado-con-un-cuchillo-amenaza-a-fieles-en-colombia\/\" \/>\n<meta property=\"og:site_name\" content=\"Sonora en Equipo.\" \/>\n<meta property=\"article:publisher\" content=\"https:\/\/www.facebook.com\/SonoraEE\/\" \/>\n<meta property=\"article:author\" content=\"https:\/\/www.facebook.com\/SonoraEE\" \/>\n<meta property=\"article:published_time\" content=\"2021-12-22T18:46:39+00:00\" \/>\n<meta property=\"og:image\" content=\"https:\/\/www.sonoraenequipo.com.mx\/storage\/2021\/12\/cuchillo-mano.jpg\" \/>\n\t<meta property=\"og:image:width\" content=\"700\" \/>\n\t<meta property=\"og:image:height\" content=\"400\" \/>\n\t<meta property=\"og:image:type\" content=\"image\/jpeg\" \/>\n<meta name=\"author\" content=\"enequipo\" \/>\n<meta name=\"twitter:card\" content=\"summary_large_image\" \/>\n<meta name=\"twitter:creator\" content=\"@sonoraenequipo\" \/>\n<meta name=\"twitter:site\" content=\"@sonoraenequipo\" \/>\n<meta name=\"twitter:label1\" content=\"Escrito por\" \/>\n\t<meta name=\"twitter:data1\" content=\"enequipo\" \/>\n\t<meta name=\"twitter:label2\" content=\"Tiempo de lectura\" \/>\n\t<meta name=\"twitter:data2\" content=\"2 minutos\" \/>\n<script type=\"application\/ld+json\" class=\"yoast-schema-graph\">{\"@context\":\"https:\/\/schema.org\",\"@graph\":[{\"@type\":\"Article\",\"@id\":\"https:\/\/www.sonoraenequipo.com.mx\/en-plena-misa-hombre-armado-con-un-cuchillo-amenaza-a-fieles-en-colombia\/#article\",\"isPartOf\":{\"@id\":\"https:\/\/www.sonoraenequipo.com.mx\/en-plena-misa-hombre-armado-con-un-cuchillo-amenaza-a-fieles-en-colombia\/\"},\"author\":{\"name\":\"enequipo\",\"@id\":\"https:\/\/www.sonoraenequipo.com.mx\/#\/schema\/person\/50102df0fb23a8fa9e8effad8fa81386\"},\"headline\":\"En plena Misa, hombre armado con un cuchillo amenaza a fieles, en Colombia\",\"datePublished\":\"2021-12-22T18:46:39+00:00\",\"mainEntityOfPage\":{\"@id\":\"https:\/\/www.sonoraenequipo.com.mx\/en-plena-misa-hombre-armado-con-un-cuchillo-amenaza-a-fieles-en-colombia\/\"},\"wordCount\":459,\"commentCount\":0,\"publisher\":{\"@id\":\"https:\/\/www.sonoraenequipo.com.mx\/#organization\"},\"image\":{\"@id\":\"https:\/\/www.sonoraenequipo.com.mx\/en-plena-misa-hombre-armado-con-un-cuchillo-amenaza-a-fieles-en-colombia\/#primaryimage\"},\"thumbnailUrl\":\"https:\/\/www.sonoraenequipo.com.mx\/storage\/2021\/12\/cuchillo-mano.jpg\",\"articleSection\":[\"MUNDO\"],\"inLanguage\":\"es\",\"potentialAction\":[{\"@type\":\"CommentAction\",\"name\":\"Comment\",\"target\":[\"https:\/\/www.sonoraenequipo.com.mx\/en-plena-misa-hombre-armado-con-un-cuchillo-amenaza-a-fieles-en-colombia\/#respond\"]}]},{\"@type\":\"WebPage\",\"@id\":\"https:\/\/www.sonoraenequipo.com.mx\/en-plena-misa-hombre-armado-con-un-cuchillo-amenaza-a-fieles-en-colombia\/\",\"url\":\"https:\/\/www.sonoraenequipo.com.mx\/en-plena-misa-hombre-armado-con-un-cuchillo-amenaza-a-fieles-en-colombia\/\",\"name\":\"Sonora en Equipo. En plena Misa, hombre armado con un cuchillo amenaza a fieles, en Colombia MUNDO\",\"isPartOf\":{\"@id\":\"https:\/\/www.sonoraenequipo.com.mx\/#website\"},\"primaryImageOfPage\":{\"@id\":\"https:\/\/www.sonoraenequipo.com.mx\/en-plena-misa-hombre-armado-con-un-cuchillo-amenaza-a-fieles-en-colombia\/#primaryimage\"},\"image\":{\"@id\":\"https:\/\/www.sonoraenequipo.com.mx\/en-plena-misa-hombre-armado-con-un-cuchillo-amenaza-a-fieles-en-colombia\/#primaryimage\"},\"thumbnailUrl\":\"https:\/\/www.sonoraenequipo.com.mx\/storage\/2021\/12\/cuchillo-mano.jpg\",\"datePublished\":\"2021-12-22T18:46:39+00:00\",\"description\":\"IBAGU\u00c9, COLOMBIA.\u2500\u2500 Un hombre armado con un cuchillo ingres\u00f3 el 19 de diciembre en una iglesia de Ibagu\u00e9 (Colombia), mientras se celebraba la Santa Misa, En Sonora en Equipo publicamos toda la informaci\u00f3n de Sonora, M\u00e9xico y el Mundo de manera oportuna y busca que la libertad de expresi\u00f3n sea real. Visita nuestro medio informativo publicado desde Hermosillo, Sonora. %\",\"breadcrumb\":{\"@id\":\"https:\/\/www.sonoraenequipo.com.mx\/en-plena-misa-hombre-armado-con-un-cuchillo-amenaza-a-fieles-en-colombia\/#breadcrumb\"},\"inLanguage\":\"es\",\"potentialAction\":[{\"@type\":\"ReadAction\",\"target\":[\"https:\/\/www.sonoraenequipo.com.mx\/en-plena-misa-hombre-armado-con-un-cuchillo-amenaza-a-fieles-en-colombia\/\"]}]},{\"@type\":\"ImageObject\",\"inLanguage\":\"es\",\"@id\":\"https:\/\/www.sonoraenequipo.com.mx\/en-plena-misa-hombre-armado-con-un-cuchillo-amenaza-a-fieles-en-colombia\/#primaryimage\",\"url\":\"https:\/\/www.sonoraenequipo.com.mx\/storage\/2021\/12\/cuchillo-mano.jpg\",\"contentUrl\":\"https:\/\/www.sonoraenequipo.com.mx\/storage\/2021\/12\/cuchillo-mano.jpg\",\"width\":700,\"height\":400},{\"@type\":\"BreadcrumbList\",\"@id\":\"https:\/\/www.sonoraenequipo.com.mx\/en-plena-misa-hombre-armado-con-un-cuchillo-amenaza-a-fieles-en-colombia\/#breadcrumb\",\"itemListElement\":[{\"@type\":\"ListItem\",\"position\":1,\"name\":\"Portada\",\"item\":\"https:\/\/www.sonoraenequipo.com.mx\/\"},{\"@type\":\"ListItem\",\"position\":2,\"name\":\"En plena Misa, hombre armado con un cuchillo amenaza a fieles, en Colombia\"}]},{\"@type\":\"WebSite\",\"@id\":\"https:\/\/www.sonoraenequipo.com.mx\/#website\",\"url\":\"https:\/\/www.sonoraenequipo.com.mx\/\",\"name\":\"Sonora en Equipo.\",\"description\":\"Diario en l\u00ednea con Noticias desde Hermosillo, Sonora\",\"publisher\":{\"@id\":\"https:\/\/www.sonoraenequipo.com.mx\/#organization\"},\"potentialAction\":[{\"@type\":\"SearchAction\",\"target\":{\"@type\":\"EntryPoint\",\"urlTemplate\":\"https:\/\/www.sonoraenequipo.com.mx\/?s={search_term_string}\"},\"query-input\":{\"@type\":\"PropertyValueSpecification\",\"valueRequired\":true,\"valueName\":\"search_term_string\"}}],\"inLanguage\":\"es\"},{\"@type\":\"Organization\",\"@id\":\"https:\/\/www.sonoraenequipo.com.mx\/#organization\",\"name\":\"Sonoraenequipo.com.mx\",\"url\":\"https:\/\/www.sonoraenequipo.com.mx\/\",\"logo\":{\"@type\":\"ImageObject\",\"inLanguage\":\"es\",\"@id\":\"https:\/\/www.sonoraenequipo.com.mx\/#\/schema\/logo\/image\/\",\"url\":\"https:\/\/www.sonoraenequipo.com.mx\/storage\/2019\/01\/sonoraenequipo_opt.png\",\"contentUrl\":\"https:\/\/www.sonoraenequipo.com.mx\/storage\/2019\/01\/sonoraenequipo_opt.png\",\"width\":375,\"height\":125,\"caption\":\"Sonoraenequipo.com.mx\"},\"image\":{\"@id\":\"https:\/\/www.sonoraenequipo.com.mx\/#\/schema\/logo\/image\/\"},\"sameAs\":[\"https:\/\/www.facebook.com\/SonoraEE\/\",\"https:\/\/x.com\/sonoraenequipo\",\"https:\/\/www.youtube.com\/channel\/UC338nW-lPEYmJQs4ZABQ1SQ\"]},{\"@type\":\"Person\",\"@id\":\"https:\/\/www.sonoraenequipo.com.mx\/#\/schema\/person\/50102df0fb23a8fa9e8effad8fa81386\",\"name\":\"enequipo\",\"image\":{\"@type\":\"ImageObject\",\"inLanguage\":\"es\",\"@id\":\"https:\/\/www.sonoraenequipo.com.mx\/#\/schema\/person\/image\/\",\"url\":\"https:\/\/secure.gravatar.com\/avatar\/049821681b589dabc0bc20695993ccebb09f5b5d4d790cd9251b97faac7c652b?s=96&d=blank&r=g\",\"contentUrl\":\"https:\/\/secure.gravatar.com\/avatar\/049821681b589dabc0bc20695993ccebb09f5b5d4d790cd9251b97faac7c652b?s=96&d=blank&r=g\",\"caption\":\"enequipo\"},\"sameAs\":[\"https:\/\/www.facebook.com\/SonoraEE\"]}]}<\/script>\n ","yoast_head_json":{"title":"Sonora en Equipo. En plena Misa, hombre armado con un cuchillo amenaza a fieles, en Colombia MUNDO","description":"IBAGU\u00c9, COLOMBIA.\u2500\u2500 Un hombre armado con un cuchillo ingres\u00f3 el 19 de diciembre en una iglesia de Ibagu\u00e9 (Colombia), mientras se celebraba la Santa Misa, En Sonora en Equipo publicamos toda la informaci\u00f3n de Sonora, M\u00e9xico y el Mundo de manera oportuna y busca que la libertad de expresi\u00f3n sea real. Visita nuestro medio informativo publicado desde Hermosillo, Sonora. %","robots":{"index":"index","follow":"follow","max-snippet":"max-snippet:-1","max-image-preview":"max-image-preview:large","max-video-preview":"max-video-preview:-1"},"canonical":"https:\/\/www.sonoraenequipo.com.mx\/en-plena-misa-hombre-armado-con-un-cuchillo-amenaza-a-fieles-en-colombia\/","og_locale":"es_ES","og_type":"article","og_title":"Sonora en Equipo. En plena Misa, hombre armado con un cuchillo amenaza a fieles, en Colombia MUNDO","og_description":"IBAGU\u00c9, COLOMBIA.\u2500\u2500 Un hombre armado con un cuchillo ingres\u00f3 el 19 de diciembre en una iglesia de Ibagu\u00e9 (Colombia), mientras se celebraba la Santa Misa, En Sonora en Equipo publicamos toda la informaci\u00f3n de Sonora, M\u00e9xico y el Mundo de manera oportuna y busca que la libertad de expresi\u00f3n sea real. Visita nuestro medio informativo publicado desde Hermosillo, Sonora. %","og_url":"https:\/\/www.sonoraenequipo.com.mx\/en-plena-misa-hombre-armado-con-un-cuchillo-amenaza-a-fieles-en-colombia\/","og_site_name":"Sonora en Equipo.","article_publisher":"https:\/\/www.facebook.com\/SonoraEE\/","article_author":"https:\/\/www.facebook.com\/SonoraEE","article_published_time":"2021-12-22T18:46:39+00:00","og_image":[{"width":700,"height":400,"url":"https:\/\/www.sonoraenequipo.com.mx\/storage\/2021\/12\/cuchillo-mano.jpg","type":"image\/jpeg"}],"author":"enequipo","twitter_card":"summary_large_image","twitter_creator":"@sonoraenequipo","twitter_site":"@sonoraenequipo","twitter_misc":{"Escrito por":"enequipo","Tiempo de lectura":"2 minutos"},"schema":{"@context":"https:\/\/schema.org","@graph":[{"@type":"Article","@id":"https:\/\/www.sonoraenequipo.com.mx\/en-plena-misa-hombre-armado-con-un-cuchillo-amenaza-a-fieles-en-colombia\/#article","isPartOf":{"@id":"https:\/\/www.sonoraenequipo.com.mx\/en-plena-misa-hombre-armado-con-un-cuchillo-amenaza-a-fieles-en-colombia\/"},"author":{"name":"enequipo","@id":"https:\/\/www.sonoraenequipo.com.mx\/#\/schema\/person\/50102df0fb23a8fa9e8effad8fa81386"},"headline":"En plena Misa, hombre armado con un cuchillo amenaza a fieles, en Colombia","datePublished":"2021-12-22T18:46:39+00:00","mainEntityOfPage":{"@id":"https:\/\/www.sonoraenequipo.com.mx\/en-plena-misa-hombre-armado-con-un-cuchillo-amenaza-a-fieles-en-colombia\/"},"wordCount":459,"commentCount":0,"publisher":{"@id":"https:\/\/www.sonoraenequipo.com.mx\/#organization"},"image":{"@id":"https:\/\/www.sonoraenequipo.com.mx\/en-plena-misa-hombre-armado-con-un-cuchillo-amenaza-a-fieles-en-colombia\/#primaryimage"},"thumbnailUrl":"https:\/\/www.sonoraenequipo.com.mx\/storage\/2021\/12\/cuchillo-mano.jpg","articleSection":["MUNDO"],"inLanguage":"es","potentialAction":[{"@type":"CommentAction","name":"Comment","target":["https:\/\/www.sonoraenequipo.com.mx\/en-plena-misa-hombre-armado-con-un-cuchillo-amenaza-a-fieles-en-colombia\/#respond"]}]},{"@type":"WebPage","@id":"https:\/\/www.sonoraenequipo.com.mx\/en-plena-misa-hombre-armado-con-un-cuchillo-amenaza-a-fieles-en-colombia\/","url":"https:\/\/www.sonoraenequipo.com.mx\/en-plena-misa-hombre-armado-con-un-cuchillo-amenaza-a-fieles-en-colombia\/","name":"Sonora en Equipo. En plena Misa, hombre armado con un cuchillo amenaza a fieles, en Colombia MUNDO","isPartOf":{"@id":"https:\/\/www.sonoraenequipo.com.mx\/#website"},"primaryImageOfPage":{"@id":"https:\/\/www.sonoraenequipo.com.mx\/en-plena-misa-hombre-armado-con-un-cuchillo-amenaza-a-fieles-en-colombia\/#primaryimage"},"image":{"@id":"https:\/\/www.sonoraenequipo.com.mx\/en-plena-misa-hombre-armado-con-un-cuchillo-amenaza-a-fieles-en-colombia\/#primaryimage"},"thumbnailUrl":"https:\/\/www.sonoraenequipo.com.mx\/storage\/2021\/12\/cuchillo-mano.jpg","datePublished":"2021-12-22T18:46:39+00:00","description":"IBAGU\u00c9, COLOMBIA.\u2500\u2500 Un hombre armado con un cuchillo ingres\u00f3 el 19 de diciembre en una iglesia de Ibagu\u00e9 (Colombia), mientras se celebraba la Santa Misa, En Sonora en Equipo publicamos toda la informaci\u00f3n de Sonora, M\u00e9xico y el Mundo de manera oportuna y busca que la libertad de expresi\u00f3n sea real. Visita nuestro medio informativo publicado desde Hermosillo, Sonora. %","breadcrumb":{"@id":"https:\/\/www.sonoraenequipo.com.mx\/en-plena-misa-hombre-armado-con-un-cuchillo-amenaza-a-fieles-en-colombia\/#breadcrumb"},"inLanguage":"es","potentialAction":[{"@type":"ReadAction","target":["https:\/\/www.sonoraenequipo.com.mx\/en-plena-misa-hombre-armado-con-un-cuchillo-amenaza-a-fieles-en-colombia\/"]}]},{"@type":"ImageObject","inLanguage":"es","@id":"https:\/\/www.sonoraenequipo.com.mx\/en-plena-misa-hombre-armado-con-un-cuchillo-amenaza-a-fieles-en-colombia\/#primaryimage","url":"https:\/\/www.sonoraenequipo.com.mx\/storage\/2021\/12\/cuchillo-mano.jpg","contentUrl":"https:\/\/www.sonoraenequipo.com.mx\/storage\/2021\/12\/cuchillo-mano.jpg","width":700,"height":400},{"@type":"BreadcrumbList","@id":"https:\/\/www.sonoraenequipo.com.mx\/en-plena-misa-hombre-armado-con-un-cuchillo-amenaza-a-fieles-en-colombia\/#breadcrumb","itemListElement":[{"@type":"ListItem","position":1,"name":"Portada","item":"https:\/\/www.sonoraenequipo.com.mx\/"},{"@type":"ListItem","position":2,"name":"En plena Misa, hombre armado con un cuchillo amenaza a fieles, en Colombia"}]},{"@type":"WebSite","@id":"https:\/\/www.sonoraenequipo.com.mx\/#website","url":"https:\/\/www.sonoraenequipo.com.mx\/","name":"Sonora en Equipo.","description":"Diario en l\u00ednea con Noticias desde Hermosillo, Sonora","publisher":{"@id":"https:\/\/www.sonoraenequipo.com.mx\/#organization"},"potentialAction":[{"@type":"SearchAction","target":{"@type":"EntryPoint","urlTemplate":"https:\/\/www.sonoraenequipo.com.mx\/?s={search_term_string}"},"query-input":{"@type":"PropertyValueSpecification","valueRequired":true,"valueName":"search_term_string"}}],"inLanguage":"es"},{"@type":"Organization","@id":"https:\/\/www.sonoraenequipo.com.mx\/#organization","name":"Sonoraenequipo.com.mx","url":"https:\/\/www.sonoraenequipo.com.mx\/","logo":{"@type":"ImageObject","inLanguage":"es","@id":"https:\/\/www.sonoraenequipo.com.mx\/#\/schema\/logo\/image\/","url":"https:\/\/www.sonoraenequipo.com.mx\/storage\/2019\/01\/sonoraenequipo_opt.png","contentUrl":"https:\/\/www.sonoraenequipo.com.mx\/storage\/2019\/01\/sonoraenequipo_opt.png","width":375,"height":125,"caption":"Sonoraenequipo.com.mx"},"image":{"@id":"https:\/\/www.sonoraenequipo.com.mx\/#\/schema\/logo\/image\/"},"sameAs":["https:\/\/www.facebook.com\/SonoraEE\/","https:\/\/x.com\/sonoraenequipo","https:\/\/www.youtube.com\/channel\/UC338nW-lPEYmJQs4ZABQ1SQ"]},{"@type":"Person","@id":"https:\/\/www.sonoraenequipo.com.mx\/#\/schema\/person\/50102df0fb23a8fa9e8effad8fa81386","name":"enequipo","image":{"@type":"ImageObject","inLanguage":"es","@id":"https:\/\/www.sonoraenequipo.com.mx\/#\/schema\/person\/image\/","url":"https:\/\/secure.gravatar.com\/avatar\/049821681b589dabc0bc20695993ccebb09f5b5d4d790cd9251b97faac7c652b?s=96&d=blank&r=g","contentUrl":"https:\/\/secure.gravatar.com\/avatar\/049821681b589dabc0bc20695993ccebb09f5b5d4d790cd9251b97faac7c652b?s=96&d=blank&r=g","caption":"enequipo"},"sameAs":["https:\/\/www.facebook.com\/SonoraEE"]}]}},"jetpack_featured_media_url":"https:\/\/www.sonoraenequipo.com.mx\/storage\/2021\/12\/cuchillo-mano.jpg","_links":{"self":[{"href":"https:\/\/www.sonoraenequipo.com.mx\/api\/wp\/v2\/posts\/130133","targetHints":{"allow":["GET"]}}],"collection":[{"href":"https:\/\/www.sonoraenequipo.com.mx\/api\/wp\/v2\/posts"}],"about":[{"href":"https:\/\/www.sonoraenequipo.com.mx\/api\/wp\/v2\/types\/post"}],"author":[{"embeddable":true,"href":"https:\/\/www.sonoraenequipo.com.mx\/api\/wp\/v2\/users\/1"}],"replies":[{"embeddable":true,"href":"https:\/\/www.sonoraenequipo.com.mx\/api\/wp\/v2\/comments?post=130133"}],"version-history":[{"count":1,"href":"https:\/\/www.sonoraenequipo.com.mx\/api\/wp\/v2\/posts\/130133\/revisions"}],"predecessor-version":[{"id":130135,"href":"https:\/\/www.sonoraenequipo.com.mx\/api\/wp\/v2\/posts\/130133\/revisions\/130135"}],"wp:featuredmedia":[{"embeddable":true,"href":"https:\/\/www.sonoraenequipo.com.mx\/api\/wp\/v2\/media\/130134"}],"wp:attachment":[{"href":"https:\/\/www.sonoraenequipo.com.mx\/api\/wp\/v2\/media?parent=130133"}],"wp:term":[{"taxonomy":"category","embeddable":true,"href":"https:\/\/www.sonoraenequipo.com.mx\/api\/wp\/v2\/categories?post=130133"},{"taxonomy":"post_tag","embeddable":true,"href":"https:\/\/www.sonoraenequipo.com.mx\/api\/wp\/v2\/tags?post=130133"}],"curies":[{"name":"wp","href":"https:\/\/api.w.org\/{rel}","templated":true}]}}