{"id":130137,"date":"2021-12-22T12:30:00","date_gmt":"2021-12-22T19:30:00","guid":{"rendered":"https:\/\/www.sonoraenequipo.com.mx\/?p=130137"},"modified":"2021-12-22T18:25:11","modified_gmt":"2021-12-23T01:25:11","slug":"denuncian-represion-politica-en-detencion-en-veracruz-de-jose-manuel-del-rio","status":"publish","type":"post","link":"https:\/\/www.sonoraenequipo.com.mx\/denuncian-represion-politica-en-detencion-en-veracruz-de-jose-manuel-del-rio\/","title":{"rendered":"Denuncian represi\u00f3n pol\u00edtica en detenci\u00f3n en  Veracruz de Jos\u00e9 Manuel del R\u00edo"},"content":{"rendered":"<p>&nbsp;<\/p>\n<p>VERACRUZ, VERACRUZ.\u2500\u2500En tiempos de definiciones y decisiones pol\u00edticas los perfiles m\u00e1s altos son los que sufren las peores consecuencias, en este caso al secretario t\u00e9cnico de la JUCOPO del Senado de la Rep\u00fablica, el doctor Jos\u00e9 Manuel del R\u00edo Virgen, al cual acusan de asesinato de un candidato de su propio partido.<\/p>\n<p>&nbsp;<\/p>\n<p>Se est\u00e1n confabulando cr\u00edmenes donde no tiene nada que ver el pol\u00edtico papanteco, con declaraciones sin sentido, en represalia a la lucha que est\u00e1 dando el senador Ricardo Monreal \u00c1vila contra los atropellos del gobernador de Veracruz, Cuitl\u00e1huac Garc\u00eda Jim\u00e9nez. (Morena)<\/p>\n<p>&nbsp;<\/p>\n<p>&nbsp;<\/p>\n<p>La injusticia que permea en la administraci\u00f3n de Cuitl\u00e1huac Garc\u00eda, hoy lo est\u00e1 sufriendo Jos\u00e9 Manuel del R\u00edo Virgen, y no es para menos; un actor que involucra muchas voces y que ha pedido reiteradamente la justicia para los j\u00f3venes detenidos injustamente, as\u00ed como el asesinato de varios periodistas.<\/p>\n<p>&nbsp;<\/p>\n<p>&nbsp;<\/p>\n<p>Esta ma\u00f1ana la Fiscal\u00eda General del Estado de Veracruz inform\u00f3 que elementos de la Polic\u00eda Ministerial cumplimentaron la orden de aprehensi\u00f3n por su presunta participaci\u00f3n en la comisi\u00f3n del delito de homicidio doloso calificado contra Ren\u00e9 Tovar, quien era candidato de Movimiento Ciudadano a la Alcald\u00eda en el Municipio de Cazones.<\/p>\n<p>&nbsp;<\/p>\n<p>&nbsp;<\/p>\n<p>Los hechos sin embargo no concuerdan con los posibles m\u00f3viles que atribuye la fiscal\u00eda, ya que en este proceso electoral 2021, estuvo apoyando a los candidatos de Movimiento Ciudadano como el caso de Jos\u00e9 Luis Atzin candidato naranja a la alcald\u00eda de Papantla, as\u00ed como a muchos otros del mismo partido.<\/p>\n<p>&nbsp;<\/p>\n<p>Y en sus redes sociales hab\u00eda denunciado el 17 de diciembre el abuso de poder y la persecuci\u00f3n pol\u00edtica que se est\u00e1 dando en el estado de Veracruz por parte del gobernador, y hoy se cumplimenta una vez m\u00e1s un atropello de \u00edndice pol\u00edtico.<\/p>\n<p>&nbsp;<\/p>\n<p>https:\/\/twitter.com\/i\/broadcasts\/1MnxnkbDQqMKO<\/p>\n<p>&nbsp;<\/p>\n<p>&nbsp;<\/p>\n<p>Fecha de publicaci\u00f3n mi\u00e9rcoles\/ 22 \/ diciembre\/ 2021 \/ Por Bruno Cort\u00e9s \/ Maya Comunicaci\u00f3n<\/p>\n<p>&nbsp;<\/p>\n<p>&nbsp;<\/p>\n","protected":false},"excerpt":{"rendered":"<p>&nbsp; VERACRUZ, VERACRUZ.\u2500\u2500En tiempos de definiciones y decisiones pol\u00edticas los perfiles m\u00e1s altos son los&#8230;<\/p>\n","protected":false},"author":1,"featured_media":130138,"comment_status":"open","ping_status":"open","sticky":false,"template":"","format":"standard","meta":{"_monsterinsights_skip_tracking":false,"_monsterinsights_sitenote_active":false,"_monsterinsights_sitenote_note":"","_monsterinsights_sitenote_category":0,"footnotes":""},"categories":[5],"tags":[6569,3394],"class_list":["post"],"yoast_head":" \n<title>Sonora en Equipo. Denuncian represi\u00f3n pol\u00edtica en detenci\u00f3n en Veracruz de Jos\u00e9 Manuel del R\u00edo Rep\u00fablica<\/title>\n<meta name=\"description\" content=\"&nbsp; VERACRUZ, VERACRUZ.\u2500\u2500En tiempos de definiciones y decisiones pol\u00edticas los perfiles m\u00e1s altos son los que sufren las peores consecuencias, en este En Sonora en Equipo publicamos toda la informaci\u00f3n de Sonora, M\u00e9xico y el Mundo de manera oportuna y busca que la libertad de expresi\u00f3n sea real. Visita nuestro medio informativo publicado desde Hermosillo, Sonora. %\" \/>\n<meta name=\"robots\" content=\"index, follow, max-snippet:-1, max-image-preview:large, max-video-preview:-1\" \/>\n<link rel=\"canonical\" href=\"https:\/\/www.sonoraenequipo.com.mx\/denuncian-represion-politica-en-detencion-en-veracruz-de-jose-manuel-del-rio\/\" \/>\n<meta property=\"og:locale\" content=\"es_ES\" \/>\n<meta property=\"og:type\" content=\"article\" \/>\n<meta property=\"og:title\" content=\"Sonora en Equipo. Denuncian represi\u00f3n pol\u00edtica en detenci\u00f3n en Veracruz de Jos\u00e9 Manuel del R\u00edo Rep\u00fablica\" \/>\n<meta property=\"og:description\" content=\"&nbsp; VERACRUZ, VERACRUZ.\u2500\u2500En tiempos de definiciones y decisiones pol\u00edticas los perfiles m\u00e1s altos son los que sufren las peores consecuencias, en este En Sonora en Equipo publicamos toda la informaci\u00f3n de Sonora, M\u00e9xico y el Mundo de manera oportuna y busca que la libertad de expresi\u00f3n sea real. Visita nuestro medio informativo publicado desde Hermosillo, Sonora. %\" \/>\n<meta property=\"og:url\" content=\"https:\/\/www.sonoraenequipo.com.mx\/denuncian-represion-politica-en-detencion-en-veracruz-de-jose-manuel-del-rio\/\" \/>\n<meta property=\"og:site_name\" content=\"Sonora en Equipo.\" \/>\n<meta property=\"article:publisher\" content=\"https:\/\/www.facebook.com\/SonoraEE\/\" \/>\n<meta property=\"article:author\" content=\"https:\/\/www.facebook.com\/SonoraEE\" \/>\n<meta property=\"article:published_time\" content=\"2021-12-22T19:30:00+00:00\" \/>\n<meta property=\"article:modified_time\" content=\"2021-12-23T01:25:11+00:00\" \/>\n<meta property=\"og:image\" content=\"https:\/\/www.sonoraenequipo.com.mx\/storage\/2021\/12\/CUITLAHUAC.jpg\" \/>\n\t<meta property=\"og:image:width\" content=\"640\" \/>\n\t<meta property=\"og:image:height\" content=\"399\" \/>\n\t<meta property=\"og:image:type\" content=\"image\/jpeg\" \/>\n<meta name=\"author\" content=\"enequipo\" \/>\n<meta name=\"twitter:card\" content=\"summary_large_image\" \/>\n<meta name=\"twitter:creator\" content=\"@sonoraenequipo\" \/>\n<meta name=\"twitter:site\" content=\"@sonoraenequipo\" \/>\n<meta name=\"twitter:label1\" content=\"Escrito por\" \/>\n\t<meta name=\"twitter:data1\" content=\"enequipo\" \/>\n\t<meta name=\"twitter:label2\" content=\"Tiempo de lectura\" \/>\n\t<meta name=\"twitter:data2\" content=\"2 minutos\" \/>\n<script type=\"application\/ld+json\" class=\"yoast-schema-graph\">{\"@context\":\"https:\/\/schema.org\",\"@graph\":[{\"@type\":\"Article\",\"@id\":\"https:\/\/www.sonoraenequipo.com.mx\/denuncian-represion-politica-en-detencion-en-veracruz-de-jose-manuel-del-rio\/#article\",\"isPartOf\":{\"@id\":\"https:\/\/www.sonoraenequipo.com.mx\/denuncian-represion-politica-en-detencion-en-veracruz-de-jose-manuel-del-rio\/\"},\"author\":{\"name\":\"enequipo\",\"@id\":\"https:\/\/www.sonoraenequipo.com.mx\/#\/schema\/person\/50102df0fb23a8fa9e8effad8fa81386\"},\"headline\":\"Denuncian represi\u00f3n pol\u00edtica en detenci\u00f3n en Veracruz de Jos\u00e9 Manuel del R\u00edo\",\"datePublished\":\"2021-12-22T19:30:00+00:00\",\"dateModified\":\"2021-12-23T01:25:11+00:00\",\"mainEntityOfPage\":{\"@id\":\"https:\/\/www.sonoraenequipo.com.mx\/denuncian-represion-politica-en-detencion-en-veracruz-de-jose-manuel-del-rio\/\"},\"wordCount\":368,\"commentCount\":0,\"publisher\":{\"@id\":\"https:\/\/www.sonoraenequipo.com.mx\/#organization\"},\"image\":{\"@id\":\"https:\/\/www.sonoraenequipo.com.mx\/denuncian-represion-politica-en-detencion-en-veracruz-de-jose-manuel-del-rio\/#primaryimage\"},\"thumbnailUrl\":\"https:\/\/www.sonoraenequipo.com.mx\/storage\/2021\/12\/CUITLAHUAC.jpg\",\"keywords\":[\"gobernador de veracruz\",\"ricardo monreal\"],\"articleSection\":[\"Rep\u00fablica\"],\"inLanguage\":\"es\",\"potentialAction\":[{\"@type\":\"CommentAction\",\"name\":\"Comment\",\"target\":[\"https:\/\/www.sonoraenequipo.com.mx\/denuncian-represion-politica-en-detencion-en-veracruz-de-jose-manuel-del-rio\/#respond\"]}]},{\"@type\":\"WebPage\",\"@id\":\"https:\/\/www.sonoraenequipo.com.mx\/denuncian-represion-politica-en-detencion-en-veracruz-de-jose-manuel-del-rio\/\",\"url\":\"https:\/\/www.sonoraenequipo.com.mx\/denuncian-represion-politica-en-detencion-en-veracruz-de-jose-manuel-del-rio\/\",\"name\":\"Sonora en Equipo. Denuncian represi\u00f3n pol\u00edtica en detenci\u00f3n en Veracruz de Jos\u00e9 Manuel del R\u00edo Rep\u00fablica\",\"isPartOf\":{\"@id\":\"https:\/\/www.sonoraenequipo.com.mx\/#website\"},\"primaryImageOfPage\":{\"@id\":\"https:\/\/www.sonoraenequipo.com.mx\/denuncian-represion-politica-en-detencion-en-veracruz-de-jose-manuel-del-rio\/#primaryimage\"},\"image\":{\"@id\":\"https:\/\/www.sonoraenequipo.com.mx\/denuncian-represion-politica-en-detencion-en-veracruz-de-jose-manuel-del-rio\/#primaryimage\"},\"thumbnailUrl\":\"https:\/\/www.sonoraenequipo.com.mx\/storage\/2021\/12\/CUITLAHUAC.jpg\",\"datePublished\":\"2021-12-22T19:30:00+00:00\",\"dateModified\":\"2021-12-23T01:25:11+00:00\",\"description\":\"&nbsp; VERACRUZ, VERACRUZ.\u2500\u2500En tiempos de definiciones y decisiones pol\u00edticas los perfiles m\u00e1s altos son los que sufren las peores consecuencias, en este En Sonora en Equipo publicamos toda la informaci\u00f3n de Sonora, M\u00e9xico y el Mundo de manera oportuna y busca que la libertad de expresi\u00f3n sea real. Visita nuestro medio informativo publicado desde Hermosillo, Sonora. %\",\"breadcrumb\":{\"@id\":\"https:\/\/www.sonoraenequipo.com.mx\/denuncian-represion-politica-en-detencion-en-veracruz-de-jose-manuel-del-rio\/#breadcrumb\"},\"inLanguage\":\"es\",\"potentialAction\":[{\"@type\":\"ReadAction\",\"target\":[\"https:\/\/www.sonoraenequipo.com.mx\/denuncian-represion-politica-en-detencion-en-veracruz-de-jose-manuel-del-rio\/\"]}]},{\"@type\":\"ImageObject\",\"inLanguage\":\"es\",\"@id\":\"https:\/\/www.sonoraenequipo.com.mx\/denuncian-represion-politica-en-detencion-en-veracruz-de-jose-manuel-del-rio\/#primaryimage\",\"url\":\"https:\/\/www.sonoraenequipo.com.mx\/storage\/2021\/12\/CUITLAHUAC.jpg\",\"contentUrl\":\"https:\/\/www.sonoraenequipo.com.mx\/storage\/2021\/12\/CUITLAHUAC.jpg\",\"width\":640,\"height\":399,\"caption\":\"Cuitl\u00e1huac Garc\u00eda Jim\u00e9nez,gobernador de veracruz ,Morena\"},{\"@type\":\"BreadcrumbList\",\"@id\":\"https:\/\/www.sonoraenequipo.com.mx\/denuncian-represion-politica-en-detencion-en-veracruz-de-jose-manuel-del-rio\/#breadcrumb\",\"itemListElement\":[{\"@type\":\"ListItem\",\"position\":1,\"name\":\"Portada\",\"item\":\"https:\/\/www.sonoraenequipo.com.mx\/\"},{\"@type\":\"ListItem\",\"position\":2,\"name\":\"Denuncian represi\u00f3n pol\u00edtica en detenci\u00f3n en Veracruz de Jos\u00e9 Manuel del R\u00edo\"}]},{\"@type\":\"WebSite\",\"@id\":\"https:\/\/www.sonoraenequipo.com.mx\/#website\",\"url\":\"https:\/\/www.sonoraenequipo.com.mx\/\",\"name\":\"Sonora en Equipo.\",\"description\":\"Diario en l\u00ednea con Noticias desde Hermosillo, Sonora\",\"publisher\":{\"@id\":\"https:\/\/www.sonoraenequipo.com.mx\/#organization\"},\"potentialAction\":[{\"@type\":\"SearchAction\",\"target\":{\"@type\":\"EntryPoint\",\"urlTemplate\":\"https:\/\/www.sonoraenequipo.com.mx\/?s={search_term_string}\"},\"query-input\":{\"@type\":\"PropertyValueSpecification\",\"valueRequired\":true,\"valueName\":\"search_term_string\"}}],\"inLanguage\":\"es\"},{\"@type\":\"Organization\",\"@id\":\"https:\/\/www.sonoraenequipo.com.mx\/#organization\",\"name\":\"Sonoraenequipo.com.mx\",\"url\":\"https:\/\/www.sonoraenequipo.com.mx\/\",\"logo\":{\"@type\":\"ImageObject\",\"inLanguage\":\"es\",\"@id\":\"https:\/\/www.sonoraenequipo.com.mx\/#\/schema\/logo\/image\/\",\"url\":\"https:\/\/www.sonoraenequipo.com.mx\/storage\/2019\/01\/sonoraenequipo_opt.png\",\"contentUrl\":\"https:\/\/www.sonoraenequipo.com.mx\/storage\/2019\/01\/sonoraenequipo_opt.png\",\"width\":375,\"height\":125,\"caption\":\"Sonoraenequipo.com.mx\"},\"image\":{\"@id\":\"https:\/\/www.sonoraenequipo.com.mx\/#\/schema\/logo\/image\/\"},\"sameAs\":[\"https:\/\/www.facebook.com\/SonoraEE\/\",\"https:\/\/x.com\/sonoraenequipo\",\"https:\/\/www.youtube.com\/channel\/UC338nW-lPEYmJQs4ZABQ1SQ\"]},{\"@type\":\"Person\",\"@id\":\"https:\/\/www.sonoraenequipo.com.mx\/#\/schema\/person\/50102df0fb23a8fa9e8effad8fa81386\",\"name\":\"enequipo\",\"image\":{\"@type\":\"ImageObject\",\"inLanguage\":\"es\",\"@id\":\"https:\/\/www.sonoraenequipo.com.mx\/#\/schema\/person\/image\/\",\"url\":\"https:\/\/secure.gravatar.com\/avatar\/049821681b589dabc0bc20695993ccebb09f5b5d4d790cd9251b97faac7c652b?s=96&d=blank&r=g\",\"contentUrl\":\"https:\/\/secure.gravatar.com\/avatar\/049821681b589dabc0bc20695993ccebb09f5b5d4d790cd9251b97faac7c652b?s=96&d=blank&r=g\",\"caption\":\"enequipo\"},\"sameAs\":[\"https:\/\/www.facebook.com\/SonoraEE\"]}]}<\/script>\n ","yoast_head_json":{"title":"Sonora en Equipo. Denuncian represi\u00f3n pol\u00edtica en detenci\u00f3n en Veracruz de Jos\u00e9 Manuel del R\u00edo Rep\u00fablica","description":"&nbsp; VERACRUZ, VERACRUZ.\u2500\u2500En tiempos de definiciones y decisiones pol\u00edticas los perfiles m\u00e1s altos son los que sufren las peores consecuencias, en este En Sonora en Equipo publicamos toda la informaci\u00f3n de Sonora, M\u00e9xico y el Mundo de manera oportuna y busca que la libertad de expresi\u00f3n sea real. Visita nuestro medio informativo publicado desde Hermosillo, Sonora. %","robots":{"index":"index","follow":"follow","max-snippet":"max-snippet:-1","max-image-preview":"max-image-preview:large","max-video-preview":"max-video-preview:-1"},"canonical":"https:\/\/www.sonoraenequipo.com.mx\/denuncian-represion-politica-en-detencion-en-veracruz-de-jose-manuel-del-rio\/","og_locale":"es_ES","og_type":"article","og_title":"Sonora en Equipo. Denuncian represi\u00f3n pol\u00edtica en detenci\u00f3n en Veracruz de Jos\u00e9 Manuel del R\u00edo Rep\u00fablica","og_description":"&nbsp; VERACRUZ, VERACRUZ.\u2500\u2500En tiempos de definiciones y decisiones pol\u00edticas los perfiles m\u00e1s altos son los que sufren las peores consecuencias, en este En Sonora en Equipo publicamos toda la informaci\u00f3n de Sonora, M\u00e9xico y el Mundo de manera oportuna y busca que la libertad de expresi\u00f3n sea real. Visita nuestro medio informativo publicado desde Hermosillo, Sonora. %","og_url":"https:\/\/www.sonoraenequipo.com.mx\/denuncian-represion-politica-en-detencion-en-veracruz-de-jose-manuel-del-rio\/","og_site_name":"Sonora en Equipo.","article_publisher":"https:\/\/www.facebook.com\/SonoraEE\/","article_author":"https:\/\/www.facebook.com\/SonoraEE","article_published_time":"2021-12-22T19:30:00+00:00","article_modified_time":"2021-12-23T01:25:11+00:00","og_image":[{"width":640,"height":399,"url":"https:\/\/www.sonoraenequipo.com.mx\/storage\/2021\/12\/CUITLAHUAC.jpg","type":"image\/jpeg"}],"author":"enequipo","twitter_card":"summary_large_image","twitter_creator":"@sonoraenequipo","twitter_site":"@sonoraenequipo","twitter_misc":{"Escrito por":"enequipo","Tiempo de lectura":"2 minutos"},"schema":{"@context":"https:\/\/schema.org","@graph":[{"@type":"Article","@id":"https:\/\/www.sonoraenequipo.com.mx\/denuncian-represion-politica-en-detencion-en-veracruz-de-jose-manuel-del-rio\/#article","isPartOf":{"@id":"https:\/\/www.sonoraenequipo.com.mx\/denuncian-represion-politica-en-detencion-en-veracruz-de-jose-manuel-del-rio\/"},"author":{"name":"enequipo","@id":"https:\/\/www.sonoraenequipo.com.mx\/#\/schema\/person\/50102df0fb23a8fa9e8effad8fa81386"},"headline":"Denuncian represi\u00f3n pol\u00edtica en detenci\u00f3n en Veracruz de Jos\u00e9 Manuel del R\u00edo","datePublished":"2021-12-22T19:30:00+00:00","dateModified":"2021-12-23T01:25:11+00:00","mainEntityOfPage":{"@id":"https:\/\/www.sonoraenequipo.com.mx\/denuncian-represion-politica-en-detencion-en-veracruz-de-jose-manuel-del-rio\/"},"wordCount":368,"commentCount":0,"publisher":{"@id":"https:\/\/www.sonoraenequipo.com.mx\/#organization"},"image":{"@id":"https:\/\/www.sonoraenequipo.com.mx\/denuncian-represion-politica-en-detencion-en-veracruz-de-jose-manuel-del-rio\/#primaryimage"},"thumbnailUrl":"https:\/\/www.sonoraenequipo.com.mx\/storage\/2021\/12\/CUITLAHUAC.jpg","keywords":["gobernador de veracruz","ricardo monreal"],"articleSection":["Rep\u00fablica"],"inLanguage":"es","potentialAction":[{"@type":"CommentAction","name":"Comment","target":["https:\/\/www.sonoraenequipo.com.mx\/denuncian-represion-politica-en-detencion-en-veracruz-de-jose-manuel-del-rio\/#respond"]}]},{"@type":"WebPage","@id":"https:\/\/www.sonoraenequipo.com.mx\/denuncian-represion-politica-en-detencion-en-veracruz-de-jose-manuel-del-rio\/","url":"https:\/\/www.sonoraenequipo.com.mx\/denuncian-represion-politica-en-detencion-en-veracruz-de-jose-manuel-del-rio\/","name":"Sonora en Equipo. Denuncian represi\u00f3n pol\u00edtica en detenci\u00f3n en Veracruz de Jos\u00e9 Manuel del R\u00edo Rep\u00fablica","isPartOf":{"@id":"https:\/\/www.sonoraenequipo.com.mx\/#website"},"primaryImageOfPage":{"@id":"https:\/\/www.sonoraenequipo.com.mx\/denuncian-represion-politica-en-detencion-en-veracruz-de-jose-manuel-del-rio\/#primaryimage"},"image":{"@id":"https:\/\/www.sonoraenequipo.com.mx\/denuncian-represion-politica-en-detencion-en-veracruz-de-jose-manuel-del-rio\/#primaryimage"},"thumbnailUrl":"https:\/\/www.sonoraenequipo.com.mx\/storage\/2021\/12\/CUITLAHUAC.jpg","datePublished":"2021-12-22T19:30:00+00:00","dateModified":"2021-12-23T01:25:11+00:00","description":"&nbsp; VERACRUZ, VERACRUZ.\u2500\u2500En tiempos de definiciones y decisiones pol\u00edticas los perfiles m\u00e1s altos son los que sufren las peores consecuencias, en este En Sonora en Equipo publicamos toda la informaci\u00f3n de Sonora, M\u00e9xico y el Mundo de manera oportuna y busca que la libertad de expresi\u00f3n sea real. Visita nuestro medio informativo publicado desde Hermosillo, Sonora. %","breadcrumb":{"@id":"https:\/\/www.sonoraenequipo.com.mx\/denuncian-represion-politica-en-detencion-en-veracruz-de-jose-manuel-del-rio\/#breadcrumb"},"inLanguage":"es","potentialAction":[{"@type":"ReadAction","target":["https:\/\/www.sonoraenequipo.com.mx\/denuncian-represion-politica-en-detencion-en-veracruz-de-jose-manuel-del-rio\/"]}]},{"@type":"ImageObject","inLanguage":"es","@id":"https:\/\/www.sonoraenequipo.com.mx\/denuncian-represion-politica-en-detencion-en-veracruz-de-jose-manuel-del-rio\/#primaryimage","url":"https:\/\/www.sonoraenequipo.com.mx\/storage\/2021\/12\/CUITLAHUAC.jpg","contentUrl":"https:\/\/www.sonoraenequipo.com.mx\/storage\/2021\/12\/CUITLAHUAC.jpg","width":640,"height":399,"caption":"Cuitl\u00e1huac Garc\u00eda Jim\u00e9nez,gobernador de veracruz ,Morena"},{"@type":"BreadcrumbList","@id":"https:\/\/www.sonoraenequipo.com.mx\/denuncian-represion-politica-en-detencion-en-veracruz-de-jose-manuel-del-rio\/#breadcrumb","itemListElement":[{"@type":"ListItem","position":1,"name":"Portada","item":"https:\/\/www.sonoraenequipo.com.mx\/"},{"@type":"ListItem","position":2,"name":"Denuncian represi\u00f3n pol\u00edtica en detenci\u00f3n en Veracruz de Jos\u00e9 Manuel del R\u00edo"}]},{"@type":"WebSite","@id":"https:\/\/www.sonoraenequipo.com.mx\/#website","url":"https:\/\/www.sonoraenequipo.com.mx\/","name":"Sonora en Equipo.","description":"Diario en l\u00ednea con Noticias desde Hermosillo, Sonora","publisher":{"@id":"https:\/\/www.sonoraenequipo.com.mx\/#organization"},"potentialAction":[{"@type":"SearchAction","target":{"@type":"EntryPoint","urlTemplate":"https:\/\/www.sonoraenequipo.com.mx\/?s={search_term_string}"},"query-input":{"@type":"PropertyValueSpecification","valueRequired":true,"valueName":"search_term_string"}}],"inLanguage":"es"},{"@type":"Organization","@id":"https:\/\/www.sonoraenequipo.com.mx\/#organization","name":"Sonoraenequipo.com.mx","url":"https:\/\/www.sonoraenequipo.com.mx\/","logo":{"@type":"ImageObject","inLanguage":"es","@id":"https:\/\/www.sonoraenequipo.com.mx\/#\/schema\/logo\/image\/","url":"https:\/\/www.sonoraenequipo.com.mx\/storage\/2019\/01\/sonoraenequipo_opt.png","contentUrl":"https:\/\/www.sonoraenequipo.com.mx\/storage\/2019\/01\/sonoraenequipo_opt.png","width":375,"height":125,"caption":"Sonoraenequipo.com.mx"},"image":{"@id":"https:\/\/www.sonoraenequipo.com.mx\/#\/schema\/logo\/image\/"},"sameAs":["https:\/\/www.facebook.com\/SonoraEE\/","https:\/\/x.com\/sonoraenequipo","https:\/\/www.youtube.com\/channel\/UC338nW-lPEYmJQs4ZABQ1SQ"]},{"@type":"Person","@id":"https:\/\/www.sonoraenequipo.com.mx\/#\/schema\/person\/50102df0fb23a8fa9e8effad8fa81386","name":"enequipo","image":{"@type":"ImageObject","inLanguage":"es","@id":"https:\/\/www.sonoraenequipo.com.mx\/#\/schema\/person\/image\/","url":"https:\/\/secure.gravatar.com\/avatar\/049821681b589dabc0bc20695993ccebb09f5b5d4d790cd9251b97faac7c652b?s=96&d=blank&r=g","contentUrl":"https:\/\/secure.gravatar.com\/avatar\/049821681b589dabc0bc20695993ccebb09f5b5d4d790cd9251b97faac7c652b?s=96&d=blank&r=g","caption":"enequipo"},"sameAs":["https:\/\/www.facebook.com\/SonoraEE"]}]}},"jetpack_featured_media_url":"https:\/\/www.sonoraenequipo.com.mx\/storage\/2021\/12\/CUITLAHUAC.jpg","_links":{"self":[{"href":"https:\/\/www.sonoraenequipo.com.mx\/api\/wp\/v2\/posts\/130137","targetHints":{"allow":["GET"]}}],"collection":[{"href":"https:\/\/www.sonoraenequipo.com.mx\/api\/wp\/v2\/posts"}],"about":[{"href":"https:\/\/www.sonoraenequipo.com.mx\/api\/wp\/v2\/types\/post"}],"author":[{"embeddable":true,"href":"https:\/\/www.sonoraenequipo.com.mx\/api\/wp\/v2\/users\/1"}],"replies":[{"embeddable":true,"href":"https:\/\/www.sonoraenequipo.com.mx\/api\/wp\/v2\/comments?post=130137"}],"version-history":[{"count":3,"href":"https:\/\/www.sonoraenequipo.com.mx\/api\/wp\/v2\/posts\/130137\/revisions"}],"predecessor-version":[{"id":130142,"href":"https:\/\/www.sonoraenequipo.com.mx\/api\/wp\/v2\/posts\/130137\/revisions\/130142"}],"wp:featuredmedia":[{"embeddable":true,"href":"https:\/\/www.sonoraenequipo.com.mx\/api\/wp\/v2\/media\/130138"}],"wp:attachment":[{"href":"https:\/\/www.sonoraenequipo.com.mx\/api\/wp\/v2\/media?parent=130137"}],"wp:term":[{"taxonomy":"category","embeddable":true,"href":"https:\/\/www.sonoraenequipo.com.mx\/api\/wp\/v2\/categories?post=130137"},{"taxonomy":"post_tag","embeddable":true,"href":"https:\/\/www.sonoraenequipo.com.mx\/api\/wp\/v2\/tags?post=130137"}],"curies":[{"name":"wp","href":"https:\/\/api.w.org\/{rel}","templated":true}]}}