{"id":130143,"date":"2021-12-22T13:11:30","date_gmt":"2021-12-22T20:11:30","guid":{"rendered":"https:\/\/www.sonoraenequipo.com.mx\/?p=130143"},"modified":"2021-12-22T13:11:30","modified_gmt":"2021-12-22T20:11:30","slug":"cajeme-conmemoran-el-206-aniversario-luctuoso-de-jose-maria-morelos","status":"publish","type":"post","link":"https:\/\/www.sonoraenequipo.com.mx\/cajeme-conmemoran-el-206-aniversario-luctuoso-de-jose-maria-morelos\/","title":{"rendered":"CAJEME. Conmemoran el 206 aniversario luctuoso de Jos\u00e9 Mar\u00eda Morelos"},"content":{"rendered":"<p>CAJEME.SONORA,MX.\u2500\u2500 El Gobierno Municipal de Cajeme, a trav\u00e9s de la Subdirecci\u00f3n de Acci\u00f3n C\u00edvica, conmemor\u00f3 con una guardia c\u00edvica y ofrenda floral el 206 aniversario luctuoso de Jos\u00e9 Mar\u00eda Morelos y Pav\u00f3n, quien fue capturado en noviembre de 1815 y fusilado el 22 de diciembre de 1815, en Ecatepec.<\/p>\n<p>&nbsp;<\/p>\n<p>\u201cMorir es nada cuando por la patria se muere y yo he cumplido como debo con mi conciencia y como americano, \u00a1Dios salve a la patria, cuya esperanza va conmigo a la tumba!\u201d, se\u00f1al\u00f3 Claudia Cota Arellano, Directora de Salud Municipal, quien fungi\u00f3 como oradora oficial en la guardia c\u00edvica.<\/p>\n<p>&nbsp;<\/p>\n<p>En representaci\u00f3n del Alcalde Javier Lamarque Cano, Fernando Gonz\u00e1lez Meza, Director T\u00e9cnico de Presidencia, mencion\u00f3 que el \u201cSiervo de la Naci\u00f3n\u201d, era un gran hombre, estadista, que sin detenerse sigui\u00f3 con la lucha de Independencia, pese al fallecimiento de Hidalgo y la desesperanza de la gente en esa \u00e9poca.<\/p>\n<p>&nbsp;<\/p>\n<p>En el evento estuvieron presentes el Teniente de Infanter\u00eda, Pedro Pelaez Hern\u00e1ndez, en representaci\u00f3n del Teniente Coronel de Infanter\u00eda, V\u00edctor Hugo Trujillo, comandante del 60 Batall\u00f3n de Infanter\u00eda; el Teniente de Fragata e Infanter\u00eda de Marina, Jes\u00fas Torres, en representaci\u00f3n del Secretario de Seguridad P\u00fablica, C\u00e1ndido Tarango Vel\u00e1zquez; Alejandrina Aguilar Garc\u00eda, en representaci\u00f3n de la s\u00edndico municipal, Josefina Leyva Gonz\u00e1lez; el Comandante de Bomberos, \u00c1ngel Francisco Garc\u00eda Tellechea; la regidora, Zenaida Salido Torres; Silvia Mar\u00eda Camargo Apodaca, Subdirectora de Acci\u00f3n C\u00edvica y el Director de Comunicaci\u00f3n Social, Joaqu\u00edn Galaz Nevarez.<\/p>\n<p>Fecha de publicaci\u00f3n mi\u00e9rcoles\/ 22 \/ diciembre\/<\/p>\n","protected":false},"excerpt":{"rendered":"<p>CAJEME.SONORA,MX.\u2500\u2500 El Gobierno Municipal de Cajeme, a trav\u00e9s de la Subdirecci\u00f3n de Acci\u00f3n C\u00edvica, conmemor\u00f3&#8230;<\/p>\n","protected":false},"author":1,"featured_media":130144,"comment_status":"open","ping_status":"open","sticky":false,"template":"","format":"standard","meta":{"_monsterinsights_skip_tracking":false,"_monsterinsights_sitenote_active":false,"_monsterinsights_sitenote_note":"","_monsterinsights_sitenote_category":0,"footnotes":""},"categories":[4],"tags":[6511,6570],"class_list":["post"],"yoast_head":" \n<title>Sonora en Equipo. CAJEME. Conmemoran el 206 aniversario luctuoso de Jos\u00e9 Mar\u00eda Morelos Municipios<\/title>\n<meta name=\"description\" content=\"CAJEME.SONORA,MX.\u2500\u2500 El Gobierno Municipal de Cajeme, a trav\u00e9s de la Subdirecci\u00f3n de Acci\u00f3n C\u00edvica, conmemor\u00f3 con una guardia c\u00edvica y ofrenda floral el En Sonora en Equipo publicamos toda la informaci\u00f3n de Sonora, M\u00e9xico y el Mundo de manera oportuna y busca que la libertad de expresi\u00f3n sea real. Visita nuestro medio informativo publicado desde Hermosillo, Sonora. %\" \/>\n<meta name=\"robots\" content=\"index, follow, max-snippet:-1, max-image-preview:large, max-video-preview:-1\" \/>\n<link rel=\"canonical\" href=\"https:\/\/www.sonoraenequipo.com.mx\/cajeme-conmemoran-el-206-aniversario-luctuoso-de-jose-maria-morelos\/\" \/>\n<meta property=\"og:locale\" content=\"es_ES\" \/>\n<meta property=\"og:type\" content=\"article\" \/>\n<meta property=\"og:title\" content=\"Sonora en Equipo. CAJEME. Conmemoran el 206 aniversario luctuoso de Jos\u00e9 Mar\u00eda Morelos Municipios\" \/>\n<meta property=\"og:description\" content=\"CAJEME.SONORA,MX.\u2500\u2500 El Gobierno Municipal de Cajeme, a trav\u00e9s de la Subdirecci\u00f3n de Acci\u00f3n C\u00edvica, conmemor\u00f3 con una guardia c\u00edvica y ofrenda floral el En Sonora en Equipo publicamos toda la informaci\u00f3n de Sonora, M\u00e9xico y el Mundo de manera oportuna y busca que la libertad de expresi\u00f3n sea real. Visita nuestro medio informativo publicado desde Hermosillo, Sonora. %\" \/>\n<meta property=\"og:url\" content=\"https:\/\/www.sonoraenequipo.com.mx\/cajeme-conmemoran-el-206-aniversario-luctuoso-de-jose-maria-morelos\/\" \/>\n<meta property=\"og:site_name\" content=\"Sonora en Equipo.\" \/>\n<meta property=\"article:publisher\" content=\"https:\/\/www.facebook.com\/SonoraEE\/\" \/>\n<meta property=\"article:author\" content=\"https:\/\/www.facebook.com\/SonoraEE\" \/>\n<meta property=\"article:published_time\" content=\"2021-12-22T20:11:30+00:00\" \/>\n<meta property=\"og:image\" content=\"https:\/\/www.sonoraenequipo.com.mx\/storage\/2021\/12\/morelos-cajeme.jpg\" \/>\n\t<meta property=\"og:image:width\" content=\"700\" \/>\n\t<meta property=\"og:image:height\" content=\"400\" \/>\n\t<meta property=\"og:image:type\" content=\"image\/jpeg\" \/>\n<meta name=\"author\" content=\"enequipo\" \/>\n<meta name=\"twitter:card\" content=\"summary_large_image\" \/>\n<meta name=\"twitter:creator\" content=\"@sonoraenequipo\" \/>\n<meta name=\"twitter:site\" content=\"@sonoraenequipo\" \/>\n<meta name=\"twitter:label1\" content=\"Escrito por\" \/>\n\t<meta name=\"twitter:data1\" content=\"enequipo\" \/>\n\t<meta name=\"twitter:label2\" content=\"Tiempo de lectura\" \/>\n\t<meta name=\"twitter:data2\" content=\"2 minutos\" \/>\n<script type=\"application\/ld+json\" class=\"yoast-schema-graph\">{\"@context\":\"https:\/\/schema.org\",\"@graph\":[{\"@type\":\"Article\",\"@id\":\"https:\/\/www.sonoraenequipo.com.mx\/cajeme-conmemoran-el-206-aniversario-luctuoso-de-jose-maria-morelos\/#article\",\"isPartOf\":{\"@id\":\"https:\/\/www.sonoraenequipo.com.mx\/cajeme-conmemoran-el-206-aniversario-luctuoso-de-jose-maria-morelos\/\"},\"author\":{\"name\":\"enequipo\",\"@id\":\"https:\/\/www.sonoraenequipo.com.mx\/#\/schema\/person\/50102df0fb23a8fa9e8effad8fa81386\"},\"headline\":\"CAJEME. Conmemoran el 206 aniversario luctuoso de Jos\u00e9 Mar\u00eda Morelos\",\"datePublished\":\"2021-12-22T20:11:30+00:00\",\"mainEntityOfPage\":{\"@id\":\"https:\/\/www.sonoraenequipo.com.mx\/cajeme-conmemoran-el-206-aniversario-luctuoso-de-jose-maria-morelos\/\"},\"wordCount\":291,\"commentCount\":0,\"publisher\":{\"@id\":\"https:\/\/www.sonoraenequipo.com.mx\/#organization\"},\"image\":{\"@id\":\"https:\/\/www.sonoraenequipo.com.mx\/cajeme-conmemoran-el-206-aniversario-luctuoso-de-jose-maria-morelos\/#primaryimage\"},\"thumbnailUrl\":\"https:\/\/www.sonoraenequipo.com.mx\/storage\/2021\/12\/morelos-cajeme.jpg\",\"keywords\":[\"lamarque\",\"MORELOS CAJEME\"],\"articleSection\":[\"Municipios\"],\"inLanguage\":\"es\",\"potentialAction\":[{\"@type\":\"CommentAction\",\"name\":\"Comment\",\"target\":[\"https:\/\/www.sonoraenequipo.com.mx\/cajeme-conmemoran-el-206-aniversario-luctuoso-de-jose-maria-morelos\/#respond\"]}]},{\"@type\":\"WebPage\",\"@id\":\"https:\/\/www.sonoraenequipo.com.mx\/cajeme-conmemoran-el-206-aniversario-luctuoso-de-jose-maria-morelos\/\",\"url\":\"https:\/\/www.sonoraenequipo.com.mx\/cajeme-conmemoran-el-206-aniversario-luctuoso-de-jose-maria-morelos\/\",\"name\":\"Sonora en Equipo. CAJEME. Conmemoran el 206 aniversario luctuoso de Jos\u00e9 Mar\u00eda Morelos Municipios\",\"isPartOf\":{\"@id\":\"https:\/\/www.sonoraenequipo.com.mx\/#website\"},\"primaryImageOfPage\":{\"@id\":\"https:\/\/www.sonoraenequipo.com.mx\/cajeme-conmemoran-el-206-aniversario-luctuoso-de-jose-maria-morelos\/#primaryimage\"},\"image\":{\"@id\":\"https:\/\/www.sonoraenequipo.com.mx\/cajeme-conmemoran-el-206-aniversario-luctuoso-de-jose-maria-morelos\/#primaryimage\"},\"thumbnailUrl\":\"https:\/\/www.sonoraenequipo.com.mx\/storage\/2021\/12\/morelos-cajeme.jpg\",\"datePublished\":\"2021-12-22T20:11:30+00:00\",\"description\":\"CAJEME.SONORA,MX.\u2500\u2500 El Gobierno Municipal de Cajeme, a trav\u00e9s de la Subdirecci\u00f3n de Acci\u00f3n C\u00edvica, conmemor\u00f3 con una guardia c\u00edvica y ofrenda floral el En Sonora en Equipo publicamos toda la informaci\u00f3n de Sonora, M\u00e9xico y el Mundo de manera oportuna y busca que la libertad de expresi\u00f3n sea real. Visita nuestro medio informativo publicado desde Hermosillo, Sonora. %\",\"breadcrumb\":{\"@id\":\"https:\/\/www.sonoraenequipo.com.mx\/cajeme-conmemoran-el-206-aniversario-luctuoso-de-jose-maria-morelos\/#breadcrumb\"},\"inLanguage\":\"es\",\"potentialAction\":[{\"@type\":\"ReadAction\",\"target\":[\"https:\/\/www.sonoraenequipo.com.mx\/cajeme-conmemoran-el-206-aniversario-luctuoso-de-jose-maria-morelos\/\"]}]},{\"@type\":\"ImageObject\",\"inLanguage\":\"es\",\"@id\":\"https:\/\/www.sonoraenequipo.com.mx\/cajeme-conmemoran-el-206-aniversario-luctuoso-de-jose-maria-morelos\/#primaryimage\",\"url\":\"https:\/\/www.sonoraenequipo.com.mx\/storage\/2021\/12\/morelos-cajeme.jpg\",\"contentUrl\":\"https:\/\/www.sonoraenequipo.com.mx\/storage\/2021\/12\/morelos-cajeme.jpg\",\"width\":700,\"height\":400},{\"@type\":\"BreadcrumbList\",\"@id\":\"https:\/\/www.sonoraenequipo.com.mx\/cajeme-conmemoran-el-206-aniversario-luctuoso-de-jose-maria-morelos\/#breadcrumb\",\"itemListElement\":[{\"@type\":\"ListItem\",\"position\":1,\"name\":\"Portada\",\"item\":\"https:\/\/www.sonoraenequipo.com.mx\/\"},{\"@type\":\"ListItem\",\"position\":2,\"name\":\"CAJEME. Conmemoran el 206 aniversario luctuoso de Jos\u00e9 Mar\u00eda Morelos\"}]},{\"@type\":\"WebSite\",\"@id\":\"https:\/\/www.sonoraenequipo.com.mx\/#website\",\"url\":\"https:\/\/www.sonoraenequipo.com.mx\/\",\"name\":\"Sonora en Equipo.\",\"description\":\"Diario en l\u00ednea con Noticias desde Hermosillo, Sonora\",\"publisher\":{\"@id\":\"https:\/\/www.sonoraenequipo.com.mx\/#organization\"},\"potentialAction\":[{\"@type\":\"SearchAction\",\"target\":{\"@type\":\"EntryPoint\",\"urlTemplate\":\"https:\/\/www.sonoraenequipo.com.mx\/?s={search_term_string}\"},\"query-input\":{\"@type\":\"PropertyValueSpecification\",\"valueRequired\":true,\"valueName\":\"search_term_string\"}}],\"inLanguage\":\"es\"},{\"@type\":\"Organization\",\"@id\":\"https:\/\/www.sonoraenequipo.com.mx\/#organization\",\"name\":\"Sonoraenequipo.com.mx\",\"url\":\"https:\/\/www.sonoraenequipo.com.mx\/\",\"logo\":{\"@type\":\"ImageObject\",\"inLanguage\":\"es\",\"@id\":\"https:\/\/www.sonoraenequipo.com.mx\/#\/schema\/logo\/image\/\",\"url\":\"https:\/\/www.sonoraenequipo.com.mx\/storage\/2019\/01\/sonoraenequipo_opt.png\",\"contentUrl\":\"https:\/\/www.sonoraenequipo.com.mx\/storage\/2019\/01\/sonoraenequipo_opt.png\",\"width\":375,\"height\":125,\"caption\":\"Sonoraenequipo.com.mx\"},\"image\":{\"@id\":\"https:\/\/www.sonoraenequipo.com.mx\/#\/schema\/logo\/image\/\"},\"sameAs\":[\"https:\/\/www.facebook.com\/SonoraEE\/\",\"https:\/\/x.com\/sonoraenequipo\",\"https:\/\/www.youtube.com\/channel\/UC338nW-lPEYmJQs4ZABQ1SQ\"]},{\"@type\":\"Person\",\"@id\":\"https:\/\/www.sonoraenequipo.com.mx\/#\/schema\/person\/50102df0fb23a8fa9e8effad8fa81386\",\"name\":\"enequipo\",\"image\":{\"@type\":\"ImageObject\",\"inLanguage\":\"es\",\"@id\":\"https:\/\/www.sonoraenequipo.com.mx\/#\/schema\/person\/image\/\",\"url\":\"https:\/\/secure.gravatar.com\/avatar\/049821681b589dabc0bc20695993ccebb09f5b5d4d790cd9251b97faac7c652b?s=96&d=blank&r=g\",\"contentUrl\":\"https:\/\/secure.gravatar.com\/avatar\/049821681b589dabc0bc20695993ccebb09f5b5d4d790cd9251b97faac7c652b?s=96&d=blank&r=g\",\"caption\":\"enequipo\"},\"sameAs\":[\"https:\/\/www.facebook.com\/SonoraEE\"]}]}<\/script>\n ","yoast_head_json":{"title":"Sonora en Equipo. CAJEME. Conmemoran el 206 aniversario luctuoso de Jos\u00e9 Mar\u00eda Morelos Municipios","description":"CAJEME.SONORA,MX.\u2500\u2500 El Gobierno Municipal de Cajeme, a trav\u00e9s de la Subdirecci\u00f3n de Acci\u00f3n C\u00edvica, conmemor\u00f3 con una guardia c\u00edvica y ofrenda floral el En Sonora en Equipo publicamos toda la informaci\u00f3n de Sonora, M\u00e9xico y el Mundo de manera oportuna y busca que la libertad de expresi\u00f3n sea real. Visita nuestro medio informativo publicado desde Hermosillo, Sonora. %","robots":{"index":"index","follow":"follow","max-snippet":"max-snippet:-1","max-image-preview":"max-image-preview:large","max-video-preview":"max-video-preview:-1"},"canonical":"https:\/\/www.sonoraenequipo.com.mx\/cajeme-conmemoran-el-206-aniversario-luctuoso-de-jose-maria-morelos\/","og_locale":"es_ES","og_type":"article","og_title":"Sonora en Equipo. CAJEME. Conmemoran el 206 aniversario luctuoso de Jos\u00e9 Mar\u00eda Morelos Municipios","og_description":"CAJEME.SONORA,MX.\u2500\u2500 El Gobierno Municipal de Cajeme, a trav\u00e9s de la Subdirecci\u00f3n de Acci\u00f3n C\u00edvica, conmemor\u00f3 con una guardia c\u00edvica y ofrenda floral el En Sonora en Equipo publicamos toda la informaci\u00f3n de Sonora, M\u00e9xico y el Mundo de manera oportuna y busca que la libertad de expresi\u00f3n sea real. Visita nuestro medio informativo publicado desde Hermosillo, Sonora. %","og_url":"https:\/\/www.sonoraenequipo.com.mx\/cajeme-conmemoran-el-206-aniversario-luctuoso-de-jose-maria-morelos\/","og_site_name":"Sonora en Equipo.","article_publisher":"https:\/\/www.facebook.com\/SonoraEE\/","article_author":"https:\/\/www.facebook.com\/SonoraEE","article_published_time":"2021-12-22T20:11:30+00:00","og_image":[{"width":700,"height":400,"url":"https:\/\/www.sonoraenequipo.com.mx\/storage\/2021\/12\/morelos-cajeme.jpg","type":"image\/jpeg"}],"author":"enequipo","twitter_card":"summary_large_image","twitter_creator":"@sonoraenequipo","twitter_site":"@sonoraenequipo","twitter_misc":{"Escrito por":"enequipo","Tiempo de lectura":"2 minutos"},"schema":{"@context":"https:\/\/schema.org","@graph":[{"@type":"Article","@id":"https:\/\/www.sonoraenequipo.com.mx\/cajeme-conmemoran-el-206-aniversario-luctuoso-de-jose-maria-morelos\/#article","isPartOf":{"@id":"https:\/\/www.sonoraenequipo.com.mx\/cajeme-conmemoran-el-206-aniversario-luctuoso-de-jose-maria-morelos\/"},"author":{"name":"enequipo","@id":"https:\/\/www.sonoraenequipo.com.mx\/#\/schema\/person\/50102df0fb23a8fa9e8effad8fa81386"},"headline":"CAJEME. Conmemoran el 206 aniversario luctuoso de Jos\u00e9 Mar\u00eda Morelos","datePublished":"2021-12-22T20:11:30+00:00","mainEntityOfPage":{"@id":"https:\/\/www.sonoraenequipo.com.mx\/cajeme-conmemoran-el-206-aniversario-luctuoso-de-jose-maria-morelos\/"},"wordCount":291,"commentCount":0,"publisher":{"@id":"https:\/\/www.sonoraenequipo.com.mx\/#organization"},"image":{"@id":"https:\/\/www.sonoraenequipo.com.mx\/cajeme-conmemoran-el-206-aniversario-luctuoso-de-jose-maria-morelos\/#primaryimage"},"thumbnailUrl":"https:\/\/www.sonoraenequipo.com.mx\/storage\/2021\/12\/morelos-cajeme.jpg","keywords":["lamarque","MORELOS CAJEME"],"articleSection":["Municipios"],"inLanguage":"es","potentialAction":[{"@type":"CommentAction","name":"Comment","target":["https:\/\/www.sonoraenequipo.com.mx\/cajeme-conmemoran-el-206-aniversario-luctuoso-de-jose-maria-morelos\/#respond"]}]},{"@type":"WebPage","@id":"https:\/\/www.sonoraenequipo.com.mx\/cajeme-conmemoran-el-206-aniversario-luctuoso-de-jose-maria-morelos\/","url":"https:\/\/www.sonoraenequipo.com.mx\/cajeme-conmemoran-el-206-aniversario-luctuoso-de-jose-maria-morelos\/","name":"Sonora en Equipo. CAJEME. Conmemoran el 206 aniversario luctuoso de Jos\u00e9 Mar\u00eda Morelos Municipios","isPartOf":{"@id":"https:\/\/www.sonoraenequipo.com.mx\/#website"},"primaryImageOfPage":{"@id":"https:\/\/www.sonoraenequipo.com.mx\/cajeme-conmemoran-el-206-aniversario-luctuoso-de-jose-maria-morelos\/#primaryimage"},"image":{"@id":"https:\/\/www.sonoraenequipo.com.mx\/cajeme-conmemoran-el-206-aniversario-luctuoso-de-jose-maria-morelos\/#primaryimage"},"thumbnailUrl":"https:\/\/www.sonoraenequipo.com.mx\/storage\/2021\/12\/morelos-cajeme.jpg","datePublished":"2021-12-22T20:11:30+00:00","description":"CAJEME.SONORA,MX.\u2500\u2500 El Gobierno Municipal de Cajeme, a trav\u00e9s de la Subdirecci\u00f3n de Acci\u00f3n C\u00edvica, conmemor\u00f3 con una guardia c\u00edvica y ofrenda floral el En Sonora en Equipo publicamos toda la informaci\u00f3n de Sonora, M\u00e9xico y el Mundo de manera oportuna y busca que la libertad de expresi\u00f3n sea real. Visita nuestro medio informativo publicado desde Hermosillo, Sonora. %","breadcrumb":{"@id":"https:\/\/www.sonoraenequipo.com.mx\/cajeme-conmemoran-el-206-aniversario-luctuoso-de-jose-maria-morelos\/#breadcrumb"},"inLanguage":"es","potentialAction":[{"@type":"ReadAction","target":["https:\/\/www.sonoraenequipo.com.mx\/cajeme-conmemoran-el-206-aniversario-luctuoso-de-jose-maria-morelos\/"]}]},{"@type":"ImageObject","inLanguage":"es","@id":"https:\/\/www.sonoraenequipo.com.mx\/cajeme-conmemoran-el-206-aniversario-luctuoso-de-jose-maria-morelos\/#primaryimage","url":"https:\/\/www.sonoraenequipo.com.mx\/storage\/2021\/12\/morelos-cajeme.jpg","contentUrl":"https:\/\/www.sonoraenequipo.com.mx\/storage\/2021\/12\/morelos-cajeme.jpg","width":700,"height":400},{"@type":"BreadcrumbList","@id":"https:\/\/www.sonoraenequipo.com.mx\/cajeme-conmemoran-el-206-aniversario-luctuoso-de-jose-maria-morelos\/#breadcrumb","itemListElement":[{"@type":"ListItem","position":1,"name":"Portada","item":"https:\/\/www.sonoraenequipo.com.mx\/"},{"@type":"ListItem","position":2,"name":"CAJEME. Conmemoran el 206 aniversario luctuoso de Jos\u00e9 Mar\u00eda Morelos"}]},{"@type":"WebSite","@id":"https:\/\/www.sonoraenequipo.com.mx\/#website","url":"https:\/\/www.sonoraenequipo.com.mx\/","name":"Sonora en Equipo.","description":"Diario en l\u00ednea con Noticias desde Hermosillo, Sonora","publisher":{"@id":"https:\/\/www.sonoraenequipo.com.mx\/#organization"},"potentialAction":[{"@type":"SearchAction","target":{"@type":"EntryPoint","urlTemplate":"https:\/\/www.sonoraenequipo.com.mx\/?s={search_term_string}"},"query-input":{"@type":"PropertyValueSpecification","valueRequired":true,"valueName":"search_term_string"}}],"inLanguage":"es"},{"@type":"Organization","@id":"https:\/\/www.sonoraenequipo.com.mx\/#organization","name":"Sonoraenequipo.com.mx","url":"https:\/\/www.sonoraenequipo.com.mx\/","logo":{"@type":"ImageObject","inLanguage":"es","@id":"https:\/\/www.sonoraenequipo.com.mx\/#\/schema\/logo\/image\/","url":"https:\/\/www.sonoraenequipo.com.mx\/storage\/2019\/01\/sonoraenequipo_opt.png","contentUrl":"https:\/\/www.sonoraenequipo.com.mx\/storage\/2019\/01\/sonoraenequipo_opt.png","width":375,"height":125,"caption":"Sonoraenequipo.com.mx"},"image":{"@id":"https:\/\/www.sonoraenequipo.com.mx\/#\/schema\/logo\/image\/"},"sameAs":["https:\/\/www.facebook.com\/SonoraEE\/","https:\/\/x.com\/sonoraenequipo","https:\/\/www.youtube.com\/channel\/UC338nW-lPEYmJQs4ZABQ1SQ"]},{"@type":"Person","@id":"https:\/\/www.sonoraenequipo.com.mx\/#\/schema\/person\/50102df0fb23a8fa9e8effad8fa81386","name":"enequipo","image":{"@type":"ImageObject","inLanguage":"es","@id":"https:\/\/www.sonoraenequipo.com.mx\/#\/schema\/person\/image\/","url":"https:\/\/secure.gravatar.com\/avatar\/049821681b589dabc0bc20695993ccebb09f5b5d4d790cd9251b97faac7c652b?s=96&d=blank&r=g","contentUrl":"https:\/\/secure.gravatar.com\/avatar\/049821681b589dabc0bc20695993ccebb09f5b5d4d790cd9251b97faac7c652b?s=96&d=blank&r=g","caption":"enequipo"},"sameAs":["https:\/\/www.facebook.com\/SonoraEE"]}]}},"jetpack_featured_media_url":"https:\/\/www.sonoraenequipo.com.mx\/storage\/2021\/12\/morelos-cajeme.jpg","_links":{"self":[{"href":"https:\/\/www.sonoraenequipo.com.mx\/api\/wp\/v2\/posts\/130143","targetHints":{"allow":["GET"]}}],"collection":[{"href":"https:\/\/www.sonoraenequipo.com.mx\/api\/wp\/v2\/posts"}],"about":[{"href":"https:\/\/www.sonoraenequipo.com.mx\/api\/wp\/v2\/types\/post"}],"author":[{"embeddable":true,"href":"https:\/\/www.sonoraenequipo.com.mx\/api\/wp\/v2\/users\/1"}],"replies":[{"embeddable":true,"href":"https:\/\/www.sonoraenequipo.com.mx\/api\/wp\/v2\/comments?post=130143"}],"version-history":[{"count":1,"href":"https:\/\/www.sonoraenequipo.com.mx\/api\/wp\/v2\/posts\/130143\/revisions"}],"predecessor-version":[{"id":130145,"href":"https:\/\/www.sonoraenequipo.com.mx\/api\/wp\/v2\/posts\/130143\/revisions\/130145"}],"wp:featuredmedia":[{"embeddable":true,"href":"https:\/\/www.sonoraenequipo.com.mx\/api\/wp\/v2\/media\/130144"}],"wp:attachment":[{"href":"https:\/\/www.sonoraenequipo.com.mx\/api\/wp\/v2\/media?parent=130143"}],"wp:term":[{"taxonomy":"category","embeddable":true,"href":"https:\/\/www.sonoraenequipo.com.mx\/api\/wp\/v2\/categories?post=130143"},{"taxonomy":"post_tag","embeddable":true,"href":"https:\/\/www.sonoraenequipo.com.mx\/api\/wp\/v2\/tags?post=130143"}],"curies":[{"name":"wp","href":"https:\/\/api.w.org\/{rel}","templated":true}]}}