{"id":130148,"date":"2021-12-22T13:22:51","date_gmt":"2021-12-22T20:22:51","guid":{"rendered":"https:\/\/www.sonoraenequipo.com.mx\/?p=130148"},"modified":"2021-12-22T13:22:51","modified_gmt":"2021-12-22T20:22:51","slug":"recoleccion-de-basura-suspendera-labores-el-25-de-diciembre-y-1-de-enero","status":"publish","type":"post","link":"https:\/\/www.sonoraenequipo.com.mx\/recoleccion-de-basura-suspendera-labores-el-25-de-diciembre-y-1-de-enero\/","title":{"rendered":"Recolecci\u00f3n de basura suspender\u00e1 labores el 25 de diciembre y 1 de enero"},"content":{"rendered":"<ul>\n<li>Se invita a ciudadanos a no sacar la basura para evitar desperdicios en las calles.<\/li>\n<\/ul>\n<p>&nbsp;<\/p>\n<p>HERMOSILLO,SONORA,MX.&#8211;\u00a0 La direcci\u00f3n de Servicios P\u00fablicos hace un llamado a la poblaci\u00f3n para que tome las medidas necesarias, ya que el pr\u00f3ximo s\u00e1bado 25 de diciembre y 1 de enero no habr\u00e1 recolecci\u00f3n de basura.<\/p>\n<p>Sergio Pavlovich Escalante, director de la dependencia se\u00f1al\u00f3 que, salvo esos d\u00edas, el servicio ser\u00e1 regular, sin embargo, puede haber un ligero retraso en los horarios de atenci\u00f3n debido a la acumulaci\u00f3n de residuos que pueden generarse por las fiestas de fin de a\u00f1o.<\/p>\n<p>\u201cEsto no significa que no vaya a pasar el d\u00eda que toca, sin embargo, puede que los horarios est\u00e9n un poco desfasados, por lo que pedimos a la gente su comprensi\u00f3n y de antemano ofrecemos una disculpa si hay alguna afectaci\u00f3n\u201d, agreg\u00f3.<\/p>\n<p>Hizo un llamado a los ciudadanos a no sacar la basura esos d\u00edas, 25 diciembre y 1 de enero, para evitar que \u00e9sta sea derramada por animales callejeros o mascotas de viviendas cercanas.<\/p>\n<p>De igual manera, los reciclacentros instalados en Pulso Fit Park en Blvd. Antonio Quiroga y estacionamiento de Soriana Bachoco suspender\u00e1n labores dichos d\u00edas, por lo que retomar\u00e1n el servicio el pr\u00f3ximo s\u00e1bado 8 de enero.<\/p>\n<p>Para las personas interesadas en llevar residuos reciclables, el contenedor permanente a espaldas de Servicios P\u00fablicos (avenida Las Flores entre Margarita Maza de Ju\u00e1rez y Solidaridad), estar\u00e1 disponible todos los d\u00edas.<\/p>\n<p>Fecha de publicaci\u00f3n mi\u00e9rcoles\/ 22 \/ diciembre\/ C S No.192-2021<\/p>\n","protected":false},"excerpt":{"rendered":"<p>Se invita a ciudadanos a no sacar la basura para evitar desperdicios en las calles&#8230;.<\/p>\n","protected":false},"author":1,"featured_media":56790,"comment_status":"open","ping_status":"open","sticky":false,"template":"","format":"standard","meta":{"_monsterinsights_skip_tracking":false,"_monsterinsights_sitenote_active":false,"_monsterinsights_sitenote_note":"","_monsterinsights_sitenote_category":0,"footnotes":""},"categories":[4],"tags":[35,6571],"class_list":["post"],"yoast_head":" \n<title>Sonora en Equipo. Recolecci\u00f3n de basura suspender\u00e1 labores el 25 de diciembre y 1 de enero Municipios<\/title>\n<meta name=\"description\" content=\"Se invita a ciudadanos a no sacar la basura para evitar desperdicios en las calles. &nbsp; HERMOSILLO,SONORA,MX.--\u00a0 La direcci\u00f3n de Servicios P\u00fablicos En Sonora en Equipo publicamos toda la informaci\u00f3n de Sonora, M\u00e9xico y el Mundo de manera oportuna y busca que la libertad de expresi\u00f3n sea real. Visita nuestro medio informativo publicado desde Hermosillo, Sonora. %\" \/>\n<meta name=\"robots\" content=\"index, follow, max-snippet:-1, max-image-preview:large, max-video-preview:-1\" \/>\n<link rel=\"canonical\" href=\"https:\/\/www.sonoraenequipo.com.mx\/recoleccion-de-basura-suspendera-labores-el-25-de-diciembre-y-1-de-enero\/\" \/>\n<meta property=\"og:locale\" content=\"es_ES\" \/>\n<meta property=\"og:type\" content=\"article\" \/>\n<meta property=\"og:title\" content=\"Sonora en Equipo. Recolecci\u00f3n de basura suspender\u00e1 labores el 25 de diciembre y 1 de enero Municipios\" \/>\n<meta property=\"og:description\" content=\"Se invita a ciudadanos a no sacar la basura para evitar desperdicios en las calles. &nbsp; HERMOSILLO,SONORA,MX.--\u00a0 La direcci\u00f3n de Servicios P\u00fablicos En Sonora en Equipo publicamos toda la informaci\u00f3n de Sonora, M\u00e9xico y el Mundo de manera oportuna y busca que la libertad de expresi\u00f3n sea real. Visita nuestro medio informativo publicado desde Hermosillo, Sonora. %\" \/>\n<meta property=\"og:url\" content=\"https:\/\/www.sonoraenequipo.com.mx\/recoleccion-de-basura-suspendera-labores-el-25-de-diciembre-y-1-de-enero\/\" \/>\n<meta property=\"og:site_name\" content=\"Sonora en Equipo.\" \/>\n<meta property=\"article:publisher\" content=\"https:\/\/www.facebook.com\/SonoraEE\/\" \/>\n<meta property=\"article:author\" content=\"https:\/\/www.facebook.com\/SonoraEE\" \/>\n<meta property=\"article:published_time\" content=\"2021-12-22T20:22:51+00:00\" \/>\n<meta property=\"og:image\" content=\"https:\/\/www.sonoraenequipo.com.mx\/storage\/2019\/03\/basuraenlascalles_opt.jpg\" \/>\n\t<meta property=\"og:image:width\" content=\"600\" \/>\n\t<meta property=\"og:image:height\" content=\"400\" \/>\n\t<meta property=\"og:image:type\" content=\"image\/jpeg\" \/>\n<meta name=\"author\" content=\"enequipo\" \/>\n<meta name=\"twitter:card\" content=\"summary_large_image\" \/>\n<meta name=\"twitter:creator\" content=\"@sonoraenequipo\" \/>\n<meta name=\"twitter:site\" content=\"@sonoraenequipo\" \/>\n<meta name=\"twitter:label1\" content=\"Escrito por\" \/>\n\t<meta name=\"twitter:data1\" content=\"enequipo\" \/>\n\t<meta name=\"twitter:label2\" content=\"Tiempo de lectura\" \/>\n\t<meta name=\"twitter:data2\" content=\"2 minutos\" \/>\n<script type=\"application\/ld+json\" class=\"yoast-schema-graph\">{\"@context\":\"https:\/\/schema.org\",\"@graph\":[{\"@type\":\"Article\",\"@id\":\"https:\/\/www.sonoraenequipo.com.mx\/recoleccion-de-basura-suspendera-labores-el-25-de-diciembre-y-1-de-enero\/#article\",\"isPartOf\":{\"@id\":\"https:\/\/www.sonoraenequipo.com.mx\/recoleccion-de-basura-suspendera-labores-el-25-de-diciembre-y-1-de-enero\/\"},\"author\":{\"name\":\"enequipo\",\"@id\":\"https:\/\/www.sonoraenequipo.com.mx\/#\/schema\/person\/50102df0fb23a8fa9e8effad8fa81386\"},\"headline\":\"Recolecci\u00f3n de basura suspender\u00e1 labores el 25 de diciembre y 1 de enero\",\"datePublished\":\"2021-12-22T20:22:51+00:00\",\"mainEntityOfPage\":{\"@id\":\"https:\/\/www.sonoraenequipo.com.mx\/recoleccion-de-basura-suspendera-labores-el-25-de-diciembre-y-1-de-enero\/\"},\"wordCount\":281,\"commentCount\":0,\"publisher\":{\"@id\":\"https:\/\/www.sonoraenequipo.com.mx\/#organization\"},\"image\":{\"@id\":\"https:\/\/www.sonoraenequipo.com.mx\/recoleccion-de-basura-suspendera-labores-el-25-de-diciembre-y-1-de-enero\/#primaryimage\"},\"thumbnailUrl\":\"https:\/\/www.sonoraenequipo.com.mx\/storage\/2019\/03\/basuraenlascalles_opt.jpg\",\"keywords\":[\"hermosillo\",\"RECOLECCI\u00d3N DE BASURA\"],\"articleSection\":[\"Municipios\"],\"inLanguage\":\"es\",\"potentialAction\":[{\"@type\":\"CommentAction\",\"name\":\"Comment\",\"target\":[\"https:\/\/www.sonoraenequipo.com.mx\/recoleccion-de-basura-suspendera-labores-el-25-de-diciembre-y-1-de-enero\/#respond\"]}]},{\"@type\":\"WebPage\",\"@id\":\"https:\/\/www.sonoraenequipo.com.mx\/recoleccion-de-basura-suspendera-labores-el-25-de-diciembre-y-1-de-enero\/\",\"url\":\"https:\/\/www.sonoraenequipo.com.mx\/recoleccion-de-basura-suspendera-labores-el-25-de-diciembre-y-1-de-enero\/\",\"name\":\"Sonora en Equipo. Recolecci\u00f3n de basura suspender\u00e1 labores el 25 de diciembre y 1 de enero Municipios\",\"isPartOf\":{\"@id\":\"https:\/\/www.sonoraenequipo.com.mx\/#website\"},\"primaryImageOfPage\":{\"@id\":\"https:\/\/www.sonoraenequipo.com.mx\/recoleccion-de-basura-suspendera-labores-el-25-de-diciembre-y-1-de-enero\/#primaryimage\"},\"image\":{\"@id\":\"https:\/\/www.sonoraenequipo.com.mx\/recoleccion-de-basura-suspendera-labores-el-25-de-diciembre-y-1-de-enero\/#primaryimage\"},\"thumbnailUrl\":\"https:\/\/www.sonoraenequipo.com.mx\/storage\/2019\/03\/basuraenlascalles_opt.jpg\",\"datePublished\":\"2021-12-22T20:22:51+00:00\",\"description\":\"Se invita a ciudadanos a no sacar la basura para evitar desperdicios en las calles. &nbsp; HERMOSILLO,SONORA,MX.--\u00a0 La direcci\u00f3n de Servicios P\u00fablicos En Sonora en Equipo publicamos toda la informaci\u00f3n de Sonora, M\u00e9xico y el Mundo de manera oportuna y busca que la libertad de expresi\u00f3n sea real. Visita nuestro medio informativo publicado desde Hermosillo, Sonora. %\",\"breadcrumb\":{\"@id\":\"https:\/\/www.sonoraenequipo.com.mx\/recoleccion-de-basura-suspendera-labores-el-25-de-diciembre-y-1-de-enero\/#breadcrumb\"},\"inLanguage\":\"es\",\"potentialAction\":[{\"@type\":\"ReadAction\",\"target\":[\"https:\/\/www.sonoraenequipo.com.mx\/recoleccion-de-basura-suspendera-labores-el-25-de-diciembre-y-1-de-enero\/\"]}]},{\"@type\":\"ImageObject\",\"inLanguage\":\"es\",\"@id\":\"https:\/\/www.sonoraenequipo.com.mx\/recoleccion-de-basura-suspendera-labores-el-25-de-diciembre-y-1-de-enero\/#primaryimage\",\"url\":\"https:\/\/www.sonoraenequipo.com.mx\/storage\/2019\/03\/basuraenlascalles_opt.jpg\",\"contentUrl\":\"https:\/\/www.sonoraenequipo.com.mx\/storage\/2019\/03\/basuraenlascalles_opt.jpg\",\"width\":600,\"height\":400},{\"@type\":\"BreadcrumbList\",\"@id\":\"https:\/\/www.sonoraenequipo.com.mx\/recoleccion-de-basura-suspendera-labores-el-25-de-diciembre-y-1-de-enero\/#breadcrumb\",\"itemListElement\":[{\"@type\":\"ListItem\",\"position\":1,\"name\":\"Portada\",\"item\":\"https:\/\/www.sonoraenequipo.com.mx\/\"},{\"@type\":\"ListItem\",\"position\":2,\"name\":\"Recolecci\u00f3n de basura suspender\u00e1 labores el 25 de diciembre y 1 de enero\"}]},{\"@type\":\"WebSite\",\"@id\":\"https:\/\/www.sonoraenequipo.com.mx\/#website\",\"url\":\"https:\/\/www.sonoraenequipo.com.mx\/\",\"name\":\"Sonora en Equipo.\",\"description\":\"Diario en l\u00ednea con Noticias desde Hermosillo, Sonora\",\"publisher\":{\"@id\":\"https:\/\/www.sonoraenequipo.com.mx\/#organization\"},\"potentialAction\":[{\"@type\":\"SearchAction\",\"target\":{\"@type\":\"EntryPoint\",\"urlTemplate\":\"https:\/\/www.sonoraenequipo.com.mx\/?s={search_term_string}\"},\"query-input\":{\"@type\":\"PropertyValueSpecification\",\"valueRequired\":true,\"valueName\":\"search_term_string\"}}],\"inLanguage\":\"es\"},{\"@type\":\"Organization\",\"@id\":\"https:\/\/www.sonoraenequipo.com.mx\/#organization\",\"name\":\"Sonoraenequipo.com.mx\",\"url\":\"https:\/\/www.sonoraenequipo.com.mx\/\",\"logo\":{\"@type\":\"ImageObject\",\"inLanguage\":\"es\",\"@id\":\"https:\/\/www.sonoraenequipo.com.mx\/#\/schema\/logo\/image\/\",\"url\":\"https:\/\/www.sonoraenequipo.com.mx\/storage\/2019\/01\/sonoraenequipo_opt.png\",\"contentUrl\":\"https:\/\/www.sonoraenequipo.com.mx\/storage\/2019\/01\/sonoraenequipo_opt.png\",\"width\":375,\"height\":125,\"caption\":\"Sonoraenequipo.com.mx\"},\"image\":{\"@id\":\"https:\/\/www.sonoraenequipo.com.mx\/#\/schema\/logo\/image\/\"},\"sameAs\":[\"https:\/\/www.facebook.com\/SonoraEE\/\",\"https:\/\/x.com\/sonoraenequipo\",\"https:\/\/www.youtube.com\/channel\/UC338nW-lPEYmJQs4ZABQ1SQ\"]},{\"@type\":\"Person\",\"@id\":\"https:\/\/www.sonoraenequipo.com.mx\/#\/schema\/person\/50102df0fb23a8fa9e8effad8fa81386\",\"name\":\"enequipo\",\"image\":{\"@type\":\"ImageObject\",\"inLanguage\":\"es\",\"@id\":\"https:\/\/www.sonoraenequipo.com.mx\/#\/schema\/person\/image\/\",\"url\":\"https:\/\/secure.gravatar.com\/avatar\/049821681b589dabc0bc20695993ccebb09f5b5d4d790cd9251b97faac7c652b?s=96&d=blank&r=g\",\"contentUrl\":\"https:\/\/secure.gravatar.com\/avatar\/049821681b589dabc0bc20695993ccebb09f5b5d4d790cd9251b97faac7c652b?s=96&d=blank&r=g\",\"caption\":\"enequipo\"},\"sameAs\":[\"https:\/\/www.facebook.com\/SonoraEE\"]}]}<\/script>\n ","yoast_head_json":{"title":"Sonora en Equipo. Recolecci\u00f3n de basura suspender\u00e1 labores el 25 de diciembre y 1 de enero Municipios","description":"Se invita a ciudadanos a no sacar la basura para evitar desperdicios en las calles. &nbsp; HERMOSILLO,SONORA,MX.--\u00a0 La direcci\u00f3n de Servicios P\u00fablicos En Sonora en Equipo publicamos toda la informaci\u00f3n de Sonora, M\u00e9xico y el Mundo de manera oportuna y busca que la libertad de expresi\u00f3n sea real. Visita nuestro medio informativo publicado desde Hermosillo, Sonora. %","robots":{"index":"index","follow":"follow","max-snippet":"max-snippet:-1","max-image-preview":"max-image-preview:large","max-video-preview":"max-video-preview:-1"},"canonical":"https:\/\/www.sonoraenequipo.com.mx\/recoleccion-de-basura-suspendera-labores-el-25-de-diciembre-y-1-de-enero\/","og_locale":"es_ES","og_type":"article","og_title":"Sonora en Equipo. Recolecci\u00f3n de basura suspender\u00e1 labores el 25 de diciembre y 1 de enero Municipios","og_description":"Se invita a ciudadanos a no sacar la basura para evitar desperdicios en las calles. &nbsp; HERMOSILLO,SONORA,MX.--\u00a0 La direcci\u00f3n de Servicios P\u00fablicos En Sonora en Equipo publicamos toda la informaci\u00f3n de Sonora, M\u00e9xico y el Mundo de manera oportuna y busca que la libertad de expresi\u00f3n sea real. Visita nuestro medio informativo publicado desde Hermosillo, Sonora. %","og_url":"https:\/\/www.sonoraenequipo.com.mx\/recoleccion-de-basura-suspendera-labores-el-25-de-diciembre-y-1-de-enero\/","og_site_name":"Sonora en Equipo.","article_publisher":"https:\/\/www.facebook.com\/SonoraEE\/","article_author":"https:\/\/www.facebook.com\/SonoraEE","article_published_time":"2021-12-22T20:22:51+00:00","og_image":[{"width":600,"height":400,"url":"https:\/\/www.sonoraenequipo.com.mx\/storage\/2019\/03\/basuraenlascalles_opt.jpg","type":"image\/jpeg"}],"author":"enequipo","twitter_card":"summary_large_image","twitter_creator":"@sonoraenequipo","twitter_site":"@sonoraenequipo","twitter_misc":{"Escrito por":"enequipo","Tiempo de lectura":"2 minutos"},"schema":{"@context":"https:\/\/schema.org","@graph":[{"@type":"Article","@id":"https:\/\/www.sonoraenequipo.com.mx\/recoleccion-de-basura-suspendera-labores-el-25-de-diciembre-y-1-de-enero\/#article","isPartOf":{"@id":"https:\/\/www.sonoraenequipo.com.mx\/recoleccion-de-basura-suspendera-labores-el-25-de-diciembre-y-1-de-enero\/"},"author":{"name":"enequipo","@id":"https:\/\/www.sonoraenequipo.com.mx\/#\/schema\/person\/50102df0fb23a8fa9e8effad8fa81386"},"headline":"Recolecci\u00f3n de basura suspender\u00e1 labores el 25 de diciembre y 1 de enero","datePublished":"2021-12-22T20:22:51+00:00","mainEntityOfPage":{"@id":"https:\/\/www.sonoraenequipo.com.mx\/recoleccion-de-basura-suspendera-labores-el-25-de-diciembre-y-1-de-enero\/"},"wordCount":281,"commentCount":0,"publisher":{"@id":"https:\/\/www.sonoraenequipo.com.mx\/#organization"},"image":{"@id":"https:\/\/www.sonoraenequipo.com.mx\/recoleccion-de-basura-suspendera-labores-el-25-de-diciembre-y-1-de-enero\/#primaryimage"},"thumbnailUrl":"https:\/\/www.sonoraenequipo.com.mx\/storage\/2019\/03\/basuraenlascalles_opt.jpg","keywords":["hermosillo","RECOLECCI\u00d3N DE BASURA"],"articleSection":["Municipios"],"inLanguage":"es","potentialAction":[{"@type":"CommentAction","name":"Comment","target":["https:\/\/www.sonoraenequipo.com.mx\/recoleccion-de-basura-suspendera-labores-el-25-de-diciembre-y-1-de-enero\/#respond"]}]},{"@type":"WebPage","@id":"https:\/\/www.sonoraenequipo.com.mx\/recoleccion-de-basura-suspendera-labores-el-25-de-diciembre-y-1-de-enero\/","url":"https:\/\/www.sonoraenequipo.com.mx\/recoleccion-de-basura-suspendera-labores-el-25-de-diciembre-y-1-de-enero\/","name":"Sonora en Equipo. Recolecci\u00f3n de basura suspender\u00e1 labores el 25 de diciembre y 1 de enero Municipios","isPartOf":{"@id":"https:\/\/www.sonoraenequipo.com.mx\/#website"},"primaryImageOfPage":{"@id":"https:\/\/www.sonoraenequipo.com.mx\/recoleccion-de-basura-suspendera-labores-el-25-de-diciembre-y-1-de-enero\/#primaryimage"},"image":{"@id":"https:\/\/www.sonoraenequipo.com.mx\/recoleccion-de-basura-suspendera-labores-el-25-de-diciembre-y-1-de-enero\/#primaryimage"},"thumbnailUrl":"https:\/\/www.sonoraenequipo.com.mx\/storage\/2019\/03\/basuraenlascalles_opt.jpg","datePublished":"2021-12-22T20:22:51+00:00","description":"Se invita a ciudadanos a no sacar la basura para evitar desperdicios en las calles. &nbsp; HERMOSILLO,SONORA,MX.--\u00a0 La direcci\u00f3n de Servicios P\u00fablicos En Sonora en Equipo publicamos toda la informaci\u00f3n de Sonora, M\u00e9xico y el Mundo de manera oportuna y busca que la libertad de expresi\u00f3n sea real. Visita nuestro medio informativo publicado desde Hermosillo, Sonora. %","breadcrumb":{"@id":"https:\/\/www.sonoraenequipo.com.mx\/recoleccion-de-basura-suspendera-labores-el-25-de-diciembre-y-1-de-enero\/#breadcrumb"},"inLanguage":"es","potentialAction":[{"@type":"ReadAction","target":["https:\/\/www.sonoraenequipo.com.mx\/recoleccion-de-basura-suspendera-labores-el-25-de-diciembre-y-1-de-enero\/"]}]},{"@type":"ImageObject","inLanguage":"es","@id":"https:\/\/www.sonoraenequipo.com.mx\/recoleccion-de-basura-suspendera-labores-el-25-de-diciembre-y-1-de-enero\/#primaryimage","url":"https:\/\/www.sonoraenequipo.com.mx\/storage\/2019\/03\/basuraenlascalles_opt.jpg","contentUrl":"https:\/\/www.sonoraenequipo.com.mx\/storage\/2019\/03\/basuraenlascalles_opt.jpg","width":600,"height":400},{"@type":"BreadcrumbList","@id":"https:\/\/www.sonoraenequipo.com.mx\/recoleccion-de-basura-suspendera-labores-el-25-de-diciembre-y-1-de-enero\/#breadcrumb","itemListElement":[{"@type":"ListItem","position":1,"name":"Portada","item":"https:\/\/www.sonoraenequipo.com.mx\/"},{"@type":"ListItem","position":2,"name":"Recolecci\u00f3n de basura suspender\u00e1 labores el 25 de diciembre y 1 de enero"}]},{"@type":"WebSite","@id":"https:\/\/www.sonoraenequipo.com.mx\/#website","url":"https:\/\/www.sonoraenequipo.com.mx\/","name":"Sonora en Equipo.","description":"Diario en l\u00ednea con Noticias desde Hermosillo, Sonora","publisher":{"@id":"https:\/\/www.sonoraenequipo.com.mx\/#organization"},"potentialAction":[{"@type":"SearchAction","target":{"@type":"EntryPoint","urlTemplate":"https:\/\/www.sonoraenequipo.com.mx\/?s={search_term_string}"},"query-input":{"@type":"PropertyValueSpecification","valueRequired":true,"valueName":"search_term_string"}}],"inLanguage":"es"},{"@type":"Organization","@id":"https:\/\/www.sonoraenequipo.com.mx\/#organization","name":"Sonoraenequipo.com.mx","url":"https:\/\/www.sonoraenequipo.com.mx\/","logo":{"@type":"ImageObject","inLanguage":"es","@id":"https:\/\/www.sonoraenequipo.com.mx\/#\/schema\/logo\/image\/","url":"https:\/\/www.sonoraenequipo.com.mx\/storage\/2019\/01\/sonoraenequipo_opt.png","contentUrl":"https:\/\/www.sonoraenequipo.com.mx\/storage\/2019\/01\/sonoraenequipo_opt.png","width":375,"height":125,"caption":"Sonoraenequipo.com.mx"},"image":{"@id":"https:\/\/www.sonoraenequipo.com.mx\/#\/schema\/logo\/image\/"},"sameAs":["https:\/\/www.facebook.com\/SonoraEE\/","https:\/\/x.com\/sonoraenequipo","https:\/\/www.youtube.com\/channel\/UC338nW-lPEYmJQs4ZABQ1SQ"]},{"@type":"Person","@id":"https:\/\/www.sonoraenequipo.com.mx\/#\/schema\/person\/50102df0fb23a8fa9e8effad8fa81386","name":"enequipo","image":{"@type":"ImageObject","inLanguage":"es","@id":"https:\/\/www.sonoraenequipo.com.mx\/#\/schema\/person\/image\/","url":"https:\/\/secure.gravatar.com\/avatar\/049821681b589dabc0bc20695993ccebb09f5b5d4d790cd9251b97faac7c652b?s=96&d=blank&r=g","contentUrl":"https:\/\/secure.gravatar.com\/avatar\/049821681b589dabc0bc20695993ccebb09f5b5d4d790cd9251b97faac7c652b?s=96&d=blank&r=g","caption":"enequipo"},"sameAs":["https:\/\/www.facebook.com\/SonoraEE"]}]}},"jetpack_featured_media_url":"https:\/\/www.sonoraenequipo.com.mx\/storage\/2019\/03\/basuraenlascalles_opt.jpg","_links":{"self":[{"href":"https:\/\/www.sonoraenequipo.com.mx\/api\/wp\/v2\/posts\/130148","targetHints":{"allow":["GET"]}}],"collection":[{"href":"https:\/\/www.sonoraenequipo.com.mx\/api\/wp\/v2\/posts"}],"about":[{"href":"https:\/\/www.sonoraenequipo.com.mx\/api\/wp\/v2\/types\/post"}],"author":[{"embeddable":true,"href":"https:\/\/www.sonoraenequipo.com.mx\/api\/wp\/v2\/users\/1"}],"replies":[{"embeddable":true,"href":"https:\/\/www.sonoraenequipo.com.mx\/api\/wp\/v2\/comments?post=130148"}],"version-history":[{"count":1,"href":"https:\/\/www.sonoraenequipo.com.mx\/api\/wp\/v2\/posts\/130148\/revisions"}],"predecessor-version":[{"id":130150,"href":"https:\/\/www.sonoraenequipo.com.mx\/api\/wp\/v2\/posts\/130148\/revisions\/130150"}],"wp:featuredmedia":[{"embeddable":true,"href":"https:\/\/www.sonoraenequipo.com.mx\/api\/wp\/v2\/media\/56790"}],"wp:attachment":[{"href":"https:\/\/www.sonoraenequipo.com.mx\/api\/wp\/v2\/media?parent=130148"}],"wp:term":[{"taxonomy":"category","embeddable":true,"href":"https:\/\/www.sonoraenequipo.com.mx\/api\/wp\/v2\/categories?post=130148"},{"taxonomy":"post_tag","embeddable":true,"href":"https:\/\/www.sonoraenequipo.com.mx\/api\/wp\/v2\/tags?post=130148"}],"curies":[{"name":"wp","href":"https:\/\/api.w.org\/{rel}","templated":true}]}}