{"id":130160,"date":"2021-12-22T15:27:25","date_gmt":"2021-12-22T22:27:25","guid":{"rendered":"https:\/\/www.sonoraenequipo.com.mx\/?p=130160"},"modified":"2021-12-22T18:23:47","modified_gmt":"2021-12-23T01:23:47","slug":"cae-presunto-feminicida-de-nohemi-alejandra","status":"publish","type":"post","link":"https:\/\/www.sonoraenequipo.com.mx\/cae-presunto-feminicida-de-nohemi-alejandra\/","title":{"rendered":"Cae presunto feminicida de\u00a0 Nohem\u00ed Alejandra"},"content":{"rendered":"<p>CIUDAD OBREG\u00d3N, SONORA,MX Tras las indagatorias realizadas por personal de la Trilog\u00eda Investigadora, de la Fiscal\u00eda de Sonora, se estableci\u00f3 la identidad del probable responsable del delito de feminicidio registrado en octubre pasado.<\/p>\n<p>&nbsp;<\/p>\n<p>Elementos de la Agencia Ministerial de Investigaci\u00f3n Criminal (AMIC) ejecutaron orden de aprehensi\u00f3n a Aar\u00f3n Enrique \u201cN.\u201d, quien al ser presentado ante el Juez se reserv\u00f3 el derecho a declarar, fue vinculado a proceso, decret\u00e1ndose la prisi\u00f3n preventiva.<\/p>\n<p>&nbsp;<\/p>\n<p>Figura, dentro de la causa penal 1630\/2021, como probable responsable del delito de feminicidio cometido en agravio de Nohem\u00ed Alejandra, en la Audiencia inicial se otorgaron 6 meses de plazo para la investigaci\u00f3n complementaria.<\/p>\n<p>&nbsp;<\/p>\n<p>Alrededor de las 14:25 horas del 13 de octubre de 2021 se localiz\u00f3 el cuerpo sin vida de una persona calcinada, no identificada, en un predio al despoblado ubicado en bulevar Urbi Villa del Rey entre Casa Blanca y Jes\u00fas Garc\u00eda, en la colonia Villas del Rey.<\/p>\n<p>&nbsp;<\/p>\n<p>Entre la maleza se localizaron quemados restos ahumados, se hab\u00eda reportado un incendio en el lugar por lo que acudi\u00f3 personal de Bomberos a sofocar las llamas y fueron quienes realizaron el hallazgo.<\/p>\n<p>&nbsp;<\/p>\n<p>Tras realizar, personal de Servicios Periciales, intensos an\u00e1lisis de Gen\u00e9tica y otras pruebas en el Laboratorio de Inteligencia Cient\u00edfica Forense (CIF) al cuerpo incinerado, se logr\u00f3 establecer la identidad de la v\u00edctima.<\/p>\n<p>&nbsp;<\/p>\n<p>Una vez establecido el nombre de la perjudicada, la Trilog\u00eda Investigadora, formada por el Agente del Ministerio P\u00fablico, elementos AMIC y Servicios Periciales, indagaron los hechos y establecieron la identidad del probable responsable.<\/p>\n<p>&nbsp;<\/p>\n<p>La Fiscal\u00eda del Estado de Sonora mantiene las indagatorias del caso, al seguir recabando m\u00e1s datos de prueba, para garantizar justicia.<\/p>\n<p>&nbsp;<\/p>\n<p>Fecha de publicaci\u00f3n mi\u00e9rcoles\/ 22 \/ diciembre\/<\/p>\n","protected":false},"excerpt":{"rendered":"<p>CIUDAD OBREG\u00d3N, SONORA,MX Tras las indagatorias realizadas por personal de la Trilog\u00eda Investigadora, de la&#8230;<\/p>\n","protected":false},"author":1,"featured_media":130161,"comment_status":"open","ping_status":"open","sticky":false,"template":"","format":"standard","meta":{"_monsterinsights_skip_tracking":false,"_monsterinsights_sitenote_active":false,"_monsterinsights_sitenote_note":"","_monsterinsights_sitenote_category":0,"footnotes":""},"categories":[3144],"tags":[],"class_list":["post"],"yoast_head":" \n<title>Sonora en Equipo. Cae presunto feminicida de\u00a0 Nohem\u00ed Alejandra Polic\u00edaca<\/title>\n<meta name=\"description\" content=\"CIUDAD OBREG\u00d3N, SONORA,MX Tras las indagatorias realizadas por personal de la Trilog\u00eda Investigadora, de la Fiscal\u00eda de Sonora, se estableci\u00f3 la identidad En Sonora en Equipo publicamos toda la informaci\u00f3n de Sonora, M\u00e9xico y el Mundo de manera oportuna y busca que la libertad de expresi\u00f3n sea real. Visita nuestro medio informativo publicado desde Hermosillo, Sonora. %\" \/>\n<meta name=\"robots\" content=\"index, follow, max-snippet:-1, max-image-preview:large, max-video-preview:-1\" \/>\n<link rel=\"canonical\" href=\"https:\/\/www.sonoraenequipo.com.mx\/cae-presunto-feminicida-de-nohemi-alejandra\/\" \/>\n<meta property=\"og:locale\" content=\"es_ES\" \/>\n<meta property=\"og:type\" content=\"article\" \/>\n<meta property=\"og:title\" content=\"Sonora en Equipo. Cae presunto feminicida de\u00a0 Nohem\u00ed Alejandra Polic\u00edaca\" \/>\n<meta property=\"og:description\" content=\"CIUDAD OBREG\u00d3N, SONORA,MX Tras las indagatorias realizadas por personal de la Trilog\u00eda Investigadora, de la Fiscal\u00eda de Sonora, se estableci\u00f3 la identidad En Sonora en Equipo publicamos toda la informaci\u00f3n de Sonora, M\u00e9xico y el Mundo de manera oportuna y busca que la libertad de expresi\u00f3n sea real. Visita nuestro medio informativo publicado desde Hermosillo, Sonora. %\" \/>\n<meta property=\"og:url\" content=\"https:\/\/www.sonoraenequipo.com.mx\/cae-presunto-feminicida-de-nohemi-alejandra\/\" \/>\n<meta property=\"og:site_name\" content=\"Sonora en Equipo.\" \/>\n<meta property=\"article:publisher\" content=\"https:\/\/www.facebook.com\/SonoraEE\/\" \/>\n<meta property=\"article:author\" content=\"https:\/\/www.facebook.com\/SonoraEE\" \/>\n<meta property=\"article:published_time\" content=\"2021-12-22T22:27:25+00:00\" \/>\n<meta property=\"article:modified_time\" content=\"2021-12-23T01:23:47+00:00\" \/>\n<meta property=\"og:image\" content=\"https:\/\/www.sonoraenequipo.com.mx\/storage\/2021\/12\/AARON-N.jpg\" \/>\n\t<meta property=\"og:image:width\" content=\"700\" \/>\n\t<meta property=\"og:image:height\" content=\"400\" \/>\n\t<meta property=\"og:image:type\" content=\"image\/jpeg\" \/>\n<meta name=\"author\" content=\"enequipo\" \/>\n<meta name=\"twitter:card\" content=\"summary_large_image\" \/>\n<meta name=\"twitter:creator\" content=\"@sonoraenequipo\" \/>\n<meta name=\"twitter:site\" content=\"@sonoraenequipo\" \/>\n<meta name=\"twitter:label1\" content=\"Escrito por\" \/>\n\t<meta name=\"twitter:data1\" content=\"enequipo\" \/>\n\t<meta name=\"twitter:label2\" content=\"Tiempo de lectura\" \/>\n\t<meta name=\"twitter:data2\" content=\"2 minutos\" \/>\n<script type=\"application\/ld+json\" class=\"yoast-schema-graph\">{\"@context\":\"https:\/\/schema.org\",\"@graph\":[{\"@type\":\"Article\",\"@id\":\"https:\/\/www.sonoraenequipo.com.mx\/cae-presunto-feminicida-de-nohemi-alejandra\/#article\",\"isPartOf\":{\"@id\":\"https:\/\/www.sonoraenequipo.com.mx\/cae-presunto-feminicida-de-nohemi-alejandra\/\"},\"author\":{\"name\":\"enequipo\",\"@id\":\"https:\/\/www.sonoraenequipo.com.mx\/#\/schema\/person\/50102df0fb23a8fa9e8effad8fa81386\"},\"headline\":\"Cae presunto feminicida de\u00a0 Nohem\u00ed Alejandra\",\"datePublished\":\"2021-12-22T22:27:25+00:00\",\"dateModified\":\"2021-12-23T01:23:47+00:00\",\"mainEntityOfPage\":{\"@id\":\"https:\/\/www.sonoraenequipo.com.mx\/cae-presunto-feminicida-de-nohemi-alejandra\/\"},\"wordCount\":308,\"commentCount\":0,\"publisher\":{\"@id\":\"https:\/\/www.sonoraenequipo.com.mx\/#organization\"},\"image\":{\"@id\":\"https:\/\/www.sonoraenequipo.com.mx\/cae-presunto-feminicida-de-nohemi-alejandra\/#primaryimage\"},\"thumbnailUrl\":\"https:\/\/www.sonoraenequipo.com.mx\/storage\/2021\/12\/AARON-N.jpg\",\"articleSection\":[\"Polic\u00edaca\"],\"inLanguage\":\"es\",\"potentialAction\":[{\"@type\":\"CommentAction\",\"name\":\"Comment\",\"target\":[\"https:\/\/www.sonoraenequipo.com.mx\/cae-presunto-feminicida-de-nohemi-alejandra\/#respond\"]}]},{\"@type\":\"WebPage\",\"@id\":\"https:\/\/www.sonoraenequipo.com.mx\/cae-presunto-feminicida-de-nohemi-alejandra\/\",\"url\":\"https:\/\/www.sonoraenequipo.com.mx\/cae-presunto-feminicida-de-nohemi-alejandra\/\",\"name\":\"Sonora en Equipo. Cae presunto feminicida de\u00a0 Nohem\u00ed Alejandra Polic\u00edaca\",\"isPartOf\":{\"@id\":\"https:\/\/www.sonoraenequipo.com.mx\/#website\"},\"primaryImageOfPage\":{\"@id\":\"https:\/\/www.sonoraenequipo.com.mx\/cae-presunto-feminicida-de-nohemi-alejandra\/#primaryimage\"},\"image\":{\"@id\":\"https:\/\/www.sonoraenequipo.com.mx\/cae-presunto-feminicida-de-nohemi-alejandra\/#primaryimage\"},\"thumbnailUrl\":\"https:\/\/www.sonoraenequipo.com.mx\/storage\/2021\/12\/AARON-N.jpg\",\"datePublished\":\"2021-12-22T22:27:25+00:00\",\"dateModified\":\"2021-12-23T01:23:47+00:00\",\"description\":\"CIUDAD OBREG\u00d3N, SONORA,MX Tras las indagatorias realizadas por personal de la Trilog\u00eda Investigadora, de la Fiscal\u00eda de Sonora, se estableci\u00f3 la identidad En Sonora en Equipo publicamos toda la informaci\u00f3n de Sonora, M\u00e9xico y el Mundo de manera oportuna y busca que la libertad de expresi\u00f3n sea real. Visita nuestro medio informativo publicado desde Hermosillo, Sonora. %\",\"breadcrumb\":{\"@id\":\"https:\/\/www.sonoraenequipo.com.mx\/cae-presunto-feminicida-de-nohemi-alejandra\/#breadcrumb\"},\"inLanguage\":\"es\",\"potentialAction\":[{\"@type\":\"ReadAction\",\"target\":[\"https:\/\/www.sonoraenequipo.com.mx\/cae-presunto-feminicida-de-nohemi-alejandra\/\"]}]},{\"@type\":\"ImageObject\",\"inLanguage\":\"es\",\"@id\":\"https:\/\/www.sonoraenequipo.com.mx\/cae-presunto-feminicida-de-nohemi-alejandra\/#primaryimage\",\"url\":\"https:\/\/www.sonoraenequipo.com.mx\/storage\/2021\/12\/AARON-N.jpg\",\"contentUrl\":\"https:\/\/www.sonoraenequipo.com.mx\/storage\/2021\/12\/AARON-N.jpg\",\"width\":700,\"height\":400},{\"@type\":\"BreadcrumbList\",\"@id\":\"https:\/\/www.sonoraenequipo.com.mx\/cae-presunto-feminicida-de-nohemi-alejandra\/#breadcrumb\",\"itemListElement\":[{\"@type\":\"ListItem\",\"position\":1,\"name\":\"Portada\",\"item\":\"https:\/\/www.sonoraenequipo.com.mx\/\"},{\"@type\":\"ListItem\",\"position\":2,\"name\":\"Cae presunto feminicida de\u00a0 Nohem\u00ed Alejandra\"}]},{\"@type\":\"WebSite\",\"@id\":\"https:\/\/www.sonoraenequipo.com.mx\/#website\",\"url\":\"https:\/\/www.sonoraenequipo.com.mx\/\",\"name\":\"Sonora en Equipo.\",\"description\":\"Diario en l\u00ednea con Noticias desde Hermosillo, Sonora\",\"publisher\":{\"@id\":\"https:\/\/www.sonoraenequipo.com.mx\/#organization\"},\"potentialAction\":[{\"@type\":\"SearchAction\",\"target\":{\"@type\":\"EntryPoint\",\"urlTemplate\":\"https:\/\/www.sonoraenequipo.com.mx\/?s={search_term_string}\"},\"query-input\":{\"@type\":\"PropertyValueSpecification\",\"valueRequired\":true,\"valueName\":\"search_term_string\"}}],\"inLanguage\":\"es\"},{\"@type\":\"Organization\",\"@id\":\"https:\/\/www.sonoraenequipo.com.mx\/#organization\",\"name\":\"Sonoraenequipo.com.mx\",\"url\":\"https:\/\/www.sonoraenequipo.com.mx\/\",\"logo\":{\"@type\":\"ImageObject\",\"inLanguage\":\"es\",\"@id\":\"https:\/\/www.sonoraenequipo.com.mx\/#\/schema\/logo\/image\/\",\"url\":\"https:\/\/www.sonoraenequipo.com.mx\/storage\/2019\/01\/sonoraenequipo_opt.png\",\"contentUrl\":\"https:\/\/www.sonoraenequipo.com.mx\/storage\/2019\/01\/sonoraenequipo_opt.png\",\"width\":375,\"height\":125,\"caption\":\"Sonoraenequipo.com.mx\"},\"image\":{\"@id\":\"https:\/\/www.sonoraenequipo.com.mx\/#\/schema\/logo\/image\/\"},\"sameAs\":[\"https:\/\/www.facebook.com\/SonoraEE\/\",\"https:\/\/x.com\/sonoraenequipo\",\"https:\/\/www.youtube.com\/channel\/UC338nW-lPEYmJQs4ZABQ1SQ\"]},{\"@type\":\"Person\",\"@id\":\"https:\/\/www.sonoraenequipo.com.mx\/#\/schema\/person\/50102df0fb23a8fa9e8effad8fa81386\",\"name\":\"enequipo\",\"image\":{\"@type\":\"ImageObject\",\"inLanguage\":\"es\",\"@id\":\"https:\/\/www.sonoraenequipo.com.mx\/#\/schema\/person\/image\/\",\"url\":\"https:\/\/secure.gravatar.com\/avatar\/049821681b589dabc0bc20695993ccebb09f5b5d4d790cd9251b97faac7c652b?s=96&d=blank&r=g\",\"contentUrl\":\"https:\/\/secure.gravatar.com\/avatar\/049821681b589dabc0bc20695993ccebb09f5b5d4d790cd9251b97faac7c652b?s=96&d=blank&r=g\",\"caption\":\"enequipo\"},\"sameAs\":[\"https:\/\/www.facebook.com\/SonoraEE\"]}]}<\/script>\n ","yoast_head_json":{"title":"Sonora en Equipo. Cae presunto feminicida de\u00a0 Nohem\u00ed Alejandra Polic\u00edaca","description":"CIUDAD OBREG\u00d3N, SONORA,MX Tras las indagatorias realizadas por personal de la Trilog\u00eda Investigadora, de la Fiscal\u00eda de Sonora, se estableci\u00f3 la identidad En Sonora en Equipo publicamos toda la informaci\u00f3n de Sonora, M\u00e9xico y el Mundo de manera oportuna y busca que la libertad de expresi\u00f3n sea real. Visita nuestro medio informativo publicado desde Hermosillo, Sonora. %","robots":{"index":"index","follow":"follow","max-snippet":"max-snippet:-1","max-image-preview":"max-image-preview:large","max-video-preview":"max-video-preview:-1"},"canonical":"https:\/\/www.sonoraenequipo.com.mx\/cae-presunto-feminicida-de-nohemi-alejandra\/","og_locale":"es_ES","og_type":"article","og_title":"Sonora en Equipo. Cae presunto feminicida de\u00a0 Nohem\u00ed Alejandra Polic\u00edaca","og_description":"CIUDAD OBREG\u00d3N, SONORA,MX Tras las indagatorias realizadas por personal de la Trilog\u00eda Investigadora, de la Fiscal\u00eda de Sonora, se estableci\u00f3 la identidad En Sonora en Equipo publicamos toda la informaci\u00f3n de Sonora, M\u00e9xico y el Mundo de manera oportuna y busca que la libertad de expresi\u00f3n sea real. Visita nuestro medio informativo publicado desde Hermosillo, Sonora. %","og_url":"https:\/\/www.sonoraenequipo.com.mx\/cae-presunto-feminicida-de-nohemi-alejandra\/","og_site_name":"Sonora en Equipo.","article_publisher":"https:\/\/www.facebook.com\/SonoraEE\/","article_author":"https:\/\/www.facebook.com\/SonoraEE","article_published_time":"2021-12-22T22:27:25+00:00","article_modified_time":"2021-12-23T01:23:47+00:00","og_image":[{"width":700,"height":400,"url":"https:\/\/www.sonoraenequipo.com.mx\/storage\/2021\/12\/AARON-N.jpg","type":"image\/jpeg"}],"author":"enequipo","twitter_card":"summary_large_image","twitter_creator":"@sonoraenequipo","twitter_site":"@sonoraenequipo","twitter_misc":{"Escrito por":"enequipo","Tiempo de lectura":"2 minutos"},"schema":{"@context":"https:\/\/schema.org","@graph":[{"@type":"Article","@id":"https:\/\/www.sonoraenequipo.com.mx\/cae-presunto-feminicida-de-nohemi-alejandra\/#article","isPartOf":{"@id":"https:\/\/www.sonoraenequipo.com.mx\/cae-presunto-feminicida-de-nohemi-alejandra\/"},"author":{"name":"enequipo","@id":"https:\/\/www.sonoraenequipo.com.mx\/#\/schema\/person\/50102df0fb23a8fa9e8effad8fa81386"},"headline":"Cae presunto feminicida de\u00a0 Nohem\u00ed Alejandra","datePublished":"2021-12-22T22:27:25+00:00","dateModified":"2021-12-23T01:23:47+00:00","mainEntityOfPage":{"@id":"https:\/\/www.sonoraenequipo.com.mx\/cae-presunto-feminicida-de-nohemi-alejandra\/"},"wordCount":308,"commentCount":0,"publisher":{"@id":"https:\/\/www.sonoraenequipo.com.mx\/#organization"},"image":{"@id":"https:\/\/www.sonoraenequipo.com.mx\/cae-presunto-feminicida-de-nohemi-alejandra\/#primaryimage"},"thumbnailUrl":"https:\/\/www.sonoraenequipo.com.mx\/storage\/2021\/12\/AARON-N.jpg","articleSection":["Polic\u00edaca"],"inLanguage":"es","potentialAction":[{"@type":"CommentAction","name":"Comment","target":["https:\/\/www.sonoraenequipo.com.mx\/cae-presunto-feminicida-de-nohemi-alejandra\/#respond"]}]},{"@type":"WebPage","@id":"https:\/\/www.sonoraenequipo.com.mx\/cae-presunto-feminicida-de-nohemi-alejandra\/","url":"https:\/\/www.sonoraenequipo.com.mx\/cae-presunto-feminicida-de-nohemi-alejandra\/","name":"Sonora en Equipo. Cae presunto feminicida de\u00a0 Nohem\u00ed Alejandra Polic\u00edaca","isPartOf":{"@id":"https:\/\/www.sonoraenequipo.com.mx\/#website"},"primaryImageOfPage":{"@id":"https:\/\/www.sonoraenequipo.com.mx\/cae-presunto-feminicida-de-nohemi-alejandra\/#primaryimage"},"image":{"@id":"https:\/\/www.sonoraenequipo.com.mx\/cae-presunto-feminicida-de-nohemi-alejandra\/#primaryimage"},"thumbnailUrl":"https:\/\/www.sonoraenequipo.com.mx\/storage\/2021\/12\/AARON-N.jpg","datePublished":"2021-12-22T22:27:25+00:00","dateModified":"2021-12-23T01:23:47+00:00","description":"CIUDAD OBREG\u00d3N, SONORA,MX Tras las indagatorias realizadas por personal de la Trilog\u00eda Investigadora, de la Fiscal\u00eda de Sonora, se estableci\u00f3 la identidad En Sonora en Equipo publicamos toda la informaci\u00f3n de Sonora, M\u00e9xico y el Mundo de manera oportuna y busca que la libertad de expresi\u00f3n sea real. Visita nuestro medio informativo publicado desde Hermosillo, Sonora. %","breadcrumb":{"@id":"https:\/\/www.sonoraenequipo.com.mx\/cae-presunto-feminicida-de-nohemi-alejandra\/#breadcrumb"},"inLanguage":"es","potentialAction":[{"@type":"ReadAction","target":["https:\/\/www.sonoraenequipo.com.mx\/cae-presunto-feminicida-de-nohemi-alejandra\/"]}]},{"@type":"ImageObject","inLanguage":"es","@id":"https:\/\/www.sonoraenequipo.com.mx\/cae-presunto-feminicida-de-nohemi-alejandra\/#primaryimage","url":"https:\/\/www.sonoraenequipo.com.mx\/storage\/2021\/12\/AARON-N.jpg","contentUrl":"https:\/\/www.sonoraenequipo.com.mx\/storage\/2021\/12\/AARON-N.jpg","width":700,"height":400},{"@type":"BreadcrumbList","@id":"https:\/\/www.sonoraenequipo.com.mx\/cae-presunto-feminicida-de-nohemi-alejandra\/#breadcrumb","itemListElement":[{"@type":"ListItem","position":1,"name":"Portada","item":"https:\/\/www.sonoraenequipo.com.mx\/"},{"@type":"ListItem","position":2,"name":"Cae presunto feminicida de\u00a0 Nohem\u00ed Alejandra"}]},{"@type":"WebSite","@id":"https:\/\/www.sonoraenequipo.com.mx\/#website","url":"https:\/\/www.sonoraenequipo.com.mx\/","name":"Sonora en Equipo.","description":"Diario en l\u00ednea con Noticias desde Hermosillo, Sonora","publisher":{"@id":"https:\/\/www.sonoraenequipo.com.mx\/#organization"},"potentialAction":[{"@type":"SearchAction","target":{"@type":"EntryPoint","urlTemplate":"https:\/\/www.sonoraenequipo.com.mx\/?s={search_term_string}"},"query-input":{"@type":"PropertyValueSpecification","valueRequired":true,"valueName":"search_term_string"}}],"inLanguage":"es"},{"@type":"Organization","@id":"https:\/\/www.sonoraenequipo.com.mx\/#organization","name":"Sonoraenequipo.com.mx","url":"https:\/\/www.sonoraenequipo.com.mx\/","logo":{"@type":"ImageObject","inLanguage":"es","@id":"https:\/\/www.sonoraenequipo.com.mx\/#\/schema\/logo\/image\/","url":"https:\/\/www.sonoraenequipo.com.mx\/storage\/2019\/01\/sonoraenequipo_opt.png","contentUrl":"https:\/\/www.sonoraenequipo.com.mx\/storage\/2019\/01\/sonoraenequipo_opt.png","width":375,"height":125,"caption":"Sonoraenequipo.com.mx"},"image":{"@id":"https:\/\/www.sonoraenequipo.com.mx\/#\/schema\/logo\/image\/"},"sameAs":["https:\/\/www.facebook.com\/SonoraEE\/","https:\/\/x.com\/sonoraenequipo","https:\/\/www.youtube.com\/channel\/UC338nW-lPEYmJQs4ZABQ1SQ"]},{"@type":"Person","@id":"https:\/\/www.sonoraenequipo.com.mx\/#\/schema\/person\/50102df0fb23a8fa9e8effad8fa81386","name":"enequipo","image":{"@type":"ImageObject","inLanguage":"es","@id":"https:\/\/www.sonoraenequipo.com.mx\/#\/schema\/person\/image\/","url":"https:\/\/secure.gravatar.com\/avatar\/049821681b589dabc0bc20695993ccebb09f5b5d4d790cd9251b97faac7c652b?s=96&d=blank&r=g","contentUrl":"https:\/\/secure.gravatar.com\/avatar\/049821681b589dabc0bc20695993ccebb09f5b5d4d790cd9251b97faac7c652b?s=96&d=blank&r=g","caption":"enequipo"},"sameAs":["https:\/\/www.facebook.com\/SonoraEE"]}]}},"jetpack_featured_media_url":"https:\/\/www.sonoraenequipo.com.mx\/storage\/2021\/12\/AARON-N.jpg","_links":{"self":[{"href":"https:\/\/www.sonoraenequipo.com.mx\/api\/wp\/v2\/posts\/130160","targetHints":{"allow":["GET"]}}],"collection":[{"href":"https:\/\/www.sonoraenequipo.com.mx\/api\/wp\/v2\/posts"}],"about":[{"href":"https:\/\/www.sonoraenequipo.com.mx\/api\/wp\/v2\/types\/post"}],"author":[{"embeddable":true,"href":"https:\/\/www.sonoraenequipo.com.mx\/api\/wp\/v2\/users\/1"}],"replies":[{"embeddable":true,"href":"https:\/\/www.sonoraenequipo.com.mx\/api\/wp\/v2\/comments?post=130160"}],"version-history":[{"count":2,"href":"https:\/\/www.sonoraenequipo.com.mx\/api\/wp\/v2\/posts\/130160\/revisions"}],"predecessor-version":[{"id":130180,"href":"https:\/\/www.sonoraenequipo.com.mx\/api\/wp\/v2\/posts\/130160\/revisions\/130180"}],"wp:featuredmedia":[{"embeddable":true,"href":"https:\/\/www.sonoraenequipo.com.mx\/api\/wp\/v2\/media\/130161"}],"wp:attachment":[{"href":"https:\/\/www.sonoraenequipo.com.mx\/api\/wp\/v2\/media?parent=130160"}],"wp:term":[{"taxonomy":"category","embeddable":true,"href":"https:\/\/www.sonoraenequipo.com.mx\/api\/wp\/v2\/categories?post=130160"},{"taxonomy":"post_tag","embeddable":true,"href":"https:\/\/www.sonoraenequipo.com.mx\/api\/wp\/v2\/tags?post=130160"}],"curies":[{"name":"wp","href":"https:\/\/api.w.org\/{rel}","templated":true}]}}