{"id":130181,"date":"2021-12-22T06:00:42","date_gmt":"2021-12-22T13:00:42","guid":{"rendered":"https:\/\/www.sonoraenequipo.com.mx\/?p=130181"},"modified":"2021-12-25T22:44:09","modified_gmt":"2021-12-26T05:44:09","slug":"desplazados-por-la-violencia-de-aguililla-michoacan-se-refugian-en-albergues-de-tijuana","status":"publish","type":"post","link":"https:\/\/www.sonoraenequipo.com.mx\/desplazados-por-la-violencia-de-aguililla-michoacan-se-refugian-en-albergues-de-tijuana\/","title":{"rendered":"Desplazados por la violencia de Aguililla, Michoac\u00e1n, se refugian en albergues de Tijuana"},"content":{"rendered":"<p>TIJUANA, BAJA CALIFORNIA. MX. \u2014 En ciudades fronterizas como Tijuana, el flujo de migrantes no ha cesado y los albergues se encuentran saturados porque estos sitios tambi\u00e9n reciben a mexicanos que por distintas circunstancias tuvieron que irse de sus zonas de origen; es el caso de un grupo de habitantes de Aguililla, Michoac\u00e1n.<\/p>\n<p>&nbsp;<\/p>\n<p> <\/p>\n<p>&nbsp;<\/p>\n<p><em>\u201cAntes de salirnos nos mandaban mensajes amenazando que ya sab\u00edan d\u00f3nde estaban y que me los iba a traer y que lo mejor era que no regresara porque se los iban a llevar a Aguililla a pelear\u201d,<\/em> dijo Margarita.<\/p>\n<p>&nbsp;<\/p>\n<p>El 11 de octubre pasado, Margarita de 51 a\u00f1os de edad huy\u00f3 de Aguililla, Michoac\u00e1n, despu\u00e9s de que, dice, hombres del c\u00e1rtel jalisco nueva generaci\u00f3n, la amenazaron con reclutar a sus dos hijos menores de edad; un mes antes, uno de los menores hab\u00eda sido secuestrado, pero logr\u00f3 escapar.<\/p>\n<p>&nbsp;<\/p>\n<p><em>\u201cNo me quiso decir qu\u00e9 le hicieron ni qu\u00e9 le dijeron por miedo, despu\u00e9s de que pas\u00f3 eso a los pocos d\u00edas ya no pod\u00eda dormir de los nervios\u201d<\/em>, coment\u00f3 Margarita, desplazada de Aguililla, Michoac\u00e1n.<\/p>\n<p>&nbsp;<\/p>\n<p>Margarita forma parte de los m\u00e1s de 34 mil michoacanos desplazados por el crimen organizado, mil 500 de ellos concentrados en Tijuana, Baja California<\/p>\n<p>&nbsp;<\/p>\n<p><em>\u201cLos pap\u00e1s, como proveedores de la familia, pues una de las alternativas que ven es irse del lugar donde viven, esto nos habla de la responsabilidad hist\u00f3rica que han tenido muchas autoridades respecto al tema migratorio\u201d,<\/em> coment\u00f3 Brenda Fraga, de la Secretar\u00eda del Migrante, en Michoac\u00e1n.<\/p>\n<p>&nbsp;<\/p>\n<p>Otros 300 michoacanos desplazados, la mayor\u00eda originarios de Aguililla, se resguardan en el albergue Movimiento Juventud 2000 en Tijuana, en lo que esperan para tramitar su asilo en los Estados Unidos.<\/p>\n<p>&nbsp;<\/p>\n<p>Mar\u00eda y Antonio llegaron a Tijuana hace tres meses. Huyeron de Aguililla luego de que hombres armados los amenazaron de muerte.<\/p>\n<p>&nbsp;<\/p>\n<p><em>\u201cMi esposo estaba trabajando en el rancho, ellos pensaban que le \u00edbamos a llevar informaci\u00f3n al pueblo\u201d,<\/em> destac\u00f3 Mar\u00eda, desplazada de Aguililla, Michoac\u00e1n.<\/p>\n<p>&nbsp;<\/p>\n<p><em>\u201cMe dec\u00edan pues que ten\u00edamos que trabajar para ellos y si no pues obligadamente te ponen o te matan\u201d<\/em>, apunt\u00f3 Antonio, desplazado de Aguililla, Michoac\u00e1n.<\/p>\n<p>&nbsp;<\/p>\n<p>Gloria de 53 a\u00f1os, cuenta que en los \u00faltimos seis meses el c\u00e1rtel jalisco nueva generaci\u00f3n tom\u00f3 el control de Aguililla; ella huy\u00f3 a Tijuana con su hijo menor de edad ante intimidaciones de reclutarlo, pero su esposo fue asesinado.<\/p>\n<p>&nbsp;<\/p>\n<p><em>\u201cLe echaron la camioneta encima despu\u00e9s de que lo mataron; si tengo temor de regresar para all\u00e1, vengo a pedir asilo, por eso es que me vine. Dej\u00e9 a mi pap\u00e1 y a mi mam\u00e1, mi familia, dej\u00e9 mis cosas por venirme\u201d,<\/em> dijo Gloria, desplazada de Aguililla, Michoac\u00e1n.<\/p>\n<p>&nbsp;<\/p>\n<p>&nbsp;<\/p>\n<p>&nbsp;<\/p>\n<p>&nbsp;<\/p>\n<p>(Publicada el 22\/12\/2021 \/ Con informaci\u00f3n de V\u00edctor Valles-Mata y Adri\u00e1n Tinoco.)<\/p>\n","protected":false},"excerpt":{"rendered":"<p>TIJUANA, BAJA CALIFORNIA. MX. \u2014 En ciudades fronterizas como Tijuana, el flujo de migrantes no&#8230;<\/p>\n","protected":false},"author":1,"featured_media":0,"comment_status":"open","ping_status":"open","sticky":false,"template":"","format":"standard","meta":{"_monsterinsights_skip_tracking":false,"_monsterinsights_sitenote_active":false,"_monsterinsights_sitenote_note":"","_monsterinsights_sitenote_category":0,"footnotes":""},"categories":[5],"tags":[],"class_list":["post"],"yoast_head":" \n<title>Sonora en Equipo. Desplazados por la violencia de Aguililla, Michoac\u00e1n, se refugian en albergues de Tijuana<\/title>\n<meta name=\"description\" content=\"TIJUANA, BAJA CALIFORNIA. MX. \u2014 En ciudades fronterizas como Tijuana, el flujo de migrantes no ha cesado y los albergues se encuentran saturados porque En Sonora en Equipo publicamos toda la informaci\u00f3n de Sonora, M\u00e9xico y el Mundo de manera oportuna y busca que la libertad de expresi\u00f3n sea real. Visita nuestro medio informativo publicado desde Hermosillo, Sonora. %\" \/>\n<meta name=\"robots\" content=\"index, follow, max-snippet:-1, max-image-preview:large, max-video-preview:-1\" \/>\n<link rel=\"canonical\" href=\"https:\/\/www.sonoraenequipo.com.mx\/desplazados-por-la-violencia-de-aguililla-michoacan-se-refugian-en-albergues-de-tijuana\/\" \/>\n<meta property=\"og:locale\" content=\"es_ES\" \/>\n<meta property=\"og:type\" content=\"article\" \/>\n<meta property=\"og:title\" content=\"Sonora en Equipo. Desplazados por la violencia de Aguililla, Michoac\u00e1n, se refugian en albergues de Tijuana\" \/>\n<meta property=\"og:description\" content=\"TIJUANA, BAJA CALIFORNIA. MX. \u2014 En ciudades fronterizas como Tijuana, el flujo de migrantes no ha cesado y los albergues se encuentran saturados porque En Sonora en Equipo publicamos toda la informaci\u00f3n de Sonora, M\u00e9xico y el Mundo de manera oportuna y busca que la libertad de expresi\u00f3n sea real. Visita nuestro medio informativo publicado desde Hermosillo, Sonora. %\" \/>\n<meta property=\"og:url\" content=\"https:\/\/www.sonoraenequipo.com.mx\/desplazados-por-la-violencia-de-aguililla-michoacan-se-refugian-en-albergues-de-tijuana\/\" \/>\n<meta property=\"og:site_name\" content=\"Sonora en Equipo.\" \/>\n<meta property=\"article:publisher\" content=\"https:\/\/www.facebook.com\/SonoraEE\/\" \/>\n<meta property=\"article:author\" content=\"https:\/\/www.facebook.com\/SonoraEE\" \/>\n<meta property=\"article:published_time\" content=\"2021-12-22T13:00:42+00:00\" \/>\n<meta property=\"article:modified_time\" content=\"2021-12-26T05:44:09+00:00\" \/>\n<meta name=\"author\" content=\"enequipo\" \/>\n<meta name=\"twitter:card\" content=\"summary_large_image\" \/>\n<meta name=\"twitter:creator\" content=\"@sonoraenequipo\" \/>\n<meta name=\"twitter:site\" content=\"@sonoraenequipo\" \/>\n<meta name=\"twitter:label1\" content=\"Escrito por\" \/>\n\t<meta name=\"twitter:data1\" content=\"enequipo\" \/>\n\t<meta name=\"twitter:label2\" content=\"Tiempo de lectura\" \/>\n\t<meta name=\"twitter:data2\" content=\"2 minutos\" \/>\n<script type=\"application\/ld+json\" class=\"yoast-schema-graph\">{\"@context\":\"https:\/\/schema.org\",\"@graph\":[{\"@type\":\"Article\",\"@id\":\"https:\/\/www.sonoraenequipo.com.mx\/desplazados-por-la-violencia-de-aguililla-michoacan-se-refugian-en-albergues-de-tijuana\/#article\",\"isPartOf\":{\"@id\":\"https:\/\/www.sonoraenequipo.com.mx\/desplazados-por-la-violencia-de-aguililla-michoacan-se-refugian-en-albergues-de-tijuana\/\"},\"author\":{\"name\":\"enequipo\",\"@id\":\"https:\/\/www.sonoraenequipo.com.mx\/#\/schema\/person\/50102df0fb23a8fa9e8effad8fa81386\"},\"headline\":\"Desplazados por la violencia de Aguililla, Michoac\u00e1n, se refugian en albergues de Tijuana\",\"datePublished\":\"2021-12-22T13:00:42+00:00\",\"dateModified\":\"2021-12-26T05:44:09+00:00\",\"mainEntityOfPage\":{\"@id\":\"https:\/\/www.sonoraenequipo.com.mx\/desplazados-por-la-violencia-de-aguililla-michoacan-se-refugian-en-albergues-de-tijuana\/\"},\"wordCount\":501,\"commentCount\":0,\"publisher\":{\"@id\":\"https:\/\/www.sonoraenequipo.com.mx\/#organization\"},\"articleSection\":[\"Rep\u00fablica\"],\"inLanguage\":\"es\",\"potentialAction\":[{\"@type\":\"CommentAction\",\"name\":\"Comment\",\"target\":[\"https:\/\/www.sonoraenequipo.com.mx\/desplazados-por-la-violencia-de-aguililla-michoacan-se-refugian-en-albergues-de-tijuana\/#respond\"]}]},{\"@type\":\"WebPage\",\"@id\":\"https:\/\/www.sonoraenequipo.com.mx\/desplazados-por-la-violencia-de-aguililla-michoacan-se-refugian-en-albergues-de-tijuana\/\",\"url\":\"https:\/\/www.sonoraenequipo.com.mx\/desplazados-por-la-violencia-de-aguililla-michoacan-se-refugian-en-albergues-de-tijuana\/\",\"name\":\"Sonora en Equipo. Desplazados por la violencia de Aguililla, Michoac\u00e1n, se refugian en albergues de Tijuana\",\"isPartOf\":{\"@id\":\"https:\/\/www.sonoraenequipo.com.mx\/#website\"},\"datePublished\":\"2021-12-22T13:00:42+00:00\",\"dateModified\":\"2021-12-26T05:44:09+00:00\",\"description\":\"TIJUANA, BAJA CALIFORNIA. MX. \u2014 En ciudades fronterizas como Tijuana, el flujo de migrantes no ha cesado y los albergues se encuentran saturados porque En Sonora en Equipo publicamos toda la informaci\u00f3n de Sonora, M\u00e9xico y el Mundo de manera oportuna y busca que la libertad de expresi\u00f3n sea real. Visita nuestro medio informativo publicado desde Hermosillo, Sonora. %\",\"breadcrumb\":{\"@id\":\"https:\/\/www.sonoraenequipo.com.mx\/desplazados-por-la-violencia-de-aguililla-michoacan-se-refugian-en-albergues-de-tijuana\/#breadcrumb\"},\"inLanguage\":\"es\",\"potentialAction\":[{\"@type\":\"ReadAction\",\"target\":[\"https:\/\/www.sonoraenequipo.com.mx\/desplazados-por-la-violencia-de-aguililla-michoacan-se-refugian-en-albergues-de-tijuana\/\"]}]},{\"@type\":\"BreadcrumbList\",\"@id\":\"https:\/\/www.sonoraenequipo.com.mx\/desplazados-por-la-violencia-de-aguililla-michoacan-se-refugian-en-albergues-de-tijuana\/#breadcrumb\",\"itemListElement\":[{\"@type\":\"ListItem\",\"position\":1,\"name\":\"Portada\",\"item\":\"https:\/\/www.sonoraenequipo.com.mx\/\"},{\"@type\":\"ListItem\",\"position\":2,\"name\":\"Desplazados por la violencia de Aguililla, Michoac\u00e1n, se refugian en albergues de Tijuana\"}]},{\"@type\":\"WebSite\",\"@id\":\"https:\/\/www.sonoraenequipo.com.mx\/#website\",\"url\":\"https:\/\/www.sonoraenequipo.com.mx\/\",\"name\":\"Sonora en Equipo.\",\"description\":\"Diario en l\u00ednea con Noticias desde Hermosillo, Sonora\",\"publisher\":{\"@id\":\"https:\/\/www.sonoraenequipo.com.mx\/#organization\"},\"potentialAction\":[{\"@type\":\"SearchAction\",\"target\":{\"@type\":\"EntryPoint\",\"urlTemplate\":\"https:\/\/www.sonoraenequipo.com.mx\/?s={search_term_string}\"},\"query-input\":{\"@type\":\"PropertyValueSpecification\",\"valueRequired\":true,\"valueName\":\"search_term_string\"}}],\"inLanguage\":\"es\"},{\"@type\":\"Organization\",\"@id\":\"https:\/\/www.sonoraenequipo.com.mx\/#organization\",\"name\":\"Sonoraenequipo.com.mx\",\"url\":\"https:\/\/www.sonoraenequipo.com.mx\/\",\"logo\":{\"@type\":\"ImageObject\",\"inLanguage\":\"es\",\"@id\":\"https:\/\/www.sonoraenequipo.com.mx\/#\/schema\/logo\/image\/\",\"url\":\"https:\/\/www.sonoraenequipo.com.mx\/storage\/2019\/01\/sonoraenequipo_opt.png\",\"contentUrl\":\"https:\/\/www.sonoraenequipo.com.mx\/storage\/2019\/01\/sonoraenequipo_opt.png\",\"width\":375,\"height\":125,\"caption\":\"Sonoraenequipo.com.mx\"},\"image\":{\"@id\":\"https:\/\/www.sonoraenequipo.com.mx\/#\/schema\/logo\/image\/\"},\"sameAs\":[\"https:\/\/www.facebook.com\/SonoraEE\/\",\"https:\/\/x.com\/sonoraenequipo\",\"https:\/\/www.youtube.com\/channel\/UC338nW-lPEYmJQs4ZABQ1SQ\"]},{\"@type\":\"Person\",\"@id\":\"https:\/\/www.sonoraenequipo.com.mx\/#\/schema\/person\/50102df0fb23a8fa9e8effad8fa81386\",\"name\":\"enequipo\",\"image\":{\"@type\":\"ImageObject\",\"inLanguage\":\"es\",\"@id\":\"https:\/\/www.sonoraenequipo.com.mx\/#\/schema\/person\/image\/\",\"url\":\"https:\/\/secure.gravatar.com\/avatar\/049821681b589dabc0bc20695993ccebb09f5b5d4d790cd9251b97faac7c652b?s=96&d=blank&r=g\",\"contentUrl\":\"https:\/\/secure.gravatar.com\/avatar\/049821681b589dabc0bc20695993ccebb09f5b5d4d790cd9251b97faac7c652b?s=96&d=blank&r=g\",\"caption\":\"enequipo\"},\"sameAs\":[\"https:\/\/www.facebook.com\/SonoraEE\"]}]}<\/script>\n ","yoast_head_json":{"title":"Sonora en Equipo. Desplazados por la violencia de Aguililla, Michoac\u00e1n, se refugian en albergues de Tijuana","description":"TIJUANA, BAJA CALIFORNIA. MX. \u2014 En ciudades fronterizas como Tijuana, el flujo de migrantes no ha cesado y los albergues se encuentran saturados porque En Sonora en Equipo publicamos toda la informaci\u00f3n de Sonora, M\u00e9xico y el Mundo de manera oportuna y busca que la libertad de expresi\u00f3n sea real. Visita nuestro medio informativo publicado desde Hermosillo, Sonora. %","robots":{"index":"index","follow":"follow","max-snippet":"max-snippet:-1","max-image-preview":"max-image-preview:large","max-video-preview":"max-video-preview:-1"},"canonical":"https:\/\/www.sonoraenequipo.com.mx\/desplazados-por-la-violencia-de-aguililla-michoacan-se-refugian-en-albergues-de-tijuana\/","og_locale":"es_ES","og_type":"article","og_title":"Sonora en Equipo. Desplazados por la violencia de Aguililla, Michoac\u00e1n, se refugian en albergues de Tijuana","og_description":"TIJUANA, BAJA CALIFORNIA. MX. \u2014 En ciudades fronterizas como Tijuana, el flujo de migrantes no ha cesado y los albergues se encuentran saturados porque En Sonora en Equipo publicamos toda la informaci\u00f3n de Sonora, M\u00e9xico y el Mundo de manera oportuna y busca que la libertad de expresi\u00f3n sea real. Visita nuestro medio informativo publicado desde Hermosillo, Sonora. %","og_url":"https:\/\/www.sonoraenequipo.com.mx\/desplazados-por-la-violencia-de-aguililla-michoacan-se-refugian-en-albergues-de-tijuana\/","og_site_name":"Sonora en Equipo.","article_publisher":"https:\/\/www.facebook.com\/SonoraEE\/","article_author":"https:\/\/www.facebook.com\/SonoraEE","article_published_time":"2021-12-22T13:00:42+00:00","article_modified_time":"2021-12-26T05:44:09+00:00","author":"enequipo","twitter_card":"summary_large_image","twitter_creator":"@sonoraenequipo","twitter_site":"@sonoraenequipo","twitter_misc":{"Escrito por":"enequipo","Tiempo de lectura":"2 minutos"},"schema":{"@context":"https:\/\/schema.org","@graph":[{"@type":"Article","@id":"https:\/\/www.sonoraenequipo.com.mx\/desplazados-por-la-violencia-de-aguililla-michoacan-se-refugian-en-albergues-de-tijuana\/#article","isPartOf":{"@id":"https:\/\/www.sonoraenequipo.com.mx\/desplazados-por-la-violencia-de-aguililla-michoacan-se-refugian-en-albergues-de-tijuana\/"},"author":{"name":"enequipo","@id":"https:\/\/www.sonoraenequipo.com.mx\/#\/schema\/person\/50102df0fb23a8fa9e8effad8fa81386"},"headline":"Desplazados por la violencia de Aguililla, Michoac\u00e1n, se refugian en albergues de Tijuana","datePublished":"2021-12-22T13:00:42+00:00","dateModified":"2021-12-26T05:44:09+00:00","mainEntityOfPage":{"@id":"https:\/\/www.sonoraenequipo.com.mx\/desplazados-por-la-violencia-de-aguililla-michoacan-se-refugian-en-albergues-de-tijuana\/"},"wordCount":501,"commentCount":0,"publisher":{"@id":"https:\/\/www.sonoraenequipo.com.mx\/#organization"},"articleSection":["Rep\u00fablica"],"inLanguage":"es","potentialAction":[{"@type":"CommentAction","name":"Comment","target":["https:\/\/www.sonoraenequipo.com.mx\/desplazados-por-la-violencia-de-aguililla-michoacan-se-refugian-en-albergues-de-tijuana\/#respond"]}]},{"@type":"WebPage","@id":"https:\/\/www.sonoraenequipo.com.mx\/desplazados-por-la-violencia-de-aguililla-michoacan-se-refugian-en-albergues-de-tijuana\/","url":"https:\/\/www.sonoraenequipo.com.mx\/desplazados-por-la-violencia-de-aguililla-michoacan-se-refugian-en-albergues-de-tijuana\/","name":"Sonora en Equipo. Desplazados por la violencia de Aguililla, Michoac\u00e1n, se refugian en albergues de Tijuana","isPartOf":{"@id":"https:\/\/www.sonoraenequipo.com.mx\/#website"},"datePublished":"2021-12-22T13:00:42+00:00","dateModified":"2021-12-26T05:44:09+00:00","description":"TIJUANA, BAJA CALIFORNIA. MX. \u2014 En ciudades fronterizas como Tijuana, el flujo de migrantes no ha cesado y los albergues se encuentran saturados porque En Sonora en Equipo publicamos toda la informaci\u00f3n de Sonora, M\u00e9xico y el Mundo de manera oportuna y busca que la libertad de expresi\u00f3n sea real. Visita nuestro medio informativo publicado desde Hermosillo, Sonora. %","breadcrumb":{"@id":"https:\/\/www.sonoraenequipo.com.mx\/desplazados-por-la-violencia-de-aguililla-michoacan-se-refugian-en-albergues-de-tijuana\/#breadcrumb"},"inLanguage":"es","potentialAction":[{"@type":"ReadAction","target":["https:\/\/www.sonoraenequipo.com.mx\/desplazados-por-la-violencia-de-aguililla-michoacan-se-refugian-en-albergues-de-tijuana\/"]}]},{"@type":"BreadcrumbList","@id":"https:\/\/www.sonoraenequipo.com.mx\/desplazados-por-la-violencia-de-aguililla-michoacan-se-refugian-en-albergues-de-tijuana\/#breadcrumb","itemListElement":[{"@type":"ListItem","position":1,"name":"Portada","item":"https:\/\/www.sonoraenequipo.com.mx\/"},{"@type":"ListItem","position":2,"name":"Desplazados por la violencia de Aguililla, Michoac\u00e1n, se refugian en albergues de Tijuana"}]},{"@type":"WebSite","@id":"https:\/\/www.sonoraenequipo.com.mx\/#website","url":"https:\/\/www.sonoraenequipo.com.mx\/","name":"Sonora en Equipo.","description":"Diario en l\u00ednea con Noticias desde Hermosillo, Sonora","publisher":{"@id":"https:\/\/www.sonoraenequipo.com.mx\/#organization"},"potentialAction":[{"@type":"SearchAction","target":{"@type":"EntryPoint","urlTemplate":"https:\/\/www.sonoraenequipo.com.mx\/?s={search_term_string}"},"query-input":{"@type":"PropertyValueSpecification","valueRequired":true,"valueName":"search_term_string"}}],"inLanguage":"es"},{"@type":"Organization","@id":"https:\/\/www.sonoraenequipo.com.mx\/#organization","name":"Sonoraenequipo.com.mx","url":"https:\/\/www.sonoraenequipo.com.mx\/","logo":{"@type":"ImageObject","inLanguage":"es","@id":"https:\/\/www.sonoraenequipo.com.mx\/#\/schema\/logo\/image\/","url":"https:\/\/www.sonoraenequipo.com.mx\/storage\/2019\/01\/sonoraenequipo_opt.png","contentUrl":"https:\/\/www.sonoraenequipo.com.mx\/storage\/2019\/01\/sonoraenequipo_opt.png","width":375,"height":125,"caption":"Sonoraenequipo.com.mx"},"image":{"@id":"https:\/\/www.sonoraenequipo.com.mx\/#\/schema\/logo\/image\/"},"sameAs":["https:\/\/www.facebook.com\/SonoraEE\/","https:\/\/x.com\/sonoraenequipo","https:\/\/www.youtube.com\/channel\/UC338nW-lPEYmJQs4ZABQ1SQ"]},{"@type":"Person","@id":"https:\/\/www.sonoraenequipo.com.mx\/#\/schema\/person\/50102df0fb23a8fa9e8effad8fa81386","name":"enequipo","image":{"@type":"ImageObject","inLanguage":"es","@id":"https:\/\/www.sonoraenequipo.com.mx\/#\/schema\/person\/image\/","url":"https:\/\/secure.gravatar.com\/avatar\/049821681b589dabc0bc20695993ccebb09f5b5d4d790cd9251b97faac7c652b?s=96&d=blank&r=g","contentUrl":"https:\/\/secure.gravatar.com\/avatar\/049821681b589dabc0bc20695993ccebb09f5b5d4d790cd9251b97faac7c652b?s=96&d=blank&r=g","caption":"enequipo"},"sameAs":["https:\/\/www.facebook.com\/SonoraEE"]}]}},"jetpack_featured_media_url":"","_links":{"self":[{"href":"https:\/\/www.sonoraenequipo.com.mx\/api\/wp\/v2\/posts\/130181","targetHints":{"allow":["GET"]}}],"collection":[{"href":"https:\/\/www.sonoraenequipo.com.mx\/api\/wp\/v2\/posts"}],"about":[{"href":"https:\/\/www.sonoraenequipo.com.mx\/api\/wp\/v2\/types\/post"}],"author":[{"embeddable":true,"href":"https:\/\/www.sonoraenequipo.com.mx\/api\/wp\/v2\/users\/1"}],"replies":[{"embeddable":true,"href":"https:\/\/www.sonoraenequipo.com.mx\/api\/wp\/v2\/comments?post=130181"}],"version-history":[{"count":1,"href":"https:\/\/www.sonoraenequipo.com.mx\/api\/wp\/v2\/posts\/130181\/revisions"}],"predecessor-version":[{"id":130182,"href":"https:\/\/www.sonoraenequipo.com.mx\/api\/wp\/v2\/posts\/130181\/revisions\/130182"}],"wp:attachment":[{"href":"https:\/\/www.sonoraenequipo.com.mx\/api\/wp\/v2\/media?parent=130181"}],"wp:term":[{"taxonomy":"category","embeddable":true,"href":"https:\/\/www.sonoraenequipo.com.mx\/api\/wp\/v2\/categories?post=130181"},{"taxonomy":"post_tag","embeddable":true,"href":"https:\/\/www.sonoraenequipo.com.mx\/api\/wp\/v2\/tags?post=130181"}],"curies":[{"name":"wp","href":"https:\/\/api.w.org\/{rel}","templated":true}]}}