{"id":130187,"date":"2021-12-22T07:31:38","date_gmt":"2021-12-22T14:31:38","guid":{"rendered":"https:\/\/www.sonoraenequipo.com.mx\/?p=130187"},"modified":"2021-12-22T19:51:58","modified_gmt":"2021-12-23T02:51:58","slug":"casos-globales-de-la-variante-omicron-de-covid-19-se-cuatriplican-en-solo-una-semana","status":"publish","type":"post","link":"https:\/\/www.sonoraenequipo.com.mx\/casos-globales-de-la-variante-omicron-de-covid-19-se-cuatriplican-en-solo-una-semana\/","title":{"rendered":"Casos globales de la variante \u00f3micron de COVID-19 se cuatriplican en s\u00f3lo una semana"},"content":{"rendered":"<p>ESTADOS UNIDOS. \u2014 Los laboratorios gen\u00f3micos globales detectaron en la \u00faltima semana unos 14,000 nuevos casos de coronavirus de la nueva variante \u00f3micron, cuatro veces m\u00e1s que los aproximadamente 3,500 de los siete d\u00edas anteriores, de acuerdo con el informe epidemiol\u00f3gico de la Organizaci\u00f3n Mundial de la Salud (OMS).<\/p>\n<p>&nbsp;<\/p>\n<p> <\/p>\n<p>&nbsp;<\/p>\n<p>Seg\u00fan los an\u00e1lisis de la red mundial de laboratorios GISAID, que colabora con la OMS, el porcentaje de detecciones de la variante \u00f3micron en sus secuencias ha subido del 0.1% de hace una semana al 1.6 % en la actualidad, aunque una gran mayor\u00eda (96%) a\u00fan siguen siendo casos de la variante delta, dominante durante 2021.<\/p>\n<p>&nbsp;<\/p>\n<p>Al analizar estos n\u00fameros debe tenerse en cuenta que suman los an\u00e1lisis de los \u00faltimos 60 d\u00edas, por lo que el porcentaje real de casos \u00f3micron puede ser a\u00fan mayor, aunque por otro lado hay un esfuerzo especial por detectar la nueva variante y los laboratorios tienden a secuenciar casos sospechosos de \u00e9sta.<\/p>\n<p>&nbsp;<\/p>\n<p>Por otro lado, s\u00f3lo una peque\u00f1a parte de los casos de COVID-19 (aproximadamente uno de cada 40, seg\u00fan se extrae de las cifras de la OMS) se analizan en laboratorio, por lo que los datos tienen un valor meramente estad\u00edstico.<\/p>\n<p>&nbsp;<\/p>\n<p>En todo caso, estos datos siguen confirmando que \u00f3micron \u201ctiene ventajas de transmisi\u00f3n con respecto a delta\u201d, que lleg\u00f3 a sumar m\u00e1s de un 99 % de los casos de laboratorio analizados y desde hace dos semanas est\u00e1 cediendo terreno ante la cepa primero detectada en Sud\u00e1frica.<\/p>\n<p>&nbsp;<\/p>\n<p>En su informe epidemiol\u00f3gico semanal, la OMS insiste en que no hay todav\u00eda datos sobre si \u00f3micron produce casos m\u00e1s o menos graves de COVID-19, aunque el aumento de las hospitalizaciones en pa\u00edses donde su presencia ya es muy alta, como Sud\u00e1frica o Reino Unido, confirma que es una variante del coronavirus capaz de ejercer una presi\u00f3n preocupante sobre los sistemas sanitarios.<\/p>\n<p>&nbsp;<\/p>\n<p>La organizaci\u00f3n con sede en Ginebra reitera que los datos preliminares indican en un mayor riesgo de infecci\u00f3n con \u00f3micron entre vacunados y personas que hayan superado la enfermedad con anterioridad, por lo que el riesgo asociado a la nueva variante sigue siendo<em> \u201cmuy alto\u201d.<\/em><\/p>\n<p>&nbsp;<\/p>\n<p>&nbsp;<\/p>\n<p>(Publicada el 22\/12\/2021 \/ Con informaci\u00f3n de EFE.)<\/p>\n","protected":false},"excerpt":{"rendered":"<p>ESTADOS UNIDOS. \u2014 Los laboratorios gen\u00f3micos globales detectaron en la \u00faltima semana unos 14,000 nuevos&#8230;<\/p>\n","protected":false},"author":1,"featured_media":130162,"comment_status":"open","ping_status":"open","sticky":false,"template":"","format":"standard","meta":{"_monsterinsights_skip_tracking":false,"_monsterinsights_sitenote_active":false,"_monsterinsights_sitenote_note":"","_monsterinsights_sitenote_category":0,"footnotes":""},"categories":[3],"tags":[],"class_list":["post"],"yoast_head":" \n<title>Sonora en Equipo. Casos globales de la variante \u00f3micron de COVID-19 se cuatriplican en s\u00f3lo una semana MUNDO<\/title>\n<meta name=\"description\" content=\"ESTADOS UNIDOS. \u2014 Los laboratorios gen\u00f3micos globales detectaron en la \u00faltima semana unos 14,000 nuevos casos de coronavirus de la nueva variante \u00f3micron, En Sonora en Equipo publicamos toda la informaci\u00f3n de Sonora, M\u00e9xico y el Mundo de manera oportuna y busca que la libertad de expresi\u00f3n sea real. Visita nuestro medio informativo publicado desde Hermosillo, Sonora. %\" \/>\n<meta name=\"robots\" content=\"index, follow, max-snippet:-1, max-image-preview:large, max-video-preview:-1\" \/>\n<link rel=\"canonical\" href=\"https:\/\/www.sonoraenequipo.com.mx\/casos-globales-de-la-variante-omicron-de-covid-19-se-cuatriplican-en-solo-una-semana\/\" \/>\n<meta property=\"og:locale\" content=\"es_ES\" \/>\n<meta property=\"og:type\" content=\"article\" \/>\n<meta property=\"og:title\" content=\"Sonora en Equipo. Casos globales de la variante \u00f3micron de COVID-19 se cuatriplican en s\u00f3lo una semana MUNDO\" \/>\n<meta property=\"og:description\" content=\"ESTADOS UNIDOS. \u2014 Los laboratorios gen\u00f3micos globales detectaron en la \u00faltima semana unos 14,000 nuevos casos de coronavirus de la nueva variante \u00f3micron, En Sonora en Equipo publicamos toda la informaci\u00f3n de Sonora, M\u00e9xico y el Mundo de manera oportuna y busca que la libertad de expresi\u00f3n sea real. Visita nuestro medio informativo publicado desde Hermosillo, Sonora. %\" \/>\n<meta property=\"og:url\" content=\"https:\/\/www.sonoraenequipo.com.mx\/casos-globales-de-la-variante-omicron-de-covid-19-se-cuatriplican-en-solo-una-semana\/\" \/>\n<meta property=\"og:site_name\" content=\"Sonora en Equipo.\" \/>\n<meta property=\"article:publisher\" content=\"https:\/\/www.facebook.com\/SonoraEE\/\" \/>\n<meta property=\"article:author\" content=\"https:\/\/www.facebook.com\/SonoraEE\" \/>\n<meta property=\"article:published_time\" content=\"2021-12-22T14:31:38+00:00\" \/>\n<meta property=\"article:modified_time\" content=\"2021-12-23T02:51:58+00:00\" \/>\n<meta property=\"og:image\" content=\"https:\/\/www.sonoraenequipo.com.mx\/storage\/2021\/12\/casos-globales-omicron_opt.jpg\" \/>\n\t<meta property=\"og:image:width\" content=\"700\" \/>\n\t<meta property=\"og:image:height\" content=\"400\" \/>\n\t<meta property=\"og:image:type\" content=\"image\/jpeg\" \/>\n<meta name=\"author\" content=\"enequipo\" \/>\n<meta name=\"twitter:card\" content=\"summary_large_image\" \/>\n<meta name=\"twitter:creator\" content=\"@sonoraenequipo\" \/>\n<meta name=\"twitter:site\" content=\"@sonoraenequipo\" \/>\n<meta name=\"twitter:label1\" content=\"Escrito por\" \/>\n\t<meta name=\"twitter:data1\" content=\"enequipo\" \/>\n\t<meta name=\"twitter:label2\" content=\"Tiempo de lectura\" \/>\n\t<meta name=\"twitter:data2\" content=\"2 minutos\" \/>\n<script type=\"application\/ld+json\" class=\"yoast-schema-graph\">{\"@context\":\"https:\/\/schema.org\",\"@graph\":[{\"@type\":\"Article\",\"@id\":\"https:\/\/www.sonoraenequipo.com.mx\/casos-globales-de-la-variante-omicron-de-covid-19-se-cuatriplican-en-solo-una-semana\/#article\",\"isPartOf\":{\"@id\":\"https:\/\/www.sonoraenequipo.com.mx\/casos-globales-de-la-variante-omicron-de-covid-19-se-cuatriplican-en-solo-una-semana\/\"},\"author\":{\"name\":\"enequipo\",\"@id\":\"https:\/\/www.sonoraenequipo.com.mx\/#\/schema\/person\/50102df0fb23a8fa9e8effad8fa81386\"},\"headline\":\"Casos globales de la variante \u00f3micron de COVID-19 se cuatriplican en s\u00f3lo una semana\",\"datePublished\":\"2021-12-22T14:31:38+00:00\",\"dateModified\":\"2021-12-23T02:51:58+00:00\",\"mainEntityOfPage\":{\"@id\":\"https:\/\/www.sonoraenequipo.com.mx\/casos-globales-de-la-variante-omicron-de-covid-19-se-cuatriplican-en-solo-una-semana\/\"},\"wordCount\":399,\"commentCount\":0,\"publisher\":{\"@id\":\"https:\/\/www.sonoraenequipo.com.mx\/#organization\"},\"image\":{\"@id\":\"https:\/\/www.sonoraenequipo.com.mx\/casos-globales-de-la-variante-omicron-de-covid-19-se-cuatriplican-en-solo-una-semana\/#primaryimage\"},\"thumbnailUrl\":\"https:\/\/www.sonoraenequipo.com.mx\/storage\/2021\/12\/casos-globales-omicron_opt.jpg\",\"articleSection\":[\"MUNDO\"],\"inLanguage\":\"es\",\"potentialAction\":[{\"@type\":\"CommentAction\",\"name\":\"Comment\",\"target\":[\"https:\/\/www.sonoraenequipo.com.mx\/casos-globales-de-la-variante-omicron-de-covid-19-se-cuatriplican-en-solo-una-semana\/#respond\"]}]},{\"@type\":\"WebPage\",\"@id\":\"https:\/\/www.sonoraenequipo.com.mx\/casos-globales-de-la-variante-omicron-de-covid-19-se-cuatriplican-en-solo-una-semana\/\",\"url\":\"https:\/\/www.sonoraenequipo.com.mx\/casos-globales-de-la-variante-omicron-de-covid-19-se-cuatriplican-en-solo-una-semana\/\",\"name\":\"Sonora en Equipo. Casos globales de la variante \u00f3micron de COVID-19 se cuatriplican en s\u00f3lo una semana MUNDO\",\"isPartOf\":{\"@id\":\"https:\/\/www.sonoraenequipo.com.mx\/#website\"},\"primaryImageOfPage\":{\"@id\":\"https:\/\/www.sonoraenequipo.com.mx\/casos-globales-de-la-variante-omicron-de-covid-19-se-cuatriplican-en-solo-una-semana\/#primaryimage\"},\"image\":{\"@id\":\"https:\/\/www.sonoraenequipo.com.mx\/casos-globales-de-la-variante-omicron-de-covid-19-se-cuatriplican-en-solo-una-semana\/#primaryimage\"},\"thumbnailUrl\":\"https:\/\/www.sonoraenequipo.com.mx\/storage\/2021\/12\/casos-globales-omicron_opt.jpg\",\"datePublished\":\"2021-12-22T14:31:38+00:00\",\"dateModified\":\"2021-12-23T02:51:58+00:00\",\"description\":\"ESTADOS UNIDOS. \u2014 Los laboratorios gen\u00f3micos globales detectaron en la \u00faltima semana unos 14,000 nuevos casos de coronavirus de la nueva variante \u00f3micron, En Sonora en Equipo publicamos toda la informaci\u00f3n de Sonora, M\u00e9xico y el Mundo de manera oportuna y busca que la libertad de expresi\u00f3n sea real. Visita nuestro medio informativo publicado desde Hermosillo, Sonora. %\",\"breadcrumb\":{\"@id\":\"https:\/\/www.sonoraenequipo.com.mx\/casos-globales-de-la-variante-omicron-de-covid-19-se-cuatriplican-en-solo-una-semana\/#breadcrumb\"},\"inLanguage\":\"es\",\"potentialAction\":[{\"@type\":\"ReadAction\",\"target\":[\"https:\/\/www.sonoraenequipo.com.mx\/casos-globales-de-la-variante-omicron-de-covid-19-se-cuatriplican-en-solo-una-semana\/\"]}]},{\"@type\":\"ImageObject\",\"inLanguage\":\"es\",\"@id\":\"https:\/\/www.sonoraenequipo.com.mx\/casos-globales-de-la-variante-omicron-de-covid-19-se-cuatriplican-en-solo-una-semana\/#primaryimage\",\"url\":\"https:\/\/www.sonoraenequipo.com.mx\/storage\/2021\/12\/casos-globales-omicron_opt.jpg\",\"contentUrl\":\"https:\/\/www.sonoraenequipo.com.mx\/storage\/2021\/12\/casos-globales-omicron_opt.jpg\",\"width\":700,\"height\":400},{\"@type\":\"BreadcrumbList\",\"@id\":\"https:\/\/www.sonoraenequipo.com.mx\/casos-globales-de-la-variante-omicron-de-covid-19-se-cuatriplican-en-solo-una-semana\/#breadcrumb\",\"itemListElement\":[{\"@type\":\"ListItem\",\"position\":1,\"name\":\"Portada\",\"item\":\"https:\/\/www.sonoraenequipo.com.mx\/\"},{\"@type\":\"ListItem\",\"position\":2,\"name\":\"Casos globales de la variante \u00f3micron de COVID-19 se cuatriplican en s\u00f3lo una semana\"}]},{\"@type\":\"WebSite\",\"@id\":\"https:\/\/www.sonoraenequipo.com.mx\/#website\",\"url\":\"https:\/\/www.sonoraenequipo.com.mx\/\",\"name\":\"Sonora en Equipo.\",\"description\":\"Diario en l\u00ednea con Noticias desde Hermosillo, Sonora\",\"publisher\":{\"@id\":\"https:\/\/www.sonoraenequipo.com.mx\/#organization\"},\"potentialAction\":[{\"@type\":\"SearchAction\",\"target\":{\"@type\":\"EntryPoint\",\"urlTemplate\":\"https:\/\/www.sonoraenequipo.com.mx\/?s={search_term_string}\"},\"query-input\":{\"@type\":\"PropertyValueSpecification\",\"valueRequired\":true,\"valueName\":\"search_term_string\"}}],\"inLanguage\":\"es\"},{\"@type\":\"Organization\",\"@id\":\"https:\/\/www.sonoraenequipo.com.mx\/#organization\",\"name\":\"Sonoraenequipo.com.mx\",\"url\":\"https:\/\/www.sonoraenequipo.com.mx\/\",\"logo\":{\"@type\":\"ImageObject\",\"inLanguage\":\"es\",\"@id\":\"https:\/\/www.sonoraenequipo.com.mx\/#\/schema\/logo\/image\/\",\"url\":\"https:\/\/www.sonoraenequipo.com.mx\/storage\/2019\/01\/sonoraenequipo_opt.png\",\"contentUrl\":\"https:\/\/www.sonoraenequipo.com.mx\/storage\/2019\/01\/sonoraenequipo_opt.png\",\"width\":375,\"height\":125,\"caption\":\"Sonoraenequipo.com.mx\"},\"image\":{\"@id\":\"https:\/\/www.sonoraenequipo.com.mx\/#\/schema\/logo\/image\/\"},\"sameAs\":[\"https:\/\/www.facebook.com\/SonoraEE\/\",\"https:\/\/x.com\/sonoraenequipo\",\"https:\/\/www.youtube.com\/channel\/UC338nW-lPEYmJQs4ZABQ1SQ\"]},{\"@type\":\"Person\",\"@id\":\"https:\/\/www.sonoraenequipo.com.mx\/#\/schema\/person\/50102df0fb23a8fa9e8effad8fa81386\",\"name\":\"enequipo\",\"image\":{\"@type\":\"ImageObject\",\"inLanguage\":\"es\",\"@id\":\"https:\/\/www.sonoraenequipo.com.mx\/#\/schema\/person\/image\/\",\"url\":\"https:\/\/secure.gravatar.com\/avatar\/049821681b589dabc0bc20695993ccebb09f5b5d4d790cd9251b97faac7c652b?s=96&d=blank&r=g\",\"contentUrl\":\"https:\/\/secure.gravatar.com\/avatar\/049821681b589dabc0bc20695993ccebb09f5b5d4d790cd9251b97faac7c652b?s=96&d=blank&r=g\",\"caption\":\"enequipo\"},\"sameAs\":[\"https:\/\/www.facebook.com\/SonoraEE\"]}]}<\/script>\n ","yoast_head_json":{"title":"Sonora en Equipo. Casos globales de la variante \u00f3micron de COVID-19 se cuatriplican en s\u00f3lo una semana MUNDO","description":"ESTADOS UNIDOS. \u2014 Los laboratorios gen\u00f3micos globales detectaron en la \u00faltima semana unos 14,000 nuevos casos de coronavirus de la nueva variante \u00f3micron, En Sonora en Equipo publicamos toda la informaci\u00f3n de Sonora, M\u00e9xico y el Mundo de manera oportuna y busca que la libertad de expresi\u00f3n sea real. Visita nuestro medio informativo publicado desde Hermosillo, Sonora. %","robots":{"index":"index","follow":"follow","max-snippet":"max-snippet:-1","max-image-preview":"max-image-preview:large","max-video-preview":"max-video-preview:-1"},"canonical":"https:\/\/www.sonoraenequipo.com.mx\/casos-globales-de-la-variante-omicron-de-covid-19-se-cuatriplican-en-solo-una-semana\/","og_locale":"es_ES","og_type":"article","og_title":"Sonora en Equipo. Casos globales de la variante \u00f3micron de COVID-19 se cuatriplican en s\u00f3lo una semana MUNDO","og_description":"ESTADOS UNIDOS. \u2014 Los laboratorios gen\u00f3micos globales detectaron en la \u00faltima semana unos 14,000 nuevos casos de coronavirus de la nueva variante \u00f3micron, En Sonora en Equipo publicamos toda la informaci\u00f3n de Sonora, M\u00e9xico y el Mundo de manera oportuna y busca que la libertad de expresi\u00f3n sea real. Visita nuestro medio informativo publicado desde Hermosillo, Sonora. %","og_url":"https:\/\/www.sonoraenequipo.com.mx\/casos-globales-de-la-variante-omicron-de-covid-19-se-cuatriplican-en-solo-una-semana\/","og_site_name":"Sonora en Equipo.","article_publisher":"https:\/\/www.facebook.com\/SonoraEE\/","article_author":"https:\/\/www.facebook.com\/SonoraEE","article_published_time":"2021-12-22T14:31:38+00:00","article_modified_time":"2021-12-23T02:51:58+00:00","og_image":[{"width":700,"height":400,"url":"https:\/\/www.sonoraenequipo.com.mx\/storage\/2021\/12\/casos-globales-omicron_opt.jpg","type":"image\/jpeg"}],"author":"enequipo","twitter_card":"summary_large_image","twitter_creator":"@sonoraenequipo","twitter_site":"@sonoraenequipo","twitter_misc":{"Escrito por":"enequipo","Tiempo de lectura":"2 minutos"},"schema":{"@context":"https:\/\/schema.org","@graph":[{"@type":"Article","@id":"https:\/\/www.sonoraenequipo.com.mx\/casos-globales-de-la-variante-omicron-de-covid-19-se-cuatriplican-en-solo-una-semana\/#article","isPartOf":{"@id":"https:\/\/www.sonoraenequipo.com.mx\/casos-globales-de-la-variante-omicron-de-covid-19-se-cuatriplican-en-solo-una-semana\/"},"author":{"name":"enequipo","@id":"https:\/\/www.sonoraenequipo.com.mx\/#\/schema\/person\/50102df0fb23a8fa9e8effad8fa81386"},"headline":"Casos globales de la variante \u00f3micron de COVID-19 se cuatriplican en s\u00f3lo una semana","datePublished":"2021-12-22T14:31:38+00:00","dateModified":"2021-12-23T02:51:58+00:00","mainEntityOfPage":{"@id":"https:\/\/www.sonoraenequipo.com.mx\/casos-globales-de-la-variante-omicron-de-covid-19-se-cuatriplican-en-solo-una-semana\/"},"wordCount":399,"commentCount":0,"publisher":{"@id":"https:\/\/www.sonoraenequipo.com.mx\/#organization"},"image":{"@id":"https:\/\/www.sonoraenequipo.com.mx\/casos-globales-de-la-variante-omicron-de-covid-19-se-cuatriplican-en-solo-una-semana\/#primaryimage"},"thumbnailUrl":"https:\/\/www.sonoraenequipo.com.mx\/storage\/2021\/12\/casos-globales-omicron_opt.jpg","articleSection":["MUNDO"],"inLanguage":"es","potentialAction":[{"@type":"CommentAction","name":"Comment","target":["https:\/\/www.sonoraenequipo.com.mx\/casos-globales-de-la-variante-omicron-de-covid-19-se-cuatriplican-en-solo-una-semana\/#respond"]}]},{"@type":"WebPage","@id":"https:\/\/www.sonoraenequipo.com.mx\/casos-globales-de-la-variante-omicron-de-covid-19-se-cuatriplican-en-solo-una-semana\/","url":"https:\/\/www.sonoraenequipo.com.mx\/casos-globales-de-la-variante-omicron-de-covid-19-se-cuatriplican-en-solo-una-semana\/","name":"Sonora en Equipo. Casos globales de la variante \u00f3micron de COVID-19 se cuatriplican en s\u00f3lo una semana MUNDO","isPartOf":{"@id":"https:\/\/www.sonoraenequipo.com.mx\/#website"},"primaryImageOfPage":{"@id":"https:\/\/www.sonoraenequipo.com.mx\/casos-globales-de-la-variante-omicron-de-covid-19-se-cuatriplican-en-solo-una-semana\/#primaryimage"},"image":{"@id":"https:\/\/www.sonoraenequipo.com.mx\/casos-globales-de-la-variante-omicron-de-covid-19-se-cuatriplican-en-solo-una-semana\/#primaryimage"},"thumbnailUrl":"https:\/\/www.sonoraenequipo.com.mx\/storage\/2021\/12\/casos-globales-omicron_opt.jpg","datePublished":"2021-12-22T14:31:38+00:00","dateModified":"2021-12-23T02:51:58+00:00","description":"ESTADOS UNIDOS. \u2014 Los laboratorios gen\u00f3micos globales detectaron en la \u00faltima semana unos 14,000 nuevos casos de coronavirus de la nueva variante \u00f3micron, En Sonora en Equipo publicamos toda la informaci\u00f3n de Sonora, M\u00e9xico y el Mundo de manera oportuna y busca que la libertad de expresi\u00f3n sea real. Visita nuestro medio informativo publicado desde Hermosillo, Sonora. %","breadcrumb":{"@id":"https:\/\/www.sonoraenequipo.com.mx\/casos-globales-de-la-variante-omicron-de-covid-19-se-cuatriplican-en-solo-una-semana\/#breadcrumb"},"inLanguage":"es","potentialAction":[{"@type":"ReadAction","target":["https:\/\/www.sonoraenequipo.com.mx\/casos-globales-de-la-variante-omicron-de-covid-19-se-cuatriplican-en-solo-una-semana\/"]}]},{"@type":"ImageObject","inLanguage":"es","@id":"https:\/\/www.sonoraenequipo.com.mx\/casos-globales-de-la-variante-omicron-de-covid-19-se-cuatriplican-en-solo-una-semana\/#primaryimage","url":"https:\/\/www.sonoraenequipo.com.mx\/storage\/2021\/12\/casos-globales-omicron_opt.jpg","contentUrl":"https:\/\/www.sonoraenequipo.com.mx\/storage\/2021\/12\/casos-globales-omicron_opt.jpg","width":700,"height":400},{"@type":"BreadcrumbList","@id":"https:\/\/www.sonoraenequipo.com.mx\/casos-globales-de-la-variante-omicron-de-covid-19-se-cuatriplican-en-solo-una-semana\/#breadcrumb","itemListElement":[{"@type":"ListItem","position":1,"name":"Portada","item":"https:\/\/www.sonoraenequipo.com.mx\/"},{"@type":"ListItem","position":2,"name":"Casos globales de la variante \u00f3micron de COVID-19 se cuatriplican en s\u00f3lo una semana"}]},{"@type":"WebSite","@id":"https:\/\/www.sonoraenequipo.com.mx\/#website","url":"https:\/\/www.sonoraenequipo.com.mx\/","name":"Sonora en Equipo.","description":"Diario en l\u00ednea con Noticias desde Hermosillo, Sonora","publisher":{"@id":"https:\/\/www.sonoraenequipo.com.mx\/#organization"},"potentialAction":[{"@type":"SearchAction","target":{"@type":"EntryPoint","urlTemplate":"https:\/\/www.sonoraenequipo.com.mx\/?s={search_term_string}"},"query-input":{"@type":"PropertyValueSpecification","valueRequired":true,"valueName":"search_term_string"}}],"inLanguage":"es"},{"@type":"Organization","@id":"https:\/\/www.sonoraenequipo.com.mx\/#organization","name":"Sonoraenequipo.com.mx","url":"https:\/\/www.sonoraenequipo.com.mx\/","logo":{"@type":"ImageObject","inLanguage":"es","@id":"https:\/\/www.sonoraenequipo.com.mx\/#\/schema\/logo\/image\/","url":"https:\/\/www.sonoraenequipo.com.mx\/storage\/2019\/01\/sonoraenequipo_opt.png","contentUrl":"https:\/\/www.sonoraenequipo.com.mx\/storage\/2019\/01\/sonoraenequipo_opt.png","width":375,"height":125,"caption":"Sonoraenequipo.com.mx"},"image":{"@id":"https:\/\/www.sonoraenequipo.com.mx\/#\/schema\/logo\/image\/"},"sameAs":["https:\/\/www.facebook.com\/SonoraEE\/","https:\/\/x.com\/sonoraenequipo","https:\/\/www.youtube.com\/channel\/UC338nW-lPEYmJQs4ZABQ1SQ"]},{"@type":"Person","@id":"https:\/\/www.sonoraenequipo.com.mx\/#\/schema\/person\/50102df0fb23a8fa9e8effad8fa81386","name":"enequipo","image":{"@type":"ImageObject","inLanguage":"es","@id":"https:\/\/www.sonoraenequipo.com.mx\/#\/schema\/person\/image\/","url":"https:\/\/secure.gravatar.com\/avatar\/049821681b589dabc0bc20695993ccebb09f5b5d4d790cd9251b97faac7c652b?s=96&d=blank&r=g","contentUrl":"https:\/\/secure.gravatar.com\/avatar\/049821681b589dabc0bc20695993ccebb09f5b5d4d790cd9251b97faac7c652b?s=96&d=blank&r=g","caption":"enequipo"},"sameAs":["https:\/\/www.facebook.com\/SonoraEE"]}]}},"jetpack_featured_media_url":"https:\/\/www.sonoraenequipo.com.mx\/storage\/2021\/12\/casos-globales-omicron_opt.jpg","_links":{"self":[{"href":"https:\/\/www.sonoraenequipo.com.mx\/api\/wp\/v2\/posts\/130187","targetHints":{"allow":["GET"]}}],"collection":[{"href":"https:\/\/www.sonoraenequipo.com.mx\/api\/wp\/v2\/posts"}],"about":[{"href":"https:\/\/www.sonoraenequipo.com.mx\/api\/wp\/v2\/types\/post"}],"author":[{"embeddable":true,"href":"https:\/\/www.sonoraenequipo.com.mx\/api\/wp\/v2\/users\/1"}],"replies":[{"embeddable":true,"href":"https:\/\/www.sonoraenequipo.com.mx\/api\/wp\/v2\/comments?post=130187"}],"version-history":[{"count":3,"href":"https:\/\/www.sonoraenequipo.com.mx\/api\/wp\/v2\/posts\/130187\/revisions"}],"predecessor-version":[{"id":130192,"href":"https:\/\/www.sonoraenequipo.com.mx\/api\/wp\/v2\/posts\/130187\/revisions\/130192"}],"wp:featuredmedia":[{"embeddable":true,"href":"https:\/\/www.sonoraenequipo.com.mx\/api\/wp\/v2\/media\/130162"}],"wp:attachment":[{"href":"https:\/\/www.sonoraenequipo.com.mx\/api\/wp\/v2\/media?parent=130187"}],"wp:term":[{"taxonomy":"category","embeddable":true,"href":"https:\/\/www.sonoraenequipo.com.mx\/api\/wp\/v2\/categories?post=130187"},{"taxonomy":"post_tag","embeddable":true,"href":"https:\/\/www.sonoraenequipo.com.mx\/api\/wp\/v2\/tags?post=130187"}],"curies":[{"name":"wp","href":"https:\/\/api.w.org\/{rel}","templated":true}]}}