{"id":130193,"date":"2021-12-22T16:33:18","date_gmt":"2021-12-22T23:33:18","guid":{"rendered":"https:\/\/www.sonoraenequipo.com.mx\/?p=130193"},"modified":"2021-12-22T20:10:42","modified_gmt":"2021-12-23T03:10:42","slug":"los-sintomas-de-la-variante-omicron-pueden-confundirse-con-los-de-una-gripa-o-una-resaca","status":"publish","type":"post","link":"https:\/\/www.sonoraenequipo.com.mx\/los-sintomas-de-la-variante-omicron-pueden-confundirse-con-los-de-una-gripa-o-una-resaca\/","title":{"rendered":"\u00bfLos s\u00edntomas de la variante \u00f3micron pueden confundirse con los de una gripa o una resaca?"},"content":{"rendered":"<p>ESTADOS UNIDOS. \u2014 Cada d\u00eda, la variante \u00f3micron se posiciona como la de mayor relevancia para m\u00e9dicos y cient\u00edficos. Se espera que en pocas semanas se vuelva la variante dominante en Europa y Estados Unidos. A continuaci\u00f3n te decimos cu\u00e1les son sus s\u00edntomas y te explicamos si estos podr\u00edan estos confundirse con los de una resaca o con los de una gripa.<\/p>\n<p>&nbsp;<\/p>\n<p> <\/p>\n<p>&nbsp;<\/p>\n<p>Desde que se anunci\u00f3 el descubrimiento de la variante \u00f3micron, los cient\u00edficos explicaron que esta podr\u00eda ser m\u00e1s contagiosa. Aunque a\u00fan no hay estudios definitivos sobre la gravedad de la infecci\u00f3n producida por \u00f3micron, los especialistas afirman que, en la mayor\u00eda de los casos detectados, los s\u00edntomas suelen ser leves.<\/p>\n<p>&nbsp;<\/p>\n<p>De ah\u00ed que muchos duden si ser\u00eda posible confundir los s\u00edntomas de una infecci\u00f3n producida por \u00f3micron con los de una gripa o una resaca. Seg\u00fan los Centros Para el Control de Enfermedades de Estados Unidos (CDC, por sus siglas en ingl\u00e9s), los s\u00edntomas m\u00e1s comunes de la variante \u00f3micron son los siguientes:<\/p>\n<p><strong>Tos<\/p>\n<p><\/strong><strong>Fatiga<\/strong><\/p>\n<p><strong>Secreci\u00f3n nasal<\/strong><\/p>\n<p>&nbsp;<\/p>\n<p>A estos se pueden agregar dolor de cabeza, dolor de garganta, estornudos y p\u00e9rdida del olfato.<\/p>\n<h3>\u00bfEstos s\u00edntomas podr\u00edan confundirse con los de otro padecimiento?<\/h3>\n<p>&nbsp;<\/p>\n<p>Aunque los m\u00e9dicos admiten que estos s\u00edntomas son semejantes a los de otras enfermedades como la influenza y la gripa, hay algunos signos que pueden servir como diferenciadores \u00fatiles.<\/p>\n<p>&nbsp;<\/p>\n<p>En el caso de una resaca por exceso de alcohol, estos s\u00edntomas deber\u00e1n ceder despu\u00e9s de veinticuatro horas. Si lo s\u00edntomas continuaran o incluso empeoraran, se tratar\u00eda muy probablemente de una infecci\u00f3n.<\/p>\n<p>&nbsp;<\/p>\n<p>La gripa, por su parte, tiene varios s\u00edntomas en com\u00fan con la COVID-19. Sin embargo, las secreciones nasales suelen ser m\u00e1s abundantes en la gripa.<\/p>\n<p>&nbsp;<\/p>\n<p>Otro importante diferenciador es que el coronavirus suele provocar p\u00e9rdida del olfato. Este s\u00edntoma no es distintivo ni de la influenza, ni de la gripa.<\/p>\n<p>&nbsp;<\/p>\n<p>En cualquier caso, si una persona presenta signos de una infecci\u00f3n respiratoria, la recomendaci\u00f3n de los m\u00e9dicos es un\u00e1nime: hay que acudir a un doctor. Solo un experto en salud puede diagnosticar apropiadamente y diferenciar con mayor precisi\u00f3n el simple resfriado de una posible infecci\u00f3n por covid.<\/p>\n<p>&nbsp;<\/p>\n<p>(Publicada el 22\/12\/2021)<\/p>\n","protected":false},"excerpt":{"rendered":"<p>ESTADOS UNIDOS. \u2014 Cada d\u00eda, la variante \u00f3micron se posiciona como la de mayor relevancia&#8230;<\/p>\n","protected":false},"author":1,"featured_media":130194,"comment_status":"open","ping_status":"open","sticky":false,"template":"","format":"standard","meta":{"_monsterinsights_skip_tracking":false,"_monsterinsights_sitenote_active":false,"_monsterinsights_sitenote_note":"","_monsterinsights_sitenote_category":0,"footnotes":""},"categories":[2216],"tags":[],"class_list":["post"],"yoast_head":" \n<title>Sonora en Equipo. \u00bfLos s\u00edntomas de la variante \u00f3micron pueden confundirse con los de una gripa o una resaca? Ciencia y Tecnolog\u00eda<\/title>\n<meta name=\"description\" content=\"ESTADOS UNIDOS. \u2014 Cada d\u00eda, la variante \u00f3micron se posiciona como la de mayor relevancia para m\u00e9dicos y cient\u00edficos. Se espera que en pocas semanas se En Sonora en Equipo publicamos toda la informaci\u00f3n de Sonora, M\u00e9xico y el Mundo de manera oportuna y busca que la libertad de expresi\u00f3n sea real. Visita nuestro medio informativo publicado desde Hermosillo, Sonora. %\" \/>\n<meta name=\"robots\" content=\"index, follow, max-snippet:-1, max-image-preview:large, max-video-preview:-1\" \/>\n<link rel=\"canonical\" href=\"https:\/\/www.sonoraenequipo.com.mx\/los-sintomas-de-la-variante-omicron-pueden-confundirse-con-los-de-una-gripa-o-una-resaca\/\" \/>\n<meta property=\"og:locale\" content=\"es_ES\" \/>\n<meta property=\"og:type\" content=\"article\" \/>\n<meta property=\"og:title\" content=\"Sonora en Equipo. \u00bfLos s\u00edntomas de la variante \u00f3micron pueden confundirse con los de una gripa o una resaca? Ciencia y Tecnolog\u00eda\" \/>\n<meta property=\"og:description\" content=\"ESTADOS UNIDOS. \u2014 Cada d\u00eda, la variante \u00f3micron se posiciona como la de mayor relevancia para m\u00e9dicos y cient\u00edficos. Se espera que en pocas semanas se En Sonora en Equipo publicamos toda la informaci\u00f3n de Sonora, M\u00e9xico y el Mundo de manera oportuna y busca que la libertad de expresi\u00f3n sea real. Visita nuestro medio informativo publicado desde Hermosillo, Sonora. %\" \/>\n<meta property=\"og:url\" content=\"https:\/\/www.sonoraenequipo.com.mx\/los-sintomas-de-la-variante-omicron-pueden-confundirse-con-los-de-una-gripa-o-una-resaca\/\" \/>\n<meta property=\"og:site_name\" content=\"Sonora en Equipo.\" \/>\n<meta property=\"article:publisher\" content=\"https:\/\/www.facebook.com\/SonoraEE\/\" \/>\n<meta property=\"article:author\" content=\"https:\/\/www.facebook.com\/SonoraEE\" \/>\n<meta property=\"article:published_time\" content=\"2021-12-22T23:33:18+00:00\" \/>\n<meta property=\"article:modified_time\" content=\"2021-12-23T03:10:42+00:00\" \/>\n<meta property=\"og:image\" content=\"https:\/\/www.sonoraenequipo.com.mx\/storage\/2021\/12\/fuerte-gripa_opt.jpg\" \/>\n\t<meta property=\"og:image:width\" content=\"700\" \/>\n\t<meta property=\"og:image:height\" content=\"400\" \/>\n\t<meta property=\"og:image:type\" content=\"image\/jpeg\" \/>\n<meta name=\"author\" content=\"enequipo\" \/>\n<meta name=\"twitter:card\" content=\"summary_large_image\" \/>\n<meta name=\"twitter:creator\" content=\"@sonoraenequipo\" \/>\n<meta name=\"twitter:site\" content=\"@sonoraenequipo\" \/>\n<meta name=\"twitter:label1\" content=\"Escrito por\" \/>\n\t<meta name=\"twitter:data1\" content=\"enequipo\" \/>\n\t<meta name=\"twitter:label2\" content=\"Tiempo de lectura\" \/>\n\t<meta name=\"twitter:data2\" content=\"2 minutos\" \/>\n<script type=\"application\/ld+json\" class=\"yoast-schema-graph\">{\"@context\":\"https:\/\/schema.org\",\"@graph\":[{\"@type\":\"Article\",\"@id\":\"https:\/\/www.sonoraenequipo.com.mx\/los-sintomas-de-la-variante-omicron-pueden-confundirse-con-los-de-una-gripa-o-una-resaca\/#article\",\"isPartOf\":{\"@id\":\"https:\/\/www.sonoraenequipo.com.mx\/los-sintomas-de-la-variante-omicron-pueden-confundirse-con-los-de-una-gripa-o-una-resaca\/\"},\"author\":{\"name\":\"enequipo\",\"@id\":\"https:\/\/www.sonoraenequipo.com.mx\/#\/schema\/person\/50102df0fb23a8fa9e8effad8fa81386\"},\"headline\":\"\u00bfLos s\u00edntomas de la variante \u00f3micron pueden confundirse con los de una gripa o una resaca?\",\"datePublished\":\"2021-12-22T23:33:18+00:00\",\"dateModified\":\"2021-12-23T03:10:42+00:00\",\"mainEntityOfPage\":{\"@id\":\"https:\/\/www.sonoraenequipo.com.mx\/los-sintomas-de-la-variante-omicron-pueden-confundirse-con-los-de-una-gripa-o-una-resaca\/\"},\"wordCount\":424,\"commentCount\":0,\"publisher\":{\"@id\":\"https:\/\/www.sonoraenequipo.com.mx\/#organization\"},\"image\":{\"@id\":\"https:\/\/www.sonoraenequipo.com.mx\/los-sintomas-de-la-variante-omicron-pueden-confundirse-con-los-de-una-gripa-o-una-resaca\/#primaryimage\"},\"thumbnailUrl\":\"https:\/\/www.sonoraenequipo.com.mx\/storage\/2021\/12\/fuerte-gripa_opt.jpg\",\"articleSection\":[\"Ciencia y Tecnolog\u00eda\"],\"inLanguage\":\"es\",\"potentialAction\":[{\"@type\":\"CommentAction\",\"name\":\"Comment\",\"target\":[\"https:\/\/www.sonoraenequipo.com.mx\/los-sintomas-de-la-variante-omicron-pueden-confundirse-con-los-de-una-gripa-o-una-resaca\/#respond\"]}]},{\"@type\":\"WebPage\",\"@id\":\"https:\/\/www.sonoraenequipo.com.mx\/los-sintomas-de-la-variante-omicron-pueden-confundirse-con-los-de-una-gripa-o-una-resaca\/\",\"url\":\"https:\/\/www.sonoraenequipo.com.mx\/los-sintomas-de-la-variante-omicron-pueden-confundirse-con-los-de-una-gripa-o-una-resaca\/\",\"name\":\"Sonora en Equipo. \u00bfLos s\u00edntomas de la variante \u00f3micron pueden confundirse con los de una gripa o una resaca? Ciencia y Tecnolog\u00eda\",\"isPartOf\":{\"@id\":\"https:\/\/www.sonoraenequipo.com.mx\/#website\"},\"primaryImageOfPage\":{\"@id\":\"https:\/\/www.sonoraenequipo.com.mx\/los-sintomas-de-la-variante-omicron-pueden-confundirse-con-los-de-una-gripa-o-una-resaca\/#primaryimage\"},\"image\":{\"@id\":\"https:\/\/www.sonoraenequipo.com.mx\/los-sintomas-de-la-variante-omicron-pueden-confundirse-con-los-de-una-gripa-o-una-resaca\/#primaryimage\"},\"thumbnailUrl\":\"https:\/\/www.sonoraenequipo.com.mx\/storage\/2021\/12\/fuerte-gripa_opt.jpg\",\"datePublished\":\"2021-12-22T23:33:18+00:00\",\"dateModified\":\"2021-12-23T03:10:42+00:00\",\"description\":\"ESTADOS UNIDOS. \u2014 Cada d\u00eda, la variante \u00f3micron se posiciona como la de mayor relevancia para m\u00e9dicos y cient\u00edficos. Se espera que en pocas semanas se En Sonora en Equipo publicamos toda la informaci\u00f3n de Sonora, M\u00e9xico y el Mundo de manera oportuna y busca que la libertad de expresi\u00f3n sea real. Visita nuestro medio informativo publicado desde Hermosillo, Sonora. %\",\"breadcrumb\":{\"@id\":\"https:\/\/www.sonoraenequipo.com.mx\/los-sintomas-de-la-variante-omicron-pueden-confundirse-con-los-de-una-gripa-o-una-resaca\/#breadcrumb\"},\"inLanguage\":\"es\",\"potentialAction\":[{\"@type\":\"ReadAction\",\"target\":[\"https:\/\/www.sonoraenequipo.com.mx\/los-sintomas-de-la-variante-omicron-pueden-confundirse-con-los-de-una-gripa-o-una-resaca\/\"]}]},{\"@type\":\"ImageObject\",\"inLanguage\":\"es\",\"@id\":\"https:\/\/www.sonoraenequipo.com.mx\/los-sintomas-de-la-variante-omicron-pueden-confundirse-con-los-de-una-gripa-o-una-resaca\/#primaryimage\",\"url\":\"https:\/\/www.sonoraenequipo.com.mx\/storage\/2021\/12\/fuerte-gripa_opt.jpg\",\"contentUrl\":\"https:\/\/www.sonoraenequipo.com.mx\/storage\/2021\/12\/fuerte-gripa_opt.jpg\",\"width\":700,\"height\":400},{\"@type\":\"BreadcrumbList\",\"@id\":\"https:\/\/www.sonoraenequipo.com.mx\/los-sintomas-de-la-variante-omicron-pueden-confundirse-con-los-de-una-gripa-o-una-resaca\/#breadcrumb\",\"itemListElement\":[{\"@type\":\"ListItem\",\"position\":1,\"name\":\"Portada\",\"item\":\"https:\/\/www.sonoraenequipo.com.mx\/\"},{\"@type\":\"ListItem\",\"position\":2,\"name\":\"\u00bfLos s\u00edntomas de la variante \u00f3micron pueden confundirse con los de una gripa o una resaca?\"}]},{\"@type\":\"WebSite\",\"@id\":\"https:\/\/www.sonoraenequipo.com.mx\/#website\",\"url\":\"https:\/\/www.sonoraenequipo.com.mx\/\",\"name\":\"Sonora en Equipo.\",\"description\":\"Diario en l\u00ednea con Noticias desde Hermosillo, Sonora\",\"publisher\":{\"@id\":\"https:\/\/www.sonoraenequipo.com.mx\/#organization\"},\"potentialAction\":[{\"@type\":\"SearchAction\",\"target\":{\"@type\":\"EntryPoint\",\"urlTemplate\":\"https:\/\/www.sonoraenequipo.com.mx\/?s={search_term_string}\"},\"query-input\":{\"@type\":\"PropertyValueSpecification\",\"valueRequired\":true,\"valueName\":\"search_term_string\"}}],\"inLanguage\":\"es\"},{\"@type\":\"Organization\",\"@id\":\"https:\/\/www.sonoraenequipo.com.mx\/#organization\",\"name\":\"Sonoraenequipo.com.mx\",\"url\":\"https:\/\/www.sonoraenequipo.com.mx\/\",\"logo\":{\"@type\":\"ImageObject\",\"inLanguage\":\"es\",\"@id\":\"https:\/\/www.sonoraenequipo.com.mx\/#\/schema\/logo\/image\/\",\"url\":\"https:\/\/www.sonoraenequipo.com.mx\/storage\/2019\/01\/sonoraenequipo_opt.png\",\"contentUrl\":\"https:\/\/www.sonoraenequipo.com.mx\/storage\/2019\/01\/sonoraenequipo_opt.png\",\"width\":375,\"height\":125,\"caption\":\"Sonoraenequipo.com.mx\"},\"image\":{\"@id\":\"https:\/\/www.sonoraenequipo.com.mx\/#\/schema\/logo\/image\/\"},\"sameAs\":[\"https:\/\/www.facebook.com\/SonoraEE\/\",\"https:\/\/x.com\/sonoraenequipo\",\"https:\/\/www.youtube.com\/channel\/UC338nW-lPEYmJQs4ZABQ1SQ\"]},{\"@type\":\"Person\",\"@id\":\"https:\/\/www.sonoraenequipo.com.mx\/#\/schema\/person\/50102df0fb23a8fa9e8effad8fa81386\",\"name\":\"enequipo\",\"image\":{\"@type\":\"ImageObject\",\"inLanguage\":\"es\",\"@id\":\"https:\/\/www.sonoraenequipo.com.mx\/#\/schema\/person\/image\/\",\"url\":\"https:\/\/secure.gravatar.com\/avatar\/049821681b589dabc0bc20695993ccebb09f5b5d4d790cd9251b97faac7c652b?s=96&d=blank&r=g\",\"contentUrl\":\"https:\/\/secure.gravatar.com\/avatar\/049821681b589dabc0bc20695993ccebb09f5b5d4d790cd9251b97faac7c652b?s=96&d=blank&r=g\",\"caption\":\"enequipo\"},\"sameAs\":[\"https:\/\/www.facebook.com\/SonoraEE\"]}]}<\/script>\n ","yoast_head_json":{"title":"Sonora en Equipo. \u00bfLos s\u00edntomas de la variante \u00f3micron pueden confundirse con los de una gripa o una resaca? Ciencia y Tecnolog\u00eda","description":"ESTADOS UNIDOS. \u2014 Cada d\u00eda, la variante \u00f3micron se posiciona como la de mayor relevancia para m\u00e9dicos y cient\u00edficos. Se espera que en pocas semanas se En Sonora en Equipo publicamos toda la informaci\u00f3n de Sonora, M\u00e9xico y el Mundo de manera oportuna y busca que la libertad de expresi\u00f3n sea real. Visita nuestro medio informativo publicado desde Hermosillo, Sonora. %","robots":{"index":"index","follow":"follow","max-snippet":"max-snippet:-1","max-image-preview":"max-image-preview:large","max-video-preview":"max-video-preview:-1"},"canonical":"https:\/\/www.sonoraenequipo.com.mx\/los-sintomas-de-la-variante-omicron-pueden-confundirse-con-los-de-una-gripa-o-una-resaca\/","og_locale":"es_ES","og_type":"article","og_title":"Sonora en Equipo. \u00bfLos s\u00edntomas de la variante \u00f3micron pueden confundirse con los de una gripa o una resaca? Ciencia y Tecnolog\u00eda","og_description":"ESTADOS UNIDOS. \u2014 Cada d\u00eda, la variante \u00f3micron se posiciona como la de mayor relevancia para m\u00e9dicos y cient\u00edficos. Se espera que en pocas semanas se En Sonora en Equipo publicamos toda la informaci\u00f3n de Sonora, M\u00e9xico y el Mundo de manera oportuna y busca que la libertad de expresi\u00f3n sea real. Visita nuestro medio informativo publicado desde Hermosillo, Sonora. %","og_url":"https:\/\/www.sonoraenequipo.com.mx\/los-sintomas-de-la-variante-omicron-pueden-confundirse-con-los-de-una-gripa-o-una-resaca\/","og_site_name":"Sonora en Equipo.","article_publisher":"https:\/\/www.facebook.com\/SonoraEE\/","article_author":"https:\/\/www.facebook.com\/SonoraEE","article_published_time":"2021-12-22T23:33:18+00:00","article_modified_time":"2021-12-23T03:10:42+00:00","og_image":[{"width":700,"height":400,"url":"https:\/\/www.sonoraenequipo.com.mx\/storage\/2021\/12\/fuerte-gripa_opt.jpg","type":"image\/jpeg"}],"author":"enequipo","twitter_card":"summary_large_image","twitter_creator":"@sonoraenequipo","twitter_site":"@sonoraenequipo","twitter_misc":{"Escrito por":"enequipo","Tiempo de lectura":"2 minutos"},"schema":{"@context":"https:\/\/schema.org","@graph":[{"@type":"Article","@id":"https:\/\/www.sonoraenequipo.com.mx\/los-sintomas-de-la-variante-omicron-pueden-confundirse-con-los-de-una-gripa-o-una-resaca\/#article","isPartOf":{"@id":"https:\/\/www.sonoraenequipo.com.mx\/los-sintomas-de-la-variante-omicron-pueden-confundirse-con-los-de-una-gripa-o-una-resaca\/"},"author":{"name":"enequipo","@id":"https:\/\/www.sonoraenequipo.com.mx\/#\/schema\/person\/50102df0fb23a8fa9e8effad8fa81386"},"headline":"\u00bfLos s\u00edntomas de la variante \u00f3micron pueden confundirse con los de una gripa o una resaca?","datePublished":"2021-12-22T23:33:18+00:00","dateModified":"2021-12-23T03:10:42+00:00","mainEntityOfPage":{"@id":"https:\/\/www.sonoraenequipo.com.mx\/los-sintomas-de-la-variante-omicron-pueden-confundirse-con-los-de-una-gripa-o-una-resaca\/"},"wordCount":424,"commentCount":0,"publisher":{"@id":"https:\/\/www.sonoraenequipo.com.mx\/#organization"},"image":{"@id":"https:\/\/www.sonoraenequipo.com.mx\/los-sintomas-de-la-variante-omicron-pueden-confundirse-con-los-de-una-gripa-o-una-resaca\/#primaryimage"},"thumbnailUrl":"https:\/\/www.sonoraenequipo.com.mx\/storage\/2021\/12\/fuerte-gripa_opt.jpg","articleSection":["Ciencia y Tecnolog\u00eda"],"inLanguage":"es","potentialAction":[{"@type":"CommentAction","name":"Comment","target":["https:\/\/www.sonoraenequipo.com.mx\/los-sintomas-de-la-variante-omicron-pueden-confundirse-con-los-de-una-gripa-o-una-resaca\/#respond"]}]},{"@type":"WebPage","@id":"https:\/\/www.sonoraenequipo.com.mx\/los-sintomas-de-la-variante-omicron-pueden-confundirse-con-los-de-una-gripa-o-una-resaca\/","url":"https:\/\/www.sonoraenequipo.com.mx\/los-sintomas-de-la-variante-omicron-pueden-confundirse-con-los-de-una-gripa-o-una-resaca\/","name":"Sonora en Equipo. \u00bfLos s\u00edntomas de la variante \u00f3micron pueden confundirse con los de una gripa o una resaca? Ciencia y Tecnolog\u00eda","isPartOf":{"@id":"https:\/\/www.sonoraenequipo.com.mx\/#website"},"primaryImageOfPage":{"@id":"https:\/\/www.sonoraenequipo.com.mx\/los-sintomas-de-la-variante-omicron-pueden-confundirse-con-los-de-una-gripa-o-una-resaca\/#primaryimage"},"image":{"@id":"https:\/\/www.sonoraenequipo.com.mx\/los-sintomas-de-la-variante-omicron-pueden-confundirse-con-los-de-una-gripa-o-una-resaca\/#primaryimage"},"thumbnailUrl":"https:\/\/www.sonoraenequipo.com.mx\/storage\/2021\/12\/fuerte-gripa_opt.jpg","datePublished":"2021-12-22T23:33:18+00:00","dateModified":"2021-12-23T03:10:42+00:00","description":"ESTADOS UNIDOS. \u2014 Cada d\u00eda, la variante \u00f3micron se posiciona como la de mayor relevancia para m\u00e9dicos y cient\u00edficos. Se espera que en pocas semanas se En Sonora en Equipo publicamos toda la informaci\u00f3n de Sonora, M\u00e9xico y el Mundo de manera oportuna y busca que la libertad de expresi\u00f3n sea real. Visita nuestro medio informativo publicado desde Hermosillo, Sonora. %","breadcrumb":{"@id":"https:\/\/www.sonoraenequipo.com.mx\/los-sintomas-de-la-variante-omicron-pueden-confundirse-con-los-de-una-gripa-o-una-resaca\/#breadcrumb"},"inLanguage":"es","potentialAction":[{"@type":"ReadAction","target":["https:\/\/www.sonoraenequipo.com.mx\/los-sintomas-de-la-variante-omicron-pueden-confundirse-con-los-de-una-gripa-o-una-resaca\/"]}]},{"@type":"ImageObject","inLanguage":"es","@id":"https:\/\/www.sonoraenequipo.com.mx\/los-sintomas-de-la-variante-omicron-pueden-confundirse-con-los-de-una-gripa-o-una-resaca\/#primaryimage","url":"https:\/\/www.sonoraenequipo.com.mx\/storage\/2021\/12\/fuerte-gripa_opt.jpg","contentUrl":"https:\/\/www.sonoraenequipo.com.mx\/storage\/2021\/12\/fuerte-gripa_opt.jpg","width":700,"height":400},{"@type":"BreadcrumbList","@id":"https:\/\/www.sonoraenequipo.com.mx\/los-sintomas-de-la-variante-omicron-pueden-confundirse-con-los-de-una-gripa-o-una-resaca\/#breadcrumb","itemListElement":[{"@type":"ListItem","position":1,"name":"Portada","item":"https:\/\/www.sonoraenequipo.com.mx\/"},{"@type":"ListItem","position":2,"name":"\u00bfLos s\u00edntomas de la variante \u00f3micron pueden confundirse con los de una gripa o una resaca?"}]},{"@type":"WebSite","@id":"https:\/\/www.sonoraenequipo.com.mx\/#website","url":"https:\/\/www.sonoraenequipo.com.mx\/","name":"Sonora en Equipo.","description":"Diario en l\u00ednea con Noticias desde Hermosillo, Sonora","publisher":{"@id":"https:\/\/www.sonoraenequipo.com.mx\/#organization"},"potentialAction":[{"@type":"SearchAction","target":{"@type":"EntryPoint","urlTemplate":"https:\/\/www.sonoraenequipo.com.mx\/?s={search_term_string}"},"query-input":{"@type":"PropertyValueSpecification","valueRequired":true,"valueName":"search_term_string"}}],"inLanguage":"es"},{"@type":"Organization","@id":"https:\/\/www.sonoraenequipo.com.mx\/#organization","name":"Sonoraenequipo.com.mx","url":"https:\/\/www.sonoraenequipo.com.mx\/","logo":{"@type":"ImageObject","inLanguage":"es","@id":"https:\/\/www.sonoraenequipo.com.mx\/#\/schema\/logo\/image\/","url":"https:\/\/www.sonoraenequipo.com.mx\/storage\/2019\/01\/sonoraenequipo_opt.png","contentUrl":"https:\/\/www.sonoraenequipo.com.mx\/storage\/2019\/01\/sonoraenequipo_opt.png","width":375,"height":125,"caption":"Sonoraenequipo.com.mx"},"image":{"@id":"https:\/\/www.sonoraenequipo.com.mx\/#\/schema\/logo\/image\/"},"sameAs":["https:\/\/www.facebook.com\/SonoraEE\/","https:\/\/x.com\/sonoraenequipo","https:\/\/www.youtube.com\/channel\/UC338nW-lPEYmJQs4ZABQ1SQ"]},{"@type":"Person","@id":"https:\/\/www.sonoraenequipo.com.mx\/#\/schema\/person\/50102df0fb23a8fa9e8effad8fa81386","name":"enequipo","image":{"@type":"ImageObject","inLanguage":"es","@id":"https:\/\/www.sonoraenequipo.com.mx\/#\/schema\/person\/image\/","url":"https:\/\/secure.gravatar.com\/avatar\/049821681b589dabc0bc20695993ccebb09f5b5d4d790cd9251b97faac7c652b?s=96&d=blank&r=g","contentUrl":"https:\/\/secure.gravatar.com\/avatar\/049821681b589dabc0bc20695993ccebb09f5b5d4d790cd9251b97faac7c652b?s=96&d=blank&r=g","caption":"enequipo"},"sameAs":["https:\/\/www.facebook.com\/SonoraEE"]}]}},"jetpack_featured_media_url":"https:\/\/www.sonoraenequipo.com.mx\/storage\/2021\/12\/fuerte-gripa_opt.jpg","_links":{"self":[{"href":"https:\/\/www.sonoraenequipo.com.mx\/api\/wp\/v2\/posts\/130193","targetHints":{"allow":["GET"]}}],"collection":[{"href":"https:\/\/www.sonoraenequipo.com.mx\/api\/wp\/v2\/posts"}],"about":[{"href":"https:\/\/www.sonoraenequipo.com.mx\/api\/wp\/v2\/types\/post"}],"author":[{"embeddable":true,"href":"https:\/\/www.sonoraenequipo.com.mx\/api\/wp\/v2\/users\/1"}],"replies":[{"embeddable":true,"href":"https:\/\/www.sonoraenequipo.com.mx\/api\/wp\/v2\/comments?post=130193"}],"version-history":[{"count":1,"href":"https:\/\/www.sonoraenequipo.com.mx\/api\/wp\/v2\/posts\/130193\/revisions"}],"predecessor-version":[{"id":130195,"href":"https:\/\/www.sonoraenequipo.com.mx\/api\/wp\/v2\/posts\/130193\/revisions\/130195"}],"wp:featuredmedia":[{"embeddable":true,"href":"https:\/\/www.sonoraenequipo.com.mx\/api\/wp\/v2\/media\/130194"}],"wp:attachment":[{"href":"https:\/\/www.sonoraenequipo.com.mx\/api\/wp\/v2\/media?parent=130193"}],"wp:term":[{"taxonomy":"category","embeddable":true,"href":"https:\/\/www.sonoraenequipo.com.mx\/api\/wp\/v2\/categories?post=130193"},{"taxonomy":"post_tag","embeddable":true,"href":"https:\/\/www.sonoraenequipo.com.mx\/api\/wp\/v2\/tags?post=130193"}],"curies":[{"name":"wp","href":"https:\/\/api.w.org\/{rel}","templated":true}]}}