{"id":130209,"date":"2021-12-22T21:19:44","date_gmt":"2021-12-23T04:19:44","guid":{"rendered":"https:\/\/www.sonoraenequipo.com.mx\/?p=130209"},"modified":"2021-12-22T22:07:01","modified_gmt":"2021-12-23T05:07:01","slug":"infectologo-mexicano-advierte-que-hay-que-prepararnos-para-lo-peor","status":"publish","type":"post","link":"https:\/\/www.sonoraenequipo.com.mx\/infectologo-mexicano-advierte-que-hay-que-prepararnos-para-lo-peor\/","title":{"rendered":"Infectologo mexicano advierte que hay que prepararnos para lo peor"},"content":{"rendered":"<p>CIUDAD DE M\u00c9XICO. MX. \u2014 Uno de los personajes que ha estado informando constantemente sobre el covid es el doctor Alejandro Mac\u00edas, comisionado de Salud durante la pandemia de la gripe A-H1N1 en 2009 en M\u00e9xico, quien recientemente ha advertido sobre la variante \u00f3micron e incluso recomend\u00f3 prepararse para lo peor.<\/p>\n<p>&nbsp;<\/p>\n<p> <\/p>\n<p>&nbsp;<\/p>\n<p>El pasado 26 de noviembre al OMS clasific\u00f3 a \u00f3micron como una <em>\u201cvariante preocupante\u201d,<\/em> esto debido a que presenta mutaciones que podr\u00edan afectar las caracter\u00edsticas del virus, por ejemplo, la facilidad de propagarse o la gravedad de s\u00edntomas.<\/p>\n<p>&nbsp;<\/p>\n<p>Teniendo en cuenta que la OMS a\u00fan no ha podido establecer si \u00f3micron es m\u00e1s transmisible o genera un cuadro cl\u00ednico m\u00e1s grave, el tambi\u00e9n infect\u00f3logo Alejandro Mac\u00edas, reconocido como el zar de la influenza pandemia de 2009, asegur\u00f3 en sus redes sociales que espera <em>\u201csea leve\u201d,<\/em> aunque resalt\u00f3 que <em>\u201cla esperanza no es un plan\u201d.<\/em><\/p>\n<p>&nbsp;<\/p>\n<p>Manteniendo un tono de advertencia ante la variante que tiene preocupados a varios pa\u00edses, como Estados Unidos -donde ya representa el 73% de los nuevos contagios-, Mac\u00edas inst\u00f3 a <em>\u201cprepararnos para lo peor, ojal\u00e1 no ocurra\u201d,<\/em> dijo.<\/p>\n<p>&nbsp;<\/p>\n<p>Mac\u00edas tambi\u00e9n pidi\u00f3 que se mantenga el uso de cubrebocas, distancia, ventilaci\u00f3n de lugares y vacunaci\u00f3n, as\u00ed como m\u00e1s pruebas para detecci\u00f3n temprana y que los hospitales y zonas de terapia intensiva est\u00e9n alerta.<\/p>\n<p>&nbsp;<\/p>\n<p>A trav\u00e9s de sus redes, Alejandro Mac\u00edas tambi\u00e9n comparte informaci\u00f3n dada a conocer por estudios o autoridades cient\u00edficas, como lo establecido por el doctor Tom Frieden, exdirector de los CDC de Estados Unidos, quien asegur\u00f3:<\/p>\n<p>&nbsp;<\/p>\n<p><strong><em>\u201cNunca he visto nada como la velocidad de \u00f3micron. Es tan infeccioso como la propagaci\u00f3n del sarampi\u00f3n en una poblaci\u00f3n no inmune, con un tiempo de incubaci\u00f3n mucho m\u00e1s corto y, por lo tanto, un tiempo de duplicaci\u00f3n mucho m\u00e1s r\u00e1pido\u201d.<\/em><\/strong><\/p>\n<p>&nbsp;<\/p>\n<p>Tambi\u00e9n es preciso establecer que no se debe creer en datos sobre \u00f3micron que no hayan sido comprobados, por lo que hasta el momento no se puede aseverar que esta variante solo causa casos leves o que las vacunas o su reforzamiento no sirven para proteger la salud.<\/p>\n<p>&nbsp;<\/p>\n<p>(Publicada el 22\/12\/2021)<\/p>\n","protected":false},"excerpt":{"rendered":"<p>CIUDAD DE M\u00c9XICO. MX. \u2014 Uno de los personajes que ha estado informando constantemente sobre&#8230;<\/p>\n","protected":false},"author":1,"featured_media":130210,"comment_status":"open","ping_status":"open","sticky":false,"template":"","format":"standard","meta":{"_monsterinsights_skip_tracking":false,"_monsterinsights_sitenote_active":false,"_monsterinsights_sitenote_note":"","_monsterinsights_sitenote_category":0,"footnotes":""},"categories":[3],"tags":[],"class_list":["post"],"yoast_head":" \n<title>Sonora en Equipo. Infectologo mexicano advierte que hay que prepararnos para lo peor MUNDO<\/title>\n<meta name=\"description\" content=\"CIUDAD DE M\u00c9XICO. MX. \u2014 Uno de los personajes que ha estado informando constantemente sobre el covid es el doctor Alejandro Mac\u00edas, comisionado de Salud En Sonora en Equipo publicamos toda la informaci\u00f3n de Sonora, M\u00e9xico y el Mundo de manera oportuna y busca que la libertad de expresi\u00f3n sea real. Visita nuestro medio informativo publicado desde Hermosillo, Sonora. %\" \/>\n<meta name=\"robots\" content=\"index, follow, max-snippet:-1, max-image-preview:large, max-video-preview:-1\" \/>\n<link rel=\"canonical\" href=\"https:\/\/www.sonoraenequipo.com.mx\/infectologo-mexicano-advierte-que-hay-que-prepararnos-para-lo-peor\/\" \/>\n<meta property=\"og:locale\" content=\"es_ES\" \/>\n<meta property=\"og:type\" content=\"article\" \/>\n<meta property=\"og:title\" content=\"Sonora en Equipo. Infectologo mexicano advierte que hay que prepararnos para lo peor MUNDO\" \/>\n<meta property=\"og:description\" content=\"CIUDAD DE M\u00c9XICO. MX. \u2014 Uno de los personajes que ha estado informando constantemente sobre el covid es el doctor Alejandro Mac\u00edas, comisionado de Salud En Sonora en Equipo publicamos toda la informaci\u00f3n de Sonora, M\u00e9xico y el Mundo de manera oportuna y busca que la libertad de expresi\u00f3n sea real. Visita nuestro medio informativo publicado desde Hermosillo, Sonora. %\" \/>\n<meta property=\"og:url\" content=\"https:\/\/www.sonoraenequipo.com.mx\/infectologo-mexicano-advierte-que-hay-que-prepararnos-para-lo-peor\/\" \/>\n<meta property=\"og:site_name\" content=\"Sonora en Equipo.\" \/>\n<meta property=\"article:publisher\" content=\"https:\/\/www.facebook.com\/SonoraEE\/\" \/>\n<meta property=\"article:author\" content=\"https:\/\/www.facebook.com\/SonoraEE\" \/>\n<meta property=\"article:published_time\" content=\"2021-12-23T04:19:44+00:00\" \/>\n<meta property=\"article:modified_time\" content=\"2021-12-23T05:07:01+00:00\" \/>\n<meta property=\"og:image\" content=\"https:\/\/www.sonoraenequipo.com.mx\/storage\/2021\/12\/doctor-mexicano-alejandro-macias_opt.jpg\" \/>\n\t<meta property=\"og:image:width\" content=\"711\" \/>\n\t<meta property=\"og:image:height\" content=\"400\" \/>\n\t<meta property=\"og:image:type\" content=\"image\/jpeg\" \/>\n<meta name=\"author\" content=\"enequipo\" \/>\n<meta name=\"twitter:card\" content=\"summary_large_image\" \/>\n<meta name=\"twitter:creator\" content=\"@sonoraenequipo\" \/>\n<meta name=\"twitter:site\" content=\"@sonoraenequipo\" \/>\n<meta name=\"twitter:label1\" content=\"Escrito por\" \/>\n\t<meta name=\"twitter:data1\" content=\"enequipo\" \/>\n\t<meta name=\"twitter:label2\" content=\"Tiempo de lectura\" \/>\n\t<meta name=\"twitter:data2\" content=\"2 minutos\" \/>\n<script type=\"application\/ld+json\" class=\"yoast-schema-graph\">{\"@context\":\"https:\/\/schema.org\",\"@graph\":[{\"@type\":\"Article\",\"@id\":\"https:\/\/www.sonoraenequipo.com.mx\/infectologo-mexicano-advierte-que-hay-que-prepararnos-para-lo-peor\/#article\",\"isPartOf\":{\"@id\":\"https:\/\/www.sonoraenequipo.com.mx\/infectologo-mexicano-advierte-que-hay-que-prepararnos-para-lo-peor\/\"},\"author\":{\"name\":\"enequipo\",\"@id\":\"https:\/\/www.sonoraenequipo.com.mx\/#\/schema\/person\/50102df0fb23a8fa9e8effad8fa81386\"},\"headline\":\"Infectologo mexicano advierte que hay que prepararnos para lo peor\",\"datePublished\":\"2021-12-23T04:19:44+00:00\",\"dateModified\":\"2021-12-23T05:07:01+00:00\",\"mainEntityOfPage\":{\"@id\":\"https:\/\/www.sonoraenequipo.com.mx\/infectologo-mexicano-advierte-que-hay-que-prepararnos-para-lo-peor\/\"},\"wordCount\":393,\"commentCount\":0,\"publisher\":{\"@id\":\"https:\/\/www.sonoraenequipo.com.mx\/#organization\"},\"image\":{\"@id\":\"https:\/\/www.sonoraenequipo.com.mx\/infectologo-mexicano-advierte-que-hay-que-prepararnos-para-lo-peor\/#primaryimage\"},\"thumbnailUrl\":\"https:\/\/www.sonoraenequipo.com.mx\/storage\/2021\/12\/doctor-mexicano-alejandro-macias_opt.jpg\",\"articleSection\":[\"MUNDO\"],\"inLanguage\":\"es\",\"potentialAction\":[{\"@type\":\"CommentAction\",\"name\":\"Comment\",\"target\":[\"https:\/\/www.sonoraenequipo.com.mx\/infectologo-mexicano-advierte-que-hay-que-prepararnos-para-lo-peor\/#respond\"]}]},{\"@type\":\"WebPage\",\"@id\":\"https:\/\/www.sonoraenequipo.com.mx\/infectologo-mexicano-advierte-que-hay-que-prepararnos-para-lo-peor\/\",\"url\":\"https:\/\/www.sonoraenequipo.com.mx\/infectologo-mexicano-advierte-que-hay-que-prepararnos-para-lo-peor\/\",\"name\":\"Sonora en Equipo. Infectologo mexicano advierte que hay que prepararnos para lo peor MUNDO\",\"isPartOf\":{\"@id\":\"https:\/\/www.sonoraenequipo.com.mx\/#website\"},\"primaryImageOfPage\":{\"@id\":\"https:\/\/www.sonoraenequipo.com.mx\/infectologo-mexicano-advierte-que-hay-que-prepararnos-para-lo-peor\/#primaryimage\"},\"image\":{\"@id\":\"https:\/\/www.sonoraenequipo.com.mx\/infectologo-mexicano-advierte-que-hay-que-prepararnos-para-lo-peor\/#primaryimage\"},\"thumbnailUrl\":\"https:\/\/www.sonoraenequipo.com.mx\/storage\/2021\/12\/doctor-mexicano-alejandro-macias_opt.jpg\",\"datePublished\":\"2021-12-23T04:19:44+00:00\",\"dateModified\":\"2021-12-23T05:07:01+00:00\",\"description\":\"CIUDAD DE M\u00c9XICO. MX. \u2014 Uno de los personajes que ha estado informando constantemente sobre el covid es el doctor Alejandro Mac\u00edas, comisionado de Salud En Sonora en Equipo publicamos toda la informaci\u00f3n de Sonora, M\u00e9xico y el Mundo de manera oportuna y busca que la libertad de expresi\u00f3n sea real. Visita nuestro medio informativo publicado desde Hermosillo, Sonora. %\",\"breadcrumb\":{\"@id\":\"https:\/\/www.sonoraenequipo.com.mx\/infectologo-mexicano-advierte-que-hay-que-prepararnos-para-lo-peor\/#breadcrumb\"},\"inLanguage\":\"es\",\"potentialAction\":[{\"@type\":\"ReadAction\",\"target\":[\"https:\/\/www.sonoraenequipo.com.mx\/infectologo-mexicano-advierte-que-hay-que-prepararnos-para-lo-peor\/\"]}]},{\"@type\":\"ImageObject\",\"inLanguage\":\"es\",\"@id\":\"https:\/\/www.sonoraenequipo.com.mx\/infectologo-mexicano-advierte-que-hay-que-prepararnos-para-lo-peor\/#primaryimage\",\"url\":\"https:\/\/www.sonoraenequipo.com.mx\/storage\/2021\/12\/doctor-mexicano-alejandro-macias_opt.jpg\",\"contentUrl\":\"https:\/\/www.sonoraenequipo.com.mx\/storage\/2021\/12\/doctor-mexicano-alejandro-macias_opt.jpg\",\"width\":711,\"height\":400},{\"@type\":\"BreadcrumbList\",\"@id\":\"https:\/\/www.sonoraenequipo.com.mx\/infectologo-mexicano-advierte-que-hay-que-prepararnos-para-lo-peor\/#breadcrumb\",\"itemListElement\":[{\"@type\":\"ListItem\",\"position\":1,\"name\":\"Portada\",\"item\":\"https:\/\/www.sonoraenequipo.com.mx\/\"},{\"@type\":\"ListItem\",\"position\":2,\"name\":\"Infectologo mexicano advierte que hay que prepararnos para lo peor\"}]},{\"@type\":\"WebSite\",\"@id\":\"https:\/\/www.sonoraenequipo.com.mx\/#website\",\"url\":\"https:\/\/www.sonoraenequipo.com.mx\/\",\"name\":\"Sonora en Equipo.\",\"description\":\"Diario en l\u00ednea con Noticias desde Hermosillo, Sonora\",\"publisher\":{\"@id\":\"https:\/\/www.sonoraenequipo.com.mx\/#organization\"},\"potentialAction\":[{\"@type\":\"SearchAction\",\"target\":{\"@type\":\"EntryPoint\",\"urlTemplate\":\"https:\/\/www.sonoraenequipo.com.mx\/?s={search_term_string}\"},\"query-input\":{\"@type\":\"PropertyValueSpecification\",\"valueRequired\":true,\"valueName\":\"search_term_string\"}}],\"inLanguage\":\"es\"},{\"@type\":\"Organization\",\"@id\":\"https:\/\/www.sonoraenequipo.com.mx\/#organization\",\"name\":\"Sonoraenequipo.com.mx\",\"url\":\"https:\/\/www.sonoraenequipo.com.mx\/\",\"logo\":{\"@type\":\"ImageObject\",\"inLanguage\":\"es\",\"@id\":\"https:\/\/www.sonoraenequipo.com.mx\/#\/schema\/logo\/image\/\",\"url\":\"https:\/\/www.sonoraenequipo.com.mx\/storage\/2019\/01\/sonoraenequipo_opt.png\",\"contentUrl\":\"https:\/\/www.sonoraenequipo.com.mx\/storage\/2019\/01\/sonoraenequipo_opt.png\",\"width\":375,\"height\":125,\"caption\":\"Sonoraenequipo.com.mx\"},\"image\":{\"@id\":\"https:\/\/www.sonoraenequipo.com.mx\/#\/schema\/logo\/image\/\"},\"sameAs\":[\"https:\/\/www.facebook.com\/SonoraEE\/\",\"https:\/\/x.com\/sonoraenequipo\",\"https:\/\/www.youtube.com\/channel\/UC338nW-lPEYmJQs4ZABQ1SQ\"]},{\"@type\":\"Person\",\"@id\":\"https:\/\/www.sonoraenequipo.com.mx\/#\/schema\/person\/50102df0fb23a8fa9e8effad8fa81386\",\"name\":\"enequipo\",\"image\":{\"@type\":\"ImageObject\",\"inLanguage\":\"es\",\"@id\":\"https:\/\/www.sonoraenequipo.com.mx\/#\/schema\/person\/image\/\",\"url\":\"https:\/\/secure.gravatar.com\/avatar\/049821681b589dabc0bc20695993ccebb09f5b5d4d790cd9251b97faac7c652b?s=96&d=blank&r=g\",\"contentUrl\":\"https:\/\/secure.gravatar.com\/avatar\/049821681b589dabc0bc20695993ccebb09f5b5d4d790cd9251b97faac7c652b?s=96&d=blank&r=g\",\"caption\":\"enequipo\"},\"sameAs\":[\"https:\/\/www.facebook.com\/SonoraEE\"]}]}<\/script>\n ","yoast_head_json":{"title":"Sonora en Equipo. Infectologo mexicano advierte que hay que prepararnos para lo peor MUNDO","description":"CIUDAD DE M\u00c9XICO. MX. \u2014 Uno de los personajes que ha estado informando constantemente sobre el covid es el doctor Alejandro Mac\u00edas, comisionado de Salud En Sonora en Equipo publicamos toda la informaci\u00f3n de Sonora, M\u00e9xico y el Mundo de manera oportuna y busca que la libertad de expresi\u00f3n sea real. Visita nuestro medio informativo publicado desde Hermosillo, Sonora. %","robots":{"index":"index","follow":"follow","max-snippet":"max-snippet:-1","max-image-preview":"max-image-preview:large","max-video-preview":"max-video-preview:-1"},"canonical":"https:\/\/www.sonoraenequipo.com.mx\/infectologo-mexicano-advierte-que-hay-que-prepararnos-para-lo-peor\/","og_locale":"es_ES","og_type":"article","og_title":"Sonora en Equipo. Infectologo mexicano advierte que hay que prepararnos para lo peor MUNDO","og_description":"CIUDAD DE M\u00c9XICO. MX. \u2014 Uno de los personajes que ha estado informando constantemente sobre el covid es el doctor Alejandro Mac\u00edas, comisionado de Salud En Sonora en Equipo publicamos toda la informaci\u00f3n de Sonora, M\u00e9xico y el Mundo de manera oportuna y busca que la libertad de expresi\u00f3n sea real. Visita nuestro medio informativo publicado desde Hermosillo, Sonora. %","og_url":"https:\/\/www.sonoraenequipo.com.mx\/infectologo-mexicano-advierte-que-hay-que-prepararnos-para-lo-peor\/","og_site_name":"Sonora en Equipo.","article_publisher":"https:\/\/www.facebook.com\/SonoraEE\/","article_author":"https:\/\/www.facebook.com\/SonoraEE","article_published_time":"2021-12-23T04:19:44+00:00","article_modified_time":"2021-12-23T05:07:01+00:00","og_image":[{"width":711,"height":400,"url":"https:\/\/www.sonoraenequipo.com.mx\/storage\/2021\/12\/doctor-mexicano-alejandro-macias_opt.jpg","type":"image\/jpeg"}],"author":"enequipo","twitter_card":"summary_large_image","twitter_creator":"@sonoraenequipo","twitter_site":"@sonoraenequipo","twitter_misc":{"Escrito por":"enequipo","Tiempo de lectura":"2 minutos"},"schema":{"@context":"https:\/\/schema.org","@graph":[{"@type":"Article","@id":"https:\/\/www.sonoraenequipo.com.mx\/infectologo-mexicano-advierte-que-hay-que-prepararnos-para-lo-peor\/#article","isPartOf":{"@id":"https:\/\/www.sonoraenequipo.com.mx\/infectologo-mexicano-advierte-que-hay-que-prepararnos-para-lo-peor\/"},"author":{"name":"enequipo","@id":"https:\/\/www.sonoraenequipo.com.mx\/#\/schema\/person\/50102df0fb23a8fa9e8effad8fa81386"},"headline":"Infectologo mexicano advierte que hay que prepararnos para lo peor","datePublished":"2021-12-23T04:19:44+00:00","dateModified":"2021-12-23T05:07:01+00:00","mainEntityOfPage":{"@id":"https:\/\/www.sonoraenequipo.com.mx\/infectologo-mexicano-advierte-que-hay-que-prepararnos-para-lo-peor\/"},"wordCount":393,"commentCount":0,"publisher":{"@id":"https:\/\/www.sonoraenequipo.com.mx\/#organization"},"image":{"@id":"https:\/\/www.sonoraenequipo.com.mx\/infectologo-mexicano-advierte-que-hay-que-prepararnos-para-lo-peor\/#primaryimage"},"thumbnailUrl":"https:\/\/www.sonoraenequipo.com.mx\/storage\/2021\/12\/doctor-mexicano-alejandro-macias_opt.jpg","articleSection":["MUNDO"],"inLanguage":"es","potentialAction":[{"@type":"CommentAction","name":"Comment","target":["https:\/\/www.sonoraenequipo.com.mx\/infectologo-mexicano-advierte-que-hay-que-prepararnos-para-lo-peor\/#respond"]}]},{"@type":"WebPage","@id":"https:\/\/www.sonoraenequipo.com.mx\/infectologo-mexicano-advierte-que-hay-que-prepararnos-para-lo-peor\/","url":"https:\/\/www.sonoraenequipo.com.mx\/infectologo-mexicano-advierte-que-hay-que-prepararnos-para-lo-peor\/","name":"Sonora en Equipo. Infectologo mexicano advierte que hay que prepararnos para lo peor MUNDO","isPartOf":{"@id":"https:\/\/www.sonoraenequipo.com.mx\/#website"},"primaryImageOfPage":{"@id":"https:\/\/www.sonoraenequipo.com.mx\/infectologo-mexicano-advierte-que-hay-que-prepararnos-para-lo-peor\/#primaryimage"},"image":{"@id":"https:\/\/www.sonoraenequipo.com.mx\/infectologo-mexicano-advierte-que-hay-que-prepararnos-para-lo-peor\/#primaryimage"},"thumbnailUrl":"https:\/\/www.sonoraenequipo.com.mx\/storage\/2021\/12\/doctor-mexicano-alejandro-macias_opt.jpg","datePublished":"2021-12-23T04:19:44+00:00","dateModified":"2021-12-23T05:07:01+00:00","description":"CIUDAD DE M\u00c9XICO. MX. \u2014 Uno de los personajes que ha estado informando constantemente sobre el covid es el doctor Alejandro Mac\u00edas, comisionado de Salud En Sonora en Equipo publicamos toda la informaci\u00f3n de Sonora, M\u00e9xico y el Mundo de manera oportuna y busca que la libertad de expresi\u00f3n sea real. Visita nuestro medio informativo publicado desde Hermosillo, Sonora. %","breadcrumb":{"@id":"https:\/\/www.sonoraenequipo.com.mx\/infectologo-mexicano-advierte-que-hay-que-prepararnos-para-lo-peor\/#breadcrumb"},"inLanguage":"es","potentialAction":[{"@type":"ReadAction","target":["https:\/\/www.sonoraenequipo.com.mx\/infectologo-mexicano-advierte-que-hay-que-prepararnos-para-lo-peor\/"]}]},{"@type":"ImageObject","inLanguage":"es","@id":"https:\/\/www.sonoraenequipo.com.mx\/infectologo-mexicano-advierte-que-hay-que-prepararnos-para-lo-peor\/#primaryimage","url":"https:\/\/www.sonoraenequipo.com.mx\/storage\/2021\/12\/doctor-mexicano-alejandro-macias_opt.jpg","contentUrl":"https:\/\/www.sonoraenequipo.com.mx\/storage\/2021\/12\/doctor-mexicano-alejandro-macias_opt.jpg","width":711,"height":400},{"@type":"BreadcrumbList","@id":"https:\/\/www.sonoraenequipo.com.mx\/infectologo-mexicano-advierte-que-hay-que-prepararnos-para-lo-peor\/#breadcrumb","itemListElement":[{"@type":"ListItem","position":1,"name":"Portada","item":"https:\/\/www.sonoraenequipo.com.mx\/"},{"@type":"ListItem","position":2,"name":"Infectologo mexicano advierte que hay que prepararnos para lo peor"}]},{"@type":"WebSite","@id":"https:\/\/www.sonoraenequipo.com.mx\/#website","url":"https:\/\/www.sonoraenequipo.com.mx\/","name":"Sonora en Equipo.","description":"Diario en l\u00ednea con Noticias desde Hermosillo, Sonora","publisher":{"@id":"https:\/\/www.sonoraenequipo.com.mx\/#organization"},"potentialAction":[{"@type":"SearchAction","target":{"@type":"EntryPoint","urlTemplate":"https:\/\/www.sonoraenequipo.com.mx\/?s={search_term_string}"},"query-input":{"@type":"PropertyValueSpecification","valueRequired":true,"valueName":"search_term_string"}}],"inLanguage":"es"},{"@type":"Organization","@id":"https:\/\/www.sonoraenequipo.com.mx\/#organization","name":"Sonoraenequipo.com.mx","url":"https:\/\/www.sonoraenequipo.com.mx\/","logo":{"@type":"ImageObject","inLanguage":"es","@id":"https:\/\/www.sonoraenequipo.com.mx\/#\/schema\/logo\/image\/","url":"https:\/\/www.sonoraenequipo.com.mx\/storage\/2019\/01\/sonoraenequipo_opt.png","contentUrl":"https:\/\/www.sonoraenequipo.com.mx\/storage\/2019\/01\/sonoraenequipo_opt.png","width":375,"height":125,"caption":"Sonoraenequipo.com.mx"},"image":{"@id":"https:\/\/www.sonoraenequipo.com.mx\/#\/schema\/logo\/image\/"},"sameAs":["https:\/\/www.facebook.com\/SonoraEE\/","https:\/\/x.com\/sonoraenequipo","https:\/\/www.youtube.com\/channel\/UC338nW-lPEYmJQs4ZABQ1SQ"]},{"@type":"Person","@id":"https:\/\/www.sonoraenequipo.com.mx\/#\/schema\/person\/50102df0fb23a8fa9e8effad8fa81386","name":"enequipo","image":{"@type":"ImageObject","inLanguage":"es","@id":"https:\/\/www.sonoraenequipo.com.mx\/#\/schema\/person\/image\/","url":"https:\/\/secure.gravatar.com\/avatar\/049821681b589dabc0bc20695993ccebb09f5b5d4d790cd9251b97faac7c652b?s=96&d=blank&r=g","contentUrl":"https:\/\/secure.gravatar.com\/avatar\/049821681b589dabc0bc20695993ccebb09f5b5d4d790cd9251b97faac7c652b?s=96&d=blank&r=g","caption":"enequipo"},"sameAs":["https:\/\/www.facebook.com\/SonoraEE"]}]}},"jetpack_featured_media_url":"https:\/\/www.sonoraenequipo.com.mx\/storage\/2021\/12\/doctor-mexicano-alejandro-macias_opt.jpg","_links":{"self":[{"href":"https:\/\/www.sonoraenequipo.com.mx\/api\/wp\/v2\/posts\/130209","targetHints":{"allow":["GET"]}}],"collection":[{"href":"https:\/\/www.sonoraenequipo.com.mx\/api\/wp\/v2\/posts"}],"about":[{"href":"https:\/\/www.sonoraenequipo.com.mx\/api\/wp\/v2\/types\/post"}],"author":[{"embeddable":true,"href":"https:\/\/www.sonoraenequipo.com.mx\/api\/wp\/v2\/users\/1"}],"replies":[{"embeddable":true,"href":"https:\/\/www.sonoraenequipo.com.mx\/api\/wp\/v2\/comments?post=130209"}],"version-history":[{"count":1,"href":"https:\/\/www.sonoraenequipo.com.mx\/api\/wp\/v2\/posts\/130209\/revisions"}],"predecessor-version":[{"id":130211,"href":"https:\/\/www.sonoraenequipo.com.mx\/api\/wp\/v2\/posts\/130209\/revisions\/130211"}],"wp:featuredmedia":[{"embeddable":true,"href":"https:\/\/www.sonoraenequipo.com.mx\/api\/wp\/v2\/media\/130210"}],"wp:attachment":[{"href":"https:\/\/www.sonoraenequipo.com.mx\/api\/wp\/v2\/media?parent=130209"}],"wp:term":[{"taxonomy":"category","embeddable":true,"href":"https:\/\/www.sonoraenequipo.com.mx\/api\/wp\/v2\/categories?post=130209"},{"taxonomy":"post_tag","embeddable":true,"href":"https:\/\/www.sonoraenequipo.com.mx\/api\/wp\/v2\/tags?post=130209"}],"curies":[{"name":"wp","href":"https:\/\/api.w.org\/{rel}","templated":true}]}}