{"id":130217,"date":"2021-12-22T21:36:58","date_gmt":"2021-12-23T04:36:58","guid":{"rendered":"https:\/\/www.sonoraenequipo.com.mx\/?p=130217"},"modified":"2021-12-23T12:34:02","modified_gmt":"2021-12-23T19:34:02","slug":"migracion-escalonada-se-da-por-violencia-falta-de-oportunidades-y-condiciones-de-salud-maria-dolores-aragon","status":"publish","type":"post","link":"https:\/\/www.sonoraenequipo.com.mx\/migracion-escalonada-se-da-por-violencia-falta-de-oportunidades-y-condiciones-de-salud-maria-dolores-aragon\/","title":{"rendered":"Migraci\u00f3n escalonada se da por violencia, falta de oportunidades y condiciones de salud: Mar\u00eda Dolores Arag\u00f3n"},"content":{"rendered":"<p>HERMOSILLO, SONORA. MX.\u2014 En los \u00faltimos a\u00f1os, el fen\u00f3meno social llamado migraci\u00f3n ha presentado un comportamiento diferente sobre todo en la regi\u00f3n latinoamericana con el desplazamiento de n\u00facleos familiares de mujeres, ni\u00f1as y ni\u00f1os en b\u00fasqueda de llegar a los Estados Unidos para acceder a mejores oportunidades de vida, asegur\u00f3 Mar\u00eda Dolores Arag\u00f3n Robles Linares.<\/p>\n<p>&nbsp;<\/p>\n<p> <\/p>\n<p>&nbsp;<\/p>\n<p><em>\u201cSe tiene que entender que en el Siglo XXI est\u00e1 ocurriendo un tipo de migraci\u00f3n escalonada en la regi\u00f3n latinoamericana sobre todo de familias, aunque tambi\u00e9n est\u00e1 el tipo de migraci\u00f3n de hombres que buscan apoyar a sus familiares econ\u00f3micamente\u201d,<\/em> dijo la profesora investigadora del Departamento de Ciencias Sociales del campus Nogales de la Universidad de Sonora<\/p>\n<p>&nbsp;<\/p>\n<p>En entrevista motivada por el D\u00eda Internacional del Migrante que se celebra el 18 de diciembre, la acad\u00e9mica universitaria asegur\u00f3 que este fen\u00f3meno se da por dos razones predominantes que son la crisis econ\u00f3mica en el modelo capitalista y la falta de oportunidades en pa\u00edses que no tienen condiciones societarias para desarrollar posibilidades econ\u00f3micas que impacten en los niveles de vida de la poblaci\u00f3n; sin embargo, tambi\u00e9n influye la violencia, falta de buenas condiciones de salud y el crecimiento poblacional.<\/p>\n<p>&nbsp;<\/p>\n<p>En relaci\u00f3n a una cifra oficial de emigrantes que ingresan a M\u00e9xico con el objetivo de llegar a los Estados Unidos coment\u00f3 que se tiene un vac\u00edo en los censos porque son personas en condiciones irregulares que van cruzando el territorio mexicano a trav\u00e9s de caravanas de Centroam\u00e9rica, adem\u00e1s de que se adhieren personas desplazadas de otras regiones del mundo y los propios mexicanos.<\/p>\n<p>&nbsp;<\/p>\n<p>Un registro realizado por Migration Policy Institute denominado Regions of Birth for Immigrants in the United State, revela que hasta el 2018 el pa\u00eds con m\u00e1s personas migrantes hacia la uni\u00f3n americana es M\u00e9xico con el 25%, despu\u00e9s India con el 6%, China y Filipinas con el 5%, mientras que El Salvador, Cuba y Rep\u00fablica Dominicana registran un 3% de personas desplazadas y Guatemala con el 2%.<\/p>\n<p>&nbsp;<\/p>\n<p><em>\u201cDado al bajo porcentaje de personas de Centroam\u00e9rica que llega a los Estados Unidos, se asume que un porcentaje de estos individuos se quedan en distintas partes de M\u00e9xico, no necesariamente en Sonora, sino en diferentes ciudades, porque su destino final que era cruzar se vio truncado\u201d<\/em>, sostuvo.<\/p>\n<p>&nbsp;<\/p>\n<p>La coordinadora del programa de Licenciatura en Comunicaci\u00f3n Organizacional del Campus Nogales de la Unidad Regional Norte afirm\u00f3 que la migraci\u00f3n es un problema multidimensional y trasnacional que rebasa la capacidad de M\u00e9xico, pero a\u00fan as\u00ed implementa programas sociales para reducir la problem\u00e1tica con gran responsabilidad; en este sentido se deben de hacer acuerdos trasnacionales con el objetivo de mitigar los efectos que desencadena la migraci\u00f3n.<\/p>\n<p>&nbsp;<\/p>\n<p>Abund\u00f3 que las condiciones de vulnerabilidad de quienes participan durante la movilizaci\u00f3n migratoria son propensas a discriminaci\u00f3n y v\u00edctimas del crimen organizado, de las redes de trata de personas y de las condiciones sociales de rezago. \u201cNecesitan cuidados y protecci\u00f3n, pero no estamos preparados para recibir distintas culturas y grupos societarios\u201d, consider\u00f3.<\/p>\n<p>&nbsp;<\/p>\n<p>Las alternativas o soluciones para este problema social dependen de los modelos econ\u00f3micos y pol\u00edticos de cada pa\u00eds, as\u00ed como de acuerdos trasnacionales y apoyos internacionales; tambi\u00e9n se deben de seguir realmente planes econ\u00f3micos colaborativos para apoyar regiones latinoamericanas y hacer pol\u00edticas m\u00e1s integrales para que en sus lugares de origen puedan generar condiciones favorables para un desarrollo \u00f3ptimo, dijo.<\/p>\n<p>&nbsp;<\/p>\n<p>Arag\u00f3n Robles Linares puntualiz\u00f3 que desde la academia se deben crear programas de inclusi\u00f3n para los estudiantes de retorno o de doble retorno, pues en la Universidad de Sonora, en el campus Nogales, se han identificado estudiantes que necesitan apoyos porque son de caracterizados como migrantes.<\/p>\n<p>&nbsp;<\/p>\n<p>Tambi\u00e9n, generar condiciones para que los estudiantes que vuelvan puedan integrase al sistema educativo y a la interacci\u00f3n de la vida productiva del lugar; impulsar el talento de los alumnos de doble retorno, promover y reforzar las medidas remediales para que lo aprendido en los Estados Unidos pueda ser utilizado en M\u00e9xico. Es una tarea pendiente que tienen ambos gobiernos, asever\u00f3.<\/p>\n<p>&nbsp;<\/p>\n<p><em>\u201cSe est\u00e1 conformando un proyecto acad\u00e9mico que, enfocado a la ni\u00f1ez migrante, se tiene detectado que hay un fen\u00f3meno de migraci\u00f3n muy asociado a las familias y es poblaci\u00f3n muy vulnerable. Se deben de identificar cu\u00e1les son las condiciones con las que migran y porqu\u00e9 retorna; se deben de generar pol\u00edticas p\u00fablicas m\u00e1s robustas del lado mexicano para coadyuvar, proteger y ver las necesidades de los ni\u00f1os y ni\u00f1as en el contexto bicultural y no caer en pr\u00e1cticas de discriminaci\u00f3n\u201d<\/em>, concluy\u00f3.<\/p>\n<h3>Migrantes en Sonora<\/h3>\n<p>De acuerdo con estad\u00edsticas del Instituto Nacional de Estad\u00edstica y Geograf\u00eda (Inegi) entre los a\u00f1os 2015 y 2020, llegaron a vivir 75,302 personas a Sonora, procedentes del resto de las entidades del pa\u00eds y un alto porcentaje de ellos tienen el deseo de llegar a los Estados Unidos en la b\u00fasqueda de mejores condiciones de vida para ellos y sus familias directas.<\/p>\n<p>&nbsp;<\/p>\n<p>Factores como la pobreza, desempleo, inseguridad y la falta de oportunidades en sus lugares de origen han provocado que migrantes nacionales hayan hecho de Sonora su hogar temporal y vivir en situaci\u00f3n de calle a las orillas de las villas del tren, medio de transporte que en un futuro utilizar\u00e1n para llegar a la frontera entre M\u00e9xico y Estados Unidos.<\/p>\n<p>&nbsp;<\/p>\n<p>\u00c1ngel Guzm\u00e1n Serrano, originario del estado de Nayarit hace a\u00f1os arrib\u00f3 a tierra sonorense para buscar un mejor futuro para su familia que radica en el poblado del Centenario, en el municipio de Acaponeta, pero por diversas circunstancias no ha logrado llegar a Nogales y cumplir su sue\u00f1o americano.<\/p>\n<p>&nbsp;<\/p>\n<p>Coment\u00f3 que desde muy joven sali\u00f3 de su pueblo en b\u00fasqueda de mejores oportunidades de trabajo, raz\u00f3n que lo llev\u00f3 a trasladarse a Tijuana, pero las drogas y el alcohol fueron sus peores enemigos hasta llevarlo a situaci\u00f3n de calle.<\/p>\n<p>&nbsp;<\/p>\n<p>Por el momento no tiene planes de continuar m\u00e1s al norte, y prefiere seguir viviendo debajo de un \u00e1rbol, donde un colch\u00f3n viejo le sirve como cama y una peque\u00f1a cobija le ayuda mitigar un poco las inclemencias de las bajas temperaturas que se registran durante la madrugada.<\/p>\n<p>&nbsp;<\/p>\n<p>Otra historia similar es la que vive Ra\u00fal S\u00e1nchez L\u00f3pez, procedente del estado de Sinaloa quien tuvo que dejar su hogar para buscar mejores condiciones laborales, ayudar econ\u00f3micamente a sus padres y ofrecer mejor educaci\u00f3n a sus dos hijos.<\/p>\n<p>&nbsp;<\/p>\n<p>Se\u00f1al\u00f3 que la pobreza y la falta de fuentes de trabajo lo oblig\u00f3 a convertirse en un migrante que ha luchado para poder llegar a Nogales, punto de encuentro para cruzar la l\u00ednea fronteriza de forma ilegal. <em>\u201cEn estos d\u00edas quiero subirme al tren para irme a la frontera, voy para tener una vida mejor; buscar oportunidades que M\u00e9xico no me pudo dar\u201d<\/em>, asegur\u00f3.<\/p>\n<p>&nbsp;<\/p>\n<p>Por su parte, Jos\u00e9 Carlos Camacho M\u00e1rquez, de Huatabampo, Sonora, lleg\u00f3 a la ciudad del sol en b\u00fasqueda de trabajo pues donde viv\u00eda la pesca era una de las pocas opciones para solventar las necesidades econ\u00f3micas de su familia, pero no contaba con el equipo necesario y dificultaba a\u00fan m\u00e1s su situaci\u00f3n financiera.<\/p>\n<p>&nbsp;<\/p>\n<p>Al llegar a Hermosillo, casi un a\u00f1o, aproximadamente, tuvo un accidente al momento de bajar del tren en movimiento y qued\u00f3 discapacitado.<em> \u201cLa situaci\u00f3n ha sido dif\u00edcil porque no tengo ni para comer, a veces con ayuda de mis compa\u00f1eros voy a un albergue para solicitar alimentos\u201d,<\/em> cont\u00f3.<\/p>\n<p>&nbsp;<\/p>\n<p>Sostuvo que la carencia lo obligaron a convertirse en un migrante dentro de su propia tierra, y a pesar de las dificultades en que vive no tiene planes de regresar a su pueblo.<\/p>\n<p>&nbsp;<\/p>\n<p>Para el chiapaneco Gerardo P\u00e9rez Gonz\u00e1lez, de oficio jornalero, trabajar en la siembra de calabaza, manzana y uva es su forma de ganarse la vida; en entrevista, dijo que hace alrededor de 20 a\u00f1os intent\u00f3 cruzar de forma ilegal a los Estados Unidos, pero fue capturado por agentes de migraci\u00f3n en dos ocasiones y ya no lo quiso intentar.<\/p>\n<p>&nbsp;<\/p>\n<p>Se\u00f1al\u00f3 que vivir en las periferias de la sociedad es muy dif\u00edcil porque el calor y fr\u00edo son extremos en Hermosillo y en ocasiones ser migrante limita la posibilidad de aspirar a un trabajo formal.<\/p>\n<p>&nbsp;<\/p>\n<p><em>\u201cEstoy en espera de temporadas de siembra para trasladarme a los campos agr\u00edcolas, la paga es de 250 pesos diarios por 8 horas. Tengo un hijo en Chiapas y mis planes son trabajar para juntar dinero y regresarme a mi lugar de origen\u201d,<\/em> reiter\u00f3.<\/p>\n<p>&nbsp;<\/p>\n<p>(Publicada el 22\/12\/2021)<\/p>\n","protected":false},"excerpt":{"rendered":"<p>HERMOSILLO, SONORA. MX.\u2014 En los \u00faltimos a\u00f1os, el fen\u00f3meno social llamado migraci\u00f3n ha presentado un&#8230;<\/p>\n","protected":false},"author":1,"featured_media":130218,"comment_status":"open","ping_status":"open","sticky":false,"template":"","format":"standard","meta":{"_monsterinsights_skip_tracking":false,"_monsterinsights_sitenote_active":false,"_monsterinsights_sitenote_note":"","_monsterinsights_sitenote_category":0,"footnotes":""},"categories":[5],"tags":[],"class_list":["post"],"yoast_head":" \n<title>Sonora en Equipo. Migraci\u00f3n escalonada se da por violencia, falta de oportunidades y condiciones de salud: Mar\u00eda Dolores Arag\u00f3n Rep\u00fablica<\/title>\n<meta name=\"description\" content=\"HERMOSILLO, SONORA. MX.\u2014 En los \u00faltimos a\u00f1os, el fen\u00f3meno social llamado migraci\u00f3n ha presentado un comportamiento diferente sobre todo en la regi\u00f3n En Sonora en Equipo publicamos toda la informaci\u00f3n de Sonora, M\u00e9xico y el Mundo de manera oportuna y busca que la libertad de expresi\u00f3n sea real. Visita nuestro medio informativo publicado desde Hermosillo, Sonora. %\" \/>\n<meta name=\"robots\" content=\"index, follow, max-snippet:-1, max-image-preview:large, max-video-preview:-1\" \/>\n<link rel=\"canonical\" href=\"https:\/\/www.sonoraenequipo.com.mx\/migracion-escalonada-se-da-por-violencia-falta-de-oportunidades-y-condiciones-de-salud-maria-dolores-aragon\/\" \/>\n<meta property=\"og:locale\" content=\"es_ES\" \/>\n<meta property=\"og:type\" content=\"article\" \/>\n<meta property=\"og:title\" content=\"Sonora en Equipo. Migraci\u00f3n escalonada se da por violencia, falta de oportunidades y condiciones de salud: Mar\u00eda Dolores Arag\u00f3n Rep\u00fablica\" \/>\n<meta property=\"og:description\" content=\"HERMOSILLO, SONORA. MX.\u2014 En los \u00faltimos a\u00f1os, el fen\u00f3meno social llamado migraci\u00f3n ha presentado un comportamiento diferente sobre todo en la regi\u00f3n En Sonora en Equipo publicamos toda la informaci\u00f3n de Sonora, M\u00e9xico y el Mundo de manera oportuna y busca que la libertad de expresi\u00f3n sea real. Visita nuestro medio informativo publicado desde Hermosillo, Sonora. %\" \/>\n<meta property=\"og:url\" content=\"https:\/\/www.sonoraenequipo.com.mx\/migracion-escalonada-se-da-por-violencia-falta-de-oportunidades-y-condiciones-de-salud-maria-dolores-aragon\/\" \/>\n<meta property=\"og:site_name\" content=\"Sonora en Equipo.\" \/>\n<meta property=\"article:publisher\" content=\"https:\/\/www.facebook.com\/SonoraEE\/\" \/>\n<meta property=\"article:author\" content=\"https:\/\/www.facebook.com\/SonoraEE\" \/>\n<meta property=\"article:published_time\" content=\"2021-12-23T04:36:58+00:00\" \/>\n<meta property=\"article:modified_time\" content=\"2021-12-23T19:34:02+00:00\" \/>\n<meta property=\"og:image\" content=\"https:\/\/www.sonoraenequipo.com.mx\/storage\/2021\/12\/Migracion-escalonada_opt.jpg\" \/>\n\t<meta property=\"og:image:width\" content=\"700\" \/>\n\t<meta property=\"og:image:height\" content=\"400\" \/>\n\t<meta property=\"og:image:type\" content=\"image\/jpeg\" \/>\n<meta name=\"author\" content=\"enequipo\" \/>\n<meta name=\"twitter:card\" content=\"summary_large_image\" \/>\n<meta name=\"twitter:creator\" content=\"@sonoraenequipo\" \/>\n<meta name=\"twitter:site\" content=\"@sonoraenequipo\" \/>\n<meta name=\"twitter:label1\" content=\"Escrito por\" \/>\n\t<meta name=\"twitter:data1\" content=\"enequipo\" \/>\n\t<meta name=\"twitter:label2\" content=\"Tiempo de lectura\" \/>\n\t<meta name=\"twitter:data2\" content=\"7 minutos\" \/>\n<script type=\"application\/ld+json\" class=\"yoast-schema-graph\">{\"@context\":\"https:\/\/schema.org\",\"@graph\":[{\"@type\":\"Article\",\"@id\":\"https:\/\/www.sonoraenequipo.com.mx\/migracion-escalonada-se-da-por-violencia-falta-de-oportunidades-y-condiciones-de-salud-maria-dolores-aragon\/#article\",\"isPartOf\":{\"@id\":\"https:\/\/www.sonoraenequipo.com.mx\/migracion-escalonada-se-da-por-violencia-falta-de-oportunidades-y-condiciones-de-salud-maria-dolores-aragon\/\"},\"author\":{\"name\":\"enequipo\",\"@id\":\"https:\/\/www.sonoraenequipo.com.mx\/#\/schema\/person\/50102df0fb23a8fa9e8effad8fa81386\"},\"headline\":\"Migraci\u00f3n escalonada se da por violencia, falta de oportunidades y condiciones de salud: Mar\u00eda Dolores Arag\u00f3n\",\"datePublished\":\"2021-12-23T04:36:58+00:00\",\"dateModified\":\"2021-12-23T19:34:02+00:00\",\"mainEntityOfPage\":{\"@id\":\"https:\/\/www.sonoraenequipo.com.mx\/migracion-escalonada-se-da-por-violencia-falta-de-oportunidades-y-condiciones-de-salud-maria-dolores-aragon\/\"},\"wordCount\":1525,\"commentCount\":0,\"publisher\":{\"@id\":\"https:\/\/www.sonoraenequipo.com.mx\/#organization\"},\"image\":{\"@id\":\"https:\/\/www.sonoraenequipo.com.mx\/migracion-escalonada-se-da-por-violencia-falta-de-oportunidades-y-condiciones-de-salud-maria-dolores-aragon\/#primaryimage\"},\"thumbnailUrl\":\"https:\/\/www.sonoraenequipo.com.mx\/storage\/2021\/12\/Migracion-escalonada_opt.jpg\",\"articleSection\":[\"Rep\u00fablica\"],\"inLanguage\":\"es\",\"potentialAction\":[{\"@type\":\"CommentAction\",\"name\":\"Comment\",\"target\":[\"https:\/\/www.sonoraenequipo.com.mx\/migracion-escalonada-se-da-por-violencia-falta-de-oportunidades-y-condiciones-de-salud-maria-dolores-aragon\/#respond\"]}]},{\"@type\":\"WebPage\",\"@id\":\"https:\/\/www.sonoraenequipo.com.mx\/migracion-escalonada-se-da-por-violencia-falta-de-oportunidades-y-condiciones-de-salud-maria-dolores-aragon\/\",\"url\":\"https:\/\/www.sonoraenequipo.com.mx\/migracion-escalonada-se-da-por-violencia-falta-de-oportunidades-y-condiciones-de-salud-maria-dolores-aragon\/\",\"name\":\"Sonora en Equipo. Migraci\u00f3n escalonada se da por violencia, falta de oportunidades y condiciones de salud: Mar\u00eda Dolores Arag\u00f3n Rep\u00fablica\",\"isPartOf\":{\"@id\":\"https:\/\/www.sonoraenequipo.com.mx\/#website\"},\"primaryImageOfPage\":{\"@id\":\"https:\/\/www.sonoraenequipo.com.mx\/migracion-escalonada-se-da-por-violencia-falta-de-oportunidades-y-condiciones-de-salud-maria-dolores-aragon\/#primaryimage\"},\"image\":{\"@id\":\"https:\/\/www.sonoraenequipo.com.mx\/migracion-escalonada-se-da-por-violencia-falta-de-oportunidades-y-condiciones-de-salud-maria-dolores-aragon\/#primaryimage\"},\"thumbnailUrl\":\"https:\/\/www.sonoraenequipo.com.mx\/storage\/2021\/12\/Migracion-escalonada_opt.jpg\",\"datePublished\":\"2021-12-23T04:36:58+00:00\",\"dateModified\":\"2021-12-23T19:34:02+00:00\",\"description\":\"HERMOSILLO, SONORA. MX.\u2014 En los \u00faltimos a\u00f1os, el fen\u00f3meno social llamado migraci\u00f3n ha presentado un comportamiento diferente sobre todo en la regi\u00f3n En Sonora en Equipo publicamos toda la informaci\u00f3n de Sonora, M\u00e9xico y el Mundo de manera oportuna y busca que la libertad de expresi\u00f3n sea real. Visita nuestro medio informativo publicado desde Hermosillo, Sonora. %\",\"breadcrumb\":{\"@id\":\"https:\/\/www.sonoraenequipo.com.mx\/migracion-escalonada-se-da-por-violencia-falta-de-oportunidades-y-condiciones-de-salud-maria-dolores-aragon\/#breadcrumb\"},\"inLanguage\":\"es\",\"potentialAction\":[{\"@type\":\"ReadAction\",\"target\":[\"https:\/\/www.sonoraenequipo.com.mx\/migracion-escalonada-se-da-por-violencia-falta-de-oportunidades-y-condiciones-de-salud-maria-dolores-aragon\/\"]}]},{\"@type\":\"ImageObject\",\"inLanguage\":\"es\",\"@id\":\"https:\/\/www.sonoraenequipo.com.mx\/migracion-escalonada-se-da-por-violencia-falta-de-oportunidades-y-condiciones-de-salud-maria-dolores-aragon\/#primaryimage\",\"url\":\"https:\/\/www.sonoraenequipo.com.mx\/storage\/2021\/12\/Migracion-escalonada_opt.jpg\",\"contentUrl\":\"https:\/\/www.sonoraenequipo.com.mx\/storage\/2021\/12\/Migracion-escalonada_opt.jpg\",\"width\":700,\"height\":400},{\"@type\":\"BreadcrumbList\",\"@id\":\"https:\/\/www.sonoraenequipo.com.mx\/migracion-escalonada-se-da-por-violencia-falta-de-oportunidades-y-condiciones-de-salud-maria-dolores-aragon\/#breadcrumb\",\"itemListElement\":[{\"@type\":\"ListItem\",\"position\":1,\"name\":\"Portada\",\"item\":\"https:\/\/www.sonoraenequipo.com.mx\/\"},{\"@type\":\"ListItem\",\"position\":2,\"name\":\"Migraci\u00f3n escalonada se da por violencia, falta de oportunidades y condiciones de salud: Mar\u00eda Dolores Arag\u00f3n\"}]},{\"@type\":\"WebSite\",\"@id\":\"https:\/\/www.sonoraenequipo.com.mx\/#website\",\"url\":\"https:\/\/www.sonoraenequipo.com.mx\/\",\"name\":\"Sonora en Equipo.\",\"description\":\"Diario en l\u00ednea con Noticias desde Hermosillo, Sonora\",\"publisher\":{\"@id\":\"https:\/\/www.sonoraenequipo.com.mx\/#organization\"},\"potentialAction\":[{\"@type\":\"SearchAction\",\"target\":{\"@type\":\"EntryPoint\",\"urlTemplate\":\"https:\/\/www.sonoraenequipo.com.mx\/?s={search_term_string}\"},\"query-input\":{\"@type\":\"PropertyValueSpecification\",\"valueRequired\":true,\"valueName\":\"search_term_string\"}}],\"inLanguage\":\"es\"},{\"@type\":\"Organization\",\"@id\":\"https:\/\/www.sonoraenequipo.com.mx\/#organization\",\"name\":\"Sonoraenequipo.com.mx\",\"url\":\"https:\/\/www.sonoraenequipo.com.mx\/\",\"logo\":{\"@type\":\"ImageObject\",\"inLanguage\":\"es\",\"@id\":\"https:\/\/www.sonoraenequipo.com.mx\/#\/schema\/logo\/image\/\",\"url\":\"https:\/\/www.sonoraenequipo.com.mx\/storage\/2019\/01\/sonoraenequipo_opt.png\",\"contentUrl\":\"https:\/\/www.sonoraenequipo.com.mx\/storage\/2019\/01\/sonoraenequipo_opt.png\",\"width\":375,\"height\":125,\"caption\":\"Sonoraenequipo.com.mx\"},\"image\":{\"@id\":\"https:\/\/www.sonoraenequipo.com.mx\/#\/schema\/logo\/image\/\"},\"sameAs\":[\"https:\/\/www.facebook.com\/SonoraEE\/\",\"https:\/\/x.com\/sonoraenequipo\",\"https:\/\/www.youtube.com\/channel\/UC338nW-lPEYmJQs4ZABQ1SQ\"]},{\"@type\":\"Person\",\"@id\":\"https:\/\/www.sonoraenequipo.com.mx\/#\/schema\/person\/50102df0fb23a8fa9e8effad8fa81386\",\"name\":\"enequipo\",\"image\":{\"@type\":\"ImageObject\",\"inLanguage\":\"es\",\"@id\":\"https:\/\/www.sonoraenequipo.com.mx\/#\/schema\/person\/image\/\",\"url\":\"https:\/\/secure.gravatar.com\/avatar\/049821681b589dabc0bc20695993ccebb09f5b5d4d790cd9251b97faac7c652b?s=96&d=blank&r=g\",\"contentUrl\":\"https:\/\/secure.gravatar.com\/avatar\/049821681b589dabc0bc20695993ccebb09f5b5d4d790cd9251b97faac7c652b?s=96&d=blank&r=g\",\"caption\":\"enequipo\"},\"sameAs\":[\"https:\/\/www.facebook.com\/SonoraEE\"]}]}<\/script>\n ","yoast_head_json":{"title":"Sonora en Equipo. Migraci\u00f3n escalonada se da por violencia, falta de oportunidades y condiciones de salud: Mar\u00eda Dolores Arag\u00f3n Rep\u00fablica","description":"HERMOSILLO, SONORA. MX.\u2014 En los \u00faltimos a\u00f1os, el fen\u00f3meno social llamado migraci\u00f3n ha presentado un comportamiento diferente sobre todo en la regi\u00f3n En Sonora en Equipo publicamos toda la informaci\u00f3n de Sonora, M\u00e9xico y el Mundo de manera oportuna y busca que la libertad de expresi\u00f3n sea real. Visita nuestro medio informativo publicado desde Hermosillo, Sonora. %","robots":{"index":"index","follow":"follow","max-snippet":"max-snippet:-1","max-image-preview":"max-image-preview:large","max-video-preview":"max-video-preview:-1"},"canonical":"https:\/\/www.sonoraenequipo.com.mx\/migracion-escalonada-se-da-por-violencia-falta-de-oportunidades-y-condiciones-de-salud-maria-dolores-aragon\/","og_locale":"es_ES","og_type":"article","og_title":"Sonora en Equipo. Migraci\u00f3n escalonada se da por violencia, falta de oportunidades y condiciones de salud: Mar\u00eda Dolores Arag\u00f3n Rep\u00fablica","og_description":"HERMOSILLO, SONORA. MX.\u2014 En los \u00faltimos a\u00f1os, el fen\u00f3meno social llamado migraci\u00f3n ha presentado un comportamiento diferente sobre todo en la regi\u00f3n En Sonora en Equipo publicamos toda la informaci\u00f3n de Sonora, M\u00e9xico y el Mundo de manera oportuna y busca que la libertad de expresi\u00f3n sea real. Visita nuestro medio informativo publicado desde Hermosillo, Sonora. %","og_url":"https:\/\/www.sonoraenequipo.com.mx\/migracion-escalonada-se-da-por-violencia-falta-de-oportunidades-y-condiciones-de-salud-maria-dolores-aragon\/","og_site_name":"Sonora en Equipo.","article_publisher":"https:\/\/www.facebook.com\/SonoraEE\/","article_author":"https:\/\/www.facebook.com\/SonoraEE","article_published_time":"2021-12-23T04:36:58+00:00","article_modified_time":"2021-12-23T19:34:02+00:00","og_image":[{"width":700,"height":400,"url":"https:\/\/www.sonoraenequipo.com.mx\/storage\/2021\/12\/Migracion-escalonada_opt.jpg","type":"image\/jpeg"}],"author":"enequipo","twitter_card":"summary_large_image","twitter_creator":"@sonoraenequipo","twitter_site":"@sonoraenequipo","twitter_misc":{"Escrito por":"enequipo","Tiempo de lectura":"7 minutos"},"schema":{"@context":"https:\/\/schema.org","@graph":[{"@type":"Article","@id":"https:\/\/www.sonoraenequipo.com.mx\/migracion-escalonada-se-da-por-violencia-falta-de-oportunidades-y-condiciones-de-salud-maria-dolores-aragon\/#article","isPartOf":{"@id":"https:\/\/www.sonoraenequipo.com.mx\/migracion-escalonada-se-da-por-violencia-falta-de-oportunidades-y-condiciones-de-salud-maria-dolores-aragon\/"},"author":{"name":"enequipo","@id":"https:\/\/www.sonoraenequipo.com.mx\/#\/schema\/person\/50102df0fb23a8fa9e8effad8fa81386"},"headline":"Migraci\u00f3n escalonada se da por violencia, falta de oportunidades y condiciones de salud: Mar\u00eda Dolores Arag\u00f3n","datePublished":"2021-12-23T04:36:58+00:00","dateModified":"2021-12-23T19:34:02+00:00","mainEntityOfPage":{"@id":"https:\/\/www.sonoraenequipo.com.mx\/migracion-escalonada-se-da-por-violencia-falta-de-oportunidades-y-condiciones-de-salud-maria-dolores-aragon\/"},"wordCount":1525,"commentCount":0,"publisher":{"@id":"https:\/\/www.sonoraenequipo.com.mx\/#organization"},"image":{"@id":"https:\/\/www.sonoraenequipo.com.mx\/migracion-escalonada-se-da-por-violencia-falta-de-oportunidades-y-condiciones-de-salud-maria-dolores-aragon\/#primaryimage"},"thumbnailUrl":"https:\/\/www.sonoraenequipo.com.mx\/storage\/2021\/12\/Migracion-escalonada_opt.jpg","articleSection":["Rep\u00fablica"],"inLanguage":"es","potentialAction":[{"@type":"CommentAction","name":"Comment","target":["https:\/\/www.sonoraenequipo.com.mx\/migracion-escalonada-se-da-por-violencia-falta-de-oportunidades-y-condiciones-de-salud-maria-dolores-aragon\/#respond"]}]},{"@type":"WebPage","@id":"https:\/\/www.sonoraenequipo.com.mx\/migracion-escalonada-se-da-por-violencia-falta-de-oportunidades-y-condiciones-de-salud-maria-dolores-aragon\/","url":"https:\/\/www.sonoraenequipo.com.mx\/migracion-escalonada-se-da-por-violencia-falta-de-oportunidades-y-condiciones-de-salud-maria-dolores-aragon\/","name":"Sonora en Equipo. Migraci\u00f3n escalonada se da por violencia, falta de oportunidades y condiciones de salud: Mar\u00eda Dolores Arag\u00f3n Rep\u00fablica","isPartOf":{"@id":"https:\/\/www.sonoraenequipo.com.mx\/#website"},"primaryImageOfPage":{"@id":"https:\/\/www.sonoraenequipo.com.mx\/migracion-escalonada-se-da-por-violencia-falta-de-oportunidades-y-condiciones-de-salud-maria-dolores-aragon\/#primaryimage"},"image":{"@id":"https:\/\/www.sonoraenequipo.com.mx\/migracion-escalonada-se-da-por-violencia-falta-de-oportunidades-y-condiciones-de-salud-maria-dolores-aragon\/#primaryimage"},"thumbnailUrl":"https:\/\/www.sonoraenequipo.com.mx\/storage\/2021\/12\/Migracion-escalonada_opt.jpg","datePublished":"2021-12-23T04:36:58+00:00","dateModified":"2021-12-23T19:34:02+00:00","description":"HERMOSILLO, SONORA. MX.\u2014 En los \u00faltimos a\u00f1os, el fen\u00f3meno social llamado migraci\u00f3n ha presentado un comportamiento diferente sobre todo en la regi\u00f3n En Sonora en Equipo publicamos toda la informaci\u00f3n de Sonora, M\u00e9xico y el Mundo de manera oportuna y busca que la libertad de expresi\u00f3n sea real. Visita nuestro medio informativo publicado desde Hermosillo, Sonora. %","breadcrumb":{"@id":"https:\/\/www.sonoraenequipo.com.mx\/migracion-escalonada-se-da-por-violencia-falta-de-oportunidades-y-condiciones-de-salud-maria-dolores-aragon\/#breadcrumb"},"inLanguage":"es","potentialAction":[{"@type":"ReadAction","target":["https:\/\/www.sonoraenequipo.com.mx\/migracion-escalonada-se-da-por-violencia-falta-de-oportunidades-y-condiciones-de-salud-maria-dolores-aragon\/"]}]},{"@type":"ImageObject","inLanguage":"es","@id":"https:\/\/www.sonoraenequipo.com.mx\/migracion-escalonada-se-da-por-violencia-falta-de-oportunidades-y-condiciones-de-salud-maria-dolores-aragon\/#primaryimage","url":"https:\/\/www.sonoraenequipo.com.mx\/storage\/2021\/12\/Migracion-escalonada_opt.jpg","contentUrl":"https:\/\/www.sonoraenequipo.com.mx\/storage\/2021\/12\/Migracion-escalonada_opt.jpg","width":700,"height":400},{"@type":"BreadcrumbList","@id":"https:\/\/www.sonoraenequipo.com.mx\/migracion-escalonada-se-da-por-violencia-falta-de-oportunidades-y-condiciones-de-salud-maria-dolores-aragon\/#breadcrumb","itemListElement":[{"@type":"ListItem","position":1,"name":"Portada","item":"https:\/\/www.sonoraenequipo.com.mx\/"},{"@type":"ListItem","position":2,"name":"Migraci\u00f3n escalonada se da por violencia, falta de oportunidades y condiciones de salud: Mar\u00eda Dolores Arag\u00f3n"}]},{"@type":"WebSite","@id":"https:\/\/www.sonoraenequipo.com.mx\/#website","url":"https:\/\/www.sonoraenequipo.com.mx\/","name":"Sonora en Equipo.","description":"Diario en l\u00ednea con Noticias desde Hermosillo, Sonora","publisher":{"@id":"https:\/\/www.sonoraenequipo.com.mx\/#organization"},"potentialAction":[{"@type":"SearchAction","target":{"@type":"EntryPoint","urlTemplate":"https:\/\/www.sonoraenequipo.com.mx\/?s={search_term_string}"},"query-input":{"@type":"PropertyValueSpecification","valueRequired":true,"valueName":"search_term_string"}}],"inLanguage":"es"},{"@type":"Organization","@id":"https:\/\/www.sonoraenequipo.com.mx\/#organization","name":"Sonoraenequipo.com.mx","url":"https:\/\/www.sonoraenequipo.com.mx\/","logo":{"@type":"ImageObject","inLanguage":"es","@id":"https:\/\/www.sonoraenequipo.com.mx\/#\/schema\/logo\/image\/","url":"https:\/\/www.sonoraenequipo.com.mx\/storage\/2019\/01\/sonoraenequipo_opt.png","contentUrl":"https:\/\/www.sonoraenequipo.com.mx\/storage\/2019\/01\/sonoraenequipo_opt.png","width":375,"height":125,"caption":"Sonoraenequipo.com.mx"},"image":{"@id":"https:\/\/www.sonoraenequipo.com.mx\/#\/schema\/logo\/image\/"},"sameAs":["https:\/\/www.facebook.com\/SonoraEE\/","https:\/\/x.com\/sonoraenequipo","https:\/\/www.youtube.com\/channel\/UC338nW-lPEYmJQs4ZABQ1SQ"]},{"@type":"Person","@id":"https:\/\/www.sonoraenequipo.com.mx\/#\/schema\/person\/50102df0fb23a8fa9e8effad8fa81386","name":"enequipo","image":{"@type":"ImageObject","inLanguage":"es","@id":"https:\/\/www.sonoraenequipo.com.mx\/#\/schema\/person\/image\/","url":"https:\/\/secure.gravatar.com\/avatar\/049821681b589dabc0bc20695993ccebb09f5b5d4d790cd9251b97faac7c652b?s=96&d=blank&r=g","contentUrl":"https:\/\/secure.gravatar.com\/avatar\/049821681b589dabc0bc20695993ccebb09f5b5d4d790cd9251b97faac7c652b?s=96&d=blank&r=g","caption":"enequipo"},"sameAs":["https:\/\/www.facebook.com\/SonoraEE"]}]}},"jetpack_featured_media_url":"https:\/\/www.sonoraenequipo.com.mx\/storage\/2021\/12\/Migracion-escalonada_opt.jpg","_links":{"self":[{"href":"https:\/\/www.sonoraenequipo.com.mx\/api\/wp\/v2\/posts\/130217","targetHints":{"allow":["GET"]}}],"collection":[{"href":"https:\/\/www.sonoraenequipo.com.mx\/api\/wp\/v2\/posts"}],"about":[{"href":"https:\/\/www.sonoraenequipo.com.mx\/api\/wp\/v2\/types\/post"}],"author":[{"embeddable":true,"href":"https:\/\/www.sonoraenequipo.com.mx\/api\/wp\/v2\/users\/1"}],"replies":[{"embeddable":true,"href":"https:\/\/www.sonoraenequipo.com.mx\/api\/wp\/v2\/comments?post=130217"}],"version-history":[{"count":3,"href":"https:\/\/www.sonoraenequipo.com.mx\/api\/wp\/v2\/posts\/130217\/revisions"}],"predecessor-version":[{"id":130223,"href":"https:\/\/www.sonoraenequipo.com.mx\/api\/wp\/v2\/posts\/130217\/revisions\/130223"}],"wp:featuredmedia":[{"embeddable":true,"href":"https:\/\/www.sonoraenequipo.com.mx\/api\/wp\/v2\/media\/130218"}],"wp:attachment":[{"href":"https:\/\/www.sonoraenequipo.com.mx\/api\/wp\/v2\/media?parent=130217"}],"wp:term":[{"taxonomy":"category","embeddable":true,"href":"https:\/\/www.sonoraenequipo.com.mx\/api\/wp\/v2\/categories?post=130217"},{"taxonomy":"post_tag","embeddable":true,"href":"https:\/\/www.sonoraenequipo.com.mx\/api\/wp\/v2\/tags?post=130217"}],"curies":[{"name":"wp","href":"https:\/\/api.w.org\/{rel}","templated":true}]}}