{"id":130224,"date":"2021-12-22T19:15:33","date_gmt":"2021-12-23T02:15:33","guid":{"rendered":"https:\/\/www.sonoraenequipo.com.mx\/?p=130224"},"modified":"2021-12-23T12:51:28","modified_gmt":"2021-12-23T19:51:28","slug":"para-analizar-avances-metas-y-proyectos-para-2022-tono-astiazaran-y-gabinete-se-reunen","status":"publish","type":"post","link":"https:\/\/www.sonoraenequipo.com.mx\/para-analizar-avances-metas-y-proyectos-para-2022-tono-astiazaran-y-gabinete-se-reunen\/","title":{"rendered":"Para analizar avances, metas y proyectos para 2022, To\u00f1o Astiazar\u00e1n y gabinete se re\u00fanen"},"content":{"rendered":"<p>HERMOSILLO, SONORA. MX.\u2014 Como parte del trabajo para que las y los habitantes de Hermosillo reciban cada vez un mejor servicio de su Gobierno, el Presidente Municipal Antonio Astiazar\u00e1n encabez\u00f3 la cuarta reuni\u00f3n de Gabinete en la que se evalu\u00f3 lo hecho a partir de la actual administraci\u00f3n y los temas a los que se dar\u00e1 prioridad en el 2022.<\/p>\n<p>&nbsp;<\/p>\n<p> <\/p>\n<p>&nbsp;<\/p>\n<p>Uno de los t\u00f3picos prioritarios ser\u00e1 mejorar sustancialmente el quehacer de la Polic\u00eda Preventiva y Tr\u00e1nsito Municipal, con el reforzamiento de la seguridad preventiva en las colonias de esta capital, principalmente en las identificadas como conflictivas.<\/p>\n<p>&nbsp;<\/p>\n<p>La estrategia integral en materia de seguridad considera la incorporaci\u00f3n de patrullas el\u00e9ctricas al parque vehicular de la corporaci\u00f3n, con miras a reducir el tiempo de respuesta de los agentes municipales a reportes, que actualmente promedia los 24 minutos, para reducirlo a 5 minutos.<\/p>\n<p>&nbsp;<\/p>\n<p>Adem\u00e1s se enfocar\u00e1n a que la ciudad tenga una gesti\u00f3n profesional de agua que incluya el tratamiento y saneamiento del agua, l\u00edneas moradas, medici\u00f3n inteligente del consumo, entre otros para tener cada mes un mejor servicio y calidad de agua.<\/p>\n<p>&nbsp;<\/p>\n<p>En la reuni\u00f3n se analizaron los principales indicadores en los que impactan las acciones de gobierno, as\u00ed como los planes y proyectos para el 2022 que ser\u00e1n dados a conocer a inicio de a\u00f1o.<\/p>\n<p>&nbsp;<\/p>\n<p>&nbsp;<\/p>\n<p>(Publicada el 23\/12\/2021 \/Informaci\u00f3n HMO 193\/2021)<\/p>\n","protected":false},"excerpt":{"rendered":"<p>HERMOSILLO, SONORA. MX.\u2014 Como parte del trabajo para que las y los habitantes de Hermosillo&#8230;<\/p>\n","protected":false},"author":1,"featured_media":130226,"comment_status":"open","ping_status":"open","sticky":false,"template":"","format":"standard","meta":{"_monsterinsights_skip_tracking":false,"_monsterinsights_sitenote_active":false,"_monsterinsights_sitenote_note":"","_monsterinsights_sitenote_category":0,"footnotes":""},"categories":[4],"tags":[],"class_list":["post"],"yoast_head":" \n<title>Sonora en Equipo. Para analizar avances, metas y proyectos para 2022, To\u00f1o Astiazar\u00e1n y gabinete se re\u00fanen Municipios<\/title>\n<meta name=\"description\" content=\"HERMOSILLO, SONORA. MX.\u2014 Como parte del trabajo para que las y los habitantes de Hermosillo reciban cada vez un mejor servicio de su Gobierno, el En Sonora en Equipo publicamos toda la informaci\u00f3n de Sonora, M\u00e9xico y el Mundo de manera oportuna y busca que la libertad de expresi\u00f3n sea real. Visita nuestro medio informativo publicado desde Hermosillo, Sonora. %\" \/>\n<meta name=\"robots\" content=\"index, follow, max-snippet:-1, max-image-preview:large, max-video-preview:-1\" \/>\n<link rel=\"canonical\" href=\"https:\/\/www.sonoraenequipo.com.mx\/para-analizar-avances-metas-y-proyectos-para-2022-tono-astiazaran-y-gabinete-se-reunen\/\" \/>\n<meta property=\"og:locale\" content=\"es_ES\" \/>\n<meta property=\"og:type\" content=\"article\" \/>\n<meta property=\"og:title\" content=\"Sonora en Equipo. Para analizar avances, metas y proyectos para 2022, To\u00f1o Astiazar\u00e1n y gabinete se re\u00fanen Municipios\" \/>\n<meta property=\"og:description\" content=\"HERMOSILLO, SONORA. MX.\u2014 Como parte del trabajo para que las y los habitantes de Hermosillo reciban cada vez un mejor servicio de su Gobierno, el En Sonora en Equipo publicamos toda la informaci\u00f3n de Sonora, M\u00e9xico y el Mundo de manera oportuna y busca que la libertad de expresi\u00f3n sea real. Visita nuestro medio informativo publicado desde Hermosillo, Sonora. %\" \/>\n<meta property=\"og:url\" content=\"https:\/\/www.sonoraenequipo.com.mx\/para-analizar-avances-metas-y-proyectos-para-2022-tono-astiazaran-y-gabinete-se-reunen\/\" \/>\n<meta property=\"og:site_name\" content=\"Sonora en Equipo.\" \/>\n<meta property=\"article:publisher\" content=\"https:\/\/www.facebook.com\/SonoraEE\/\" \/>\n<meta property=\"article:author\" content=\"https:\/\/www.facebook.com\/SonoraEE\" \/>\n<meta property=\"article:published_time\" content=\"2021-12-23T02:15:33+00:00\" \/>\n<meta property=\"article:modified_time\" content=\"2021-12-23T19:51:28+00:00\" \/>\n<meta property=\"og:image\" content=\"https:\/\/www.sonoraenequipo.com.mx\/storage\/2021\/12\/Astiazaran-y-gabinete-se-reunen_opt.jpg\" \/>\n\t<meta property=\"og:image:width\" content=\"700\" \/>\n\t<meta property=\"og:image:height\" content=\"400\" \/>\n\t<meta property=\"og:image:type\" content=\"image\/jpeg\" \/>\n<meta name=\"author\" content=\"enequipo\" \/>\n<meta name=\"twitter:card\" content=\"summary_large_image\" \/>\n<meta name=\"twitter:creator\" content=\"@sonoraenequipo\" \/>\n<meta name=\"twitter:site\" content=\"@sonoraenequipo\" \/>\n<meta name=\"twitter:label1\" content=\"Escrito por\" \/>\n\t<meta name=\"twitter:data1\" content=\"enequipo\" \/>\n\t<meta name=\"twitter:label2\" content=\"Tiempo de lectura\" \/>\n\t<meta name=\"twitter:data2\" content=\"1 minuto\" \/>\n<script type=\"application\/ld+json\" class=\"yoast-schema-graph\">{\"@context\":\"https:\/\/schema.org\",\"@graph\":[{\"@type\":\"Article\",\"@id\":\"https:\/\/www.sonoraenequipo.com.mx\/para-analizar-avances-metas-y-proyectos-para-2022-tono-astiazaran-y-gabinete-se-reunen\/#article\",\"isPartOf\":{\"@id\":\"https:\/\/www.sonoraenequipo.com.mx\/para-analizar-avances-metas-y-proyectos-para-2022-tono-astiazaran-y-gabinete-se-reunen\/\"},\"author\":{\"name\":\"enequipo\",\"@id\":\"https:\/\/www.sonoraenequipo.com.mx\/#\/schema\/person\/50102df0fb23a8fa9e8effad8fa81386\"},\"headline\":\"Para analizar avances, metas y proyectos para 2022, To\u00f1o Astiazar\u00e1n y gabinete se re\u00fanen\",\"datePublished\":\"2021-12-23T02:15:33+00:00\",\"dateModified\":\"2021-12-23T19:51:28+00:00\",\"mainEntityOfPage\":{\"@id\":\"https:\/\/www.sonoraenequipo.com.mx\/para-analizar-avances-metas-y-proyectos-para-2022-tono-astiazaran-y-gabinete-se-reunen\/\"},\"wordCount\":255,\"commentCount\":0,\"publisher\":{\"@id\":\"https:\/\/www.sonoraenequipo.com.mx\/#organization\"},\"image\":{\"@id\":\"https:\/\/www.sonoraenequipo.com.mx\/para-analizar-avances-metas-y-proyectos-para-2022-tono-astiazaran-y-gabinete-se-reunen\/#primaryimage\"},\"thumbnailUrl\":\"https:\/\/www.sonoraenequipo.com.mx\/storage\/2021\/12\/Astiazaran-y-gabinete-se-reunen_opt.jpg\",\"articleSection\":[\"Municipios\"],\"inLanguage\":\"es\",\"potentialAction\":[{\"@type\":\"CommentAction\",\"name\":\"Comment\",\"target\":[\"https:\/\/www.sonoraenequipo.com.mx\/para-analizar-avances-metas-y-proyectos-para-2022-tono-astiazaran-y-gabinete-se-reunen\/#respond\"]}]},{\"@type\":\"WebPage\",\"@id\":\"https:\/\/www.sonoraenequipo.com.mx\/para-analizar-avances-metas-y-proyectos-para-2022-tono-astiazaran-y-gabinete-se-reunen\/\",\"url\":\"https:\/\/www.sonoraenequipo.com.mx\/para-analizar-avances-metas-y-proyectos-para-2022-tono-astiazaran-y-gabinete-se-reunen\/\",\"name\":\"Sonora en Equipo. Para analizar avances, metas y proyectos para 2022, To\u00f1o Astiazar\u00e1n y gabinete se re\u00fanen Municipios\",\"isPartOf\":{\"@id\":\"https:\/\/www.sonoraenequipo.com.mx\/#website\"},\"primaryImageOfPage\":{\"@id\":\"https:\/\/www.sonoraenequipo.com.mx\/para-analizar-avances-metas-y-proyectos-para-2022-tono-astiazaran-y-gabinete-se-reunen\/#primaryimage\"},\"image\":{\"@id\":\"https:\/\/www.sonoraenequipo.com.mx\/para-analizar-avances-metas-y-proyectos-para-2022-tono-astiazaran-y-gabinete-se-reunen\/#primaryimage\"},\"thumbnailUrl\":\"https:\/\/www.sonoraenequipo.com.mx\/storage\/2021\/12\/Astiazaran-y-gabinete-se-reunen_opt.jpg\",\"datePublished\":\"2021-12-23T02:15:33+00:00\",\"dateModified\":\"2021-12-23T19:51:28+00:00\",\"description\":\"HERMOSILLO, SONORA. MX.\u2014 Como parte del trabajo para que las y los habitantes de Hermosillo reciban cada vez un mejor servicio de su Gobierno, el En Sonora en Equipo publicamos toda la informaci\u00f3n de Sonora, M\u00e9xico y el Mundo de manera oportuna y busca que la libertad de expresi\u00f3n sea real. Visita nuestro medio informativo publicado desde Hermosillo, Sonora. %\",\"breadcrumb\":{\"@id\":\"https:\/\/www.sonoraenequipo.com.mx\/para-analizar-avances-metas-y-proyectos-para-2022-tono-astiazaran-y-gabinete-se-reunen\/#breadcrumb\"},\"inLanguage\":\"es\",\"potentialAction\":[{\"@type\":\"ReadAction\",\"target\":[\"https:\/\/www.sonoraenequipo.com.mx\/para-analizar-avances-metas-y-proyectos-para-2022-tono-astiazaran-y-gabinete-se-reunen\/\"]}]},{\"@type\":\"ImageObject\",\"inLanguage\":\"es\",\"@id\":\"https:\/\/www.sonoraenequipo.com.mx\/para-analizar-avances-metas-y-proyectos-para-2022-tono-astiazaran-y-gabinete-se-reunen\/#primaryimage\",\"url\":\"https:\/\/www.sonoraenequipo.com.mx\/storage\/2021\/12\/Astiazaran-y-gabinete-se-reunen_opt.jpg\",\"contentUrl\":\"https:\/\/www.sonoraenequipo.com.mx\/storage\/2021\/12\/Astiazaran-y-gabinete-se-reunen_opt.jpg\",\"width\":700,\"height\":400},{\"@type\":\"BreadcrumbList\",\"@id\":\"https:\/\/www.sonoraenequipo.com.mx\/para-analizar-avances-metas-y-proyectos-para-2022-tono-astiazaran-y-gabinete-se-reunen\/#breadcrumb\",\"itemListElement\":[{\"@type\":\"ListItem\",\"position\":1,\"name\":\"Portada\",\"item\":\"https:\/\/www.sonoraenequipo.com.mx\/\"},{\"@type\":\"ListItem\",\"position\":2,\"name\":\"Para analizar avances, metas y proyectos para 2022, To\u00f1o Astiazar\u00e1n y gabinete se re\u00fanen\"}]},{\"@type\":\"WebSite\",\"@id\":\"https:\/\/www.sonoraenequipo.com.mx\/#website\",\"url\":\"https:\/\/www.sonoraenequipo.com.mx\/\",\"name\":\"Sonora en Equipo.\",\"description\":\"Diario en l\u00ednea con Noticias desde Hermosillo, Sonora\",\"publisher\":{\"@id\":\"https:\/\/www.sonoraenequipo.com.mx\/#organization\"},\"potentialAction\":[{\"@type\":\"SearchAction\",\"target\":{\"@type\":\"EntryPoint\",\"urlTemplate\":\"https:\/\/www.sonoraenequipo.com.mx\/?s={search_term_string}\"},\"query-input\":{\"@type\":\"PropertyValueSpecification\",\"valueRequired\":true,\"valueName\":\"search_term_string\"}}],\"inLanguage\":\"es\"},{\"@type\":\"Organization\",\"@id\":\"https:\/\/www.sonoraenequipo.com.mx\/#organization\",\"name\":\"Sonoraenequipo.com.mx\",\"url\":\"https:\/\/www.sonoraenequipo.com.mx\/\",\"logo\":{\"@type\":\"ImageObject\",\"inLanguage\":\"es\",\"@id\":\"https:\/\/www.sonoraenequipo.com.mx\/#\/schema\/logo\/image\/\",\"url\":\"https:\/\/www.sonoraenequipo.com.mx\/storage\/2019\/01\/sonoraenequipo_opt.png\",\"contentUrl\":\"https:\/\/www.sonoraenequipo.com.mx\/storage\/2019\/01\/sonoraenequipo_opt.png\",\"width\":375,\"height\":125,\"caption\":\"Sonoraenequipo.com.mx\"},\"image\":{\"@id\":\"https:\/\/www.sonoraenequipo.com.mx\/#\/schema\/logo\/image\/\"},\"sameAs\":[\"https:\/\/www.facebook.com\/SonoraEE\/\",\"https:\/\/x.com\/sonoraenequipo\",\"https:\/\/www.youtube.com\/channel\/UC338nW-lPEYmJQs4ZABQ1SQ\"]},{\"@type\":\"Person\",\"@id\":\"https:\/\/www.sonoraenequipo.com.mx\/#\/schema\/person\/50102df0fb23a8fa9e8effad8fa81386\",\"name\":\"enequipo\",\"image\":{\"@type\":\"ImageObject\",\"inLanguage\":\"es\",\"@id\":\"https:\/\/www.sonoraenequipo.com.mx\/#\/schema\/person\/image\/\",\"url\":\"https:\/\/secure.gravatar.com\/avatar\/049821681b589dabc0bc20695993ccebb09f5b5d4d790cd9251b97faac7c652b?s=96&d=blank&r=g\",\"contentUrl\":\"https:\/\/secure.gravatar.com\/avatar\/049821681b589dabc0bc20695993ccebb09f5b5d4d790cd9251b97faac7c652b?s=96&d=blank&r=g\",\"caption\":\"enequipo\"},\"sameAs\":[\"https:\/\/www.facebook.com\/SonoraEE\"]}]}<\/script>\n ","yoast_head_json":{"title":"Sonora en Equipo. Para analizar avances, metas y proyectos para 2022, To\u00f1o Astiazar\u00e1n y gabinete se re\u00fanen Municipios","description":"HERMOSILLO, SONORA. MX.\u2014 Como parte del trabajo para que las y los habitantes de Hermosillo reciban cada vez un mejor servicio de su Gobierno, el En Sonora en Equipo publicamos toda la informaci\u00f3n de Sonora, M\u00e9xico y el Mundo de manera oportuna y busca que la libertad de expresi\u00f3n sea real. Visita nuestro medio informativo publicado desde Hermosillo, Sonora. %","robots":{"index":"index","follow":"follow","max-snippet":"max-snippet:-1","max-image-preview":"max-image-preview:large","max-video-preview":"max-video-preview:-1"},"canonical":"https:\/\/www.sonoraenequipo.com.mx\/para-analizar-avances-metas-y-proyectos-para-2022-tono-astiazaran-y-gabinete-se-reunen\/","og_locale":"es_ES","og_type":"article","og_title":"Sonora en Equipo. Para analizar avances, metas y proyectos para 2022, To\u00f1o Astiazar\u00e1n y gabinete se re\u00fanen Municipios","og_description":"HERMOSILLO, SONORA. MX.\u2014 Como parte del trabajo para que las y los habitantes de Hermosillo reciban cada vez un mejor servicio de su Gobierno, el En Sonora en Equipo publicamos toda la informaci\u00f3n de Sonora, M\u00e9xico y el Mundo de manera oportuna y busca que la libertad de expresi\u00f3n sea real. Visita nuestro medio informativo publicado desde Hermosillo, Sonora. %","og_url":"https:\/\/www.sonoraenequipo.com.mx\/para-analizar-avances-metas-y-proyectos-para-2022-tono-astiazaran-y-gabinete-se-reunen\/","og_site_name":"Sonora en Equipo.","article_publisher":"https:\/\/www.facebook.com\/SonoraEE\/","article_author":"https:\/\/www.facebook.com\/SonoraEE","article_published_time":"2021-12-23T02:15:33+00:00","article_modified_time":"2021-12-23T19:51:28+00:00","og_image":[{"width":700,"height":400,"url":"https:\/\/www.sonoraenequipo.com.mx\/storage\/2021\/12\/Astiazaran-y-gabinete-se-reunen_opt.jpg","type":"image\/jpeg"}],"author":"enequipo","twitter_card":"summary_large_image","twitter_creator":"@sonoraenequipo","twitter_site":"@sonoraenequipo","twitter_misc":{"Escrito por":"enequipo","Tiempo de lectura":"1 minuto"},"schema":{"@context":"https:\/\/schema.org","@graph":[{"@type":"Article","@id":"https:\/\/www.sonoraenequipo.com.mx\/para-analizar-avances-metas-y-proyectos-para-2022-tono-astiazaran-y-gabinete-se-reunen\/#article","isPartOf":{"@id":"https:\/\/www.sonoraenequipo.com.mx\/para-analizar-avances-metas-y-proyectos-para-2022-tono-astiazaran-y-gabinete-se-reunen\/"},"author":{"name":"enequipo","@id":"https:\/\/www.sonoraenequipo.com.mx\/#\/schema\/person\/50102df0fb23a8fa9e8effad8fa81386"},"headline":"Para analizar avances, metas y proyectos para 2022, To\u00f1o Astiazar\u00e1n y gabinete se re\u00fanen","datePublished":"2021-12-23T02:15:33+00:00","dateModified":"2021-12-23T19:51:28+00:00","mainEntityOfPage":{"@id":"https:\/\/www.sonoraenequipo.com.mx\/para-analizar-avances-metas-y-proyectos-para-2022-tono-astiazaran-y-gabinete-se-reunen\/"},"wordCount":255,"commentCount":0,"publisher":{"@id":"https:\/\/www.sonoraenequipo.com.mx\/#organization"},"image":{"@id":"https:\/\/www.sonoraenequipo.com.mx\/para-analizar-avances-metas-y-proyectos-para-2022-tono-astiazaran-y-gabinete-se-reunen\/#primaryimage"},"thumbnailUrl":"https:\/\/www.sonoraenequipo.com.mx\/storage\/2021\/12\/Astiazaran-y-gabinete-se-reunen_opt.jpg","articleSection":["Municipios"],"inLanguage":"es","potentialAction":[{"@type":"CommentAction","name":"Comment","target":["https:\/\/www.sonoraenequipo.com.mx\/para-analizar-avances-metas-y-proyectos-para-2022-tono-astiazaran-y-gabinete-se-reunen\/#respond"]}]},{"@type":"WebPage","@id":"https:\/\/www.sonoraenequipo.com.mx\/para-analizar-avances-metas-y-proyectos-para-2022-tono-astiazaran-y-gabinete-se-reunen\/","url":"https:\/\/www.sonoraenequipo.com.mx\/para-analizar-avances-metas-y-proyectos-para-2022-tono-astiazaran-y-gabinete-se-reunen\/","name":"Sonora en Equipo. Para analizar avances, metas y proyectos para 2022, To\u00f1o Astiazar\u00e1n y gabinete se re\u00fanen Municipios","isPartOf":{"@id":"https:\/\/www.sonoraenequipo.com.mx\/#website"},"primaryImageOfPage":{"@id":"https:\/\/www.sonoraenequipo.com.mx\/para-analizar-avances-metas-y-proyectos-para-2022-tono-astiazaran-y-gabinete-se-reunen\/#primaryimage"},"image":{"@id":"https:\/\/www.sonoraenequipo.com.mx\/para-analizar-avances-metas-y-proyectos-para-2022-tono-astiazaran-y-gabinete-se-reunen\/#primaryimage"},"thumbnailUrl":"https:\/\/www.sonoraenequipo.com.mx\/storage\/2021\/12\/Astiazaran-y-gabinete-se-reunen_opt.jpg","datePublished":"2021-12-23T02:15:33+00:00","dateModified":"2021-12-23T19:51:28+00:00","description":"HERMOSILLO, SONORA. MX.\u2014 Como parte del trabajo para que las y los habitantes de Hermosillo reciban cada vez un mejor servicio de su Gobierno, el En Sonora en Equipo publicamos toda la informaci\u00f3n de Sonora, M\u00e9xico y el Mundo de manera oportuna y busca que la libertad de expresi\u00f3n sea real. Visita nuestro medio informativo publicado desde Hermosillo, Sonora. %","breadcrumb":{"@id":"https:\/\/www.sonoraenequipo.com.mx\/para-analizar-avances-metas-y-proyectos-para-2022-tono-astiazaran-y-gabinete-se-reunen\/#breadcrumb"},"inLanguage":"es","potentialAction":[{"@type":"ReadAction","target":["https:\/\/www.sonoraenequipo.com.mx\/para-analizar-avances-metas-y-proyectos-para-2022-tono-astiazaran-y-gabinete-se-reunen\/"]}]},{"@type":"ImageObject","inLanguage":"es","@id":"https:\/\/www.sonoraenequipo.com.mx\/para-analizar-avances-metas-y-proyectos-para-2022-tono-astiazaran-y-gabinete-se-reunen\/#primaryimage","url":"https:\/\/www.sonoraenequipo.com.mx\/storage\/2021\/12\/Astiazaran-y-gabinete-se-reunen_opt.jpg","contentUrl":"https:\/\/www.sonoraenequipo.com.mx\/storage\/2021\/12\/Astiazaran-y-gabinete-se-reunen_opt.jpg","width":700,"height":400},{"@type":"BreadcrumbList","@id":"https:\/\/www.sonoraenequipo.com.mx\/para-analizar-avances-metas-y-proyectos-para-2022-tono-astiazaran-y-gabinete-se-reunen\/#breadcrumb","itemListElement":[{"@type":"ListItem","position":1,"name":"Portada","item":"https:\/\/www.sonoraenequipo.com.mx\/"},{"@type":"ListItem","position":2,"name":"Para analizar avances, metas y proyectos para 2022, To\u00f1o Astiazar\u00e1n y gabinete se re\u00fanen"}]},{"@type":"WebSite","@id":"https:\/\/www.sonoraenequipo.com.mx\/#website","url":"https:\/\/www.sonoraenequipo.com.mx\/","name":"Sonora en Equipo.","description":"Diario en l\u00ednea con Noticias desde Hermosillo, Sonora","publisher":{"@id":"https:\/\/www.sonoraenequipo.com.mx\/#organization"},"potentialAction":[{"@type":"SearchAction","target":{"@type":"EntryPoint","urlTemplate":"https:\/\/www.sonoraenequipo.com.mx\/?s={search_term_string}"},"query-input":{"@type":"PropertyValueSpecification","valueRequired":true,"valueName":"search_term_string"}}],"inLanguage":"es"},{"@type":"Organization","@id":"https:\/\/www.sonoraenequipo.com.mx\/#organization","name":"Sonoraenequipo.com.mx","url":"https:\/\/www.sonoraenequipo.com.mx\/","logo":{"@type":"ImageObject","inLanguage":"es","@id":"https:\/\/www.sonoraenequipo.com.mx\/#\/schema\/logo\/image\/","url":"https:\/\/www.sonoraenequipo.com.mx\/storage\/2019\/01\/sonoraenequipo_opt.png","contentUrl":"https:\/\/www.sonoraenequipo.com.mx\/storage\/2019\/01\/sonoraenequipo_opt.png","width":375,"height":125,"caption":"Sonoraenequipo.com.mx"},"image":{"@id":"https:\/\/www.sonoraenequipo.com.mx\/#\/schema\/logo\/image\/"},"sameAs":["https:\/\/www.facebook.com\/SonoraEE\/","https:\/\/x.com\/sonoraenequipo","https:\/\/www.youtube.com\/channel\/UC338nW-lPEYmJQs4ZABQ1SQ"]},{"@type":"Person","@id":"https:\/\/www.sonoraenequipo.com.mx\/#\/schema\/person\/50102df0fb23a8fa9e8effad8fa81386","name":"enequipo","image":{"@type":"ImageObject","inLanguage":"es","@id":"https:\/\/www.sonoraenequipo.com.mx\/#\/schema\/person\/image\/","url":"https:\/\/secure.gravatar.com\/avatar\/049821681b589dabc0bc20695993ccebb09f5b5d4d790cd9251b97faac7c652b?s=96&d=blank&r=g","contentUrl":"https:\/\/secure.gravatar.com\/avatar\/049821681b589dabc0bc20695993ccebb09f5b5d4d790cd9251b97faac7c652b?s=96&d=blank&r=g","caption":"enequipo"},"sameAs":["https:\/\/www.facebook.com\/SonoraEE"]}]}},"jetpack_featured_media_url":"https:\/\/www.sonoraenequipo.com.mx\/storage\/2021\/12\/Astiazaran-y-gabinete-se-reunen_opt.jpg","_links":{"self":[{"href":"https:\/\/www.sonoraenequipo.com.mx\/api\/wp\/v2\/posts\/130224","targetHints":{"allow":["GET"]}}],"collection":[{"href":"https:\/\/www.sonoraenequipo.com.mx\/api\/wp\/v2\/posts"}],"about":[{"href":"https:\/\/www.sonoraenequipo.com.mx\/api\/wp\/v2\/types\/post"}],"author":[{"embeddable":true,"href":"https:\/\/www.sonoraenequipo.com.mx\/api\/wp\/v2\/users\/1"}],"replies":[{"embeddable":true,"href":"https:\/\/www.sonoraenequipo.com.mx\/api\/wp\/v2\/comments?post=130224"}],"version-history":[{"count":1,"href":"https:\/\/www.sonoraenequipo.com.mx\/api\/wp\/v2\/posts\/130224\/revisions"}],"predecessor-version":[{"id":130227,"href":"https:\/\/www.sonoraenequipo.com.mx\/api\/wp\/v2\/posts\/130224\/revisions\/130227"}],"wp:featuredmedia":[{"embeddable":true,"href":"https:\/\/www.sonoraenequipo.com.mx\/api\/wp\/v2\/media\/130226"}],"wp:attachment":[{"href":"https:\/\/www.sonoraenequipo.com.mx\/api\/wp\/v2\/media?parent=130224"}],"wp:term":[{"taxonomy":"category","embeddable":true,"href":"https:\/\/www.sonoraenequipo.com.mx\/api\/wp\/v2\/categories?post=130224"},{"taxonomy":"post_tag","embeddable":true,"href":"https:\/\/www.sonoraenequipo.com.mx\/api\/wp\/v2\/tags?post=130224"}],"curies":[{"name":"wp","href":"https:\/\/api.w.org\/{rel}","templated":true}]}}