{"id":131156,"date":"2022-01-13T13:46:45","date_gmt":"2022-01-13T20:46:45","guid":{"rendered":"https:\/\/www.sonoraenequipo.com.mx\/?p=131156"},"modified":"2022-01-13T17:05:27","modified_gmt":"2022-01-14T00:05:27","slug":"imprescindible-sumar-esfuerzos-sociales-para-construir-juntos-soluciones-gobernador-durazo","status":"publish","type":"post","link":"https:\/\/www.sonoraenequipo.com.mx\/imprescindible-sumar-esfuerzos-sociales-para-construir-juntos-soluciones-gobernador-durazo\/","title":{"rendered":"Imprescindible, sumar esfuerzos sociales para construir juntos soluciones: Gobernador Durazo"},"content":{"rendered":"<p>HERMOSILLO, SONORA,MX.\u2500\u2500 Los esfuerzos sociales para el rescate educativo de Sonora cuentan con un gran apoyo empresarial, reiter\u00f3 el gobernador Alfonso Durazo al reunirse con Patricia Pati\u00f1o Fierro, directora del Instituto Tecnol\u00f3gico Superior de Cajeme (Itesca) y Ariel Picker, de Grupo SkyBridge, para la entrega de equipo inform\u00e1tico para la instituci\u00f3n.<\/p>\n<p>&nbsp;<\/p>\n<p>El mandatario estatal ratific\u00f3 su compromiso con la educaci\u00f3n superior, pues por medio de esta es como las condiciones sociales se igualan, de ah\u00ed la necesidad de impulsar a los j\u00f3venes a superarse, pero tambi\u00e9n la obligaci\u00f3n de crear las condiciones para que esta superaci\u00f3n se logre.<\/p>\n<p>&nbsp;<\/p>\n<p>Con esto en mente, Durazo Monta\u00f1o logr\u00f3 la gesti\u00f3n de 125 equipos de c\u00f3mputo nuevos para los estudiantes, a fin de relevar la antigua plantilla que no se renovaba desde hace m\u00e1s de 15 a\u00f1os.<\/p>\n<p>&nbsp;<\/p>\n<p>\u201cEn este momento que es imprescindible sumar esfuerzos sociales para construir juntos soluciones, la prueba de que se puede es esta muestra. Vamos a seguir avanzando en la convocatoria social, particularmente empresarial, para que nos ayude a construir conjuntamente soluciones\u201d, afirm\u00f3 el gobernador.<\/p>\n<p>&nbsp;<\/p>\n<p>Por su parte, Patricia Pati\u00f1o Fierro agradeci\u00f3 las gestiones al gobernador y el compromiso mostrado por parte del empresariado de cumplir con una responsabilidad social tan grande como es el apoyo a la educaci\u00f3n.<\/p>\n<p>&nbsp;<\/p>\n<p>\u201cSomos una casa abierta al tiempo y a las ideas y la excelencia acad\u00e9mica debe estar presente. No lo podemos lograr si no modernizamos nuestras aulas y este equipo, se\u00f1or gobernador, que usted tuvo a bien gestionar en este nuevo v\u00ednculo con empresarios, pues, es de mayor beneficio para nuestra comunidad educativa\u201d, dijo.<\/p>\n<p>&nbsp;<\/p>\n<p>Para finalizar, Ariel Picker, a nombre de Grupo SkyBridge, expres\u00f3 que la creaci\u00f3n de oportunidades para los j\u00f3venes sonorenses tambi\u00e9n forma parte del impulso al desarrollo econ\u00f3mico de la entidad, por lo que mantendr\u00e1n su esfuerzo junto con el gobernador para el beneficio de Sonora.<\/p>\n<p>&nbsp;<\/p>\n<p>\u201cEstamos comprometidos en participar con la comunidad en proyectos de tecnolog\u00eda de desarrollo econ\u00f3mico. A nombre de todo el grupo SkyBridge estamos muy contentos de poder participar con ustedes y que sea el comienzo de proyectos de coordinaci\u00f3n para hacer de Sonora una tierra de oportunidades con usted, gobernador\u201d, concluy\u00f3.<\/p>\n<p>Fecha de publicaci\u00f3n: jueves \/ 13 \/ enero \/ 2022 \/ C S No. 0122043<\/p>\n<p>&nbsp;<\/p>\n","protected":false},"excerpt":{"rendered":"<p>HERMOSILLO, SONORA,MX.\u2500\u2500 Los esfuerzos sociales para el rescate educativo de Sonora cuentan con un gran&#8230;<\/p>\n","protected":false},"author":1,"featured_media":131158,"comment_status":"open","ping_status":"open","sticky":false,"template":"","format":"standard","meta":{"_monsterinsights_skip_tracking":false,"_monsterinsights_sitenote_active":false,"_monsterinsights_sitenote_note":"","_monsterinsights_sitenote_category":0,"footnotes":""},"categories":[22],"tags":[3635,6633],"class_list":["post"],"yoast_head":" \n<title>Sonora en Equipo. Imprescindible, sumar esfuerzos sociales para construir juntos soluciones: Gobernador Durazo Sonora<\/title>\n<meta name=\"description\" content=\"HERMOSILLO, SONORA,MX.\u2500\u2500 Los esfuerzos sociales para el rescate educativo de Sonora cuentan con un gran apoyo empresarial, reiter\u00f3 el gobernador Alfonso En Sonora en Equipo publicamos toda la informaci\u00f3n de Sonora, M\u00e9xico y el Mundo de manera oportuna y busca que la libertad de expresi\u00f3n sea real. Visita nuestro medio informativo publicado desde Hermosillo, Sonora. %\" \/>\n<meta name=\"robots\" content=\"index, follow, max-snippet:-1, max-image-preview:large, max-video-preview:-1\" \/>\n<link rel=\"canonical\" href=\"https:\/\/www.sonoraenequipo.com.mx\/imprescindible-sumar-esfuerzos-sociales-para-construir-juntos-soluciones-gobernador-durazo\/\" \/>\n<meta property=\"og:locale\" content=\"es_ES\" \/>\n<meta property=\"og:type\" content=\"article\" \/>\n<meta property=\"og:title\" content=\"Sonora en Equipo. Imprescindible, sumar esfuerzos sociales para construir juntos soluciones: Gobernador Durazo Sonora\" \/>\n<meta property=\"og:description\" content=\"HERMOSILLO, SONORA,MX.\u2500\u2500 Los esfuerzos sociales para el rescate educativo de Sonora cuentan con un gran apoyo empresarial, reiter\u00f3 el gobernador Alfonso En Sonora en Equipo publicamos toda la informaci\u00f3n de Sonora, M\u00e9xico y el Mundo de manera oportuna y busca que la libertad de expresi\u00f3n sea real. Visita nuestro medio informativo publicado desde Hermosillo, Sonora. %\" \/>\n<meta property=\"og:url\" content=\"https:\/\/www.sonoraenequipo.com.mx\/imprescindible-sumar-esfuerzos-sociales-para-construir-juntos-soluciones-gobernador-durazo\/\" \/>\n<meta property=\"og:site_name\" content=\"Sonora en Equipo.\" \/>\n<meta property=\"article:publisher\" content=\"https:\/\/www.facebook.com\/SonoraEE\/\" \/>\n<meta property=\"article:author\" content=\"https:\/\/www.facebook.com\/SonoraEE\" \/>\n<meta property=\"article:published_time\" content=\"2022-01-13T20:46:45+00:00\" \/>\n<meta property=\"article:modified_time\" content=\"2022-01-14T00:05:27+00:00\" \/>\n<meta property=\"og:image\" content=\"https:\/\/www.sonoraenequipo.com.mx\/storage\/2022\/01\/adm-itesca.jpg\" \/>\n\t<meta property=\"og:image:width\" content=\"600\" \/>\n\t<meta property=\"og:image:height\" content=\"400\" \/>\n\t<meta property=\"og:image:type\" content=\"image\/jpeg\" \/>\n<meta name=\"author\" content=\"enequipo\" \/>\n<meta name=\"twitter:card\" content=\"summary_large_image\" \/>\n<meta name=\"twitter:creator\" content=\"@sonoraenequipo\" \/>\n<meta name=\"twitter:site\" content=\"@sonoraenequipo\" \/>\n<meta name=\"twitter:label1\" content=\"Escrito por\" \/>\n\t<meta name=\"twitter:data1\" content=\"enequipo\" \/>\n\t<meta name=\"twitter:label2\" content=\"Tiempo de lectura\" \/>\n\t<meta name=\"twitter:data2\" content=\"2 minutos\" \/>\n<script type=\"application\/ld+json\" class=\"yoast-schema-graph\">{\"@context\":\"https:\/\/schema.org\",\"@graph\":[{\"@type\":\"Article\",\"@id\":\"https:\/\/www.sonoraenequipo.com.mx\/imprescindible-sumar-esfuerzos-sociales-para-construir-juntos-soluciones-gobernador-durazo\/#article\",\"isPartOf\":{\"@id\":\"https:\/\/www.sonoraenequipo.com.mx\/imprescindible-sumar-esfuerzos-sociales-para-construir-juntos-soluciones-gobernador-durazo\/\"},\"author\":{\"name\":\"enequipo\",\"@id\":\"https:\/\/www.sonoraenequipo.com.mx\/#\/schema\/person\/50102df0fb23a8fa9e8effad8fa81386\"},\"headline\":\"Imprescindible, sumar esfuerzos sociales para construir juntos soluciones: Gobernador Durazo\",\"datePublished\":\"2022-01-13T20:46:45+00:00\",\"dateModified\":\"2022-01-14T00:05:27+00:00\",\"mainEntityOfPage\":{\"@id\":\"https:\/\/www.sonoraenequipo.com.mx\/imprescindible-sumar-esfuerzos-sociales-para-construir-juntos-soluciones-gobernador-durazo\/\"},\"wordCount\":411,\"commentCount\":0,\"publisher\":{\"@id\":\"https:\/\/www.sonoraenequipo.com.mx\/#organization\"},\"image\":{\"@id\":\"https:\/\/www.sonoraenequipo.com.mx\/imprescindible-sumar-esfuerzos-sociales-para-construir-juntos-soluciones-gobernador-durazo\/#primaryimage\"},\"thumbnailUrl\":\"https:\/\/www.sonoraenequipo.com.mx\/storage\/2022\/01\/adm-itesca.jpg\",\"keywords\":[\"DURAZO\",\"itesca\"],\"articleSection\":[\"Sonora\"],\"inLanguage\":\"es\",\"potentialAction\":[{\"@type\":\"CommentAction\",\"name\":\"Comment\",\"target\":[\"https:\/\/www.sonoraenequipo.com.mx\/imprescindible-sumar-esfuerzos-sociales-para-construir-juntos-soluciones-gobernador-durazo\/#respond\"]}]},{\"@type\":\"WebPage\",\"@id\":\"https:\/\/www.sonoraenequipo.com.mx\/imprescindible-sumar-esfuerzos-sociales-para-construir-juntos-soluciones-gobernador-durazo\/\",\"url\":\"https:\/\/www.sonoraenequipo.com.mx\/imprescindible-sumar-esfuerzos-sociales-para-construir-juntos-soluciones-gobernador-durazo\/\",\"name\":\"Sonora en Equipo. Imprescindible, sumar esfuerzos sociales para construir juntos soluciones: Gobernador Durazo Sonora\",\"isPartOf\":{\"@id\":\"https:\/\/www.sonoraenequipo.com.mx\/#website\"},\"primaryImageOfPage\":{\"@id\":\"https:\/\/www.sonoraenequipo.com.mx\/imprescindible-sumar-esfuerzos-sociales-para-construir-juntos-soluciones-gobernador-durazo\/#primaryimage\"},\"image\":{\"@id\":\"https:\/\/www.sonoraenequipo.com.mx\/imprescindible-sumar-esfuerzos-sociales-para-construir-juntos-soluciones-gobernador-durazo\/#primaryimage\"},\"thumbnailUrl\":\"https:\/\/www.sonoraenequipo.com.mx\/storage\/2022\/01\/adm-itesca.jpg\",\"datePublished\":\"2022-01-13T20:46:45+00:00\",\"dateModified\":\"2022-01-14T00:05:27+00:00\",\"description\":\"HERMOSILLO, SONORA,MX.\u2500\u2500 Los esfuerzos sociales para el rescate educativo de Sonora cuentan con un gran apoyo empresarial, reiter\u00f3 el gobernador Alfonso En Sonora en Equipo publicamos toda la informaci\u00f3n de Sonora, M\u00e9xico y el Mundo de manera oportuna y busca que la libertad de expresi\u00f3n sea real. Visita nuestro medio informativo publicado desde Hermosillo, Sonora. %\",\"breadcrumb\":{\"@id\":\"https:\/\/www.sonoraenequipo.com.mx\/imprescindible-sumar-esfuerzos-sociales-para-construir-juntos-soluciones-gobernador-durazo\/#breadcrumb\"},\"inLanguage\":\"es\",\"potentialAction\":[{\"@type\":\"ReadAction\",\"target\":[\"https:\/\/www.sonoraenequipo.com.mx\/imprescindible-sumar-esfuerzos-sociales-para-construir-juntos-soluciones-gobernador-durazo\/\"]}]},{\"@type\":\"ImageObject\",\"inLanguage\":\"es\",\"@id\":\"https:\/\/www.sonoraenequipo.com.mx\/imprescindible-sumar-esfuerzos-sociales-para-construir-juntos-soluciones-gobernador-durazo\/#primaryimage\",\"url\":\"https:\/\/www.sonoraenequipo.com.mx\/storage\/2022\/01\/adm-itesca.jpg\",\"contentUrl\":\"https:\/\/www.sonoraenequipo.com.mx\/storage\/2022\/01\/adm-itesca.jpg\",\"width\":600,\"height\":400},{\"@type\":\"BreadcrumbList\",\"@id\":\"https:\/\/www.sonoraenequipo.com.mx\/imprescindible-sumar-esfuerzos-sociales-para-construir-juntos-soluciones-gobernador-durazo\/#breadcrumb\",\"itemListElement\":[{\"@type\":\"ListItem\",\"position\":1,\"name\":\"Portada\",\"item\":\"https:\/\/www.sonoraenequipo.com.mx\/\"},{\"@type\":\"ListItem\",\"position\":2,\"name\":\"Imprescindible, sumar esfuerzos sociales para construir juntos soluciones: Gobernador Durazo\"}]},{\"@type\":\"WebSite\",\"@id\":\"https:\/\/www.sonoraenequipo.com.mx\/#website\",\"url\":\"https:\/\/www.sonoraenequipo.com.mx\/\",\"name\":\"Sonora en Equipo.\",\"description\":\"Diario en l\u00ednea con Noticias desde Hermosillo, Sonora\",\"publisher\":{\"@id\":\"https:\/\/www.sonoraenequipo.com.mx\/#organization\"},\"potentialAction\":[{\"@type\":\"SearchAction\",\"target\":{\"@type\":\"EntryPoint\",\"urlTemplate\":\"https:\/\/www.sonoraenequipo.com.mx\/?s={search_term_string}\"},\"query-input\":{\"@type\":\"PropertyValueSpecification\",\"valueRequired\":true,\"valueName\":\"search_term_string\"}}],\"inLanguage\":\"es\"},{\"@type\":\"Organization\",\"@id\":\"https:\/\/www.sonoraenequipo.com.mx\/#organization\",\"name\":\"Sonoraenequipo.com.mx\",\"url\":\"https:\/\/www.sonoraenequipo.com.mx\/\",\"logo\":{\"@type\":\"ImageObject\",\"inLanguage\":\"es\",\"@id\":\"https:\/\/www.sonoraenequipo.com.mx\/#\/schema\/logo\/image\/\",\"url\":\"https:\/\/www.sonoraenequipo.com.mx\/storage\/2019\/01\/sonoraenequipo_opt.png\",\"contentUrl\":\"https:\/\/www.sonoraenequipo.com.mx\/storage\/2019\/01\/sonoraenequipo_opt.png\",\"width\":375,\"height\":125,\"caption\":\"Sonoraenequipo.com.mx\"},\"image\":{\"@id\":\"https:\/\/www.sonoraenequipo.com.mx\/#\/schema\/logo\/image\/\"},\"sameAs\":[\"https:\/\/www.facebook.com\/SonoraEE\/\",\"https:\/\/x.com\/sonoraenequipo\",\"https:\/\/www.youtube.com\/channel\/UC338nW-lPEYmJQs4ZABQ1SQ\"]},{\"@type\":\"Person\",\"@id\":\"https:\/\/www.sonoraenequipo.com.mx\/#\/schema\/person\/50102df0fb23a8fa9e8effad8fa81386\",\"name\":\"enequipo\",\"image\":{\"@type\":\"ImageObject\",\"inLanguage\":\"es\",\"@id\":\"https:\/\/www.sonoraenequipo.com.mx\/#\/schema\/person\/image\/\",\"url\":\"https:\/\/secure.gravatar.com\/avatar\/049821681b589dabc0bc20695993ccebb09f5b5d4d790cd9251b97faac7c652b?s=96&d=blank&r=g\",\"contentUrl\":\"https:\/\/secure.gravatar.com\/avatar\/049821681b589dabc0bc20695993ccebb09f5b5d4d790cd9251b97faac7c652b?s=96&d=blank&r=g\",\"caption\":\"enequipo\"},\"sameAs\":[\"https:\/\/www.facebook.com\/SonoraEE\"]}]}<\/script>\n ","yoast_head_json":{"title":"Sonora en Equipo. Imprescindible, sumar esfuerzos sociales para construir juntos soluciones: Gobernador Durazo Sonora","description":"HERMOSILLO, SONORA,MX.\u2500\u2500 Los esfuerzos sociales para el rescate educativo de Sonora cuentan con un gran apoyo empresarial, reiter\u00f3 el gobernador Alfonso En Sonora en Equipo publicamos toda la informaci\u00f3n de Sonora, M\u00e9xico y el Mundo de manera oportuna y busca que la libertad de expresi\u00f3n sea real. Visita nuestro medio informativo publicado desde Hermosillo, Sonora. %","robots":{"index":"index","follow":"follow","max-snippet":"max-snippet:-1","max-image-preview":"max-image-preview:large","max-video-preview":"max-video-preview:-1"},"canonical":"https:\/\/www.sonoraenequipo.com.mx\/imprescindible-sumar-esfuerzos-sociales-para-construir-juntos-soluciones-gobernador-durazo\/","og_locale":"es_ES","og_type":"article","og_title":"Sonora en Equipo. Imprescindible, sumar esfuerzos sociales para construir juntos soluciones: Gobernador Durazo Sonora","og_description":"HERMOSILLO, SONORA,MX.\u2500\u2500 Los esfuerzos sociales para el rescate educativo de Sonora cuentan con un gran apoyo empresarial, reiter\u00f3 el gobernador Alfonso En Sonora en Equipo publicamos toda la informaci\u00f3n de Sonora, M\u00e9xico y el Mundo de manera oportuna y busca que la libertad de expresi\u00f3n sea real. Visita nuestro medio informativo publicado desde Hermosillo, Sonora. %","og_url":"https:\/\/www.sonoraenequipo.com.mx\/imprescindible-sumar-esfuerzos-sociales-para-construir-juntos-soluciones-gobernador-durazo\/","og_site_name":"Sonora en Equipo.","article_publisher":"https:\/\/www.facebook.com\/SonoraEE\/","article_author":"https:\/\/www.facebook.com\/SonoraEE","article_published_time":"2022-01-13T20:46:45+00:00","article_modified_time":"2022-01-14T00:05:27+00:00","og_image":[{"width":600,"height":400,"url":"https:\/\/www.sonoraenequipo.com.mx\/storage\/2022\/01\/adm-itesca.jpg","type":"image\/jpeg"}],"author":"enequipo","twitter_card":"summary_large_image","twitter_creator":"@sonoraenequipo","twitter_site":"@sonoraenequipo","twitter_misc":{"Escrito por":"enequipo","Tiempo de lectura":"2 minutos"},"schema":{"@context":"https:\/\/schema.org","@graph":[{"@type":"Article","@id":"https:\/\/www.sonoraenequipo.com.mx\/imprescindible-sumar-esfuerzos-sociales-para-construir-juntos-soluciones-gobernador-durazo\/#article","isPartOf":{"@id":"https:\/\/www.sonoraenequipo.com.mx\/imprescindible-sumar-esfuerzos-sociales-para-construir-juntos-soluciones-gobernador-durazo\/"},"author":{"name":"enequipo","@id":"https:\/\/www.sonoraenequipo.com.mx\/#\/schema\/person\/50102df0fb23a8fa9e8effad8fa81386"},"headline":"Imprescindible, sumar esfuerzos sociales para construir juntos soluciones: Gobernador Durazo","datePublished":"2022-01-13T20:46:45+00:00","dateModified":"2022-01-14T00:05:27+00:00","mainEntityOfPage":{"@id":"https:\/\/www.sonoraenequipo.com.mx\/imprescindible-sumar-esfuerzos-sociales-para-construir-juntos-soluciones-gobernador-durazo\/"},"wordCount":411,"commentCount":0,"publisher":{"@id":"https:\/\/www.sonoraenequipo.com.mx\/#organization"},"image":{"@id":"https:\/\/www.sonoraenequipo.com.mx\/imprescindible-sumar-esfuerzos-sociales-para-construir-juntos-soluciones-gobernador-durazo\/#primaryimage"},"thumbnailUrl":"https:\/\/www.sonoraenequipo.com.mx\/storage\/2022\/01\/adm-itesca.jpg","keywords":["DURAZO","itesca"],"articleSection":["Sonora"],"inLanguage":"es","potentialAction":[{"@type":"CommentAction","name":"Comment","target":["https:\/\/www.sonoraenequipo.com.mx\/imprescindible-sumar-esfuerzos-sociales-para-construir-juntos-soluciones-gobernador-durazo\/#respond"]}]},{"@type":"WebPage","@id":"https:\/\/www.sonoraenequipo.com.mx\/imprescindible-sumar-esfuerzos-sociales-para-construir-juntos-soluciones-gobernador-durazo\/","url":"https:\/\/www.sonoraenequipo.com.mx\/imprescindible-sumar-esfuerzos-sociales-para-construir-juntos-soluciones-gobernador-durazo\/","name":"Sonora en Equipo. Imprescindible, sumar esfuerzos sociales para construir juntos soluciones: Gobernador Durazo Sonora","isPartOf":{"@id":"https:\/\/www.sonoraenequipo.com.mx\/#website"},"primaryImageOfPage":{"@id":"https:\/\/www.sonoraenequipo.com.mx\/imprescindible-sumar-esfuerzos-sociales-para-construir-juntos-soluciones-gobernador-durazo\/#primaryimage"},"image":{"@id":"https:\/\/www.sonoraenequipo.com.mx\/imprescindible-sumar-esfuerzos-sociales-para-construir-juntos-soluciones-gobernador-durazo\/#primaryimage"},"thumbnailUrl":"https:\/\/www.sonoraenequipo.com.mx\/storage\/2022\/01\/adm-itesca.jpg","datePublished":"2022-01-13T20:46:45+00:00","dateModified":"2022-01-14T00:05:27+00:00","description":"HERMOSILLO, SONORA,MX.\u2500\u2500 Los esfuerzos sociales para el rescate educativo de Sonora cuentan con un gran apoyo empresarial, reiter\u00f3 el gobernador Alfonso En Sonora en Equipo publicamos toda la informaci\u00f3n de Sonora, M\u00e9xico y el Mundo de manera oportuna y busca que la libertad de expresi\u00f3n sea real. Visita nuestro medio informativo publicado desde Hermosillo, Sonora. %","breadcrumb":{"@id":"https:\/\/www.sonoraenequipo.com.mx\/imprescindible-sumar-esfuerzos-sociales-para-construir-juntos-soluciones-gobernador-durazo\/#breadcrumb"},"inLanguage":"es","potentialAction":[{"@type":"ReadAction","target":["https:\/\/www.sonoraenequipo.com.mx\/imprescindible-sumar-esfuerzos-sociales-para-construir-juntos-soluciones-gobernador-durazo\/"]}]},{"@type":"ImageObject","inLanguage":"es","@id":"https:\/\/www.sonoraenequipo.com.mx\/imprescindible-sumar-esfuerzos-sociales-para-construir-juntos-soluciones-gobernador-durazo\/#primaryimage","url":"https:\/\/www.sonoraenequipo.com.mx\/storage\/2022\/01\/adm-itesca.jpg","contentUrl":"https:\/\/www.sonoraenequipo.com.mx\/storage\/2022\/01\/adm-itesca.jpg","width":600,"height":400},{"@type":"BreadcrumbList","@id":"https:\/\/www.sonoraenequipo.com.mx\/imprescindible-sumar-esfuerzos-sociales-para-construir-juntos-soluciones-gobernador-durazo\/#breadcrumb","itemListElement":[{"@type":"ListItem","position":1,"name":"Portada","item":"https:\/\/www.sonoraenequipo.com.mx\/"},{"@type":"ListItem","position":2,"name":"Imprescindible, sumar esfuerzos sociales para construir juntos soluciones: Gobernador Durazo"}]},{"@type":"WebSite","@id":"https:\/\/www.sonoraenequipo.com.mx\/#website","url":"https:\/\/www.sonoraenequipo.com.mx\/","name":"Sonora en Equipo.","description":"Diario en l\u00ednea con Noticias desde Hermosillo, Sonora","publisher":{"@id":"https:\/\/www.sonoraenequipo.com.mx\/#organization"},"potentialAction":[{"@type":"SearchAction","target":{"@type":"EntryPoint","urlTemplate":"https:\/\/www.sonoraenequipo.com.mx\/?s={search_term_string}"},"query-input":{"@type":"PropertyValueSpecification","valueRequired":true,"valueName":"search_term_string"}}],"inLanguage":"es"},{"@type":"Organization","@id":"https:\/\/www.sonoraenequipo.com.mx\/#organization","name":"Sonoraenequipo.com.mx","url":"https:\/\/www.sonoraenequipo.com.mx\/","logo":{"@type":"ImageObject","inLanguage":"es","@id":"https:\/\/www.sonoraenequipo.com.mx\/#\/schema\/logo\/image\/","url":"https:\/\/www.sonoraenequipo.com.mx\/storage\/2019\/01\/sonoraenequipo_opt.png","contentUrl":"https:\/\/www.sonoraenequipo.com.mx\/storage\/2019\/01\/sonoraenequipo_opt.png","width":375,"height":125,"caption":"Sonoraenequipo.com.mx"},"image":{"@id":"https:\/\/www.sonoraenequipo.com.mx\/#\/schema\/logo\/image\/"},"sameAs":["https:\/\/www.facebook.com\/SonoraEE\/","https:\/\/x.com\/sonoraenequipo","https:\/\/www.youtube.com\/channel\/UC338nW-lPEYmJQs4ZABQ1SQ"]},{"@type":"Person","@id":"https:\/\/www.sonoraenequipo.com.mx\/#\/schema\/person\/50102df0fb23a8fa9e8effad8fa81386","name":"enequipo","image":{"@type":"ImageObject","inLanguage":"es","@id":"https:\/\/www.sonoraenequipo.com.mx\/#\/schema\/person\/image\/","url":"https:\/\/secure.gravatar.com\/avatar\/049821681b589dabc0bc20695993ccebb09f5b5d4d790cd9251b97faac7c652b?s=96&d=blank&r=g","contentUrl":"https:\/\/secure.gravatar.com\/avatar\/049821681b589dabc0bc20695993ccebb09f5b5d4d790cd9251b97faac7c652b?s=96&d=blank&r=g","caption":"enequipo"},"sameAs":["https:\/\/www.facebook.com\/SonoraEE"]}]}},"jetpack_featured_media_url":"https:\/\/www.sonoraenequipo.com.mx\/storage\/2022\/01\/adm-itesca.jpg","_links":{"self":[{"href":"https:\/\/www.sonoraenequipo.com.mx\/api\/wp\/v2\/posts\/131156","targetHints":{"allow":["GET"]}}],"collection":[{"href":"https:\/\/www.sonoraenequipo.com.mx\/api\/wp\/v2\/posts"}],"about":[{"href":"https:\/\/www.sonoraenequipo.com.mx\/api\/wp\/v2\/types\/post"}],"author":[{"embeddable":true,"href":"https:\/\/www.sonoraenequipo.com.mx\/api\/wp\/v2\/users\/1"}],"replies":[{"embeddable":true,"href":"https:\/\/www.sonoraenequipo.com.mx\/api\/wp\/v2\/comments?post=131156"}],"version-history":[{"count":1,"href":"https:\/\/www.sonoraenequipo.com.mx\/api\/wp\/v2\/posts\/131156\/revisions"}],"predecessor-version":[{"id":131159,"href":"https:\/\/www.sonoraenequipo.com.mx\/api\/wp\/v2\/posts\/131156\/revisions\/131159"}],"wp:featuredmedia":[{"embeddable":true,"href":"https:\/\/www.sonoraenequipo.com.mx\/api\/wp\/v2\/media\/131158"}],"wp:attachment":[{"href":"https:\/\/www.sonoraenequipo.com.mx\/api\/wp\/v2\/media?parent=131156"}],"wp:term":[{"taxonomy":"category","embeddable":true,"href":"https:\/\/www.sonoraenequipo.com.mx\/api\/wp\/v2\/categories?post=131156"},{"taxonomy":"post_tag","embeddable":true,"href":"https:\/\/www.sonoraenequipo.com.mx\/api\/wp\/v2\/tags?post=131156"}],"curies":[{"name":"wp","href":"https:\/\/api.w.org\/{rel}","templated":true}]}}