{"id":131177,"date":"2022-01-13T14:25:27","date_gmt":"2022-01-13T21:25:27","guid":{"rendered":"https:\/\/www.sonoraenequipo.com.mx\/?p=131177"},"modified":"2022-01-13T17:38:26","modified_gmt":"2022-01-14T00:38:26","slug":"amlo-asegura-que-ya-no-presenta-sintomas-tras-haber-contraido-covid-19","status":"publish","type":"post","link":"https:\/\/www.sonoraenequipo.com.mx\/amlo-asegura-que-ya-no-presenta-sintomas-tras-haber-contraido-covid-19\/","title":{"rendered":"AMLO asegura que ya no presenta s\u00edntomas tras haber contra\u00eddo covid-19."},"content":{"rendered":"<p>CIUDAD DE M\u00c9XICO. MX. \u2014 El presidente Andr\u00e9s Manuel L\u00f3pez Obrador (AMLO) recurri\u00f3 a sus redes sociales para enviar un mensaje a la naci\u00f3n tras haber dado positivo a la variante \u00f3micron del covid.<\/p>\n<p>&nbsp;<\/p>\n<p> <\/p>\n<p>&nbsp;<\/p>\n<p>Por medio de un extenso mensaje, el mandatario brind\u00f3 detalles de los s\u00edntomas que ha presentado desde que contrajo la enfermedad, al asegurar que han sido leves.<\/p>\n<p>&nbsp;<\/p>\n<p><em>\u201cMe da mucho gusto comunicarme con ustedes para compartir mi satisfacci\u00f3n porque voy saliendo del covid y quiero tambi\u00e9n compartir esta informaci\u00f3n con ustedes porque considero que es bastante alentador el poder comprobar, ahora s\u00ed, en carne propia, que esta variante del covid no tiene la letalidad, la peligrosidad de la variante anterior, de la llamada delta. Esta variante produce s\u00edntomas muy leves, es equivalente a una gripe<\/em>\u201d, comparti\u00f3 el mandatario.<\/p>\n<p>&nbsp;<\/p>\n<p>A continuaci\u00f3n detall\u00f3 que no tom\u00f3 ning\u00fan tratamiento especial para enfrentar la enfermedad, al se\u00f1alar que no present\u00f3 los otros s\u00edntomas que eran comunes con las variantes anteriores.<\/p>\n<p>&nbsp;<\/p>\n<p><em>\u201cNo tuve un tratamiento especial porque nunca he tenido calentura, ni dolores de cabeza, ni falta de oxigenaci\u00f3n. Todo normal, solo la ronquera que, por cierto, se me est\u00e1 quitando, y un ardor en la garganta que tambi\u00e9n ya est\u00e1 menguando, ya es cada vez menor\u201d,<\/em> continu\u00f3.<\/p>\n<p>&nbsp;<\/p>\n<p>En su mensaje destac\u00f3 que con la variante \u00f3micron no representa un mayor riesgo para la poblaci\u00f3n, pese a su ola expansiva de contagio.<\/p>\n<p>&nbsp;<\/p>\n<p><em>\u201cMe da mucho gusto porque eso significa que esta pandemia va de salida, todav\u00eda es pandemia, pero yo creo que con esta nueva variante no hay muchos riesgos. No van a aumentar las hospitalizaciones, hay hospitalizaciones, pero no est\u00e1n aumentado mucho y, lo m\u00e1s importante, no vamos a tener m\u00e1s fallecimientos y despu\u00e9s de este periodo de contagio que, eso s\u00ed, es expansivo, vamos todos a regresar a la normalidad. Yo llevo cuatro d\u00edas y ya estoy bien. Desde luego, si me hago la prueba voy a volver a salir positivo, pero ya no tengo s\u00edntomas que me puedan preocupar y no he tomado medicamentos especiales, estos nuevos medicamentos que ya se aprobaron y que se pueden aplicar\u201d<\/em>, asever\u00f3.<\/p>\n<p>&nbsp;<\/p>\n<p>Al igual hizo un llamado a la ciudadan\u00eda a evitar el uso de medicamentos antivirales, al solo recomendarlo para personas de la tercera edad o que presentan alguna comorbilidad.<\/p>\n<p>&nbsp;<\/p>\n<p><em>\u201cEstos antivirales a\u00fan cuando ya est\u00e1n autorizados y se han recomendado deben aplicarse m\u00e1s a quienes tienen enfermedades cr\u00f3nicas y a la gente mayor. Yo con paracetamol y aunque se r\u00edan mis adversarios, cuestionan al Doctor Alecocer porque dijo el Vaporub, pues s\u00ed, cuando yo era ni\u00f1o recuerdo que nos enferm\u00e1bamos de gripe y mi mam\u00e1s nos pon\u00eda Vaporub en el pecho y en las plantas de lospies y as\u00ed nos acost\u00e1bamos. Esos remedios y miel para la garganta, con un poco de lim\u00f3n, y con eso sale uno adelante. No hay gravedad, tan es as\u00ed que estoy trabajando estoy aqu\u00ed en la oficina\u201d<\/em>, continu\u00f3 el presidente.<\/p>\n<p>&nbsp;<\/p>\n<p>Durante su mensaje estuvo acompa\u00f1ado de Ad\u00e1n Augusto L\u00f3pez, el secretario de Gobernaci\u00f3n, as\u00ed como de Rogelio Ram\u00edez de la O, el secretario de Hacienda.<\/p>\n<p><a class=\"twitter-timeline\" data-width=\"640\" data-height=\"960\" data-dnt=\"true\" href=\"https:\/\/twitter.com\/lopezobrador_?ref_src=twsrc%5Etfw\">Tweets by lopezobrador_<\/a><script async src=\"https:\/\/platform.twitter.com\/widgets.js\" charset=\"utf-8\"><\/script><\/p>\n<p><strong><em>\u00abNos vamos recuperando del nuevo contagio de #COVID19 y seguimos con actividades por el bien de M\u00e9xico y su pueblo\u00bb<\/em><\/strong>.<\/p>\n<p>&nbsp;<\/p>\n<p>&nbsp;<\/p>\n<p>\u2014 Andr\u00e9s Manuel (@lopezobrador_) January 13, 2022<\/p>\n<p>&nbsp;<\/p>\n<p>&nbsp;<\/p>\n","protected":false},"excerpt":{"rendered":"<p>CIUDAD DE M\u00c9XICO. MX. \u2014 El presidente Andr\u00e9s Manuel L\u00f3pez Obrador (AMLO) recurri\u00f3 a sus&#8230;<\/p>\n","protected":false},"author":1,"featured_media":131180,"comment_status":"open","ping_status":"open","sticky":false,"template":"","format":"standard","meta":{"_monsterinsights_skip_tracking":false,"_monsterinsights_sitenote_active":false,"_monsterinsights_sitenote_note":"","_monsterinsights_sitenote_category":0,"footnotes":""},"categories":[5],"tags":[],"class_list":["post"],"yoast_head":" \n<title>Sonora en Equipo. AMLO asegura que ya no presenta s\u00edntomas tras haber contra\u00eddo covid-19. Rep\u00fablica<\/title>\n<meta name=\"description\" content=\"CIUDAD DE M\u00c9XICO. MX. \u2014 El presidente Andr\u00e9s Manuel L\u00f3pez Obrador (AMLO) recurri\u00f3 a sus redes sociales para enviar un mensaje a la naci\u00f3n tras haber dado En Sonora en Equipo publicamos toda la informaci\u00f3n de Sonora, M\u00e9xico y el Mundo de manera oportuna y busca que la libertad de expresi\u00f3n sea real. Visita nuestro medio informativo publicado desde Hermosillo, Sonora. %\" \/>\n<meta name=\"robots\" content=\"index, follow, max-snippet:-1, max-image-preview:large, max-video-preview:-1\" \/>\n<link rel=\"canonical\" href=\"https:\/\/www.sonoraenequipo.com.mx\/amlo-asegura-que-ya-no-presenta-sintomas-tras-haber-contraido-covid-19\/\" \/>\n<meta property=\"og:locale\" content=\"es_ES\" \/>\n<meta property=\"og:type\" content=\"article\" \/>\n<meta property=\"og:title\" content=\"Sonora en Equipo. AMLO asegura que ya no presenta s\u00edntomas tras haber contra\u00eddo covid-19. Rep\u00fablica\" \/>\n<meta property=\"og:description\" content=\"CIUDAD DE M\u00c9XICO. MX. \u2014 El presidente Andr\u00e9s Manuel L\u00f3pez Obrador (AMLO) recurri\u00f3 a sus redes sociales para enviar un mensaje a la naci\u00f3n tras haber dado En Sonora en Equipo publicamos toda la informaci\u00f3n de Sonora, M\u00e9xico y el Mundo de manera oportuna y busca que la libertad de expresi\u00f3n sea real. Visita nuestro medio informativo publicado desde Hermosillo, Sonora. %\" \/>\n<meta property=\"og:url\" content=\"https:\/\/www.sonoraenequipo.com.mx\/amlo-asegura-que-ya-no-presenta-sintomas-tras-haber-contraido-covid-19\/\" \/>\n<meta property=\"og:site_name\" content=\"Sonora en Equipo.\" \/>\n<meta property=\"article:publisher\" content=\"https:\/\/www.facebook.com\/SonoraEE\/\" \/>\n<meta property=\"article:author\" content=\"https:\/\/www.facebook.com\/SonoraEE\" \/>\n<meta property=\"article:published_time\" content=\"2022-01-13T21:25:27+00:00\" \/>\n<meta property=\"article:modified_time\" content=\"2022-01-14T00:38:26+00:00\" \/>\n<meta property=\"og:image\" content=\"https:\/\/www.sonoraenequipo.com.mx\/storage\/2022\/01\/amlo-sintomas-covid_opt.jpg\" \/>\n\t<meta property=\"og:image:width\" content=\"700\" \/>\n\t<meta property=\"og:image:height\" content=\"400\" \/>\n\t<meta property=\"og:image:type\" content=\"image\/jpeg\" \/>\n<meta name=\"author\" content=\"enequipo\" \/>\n<meta name=\"twitter:card\" content=\"summary_large_image\" \/>\n<meta name=\"twitter:creator\" content=\"@sonoraenequipo\" \/>\n<meta name=\"twitter:site\" content=\"@sonoraenequipo\" \/>\n<meta name=\"twitter:label1\" content=\"Escrito por\" \/>\n\t<meta name=\"twitter:data1\" content=\"enequipo\" \/>\n\t<meta name=\"twitter:label2\" content=\"Tiempo de lectura\" \/>\n\t<meta name=\"twitter:data2\" content=\"3 minutos\" \/>\n<script type=\"application\/ld+json\" class=\"yoast-schema-graph\">{\"@context\":\"https:\/\/schema.org\",\"@graph\":[{\"@type\":\"Article\",\"@id\":\"https:\/\/www.sonoraenequipo.com.mx\/amlo-asegura-que-ya-no-presenta-sintomas-tras-haber-contraido-covid-19\/#article\",\"isPartOf\":{\"@id\":\"https:\/\/www.sonoraenequipo.com.mx\/amlo-asegura-que-ya-no-presenta-sintomas-tras-haber-contraido-covid-19\/\"},\"author\":{\"name\":\"enequipo\",\"@id\":\"https:\/\/www.sonoraenequipo.com.mx\/#\/schema\/person\/50102df0fb23a8fa9e8effad8fa81386\"},\"headline\":\"AMLO asegura que ya no presenta s\u00edntomas tras haber contra\u00eddo covid-19.\",\"datePublished\":\"2022-01-13T21:25:27+00:00\",\"dateModified\":\"2022-01-14T00:38:26+00:00\",\"mainEntityOfPage\":{\"@id\":\"https:\/\/www.sonoraenequipo.com.mx\/amlo-asegura-que-ya-no-presenta-sintomas-tras-haber-contraido-covid-19\/\"},\"wordCount\":607,\"commentCount\":0,\"publisher\":{\"@id\":\"https:\/\/www.sonoraenequipo.com.mx\/#organization\"},\"image\":{\"@id\":\"https:\/\/www.sonoraenequipo.com.mx\/amlo-asegura-que-ya-no-presenta-sintomas-tras-haber-contraido-covid-19\/#primaryimage\"},\"thumbnailUrl\":\"https:\/\/www.sonoraenequipo.com.mx\/storage\/2022\/01\/amlo-sintomas-covid_opt.jpg\",\"articleSection\":[\"Rep\u00fablica\"],\"inLanguage\":\"es\",\"potentialAction\":[{\"@type\":\"CommentAction\",\"name\":\"Comment\",\"target\":[\"https:\/\/www.sonoraenequipo.com.mx\/amlo-asegura-que-ya-no-presenta-sintomas-tras-haber-contraido-covid-19\/#respond\"]}]},{\"@type\":\"WebPage\",\"@id\":\"https:\/\/www.sonoraenequipo.com.mx\/amlo-asegura-que-ya-no-presenta-sintomas-tras-haber-contraido-covid-19\/\",\"url\":\"https:\/\/www.sonoraenequipo.com.mx\/amlo-asegura-que-ya-no-presenta-sintomas-tras-haber-contraido-covid-19\/\",\"name\":\"Sonora en Equipo. AMLO asegura que ya no presenta s\u00edntomas tras haber contra\u00eddo covid-19. Rep\u00fablica\",\"isPartOf\":{\"@id\":\"https:\/\/www.sonoraenequipo.com.mx\/#website\"},\"primaryImageOfPage\":{\"@id\":\"https:\/\/www.sonoraenequipo.com.mx\/amlo-asegura-que-ya-no-presenta-sintomas-tras-haber-contraido-covid-19\/#primaryimage\"},\"image\":{\"@id\":\"https:\/\/www.sonoraenequipo.com.mx\/amlo-asegura-que-ya-no-presenta-sintomas-tras-haber-contraido-covid-19\/#primaryimage\"},\"thumbnailUrl\":\"https:\/\/www.sonoraenequipo.com.mx\/storage\/2022\/01\/amlo-sintomas-covid_opt.jpg\",\"datePublished\":\"2022-01-13T21:25:27+00:00\",\"dateModified\":\"2022-01-14T00:38:26+00:00\",\"description\":\"CIUDAD DE M\u00c9XICO. MX. \u2014 El presidente Andr\u00e9s Manuel L\u00f3pez Obrador (AMLO) recurri\u00f3 a sus redes sociales para enviar un mensaje a la naci\u00f3n tras haber dado En Sonora en Equipo publicamos toda la informaci\u00f3n de Sonora, M\u00e9xico y el Mundo de manera oportuna y busca que la libertad de expresi\u00f3n sea real. Visita nuestro medio informativo publicado desde Hermosillo, Sonora. %\",\"breadcrumb\":{\"@id\":\"https:\/\/www.sonoraenequipo.com.mx\/amlo-asegura-que-ya-no-presenta-sintomas-tras-haber-contraido-covid-19\/#breadcrumb\"},\"inLanguage\":\"es\",\"potentialAction\":[{\"@type\":\"ReadAction\",\"target\":[\"https:\/\/www.sonoraenequipo.com.mx\/amlo-asegura-que-ya-no-presenta-sintomas-tras-haber-contraido-covid-19\/\"]}]},{\"@type\":\"ImageObject\",\"inLanguage\":\"es\",\"@id\":\"https:\/\/www.sonoraenequipo.com.mx\/amlo-asegura-que-ya-no-presenta-sintomas-tras-haber-contraido-covid-19\/#primaryimage\",\"url\":\"https:\/\/www.sonoraenequipo.com.mx\/storage\/2022\/01\/amlo-sintomas-covid_opt.jpg\",\"contentUrl\":\"https:\/\/www.sonoraenequipo.com.mx\/storage\/2022\/01\/amlo-sintomas-covid_opt.jpg\",\"width\":700,\"height\":400},{\"@type\":\"BreadcrumbList\",\"@id\":\"https:\/\/www.sonoraenequipo.com.mx\/amlo-asegura-que-ya-no-presenta-sintomas-tras-haber-contraido-covid-19\/#breadcrumb\",\"itemListElement\":[{\"@type\":\"ListItem\",\"position\":1,\"name\":\"Portada\",\"item\":\"https:\/\/www.sonoraenequipo.com.mx\/\"},{\"@type\":\"ListItem\",\"position\":2,\"name\":\"AMLO asegura que ya no presenta s\u00edntomas tras haber contra\u00eddo covid-19.\"}]},{\"@type\":\"WebSite\",\"@id\":\"https:\/\/www.sonoraenequipo.com.mx\/#website\",\"url\":\"https:\/\/www.sonoraenequipo.com.mx\/\",\"name\":\"Sonora en Equipo.\",\"description\":\"Diario en l\u00ednea con Noticias desde Hermosillo, Sonora\",\"publisher\":{\"@id\":\"https:\/\/www.sonoraenequipo.com.mx\/#organization\"},\"potentialAction\":[{\"@type\":\"SearchAction\",\"target\":{\"@type\":\"EntryPoint\",\"urlTemplate\":\"https:\/\/www.sonoraenequipo.com.mx\/?s={search_term_string}\"},\"query-input\":{\"@type\":\"PropertyValueSpecification\",\"valueRequired\":true,\"valueName\":\"search_term_string\"}}],\"inLanguage\":\"es\"},{\"@type\":\"Organization\",\"@id\":\"https:\/\/www.sonoraenequipo.com.mx\/#organization\",\"name\":\"Sonoraenequipo.com.mx\",\"url\":\"https:\/\/www.sonoraenequipo.com.mx\/\",\"logo\":{\"@type\":\"ImageObject\",\"inLanguage\":\"es\",\"@id\":\"https:\/\/www.sonoraenequipo.com.mx\/#\/schema\/logo\/image\/\",\"url\":\"https:\/\/www.sonoraenequipo.com.mx\/storage\/2019\/01\/sonoraenequipo_opt.png\",\"contentUrl\":\"https:\/\/www.sonoraenequipo.com.mx\/storage\/2019\/01\/sonoraenequipo_opt.png\",\"width\":375,\"height\":125,\"caption\":\"Sonoraenequipo.com.mx\"},\"image\":{\"@id\":\"https:\/\/www.sonoraenequipo.com.mx\/#\/schema\/logo\/image\/\"},\"sameAs\":[\"https:\/\/www.facebook.com\/SonoraEE\/\",\"https:\/\/x.com\/sonoraenequipo\",\"https:\/\/www.youtube.com\/channel\/UC338nW-lPEYmJQs4ZABQ1SQ\"]},{\"@type\":\"Person\",\"@id\":\"https:\/\/www.sonoraenequipo.com.mx\/#\/schema\/person\/50102df0fb23a8fa9e8effad8fa81386\",\"name\":\"enequipo\",\"image\":{\"@type\":\"ImageObject\",\"inLanguage\":\"es\",\"@id\":\"https:\/\/www.sonoraenequipo.com.mx\/#\/schema\/person\/image\/\",\"url\":\"https:\/\/secure.gravatar.com\/avatar\/049821681b589dabc0bc20695993ccebb09f5b5d4d790cd9251b97faac7c652b?s=96&d=blank&r=g\",\"contentUrl\":\"https:\/\/secure.gravatar.com\/avatar\/049821681b589dabc0bc20695993ccebb09f5b5d4d790cd9251b97faac7c652b?s=96&d=blank&r=g\",\"caption\":\"enequipo\"},\"sameAs\":[\"https:\/\/www.facebook.com\/SonoraEE\"]}]}<\/script>\n ","yoast_head_json":{"title":"Sonora en Equipo. AMLO asegura que ya no presenta s\u00edntomas tras haber contra\u00eddo covid-19. Rep\u00fablica","description":"CIUDAD DE M\u00c9XICO. MX. \u2014 El presidente Andr\u00e9s Manuel L\u00f3pez Obrador (AMLO) recurri\u00f3 a sus redes sociales para enviar un mensaje a la naci\u00f3n tras haber dado En Sonora en Equipo publicamos toda la informaci\u00f3n de Sonora, M\u00e9xico y el Mundo de manera oportuna y busca que la libertad de expresi\u00f3n sea real. Visita nuestro medio informativo publicado desde Hermosillo, Sonora. %","robots":{"index":"index","follow":"follow","max-snippet":"max-snippet:-1","max-image-preview":"max-image-preview:large","max-video-preview":"max-video-preview:-1"},"canonical":"https:\/\/www.sonoraenequipo.com.mx\/amlo-asegura-que-ya-no-presenta-sintomas-tras-haber-contraido-covid-19\/","og_locale":"es_ES","og_type":"article","og_title":"Sonora en Equipo. AMLO asegura que ya no presenta s\u00edntomas tras haber contra\u00eddo covid-19. Rep\u00fablica","og_description":"CIUDAD DE M\u00c9XICO. MX. \u2014 El presidente Andr\u00e9s Manuel L\u00f3pez Obrador (AMLO) recurri\u00f3 a sus redes sociales para enviar un mensaje a la naci\u00f3n tras haber dado En Sonora en Equipo publicamos toda la informaci\u00f3n de Sonora, M\u00e9xico y el Mundo de manera oportuna y busca que la libertad de expresi\u00f3n sea real. Visita nuestro medio informativo publicado desde Hermosillo, Sonora. %","og_url":"https:\/\/www.sonoraenequipo.com.mx\/amlo-asegura-que-ya-no-presenta-sintomas-tras-haber-contraido-covid-19\/","og_site_name":"Sonora en Equipo.","article_publisher":"https:\/\/www.facebook.com\/SonoraEE\/","article_author":"https:\/\/www.facebook.com\/SonoraEE","article_published_time":"2022-01-13T21:25:27+00:00","article_modified_time":"2022-01-14T00:38:26+00:00","og_image":[{"width":700,"height":400,"url":"https:\/\/www.sonoraenequipo.com.mx\/storage\/2022\/01\/amlo-sintomas-covid_opt.jpg","type":"image\/jpeg"}],"author":"enequipo","twitter_card":"summary_large_image","twitter_creator":"@sonoraenequipo","twitter_site":"@sonoraenequipo","twitter_misc":{"Escrito por":"enequipo","Tiempo de lectura":"3 minutos"},"schema":{"@context":"https:\/\/schema.org","@graph":[{"@type":"Article","@id":"https:\/\/www.sonoraenequipo.com.mx\/amlo-asegura-que-ya-no-presenta-sintomas-tras-haber-contraido-covid-19\/#article","isPartOf":{"@id":"https:\/\/www.sonoraenequipo.com.mx\/amlo-asegura-que-ya-no-presenta-sintomas-tras-haber-contraido-covid-19\/"},"author":{"name":"enequipo","@id":"https:\/\/www.sonoraenequipo.com.mx\/#\/schema\/person\/50102df0fb23a8fa9e8effad8fa81386"},"headline":"AMLO asegura que ya no presenta s\u00edntomas tras haber contra\u00eddo covid-19.","datePublished":"2022-01-13T21:25:27+00:00","dateModified":"2022-01-14T00:38:26+00:00","mainEntityOfPage":{"@id":"https:\/\/www.sonoraenequipo.com.mx\/amlo-asegura-que-ya-no-presenta-sintomas-tras-haber-contraido-covid-19\/"},"wordCount":607,"commentCount":0,"publisher":{"@id":"https:\/\/www.sonoraenequipo.com.mx\/#organization"},"image":{"@id":"https:\/\/www.sonoraenequipo.com.mx\/amlo-asegura-que-ya-no-presenta-sintomas-tras-haber-contraido-covid-19\/#primaryimage"},"thumbnailUrl":"https:\/\/www.sonoraenequipo.com.mx\/storage\/2022\/01\/amlo-sintomas-covid_opt.jpg","articleSection":["Rep\u00fablica"],"inLanguage":"es","potentialAction":[{"@type":"CommentAction","name":"Comment","target":["https:\/\/www.sonoraenequipo.com.mx\/amlo-asegura-que-ya-no-presenta-sintomas-tras-haber-contraido-covid-19\/#respond"]}]},{"@type":"WebPage","@id":"https:\/\/www.sonoraenequipo.com.mx\/amlo-asegura-que-ya-no-presenta-sintomas-tras-haber-contraido-covid-19\/","url":"https:\/\/www.sonoraenequipo.com.mx\/amlo-asegura-que-ya-no-presenta-sintomas-tras-haber-contraido-covid-19\/","name":"Sonora en Equipo. AMLO asegura que ya no presenta s\u00edntomas tras haber contra\u00eddo covid-19. Rep\u00fablica","isPartOf":{"@id":"https:\/\/www.sonoraenequipo.com.mx\/#website"},"primaryImageOfPage":{"@id":"https:\/\/www.sonoraenequipo.com.mx\/amlo-asegura-que-ya-no-presenta-sintomas-tras-haber-contraido-covid-19\/#primaryimage"},"image":{"@id":"https:\/\/www.sonoraenequipo.com.mx\/amlo-asegura-que-ya-no-presenta-sintomas-tras-haber-contraido-covid-19\/#primaryimage"},"thumbnailUrl":"https:\/\/www.sonoraenequipo.com.mx\/storage\/2022\/01\/amlo-sintomas-covid_opt.jpg","datePublished":"2022-01-13T21:25:27+00:00","dateModified":"2022-01-14T00:38:26+00:00","description":"CIUDAD DE M\u00c9XICO. MX. \u2014 El presidente Andr\u00e9s Manuel L\u00f3pez Obrador (AMLO) recurri\u00f3 a sus redes sociales para enviar un mensaje a la naci\u00f3n tras haber dado En Sonora en Equipo publicamos toda la informaci\u00f3n de Sonora, M\u00e9xico y el Mundo de manera oportuna y busca que la libertad de expresi\u00f3n sea real. Visita nuestro medio informativo publicado desde Hermosillo, Sonora. %","breadcrumb":{"@id":"https:\/\/www.sonoraenequipo.com.mx\/amlo-asegura-que-ya-no-presenta-sintomas-tras-haber-contraido-covid-19\/#breadcrumb"},"inLanguage":"es","potentialAction":[{"@type":"ReadAction","target":["https:\/\/www.sonoraenequipo.com.mx\/amlo-asegura-que-ya-no-presenta-sintomas-tras-haber-contraido-covid-19\/"]}]},{"@type":"ImageObject","inLanguage":"es","@id":"https:\/\/www.sonoraenequipo.com.mx\/amlo-asegura-que-ya-no-presenta-sintomas-tras-haber-contraido-covid-19\/#primaryimage","url":"https:\/\/www.sonoraenequipo.com.mx\/storage\/2022\/01\/amlo-sintomas-covid_opt.jpg","contentUrl":"https:\/\/www.sonoraenequipo.com.mx\/storage\/2022\/01\/amlo-sintomas-covid_opt.jpg","width":700,"height":400},{"@type":"BreadcrumbList","@id":"https:\/\/www.sonoraenequipo.com.mx\/amlo-asegura-que-ya-no-presenta-sintomas-tras-haber-contraido-covid-19\/#breadcrumb","itemListElement":[{"@type":"ListItem","position":1,"name":"Portada","item":"https:\/\/www.sonoraenequipo.com.mx\/"},{"@type":"ListItem","position":2,"name":"AMLO asegura que ya no presenta s\u00edntomas tras haber contra\u00eddo covid-19."}]},{"@type":"WebSite","@id":"https:\/\/www.sonoraenequipo.com.mx\/#website","url":"https:\/\/www.sonoraenequipo.com.mx\/","name":"Sonora en Equipo.","description":"Diario en l\u00ednea con Noticias desde Hermosillo, Sonora","publisher":{"@id":"https:\/\/www.sonoraenequipo.com.mx\/#organization"},"potentialAction":[{"@type":"SearchAction","target":{"@type":"EntryPoint","urlTemplate":"https:\/\/www.sonoraenequipo.com.mx\/?s={search_term_string}"},"query-input":{"@type":"PropertyValueSpecification","valueRequired":true,"valueName":"search_term_string"}}],"inLanguage":"es"},{"@type":"Organization","@id":"https:\/\/www.sonoraenequipo.com.mx\/#organization","name":"Sonoraenequipo.com.mx","url":"https:\/\/www.sonoraenequipo.com.mx\/","logo":{"@type":"ImageObject","inLanguage":"es","@id":"https:\/\/www.sonoraenequipo.com.mx\/#\/schema\/logo\/image\/","url":"https:\/\/www.sonoraenequipo.com.mx\/storage\/2019\/01\/sonoraenequipo_opt.png","contentUrl":"https:\/\/www.sonoraenequipo.com.mx\/storage\/2019\/01\/sonoraenequipo_opt.png","width":375,"height":125,"caption":"Sonoraenequipo.com.mx"},"image":{"@id":"https:\/\/www.sonoraenequipo.com.mx\/#\/schema\/logo\/image\/"},"sameAs":["https:\/\/www.facebook.com\/SonoraEE\/","https:\/\/x.com\/sonoraenequipo","https:\/\/www.youtube.com\/channel\/UC338nW-lPEYmJQs4ZABQ1SQ"]},{"@type":"Person","@id":"https:\/\/www.sonoraenequipo.com.mx\/#\/schema\/person\/50102df0fb23a8fa9e8effad8fa81386","name":"enequipo","image":{"@type":"ImageObject","inLanguage":"es","@id":"https:\/\/www.sonoraenequipo.com.mx\/#\/schema\/person\/image\/","url":"https:\/\/secure.gravatar.com\/avatar\/049821681b589dabc0bc20695993ccebb09f5b5d4d790cd9251b97faac7c652b?s=96&d=blank&r=g","contentUrl":"https:\/\/secure.gravatar.com\/avatar\/049821681b589dabc0bc20695993ccebb09f5b5d4d790cd9251b97faac7c652b?s=96&d=blank&r=g","caption":"enequipo"},"sameAs":["https:\/\/www.facebook.com\/SonoraEE"]}]}},"jetpack_featured_media_url":"https:\/\/www.sonoraenequipo.com.mx\/storage\/2022\/01\/amlo-sintomas-covid_opt.jpg","_links":{"self":[{"href":"https:\/\/www.sonoraenequipo.com.mx\/api\/wp\/v2\/posts\/131177","targetHints":{"allow":["GET"]}}],"collection":[{"href":"https:\/\/www.sonoraenequipo.com.mx\/api\/wp\/v2\/posts"}],"about":[{"href":"https:\/\/www.sonoraenequipo.com.mx\/api\/wp\/v2\/types\/post"}],"author":[{"embeddable":true,"href":"https:\/\/www.sonoraenequipo.com.mx\/api\/wp\/v2\/users\/1"}],"replies":[{"embeddable":true,"href":"https:\/\/www.sonoraenequipo.com.mx\/api\/wp\/v2\/comments?post=131177"}],"version-history":[{"count":2,"href":"https:\/\/www.sonoraenequipo.com.mx\/api\/wp\/v2\/posts\/131177\/revisions"}],"predecessor-version":[{"id":131182,"href":"https:\/\/www.sonoraenequipo.com.mx\/api\/wp\/v2\/posts\/131177\/revisions\/131182"}],"wp:featuredmedia":[{"embeddable":true,"href":"https:\/\/www.sonoraenequipo.com.mx\/api\/wp\/v2\/media\/131180"}],"wp:attachment":[{"href":"https:\/\/www.sonoraenequipo.com.mx\/api\/wp\/v2\/media?parent=131177"}],"wp:term":[{"taxonomy":"category","embeddable":true,"href":"https:\/\/www.sonoraenequipo.com.mx\/api\/wp\/v2\/categories?post=131177"},{"taxonomy":"post_tag","embeddable":true,"href":"https:\/\/www.sonoraenequipo.com.mx\/api\/wp\/v2\/tags?post=131177"}],"curies":[{"name":"wp","href":"https:\/\/api.w.org\/{rel}","templated":true}]}}