{"id":131193,"date":"2022-01-13T15:38:39","date_gmt":"2022-01-13T22:38:39","guid":{"rendered":"https:\/\/www.sonoraenequipo.com.mx\/?p=131193"},"modified":"2022-01-13T18:14:14","modified_gmt":"2022-01-14T01:14:14","slug":"oms-advierte-que-mientras-mas-circule-el-virus-mas-riesgo-hay-de-que-surja-una-variante-mas-peligrosa","status":"publish","type":"post","link":"https:\/\/www.sonoraenequipo.com.mx\/oms-advierte-que-mientras-mas-circule-el-virus-mas-riesgo-hay-de-que-surja-una-variante-mas-peligrosa\/","title":{"rendered":"OMS advierte que mientras m\u00e1s circule el virus m\u00e1s riesgo hay de que surja una variante m\u00e1s peligrosa"},"content":{"rendered":"<p>ESTADOS UNIDOS. \u2014 Durante una rueda de prensa el pasado 12 de enero, representantes de la OMS advirtieron que \u00f3micron no ser\u00e1 la \u00faltima variante de covid en aparecer. Adem\u00e1s, destacaron que <em>\u201centre m\u00e1s circule el virus, ser\u00e1 m\u00e1s probable que enfrentemos otras variantes m\u00e1s peligrosas\u201d.<\/em><\/p>\n<p>&nbsp;<\/p>\n<p> <\/p>\n<p>&nbsp;<\/p>\n<p>La Organizaci\u00f3n Mundial de la Salud (OMS) ha insistido en no subestimar la variante \u00f3micron de la COVID-19. Aunque esta variante pueda causar una infecci\u00f3n menos grave, los especialistas advierten en que eso no es pretexto para menospreciar los estragos que puede causar la enfermedad.<\/p>\n<p><em>\u201c\u00d3micron puede ser menos grave en la infecci\u00f3n que causa a un individuo, pero esto no significa que provoque una enfermedad leve. En estos momentos hay mucha gente en todo el mundo que est\u00e1 en unidades de cuidados intensivos y con ventilaci\u00f3n mec\u00e1nica\u201d,<\/em> declar\u00f3 Mike Ryan, director de Emergencias Sanitarias de la OMS.<\/p>\n<p>&nbsp;<\/p>\n<p>El 13 de enero se anunci\u00f3 que el mundo hab\u00eda roto un nuevo r\u00e9cord de contagios: 3.4 millones de contagios en veinticuatro horas. Esta cifra demuestra que los ciudadanos y los pa\u00edses no pueden bajar la guardia ante la pandemia.<\/p>\n<p>&nbsp;<\/p>\n<p><em>\u201cUn grupo dice que hay que tirar la toalla y dejar que todo el mundo se inmunice, mientras el otro grupo pide que se usen mascarillas y que se siga vacunando. Si elegimos mal, y la primera es la mala elecci\u00f3n, la gente va a pagar las consecuencias\u201d<\/em>, dijo el asesor Bruce Aylward.<\/p>\n<p>&nbsp;<\/p>\n<p>Adem\u00e1s, Ayward advirti\u00f3 que la variante \u00f3micron no ser\u00e1 la \u00faltima variante de la covid. Por el contrario, dijo que hay incertidumbre sobre el camino que pueda tomar el virus y afirm\u00f3 que mientras m\u00e1s circule m\u00e1s probable es que surja una nueva variante de preocupaci\u00f3n.<\/p>\n<p>&nbsp;<\/p>\n<p><em>\u201cOtra cosa que tenemos que recordar es que \u00f3micron no ser\u00e1 la \u00faltima variante. No sabemos hacia d\u00f3nde va este virus y, como hemos dicho, cuanto m\u00e1s se replica como lo est\u00e1 haciendo es m\u00e1s probable que nos enfrentemos a otras variantes m\u00e1s peligrosas\u201d<\/em>, declar\u00f3.<\/p>\n<p>&nbsp;<\/p>\n<p>Tambi\u00e9n se\u00f1al\u00f3 que la curva de contagios provocada por \u00f3micron es in\u00e9dita:<em> \u201cnunca hemos visto una curva pand\u00e9mica como esta\u201d<\/em>. Uno de los principales peligros de esta variante es que puede saturar los servicios sanitarios y afectar a otros pacientes que buscan atenci\u00f3n para otros padecimientos.<\/p>\n<p>&nbsp;<\/p>\n<p>(Publicada el 13\/01\/2022 \/Con informaci\u00f3n de EFE)<\/p>\n","protected":false},"excerpt":{"rendered":"<p>ESTADOS UNIDOS. \u2014 Durante una rueda de prensa el pasado 12 de enero, representantes de&#8230;<\/p>\n","protected":false},"author":1,"featured_media":131194,"comment_status":"open","ping_status":"open","sticky":false,"template":"","format":"standard","meta":{"_monsterinsights_skip_tracking":false,"_monsterinsights_sitenote_active":false,"_monsterinsights_sitenote_note":"","_monsterinsights_sitenote_category":0,"footnotes":""},"categories":[3],"tags":[],"class_list":["post"],"yoast_head":" \n<title>Sonora en Equipo. OMS advierte que mientras m\u00e1s circule el virus m\u00e1s riesgo hay de que surja una variante m\u00e1s peligrosa MUNDO<\/title>\n<meta name=\"description\" content=\"ESTADOS UNIDOS. \u2014 Durante una rueda de prensa el pasado 12 de enero, representantes de la OMS advirtieron que \u00f3micron no ser\u00e1 la \u00faltima variante de covid En Sonora en Equipo publicamos toda la informaci\u00f3n de Sonora, M\u00e9xico y el Mundo de manera oportuna y busca que la libertad de expresi\u00f3n sea real. Visita nuestro medio informativo publicado desde Hermosillo, Sonora. %\" \/>\n<meta name=\"robots\" content=\"index, follow, max-snippet:-1, max-image-preview:large, max-video-preview:-1\" \/>\n<link rel=\"canonical\" href=\"https:\/\/www.sonoraenequipo.com.mx\/oms-advierte-que-mientras-mas-circule-el-virus-mas-riesgo-hay-de-que-surja-una-variante-mas-peligrosa\/\" \/>\n<meta property=\"og:locale\" content=\"es_ES\" \/>\n<meta property=\"og:type\" content=\"article\" \/>\n<meta property=\"og:title\" content=\"Sonora en Equipo. OMS advierte que mientras m\u00e1s circule el virus m\u00e1s riesgo hay de que surja una variante m\u00e1s peligrosa MUNDO\" \/>\n<meta property=\"og:description\" content=\"ESTADOS UNIDOS. \u2014 Durante una rueda de prensa el pasado 12 de enero, representantes de la OMS advirtieron que \u00f3micron no ser\u00e1 la \u00faltima variante de covid En Sonora en Equipo publicamos toda la informaci\u00f3n de Sonora, M\u00e9xico y el Mundo de manera oportuna y busca que la libertad de expresi\u00f3n sea real. Visita nuestro medio informativo publicado desde Hermosillo, Sonora. %\" \/>\n<meta property=\"og:url\" content=\"https:\/\/www.sonoraenequipo.com.mx\/oms-advierte-que-mientras-mas-circule-el-virus-mas-riesgo-hay-de-que-surja-una-variante-mas-peligrosa\/\" \/>\n<meta property=\"og:site_name\" content=\"Sonora en Equipo.\" \/>\n<meta property=\"article:publisher\" content=\"https:\/\/www.facebook.com\/SonoraEE\/\" \/>\n<meta property=\"article:author\" content=\"https:\/\/www.facebook.com\/SonoraEE\" \/>\n<meta property=\"article:published_time\" content=\"2022-01-13T22:38:39+00:00\" \/>\n<meta property=\"article:modified_time\" content=\"2022-01-14T01:14:14+00:00\" \/>\n<meta property=\"og:image\" content=\"https:\/\/www.sonoraenequipo.com.mx\/storage\/2022\/01\/CDMX-covid-19_opt.jpg\" \/>\n\t<meta property=\"og:image:width\" content=\"700\" \/>\n\t<meta property=\"og:image:height\" content=\"400\" \/>\n\t<meta property=\"og:image:type\" content=\"image\/jpeg\" \/>\n<meta name=\"author\" content=\"enequipo\" \/>\n<meta name=\"twitter:card\" content=\"summary_large_image\" \/>\n<meta name=\"twitter:creator\" content=\"@sonoraenequipo\" \/>\n<meta name=\"twitter:site\" content=\"@sonoraenequipo\" \/>\n<meta name=\"twitter:label1\" content=\"Escrito por\" \/>\n\t<meta name=\"twitter:data1\" content=\"enequipo\" \/>\n\t<meta name=\"twitter:label2\" content=\"Tiempo de lectura\" \/>\n\t<meta name=\"twitter:data2\" content=\"2 minutos\" \/>\n<script type=\"application\/ld+json\" class=\"yoast-schema-graph\">{\"@context\":\"https:\/\/schema.org\",\"@graph\":[{\"@type\":\"Article\",\"@id\":\"https:\/\/www.sonoraenequipo.com.mx\/oms-advierte-que-mientras-mas-circule-el-virus-mas-riesgo-hay-de-que-surja-una-variante-mas-peligrosa\/#article\",\"isPartOf\":{\"@id\":\"https:\/\/www.sonoraenequipo.com.mx\/oms-advierte-que-mientras-mas-circule-el-virus-mas-riesgo-hay-de-que-surja-una-variante-mas-peligrosa\/\"},\"author\":{\"name\":\"enequipo\",\"@id\":\"https:\/\/www.sonoraenequipo.com.mx\/#\/schema\/person\/50102df0fb23a8fa9e8effad8fa81386\"},\"headline\":\"OMS advierte que mientras m\u00e1s circule el virus m\u00e1s riesgo hay de que surja una variante m\u00e1s peligrosa\",\"datePublished\":\"2022-01-13T22:38:39+00:00\",\"dateModified\":\"2022-01-14T01:14:14+00:00\",\"mainEntityOfPage\":{\"@id\":\"https:\/\/www.sonoraenequipo.com.mx\/oms-advierte-que-mientras-mas-circule-el-virus-mas-riesgo-hay-de-que-surja-una-variante-mas-peligrosa\/\"},\"wordCount\":432,\"commentCount\":0,\"publisher\":{\"@id\":\"https:\/\/www.sonoraenequipo.com.mx\/#organization\"},\"image\":{\"@id\":\"https:\/\/www.sonoraenequipo.com.mx\/oms-advierte-que-mientras-mas-circule-el-virus-mas-riesgo-hay-de-que-surja-una-variante-mas-peligrosa\/#primaryimage\"},\"thumbnailUrl\":\"https:\/\/www.sonoraenequipo.com.mx\/storage\/2022\/01\/CDMX-covid-19_opt.jpg\",\"articleSection\":[\"MUNDO\"],\"inLanguage\":\"es\",\"potentialAction\":[{\"@type\":\"CommentAction\",\"name\":\"Comment\",\"target\":[\"https:\/\/www.sonoraenequipo.com.mx\/oms-advierte-que-mientras-mas-circule-el-virus-mas-riesgo-hay-de-que-surja-una-variante-mas-peligrosa\/#respond\"]}]},{\"@type\":\"WebPage\",\"@id\":\"https:\/\/www.sonoraenequipo.com.mx\/oms-advierte-que-mientras-mas-circule-el-virus-mas-riesgo-hay-de-que-surja-una-variante-mas-peligrosa\/\",\"url\":\"https:\/\/www.sonoraenequipo.com.mx\/oms-advierte-que-mientras-mas-circule-el-virus-mas-riesgo-hay-de-que-surja-una-variante-mas-peligrosa\/\",\"name\":\"Sonora en Equipo. OMS advierte que mientras m\u00e1s circule el virus m\u00e1s riesgo hay de que surja una variante m\u00e1s peligrosa MUNDO\",\"isPartOf\":{\"@id\":\"https:\/\/www.sonoraenequipo.com.mx\/#website\"},\"primaryImageOfPage\":{\"@id\":\"https:\/\/www.sonoraenequipo.com.mx\/oms-advierte-que-mientras-mas-circule-el-virus-mas-riesgo-hay-de-que-surja-una-variante-mas-peligrosa\/#primaryimage\"},\"image\":{\"@id\":\"https:\/\/www.sonoraenequipo.com.mx\/oms-advierte-que-mientras-mas-circule-el-virus-mas-riesgo-hay-de-que-surja-una-variante-mas-peligrosa\/#primaryimage\"},\"thumbnailUrl\":\"https:\/\/www.sonoraenequipo.com.mx\/storage\/2022\/01\/CDMX-covid-19_opt.jpg\",\"datePublished\":\"2022-01-13T22:38:39+00:00\",\"dateModified\":\"2022-01-14T01:14:14+00:00\",\"description\":\"ESTADOS UNIDOS. \u2014 Durante una rueda de prensa el pasado 12 de enero, representantes de la OMS advirtieron que \u00f3micron no ser\u00e1 la \u00faltima variante de covid En Sonora en Equipo publicamos toda la informaci\u00f3n de Sonora, M\u00e9xico y el Mundo de manera oportuna y busca que la libertad de expresi\u00f3n sea real. Visita nuestro medio informativo publicado desde Hermosillo, Sonora. %\",\"breadcrumb\":{\"@id\":\"https:\/\/www.sonoraenequipo.com.mx\/oms-advierte-que-mientras-mas-circule-el-virus-mas-riesgo-hay-de-que-surja-una-variante-mas-peligrosa\/#breadcrumb\"},\"inLanguage\":\"es\",\"potentialAction\":[{\"@type\":\"ReadAction\",\"target\":[\"https:\/\/www.sonoraenequipo.com.mx\/oms-advierte-que-mientras-mas-circule-el-virus-mas-riesgo-hay-de-que-surja-una-variante-mas-peligrosa\/\"]}]},{\"@type\":\"ImageObject\",\"inLanguage\":\"es\",\"@id\":\"https:\/\/www.sonoraenequipo.com.mx\/oms-advierte-que-mientras-mas-circule-el-virus-mas-riesgo-hay-de-que-surja-una-variante-mas-peligrosa\/#primaryimage\",\"url\":\"https:\/\/www.sonoraenequipo.com.mx\/storage\/2022\/01\/CDMX-covid-19_opt.jpg\",\"contentUrl\":\"https:\/\/www.sonoraenequipo.com.mx\/storage\/2022\/01\/CDMX-covid-19_opt.jpg\",\"width\":700,\"height\":400},{\"@type\":\"BreadcrumbList\",\"@id\":\"https:\/\/www.sonoraenequipo.com.mx\/oms-advierte-que-mientras-mas-circule-el-virus-mas-riesgo-hay-de-que-surja-una-variante-mas-peligrosa\/#breadcrumb\",\"itemListElement\":[{\"@type\":\"ListItem\",\"position\":1,\"name\":\"Portada\",\"item\":\"https:\/\/www.sonoraenequipo.com.mx\/\"},{\"@type\":\"ListItem\",\"position\":2,\"name\":\"OMS advierte que mientras m\u00e1s circule el virus m\u00e1s riesgo hay de que surja una variante m\u00e1s peligrosa\"}]},{\"@type\":\"WebSite\",\"@id\":\"https:\/\/www.sonoraenequipo.com.mx\/#website\",\"url\":\"https:\/\/www.sonoraenequipo.com.mx\/\",\"name\":\"Sonora en Equipo.\",\"description\":\"Diario en l\u00ednea con Noticias desde Hermosillo, Sonora\",\"publisher\":{\"@id\":\"https:\/\/www.sonoraenequipo.com.mx\/#organization\"},\"potentialAction\":[{\"@type\":\"SearchAction\",\"target\":{\"@type\":\"EntryPoint\",\"urlTemplate\":\"https:\/\/www.sonoraenequipo.com.mx\/?s={search_term_string}\"},\"query-input\":{\"@type\":\"PropertyValueSpecification\",\"valueRequired\":true,\"valueName\":\"search_term_string\"}}],\"inLanguage\":\"es\"},{\"@type\":\"Organization\",\"@id\":\"https:\/\/www.sonoraenequipo.com.mx\/#organization\",\"name\":\"Sonoraenequipo.com.mx\",\"url\":\"https:\/\/www.sonoraenequipo.com.mx\/\",\"logo\":{\"@type\":\"ImageObject\",\"inLanguage\":\"es\",\"@id\":\"https:\/\/www.sonoraenequipo.com.mx\/#\/schema\/logo\/image\/\",\"url\":\"https:\/\/www.sonoraenequipo.com.mx\/storage\/2019\/01\/sonoraenequipo_opt.png\",\"contentUrl\":\"https:\/\/www.sonoraenequipo.com.mx\/storage\/2019\/01\/sonoraenequipo_opt.png\",\"width\":375,\"height\":125,\"caption\":\"Sonoraenequipo.com.mx\"},\"image\":{\"@id\":\"https:\/\/www.sonoraenequipo.com.mx\/#\/schema\/logo\/image\/\"},\"sameAs\":[\"https:\/\/www.facebook.com\/SonoraEE\/\",\"https:\/\/x.com\/sonoraenequipo\",\"https:\/\/www.youtube.com\/channel\/UC338nW-lPEYmJQs4ZABQ1SQ\"]},{\"@type\":\"Person\",\"@id\":\"https:\/\/www.sonoraenequipo.com.mx\/#\/schema\/person\/50102df0fb23a8fa9e8effad8fa81386\",\"name\":\"enequipo\",\"image\":{\"@type\":\"ImageObject\",\"inLanguage\":\"es\",\"@id\":\"https:\/\/www.sonoraenequipo.com.mx\/#\/schema\/person\/image\/\",\"url\":\"https:\/\/secure.gravatar.com\/avatar\/049821681b589dabc0bc20695993ccebb09f5b5d4d790cd9251b97faac7c652b?s=96&d=blank&r=g\",\"contentUrl\":\"https:\/\/secure.gravatar.com\/avatar\/049821681b589dabc0bc20695993ccebb09f5b5d4d790cd9251b97faac7c652b?s=96&d=blank&r=g\",\"caption\":\"enequipo\"},\"sameAs\":[\"https:\/\/www.facebook.com\/SonoraEE\"]}]}<\/script>\n ","yoast_head_json":{"title":"Sonora en Equipo. OMS advierte que mientras m\u00e1s circule el virus m\u00e1s riesgo hay de que surja una variante m\u00e1s peligrosa MUNDO","description":"ESTADOS UNIDOS. \u2014 Durante una rueda de prensa el pasado 12 de enero, representantes de la OMS advirtieron que \u00f3micron no ser\u00e1 la \u00faltima variante de covid En Sonora en Equipo publicamos toda la informaci\u00f3n de Sonora, M\u00e9xico y el Mundo de manera oportuna y busca que la libertad de expresi\u00f3n sea real. Visita nuestro medio informativo publicado desde Hermosillo, Sonora. %","robots":{"index":"index","follow":"follow","max-snippet":"max-snippet:-1","max-image-preview":"max-image-preview:large","max-video-preview":"max-video-preview:-1"},"canonical":"https:\/\/www.sonoraenequipo.com.mx\/oms-advierte-que-mientras-mas-circule-el-virus-mas-riesgo-hay-de-que-surja-una-variante-mas-peligrosa\/","og_locale":"es_ES","og_type":"article","og_title":"Sonora en Equipo. OMS advierte que mientras m\u00e1s circule el virus m\u00e1s riesgo hay de que surja una variante m\u00e1s peligrosa MUNDO","og_description":"ESTADOS UNIDOS. \u2014 Durante una rueda de prensa el pasado 12 de enero, representantes de la OMS advirtieron que \u00f3micron no ser\u00e1 la \u00faltima variante de covid En Sonora en Equipo publicamos toda la informaci\u00f3n de Sonora, M\u00e9xico y el Mundo de manera oportuna y busca que la libertad de expresi\u00f3n sea real. Visita nuestro medio informativo publicado desde Hermosillo, Sonora. %","og_url":"https:\/\/www.sonoraenequipo.com.mx\/oms-advierte-que-mientras-mas-circule-el-virus-mas-riesgo-hay-de-que-surja-una-variante-mas-peligrosa\/","og_site_name":"Sonora en Equipo.","article_publisher":"https:\/\/www.facebook.com\/SonoraEE\/","article_author":"https:\/\/www.facebook.com\/SonoraEE","article_published_time":"2022-01-13T22:38:39+00:00","article_modified_time":"2022-01-14T01:14:14+00:00","og_image":[{"width":700,"height":400,"url":"https:\/\/www.sonoraenequipo.com.mx\/storage\/2022\/01\/CDMX-covid-19_opt.jpg","type":"image\/jpeg"}],"author":"enequipo","twitter_card":"summary_large_image","twitter_creator":"@sonoraenequipo","twitter_site":"@sonoraenequipo","twitter_misc":{"Escrito por":"enequipo","Tiempo de lectura":"2 minutos"},"schema":{"@context":"https:\/\/schema.org","@graph":[{"@type":"Article","@id":"https:\/\/www.sonoraenequipo.com.mx\/oms-advierte-que-mientras-mas-circule-el-virus-mas-riesgo-hay-de-que-surja-una-variante-mas-peligrosa\/#article","isPartOf":{"@id":"https:\/\/www.sonoraenequipo.com.mx\/oms-advierte-que-mientras-mas-circule-el-virus-mas-riesgo-hay-de-que-surja-una-variante-mas-peligrosa\/"},"author":{"name":"enequipo","@id":"https:\/\/www.sonoraenequipo.com.mx\/#\/schema\/person\/50102df0fb23a8fa9e8effad8fa81386"},"headline":"OMS advierte que mientras m\u00e1s circule el virus m\u00e1s riesgo hay de que surja una variante m\u00e1s peligrosa","datePublished":"2022-01-13T22:38:39+00:00","dateModified":"2022-01-14T01:14:14+00:00","mainEntityOfPage":{"@id":"https:\/\/www.sonoraenequipo.com.mx\/oms-advierte-que-mientras-mas-circule-el-virus-mas-riesgo-hay-de-que-surja-una-variante-mas-peligrosa\/"},"wordCount":432,"commentCount":0,"publisher":{"@id":"https:\/\/www.sonoraenequipo.com.mx\/#organization"},"image":{"@id":"https:\/\/www.sonoraenequipo.com.mx\/oms-advierte-que-mientras-mas-circule-el-virus-mas-riesgo-hay-de-que-surja-una-variante-mas-peligrosa\/#primaryimage"},"thumbnailUrl":"https:\/\/www.sonoraenequipo.com.mx\/storage\/2022\/01\/CDMX-covid-19_opt.jpg","articleSection":["MUNDO"],"inLanguage":"es","potentialAction":[{"@type":"CommentAction","name":"Comment","target":["https:\/\/www.sonoraenequipo.com.mx\/oms-advierte-que-mientras-mas-circule-el-virus-mas-riesgo-hay-de-que-surja-una-variante-mas-peligrosa\/#respond"]}]},{"@type":"WebPage","@id":"https:\/\/www.sonoraenequipo.com.mx\/oms-advierte-que-mientras-mas-circule-el-virus-mas-riesgo-hay-de-que-surja-una-variante-mas-peligrosa\/","url":"https:\/\/www.sonoraenequipo.com.mx\/oms-advierte-que-mientras-mas-circule-el-virus-mas-riesgo-hay-de-que-surja-una-variante-mas-peligrosa\/","name":"Sonora en Equipo. OMS advierte que mientras m\u00e1s circule el virus m\u00e1s riesgo hay de que surja una variante m\u00e1s peligrosa MUNDO","isPartOf":{"@id":"https:\/\/www.sonoraenequipo.com.mx\/#website"},"primaryImageOfPage":{"@id":"https:\/\/www.sonoraenequipo.com.mx\/oms-advierte-que-mientras-mas-circule-el-virus-mas-riesgo-hay-de-que-surja-una-variante-mas-peligrosa\/#primaryimage"},"image":{"@id":"https:\/\/www.sonoraenequipo.com.mx\/oms-advierte-que-mientras-mas-circule-el-virus-mas-riesgo-hay-de-que-surja-una-variante-mas-peligrosa\/#primaryimage"},"thumbnailUrl":"https:\/\/www.sonoraenequipo.com.mx\/storage\/2022\/01\/CDMX-covid-19_opt.jpg","datePublished":"2022-01-13T22:38:39+00:00","dateModified":"2022-01-14T01:14:14+00:00","description":"ESTADOS UNIDOS. \u2014 Durante una rueda de prensa el pasado 12 de enero, representantes de la OMS advirtieron que \u00f3micron no ser\u00e1 la \u00faltima variante de covid En Sonora en Equipo publicamos toda la informaci\u00f3n de Sonora, M\u00e9xico y el Mundo de manera oportuna y busca que la libertad de expresi\u00f3n sea real. Visita nuestro medio informativo publicado desde Hermosillo, Sonora. %","breadcrumb":{"@id":"https:\/\/www.sonoraenequipo.com.mx\/oms-advierte-que-mientras-mas-circule-el-virus-mas-riesgo-hay-de-que-surja-una-variante-mas-peligrosa\/#breadcrumb"},"inLanguage":"es","potentialAction":[{"@type":"ReadAction","target":["https:\/\/www.sonoraenequipo.com.mx\/oms-advierte-que-mientras-mas-circule-el-virus-mas-riesgo-hay-de-que-surja-una-variante-mas-peligrosa\/"]}]},{"@type":"ImageObject","inLanguage":"es","@id":"https:\/\/www.sonoraenequipo.com.mx\/oms-advierte-que-mientras-mas-circule-el-virus-mas-riesgo-hay-de-que-surja-una-variante-mas-peligrosa\/#primaryimage","url":"https:\/\/www.sonoraenequipo.com.mx\/storage\/2022\/01\/CDMX-covid-19_opt.jpg","contentUrl":"https:\/\/www.sonoraenequipo.com.mx\/storage\/2022\/01\/CDMX-covid-19_opt.jpg","width":700,"height":400},{"@type":"BreadcrumbList","@id":"https:\/\/www.sonoraenequipo.com.mx\/oms-advierte-que-mientras-mas-circule-el-virus-mas-riesgo-hay-de-que-surja-una-variante-mas-peligrosa\/#breadcrumb","itemListElement":[{"@type":"ListItem","position":1,"name":"Portada","item":"https:\/\/www.sonoraenequipo.com.mx\/"},{"@type":"ListItem","position":2,"name":"OMS advierte que mientras m\u00e1s circule el virus m\u00e1s riesgo hay de que surja una variante m\u00e1s peligrosa"}]},{"@type":"WebSite","@id":"https:\/\/www.sonoraenequipo.com.mx\/#website","url":"https:\/\/www.sonoraenequipo.com.mx\/","name":"Sonora en Equipo.","description":"Diario en l\u00ednea con Noticias desde Hermosillo, Sonora","publisher":{"@id":"https:\/\/www.sonoraenequipo.com.mx\/#organization"},"potentialAction":[{"@type":"SearchAction","target":{"@type":"EntryPoint","urlTemplate":"https:\/\/www.sonoraenequipo.com.mx\/?s={search_term_string}"},"query-input":{"@type":"PropertyValueSpecification","valueRequired":true,"valueName":"search_term_string"}}],"inLanguage":"es"},{"@type":"Organization","@id":"https:\/\/www.sonoraenequipo.com.mx\/#organization","name":"Sonoraenequipo.com.mx","url":"https:\/\/www.sonoraenequipo.com.mx\/","logo":{"@type":"ImageObject","inLanguage":"es","@id":"https:\/\/www.sonoraenequipo.com.mx\/#\/schema\/logo\/image\/","url":"https:\/\/www.sonoraenequipo.com.mx\/storage\/2019\/01\/sonoraenequipo_opt.png","contentUrl":"https:\/\/www.sonoraenequipo.com.mx\/storage\/2019\/01\/sonoraenequipo_opt.png","width":375,"height":125,"caption":"Sonoraenequipo.com.mx"},"image":{"@id":"https:\/\/www.sonoraenequipo.com.mx\/#\/schema\/logo\/image\/"},"sameAs":["https:\/\/www.facebook.com\/SonoraEE\/","https:\/\/x.com\/sonoraenequipo","https:\/\/www.youtube.com\/channel\/UC338nW-lPEYmJQs4ZABQ1SQ"]},{"@type":"Person","@id":"https:\/\/www.sonoraenequipo.com.mx\/#\/schema\/person\/50102df0fb23a8fa9e8effad8fa81386","name":"enequipo","image":{"@type":"ImageObject","inLanguage":"es","@id":"https:\/\/www.sonoraenequipo.com.mx\/#\/schema\/person\/image\/","url":"https:\/\/secure.gravatar.com\/avatar\/049821681b589dabc0bc20695993ccebb09f5b5d4d790cd9251b97faac7c652b?s=96&d=blank&r=g","contentUrl":"https:\/\/secure.gravatar.com\/avatar\/049821681b589dabc0bc20695993ccebb09f5b5d4d790cd9251b97faac7c652b?s=96&d=blank&r=g","caption":"enequipo"},"sameAs":["https:\/\/www.facebook.com\/SonoraEE"]}]}},"jetpack_featured_media_url":"https:\/\/www.sonoraenequipo.com.mx\/storage\/2022\/01\/CDMX-covid-19_opt.jpg","_links":{"self":[{"href":"https:\/\/www.sonoraenequipo.com.mx\/api\/wp\/v2\/posts\/131193","targetHints":{"allow":["GET"]}}],"collection":[{"href":"https:\/\/www.sonoraenequipo.com.mx\/api\/wp\/v2\/posts"}],"about":[{"href":"https:\/\/www.sonoraenequipo.com.mx\/api\/wp\/v2\/types\/post"}],"author":[{"embeddable":true,"href":"https:\/\/www.sonoraenequipo.com.mx\/api\/wp\/v2\/users\/1"}],"replies":[{"embeddable":true,"href":"https:\/\/www.sonoraenequipo.com.mx\/api\/wp\/v2\/comments?post=131193"}],"version-history":[{"count":1,"href":"https:\/\/www.sonoraenequipo.com.mx\/api\/wp\/v2\/posts\/131193\/revisions"}],"predecessor-version":[{"id":131195,"href":"https:\/\/www.sonoraenequipo.com.mx\/api\/wp\/v2\/posts\/131193\/revisions\/131195"}],"wp:featuredmedia":[{"embeddable":true,"href":"https:\/\/www.sonoraenequipo.com.mx\/api\/wp\/v2\/media\/131194"}],"wp:attachment":[{"href":"https:\/\/www.sonoraenequipo.com.mx\/api\/wp\/v2\/media?parent=131193"}],"wp:term":[{"taxonomy":"category","embeddable":true,"href":"https:\/\/www.sonoraenequipo.com.mx\/api\/wp\/v2\/categories?post=131193"},{"taxonomy":"post_tag","embeddable":true,"href":"https:\/\/www.sonoraenequipo.com.mx\/api\/wp\/v2\/tags?post=131193"}],"curies":[{"name":"wp","href":"https:\/\/api.w.org\/{rel}","templated":true}]}}