{"id":131399,"date":"2022-01-16T17:50:59","date_gmt":"2022-01-17T00:50:59","guid":{"rendered":"https:\/\/www.sonoraenequipo.com.mx\/?p=131399"},"modified":"2022-01-16T18:20:57","modified_gmt":"2022-01-17T01:20:57","slug":"concluyo-con-exito-vacunacion-de-refuerzo-a-personal-educativo-en-sonora-aaron-grageda","status":"publish","type":"post","link":"https:\/\/www.sonoraenequipo.com.mx\/concluyo-con-exito-vacunacion-de-refuerzo-a-personal-educativo-en-sonora-aaron-grageda\/","title":{"rendered":"Concluy\u00f3 con \u00e9xito vacunaci\u00f3n de refuerzo a personal educativo en Sonora: Aar\u00f3n Grageda"},"content":{"rendered":"<p>HERMOSILLO, SONORA. MX.\u2014 Con la aplicaci\u00f3n de m\u00e1s de 42 mil dosis de la vacuna Moderna, contra la Covid-19, concluy\u00f3 exitosamente la jornada de refuerzo a personal educativo en Sonora, destac\u00f3 Aar\u00f3n Grageda Bustamante.<\/p>\n<p>&nbsp;<\/p>\n<p> <\/p>\n<p>&nbsp;<\/p>\n<p>El secretario de Educaci\u00f3n y Cultura subray\u00f3 la colaboraci\u00f3n de cada una de las personas e instituciones que pusieron su mejor esfuerzo durante el operativo que inici\u00f3 el mi\u00e9rcoles 12 de enero, en 18 sedes distribuidas en la entidad.<\/p>\n<p>&nbsp;<\/p>\n<p>Grageda Bustamante se\u00f1al\u00f3 que con esta estrategia se avanza en la consolidaci\u00f3n de un regreso a clases presenciales seguro para toda la comunidad escolar.<\/p>\n<p>&nbsp;<\/p>\n<p>Durante la jornada, el personal que acudi\u00f3 a las distintas sedes expres\u00f3 su agradecimiento por recibir la vacunaci\u00f3n de refuerzo, ya que les da tranquilidad y seguridad para desempe\u00f1ar su labor en beneficio de las ni\u00f1as, ni\u00f1os y j\u00f3venes.<\/p>\n<p>&nbsp;<\/p>\n<p>Asimismo, reconocieron el orden, la buena organizaci\u00f3n y agilidad con que se desarroll\u00f3 el proceso, desde el registro hasta la atenci\u00f3n recibida en cada sede al momento de acudir a aplicarse el biol\u00f3gico.<\/p>\n<p>&nbsp;<\/p>\n<p>El titular de la SEC llam\u00f3 a todo el personal, y sociedad en general, a continuar con la implementaci\u00f3n de las medidas de prevenci\u00f3n para evitar y mitigar los contagios.<\/p>\n<p>&nbsp;<\/p>\n<p>Reiter\u00f3 que las escuelas seguir\u00e1n siendo espacios seguros, gracias a la implementaci\u00f3n de protocolos sanitarios, ideales para el aprendizaje de los alumnos y la adquisici\u00f3n de habilidades para la vida.<\/p>\n<p>&nbsp;<\/p>\n<p>&nbsp;<\/p>\n<p>(Publicada el 16\/01\/2022\/Con informaci\u00f3n de GOBSON 0122-63)<\/p>\n","protected":false},"excerpt":{"rendered":"<p>HERMOSILLO, SONORA. MX.\u2014 Con la aplicaci\u00f3n de m\u00e1s de 42 mil dosis de la vacuna&#8230;<\/p>\n","protected":false},"author":1,"featured_media":131401,"comment_status":"open","ping_status":"open","sticky":false,"template":"","format":"standard","meta":{"_monsterinsights_skip_tracking":false,"_monsterinsights_sitenote_active":false,"_monsterinsights_sitenote_note":"","_monsterinsights_sitenote_category":0,"footnotes":""},"categories":[22],"tags":[],"class_list":["post"],"yoast_head":" \n<title>Sonora en Equipo. Concluy\u00f3 con \u00e9xito vacunaci\u00f3n de refuerzo a personal educativo en Sonora: Aar\u00f3n Grageda Sonora<\/title>\n<meta name=\"description\" content=\"HERMOSILLO, SONORA. MX.\u2014 Con la aplicaci\u00f3n de m\u00e1s de 42 mil dosis de la vacuna Moderna, contra la Covid-19, concluy\u00f3 exitosamente la jornada de refuerzo a En Sonora en Equipo publicamos toda la informaci\u00f3n de Sonora, M\u00e9xico y el Mundo de manera oportuna y busca que la libertad de expresi\u00f3n sea real. Visita nuestro medio informativo publicado desde Hermosillo, Sonora. %\" \/>\n<meta name=\"robots\" content=\"index, follow, max-snippet:-1, max-image-preview:large, max-video-preview:-1\" \/>\n<link rel=\"canonical\" href=\"https:\/\/www.sonoraenequipo.com.mx\/concluyo-con-exito-vacunacion-de-refuerzo-a-personal-educativo-en-sonora-aaron-grageda\/\" \/>\n<meta property=\"og:locale\" content=\"es_ES\" \/>\n<meta property=\"og:type\" content=\"article\" \/>\n<meta property=\"og:title\" content=\"Sonora en Equipo. Concluy\u00f3 con \u00e9xito vacunaci\u00f3n de refuerzo a personal educativo en Sonora: Aar\u00f3n Grageda Sonora\" \/>\n<meta property=\"og:description\" content=\"HERMOSILLO, SONORA. MX.\u2014 Con la aplicaci\u00f3n de m\u00e1s de 42 mil dosis de la vacuna Moderna, contra la Covid-19, concluy\u00f3 exitosamente la jornada de refuerzo a En Sonora en Equipo publicamos toda la informaci\u00f3n de Sonora, M\u00e9xico y el Mundo de manera oportuna y busca que la libertad de expresi\u00f3n sea real. Visita nuestro medio informativo publicado desde Hermosillo, Sonora. %\" \/>\n<meta property=\"og:url\" content=\"https:\/\/www.sonoraenequipo.com.mx\/concluyo-con-exito-vacunacion-de-refuerzo-a-personal-educativo-en-sonora-aaron-grageda\/\" \/>\n<meta property=\"og:site_name\" content=\"Sonora en Equipo.\" \/>\n<meta property=\"article:publisher\" content=\"https:\/\/www.facebook.com\/SonoraEE\/\" \/>\n<meta property=\"article:author\" content=\"https:\/\/www.facebook.com\/SonoraEE\" \/>\n<meta property=\"article:published_time\" content=\"2022-01-17T00:50:59+00:00\" \/>\n<meta property=\"article:modified_time\" content=\"2022-01-17T01:20:57+00:00\" \/>\n<meta property=\"og:image\" content=\"https:\/\/www.sonoraenequipo.com.mx\/storage\/2022\/01\/Concluyo-con-exito-vacunacion-de-refuerzo-0122063a_opt.jpg\" \/>\n\t<meta property=\"og:image:width\" content=\"700\" \/>\n\t<meta property=\"og:image:height\" content=\"400\" \/>\n\t<meta property=\"og:image:type\" content=\"image\/jpeg\" \/>\n<meta name=\"author\" content=\"enequipo\" \/>\n<meta name=\"twitter:card\" content=\"summary_large_image\" \/>\n<meta name=\"twitter:creator\" content=\"@sonoraenequipo\" \/>\n<meta name=\"twitter:site\" content=\"@sonoraenequipo\" \/>\n<meta name=\"twitter:label1\" content=\"Escrito por\" \/>\n\t<meta name=\"twitter:data1\" content=\"enequipo\" \/>\n\t<meta name=\"twitter:label2\" content=\"Tiempo de lectura\" \/>\n\t<meta name=\"twitter:data2\" content=\"1 minuto\" \/>\n<script type=\"application\/ld+json\" class=\"yoast-schema-graph\">{\"@context\":\"https:\/\/schema.org\",\"@graph\":[{\"@type\":\"Article\",\"@id\":\"https:\/\/www.sonoraenequipo.com.mx\/concluyo-con-exito-vacunacion-de-refuerzo-a-personal-educativo-en-sonora-aaron-grageda\/#article\",\"isPartOf\":{\"@id\":\"https:\/\/www.sonoraenequipo.com.mx\/concluyo-con-exito-vacunacion-de-refuerzo-a-personal-educativo-en-sonora-aaron-grageda\/\"},\"author\":{\"name\":\"enequipo\",\"@id\":\"https:\/\/www.sonoraenequipo.com.mx\/#\/schema\/person\/50102df0fb23a8fa9e8effad8fa81386\"},\"headline\":\"Concluy\u00f3 con \u00e9xito vacunaci\u00f3n de refuerzo a personal educativo en Sonora: Aar\u00f3n Grageda\",\"datePublished\":\"2022-01-17T00:50:59+00:00\",\"dateModified\":\"2022-01-17T01:20:57+00:00\",\"mainEntityOfPage\":{\"@id\":\"https:\/\/www.sonoraenequipo.com.mx\/concluyo-con-exito-vacunacion-de-refuerzo-a-personal-educativo-en-sonora-aaron-grageda\/\"},\"wordCount\":279,\"commentCount\":0,\"publisher\":{\"@id\":\"https:\/\/www.sonoraenequipo.com.mx\/#organization\"},\"image\":{\"@id\":\"https:\/\/www.sonoraenequipo.com.mx\/concluyo-con-exito-vacunacion-de-refuerzo-a-personal-educativo-en-sonora-aaron-grageda\/#primaryimage\"},\"thumbnailUrl\":\"https:\/\/www.sonoraenequipo.com.mx\/storage\/2022\/01\/Concluyo-con-exito-vacunacion-de-refuerzo-0122063a_opt.jpg\",\"articleSection\":[\"Sonora\"],\"inLanguage\":\"es\",\"potentialAction\":[{\"@type\":\"CommentAction\",\"name\":\"Comment\",\"target\":[\"https:\/\/www.sonoraenequipo.com.mx\/concluyo-con-exito-vacunacion-de-refuerzo-a-personal-educativo-en-sonora-aaron-grageda\/#respond\"]}]},{\"@type\":\"WebPage\",\"@id\":\"https:\/\/www.sonoraenequipo.com.mx\/concluyo-con-exito-vacunacion-de-refuerzo-a-personal-educativo-en-sonora-aaron-grageda\/\",\"url\":\"https:\/\/www.sonoraenequipo.com.mx\/concluyo-con-exito-vacunacion-de-refuerzo-a-personal-educativo-en-sonora-aaron-grageda\/\",\"name\":\"Sonora en Equipo. Concluy\u00f3 con \u00e9xito vacunaci\u00f3n de refuerzo a personal educativo en Sonora: Aar\u00f3n Grageda Sonora\",\"isPartOf\":{\"@id\":\"https:\/\/www.sonoraenequipo.com.mx\/#website\"},\"primaryImageOfPage\":{\"@id\":\"https:\/\/www.sonoraenequipo.com.mx\/concluyo-con-exito-vacunacion-de-refuerzo-a-personal-educativo-en-sonora-aaron-grageda\/#primaryimage\"},\"image\":{\"@id\":\"https:\/\/www.sonoraenequipo.com.mx\/concluyo-con-exito-vacunacion-de-refuerzo-a-personal-educativo-en-sonora-aaron-grageda\/#primaryimage\"},\"thumbnailUrl\":\"https:\/\/www.sonoraenequipo.com.mx\/storage\/2022\/01\/Concluyo-con-exito-vacunacion-de-refuerzo-0122063a_opt.jpg\",\"datePublished\":\"2022-01-17T00:50:59+00:00\",\"dateModified\":\"2022-01-17T01:20:57+00:00\",\"description\":\"HERMOSILLO, SONORA. MX.\u2014 Con la aplicaci\u00f3n de m\u00e1s de 42 mil dosis de la vacuna Moderna, contra la Covid-19, concluy\u00f3 exitosamente la jornada de refuerzo a En Sonora en Equipo publicamos toda la informaci\u00f3n de Sonora, M\u00e9xico y el Mundo de manera oportuna y busca que la libertad de expresi\u00f3n sea real. Visita nuestro medio informativo publicado desde Hermosillo, Sonora. %\",\"breadcrumb\":{\"@id\":\"https:\/\/www.sonoraenequipo.com.mx\/concluyo-con-exito-vacunacion-de-refuerzo-a-personal-educativo-en-sonora-aaron-grageda\/#breadcrumb\"},\"inLanguage\":\"es\",\"potentialAction\":[{\"@type\":\"ReadAction\",\"target\":[\"https:\/\/www.sonoraenequipo.com.mx\/concluyo-con-exito-vacunacion-de-refuerzo-a-personal-educativo-en-sonora-aaron-grageda\/\"]}]},{\"@type\":\"ImageObject\",\"inLanguage\":\"es\",\"@id\":\"https:\/\/www.sonoraenequipo.com.mx\/concluyo-con-exito-vacunacion-de-refuerzo-a-personal-educativo-en-sonora-aaron-grageda\/#primaryimage\",\"url\":\"https:\/\/www.sonoraenequipo.com.mx\/storage\/2022\/01\/Concluyo-con-exito-vacunacion-de-refuerzo-0122063a_opt.jpg\",\"contentUrl\":\"https:\/\/www.sonoraenequipo.com.mx\/storage\/2022\/01\/Concluyo-con-exito-vacunacion-de-refuerzo-0122063a_opt.jpg\",\"width\":700,\"height\":400},{\"@type\":\"BreadcrumbList\",\"@id\":\"https:\/\/www.sonoraenequipo.com.mx\/concluyo-con-exito-vacunacion-de-refuerzo-a-personal-educativo-en-sonora-aaron-grageda\/#breadcrumb\",\"itemListElement\":[{\"@type\":\"ListItem\",\"position\":1,\"name\":\"Portada\",\"item\":\"https:\/\/www.sonoraenequipo.com.mx\/\"},{\"@type\":\"ListItem\",\"position\":2,\"name\":\"Concluy\u00f3 con \u00e9xito vacunaci\u00f3n de refuerzo a personal educativo en Sonora: Aar\u00f3n Grageda\"}]},{\"@type\":\"WebSite\",\"@id\":\"https:\/\/www.sonoraenequipo.com.mx\/#website\",\"url\":\"https:\/\/www.sonoraenequipo.com.mx\/\",\"name\":\"Sonora en Equipo.\",\"description\":\"Diario en l\u00ednea con Noticias desde Hermosillo, Sonora\",\"publisher\":{\"@id\":\"https:\/\/www.sonoraenequipo.com.mx\/#organization\"},\"potentialAction\":[{\"@type\":\"SearchAction\",\"target\":{\"@type\":\"EntryPoint\",\"urlTemplate\":\"https:\/\/www.sonoraenequipo.com.mx\/?s={search_term_string}\"},\"query-input\":{\"@type\":\"PropertyValueSpecification\",\"valueRequired\":true,\"valueName\":\"search_term_string\"}}],\"inLanguage\":\"es\"},{\"@type\":\"Organization\",\"@id\":\"https:\/\/www.sonoraenequipo.com.mx\/#organization\",\"name\":\"Sonoraenequipo.com.mx\",\"url\":\"https:\/\/www.sonoraenequipo.com.mx\/\",\"logo\":{\"@type\":\"ImageObject\",\"inLanguage\":\"es\",\"@id\":\"https:\/\/www.sonoraenequipo.com.mx\/#\/schema\/logo\/image\/\",\"url\":\"https:\/\/www.sonoraenequipo.com.mx\/storage\/2019\/01\/sonoraenequipo_opt.png\",\"contentUrl\":\"https:\/\/www.sonoraenequipo.com.mx\/storage\/2019\/01\/sonoraenequipo_opt.png\",\"width\":375,\"height\":125,\"caption\":\"Sonoraenequipo.com.mx\"},\"image\":{\"@id\":\"https:\/\/www.sonoraenequipo.com.mx\/#\/schema\/logo\/image\/\"},\"sameAs\":[\"https:\/\/www.facebook.com\/SonoraEE\/\",\"https:\/\/x.com\/sonoraenequipo\",\"https:\/\/www.youtube.com\/channel\/UC338nW-lPEYmJQs4ZABQ1SQ\"]},{\"@type\":\"Person\",\"@id\":\"https:\/\/www.sonoraenequipo.com.mx\/#\/schema\/person\/50102df0fb23a8fa9e8effad8fa81386\",\"name\":\"enequipo\",\"image\":{\"@type\":\"ImageObject\",\"inLanguage\":\"es\",\"@id\":\"https:\/\/www.sonoraenequipo.com.mx\/#\/schema\/person\/image\/\",\"url\":\"https:\/\/secure.gravatar.com\/avatar\/049821681b589dabc0bc20695993ccebb09f5b5d4d790cd9251b97faac7c652b?s=96&d=blank&r=g\",\"contentUrl\":\"https:\/\/secure.gravatar.com\/avatar\/049821681b589dabc0bc20695993ccebb09f5b5d4d790cd9251b97faac7c652b?s=96&d=blank&r=g\",\"caption\":\"enequipo\"},\"sameAs\":[\"https:\/\/www.facebook.com\/SonoraEE\"]}]}<\/script>\n ","yoast_head_json":{"title":"Sonora en Equipo. Concluy\u00f3 con \u00e9xito vacunaci\u00f3n de refuerzo a personal educativo en Sonora: Aar\u00f3n Grageda Sonora","description":"HERMOSILLO, SONORA. MX.\u2014 Con la aplicaci\u00f3n de m\u00e1s de 42 mil dosis de la vacuna Moderna, contra la Covid-19, concluy\u00f3 exitosamente la jornada de refuerzo a En Sonora en Equipo publicamos toda la informaci\u00f3n de Sonora, M\u00e9xico y el Mundo de manera oportuna y busca que la libertad de expresi\u00f3n sea real. Visita nuestro medio informativo publicado desde Hermosillo, Sonora. %","robots":{"index":"index","follow":"follow","max-snippet":"max-snippet:-1","max-image-preview":"max-image-preview:large","max-video-preview":"max-video-preview:-1"},"canonical":"https:\/\/www.sonoraenequipo.com.mx\/concluyo-con-exito-vacunacion-de-refuerzo-a-personal-educativo-en-sonora-aaron-grageda\/","og_locale":"es_ES","og_type":"article","og_title":"Sonora en Equipo. Concluy\u00f3 con \u00e9xito vacunaci\u00f3n de refuerzo a personal educativo en Sonora: Aar\u00f3n Grageda Sonora","og_description":"HERMOSILLO, SONORA. MX.\u2014 Con la aplicaci\u00f3n de m\u00e1s de 42 mil dosis de la vacuna Moderna, contra la Covid-19, concluy\u00f3 exitosamente la jornada de refuerzo a En Sonora en Equipo publicamos toda la informaci\u00f3n de Sonora, M\u00e9xico y el Mundo de manera oportuna y busca que la libertad de expresi\u00f3n sea real. Visita nuestro medio informativo publicado desde Hermosillo, Sonora. %","og_url":"https:\/\/www.sonoraenequipo.com.mx\/concluyo-con-exito-vacunacion-de-refuerzo-a-personal-educativo-en-sonora-aaron-grageda\/","og_site_name":"Sonora en Equipo.","article_publisher":"https:\/\/www.facebook.com\/SonoraEE\/","article_author":"https:\/\/www.facebook.com\/SonoraEE","article_published_time":"2022-01-17T00:50:59+00:00","article_modified_time":"2022-01-17T01:20:57+00:00","og_image":[{"width":700,"height":400,"url":"https:\/\/www.sonoraenequipo.com.mx\/storage\/2022\/01\/Concluyo-con-exito-vacunacion-de-refuerzo-0122063a_opt.jpg","type":"image\/jpeg"}],"author":"enequipo","twitter_card":"summary_large_image","twitter_creator":"@sonoraenequipo","twitter_site":"@sonoraenequipo","twitter_misc":{"Escrito por":"enequipo","Tiempo de lectura":"1 minuto"},"schema":{"@context":"https:\/\/schema.org","@graph":[{"@type":"Article","@id":"https:\/\/www.sonoraenequipo.com.mx\/concluyo-con-exito-vacunacion-de-refuerzo-a-personal-educativo-en-sonora-aaron-grageda\/#article","isPartOf":{"@id":"https:\/\/www.sonoraenequipo.com.mx\/concluyo-con-exito-vacunacion-de-refuerzo-a-personal-educativo-en-sonora-aaron-grageda\/"},"author":{"name":"enequipo","@id":"https:\/\/www.sonoraenequipo.com.mx\/#\/schema\/person\/50102df0fb23a8fa9e8effad8fa81386"},"headline":"Concluy\u00f3 con \u00e9xito vacunaci\u00f3n de refuerzo a personal educativo en Sonora: Aar\u00f3n Grageda","datePublished":"2022-01-17T00:50:59+00:00","dateModified":"2022-01-17T01:20:57+00:00","mainEntityOfPage":{"@id":"https:\/\/www.sonoraenequipo.com.mx\/concluyo-con-exito-vacunacion-de-refuerzo-a-personal-educativo-en-sonora-aaron-grageda\/"},"wordCount":279,"commentCount":0,"publisher":{"@id":"https:\/\/www.sonoraenequipo.com.mx\/#organization"},"image":{"@id":"https:\/\/www.sonoraenequipo.com.mx\/concluyo-con-exito-vacunacion-de-refuerzo-a-personal-educativo-en-sonora-aaron-grageda\/#primaryimage"},"thumbnailUrl":"https:\/\/www.sonoraenequipo.com.mx\/storage\/2022\/01\/Concluyo-con-exito-vacunacion-de-refuerzo-0122063a_opt.jpg","articleSection":["Sonora"],"inLanguage":"es","potentialAction":[{"@type":"CommentAction","name":"Comment","target":["https:\/\/www.sonoraenequipo.com.mx\/concluyo-con-exito-vacunacion-de-refuerzo-a-personal-educativo-en-sonora-aaron-grageda\/#respond"]}]},{"@type":"WebPage","@id":"https:\/\/www.sonoraenequipo.com.mx\/concluyo-con-exito-vacunacion-de-refuerzo-a-personal-educativo-en-sonora-aaron-grageda\/","url":"https:\/\/www.sonoraenequipo.com.mx\/concluyo-con-exito-vacunacion-de-refuerzo-a-personal-educativo-en-sonora-aaron-grageda\/","name":"Sonora en Equipo. Concluy\u00f3 con \u00e9xito vacunaci\u00f3n de refuerzo a personal educativo en Sonora: Aar\u00f3n Grageda Sonora","isPartOf":{"@id":"https:\/\/www.sonoraenequipo.com.mx\/#website"},"primaryImageOfPage":{"@id":"https:\/\/www.sonoraenequipo.com.mx\/concluyo-con-exito-vacunacion-de-refuerzo-a-personal-educativo-en-sonora-aaron-grageda\/#primaryimage"},"image":{"@id":"https:\/\/www.sonoraenequipo.com.mx\/concluyo-con-exito-vacunacion-de-refuerzo-a-personal-educativo-en-sonora-aaron-grageda\/#primaryimage"},"thumbnailUrl":"https:\/\/www.sonoraenequipo.com.mx\/storage\/2022\/01\/Concluyo-con-exito-vacunacion-de-refuerzo-0122063a_opt.jpg","datePublished":"2022-01-17T00:50:59+00:00","dateModified":"2022-01-17T01:20:57+00:00","description":"HERMOSILLO, SONORA. MX.\u2014 Con la aplicaci\u00f3n de m\u00e1s de 42 mil dosis de la vacuna Moderna, contra la Covid-19, concluy\u00f3 exitosamente la jornada de refuerzo a En Sonora en Equipo publicamos toda la informaci\u00f3n de Sonora, M\u00e9xico y el Mundo de manera oportuna y busca que la libertad de expresi\u00f3n sea real. Visita nuestro medio informativo publicado desde Hermosillo, Sonora. %","breadcrumb":{"@id":"https:\/\/www.sonoraenequipo.com.mx\/concluyo-con-exito-vacunacion-de-refuerzo-a-personal-educativo-en-sonora-aaron-grageda\/#breadcrumb"},"inLanguage":"es","potentialAction":[{"@type":"ReadAction","target":["https:\/\/www.sonoraenequipo.com.mx\/concluyo-con-exito-vacunacion-de-refuerzo-a-personal-educativo-en-sonora-aaron-grageda\/"]}]},{"@type":"ImageObject","inLanguage":"es","@id":"https:\/\/www.sonoraenequipo.com.mx\/concluyo-con-exito-vacunacion-de-refuerzo-a-personal-educativo-en-sonora-aaron-grageda\/#primaryimage","url":"https:\/\/www.sonoraenequipo.com.mx\/storage\/2022\/01\/Concluyo-con-exito-vacunacion-de-refuerzo-0122063a_opt.jpg","contentUrl":"https:\/\/www.sonoraenequipo.com.mx\/storage\/2022\/01\/Concluyo-con-exito-vacunacion-de-refuerzo-0122063a_opt.jpg","width":700,"height":400},{"@type":"BreadcrumbList","@id":"https:\/\/www.sonoraenequipo.com.mx\/concluyo-con-exito-vacunacion-de-refuerzo-a-personal-educativo-en-sonora-aaron-grageda\/#breadcrumb","itemListElement":[{"@type":"ListItem","position":1,"name":"Portada","item":"https:\/\/www.sonoraenequipo.com.mx\/"},{"@type":"ListItem","position":2,"name":"Concluy\u00f3 con \u00e9xito vacunaci\u00f3n de refuerzo a personal educativo en Sonora: Aar\u00f3n Grageda"}]},{"@type":"WebSite","@id":"https:\/\/www.sonoraenequipo.com.mx\/#website","url":"https:\/\/www.sonoraenequipo.com.mx\/","name":"Sonora en Equipo.","description":"Diario en l\u00ednea con Noticias desde Hermosillo, Sonora","publisher":{"@id":"https:\/\/www.sonoraenequipo.com.mx\/#organization"},"potentialAction":[{"@type":"SearchAction","target":{"@type":"EntryPoint","urlTemplate":"https:\/\/www.sonoraenequipo.com.mx\/?s={search_term_string}"},"query-input":{"@type":"PropertyValueSpecification","valueRequired":true,"valueName":"search_term_string"}}],"inLanguage":"es"},{"@type":"Organization","@id":"https:\/\/www.sonoraenequipo.com.mx\/#organization","name":"Sonoraenequipo.com.mx","url":"https:\/\/www.sonoraenequipo.com.mx\/","logo":{"@type":"ImageObject","inLanguage":"es","@id":"https:\/\/www.sonoraenequipo.com.mx\/#\/schema\/logo\/image\/","url":"https:\/\/www.sonoraenequipo.com.mx\/storage\/2019\/01\/sonoraenequipo_opt.png","contentUrl":"https:\/\/www.sonoraenequipo.com.mx\/storage\/2019\/01\/sonoraenequipo_opt.png","width":375,"height":125,"caption":"Sonoraenequipo.com.mx"},"image":{"@id":"https:\/\/www.sonoraenequipo.com.mx\/#\/schema\/logo\/image\/"},"sameAs":["https:\/\/www.facebook.com\/SonoraEE\/","https:\/\/x.com\/sonoraenequipo","https:\/\/www.youtube.com\/channel\/UC338nW-lPEYmJQs4ZABQ1SQ"]},{"@type":"Person","@id":"https:\/\/www.sonoraenequipo.com.mx\/#\/schema\/person\/50102df0fb23a8fa9e8effad8fa81386","name":"enequipo","image":{"@type":"ImageObject","inLanguage":"es","@id":"https:\/\/www.sonoraenequipo.com.mx\/#\/schema\/person\/image\/","url":"https:\/\/secure.gravatar.com\/avatar\/049821681b589dabc0bc20695993ccebb09f5b5d4d790cd9251b97faac7c652b?s=96&d=blank&r=g","contentUrl":"https:\/\/secure.gravatar.com\/avatar\/049821681b589dabc0bc20695993ccebb09f5b5d4d790cd9251b97faac7c652b?s=96&d=blank&r=g","caption":"enequipo"},"sameAs":["https:\/\/www.facebook.com\/SonoraEE"]}]}},"jetpack_featured_media_url":"https:\/\/www.sonoraenequipo.com.mx\/storage\/2022\/01\/Concluyo-con-exito-vacunacion-de-refuerzo-0122063a_opt.jpg","_links":{"self":[{"href":"https:\/\/www.sonoraenequipo.com.mx\/api\/wp\/v2\/posts\/131399","targetHints":{"allow":["GET"]}}],"collection":[{"href":"https:\/\/www.sonoraenequipo.com.mx\/api\/wp\/v2\/posts"}],"about":[{"href":"https:\/\/www.sonoraenequipo.com.mx\/api\/wp\/v2\/types\/post"}],"author":[{"embeddable":true,"href":"https:\/\/www.sonoraenequipo.com.mx\/api\/wp\/v2\/users\/1"}],"replies":[{"embeddable":true,"href":"https:\/\/www.sonoraenequipo.com.mx\/api\/wp\/v2\/comments?post=131399"}],"version-history":[{"count":2,"href":"https:\/\/www.sonoraenequipo.com.mx\/api\/wp\/v2\/posts\/131399\/revisions"}],"predecessor-version":[{"id":131404,"href":"https:\/\/www.sonoraenequipo.com.mx\/api\/wp\/v2\/posts\/131399\/revisions\/131404"}],"wp:featuredmedia":[{"embeddable":true,"href":"https:\/\/www.sonoraenequipo.com.mx\/api\/wp\/v2\/media\/131401"}],"wp:attachment":[{"href":"https:\/\/www.sonoraenequipo.com.mx\/api\/wp\/v2\/media?parent=131399"}],"wp:term":[{"taxonomy":"category","embeddable":true,"href":"https:\/\/www.sonoraenequipo.com.mx\/api\/wp\/v2\/categories?post=131399"},{"taxonomy":"post_tag","embeddable":true,"href":"https:\/\/www.sonoraenequipo.com.mx\/api\/wp\/v2\/tags?post=131399"}],"curies":[{"name":"wp","href":"https:\/\/api.w.org\/{rel}","templated":true}]}}