{"id":131408,"date":"2022-01-16T18:35:11","date_gmt":"2022-01-17T01:35:11","guid":{"rendered":"https:\/\/www.sonoraenequipo.com.mx\/?p=131408"},"modified":"2022-01-16T18:47:52","modified_gmt":"2022-01-17T01:47:52","slug":"cancelan-mas-de-2-mil-700-vuelos-en-eu-por-tormenta-invernal","status":"publish","type":"post","link":"https:\/\/www.sonoraenequipo.com.mx\/cancelan-mas-de-2-mil-700-vuelos-en-eu-por-tormenta-invernal\/","title":{"rendered":"Cancelan m\u00e1s de 2 mil 700 vuelos en EU por tormenta invernal"},"content":{"rendered":"<p>WASHINGTON, ESTADOS UNIDOS. \u2014 Las aerol\u00edneas cancelaron m\u00e1s de 2 mil 700 vuelos en Estados Unidos el domingo, debido a que una tormenta invernal que combinaba fuertes vientos y heladas estaba a punto de azotar la costa este del pa\u00eds durante el fin de semana festivo.<\/p>\n<p>&nbsp;<\/p>\n<p> <\/p>\n<p>Los vuelos cancelados para las 12:30 hora local del este (17:30 GMT) del domingo incluyeron m\u00e1s de 2 mil 700 ingresos y salidas desde o dentro de Estados Unidos, seg\u00fan el sitio web de seguimiento de vuelos FlightAware.com. M\u00e1s de mil 500 vuelos se retrasaron, seg\u00fan los datos.<\/p>\n<p>&nbsp;<\/p>\n<p>American Airlines Group Inc tuvo m\u00e1s de 600 cancelaciones de vuelos. Casi el 95 por ciento de los vuelos que salen del Aeropuerto Internacional Charlotte Douglas en Carolina del Norte, un centro de American Airlines, fueron cancelados, mostr\u00f3 el sitio web FlightAware.<\/p>\n<p>&nbsp;<\/p>\n<p>American Airlines permite a los clientes afectados por el clima volver a reservar vuelos sin cargo.<\/p>\n<p>&nbsp;<\/p>\n<p>Una importante tormenta invernal impactar\u00e1 el este de Estados Unidos desde el domingo hasta el lunes, dijo el Servicio Meteorol\u00f3gico Nacional. Se esperaban los totales de nevadas m\u00e1s altos a lo largo de la columna vertebral de los Apalaches, as\u00ed como en la parte inferior de los Grandes Lagos.<\/p>\n<p>&nbsp;<\/p>\n<p>Las heladas m\u00e1s significativas se esperaban sobre las Carolinas, con impactos para viajar a trav\u00e9s de esas regiones, dijo el NWS. Alrededor de 74 millones de personas estaban bajo alertas de clima invernal a partir del s\u00e1bado por la noche, seg\u00fan NWS.<\/p>\n<p>&nbsp;<\/p>\n<p>El gobernador de Georgia, Brian Kemp, tuite\u00f3 el domingo que las personas deben evitar los viajes no esenciales en las \u00e1reas afectadas por la tormenta. Los gobernadores de Georgia, Virginia, Carolina del Norte y Carolina del Sur hab\u00edan declarado emergencias por la tormenta.<\/p>\n<p>&nbsp;<\/p>\n<p>&nbsp;<\/p>\n<p>(Publicada el 16\/01\/2022)<\/p>\n","protected":false},"excerpt":{"rendered":"<p>WASHINGTON, ESTADOS UNIDOS. \u2014 Las aerol\u00edneas cancelaron m\u00e1s de 2 mil 700 vuelos en Estados&#8230;<\/p>\n","protected":false},"author":1,"featured_media":131409,"comment_status":"open","ping_status":"open","sticky":false,"template":"","format":"standard","meta":{"_monsterinsights_skip_tracking":false,"_monsterinsights_sitenote_active":false,"_monsterinsights_sitenote_note":"","_monsterinsights_sitenote_category":0,"footnotes":""},"categories":[3],"tags":[],"class_list":["post"],"yoast_head":" \n<title>Sonora en Equipo. Cancelan m\u00e1s de 2 mil 700 vuelos en EU por tormenta invernal MUNDO<\/title>\n<meta name=\"description\" content=\"WASHINGTON, ESTADOS UNIDOS. \u2014 Las aerol\u00edneas cancelaron m\u00e1s de 2 mil 700 vuelos en Estados Unidos el domingo, debido a que una tormenta invernal que En Sonora en Equipo publicamos toda la informaci\u00f3n de Sonora, M\u00e9xico y el Mundo de manera oportuna y busca que la libertad de expresi\u00f3n sea real. Visita nuestro medio informativo publicado desde Hermosillo, Sonora. %\" \/>\n<meta name=\"robots\" content=\"index, follow, max-snippet:-1, max-image-preview:large, max-video-preview:-1\" \/>\n<link rel=\"canonical\" href=\"https:\/\/www.sonoraenequipo.com.mx\/cancelan-mas-de-2-mil-700-vuelos-en-eu-por-tormenta-invernal\/\" \/>\n<meta property=\"og:locale\" content=\"es_ES\" \/>\n<meta property=\"og:type\" content=\"article\" \/>\n<meta property=\"og:title\" content=\"Sonora en Equipo. Cancelan m\u00e1s de 2 mil 700 vuelos en EU por tormenta invernal MUNDO\" \/>\n<meta property=\"og:description\" content=\"WASHINGTON, ESTADOS UNIDOS. \u2014 Las aerol\u00edneas cancelaron m\u00e1s de 2 mil 700 vuelos en Estados Unidos el domingo, debido a que una tormenta invernal que En Sonora en Equipo publicamos toda la informaci\u00f3n de Sonora, M\u00e9xico y el Mundo de manera oportuna y busca que la libertad de expresi\u00f3n sea real. Visita nuestro medio informativo publicado desde Hermosillo, Sonora. %\" \/>\n<meta property=\"og:url\" content=\"https:\/\/www.sonoraenequipo.com.mx\/cancelan-mas-de-2-mil-700-vuelos-en-eu-por-tormenta-invernal\/\" \/>\n<meta property=\"og:site_name\" content=\"Sonora en Equipo.\" \/>\n<meta property=\"article:publisher\" content=\"https:\/\/www.facebook.com\/SonoraEE\/\" \/>\n<meta property=\"article:author\" content=\"https:\/\/www.facebook.com\/SonoraEE\" \/>\n<meta property=\"article:published_time\" content=\"2022-01-17T01:35:11+00:00\" \/>\n<meta property=\"article:modified_time\" content=\"2022-01-17T01:47:52+00:00\" \/>\n<meta property=\"og:image\" content=\"https:\/\/www.sonoraenequipo.com.mx\/storage\/2022\/01\/Tormenta-invernal_opt.jpg\" \/>\n\t<meta property=\"og:image:width\" content=\"700\" \/>\n\t<meta property=\"og:image:height\" content=\"400\" \/>\n\t<meta property=\"og:image:type\" content=\"image\/jpeg\" \/>\n<meta name=\"author\" content=\"enequipo\" \/>\n<meta name=\"twitter:card\" content=\"summary_large_image\" \/>\n<meta name=\"twitter:creator\" content=\"@sonoraenequipo\" \/>\n<meta name=\"twitter:site\" content=\"@sonoraenequipo\" \/>\n<meta name=\"twitter:label1\" content=\"Escrito por\" \/>\n\t<meta name=\"twitter:data1\" content=\"enequipo\" \/>\n\t<meta name=\"twitter:label2\" content=\"Tiempo de lectura\" \/>\n\t<meta name=\"twitter:data2\" content=\"2 minutos\" \/>\n<script type=\"application\/ld+json\" class=\"yoast-schema-graph\">{\"@context\":\"https:\/\/schema.org\",\"@graph\":[{\"@type\":\"Article\",\"@id\":\"https:\/\/www.sonoraenequipo.com.mx\/cancelan-mas-de-2-mil-700-vuelos-en-eu-por-tormenta-invernal\/#article\",\"isPartOf\":{\"@id\":\"https:\/\/www.sonoraenequipo.com.mx\/cancelan-mas-de-2-mil-700-vuelos-en-eu-por-tormenta-invernal\/\"},\"author\":{\"name\":\"enequipo\",\"@id\":\"https:\/\/www.sonoraenequipo.com.mx\/#\/schema\/person\/50102df0fb23a8fa9e8effad8fa81386\"},\"headline\":\"Cancelan m\u00e1s de 2 mil 700 vuelos en EU por tormenta invernal\",\"datePublished\":\"2022-01-17T01:35:11+00:00\",\"dateModified\":\"2022-01-17T01:47:52+00:00\",\"mainEntityOfPage\":{\"@id\":\"https:\/\/www.sonoraenequipo.com.mx\/cancelan-mas-de-2-mil-700-vuelos-en-eu-por-tormenta-invernal\/\"},\"wordCount\":312,\"commentCount\":0,\"publisher\":{\"@id\":\"https:\/\/www.sonoraenequipo.com.mx\/#organization\"},\"image\":{\"@id\":\"https:\/\/www.sonoraenequipo.com.mx\/cancelan-mas-de-2-mil-700-vuelos-en-eu-por-tormenta-invernal\/#primaryimage\"},\"thumbnailUrl\":\"https:\/\/www.sonoraenequipo.com.mx\/storage\/2022\/01\/Tormenta-invernal_opt.jpg\",\"articleSection\":[\"MUNDO\"],\"inLanguage\":\"es\",\"potentialAction\":[{\"@type\":\"CommentAction\",\"name\":\"Comment\",\"target\":[\"https:\/\/www.sonoraenequipo.com.mx\/cancelan-mas-de-2-mil-700-vuelos-en-eu-por-tormenta-invernal\/#respond\"]}]},{\"@type\":\"WebPage\",\"@id\":\"https:\/\/www.sonoraenequipo.com.mx\/cancelan-mas-de-2-mil-700-vuelos-en-eu-por-tormenta-invernal\/\",\"url\":\"https:\/\/www.sonoraenequipo.com.mx\/cancelan-mas-de-2-mil-700-vuelos-en-eu-por-tormenta-invernal\/\",\"name\":\"Sonora en Equipo. Cancelan m\u00e1s de 2 mil 700 vuelos en EU por tormenta invernal MUNDO\",\"isPartOf\":{\"@id\":\"https:\/\/www.sonoraenequipo.com.mx\/#website\"},\"primaryImageOfPage\":{\"@id\":\"https:\/\/www.sonoraenequipo.com.mx\/cancelan-mas-de-2-mil-700-vuelos-en-eu-por-tormenta-invernal\/#primaryimage\"},\"image\":{\"@id\":\"https:\/\/www.sonoraenequipo.com.mx\/cancelan-mas-de-2-mil-700-vuelos-en-eu-por-tormenta-invernal\/#primaryimage\"},\"thumbnailUrl\":\"https:\/\/www.sonoraenequipo.com.mx\/storage\/2022\/01\/Tormenta-invernal_opt.jpg\",\"datePublished\":\"2022-01-17T01:35:11+00:00\",\"dateModified\":\"2022-01-17T01:47:52+00:00\",\"description\":\"WASHINGTON, ESTADOS UNIDOS. \u2014 Las aerol\u00edneas cancelaron m\u00e1s de 2 mil 700 vuelos en Estados Unidos el domingo, debido a que una tormenta invernal que En Sonora en Equipo publicamos toda la informaci\u00f3n de Sonora, M\u00e9xico y el Mundo de manera oportuna y busca que la libertad de expresi\u00f3n sea real. Visita nuestro medio informativo publicado desde Hermosillo, Sonora. %\",\"breadcrumb\":{\"@id\":\"https:\/\/www.sonoraenequipo.com.mx\/cancelan-mas-de-2-mil-700-vuelos-en-eu-por-tormenta-invernal\/#breadcrumb\"},\"inLanguage\":\"es\",\"potentialAction\":[{\"@type\":\"ReadAction\",\"target\":[\"https:\/\/www.sonoraenequipo.com.mx\/cancelan-mas-de-2-mil-700-vuelos-en-eu-por-tormenta-invernal\/\"]}]},{\"@type\":\"ImageObject\",\"inLanguage\":\"es\",\"@id\":\"https:\/\/www.sonoraenequipo.com.mx\/cancelan-mas-de-2-mil-700-vuelos-en-eu-por-tormenta-invernal\/#primaryimage\",\"url\":\"https:\/\/www.sonoraenequipo.com.mx\/storage\/2022\/01\/Tormenta-invernal_opt.jpg\",\"contentUrl\":\"https:\/\/www.sonoraenequipo.com.mx\/storage\/2022\/01\/Tormenta-invernal_opt.jpg\",\"width\":700,\"height\":400},{\"@type\":\"BreadcrumbList\",\"@id\":\"https:\/\/www.sonoraenequipo.com.mx\/cancelan-mas-de-2-mil-700-vuelos-en-eu-por-tormenta-invernal\/#breadcrumb\",\"itemListElement\":[{\"@type\":\"ListItem\",\"position\":1,\"name\":\"Portada\",\"item\":\"https:\/\/www.sonoraenequipo.com.mx\/\"},{\"@type\":\"ListItem\",\"position\":2,\"name\":\"Cancelan m\u00e1s de 2 mil 700 vuelos en EU por tormenta invernal\"}]},{\"@type\":\"WebSite\",\"@id\":\"https:\/\/www.sonoraenequipo.com.mx\/#website\",\"url\":\"https:\/\/www.sonoraenequipo.com.mx\/\",\"name\":\"Sonora en Equipo.\",\"description\":\"Diario en l\u00ednea con Noticias desde Hermosillo, Sonora\",\"publisher\":{\"@id\":\"https:\/\/www.sonoraenequipo.com.mx\/#organization\"},\"potentialAction\":[{\"@type\":\"SearchAction\",\"target\":{\"@type\":\"EntryPoint\",\"urlTemplate\":\"https:\/\/www.sonoraenequipo.com.mx\/?s={search_term_string}\"},\"query-input\":{\"@type\":\"PropertyValueSpecification\",\"valueRequired\":true,\"valueName\":\"search_term_string\"}}],\"inLanguage\":\"es\"},{\"@type\":\"Organization\",\"@id\":\"https:\/\/www.sonoraenequipo.com.mx\/#organization\",\"name\":\"Sonoraenequipo.com.mx\",\"url\":\"https:\/\/www.sonoraenequipo.com.mx\/\",\"logo\":{\"@type\":\"ImageObject\",\"inLanguage\":\"es\",\"@id\":\"https:\/\/www.sonoraenequipo.com.mx\/#\/schema\/logo\/image\/\",\"url\":\"https:\/\/www.sonoraenequipo.com.mx\/storage\/2019\/01\/sonoraenequipo_opt.png\",\"contentUrl\":\"https:\/\/www.sonoraenequipo.com.mx\/storage\/2019\/01\/sonoraenequipo_opt.png\",\"width\":375,\"height\":125,\"caption\":\"Sonoraenequipo.com.mx\"},\"image\":{\"@id\":\"https:\/\/www.sonoraenequipo.com.mx\/#\/schema\/logo\/image\/\"},\"sameAs\":[\"https:\/\/www.facebook.com\/SonoraEE\/\",\"https:\/\/x.com\/sonoraenequipo\",\"https:\/\/www.youtube.com\/channel\/UC338nW-lPEYmJQs4ZABQ1SQ\"]},{\"@type\":\"Person\",\"@id\":\"https:\/\/www.sonoraenequipo.com.mx\/#\/schema\/person\/50102df0fb23a8fa9e8effad8fa81386\",\"name\":\"enequipo\",\"image\":{\"@type\":\"ImageObject\",\"inLanguage\":\"es\",\"@id\":\"https:\/\/www.sonoraenequipo.com.mx\/#\/schema\/person\/image\/\",\"url\":\"https:\/\/secure.gravatar.com\/avatar\/049821681b589dabc0bc20695993ccebb09f5b5d4d790cd9251b97faac7c652b?s=96&d=blank&r=g\",\"contentUrl\":\"https:\/\/secure.gravatar.com\/avatar\/049821681b589dabc0bc20695993ccebb09f5b5d4d790cd9251b97faac7c652b?s=96&d=blank&r=g\",\"caption\":\"enequipo\"},\"sameAs\":[\"https:\/\/www.facebook.com\/SonoraEE\"]}]}<\/script>\n ","yoast_head_json":{"title":"Sonora en Equipo. Cancelan m\u00e1s de 2 mil 700 vuelos en EU por tormenta invernal MUNDO","description":"WASHINGTON, ESTADOS UNIDOS. \u2014 Las aerol\u00edneas cancelaron m\u00e1s de 2 mil 700 vuelos en Estados Unidos el domingo, debido a que una tormenta invernal que En Sonora en Equipo publicamos toda la informaci\u00f3n de Sonora, M\u00e9xico y el Mundo de manera oportuna y busca que la libertad de expresi\u00f3n sea real. Visita nuestro medio informativo publicado desde Hermosillo, Sonora. %","robots":{"index":"index","follow":"follow","max-snippet":"max-snippet:-1","max-image-preview":"max-image-preview:large","max-video-preview":"max-video-preview:-1"},"canonical":"https:\/\/www.sonoraenequipo.com.mx\/cancelan-mas-de-2-mil-700-vuelos-en-eu-por-tormenta-invernal\/","og_locale":"es_ES","og_type":"article","og_title":"Sonora en Equipo. Cancelan m\u00e1s de 2 mil 700 vuelos en EU por tormenta invernal MUNDO","og_description":"WASHINGTON, ESTADOS UNIDOS. \u2014 Las aerol\u00edneas cancelaron m\u00e1s de 2 mil 700 vuelos en Estados Unidos el domingo, debido a que una tormenta invernal que En Sonora en Equipo publicamos toda la informaci\u00f3n de Sonora, M\u00e9xico y el Mundo de manera oportuna y busca que la libertad de expresi\u00f3n sea real. Visita nuestro medio informativo publicado desde Hermosillo, Sonora. %","og_url":"https:\/\/www.sonoraenequipo.com.mx\/cancelan-mas-de-2-mil-700-vuelos-en-eu-por-tormenta-invernal\/","og_site_name":"Sonora en Equipo.","article_publisher":"https:\/\/www.facebook.com\/SonoraEE\/","article_author":"https:\/\/www.facebook.com\/SonoraEE","article_published_time":"2022-01-17T01:35:11+00:00","article_modified_time":"2022-01-17T01:47:52+00:00","og_image":[{"width":700,"height":400,"url":"https:\/\/www.sonoraenequipo.com.mx\/storage\/2022\/01\/Tormenta-invernal_opt.jpg","type":"image\/jpeg"}],"author":"enequipo","twitter_card":"summary_large_image","twitter_creator":"@sonoraenequipo","twitter_site":"@sonoraenequipo","twitter_misc":{"Escrito por":"enequipo","Tiempo de lectura":"2 minutos"},"schema":{"@context":"https:\/\/schema.org","@graph":[{"@type":"Article","@id":"https:\/\/www.sonoraenequipo.com.mx\/cancelan-mas-de-2-mil-700-vuelos-en-eu-por-tormenta-invernal\/#article","isPartOf":{"@id":"https:\/\/www.sonoraenequipo.com.mx\/cancelan-mas-de-2-mil-700-vuelos-en-eu-por-tormenta-invernal\/"},"author":{"name":"enequipo","@id":"https:\/\/www.sonoraenequipo.com.mx\/#\/schema\/person\/50102df0fb23a8fa9e8effad8fa81386"},"headline":"Cancelan m\u00e1s de 2 mil 700 vuelos en EU por tormenta invernal","datePublished":"2022-01-17T01:35:11+00:00","dateModified":"2022-01-17T01:47:52+00:00","mainEntityOfPage":{"@id":"https:\/\/www.sonoraenequipo.com.mx\/cancelan-mas-de-2-mil-700-vuelos-en-eu-por-tormenta-invernal\/"},"wordCount":312,"commentCount":0,"publisher":{"@id":"https:\/\/www.sonoraenequipo.com.mx\/#organization"},"image":{"@id":"https:\/\/www.sonoraenequipo.com.mx\/cancelan-mas-de-2-mil-700-vuelos-en-eu-por-tormenta-invernal\/#primaryimage"},"thumbnailUrl":"https:\/\/www.sonoraenequipo.com.mx\/storage\/2022\/01\/Tormenta-invernal_opt.jpg","articleSection":["MUNDO"],"inLanguage":"es","potentialAction":[{"@type":"CommentAction","name":"Comment","target":["https:\/\/www.sonoraenequipo.com.mx\/cancelan-mas-de-2-mil-700-vuelos-en-eu-por-tormenta-invernal\/#respond"]}]},{"@type":"WebPage","@id":"https:\/\/www.sonoraenequipo.com.mx\/cancelan-mas-de-2-mil-700-vuelos-en-eu-por-tormenta-invernal\/","url":"https:\/\/www.sonoraenequipo.com.mx\/cancelan-mas-de-2-mil-700-vuelos-en-eu-por-tormenta-invernal\/","name":"Sonora en Equipo. Cancelan m\u00e1s de 2 mil 700 vuelos en EU por tormenta invernal MUNDO","isPartOf":{"@id":"https:\/\/www.sonoraenequipo.com.mx\/#website"},"primaryImageOfPage":{"@id":"https:\/\/www.sonoraenequipo.com.mx\/cancelan-mas-de-2-mil-700-vuelos-en-eu-por-tormenta-invernal\/#primaryimage"},"image":{"@id":"https:\/\/www.sonoraenequipo.com.mx\/cancelan-mas-de-2-mil-700-vuelos-en-eu-por-tormenta-invernal\/#primaryimage"},"thumbnailUrl":"https:\/\/www.sonoraenequipo.com.mx\/storage\/2022\/01\/Tormenta-invernal_opt.jpg","datePublished":"2022-01-17T01:35:11+00:00","dateModified":"2022-01-17T01:47:52+00:00","description":"WASHINGTON, ESTADOS UNIDOS. \u2014 Las aerol\u00edneas cancelaron m\u00e1s de 2 mil 700 vuelos en Estados Unidos el domingo, debido a que una tormenta invernal que En Sonora en Equipo publicamos toda la informaci\u00f3n de Sonora, M\u00e9xico y el Mundo de manera oportuna y busca que la libertad de expresi\u00f3n sea real. Visita nuestro medio informativo publicado desde Hermosillo, Sonora. %","breadcrumb":{"@id":"https:\/\/www.sonoraenequipo.com.mx\/cancelan-mas-de-2-mil-700-vuelos-en-eu-por-tormenta-invernal\/#breadcrumb"},"inLanguage":"es","potentialAction":[{"@type":"ReadAction","target":["https:\/\/www.sonoraenequipo.com.mx\/cancelan-mas-de-2-mil-700-vuelos-en-eu-por-tormenta-invernal\/"]}]},{"@type":"ImageObject","inLanguage":"es","@id":"https:\/\/www.sonoraenequipo.com.mx\/cancelan-mas-de-2-mil-700-vuelos-en-eu-por-tormenta-invernal\/#primaryimage","url":"https:\/\/www.sonoraenequipo.com.mx\/storage\/2022\/01\/Tormenta-invernal_opt.jpg","contentUrl":"https:\/\/www.sonoraenequipo.com.mx\/storage\/2022\/01\/Tormenta-invernal_opt.jpg","width":700,"height":400},{"@type":"BreadcrumbList","@id":"https:\/\/www.sonoraenequipo.com.mx\/cancelan-mas-de-2-mil-700-vuelos-en-eu-por-tormenta-invernal\/#breadcrumb","itemListElement":[{"@type":"ListItem","position":1,"name":"Portada","item":"https:\/\/www.sonoraenequipo.com.mx\/"},{"@type":"ListItem","position":2,"name":"Cancelan m\u00e1s de 2 mil 700 vuelos en EU por tormenta invernal"}]},{"@type":"WebSite","@id":"https:\/\/www.sonoraenequipo.com.mx\/#website","url":"https:\/\/www.sonoraenequipo.com.mx\/","name":"Sonora en Equipo.","description":"Diario en l\u00ednea con Noticias desde Hermosillo, Sonora","publisher":{"@id":"https:\/\/www.sonoraenequipo.com.mx\/#organization"},"potentialAction":[{"@type":"SearchAction","target":{"@type":"EntryPoint","urlTemplate":"https:\/\/www.sonoraenequipo.com.mx\/?s={search_term_string}"},"query-input":{"@type":"PropertyValueSpecification","valueRequired":true,"valueName":"search_term_string"}}],"inLanguage":"es"},{"@type":"Organization","@id":"https:\/\/www.sonoraenequipo.com.mx\/#organization","name":"Sonoraenequipo.com.mx","url":"https:\/\/www.sonoraenequipo.com.mx\/","logo":{"@type":"ImageObject","inLanguage":"es","@id":"https:\/\/www.sonoraenequipo.com.mx\/#\/schema\/logo\/image\/","url":"https:\/\/www.sonoraenequipo.com.mx\/storage\/2019\/01\/sonoraenequipo_opt.png","contentUrl":"https:\/\/www.sonoraenequipo.com.mx\/storage\/2019\/01\/sonoraenequipo_opt.png","width":375,"height":125,"caption":"Sonoraenequipo.com.mx"},"image":{"@id":"https:\/\/www.sonoraenequipo.com.mx\/#\/schema\/logo\/image\/"},"sameAs":["https:\/\/www.facebook.com\/SonoraEE\/","https:\/\/x.com\/sonoraenequipo","https:\/\/www.youtube.com\/channel\/UC338nW-lPEYmJQs4ZABQ1SQ"]},{"@type":"Person","@id":"https:\/\/www.sonoraenequipo.com.mx\/#\/schema\/person\/50102df0fb23a8fa9e8effad8fa81386","name":"enequipo","image":{"@type":"ImageObject","inLanguage":"es","@id":"https:\/\/www.sonoraenequipo.com.mx\/#\/schema\/person\/image\/","url":"https:\/\/secure.gravatar.com\/avatar\/049821681b589dabc0bc20695993ccebb09f5b5d4d790cd9251b97faac7c652b?s=96&d=blank&r=g","contentUrl":"https:\/\/secure.gravatar.com\/avatar\/049821681b589dabc0bc20695993ccebb09f5b5d4d790cd9251b97faac7c652b?s=96&d=blank&r=g","caption":"enequipo"},"sameAs":["https:\/\/www.facebook.com\/SonoraEE"]}]}},"jetpack_featured_media_url":"https:\/\/www.sonoraenequipo.com.mx\/storage\/2022\/01\/Tormenta-invernal_opt.jpg","_links":{"self":[{"href":"https:\/\/www.sonoraenequipo.com.mx\/api\/wp\/v2\/posts\/131408","targetHints":{"allow":["GET"]}}],"collection":[{"href":"https:\/\/www.sonoraenequipo.com.mx\/api\/wp\/v2\/posts"}],"about":[{"href":"https:\/\/www.sonoraenequipo.com.mx\/api\/wp\/v2\/types\/post"}],"author":[{"embeddable":true,"href":"https:\/\/www.sonoraenequipo.com.mx\/api\/wp\/v2\/users\/1"}],"replies":[{"embeddable":true,"href":"https:\/\/www.sonoraenequipo.com.mx\/api\/wp\/v2\/comments?post=131408"}],"version-history":[{"count":1,"href":"https:\/\/www.sonoraenequipo.com.mx\/api\/wp\/v2\/posts\/131408\/revisions"}],"predecessor-version":[{"id":131410,"href":"https:\/\/www.sonoraenequipo.com.mx\/api\/wp\/v2\/posts\/131408\/revisions\/131410"}],"wp:featuredmedia":[{"embeddable":true,"href":"https:\/\/www.sonoraenequipo.com.mx\/api\/wp\/v2\/media\/131409"}],"wp:attachment":[{"href":"https:\/\/www.sonoraenequipo.com.mx\/api\/wp\/v2\/media?parent=131408"}],"wp:term":[{"taxonomy":"category","embeddable":true,"href":"https:\/\/www.sonoraenequipo.com.mx\/api\/wp\/v2\/categories?post=131408"},{"taxonomy":"post_tag","embeddable":true,"href":"https:\/\/www.sonoraenequipo.com.mx\/api\/wp\/v2\/tags?post=131408"}],"curies":[{"name":"wp","href":"https:\/\/api.w.org\/{rel}","templated":true}]}}