{"id":131415,"date":"2022-01-16T19:20:11","date_gmt":"2022-01-17T02:20:11","guid":{"rendered":"https:\/\/www.sonoraenequipo.com.mx\/?p=131415"},"modified":"2022-01-16T19:18:21","modified_gmt":"2022-01-17T02:18:21","slug":"alza-de-15-en-la-canasta-basica-golpea-aumento-al-minisalario","status":"publish","type":"post","link":"https:\/\/www.sonoraenequipo.com.mx\/alza-de-15-en-la-canasta-basica-golpea-aumento-al-minisalario\/","title":{"rendered":"Alza de 15% en la canasta b\u00e1sica golpea aumento al minisalario"},"content":{"rendered":"<p>CIUDAD DE M\u00c9XICO. MX. \u2014\u00a0 En un a\u00f1o la canasta agroalimentaria que contiene 58 productos b\u00e1sicos en la dieta de las familias mexicanas registr\u00f3 un encarecimiento de 15 por ciento, mismo que merma el aumento de 22 por ciento al salario m\u00ednimo de este a\u00f1o, dando como resultado que las personas de menores ingresos deban destinar m\u00e1s de la mitad de su salario mensual para adquirir estos productos.<\/p>\n<p>&nbsp;<\/p>\n<p> <\/p>\n<p>&nbsp;<\/p>\n<p>De acuerdo con el monitoreo quincenal del Grupo Consultor de Mercados Agr\u00edcolas (GCMA), al cierre de 2021 para la adquisici\u00f3n de la canasta agroalimentaria un mexicano necesitaba desembolsar en promedio 2 mil 549 pesos, mientras un a\u00f1o antes lo hac\u00eda con 2 mil 207 pesos, es decir, requiere de 342 pesos adicionales.<\/p>\n<p>&nbsp;<\/p>\n<p>Dicha cantidad, para una familia de la parte m\u00e1s baja de la pir\u00e1mide, es decir, que percibe el salario m\u00ednimo, representa dos d\u00edas m\u00e1s de trabajo, pues con el aumento de este a\u00f1o, el minisalario en M\u00e9xico es de 172.87 pesos diarios.<\/p>\n<p>&nbsp;<\/p>\n<p>Esa misma familia ve mermado su ingreso mensual de poco m\u00e1s de 5 mil pesos, pues la mitad lo debe destinar a la compra de agroalimentos indispensables como tortillas, huevo, frijoles, leche, carne de pollo, cerdo o res, arroz, sal, az\u00facar, pan, frutas, sopa, entre muchos otros necesarios para la alimentaci\u00f3n de sus miembros.<\/p>\n<p>&nbsp;<\/p>\n<p>Ya con la mitad de su ingreso comprometido, a\u00fan debe realizar gastos indispensables como el pago de la renta, gas, luz y educaci\u00f3n de los hijos, entre otros.<\/p>\n<p>&nbsp;<\/p>\n<p>Para Juan Carlos Anaya, presidente del GCMA, los altos niveles que registran los precios generales, pero sobre todo los de la canasta b\u00e1sica de agroalimentos, son la muestra m\u00e1s clara de que la inflaci\u00f3n es el mayor impuesto que est\u00e1 pagando la gente de menores recursos en M\u00e9xico.<\/p>\n<h3>Con el pie izquierdo<\/h3>\n<p>&nbsp;<\/p>\n<p>El encarecimiento de 15 por ciento que muestra la canasta agroalimentaria en el \u00faltimo a\u00f1o es consecuencia del alza desproporcionada que muestran ciertos productos, como por ejemplo: 132 por ciento el kilogramo de tomate, 113 por ciento de los chiles jalape\u00f1os, 118 por ciento del lim\u00f3n, 95 por ciento del chile serrano, 68 por ciento del jitomate y 61 por ciento del aguacate, s\u00f3lo por mencionar algunos.<\/p>\n<p>&nbsp;<\/p>\n<p>A lo anterior se suman alimentos de mayor consumo como la carne de res, que muestra una inflaci\u00f3n de 19 por ciento, mientras la de cerdo se encareci\u00f3 11.4 y la de pollo 10.6 por ciento. Lo anterior sin contar el 20 por ciento que ha subido el precio de la tortilla en el \u00faltimo a\u00f1o, un alimento que consume a diario la mayor\u00eda de los mexicanos.<\/p>\n<p>&nbsp;<\/p>\n<p>Cuauht\u00e9moc Rivera, presidente de la Asociaci\u00f3n Nacional de Peque\u00f1os Comerciantes (Anpec), explic\u00f3 que el encarecimiento de los alimentos ha sido m\u00e1s fuerte debido a la escasez por la par\u00e1lisis en que han ca\u00eddo distintas cadenas de producci\u00f3n, como la de c\u00e1rnicos, productos agr\u00edcolas y av\u00edcolas entre otras.<\/p>\n<p>&nbsp;<\/p>\n<p>\u201cEsta nueva crisis se ha sumado a la que ven\u00edamos padeciendo por la falta de insumos (chips), que virtualmente paraliz\u00f3 la industria automotriz al cierre del a\u00f1o pasado. La realidad es que hemos arrancado el a\u00f1o con el pie izquierdo\u201d, apunt\u00f3 el representante de los comercios de barrio, los cuales tienen contacto directo con los consumidores.<\/p>\n<p>&nbsp;<\/p>\n<p>&nbsp;<\/p>\n<p>(Publicada el 16\/01\/2022)<\/p>\n","protected":false},"excerpt":{"rendered":"<p>CIUDAD DE M\u00c9XICO. MX. \u2014\u00a0 En un a\u00f1o la canasta agroalimentaria que contiene 58 productos&#8230;<\/p>\n","protected":false},"author":1,"featured_media":131417,"comment_status":"open","ping_status":"open","sticky":false,"template":"","format":"standard","meta":{"_monsterinsights_skip_tracking":false,"_monsterinsights_sitenote_active":false,"_monsterinsights_sitenote_note":"","_monsterinsights_sitenote_category":0,"footnotes":""},"categories":[5],"tags":[],"class_list":["post"],"yoast_head":" \n<title>Sonora en Equipo. Alza de 15% en la canasta b\u00e1sica golpea aumento al minisalario Rep\u00fablica<\/title>\n<meta name=\"description\" content=\"CIUDAD DE M\u00c9XICO. MX. \u2014\u00a0 En un a\u00f1o la canasta agroalimentaria que contiene 58 productos b\u00e1sicos en la dieta de las familias mexicanas registr\u00f3 un En Sonora en Equipo publicamos toda la informaci\u00f3n de Sonora, M\u00e9xico y el Mundo de manera oportuna y busca que la libertad de expresi\u00f3n sea real. Visita nuestro medio informativo publicado desde Hermosillo, Sonora. %\" \/>\n<meta name=\"robots\" content=\"index, follow, max-snippet:-1, max-image-preview:large, max-video-preview:-1\" \/>\n<link rel=\"canonical\" href=\"https:\/\/www.sonoraenequipo.com.mx\/alza-de-15-en-la-canasta-basica-golpea-aumento-al-minisalario\/\" \/>\n<meta property=\"og:locale\" content=\"es_ES\" \/>\n<meta property=\"og:type\" content=\"article\" \/>\n<meta property=\"og:title\" content=\"Sonora en Equipo. Alza de 15% en la canasta b\u00e1sica golpea aumento al minisalario Rep\u00fablica\" \/>\n<meta property=\"og:description\" content=\"CIUDAD DE M\u00c9XICO. MX. \u2014\u00a0 En un a\u00f1o la canasta agroalimentaria que contiene 58 productos b\u00e1sicos en la dieta de las familias mexicanas registr\u00f3 un En Sonora en Equipo publicamos toda la informaci\u00f3n de Sonora, M\u00e9xico y el Mundo de manera oportuna y busca que la libertad de expresi\u00f3n sea real. Visita nuestro medio informativo publicado desde Hermosillo, Sonora. %\" \/>\n<meta property=\"og:url\" content=\"https:\/\/www.sonoraenequipo.com.mx\/alza-de-15-en-la-canasta-basica-golpea-aumento-al-minisalario\/\" \/>\n<meta property=\"og:site_name\" content=\"Sonora en Equipo.\" \/>\n<meta property=\"article:publisher\" content=\"https:\/\/www.facebook.com\/SonoraEE\/\" \/>\n<meta property=\"article:author\" content=\"https:\/\/www.facebook.com\/SonoraEE\" \/>\n<meta property=\"article:published_time\" content=\"2022-01-17T02:20:11+00:00\" \/>\n<meta property=\"og:image\" content=\"https:\/\/www.sonoraenequipo.com.mx\/storage\/2022\/01\/verdura-alza_opt.jpg\" \/>\n\t<meta property=\"og:image:width\" content=\"625\" \/>\n\t<meta property=\"og:image:height\" content=\"400\" \/>\n\t<meta property=\"og:image:type\" content=\"image\/jpeg\" \/>\n<meta name=\"author\" content=\"enequipo\" \/>\n<meta name=\"twitter:card\" content=\"summary_large_image\" \/>\n<meta name=\"twitter:creator\" content=\"@sonoraenequipo\" \/>\n<meta name=\"twitter:site\" content=\"@sonoraenequipo\" \/>\n<meta name=\"twitter:label1\" content=\"Escrito por\" \/>\n\t<meta name=\"twitter:data1\" content=\"enequipo\" \/>\n\t<meta name=\"twitter:label2\" content=\"Tiempo de lectura\" \/>\n\t<meta name=\"twitter:data2\" content=\"3 minutos\" \/>\n<script type=\"application\/ld+json\" class=\"yoast-schema-graph\">{\"@context\":\"https:\/\/schema.org\",\"@graph\":[{\"@type\":\"Article\",\"@id\":\"https:\/\/www.sonoraenequipo.com.mx\/alza-de-15-en-la-canasta-basica-golpea-aumento-al-minisalario\/#article\",\"isPartOf\":{\"@id\":\"https:\/\/www.sonoraenequipo.com.mx\/alza-de-15-en-la-canasta-basica-golpea-aumento-al-minisalario\/\"},\"author\":{\"name\":\"enequipo\",\"@id\":\"https:\/\/www.sonoraenequipo.com.mx\/#\/schema\/person\/50102df0fb23a8fa9e8effad8fa81386\"},\"headline\":\"Alza de 15% en la canasta b\u00e1sica golpea aumento al minisalario\",\"datePublished\":\"2022-01-17T02:20:11+00:00\",\"mainEntityOfPage\":{\"@id\":\"https:\/\/www.sonoraenequipo.com.mx\/alza-de-15-en-la-canasta-basica-golpea-aumento-al-minisalario\/\"},\"wordCount\":581,\"commentCount\":0,\"publisher\":{\"@id\":\"https:\/\/www.sonoraenequipo.com.mx\/#organization\"},\"image\":{\"@id\":\"https:\/\/www.sonoraenequipo.com.mx\/alza-de-15-en-la-canasta-basica-golpea-aumento-al-minisalario\/#primaryimage\"},\"thumbnailUrl\":\"https:\/\/www.sonoraenequipo.com.mx\/storage\/2022\/01\/verdura-alza_opt.jpg\",\"articleSection\":[\"Rep\u00fablica\"],\"inLanguage\":\"es\",\"potentialAction\":[{\"@type\":\"CommentAction\",\"name\":\"Comment\",\"target\":[\"https:\/\/www.sonoraenequipo.com.mx\/alza-de-15-en-la-canasta-basica-golpea-aumento-al-minisalario\/#respond\"]}]},{\"@type\":\"WebPage\",\"@id\":\"https:\/\/www.sonoraenequipo.com.mx\/alza-de-15-en-la-canasta-basica-golpea-aumento-al-minisalario\/\",\"url\":\"https:\/\/www.sonoraenequipo.com.mx\/alza-de-15-en-la-canasta-basica-golpea-aumento-al-minisalario\/\",\"name\":\"Sonora en Equipo. Alza de 15% en la canasta b\u00e1sica golpea aumento al minisalario Rep\u00fablica\",\"isPartOf\":{\"@id\":\"https:\/\/www.sonoraenequipo.com.mx\/#website\"},\"primaryImageOfPage\":{\"@id\":\"https:\/\/www.sonoraenequipo.com.mx\/alza-de-15-en-la-canasta-basica-golpea-aumento-al-minisalario\/#primaryimage\"},\"image\":{\"@id\":\"https:\/\/www.sonoraenequipo.com.mx\/alza-de-15-en-la-canasta-basica-golpea-aumento-al-minisalario\/#primaryimage\"},\"thumbnailUrl\":\"https:\/\/www.sonoraenequipo.com.mx\/storage\/2022\/01\/verdura-alza_opt.jpg\",\"datePublished\":\"2022-01-17T02:20:11+00:00\",\"description\":\"CIUDAD DE M\u00c9XICO. MX. \u2014\u00a0 En un a\u00f1o la canasta agroalimentaria que contiene 58 productos b\u00e1sicos en la dieta de las familias mexicanas registr\u00f3 un En Sonora en Equipo publicamos toda la informaci\u00f3n de Sonora, M\u00e9xico y el Mundo de manera oportuna y busca que la libertad de expresi\u00f3n sea real. Visita nuestro medio informativo publicado desde Hermosillo, Sonora. %\",\"breadcrumb\":{\"@id\":\"https:\/\/www.sonoraenequipo.com.mx\/alza-de-15-en-la-canasta-basica-golpea-aumento-al-minisalario\/#breadcrumb\"},\"inLanguage\":\"es\",\"potentialAction\":[{\"@type\":\"ReadAction\",\"target\":[\"https:\/\/www.sonoraenequipo.com.mx\/alza-de-15-en-la-canasta-basica-golpea-aumento-al-minisalario\/\"]}]},{\"@type\":\"ImageObject\",\"inLanguage\":\"es\",\"@id\":\"https:\/\/www.sonoraenequipo.com.mx\/alza-de-15-en-la-canasta-basica-golpea-aumento-al-minisalario\/#primaryimage\",\"url\":\"https:\/\/www.sonoraenequipo.com.mx\/storage\/2022\/01\/verdura-alza_opt.jpg\",\"contentUrl\":\"https:\/\/www.sonoraenequipo.com.mx\/storage\/2022\/01\/verdura-alza_opt.jpg\",\"width\":625,\"height\":400},{\"@type\":\"BreadcrumbList\",\"@id\":\"https:\/\/www.sonoraenequipo.com.mx\/alza-de-15-en-la-canasta-basica-golpea-aumento-al-minisalario\/#breadcrumb\",\"itemListElement\":[{\"@type\":\"ListItem\",\"position\":1,\"name\":\"Portada\",\"item\":\"https:\/\/www.sonoraenequipo.com.mx\/\"},{\"@type\":\"ListItem\",\"position\":2,\"name\":\"Alza de 15% en la canasta b\u00e1sica golpea aumento al minisalario\"}]},{\"@type\":\"WebSite\",\"@id\":\"https:\/\/www.sonoraenequipo.com.mx\/#website\",\"url\":\"https:\/\/www.sonoraenequipo.com.mx\/\",\"name\":\"Sonora en Equipo.\",\"description\":\"Diario en l\u00ednea con Noticias desde Hermosillo, Sonora\",\"publisher\":{\"@id\":\"https:\/\/www.sonoraenequipo.com.mx\/#organization\"},\"potentialAction\":[{\"@type\":\"SearchAction\",\"target\":{\"@type\":\"EntryPoint\",\"urlTemplate\":\"https:\/\/www.sonoraenequipo.com.mx\/?s={search_term_string}\"},\"query-input\":{\"@type\":\"PropertyValueSpecification\",\"valueRequired\":true,\"valueName\":\"search_term_string\"}}],\"inLanguage\":\"es\"},{\"@type\":\"Organization\",\"@id\":\"https:\/\/www.sonoraenequipo.com.mx\/#organization\",\"name\":\"Sonoraenequipo.com.mx\",\"url\":\"https:\/\/www.sonoraenequipo.com.mx\/\",\"logo\":{\"@type\":\"ImageObject\",\"inLanguage\":\"es\",\"@id\":\"https:\/\/www.sonoraenequipo.com.mx\/#\/schema\/logo\/image\/\",\"url\":\"https:\/\/www.sonoraenequipo.com.mx\/storage\/2019\/01\/sonoraenequipo_opt.png\",\"contentUrl\":\"https:\/\/www.sonoraenequipo.com.mx\/storage\/2019\/01\/sonoraenequipo_opt.png\",\"width\":375,\"height\":125,\"caption\":\"Sonoraenequipo.com.mx\"},\"image\":{\"@id\":\"https:\/\/www.sonoraenequipo.com.mx\/#\/schema\/logo\/image\/\"},\"sameAs\":[\"https:\/\/www.facebook.com\/SonoraEE\/\",\"https:\/\/x.com\/sonoraenequipo\",\"https:\/\/www.youtube.com\/channel\/UC338nW-lPEYmJQs4ZABQ1SQ\"]},{\"@type\":\"Person\",\"@id\":\"https:\/\/www.sonoraenequipo.com.mx\/#\/schema\/person\/50102df0fb23a8fa9e8effad8fa81386\",\"name\":\"enequipo\",\"image\":{\"@type\":\"ImageObject\",\"inLanguage\":\"es\",\"@id\":\"https:\/\/www.sonoraenequipo.com.mx\/#\/schema\/person\/image\/\",\"url\":\"https:\/\/secure.gravatar.com\/avatar\/049821681b589dabc0bc20695993ccebb09f5b5d4d790cd9251b97faac7c652b?s=96&d=blank&r=g\",\"contentUrl\":\"https:\/\/secure.gravatar.com\/avatar\/049821681b589dabc0bc20695993ccebb09f5b5d4d790cd9251b97faac7c652b?s=96&d=blank&r=g\",\"caption\":\"enequipo\"},\"sameAs\":[\"https:\/\/www.facebook.com\/SonoraEE\"]}]}<\/script>\n ","yoast_head_json":{"title":"Sonora en Equipo. Alza de 15% en la canasta b\u00e1sica golpea aumento al minisalario Rep\u00fablica","description":"CIUDAD DE M\u00c9XICO. MX. \u2014\u00a0 En un a\u00f1o la canasta agroalimentaria que contiene 58 productos b\u00e1sicos en la dieta de las familias mexicanas registr\u00f3 un En Sonora en Equipo publicamos toda la informaci\u00f3n de Sonora, M\u00e9xico y el Mundo de manera oportuna y busca que la libertad de expresi\u00f3n sea real. Visita nuestro medio informativo publicado desde Hermosillo, Sonora. %","robots":{"index":"index","follow":"follow","max-snippet":"max-snippet:-1","max-image-preview":"max-image-preview:large","max-video-preview":"max-video-preview:-1"},"canonical":"https:\/\/www.sonoraenequipo.com.mx\/alza-de-15-en-la-canasta-basica-golpea-aumento-al-minisalario\/","og_locale":"es_ES","og_type":"article","og_title":"Sonora en Equipo. Alza de 15% en la canasta b\u00e1sica golpea aumento al minisalario Rep\u00fablica","og_description":"CIUDAD DE M\u00c9XICO. MX. \u2014\u00a0 En un a\u00f1o la canasta agroalimentaria que contiene 58 productos b\u00e1sicos en la dieta de las familias mexicanas registr\u00f3 un En Sonora en Equipo publicamos toda la informaci\u00f3n de Sonora, M\u00e9xico y el Mundo de manera oportuna y busca que la libertad de expresi\u00f3n sea real. Visita nuestro medio informativo publicado desde Hermosillo, Sonora. %","og_url":"https:\/\/www.sonoraenequipo.com.mx\/alza-de-15-en-la-canasta-basica-golpea-aumento-al-minisalario\/","og_site_name":"Sonora en Equipo.","article_publisher":"https:\/\/www.facebook.com\/SonoraEE\/","article_author":"https:\/\/www.facebook.com\/SonoraEE","article_published_time":"2022-01-17T02:20:11+00:00","og_image":[{"width":625,"height":400,"url":"https:\/\/www.sonoraenequipo.com.mx\/storage\/2022\/01\/verdura-alza_opt.jpg","type":"image\/jpeg"}],"author":"enequipo","twitter_card":"summary_large_image","twitter_creator":"@sonoraenequipo","twitter_site":"@sonoraenequipo","twitter_misc":{"Escrito por":"enequipo","Tiempo de lectura":"3 minutos"},"schema":{"@context":"https:\/\/schema.org","@graph":[{"@type":"Article","@id":"https:\/\/www.sonoraenequipo.com.mx\/alza-de-15-en-la-canasta-basica-golpea-aumento-al-minisalario\/#article","isPartOf":{"@id":"https:\/\/www.sonoraenequipo.com.mx\/alza-de-15-en-la-canasta-basica-golpea-aumento-al-minisalario\/"},"author":{"name":"enequipo","@id":"https:\/\/www.sonoraenequipo.com.mx\/#\/schema\/person\/50102df0fb23a8fa9e8effad8fa81386"},"headline":"Alza de 15% en la canasta b\u00e1sica golpea aumento al minisalario","datePublished":"2022-01-17T02:20:11+00:00","mainEntityOfPage":{"@id":"https:\/\/www.sonoraenequipo.com.mx\/alza-de-15-en-la-canasta-basica-golpea-aumento-al-minisalario\/"},"wordCount":581,"commentCount":0,"publisher":{"@id":"https:\/\/www.sonoraenequipo.com.mx\/#organization"},"image":{"@id":"https:\/\/www.sonoraenequipo.com.mx\/alza-de-15-en-la-canasta-basica-golpea-aumento-al-minisalario\/#primaryimage"},"thumbnailUrl":"https:\/\/www.sonoraenequipo.com.mx\/storage\/2022\/01\/verdura-alza_opt.jpg","articleSection":["Rep\u00fablica"],"inLanguage":"es","potentialAction":[{"@type":"CommentAction","name":"Comment","target":["https:\/\/www.sonoraenequipo.com.mx\/alza-de-15-en-la-canasta-basica-golpea-aumento-al-minisalario\/#respond"]}]},{"@type":"WebPage","@id":"https:\/\/www.sonoraenequipo.com.mx\/alza-de-15-en-la-canasta-basica-golpea-aumento-al-minisalario\/","url":"https:\/\/www.sonoraenequipo.com.mx\/alza-de-15-en-la-canasta-basica-golpea-aumento-al-minisalario\/","name":"Sonora en Equipo. Alza de 15% en la canasta b\u00e1sica golpea aumento al minisalario Rep\u00fablica","isPartOf":{"@id":"https:\/\/www.sonoraenequipo.com.mx\/#website"},"primaryImageOfPage":{"@id":"https:\/\/www.sonoraenequipo.com.mx\/alza-de-15-en-la-canasta-basica-golpea-aumento-al-minisalario\/#primaryimage"},"image":{"@id":"https:\/\/www.sonoraenequipo.com.mx\/alza-de-15-en-la-canasta-basica-golpea-aumento-al-minisalario\/#primaryimage"},"thumbnailUrl":"https:\/\/www.sonoraenequipo.com.mx\/storage\/2022\/01\/verdura-alza_opt.jpg","datePublished":"2022-01-17T02:20:11+00:00","description":"CIUDAD DE M\u00c9XICO. MX. \u2014\u00a0 En un a\u00f1o la canasta agroalimentaria que contiene 58 productos b\u00e1sicos en la dieta de las familias mexicanas registr\u00f3 un En Sonora en Equipo publicamos toda la informaci\u00f3n de Sonora, M\u00e9xico y el Mundo de manera oportuna y busca que la libertad de expresi\u00f3n sea real. Visita nuestro medio informativo publicado desde Hermosillo, Sonora. %","breadcrumb":{"@id":"https:\/\/www.sonoraenequipo.com.mx\/alza-de-15-en-la-canasta-basica-golpea-aumento-al-minisalario\/#breadcrumb"},"inLanguage":"es","potentialAction":[{"@type":"ReadAction","target":["https:\/\/www.sonoraenequipo.com.mx\/alza-de-15-en-la-canasta-basica-golpea-aumento-al-minisalario\/"]}]},{"@type":"ImageObject","inLanguage":"es","@id":"https:\/\/www.sonoraenequipo.com.mx\/alza-de-15-en-la-canasta-basica-golpea-aumento-al-minisalario\/#primaryimage","url":"https:\/\/www.sonoraenequipo.com.mx\/storage\/2022\/01\/verdura-alza_opt.jpg","contentUrl":"https:\/\/www.sonoraenequipo.com.mx\/storage\/2022\/01\/verdura-alza_opt.jpg","width":625,"height":400},{"@type":"BreadcrumbList","@id":"https:\/\/www.sonoraenequipo.com.mx\/alza-de-15-en-la-canasta-basica-golpea-aumento-al-minisalario\/#breadcrumb","itemListElement":[{"@type":"ListItem","position":1,"name":"Portada","item":"https:\/\/www.sonoraenequipo.com.mx\/"},{"@type":"ListItem","position":2,"name":"Alza de 15% en la canasta b\u00e1sica golpea aumento al minisalario"}]},{"@type":"WebSite","@id":"https:\/\/www.sonoraenequipo.com.mx\/#website","url":"https:\/\/www.sonoraenequipo.com.mx\/","name":"Sonora en Equipo.","description":"Diario en l\u00ednea con Noticias desde Hermosillo, Sonora","publisher":{"@id":"https:\/\/www.sonoraenequipo.com.mx\/#organization"},"potentialAction":[{"@type":"SearchAction","target":{"@type":"EntryPoint","urlTemplate":"https:\/\/www.sonoraenequipo.com.mx\/?s={search_term_string}"},"query-input":{"@type":"PropertyValueSpecification","valueRequired":true,"valueName":"search_term_string"}}],"inLanguage":"es"},{"@type":"Organization","@id":"https:\/\/www.sonoraenequipo.com.mx\/#organization","name":"Sonoraenequipo.com.mx","url":"https:\/\/www.sonoraenequipo.com.mx\/","logo":{"@type":"ImageObject","inLanguage":"es","@id":"https:\/\/www.sonoraenequipo.com.mx\/#\/schema\/logo\/image\/","url":"https:\/\/www.sonoraenequipo.com.mx\/storage\/2019\/01\/sonoraenequipo_opt.png","contentUrl":"https:\/\/www.sonoraenequipo.com.mx\/storage\/2019\/01\/sonoraenequipo_opt.png","width":375,"height":125,"caption":"Sonoraenequipo.com.mx"},"image":{"@id":"https:\/\/www.sonoraenequipo.com.mx\/#\/schema\/logo\/image\/"},"sameAs":["https:\/\/www.facebook.com\/SonoraEE\/","https:\/\/x.com\/sonoraenequipo","https:\/\/www.youtube.com\/channel\/UC338nW-lPEYmJQs4ZABQ1SQ"]},{"@type":"Person","@id":"https:\/\/www.sonoraenequipo.com.mx\/#\/schema\/person\/50102df0fb23a8fa9e8effad8fa81386","name":"enequipo","image":{"@type":"ImageObject","inLanguage":"es","@id":"https:\/\/www.sonoraenequipo.com.mx\/#\/schema\/person\/image\/","url":"https:\/\/secure.gravatar.com\/avatar\/049821681b589dabc0bc20695993ccebb09f5b5d4d790cd9251b97faac7c652b?s=96&d=blank&r=g","contentUrl":"https:\/\/secure.gravatar.com\/avatar\/049821681b589dabc0bc20695993ccebb09f5b5d4d790cd9251b97faac7c652b?s=96&d=blank&r=g","caption":"enequipo"},"sameAs":["https:\/\/www.facebook.com\/SonoraEE"]}]}},"jetpack_featured_media_url":"https:\/\/www.sonoraenequipo.com.mx\/storage\/2022\/01\/verdura-alza_opt.jpg","_links":{"self":[{"href":"https:\/\/www.sonoraenequipo.com.mx\/api\/wp\/v2\/posts\/131415","targetHints":{"allow":["GET"]}}],"collection":[{"href":"https:\/\/www.sonoraenequipo.com.mx\/api\/wp\/v2\/posts"}],"about":[{"href":"https:\/\/www.sonoraenequipo.com.mx\/api\/wp\/v2\/types\/post"}],"author":[{"embeddable":true,"href":"https:\/\/www.sonoraenequipo.com.mx\/api\/wp\/v2\/users\/1"}],"replies":[{"embeddable":true,"href":"https:\/\/www.sonoraenequipo.com.mx\/api\/wp\/v2\/comments?post=131415"}],"version-history":[{"count":2,"href":"https:\/\/www.sonoraenequipo.com.mx\/api\/wp\/v2\/posts\/131415\/revisions"}],"predecessor-version":[{"id":131418,"href":"https:\/\/www.sonoraenequipo.com.mx\/api\/wp\/v2\/posts\/131415\/revisions\/131418"}],"wp:featuredmedia":[{"embeddable":true,"href":"https:\/\/www.sonoraenequipo.com.mx\/api\/wp\/v2\/media\/131417"}],"wp:attachment":[{"href":"https:\/\/www.sonoraenequipo.com.mx\/api\/wp\/v2\/media?parent=131415"}],"wp:term":[{"taxonomy":"category","embeddable":true,"href":"https:\/\/www.sonoraenequipo.com.mx\/api\/wp\/v2\/categories?post=131415"},{"taxonomy":"post_tag","embeddable":true,"href":"https:\/\/www.sonoraenequipo.com.mx\/api\/wp\/v2\/tags?post=131415"}],"curies":[{"name":"wp","href":"https:\/\/api.w.org\/{rel}","templated":true}]}}