{"id":131421,"date":"2022-01-16T21:10:39","date_gmt":"2022-01-17T04:10:39","guid":{"rendered":"https:\/\/www.sonoraenequipo.com.mx\/?p=131421"},"modified":"2022-01-16T21:10:39","modified_gmt":"2022-01-17T04:10:39","slug":"investiga-fge-agresion-armada-en-guaymas-que-dejo-dos-personas-sin-vida","status":"publish","type":"post","link":"https:\/\/www.sonoraenequipo.com.mx\/investiga-fge-agresion-armada-en-guaymas-que-dejo-dos-personas-sin-vida\/","title":{"rendered":"Investiga FGE agresi\u00f3n armada en Guaymas que dej\u00f3 dos personas sin vida"},"content":{"rendered":"<p>GUAYMAS, SONORA, MX.\u2500\u2500 La agresi\u00f3n armada contra dos personas, quienes fueron privadas de la vida, es investigada por personal de la Fiscal\u00eda General de Justicia del Estado de Sonora (FGJE) para dar los responsables.<\/p>\n<p>&nbsp;<\/p>\n<p>A las 12:35 horas de este domingo, 16 de enero, se tuvo conocimiento del deceso de dos masculinos identificados como Luis Alfonso, de 50 a\u00f1os, y Amalio, t\u00edo y sobrino, Jefe de Custodios del Cereso local y agente de la Polic\u00eda Municipal de Guaymas, respectivamente, quienes circulaban a bordo de un Chevrolet Cavalier, color gris.<\/p>\n<p>&nbsp;<\/p>\n<p>Testigos indicaron que al llegar a la Calle 10 entre 1 y 0, en la colonia Yucat\u00e1n, se emparej\u00f3 un veh\u00edculo de donde una persona sac\u00f3 la mano y empez\u00f3 a disparar para impactar al piloto y copiloto, quienes perdieron la vida.<\/p>\n<p>&nbsp;<\/p>\n<p>Al lugar acudieron elementos de los tres \u00f3rdenes de Gobierno e implementaron un operativo de b\u00fasqueda de los responsables. Personal de Servicios Periciales, de la Fiscal\u00eda de Sonora, recolectaron diversos indicios en el \u00e1rea.<\/p>\n<p>Fecha de publicaci\u00f3n: domingo \/ 16 \/ enero \/ 2022<\/p>\n<p>&nbsp;<\/p>\n","protected":false},"excerpt":{"rendered":"<p>GUAYMAS, SONORA, MX.\u2500\u2500 La agresi\u00f3n armada contra dos personas, quienes fueron privadas de la vida,&#8230;<\/p>\n","protected":false},"author":1,"featured_media":120888,"comment_status":"open","ping_status":"open","sticky":false,"template":"","format":"standard","meta":{"_monsterinsights_skip_tracking":false,"_monsterinsights_sitenote_active":false,"_monsterinsights_sitenote_note":"","_monsterinsights_sitenote_category":0,"footnotes":""},"categories":[3144],"tags":[3217,2916],"class_list":["post"],"yoast_head":" \n<title>Sonora en Equipo. Investiga FGE agresi\u00f3n armada en Guaymas que dej\u00f3 dos personas sin vida Polic\u00edaca<\/title>\n<meta name=\"description\" content=\"GUAYMAS, SONORA, MX.\u2500\u2500 La agresi\u00f3n armada contra dos personas, quienes fueron privadas de la vida, es investigada por personal de la Fiscal\u00eda General de En Sonora en Equipo publicamos toda la informaci\u00f3n de Sonora, M\u00e9xico y el Mundo de manera oportuna y busca que la libertad de expresi\u00f3n sea real. Visita nuestro medio informativo publicado desde Hermosillo, Sonora. %\" \/>\n<meta name=\"robots\" content=\"index, follow, max-snippet:-1, max-image-preview:large, max-video-preview:-1\" \/>\n<link rel=\"canonical\" href=\"https:\/\/www.sonoraenequipo.com.mx\/investiga-fge-agresion-armada-en-guaymas-que-dejo-dos-personas-sin-vida\/\" \/>\n<meta property=\"og:locale\" content=\"es_ES\" \/>\n<meta property=\"og:type\" content=\"article\" \/>\n<meta property=\"og:title\" content=\"Sonora en Equipo. Investiga FGE agresi\u00f3n armada en Guaymas que dej\u00f3 dos personas sin vida Polic\u00edaca\" \/>\n<meta property=\"og:description\" content=\"GUAYMAS, SONORA, MX.\u2500\u2500 La agresi\u00f3n armada contra dos personas, quienes fueron privadas de la vida, es investigada por personal de la Fiscal\u00eda General de En Sonora en Equipo publicamos toda la informaci\u00f3n de Sonora, M\u00e9xico y el Mundo de manera oportuna y busca que la libertad de expresi\u00f3n sea real. Visita nuestro medio informativo publicado desde Hermosillo, Sonora. %\" \/>\n<meta property=\"og:url\" content=\"https:\/\/www.sonoraenequipo.com.mx\/investiga-fge-agresion-armada-en-guaymas-que-dejo-dos-personas-sin-vida\/\" \/>\n<meta property=\"og:site_name\" content=\"Sonora en Equipo.\" \/>\n<meta property=\"article:publisher\" content=\"https:\/\/www.facebook.com\/SonoraEE\/\" \/>\n<meta property=\"article:author\" content=\"https:\/\/www.facebook.com\/SonoraEE\" \/>\n<meta property=\"article:published_time\" content=\"2022-01-17T04:10:39+00:00\" \/>\n<meta property=\"og:image\" content=\"https:\/\/www.sonoraenequipo.com.mx\/storage\/2021\/08\/arma-de-fuego_opt.jpg\" \/>\n\t<meta property=\"og:image:width\" content=\"685\" \/>\n\t<meta property=\"og:image:height\" content=\"400\" \/>\n\t<meta property=\"og:image:type\" content=\"image\/jpeg\" \/>\n<meta name=\"author\" content=\"enequipo\" \/>\n<meta name=\"twitter:card\" content=\"summary_large_image\" \/>\n<meta name=\"twitter:creator\" content=\"@sonoraenequipo\" \/>\n<meta name=\"twitter:site\" content=\"@sonoraenequipo\" \/>\n<meta name=\"twitter:label1\" content=\"Escrito por\" \/>\n\t<meta name=\"twitter:data1\" content=\"enequipo\" \/>\n\t<meta name=\"twitter:label2\" content=\"Tiempo de lectura\" \/>\n\t<meta name=\"twitter:data2\" content=\"1 minuto\" \/>\n<script type=\"application\/ld+json\" class=\"yoast-schema-graph\">{\"@context\":\"https:\/\/schema.org\",\"@graph\":[{\"@type\":\"Article\",\"@id\":\"https:\/\/www.sonoraenequipo.com.mx\/investiga-fge-agresion-armada-en-guaymas-que-dejo-dos-personas-sin-vida\/#article\",\"isPartOf\":{\"@id\":\"https:\/\/www.sonoraenequipo.com.mx\/investiga-fge-agresion-armada-en-guaymas-que-dejo-dos-personas-sin-vida\/\"},\"author\":{\"name\":\"enequipo\",\"@id\":\"https:\/\/www.sonoraenequipo.com.mx\/#\/schema\/person\/50102df0fb23a8fa9e8effad8fa81386\"},\"headline\":\"Investiga FGE agresi\u00f3n armada en Guaymas que dej\u00f3 dos personas sin vida\",\"datePublished\":\"2022-01-17T04:10:39+00:00\",\"mainEntityOfPage\":{\"@id\":\"https:\/\/www.sonoraenequipo.com.mx\/investiga-fge-agresion-armada-en-guaymas-que-dejo-dos-personas-sin-vida\/\"},\"wordCount\":191,\"commentCount\":0,\"publisher\":{\"@id\":\"https:\/\/www.sonoraenequipo.com.mx\/#organization\"},\"image\":{\"@id\":\"https:\/\/www.sonoraenequipo.com.mx\/investiga-fge-agresion-armada-en-guaymas-que-dejo-dos-personas-sin-vida\/#primaryimage\"},\"thumbnailUrl\":\"https:\/\/www.sonoraenequipo.com.mx\/storage\/2021\/08\/arma-de-fuego_opt.jpg\",\"keywords\":[\"agresi\u00f3n\",\"Armada\"],\"articleSection\":[\"Polic\u00edaca\"],\"inLanguage\":\"es\",\"potentialAction\":[{\"@type\":\"CommentAction\",\"name\":\"Comment\",\"target\":[\"https:\/\/www.sonoraenequipo.com.mx\/investiga-fge-agresion-armada-en-guaymas-que-dejo-dos-personas-sin-vida\/#respond\"]}]},{\"@type\":\"WebPage\",\"@id\":\"https:\/\/www.sonoraenequipo.com.mx\/investiga-fge-agresion-armada-en-guaymas-que-dejo-dos-personas-sin-vida\/\",\"url\":\"https:\/\/www.sonoraenequipo.com.mx\/investiga-fge-agresion-armada-en-guaymas-que-dejo-dos-personas-sin-vida\/\",\"name\":\"Sonora en Equipo. Investiga FGE agresi\u00f3n armada en Guaymas que dej\u00f3 dos personas sin vida Polic\u00edaca\",\"isPartOf\":{\"@id\":\"https:\/\/www.sonoraenequipo.com.mx\/#website\"},\"primaryImageOfPage\":{\"@id\":\"https:\/\/www.sonoraenequipo.com.mx\/investiga-fge-agresion-armada-en-guaymas-que-dejo-dos-personas-sin-vida\/#primaryimage\"},\"image\":{\"@id\":\"https:\/\/www.sonoraenequipo.com.mx\/investiga-fge-agresion-armada-en-guaymas-que-dejo-dos-personas-sin-vida\/#primaryimage\"},\"thumbnailUrl\":\"https:\/\/www.sonoraenequipo.com.mx\/storage\/2021\/08\/arma-de-fuego_opt.jpg\",\"datePublished\":\"2022-01-17T04:10:39+00:00\",\"description\":\"GUAYMAS, SONORA, MX.\u2500\u2500 La agresi\u00f3n armada contra dos personas, quienes fueron privadas de la vida, es investigada por personal de la Fiscal\u00eda General de En Sonora en Equipo publicamos toda la informaci\u00f3n de Sonora, M\u00e9xico y el Mundo de manera oportuna y busca que la libertad de expresi\u00f3n sea real. Visita nuestro medio informativo publicado desde Hermosillo, Sonora. %\",\"breadcrumb\":{\"@id\":\"https:\/\/www.sonoraenequipo.com.mx\/investiga-fge-agresion-armada-en-guaymas-que-dejo-dos-personas-sin-vida\/#breadcrumb\"},\"inLanguage\":\"es\",\"potentialAction\":[{\"@type\":\"ReadAction\",\"target\":[\"https:\/\/www.sonoraenequipo.com.mx\/investiga-fge-agresion-armada-en-guaymas-que-dejo-dos-personas-sin-vida\/\"]}]},{\"@type\":\"ImageObject\",\"inLanguage\":\"es\",\"@id\":\"https:\/\/www.sonoraenequipo.com.mx\/investiga-fge-agresion-armada-en-guaymas-que-dejo-dos-personas-sin-vida\/#primaryimage\",\"url\":\"https:\/\/www.sonoraenequipo.com.mx\/storage\/2021\/08\/arma-de-fuego_opt.jpg\",\"contentUrl\":\"https:\/\/www.sonoraenequipo.com.mx\/storage\/2021\/08\/arma-de-fuego_opt.jpg\",\"width\":685,\"height\":400,\"caption\":\"Imagen para ilustrar\"},{\"@type\":\"BreadcrumbList\",\"@id\":\"https:\/\/www.sonoraenequipo.com.mx\/investiga-fge-agresion-armada-en-guaymas-que-dejo-dos-personas-sin-vida\/#breadcrumb\",\"itemListElement\":[{\"@type\":\"ListItem\",\"position\":1,\"name\":\"Portada\",\"item\":\"https:\/\/www.sonoraenequipo.com.mx\/\"},{\"@type\":\"ListItem\",\"position\":2,\"name\":\"Investiga FGE agresi\u00f3n armada en Guaymas que dej\u00f3 dos personas sin vida\"}]},{\"@type\":\"WebSite\",\"@id\":\"https:\/\/www.sonoraenequipo.com.mx\/#website\",\"url\":\"https:\/\/www.sonoraenequipo.com.mx\/\",\"name\":\"Sonora en Equipo.\",\"description\":\"Diario en l\u00ednea con Noticias desde Hermosillo, Sonora\",\"publisher\":{\"@id\":\"https:\/\/www.sonoraenequipo.com.mx\/#organization\"},\"potentialAction\":[{\"@type\":\"SearchAction\",\"target\":{\"@type\":\"EntryPoint\",\"urlTemplate\":\"https:\/\/www.sonoraenequipo.com.mx\/?s={search_term_string}\"},\"query-input\":{\"@type\":\"PropertyValueSpecification\",\"valueRequired\":true,\"valueName\":\"search_term_string\"}}],\"inLanguage\":\"es\"},{\"@type\":\"Organization\",\"@id\":\"https:\/\/www.sonoraenequipo.com.mx\/#organization\",\"name\":\"Sonoraenequipo.com.mx\",\"url\":\"https:\/\/www.sonoraenequipo.com.mx\/\",\"logo\":{\"@type\":\"ImageObject\",\"inLanguage\":\"es\",\"@id\":\"https:\/\/www.sonoraenequipo.com.mx\/#\/schema\/logo\/image\/\",\"url\":\"https:\/\/www.sonoraenequipo.com.mx\/storage\/2019\/01\/sonoraenequipo_opt.png\",\"contentUrl\":\"https:\/\/www.sonoraenequipo.com.mx\/storage\/2019\/01\/sonoraenequipo_opt.png\",\"width\":375,\"height\":125,\"caption\":\"Sonoraenequipo.com.mx\"},\"image\":{\"@id\":\"https:\/\/www.sonoraenequipo.com.mx\/#\/schema\/logo\/image\/\"},\"sameAs\":[\"https:\/\/www.facebook.com\/SonoraEE\/\",\"https:\/\/x.com\/sonoraenequipo\",\"https:\/\/www.youtube.com\/channel\/UC338nW-lPEYmJQs4ZABQ1SQ\"]},{\"@type\":\"Person\",\"@id\":\"https:\/\/www.sonoraenequipo.com.mx\/#\/schema\/person\/50102df0fb23a8fa9e8effad8fa81386\",\"name\":\"enequipo\",\"image\":{\"@type\":\"ImageObject\",\"inLanguage\":\"es\",\"@id\":\"https:\/\/www.sonoraenequipo.com.mx\/#\/schema\/person\/image\/\",\"url\":\"https:\/\/secure.gravatar.com\/avatar\/049821681b589dabc0bc20695993ccebb09f5b5d4d790cd9251b97faac7c652b?s=96&d=blank&r=g\",\"contentUrl\":\"https:\/\/secure.gravatar.com\/avatar\/049821681b589dabc0bc20695993ccebb09f5b5d4d790cd9251b97faac7c652b?s=96&d=blank&r=g\",\"caption\":\"enequipo\"},\"sameAs\":[\"https:\/\/www.facebook.com\/SonoraEE\"]}]}<\/script>\n ","yoast_head_json":{"title":"Sonora en Equipo. Investiga FGE agresi\u00f3n armada en Guaymas que dej\u00f3 dos personas sin vida Polic\u00edaca","description":"GUAYMAS, SONORA, MX.\u2500\u2500 La agresi\u00f3n armada contra dos personas, quienes fueron privadas de la vida, es investigada por personal de la Fiscal\u00eda General de En Sonora en Equipo publicamos toda la informaci\u00f3n de Sonora, M\u00e9xico y el Mundo de manera oportuna y busca que la libertad de expresi\u00f3n sea real. Visita nuestro medio informativo publicado desde Hermosillo, Sonora. %","robots":{"index":"index","follow":"follow","max-snippet":"max-snippet:-1","max-image-preview":"max-image-preview:large","max-video-preview":"max-video-preview:-1"},"canonical":"https:\/\/www.sonoraenequipo.com.mx\/investiga-fge-agresion-armada-en-guaymas-que-dejo-dos-personas-sin-vida\/","og_locale":"es_ES","og_type":"article","og_title":"Sonora en Equipo. Investiga FGE agresi\u00f3n armada en Guaymas que dej\u00f3 dos personas sin vida Polic\u00edaca","og_description":"GUAYMAS, SONORA, MX.\u2500\u2500 La agresi\u00f3n armada contra dos personas, quienes fueron privadas de la vida, es investigada por personal de la Fiscal\u00eda General de En Sonora en Equipo publicamos toda la informaci\u00f3n de Sonora, M\u00e9xico y el Mundo de manera oportuna y busca que la libertad de expresi\u00f3n sea real. Visita nuestro medio informativo publicado desde Hermosillo, Sonora. %","og_url":"https:\/\/www.sonoraenequipo.com.mx\/investiga-fge-agresion-armada-en-guaymas-que-dejo-dos-personas-sin-vida\/","og_site_name":"Sonora en Equipo.","article_publisher":"https:\/\/www.facebook.com\/SonoraEE\/","article_author":"https:\/\/www.facebook.com\/SonoraEE","article_published_time":"2022-01-17T04:10:39+00:00","og_image":[{"width":685,"height":400,"url":"https:\/\/www.sonoraenequipo.com.mx\/storage\/2021\/08\/arma-de-fuego_opt.jpg","type":"image\/jpeg"}],"author":"enequipo","twitter_card":"summary_large_image","twitter_creator":"@sonoraenequipo","twitter_site":"@sonoraenequipo","twitter_misc":{"Escrito por":"enequipo","Tiempo de lectura":"1 minuto"},"schema":{"@context":"https:\/\/schema.org","@graph":[{"@type":"Article","@id":"https:\/\/www.sonoraenequipo.com.mx\/investiga-fge-agresion-armada-en-guaymas-que-dejo-dos-personas-sin-vida\/#article","isPartOf":{"@id":"https:\/\/www.sonoraenequipo.com.mx\/investiga-fge-agresion-armada-en-guaymas-que-dejo-dos-personas-sin-vida\/"},"author":{"name":"enequipo","@id":"https:\/\/www.sonoraenequipo.com.mx\/#\/schema\/person\/50102df0fb23a8fa9e8effad8fa81386"},"headline":"Investiga FGE agresi\u00f3n armada en Guaymas que dej\u00f3 dos personas sin vida","datePublished":"2022-01-17T04:10:39+00:00","mainEntityOfPage":{"@id":"https:\/\/www.sonoraenequipo.com.mx\/investiga-fge-agresion-armada-en-guaymas-que-dejo-dos-personas-sin-vida\/"},"wordCount":191,"commentCount":0,"publisher":{"@id":"https:\/\/www.sonoraenequipo.com.mx\/#organization"},"image":{"@id":"https:\/\/www.sonoraenequipo.com.mx\/investiga-fge-agresion-armada-en-guaymas-que-dejo-dos-personas-sin-vida\/#primaryimage"},"thumbnailUrl":"https:\/\/www.sonoraenequipo.com.mx\/storage\/2021\/08\/arma-de-fuego_opt.jpg","keywords":["agresi\u00f3n","Armada"],"articleSection":["Polic\u00edaca"],"inLanguage":"es","potentialAction":[{"@type":"CommentAction","name":"Comment","target":["https:\/\/www.sonoraenequipo.com.mx\/investiga-fge-agresion-armada-en-guaymas-que-dejo-dos-personas-sin-vida\/#respond"]}]},{"@type":"WebPage","@id":"https:\/\/www.sonoraenequipo.com.mx\/investiga-fge-agresion-armada-en-guaymas-que-dejo-dos-personas-sin-vida\/","url":"https:\/\/www.sonoraenequipo.com.mx\/investiga-fge-agresion-armada-en-guaymas-que-dejo-dos-personas-sin-vida\/","name":"Sonora en Equipo. Investiga FGE agresi\u00f3n armada en Guaymas que dej\u00f3 dos personas sin vida Polic\u00edaca","isPartOf":{"@id":"https:\/\/www.sonoraenequipo.com.mx\/#website"},"primaryImageOfPage":{"@id":"https:\/\/www.sonoraenequipo.com.mx\/investiga-fge-agresion-armada-en-guaymas-que-dejo-dos-personas-sin-vida\/#primaryimage"},"image":{"@id":"https:\/\/www.sonoraenequipo.com.mx\/investiga-fge-agresion-armada-en-guaymas-que-dejo-dos-personas-sin-vida\/#primaryimage"},"thumbnailUrl":"https:\/\/www.sonoraenequipo.com.mx\/storage\/2021\/08\/arma-de-fuego_opt.jpg","datePublished":"2022-01-17T04:10:39+00:00","description":"GUAYMAS, SONORA, MX.\u2500\u2500 La agresi\u00f3n armada contra dos personas, quienes fueron privadas de la vida, es investigada por personal de la Fiscal\u00eda General de En Sonora en Equipo publicamos toda la informaci\u00f3n de Sonora, M\u00e9xico y el Mundo de manera oportuna y busca que la libertad de expresi\u00f3n sea real. Visita nuestro medio informativo publicado desde Hermosillo, Sonora. %","breadcrumb":{"@id":"https:\/\/www.sonoraenequipo.com.mx\/investiga-fge-agresion-armada-en-guaymas-que-dejo-dos-personas-sin-vida\/#breadcrumb"},"inLanguage":"es","potentialAction":[{"@type":"ReadAction","target":["https:\/\/www.sonoraenequipo.com.mx\/investiga-fge-agresion-armada-en-guaymas-que-dejo-dos-personas-sin-vida\/"]}]},{"@type":"ImageObject","inLanguage":"es","@id":"https:\/\/www.sonoraenequipo.com.mx\/investiga-fge-agresion-armada-en-guaymas-que-dejo-dos-personas-sin-vida\/#primaryimage","url":"https:\/\/www.sonoraenequipo.com.mx\/storage\/2021\/08\/arma-de-fuego_opt.jpg","contentUrl":"https:\/\/www.sonoraenequipo.com.mx\/storage\/2021\/08\/arma-de-fuego_opt.jpg","width":685,"height":400,"caption":"Imagen para ilustrar"},{"@type":"BreadcrumbList","@id":"https:\/\/www.sonoraenequipo.com.mx\/investiga-fge-agresion-armada-en-guaymas-que-dejo-dos-personas-sin-vida\/#breadcrumb","itemListElement":[{"@type":"ListItem","position":1,"name":"Portada","item":"https:\/\/www.sonoraenequipo.com.mx\/"},{"@type":"ListItem","position":2,"name":"Investiga FGE agresi\u00f3n armada en Guaymas que dej\u00f3 dos personas sin vida"}]},{"@type":"WebSite","@id":"https:\/\/www.sonoraenequipo.com.mx\/#website","url":"https:\/\/www.sonoraenequipo.com.mx\/","name":"Sonora en Equipo.","description":"Diario en l\u00ednea con Noticias desde Hermosillo, Sonora","publisher":{"@id":"https:\/\/www.sonoraenequipo.com.mx\/#organization"},"potentialAction":[{"@type":"SearchAction","target":{"@type":"EntryPoint","urlTemplate":"https:\/\/www.sonoraenequipo.com.mx\/?s={search_term_string}"},"query-input":{"@type":"PropertyValueSpecification","valueRequired":true,"valueName":"search_term_string"}}],"inLanguage":"es"},{"@type":"Organization","@id":"https:\/\/www.sonoraenequipo.com.mx\/#organization","name":"Sonoraenequipo.com.mx","url":"https:\/\/www.sonoraenequipo.com.mx\/","logo":{"@type":"ImageObject","inLanguage":"es","@id":"https:\/\/www.sonoraenequipo.com.mx\/#\/schema\/logo\/image\/","url":"https:\/\/www.sonoraenequipo.com.mx\/storage\/2019\/01\/sonoraenequipo_opt.png","contentUrl":"https:\/\/www.sonoraenequipo.com.mx\/storage\/2019\/01\/sonoraenequipo_opt.png","width":375,"height":125,"caption":"Sonoraenequipo.com.mx"},"image":{"@id":"https:\/\/www.sonoraenequipo.com.mx\/#\/schema\/logo\/image\/"},"sameAs":["https:\/\/www.facebook.com\/SonoraEE\/","https:\/\/x.com\/sonoraenequipo","https:\/\/www.youtube.com\/channel\/UC338nW-lPEYmJQs4ZABQ1SQ"]},{"@type":"Person","@id":"https:\/\/www.sonoraenequipo.com.mx\/#\/schema\/person\/50102df0fb23a8fa9e8effad8fa81386","name":"enequipo","image":{"@type":"ImageObject","inLanguage":"es","@id":"https:\/\/www.sonoraenequipo.com.mx\/#\/schema\/person\/image\/","url":"https:\/\/secure.gravatar.com\/avatar\/049821681b589dabc0bc20695993ccebb09f5b5d4d790cd9251b97faac7c652b?s=96&d=blank&r=g","contentUrl":"https:\/\/secure.gravatar.com\/avatar\/049821681b589dabc0bc20695993ccebb09f5b5d4d790cd9251b97faac7c652b?s=96&d=blank&r=g","caption":"enequipo"},"sameAs":["https:\/\/www.facebook.com\/SonoraEE"]}]}},"jetpack_featured_media_url":"https:\/\/www.sonoraenequipo.com.mx\/storage\/2021\/08\/arma-de-fuego_opt.jpg","_links":{"self":[{"href":"https:\/\/www.sonoraenequipo.com.mx\/api\/wp\/v2\/posts\/131421","targetHints":{"allow":["GET"]}}],"collection":[{"href":"https:\/\/www.sonoraenequipo.com.mx\/api\/wp\/v2\/posts"}],"about":[{"href":"https:\/\/www.sonoraenequipo.com.mx\/api\/wp\/v2\/types\/post"}],"author":[{"embeddable":true,"href":"https:\/\/www.sonoraenequipo.com.mx\/api\/wp\/v2\/users\/1"}],"replies":[{"embeddable":true,"href":"https:\/\/www.sonoraenequipo.com.mx\/api\/wp\/v2\/comments?post=131421"}],"version-history":[{"count":1,"href":"https:\/\/www.sonoraenequipo.com.mx\/api\/wp\/v2\/posts\/131421\/revisions"}],"predecessor-version":[{"id":131422,"href":"https:\/\/www.sonoraenequipo.com.mx\/api\/wp\/v2\/posts\/131421\/revisions\/131422"}],"wp:featuredmedia":[{"embeddable":true,"href":"https:\/\/www.sonoraenequipo.com.mx\/api\/wp\/v2\/media\/120888"}],"wp:attachment":[{"href":"https:\/\/www.sonoraenequipo.com.mx\/api\/wp\/v2\/media?parent=131421"}],"wp:term":[{"taxonomy":"category","embeddable":true,"href":"https:\/\/www.sonoraenequipo.com.mx\/api\/wp\/v2\/categories?post=131421"},{"taxonomy":"post_tag","embeddable":true,"href":"https:\/\/www.sonoraenequipo.com.mx\/api\/wp\/v2\/tags?post=131421"}],"curies":[{"name":"wp","href":"https:\/\/api.w.org\/{rel}","templated":true}]}}