{"id":131443,"date":"2022-01-17T09:00:29","date_gmt":"2022-01-17T16:00:29","guid":{"rendered":"https:\/\/www.sonoraenequipo.com.mx\/?p=131443"},"modified":"2022-01-17T11:38:41","modified_gmt":"2022-01-17T18:38:41","slug":"miguel-barbosa-gobernador-de-puebla-da-positivo-a-covid-19","status":"publish","type":"post","link":"https:\/\/www.sonoraenequipo.com.mx\/miguel-barbosa-gobernador-de-puebla-da-positivo-a-covid-19\/","title":{"rendered":"Miguel Barbosa, gobernador de Puebla, da positivo a Covid-19"},"content":{"rendered":"<p>PUEBLA, PUEBLA. MX. \u2014 El gobernador de Puebla, Miguel Barbosa Huerta, inform\u00f3 esta ma\u00f1ana que tras realizarse una prueba de Covid-19 dio un resultado positivo, por lo que asever\u00f3 se mantiene estable y bajo confinamiento desde donde atender\u00e1 los asuntos de gobierno de la entidad.<\/p>\n<p>&nbsp;<\/p>\n<p> <\/p>\n<p>Indic\u00f3 que es importante que la poblaci\u00f3n mantenga las medidas sanitarias ante el aumento de los contagios de la enfermedad, adem\u00e1s de que se realicen la prueba correspondiente y puedan tener una atenci\u00f3n m\u00e9dica adecuada.<\/p>\n<p>&nbsp;<\/p>\n<p>Coment\u00f3 que debido a la importancia de su cargo se mantendr\u00e1 a trav\u00e9s de conexiones a distancia con su equipo de trabajo a fin de que se d\u00e9 seguimiento a las actividades propias de gobierno y con ello garantizar el curso de las actividades estatales.<\/p>\n<p>&nbsp;<\/p>\n<p>Confirm\u00f3 que cuenta con el esquema de vacunaci\u00f3n completo adem\u00e1s de que ha recibido el tratamiento de parte del secretario de Salud, Jos\u00e9 Antonio Mart\u00ednez Garc\u00eda quien le ha dado las recomendaciones a seguir para atenderse de manera adecuadas.<\/p>\n<p>&nbsp;<\/p>\n<p>Se\u00f1al\u00f3 que a pesar de diversas opiniones sobre su estado de salud, su organismo ha respondido de manera favorable al tratamiento m\u00e9dico, aunque se mantendr\u00e1 en confinamiento para cuidarse al m\u00e1ximo, puesto que sus niveles de oxigenaci\u00f3n est\u00e1n en 95, pero no bajar\u00e1 la guardia.<\/p>\n<p>&nbsp;<\/p>\n<p>Indic\u00f3 que desde que comenz\u00f3 la pandemia y debido a sus actividades como gobernador del estado sab\u00eda que ten\u00eda la posibilidad de contagiarse puesto que a\u00fan con las medidas que ha tomado como mantener la sana distancia y el uso de cubrebocas, tiene contacto con muchas personas y la variante Omicron es mucho m\u00e1s contagiosa que las anteriores.<\/p>\n<p>&nbsp;<\/p>\n<p>(Publicada el 17\/01\/2022)<\/p>\n","protected":false},"excerpt":{"rendered":"<p>PUEBLA, PUEBLA. MX. \u2014 El gobernador de Puebla, Miguel Barbosa Huerta, inform\u00f3 esta ma\u00f1ana que&#8230;<\/p>\n","protected":false},"author":1,"featured_media":131435,"comment_status":"open","ping_status":"open","sticky":false,"template":"","format":"standard","meta":{"_monsterinsights_skip_tracking":false,"_monsterinsights_sitenote_active":false,"_monsterinsights_sitenote_note":"","_monsterinsights_sitenote_category":0,"footnotes":""},"categories":[5],"tags":[],"class_list":["post"],"yoast_head":" \n<title>Sonora en Equipo. Miguel Barbosa, gobernador de Puebla, da positivo a Covid-19 Rep\u00fablica<\/title>\n<meta name=\"description\" content=\"PUEBLA, PUEBLA. MX. \u2014 El gobernador de Puebla, Miguel Barbosa Huerta, inform\u00f3 esta ma\u00f1ana que tras realizarse una prueba de Covid-19 dio un resultado En Sonora en Equipo publicamos toda la informaci\u00f3n de Sonora, M\u00e9xico y el Mundo de manera oportuna y busca que la libertad de expresi\u00f3n sea real. Visita nuestro medio informativo publicado desde Hermosillo, Sonora. %\" \/>\n<meta name=\"robots\" content=\"index, follow, max-snippet:-1, max-image-preview:large, max-video-preview:-1\" \/>\n<link rel=\"canonical\" href=\"https:\/\/www.sonoraenequipo.com.mx\/miguel-barbosa-gobernador-de-puebla-da-positivo-a-covid-19\/\" \/>\n<meta property=\"og:locale\" content=\"es_ES\" \/>\n<meta property=\"og:type\" content=\"article\" \/>\n<meta property=\"og:title\" content=\"Sonora en Equipo. Miguel Barbosa, gobernador de Puebla, da positivo a Covid-19 Rep\u00fablica\" \/>\n<meta property=\"og:description\" content=\"PUEBLA, PUEBLA. MX. \u2014 El gobernador de Puebla, Miguel Barbosa Huerta, inform\u00f3 esta ma\u00f1ana que tras realizarse una prueba de Covid-19 dio un resultado En Sonora en Equipo publicamos toda la informaci\u00f3n de Sonora, M\u00e9xico y el Mundo de manera oportuna y busca que la libertad de expresi\u00f3n sea real. Visita nuestro medio informativo publicado desde Hermosillo, Sonora. %\" \/>\n<meta property=\"og:url\" content=\"https:\/\/www.sonoraenequipo.com.mx\/miguel-barbosa-gobernador-de-puebla-da-positivo-a-covid-19\/\" \/>\n<meta property=\"og:site_name\" content=\"Sonora en Equipo.\" \/>\n<meta property=\"article:publisher\" content=\"https:\/\/www.facebook.com\/SonoraEE\/\" \/>\n<meta property=\"article:author\" content=\"https:\/\/www.facebook.com\/SonoraEE\" \/>\n<meta property=\"article:published_time\" content=\"2022-01-17T16:00:29+00:00\" \/>\n<meta property=\"article:modified_time\" content=\"2022-01-17T18:38:41+00:00\" \/>\n<meta property=\"og:image\" content=\"https:\/\/www.sonoraenequipo.com.mx\/storage\/2022\/01\/Miguel-Barbosa-Gob-de-Puebla_opt.jpg\" \/>\n\t<meta property=\"og:image:width\" content=\"711\" \/>\n\t<meta property=\"og:image:height\" content=\"400\" \/>\n\t<meta property=\"og:image:type\" content=\"image\/jpeg\" \/>\n<meta name=\"author\" content=\"enequipo\" \/>\n<meta name=\"twitter:card\" content=\"summary_large_image\" \/>\n<meta name=\"twitter:creator\" content=\"@sonoraenequipo\" \/>\n<meta name=\"twitter:site\" content=\"@sonoraenequipo\" \/>\n<meta name=\"twitter:label1\" content=\"Escrito por\" \/>\n\t<meta name=\"twitter:data1\" content=\"enequipo\" \/>\n\t<meta name=\"twitter:label2\" content=\"Tiempo de lectura\" \/>\n\t<meta name=\"twitter:data2\" content=\"1 minuto\" \/>\n<script type=\"application\/ld+json\" class=\"yoast-schema-graph\">{\"@context\":\"https:\/\/schema.org\",\"@graph\":[{\"@type\":\"Article\",\"@id\":\"https:\/\/www.sonoraenequipo.com.mx\/miguel-barbosa-gobernador-de-puebla-da-positivo-a-covid-19\/#article\",\"isPartOf\":{\"@id\":\"https:\/\/www.sonoraenequipo.com.mx\/miguel-barbosa-gobernador-de-puebla-da-positivo-a-covid-19\/\"},\"author\":{\"name\":\"enequipo\",\"@id\":\"https:\/\/www.sonoraenequipo.com.mx\/#\/schema\/person\/50102df0fb23a8fa9e8effad8fa81386\"},\"headline\":\"Miguel Barbosa, gobernador de Puebla, da positivo a Covid-19\",\"datePublished\":\"2022-01-17T16:00:29+00:00\",\"dateModified\":\"2022-01-17T18:38:41+00:00\",\"mainEntityOfPage\":{\"@id\":\"https:\/\/www.sonoraenequipo.com.mx\/miguel-barbosa-gobernador-de-puebla-da-positivo-a-covid-19\/\"},\"wordCount\":301,\"commentCount\":0,\"publisher\":{\"@id\":\"https:\/\/www.sonoraenequipo.com.mx\/#organization\"},\"image\":{\"@id\":\"https:\/\/www.sonoraenequipo.com.mx\/miguel-barbosa-gobernador-de-puebla-da-positivo-a-covid-19\/#primaryimage\"},\"thumbnailUrl\":\"https:\/\/www.sonoraenequipo.com.mx\/storage\/2022\/01\/Miguel-Barbosa-Gob-de-Puebla_opt.jpg\",\"articleSection\":[\"Rep\u00fablica\"],\"inLanguage\":\"es\",\"potentialAction\":[{\"@type\":\"CommentAction\",\"name\":\"Comment\",\"target\":[\"https:\/\/www.sonoraenequipo.com.mx\/miguel-barbosa-gobernador-de-puebla-da-positivo-a-covid-19\/#respond\"]}]},{\"@type\":\"WebPage\",\"@id\":\"https:\/\/www.sonoraenequipo.com.mx\/miguel-barbosa-gobernador-de-puebla-da-positivo-a-covid-19\/\",\"url\":\"https:\/\/www.sonoraenequipo.com.mx\/miguel-barbosa-gobernador-de-puebla-da-positivo-a-covid-19\/\",\"name\":\"Sonora en Equipo. Miguel Barbosa, gobernador de Puebla, da positivo a Covid-19 Rep\u00fablica\",\"isPartOf\":{\"@id\":\"https:\/\/www.sonoraenequipo.com.mx\/#website\"},\"primaryImageOfPage\":{\"@id\":\"https:\/\/www.sonoraenequipo.com.mx\/miguel-barbosa-gobernador-de-puebla-da-positivo-a-covid-19\/#primaryimage\"},\"image\":{\"@id\":\"https:\/\/www.sonoraenequipo.com.mx\/miguel-barbosa-gobernador-de-puebla-da-positivo-a-covid-19\/#primaryimage\"},\"thumbnailUrl\":\"https:\/\/www.sonoraenequipo.com.mx\/storage\/2022\/01\/Miguel-Barbosa-Gob-de-Puebla_opt.jpg\",\"datePublished\":\"2022-01-17T16:00:29+00:00\",\"dateModified\":\"2022-01-17T18:38:41+00:00\",\"description\":\"PUEBLA, PUEBLA. MX. \u2014 El gobernador de Puebla, Miguel Barbosa Huerta, inform\u00f3 esta ma\u00f1ana que tras realizarse una prueba de Covid-19 dio un resultado En Sonora en Equipo publicamos toda la informaci\u00f3n de Sonora, M\u00e9xico y el Mundo de manera oportuna y busca que la libertad de expresi\u00f3n sea real. Visita nuestro medio informativo publicado desde Hermosillo, Sonora. %\",\"breadcrumb\":{\"@id\":\"https:\/\/www.sonoraenequipo.com.mx\/miguel-barbosa-gobernador-de-puebla-da-positivo-a-covid-19\/#breadcrumb\"},\"inLanguage\":\"es\",\"potentialAction\":[{\"@type\":\"ReadAction\",\"target\":[\"https:\/\/www.sonoraenequipo.com.mx\/miguel-barbosa-gobernador-de-puebla-da-positivo-a-covid-19\/\"]}]},{\"@type\":\"ImageObject\",\"inLanguage\":\"es\",\"@id\":\"https:\/\/www.sonoraenequipo.com.mx\/miguel-barbosa-gobernador-de-puebla-da-positivo-a-covid-19\/#primaryimage\",\"url\":\"https:\/\/www.sonoraenequipo.com.mx\/storage\/2022\/01\/Miguel-Barbosa-Gob-de-Puebla_opt.jpg\",\"contentUrl\":\"https:\/\/www.sonoraenequipo.com.mx\/storage\/2022\/01\/Miguel-Barbosa-Gob-de-Puebla_opt.jpg\",\"width\":711,\"height\":400},{\"@type\":\"BreadcrumbList\",\"@id\":\"https:\/\/www.sonoraenequipo.com.mx\/miguel-barbosa-gobernador-de-puebla-da-positivo-a-covid-19\/#breadcrumb\",\"itemListElement\":[{\"@type\":\"ListItem\",\"position\":1,\"name\":\"Portada\",\"item\":\"https:\/\/www.sonoraenequipo.com.mx\/\"},{\"@type\":\"ListItem\",\"position\":2,\"name\":\"Miguel Barbosa, gobernador de Puebla, da positivo a Covid-19\"}]},{\"@type\":\"WebSite\",\"@id\":\"https:\/\/www.sonoraenequipo.com.mx\/#website\",\"url\":\"https:\/\/www.sonoraenequipo.com.mx\/\",\"name\":\"Sonora en Equipo.\",\"description\":\"Diario en l\u00ednea con Noticias desde Hermosillo, Sonora\",\"publisher\":{\"@id\":\"https:\/\/www.sonoraenequipo.com.mx\/#organization\"},\"potentialAction\":[{\"@type\":\"SearchAction\",\"target\":{\"@type\":\"EntryPoint\",\"urlTemplate\":\"https:\/\/www.sonoraenequipo.com.mx\/?s={search_term_string}\"},\"query-input\":{\"@type\":\"PropertyValueSpecification\",\"valueRequired\":true,\"valueName\":\"search_term_string\"}}],\"inLanguage\":\"es\"},{\"@type\":\"Organization\",\"@id\":\"https:\/\/www.sonoraenequipo.com.mx\/#organization\",\"name\":\"Sonoraenequipo.com.mx\",\"url\":\"https:\/\/www.sonoraenequipo.com.mx\/\",\"logo\":{\"@type\":\"ImageObject\",\"inLanguage\":\"es\",\"@id\":\"https:\/\/www.sonoraenequipo.com.mx\/#\/schema\/logo\/image\/\",\"url\":\"https:\/\/www.sonoraenequipo.com.mx\/storage\/2019\/01\/sonoraenequipo_opt.png\",\"contentUrl\":\"https:\/\/www.sonoraenequipo.com.mx\/storage\/2019\/01\/sonoraenequipo_opt.png\",\"width\":375,\"height\":125,\"caption\":\"Sonoraenequipo.com.mx\"},\"image\":{\"@id\":\"https:\/\/www.sonoraenequipo.com.mx\/#\/schema\/logo\/image\/\"},\"sameAs\":[\"https:\/\/www.facebook.com\/SonoraEE\/\",\"https:\/\/x.com\/sonoraenequipo\",\"https:\/\/www.youtube.com\/channel\/UC338nW-lPEYmJQs4ZABQ1SQ\"]},{\"@type\":\"Person\",\"@id\":\"https:\/\/www.sonoraenequipo.com.mx\/#\/schema\/person\/50102df0fb23a8fa9e8effad8fa81386\",\"name\":\"enequipo\",\"image\":{\"@type\":\"ImageObject\",\"inLanguage\":\"es\",\"@id\":\"https:\/\/www.sonoraenequipo.com.mx\/#\/schema\/person\/image\/\",\"url\":\"https:\/\/secure.gravatar.com\/avatar\/049821681b589dabc0bc20695993ccebb09f5b5d4d790cd9251b97faac7c652b?s=96&d=blank&r=g\",\"contentUrl\":\"https:\/\/secure.gravatar.com\/avatar\/049821681b589dabc0bc20695993ccebb09f5b5d4d790cd9251b97faac7c652b?s=96&d=blank&r=g\",\"caption\":\"enequipo\"},\"sameAs\":[\"https:\/\/www.facebook.com\/SonoraEE\"]}]}<\/script>\n ","yoast_head_json":{"title":"Sonora en Equipo. Miguel Barbosa, gobernador de Puebla, da positivo a Covid-19 Rep\u00fablica","description":"PUEBLA, PUEBLA. MX. \u2014 El gobernador de Puebla, Miguel Barbosa Huerta, inform\u00f3 esta ma\u00f1ana que tras realizarse una prueba de Covid-19 dio un resultado En Sonora en Equipo publicamos toda la informaci\u00f3n de Sonora, M\u00e9xico y el Mundo de manera oportuna y busca que la libertad de expresi\u00f3n sea real. Visita nuestro medio informativo publicado desde Hermosillo, Sonora. %","robots":{"index":"index","follow":"follow","max-snippet":"max-snippet:-1","max-image-preview":"max-image-preview:large","max-video-preview":"max-video-preview:-1"},"canonical":"https:\/\/www.sonoraenequipo.com.mx\/miguel-barbosa-gobernador-de-puebla-da-positivo-a-covid-19\/","og_locale":"es_ES","og_type":"article","og_title":"Sonora en Equipo. Miguel Barbosa, gobernador de Puebla, da positivo a Covid-19 Rep\u00fablica","og_description":"PUEBLA, PUEBLA. MX. \u2014 El gobernador de Puebla, Miguel Barbosa Huerta, inform\u00f3 esta ma\u00f1ana que tras realizarse una prueba de Covid-19 dio un resultado En Sonora en Equipo publicamos toda la informaci\u00f3n de Sonora, M\u00e9xico y el Mundo de manera oportuna y busca que la libertad de expresi\u00f3n sea real. Visita nuestro medio informativo publicado desde Hermosillo, Sonora. %","og_url":"https:\/\/www.sonoraenequipo.com.mx\/miguel-barbosa-gobernador-de-puebla-da-positivo-a-covid-19\/","og_site_name":"Sonora en Equipo.","article_publisher":"https:\/\/www.facebook.com\/SonoraEE\/","article_author":"https:\/\/www.facebook.com\/SonoraEE","article_published_time":"2022-01-17T16:00:29+00:00","article_modified_time":"2022-01-17T18:38:41+00:00","og_image":[{"width":711,"height":400,"url":"https:\/\/www.sonoraenequipo.com.mx\/storage\/2022\/01\/Miguel-Barbosa-Gob-de-Puebla_opt.jpg","type":"image\/jpeg"}],"author":"enequipo","twitter_card":"summary_large_image","twitter_creator":"@sonoraenequipo","twitter_site":"@sonoraenequipo","twitter_misc":{"Escrito por":"enequipo","Tiempo de lectura":"1 minuto"},"schema":{"@context":"https:\/\/schema.org","@graph":[{"@type":"Article","@id":"https:\/\/www.sonoraenequipo.com.mx\/miguel-barbosa-gobernador-de-puebla-da-positivo-a-covid-19\/#article","isPartOf":{"@id":"https:\/\/www.sonoraenequipo.com.mx\/miguel-barbosa-gobernador-de-puebla-da-positivo-a-covid-19\/"},"author":{"name":"enequipo","@id":"https:\/\/www.sonoraenequipo.com.mx\/#\/schema\/person\/50102df0fb23a8fa9e8effad8fa81386"},"headline":"Miguel Barbosa, gobernador de Puebla, da positivo a Covid-19","datePublished":"2022-01-17T16:00:29+00:00","dateModified":"2022-01-17T18:38:41+00:00","mainEntityOfPage":{"@id":"https:\/\/www.sonoraenequipo.com.mx\/miguel-barbosa-gobernador-de-puebla-da-positivo-a-covid-19\/"},"wordCount":301,"commentCount":0,"publisher":{"@id":"https:\/\/www.sonoraenequipo.com.mx\/#organization"},"image":{"@id":"https:\/\/www.sonoraenequipo.com.mx\/miguel-barbosa-gobernador-de-puebla-da-positivo-a-covid-19\/#primaryimage"},"thumbnailUrl":"https:\/\/www.sonoraenequipo.com.mx\/storage\/2022\/01\/Miguel-Barbosa-Gob-de-Puebla_opt.jpg","articleSection":["Rep\u00fablica"],"inLanguage":"es","potentialAction":[{"@type":"CommentAction","name":"Comment","target":["https:\/\/www.sonoraenequipo.com.mx\/miguel-barbosa-gobernador-de-puebla-da-positivo-a-covid-19\/#respond"]}]},{"@type":"WebPage","@id":"https:\/\/www.sonoraenequipo.com.mx\/miguel-barbosa-gobernador-de-puebla-da-positivo-a-covid-19\/","url":"https:\/\/www.sonoraenequipo.com.mx\/miguel-barbosa-gobernador-de-puebla-da-positivo-a-covid-19\/","name":"Sonora en Equipo. Miguel Barbosa, gobernador de Puebla, da positivo a Covid-19 Rep\u00fablica","isPartOf":{"@id":"https:\/\/www.sonoraenequipo.com.mx\/#website"},"primaryImageOfPage":{"@id":"https:\/\/www.sonoraenequipo.com.mx\/miguel-barbosa-gobernador-de-puebla-da-positivo-a-covid-19\/#primaryimage"},"image":{"@id":"https:\/\/www.sonoraenequipo.com.mx\/miguel-barbosa-gobernador-de-puebla-da-positivo-a-covid-19\/#primaryimage"},"thumbnailUrl":"https:\/\/www.sonoraenequipo.com.mx\/storage\/2022\/01\/Miguel-Barbosa-Gob-de-Puebla_opt.jpg","datePublished":"2022-01-17T16:00:29+00:00","dateModified":"2022-01-17T18:38:41+00:00","description":"PUEBLA, PUEBLA. MX. \u2014 El gobernador de Puebla, Miguel Barbosa Huerta, inform\u00f3 esta ma\u00f1ana que tras realizarse una prueba de Covid-19 dio un resultado En Sonora en Equipo publicamos toda la informaci\u00f3n de Sonora, M\u00e9xico y el Mundo de manera oportuna y busca que la libertad de expresi\u00f3n sea real. Visita nuestro medio informativo publicado desde Hermosillo, Sonora. %","breadcrumb":{"@id":"https:\/\/www.sonoraenequipo.com.mx\/miguel-barbosa-gobernador-de-puebla-da-positivo-a-covid-19\/#breadcrumb"},"inLanguage":"es","potentialAction":[{"@type":"ReadAction","target":["https:\/\/www.sonoraenequipo.com.mx\/miguel-barbosa-gobernador-de-puebla-da-positivo-a-covid-19\/"]}]},{"@type":"ImageObject","inLanguage":"es","@id":"https:\/\/www.sonoraenequipo.com.mx\/miguel-barbosa-gobernador-de-puebla-da-positivo-a-covid-19\/#primaryimage","url":"https:\/\/www.sonoraenequipo.com.mx\/storage\/2022\/01\/Miguel-Barbosa-Gob-de-Puebla_opt.jpg","contentUrl":"https:\/\/www.sonoraenequipo.com.mx\/storage\/2022\/01\/Miguel-Barbosa-Gob-de-Puebla_opt.jpg","width":711,"height":400},{"@type":"BreadcrumbList","@id":"https:\/\/www.sonoraenequipo.com.mx\/miguel-barbosa-gobernador-de-puebla-da-positivo-a-covid-19\/#breadcrumb","itemListElement":[{"@type":"ListItem","position":1,"name":"Portada","item":"https:\/\/www.sonoraenequipo.com.mx\/"},{"@type":"ListItem","position":2,"name":"Miguel Barbosa, gobernador de Puebla, da positivo a Covid-19"}]},{"@type":"WebSite","@id":"https:\/\/www.sonoraenequipo.com.mx\/#website","url":"https:\/\/www.sonoraenequipo.com.mx\/","name":"Sonora en Equipo.","description":"Diario en l\u00ednea con Noticias desde Hermosillo, Sonora","publisher":{"@id":"https:\/\/www.sonoraenequipo.com.mx\/#organization"},"potentialAction":[{"@type":"SearchAction","target":{"@type":"EntryPoint","urlTemplate":"https:\/\/www.sonoraenequipo.com.mx\/?s={search_term_string}"},"query-input":{"@type":"PropertyValueSpecification","valueRequired":true,"valueName":"search_term_string"}}],"inLanguage":"es"},{"@type":"Organization","@id":"https:\/\/www.sonoraenequipo.com.mx\/#organization","name":"Sonoraenequipo.com.mx","url":"https:\/\/www.sonoraenequipo.com.mx\/","logo":{"@type":"ImageObject","inLanguage":"es","@id":"https:\/\/www.sonoraenequipo.com.mx\/#\/schema\/logo\/image\/","url":"https:\/\/www.sonoraenequipo.com.mx\/storage\/2019\/01\/sonoraenequipo_opt.png","contentUrl":"https:\/\/www.sonoraenequipo.com.mx\/storage\/2019\/01\/sonoraenequipo_opt.png","width":375,"height":125,"caption":"Sonoraenequipo.com.mx"},"image":{"@id":"https:\/\/www.sonoraenequipo.com.mx\/#\/schema\/logo\/image\/"},"sameAs":["https:\/\/www.facebook.com\/SonoraEE\/","https:\/\/x.com\/sonoraenequipo","https:\/\/www.youtube.com\/channel\/UC338nW-lPEYmJQs4ZABQ1SQ"]},{"@type":"Person","@id":"https:\/\/www.sonoraenequipo.com.mx\/#\/schema\/person\/50102df0fb23a8fa9e8effad8fa81386","name":"enequipo","image":{"@type":"ImageObject","inLanguage":"es","@id":"https:\/\/www.sonoraenequipo.com.mx\/#\/schema\/person\/image\/","url":"https:\/\/secure.gravatar.com\/avatar\/049821681b589dabc0bc20695993ccebb09f5b5d4d790cd9251b97faac7c652b?s=96&d=blank&r=g","contentUrl":"https:\/\/secure.gravatar.com\/avatar\/049821681b589dabc0bc20695993ccebb09f5b5d4d790cd9251b97faac7c652b?s=96&d=blank&r=g","caption":"enequipo"},"sameAs":["https:\/\/www.facebook.com\/SonoraEE"]}]}},"jetpack_featured_media_url":"https:\/\/www.sonoraenequipo.com.mx\/storage\/2022\/01\/Miguel-Barbosa-Gob-de-Puebla_opt.jpg","_links":{"self":[{"href":"https:\/\/www.sonoraenequipo.com.mx\/api\/wp\/v2\/posts\/131443","targetHints":{"allow":["GET"]}}],"collection":[{"href":"https:\/\/www.sonoraenequipo.com.mx\/api\/wp\/v2\/posts"}],"about":[{"href":"https:\/\/www.sonoraenequipo.com.mx\/api\/wp\/v2\/types\/post"}],"author":[{"embeddable":true,"href":"https:\/\/www.sonoraenequipo.com.mx\/api\/wp\/v2\/users\/1"}],"replies":[{"embeddable":true,"href":"https:\/\/www.sonoraenequipo.com.mx\/api\/wp\/v2\/comments?post=131443"}],"version-history":[{"count":1,"href":"https:\/\/www.sonoraenequipo.com.mx\/api\/wp\/v2\/posts\/131443\/revisions"}],"predecessor-version":[{"id":131444,"href":"https:\/\/www.sonoraenequipo.com.mx\/api\/wp\/v2\/posts\/131443\/revisions\/131444"}],"wp:featuredmedia":[{"embeddable":true,"href":"https:\/\/www.sonoraenequipo.com.mx\/api\/wp\/v2\/media\/131435"}],"wp:attachment":[{"href":"https:\/\/www.sonoraenequipo.com.mx\/api\/wp\/v2\/media?parent=131443"}],"wp:term":[{"taxonomy":"category","embeddable":true,"href":"https:\/\/www.sonoraenequipo.com.mx\/api\/wp\/v2\/categories?post=131443"},{"taxonomy":"post_tag","embeddable":true,"href":"https:\/\/www.sonoraenequipo.com.mx\/api\/wp\/v2\/tags?post=131443"}],"curies":[{"name":"wp","href":"https:\/\/api.w.org\/{rel}","templated":true}]}}